{"id":5505,"date":"2026-03-31T23:38:30","date_gmt":"2026-04-01T02:38:30","guid":{"rendered":"https:\/\/web.consaguirre.com.ar\/noticias\/kali-uchis-anuncia-gira-for-the-girls\/"},"modified":"2026-03-31T23:38:31","modified_gmt":"2026-04-01T02:38:31","slug":"kali-uchis-anuncia-gira-for-the-girls","status":"publish","type":"post","link":"https:\/\/web.consaguirre.com.ar\/noticias\/kali-uchis-anuncia-gira-for-the-girls\/","title":{"rendered":"Kali Uchis anuncia gira &#8216;For The Girls&#8217;"},"content":{"rendered":"<p>Kali Uchis tiene planes de salir de gira esta primavera y verano, y este ser\u00e1 para mujeres. En la gira \u201cFor The Girls\u201d, Uchis estar\u00e1 acompa\u00f1ada por la invitada especial Mariah The Scientist, \u00a1con la abridora Laila! unirse para fechas seleccionadas.<\/p>\n<div align=\"center\">\n<div class=\"udiscover-store-container\">\n<div id='udiscover-store-three-product'><\/div>\n<\/div>\n<p>\/*<!(CDATA(*\/(function (){var scriptURL='https:\/\/sdks.shopifycdn.com\/buy-button\/latest\/buy-button-storefront.min.js';if(window.ShopifyBuy){if(window.ShopifyBuy.UI){ShopifyBuyInit();}else{loadScript();}}else{loadScript();}funci\u00f3n loadScript(){var script=document.createElement('script');script.async=true;script.src=scriptURL;(document.getElementsByTagName('head')(0)|| document.getElementsByTagName('body')(0)).appendChild(script);script.onload=ShopifyBuyInit;} function ShopifyBuyInit(){var cliente=ShopifyBuy.buildClient({dominio:'udiscover.myshopify.com',storefrontAccessToken: 'bdc89f347d2ce61c1feeb9f8c60b2b98',}); ShopifyBuy.UI.onReady(cliente).luego(funci\u00f3n(ui){ ui.createComponent('productSet',{ id:(7689029222477,7453978394701,7453982818381), nodo:document.getElementById('udiscover-store-tres-producto'), moneyFormat:'%24%7B%7Bamount%7D%7D', opciones:{&quot;producto&quot;:{&quot;marco flotante&quot;:FALSO,&quot;bot\u00f3nDestino&quot;:&quot;modal&quot;,&quot;contenido&quot;:{&quot;opciones&quot;:verdadero},&quot;texto&quot;:{&quot;bot\u00f3n&quot;:&quot;PEDIR AHORA&quot;,&quot;Agotado&quot;:&quot;Lo sentimos, esto est\u00e1 agotado.&quot;}},&quot;conjunto de productos&quot;:{&quot;marco flotante&quot;:FALSO},&quot;modalProducto&quot;:{&quot;marco flotante&quot;:FALSO,&quot;contenido&quot;:{&quot;imagen&quot;:FALSO,&quot;imgConCarrusel&quot;:verdadero,&quot;bot\u00f3n&quot;:FALSO,&quot;bot\u00f3nConCantidad&quot;:verdadero}},&quot;modal&quot;:{&quot;marco flotante&quot;:FALSO},&quot;opci\u00f3n&quot;:{&quot;marco flotante&quot;:FALSO},&quot;carro&quot;:{&quot;marco flotante&quot;:FALSO},&quot;palanca&quot;:{&quot;marco flotante&quot;:FALSO,&quot;contenido&quot;:{&quot;icono&quot;:FALSO}},&quot;art\u00edculo de l\u00ednea&quot;:{&quot;marco flotante&quot;:FALSO}}, }); }); } })(); \/*))>*\/ <\/div>\n<\/p>\n<p>La gira \u201cFor The Girls\u201d comienza el 26 de mayo en el ic\u00f3nico Anfiteatro Red Rocks en Morrison, Colorado, comenzando un tramo de 10 espect\u00e1culos que tambi\u00e9n se detendr\u00e1 en mercados como Houston y Atlanta antes de concluir el 19 de junio en Austin. \u00a1Laila! Estar\u00e1 a bordo para todos esos conciertos. \u00a1Otra secuencia de tres shows sin Laila! seguir\u00e1 en agosto en Salt Lake City, Phoenix y Las Vegas.<\/p>\n<p>Las entradas para todos los espect\u00e1culos estar\u00e1n disponibles primero en preventa a partir del martes 31 de marzo a las 10 a.m. hora local. Seguir\u00e1n preventas adicionales, antes de la venta general que comenzar\u00e1 el jueves 2 de abril a las 10 am hora local a trav\u00e9s de LiveNation.com. Varias opciones VIP tambi\u00e9n estar\u00e1n disponibles en vipnation.com.<\/p>\n<div class=\"uD-YT-container\"><img decoding=\"async\" src=\"https:\/\/web.consaguirre.com.ar\/noticias\/wp-content\/uploads\/2025\/05\/1747258723_171_Kali-Uchis-anuncia-una-gira-de-arena-en-apoyo-del.jpg\" alt=\"V\u00eddeo de YouTube\"><br \/>Haga clic para cargar v\u00eddeo<\/div>\n<p>El \u00faltimo trabajo completo de Uchis es su \u00e1lbum de 2025. <em>Atentamente<\/em> y su edici\u00f3n de lujo, <em>Sinceramente: PD<\/em>que inclu\u00eda \u201cPretty Promises\u201d, una colaboraci\u00f3n con su compa\u00f1era de gira Mariah The Scientist. El \u00e1lbum estuvo dedicado a la madre de Uchis, quien falleci\u00f3 de c\u00e1ncer de pulm\u00f3n el a\u00f1o pasado. Su voz aparece en el sencillo principal &#8220;Sunshine &#038; Rain&#8230;&#8221; Elogiando el \u00e1lbum en <em>NME<\/em>Nick Levine escribi\u00f3: &#8220;Aqu\u00ed, su m\u00fasica brilla con confianza incluso cuando sus letras insin\u00faan inseguridades profundamente arraigadas. El mundo es un lugar particularmente brutal en este momento, pero este \u00e1lbum proporciona un b\u00e1lsamo oportuno pero que suena atemporal&#8221;.<\/p>\n<p><em>Atentamente<\/em> fue el \u00e1lbum con las listas m\u00e1s altas de la carrera de Uchis hasta la fecha, igualando su pico anterior del No. 2 en el Billboard 200. Continu\u00f3 la racha de \u00e9xitos de la colombiano-estadounidense desde que incorpor\u00f3 m\u00e1s m\u00fasica en espa\u00f1ol a su cat\u00e1logo \u00fanico en su tipo. En febrero, form\u00f3 equipo con Easykid en el nuevo sencillo \u201cY si peleamos\u201d.<\/p>\n<p><b>Compre ahora la m\u00fasica de Kali Uchis en vinilo o CD.<\/b><\/p>\n","protected":false},"excerpt":{"rendered":"<p>Kali Uchis tiene planes de salir de gira esta primavera y verano, y este ser\u00e1 para mujeres. En la gira \u201cFor The Girls\u201d, Uchis estar\u00e1<\/p>\n","protected":false},"author":1,"featured_media":4707,"comment_status":"closed","ping_status":"","sticky":false,"template":"","format":"standard","meta":{"footnotes":""},"categories":[50],"tags":[56,492,569,2229,2230],"class_list":["post-5505","post","type-post","status-publish","format-standard","has-post-thumbnail","hentry","category-el-ultimo","tag-anuncia","tag-gira","tag-girls","tag-kali","tag-uchis","generate-columns","tablet-grid-50","mobile-grid-100","grid-parent","grid-50"],"yoast_head":"<!-- This site is optimized with the Yoast SEO plugin v23.3 - https:\/\/yoast.com\/wordpress\/plugins\/seo\/ -->\n<title>Kali Uchis anuncia gira &#039;For The Girls&#039;<\/title>\n<meta name=\"robots\" content=\"index, follow, max-snippet:-1, max-image-preview:large, max-video-preview:-1\" \/>\n<link rel=\"canonical\" href=\"https:\/\/web.consaguirre.com.ar\/noticias\/kali-uchis-anuncia-gira-for-the-girls\/\" \/>\n<meta property=\"og:locale\" content=\"es_ES\" \/>\n<meta property=\"og:type\" content=\"article\" \/>\n<meta property=\"og:title\" content=\"Kali Uchis anuncia gira &#039;For The Girls&#039;\" \/>\n<meta property=\"og:description\" content=\"Kali Uchis tiene planes de salir de gira esta primavera y verano, y este ser\u00e1 para mujeres. En la gira \u201cFor The Girls\u201d, Uchis estar\u00e1\" \/>\n<meta property=\"og:url\" content=\"https:\/\/web.consaguirre.com.ar\/noticias\/kali-uchis-anuncia-gira-for-the-girls\/\" \/>\n<meta property=\"og:site_name\" content=\"Conservatorio de M\u00fasica Juli\u00e1n Aguirre\" \/>\n<meta property=\"article:published_time\" content=\"2026-04-01T02:38:30+00:00\" \/>\n<meta property=\"article:modified_time\" content=\"2026-04-01T02:38:31+00:00\" \/>\n<meta property=\"og:image\" content=\"https:\/\/web.consaguirre.com.ar\/noticias\/wp-content\/uploads\/2025\/12\/Kali-Uchis-lanza-el-sencillo-favorito-de-los-fans-Muevelo.jpg\" \/>\n\t<meta property=\"og:image:width\" content=\"820\" \/>\n\t<meta property=\"og:image:height\" content=\"820\" \/>\n\t<meta property=\"og:image:type\" content=\"image\/jpeg\" \/>\n<meta name=\"author\" content=\"Javier Figueroa\" \/>\n<meta name=\"twitter:card\" content=\"summary_large_image\" \/>\n<meta name=\"twitter:label1\" content=\"Escrito por\" \/>\n\t<meta name=\"twitter:data1\" content=\"Javier Figueroa\" \/>\n\t<meta name=\"twitter:label2\" content=\"Tiempo de lectura\" \/>\n\t<meta name=\"twitter:data2\" content=\"2 minutos\" \/>\n<script type=\"application\/ld+json\" class=\"yoast-schema-graph\">{\"@context\":\"https:\/\/schema.org\",\"@graph\":[{\"@type\":\"Article\",\"@id\":\"https:\/\/web.consaguirre.com.ar\/noticias\/kali-uchis-anuncia-gira-for-the-girls\/#article\",\"isPartOf\":{\"@id\":\"https:\/\/web.consaguirre.com.ar\/noticias\/kali-uchis-anuncia-gira-for-the-girls\/\"},\"author\":{\"name\":\"Javier Figueroa\",\"@id\":\"https:\/\/web.consaguirre.com.ar\/noticias\/#\/schema\/person\/6558b0cfedee7ddc5425602b237d5722\"},\"headline\":\"Kali Uchis anuncia gira &#8216;For The Girls&#8217;\",\"datePublished\":\"2026-04-01T02:38:30+00:00\",\"dateModified\":\"2026-04-01T02:38:31+00:00\",\"mainEntityOfPage\":{\"@id\":\"https:\/\/web.consaguirre.com.ar\/noticias\/kali-uchis-anuncia-gira-for-the-girls\/\"},\"wordCount\":375,\"publisher\":{\"@id\":\"https:\/\/web.consaguirre.com.ar\/noticias\/#organization\"},\"image\":{\"@id\":\"https:\/\/web.consaguirre.com.ar\/noticias\/kali-uchis-anuncia-gira-for-the-girls\/#primaryimage\"},\"thumbnailUrl\":\"https:\/\/web.consaguirre.com.ar\/noticias\/wp-content\/uploads\/2025\/12\/Kali-Uchis-lanza-el-sencillo-favorito-de-los-fans-Muevelo.jpg\",\"keywords\":[\"anuncia\",\"gira\",\"Girls\",\"Kali\",\"Uchis\"],\"articleSection\":[\"El \u00faltimo\"],\"inLanguage\":\"es-AR\"},{\"@type\":\"WebPage\",\"@id\":\"https:\/\/web.consaguirre.com.ar\/noticias\/kali-uchis-anuncia-gira-for-the-girls\/\",\"url\":\"https:\/\/web.consaguirre.com.ar\/noticias\/kali-uchis-anuncia-gira-for-the-girls\/\",\"name\":\"Kali Uchis anuncia gira 'For The Girls'\",\"isPartOf\":{\"@id\":\"https:\/\/web.consaguirre.com.ar\/noticias\/#website\"},\"primaryImageOfPage\":{\"@id\":\"https:\/\/web.consaguirre.com.ar\/noticias\/kali-uchis-anuncia-gira-for-the-girls\/#primaryimage\"},\"image\":{\"@id\":\"https:\/\/web.consaguirre.com.ar\/noticias\/kali-uchis-anuncia-gira-for-the-girls\/#primaryimage\"},\"thumbnailUrl\":\"https:\/\/web.consaguirre.com.ar\/noticias\/wp-content\/uploads\/2025\/12\/Kali-Uchis-lanza-el-sencillo-favorito-de-los-fans-Muevelo.jpg\",\"datePublished\":\"2026-04-01T02:38:30+00:00\",\"dateModified\":\"2026-04-01T02:38:31+00:00\",\"breadcrumb\":{\"@id\":\"https:\/\/web.consaguirre.com.ar\/noticias\/kali-uchis-anuncia-gira-for-the-girls\/#breadcrumb\"},\"inLanguage\":\"es-AR\",\"potentialAction\":[{\"@type\":\"ReadAction\",\"target\":[\"https:\/\/web.consaguirre.com.ar\/noticias\/kali-uchis-anuncia-gira-for-the-girls\/\"]}]},{\"@type\":\"ImageObject\",\"inLanguage\":\"es-AR\",\"@id\":\"https:\/\/web.consaguirre.com.ar\/noticias\/kali-uchis-anuncia-gira-for-the-girls\/#primaryimage\",\"url\":\"https:\/\/web.consaguirre.com.ar\/noticias\/wp-content\/uploads\/2025\/12\/Kali-Uchis-lanza-el-sencillo-favorito-de-los-fans-Muevelo.jpg\",\"contentUrl\":\"https:\/\/web.consaguirre.com.ar\/noticias\/wp-content\/uploads\/2025\/12\/Kali-Uchis-lanza-el-sencillo-favorito-de-los-fans-Muevelo.jpg\",\"width\":820,\"height\":820,\"caption\":\"Kali Uchis lanza el sencillo favorito de los fans 'Mu\u00e9velo'\"},{\"@type\":\"BreadcrumbList\",\"@id\":\"https:\/\/web.consaguirre.com.ar\/noticias\/kali-uchis-anuncia-gira-for-the-girls\/#breadcrumb\",\"itemListElement\":[{\"@type\":\"ListItem\",\"position\":1,\"name\":\"Inicio\",\"item\":\"https:\/\/web.consaguirre.com.ar\/noticias\/\"},{\"@type\":\"ListItem\",\"position\":2,\"name\":\"Kali Uchis anuncia gira &#8216;For The Girls&#8217;\"}]},{\"@type\":\"WebSite\",\"@id\":\"https:\/\/web.consaguirre.com.ar\/noticias\/#website\",\"url\":\"https:\/\/web.consaguirre.com.ar\/noticias\/\",\"name\":\"Conservatorio de M\u00fasica Juli\u00e1n Aguirre\",\"description\":\"\",\"publisher\":{\"@id\":\"https:\/\/web.consaguirre.com.ar\/noticias\/#organization\"},\"potentialAction\":[{\"@type\":\"SearchAction\",\"target\":{\"@type\":\"EntryPoint\",\"urlTemplate\":\"https:\/\/web.consaguirre.com.ar\/noticias\/?s={search_term_string}\"},\"query-input\":\"required name=search_term_string\"}],\"inLanguage\":\"es-AR\"},{\"@type\":\"Organization\",\"@id\":\"https:\/\/web.consaguirre.com.ar\/noticias\/#organization\",\"name\":\"Conservatorio de M\u00fasica Juli\u00e1n Aguirre\",\"url\":\"https:\/\/web.consaguirre.com.ar\/noticias\/\",\"logo\":{\"@type\":\"ImageObject\",\"inLanguage\":\"es-AR\",\"@id\":\"https:\/\/web.consaguirre.com.ar\/noticias\/#\/schema\/logo\/image\/\",\"url\":\"https:\/\/web.consaguirre.com.ar\/noticias\/wp-content\/uploads\/2024\/08\/Banner-Aguirre-23.jpg\",\"contentUrl\":\"https:\/\/web.consaguirre.com.ar\/noticias\/wp-content\/uploads\/2024\/08\/Banner-Aguirre-23.jpg\",\"width\":1192,\"height\":600,\"caption\":\"Conservatorio de M\u00fasica Juli\u00e1n Aguirre\"},\"image\":{\"@id\":\"https:\/\/web.consaguirre.com.ar\/noticias\/#\/schema\/logo\/image\/\"}},{\"@type\":\"Person\",\"@id\":\"https:\/\/web.consaguirre.com.ar\/noticias\/#\/schema\/person\/6558b0cfedee7ddc5425602b237d5722\",\"name\":\"Javier Figueroa\",\"image\":{\"@type\":\"ImageObject\",\"inLanguage\":\"es-AR\",\"@id\":\"https:\/\/web.consaguirre.com.ar\/noticias\/#\/schema\/person\/image\/\",\"url\":\"https:\/\/web.consaguirre.com.ar\/noticias\/wp-content\/uploads\/2024\/08\/Consaguirre-scaled.jpg\",\"contentUrl\":\"https:\/\/web.consaguirre.com.ar\/noticias\/wp-content\/uploads\/2024\/08\/Consaguirre-scaled.jpg\",\"caption\":\"Javier Figueroa\"},\"description\":\"Me llamo Javier Figueroa y soy redactor para el sitio oficial del Conservatorio de M\u00fasica Juli\u00e1n Aguirre en Buenos Aires, consaguirre.com. Apasionado por la m\u00fasica y la escritura, me esfuerzo por destacar los talentos y eventos de nuestra prestigiosa instituci\u00f3n. Mi trayectoria se nutre de una profunda admiraci\u00f3n por los artistas, haciendo de cada art\u00edculo una celebraci\u00f3n de la creatividad y la cultura musical.\",\"sameAs\":[\"https:\/\/web.consaguirre.com.ar\/noticias\"]}]}<\/script>\n<!-- \/ Yoast SEO plugin. -->","yoast_head_json":{"title":"Kali Uchis anuncia gira 'For The Girls'","robots":{"index":"index","follow":"follow","max-snippet":"max-snippet:-1","max-image-preview":"max-image-preview:large","max-video-preview":"max-video-preview:-1"},"canonical":"https:\/\/web.consaguirre.com.ar\/noticias\/kali-uchis-anuncia-gira-for-the-girls\/","og_locale":"es_ES","og_type":"article","og_title":"Kali Uchis anuncia gira 'For The Girls'","og_description":"Kali Uchis tiene planes de salir de gira esta primavera y verano, y este ser\u00e1 para mujeres. En la gira \u201cFor The Girls\u201d, Uchis estar\u00e1","og_url":"https:\/\/web.consaguirre.com.ar\/noticias\/kali-uchis-anuncia-gira-for-the-girls\/","og_site_name":"Conservatorio de M\u00fasica Juli\u00e1n Aguirre","article_published_time":"2026-04-01T02:38:30+00:00","article_modified_time":"2026-04-01T02:38:31+00:00","og_image":[{"width":820,"height":820,"url":"https:\/\/web.consaguirre.com.ar\/noticias\/wp-content\/uploads\/2025\/12\/Kali-Uchis-lanza-el-sencillo-favorito-de-los-fans-Muevelo.jpg","type":"image\/jpeg"}],"author":"Javier Figueroa","twitter_card":"summary_large_image","twitter_misc":{"Escrito por":"Javier Figueroa","Tiempo de lectura":"2 minutos"},"schema":{"@context":"https:\/\/schema.org","@graph":[{"@type":"Article","@id":"https:\/\/web.consaguirre.com.ar\/noticias\/kali-uchis-anuncia-gira-for-the-girls\/#article","isPartOf":{"@id":"https:\/\/web.consaguirre.com.ar\/noticias\/kali-uchis-anuncia-gira-for-the-girls\/"},"author":{"name":"Javier Figueroa","@id":"https:\/\/web.consaguirre.com.ar\/noticias\/#\/schema\/person\/6558b0cfedee7ddc5425602b237d5722"},"headline":"Kali Uchis anuncia gira &#8216;For The Girls&#8217;","datePublished":"2026-04-01T02:38:30+00:00","dateModified":"2026-04-01T02:38:31+00:00","mainEntityOfPage":{"@id":"https:\/\/web.consaguirre.com.ar\/noticias\/kali-uchis-anuncia-gira-for-the-girls\/"},"wordCount":375,"publisher":{"@id":"https:\/\/web.consaguirre.com.ar\/noticias\/#organization"},"image":{"@id":"https:\/\/web.consaguirre.com.ar\/noticias\/kali-uchis-anuncia-gira-for-the-girls\/#primaryimage"},"thumbnailUrl":"https:\/\/web.consaguirre.com.ar\/noticias\/wp-content\/uploads\/2025\/12\/Kali-Uchis-lanza-el-sencillo-favorito-de-los-fans-Muevelo.jpg","keywords":["anuncia","gira","Girls","Kali","Uchis"],"articleSection":["El \u00faltimo"],"inLanguage":"es-AR"},{"@type":"WebPage","@id":"https:\/\/web.consaguirre.com.ar\/noticias\/kali-uchis-anuncia-gira-for-the-girls\/","url":"https:\/\/web.consaguirre.com.ar\/noticias\/kali-uchis-anuncia-gira-for-the-girls\/","name":"Kali Uchis anuncia gira 'For The Girls'","isPartOf":{"@id":"https:\/\/web.consaguirre.com.ar\/noticias\/#website"},"primaryImageOfPage":{"@id":"https:\/\/web.consaguirre.com.ar\/noticias\/kali-uchis-anuncia-gira-for-the-girls\/#primaryimage"},"image":{"@id":"https:\/\/web.consaguirre.com.ar\/noticias\/kali-uchis-anuncia-gira-for-the-girls\/#primaryimage"},"thumbnailUrl":"https:\/\/web.consaguirre.com.ar\/noticias\/wp-content\/uploads\/2025\/12\/Kali-Uchis-lanza-el-sencillo-favorito-de-los-fans-Muevelo.jpg","datePublished":"2026-04-01T02:38:30+00:00","dateModified":"2026-04-01T02:38:31+00:00","breadcrumb":{"@id":"https:\/\/web.consaguirre.com.ar\/noticias\/kali-uchis-anuncia-gira-for-the-girls\/#breadcrumb"},"inLanguage":"es-AR","potentialAction":[{"@type":"ReadAction","target":["https:\/\/web.consaguirre.com.ar\/noticias\/kali-uchis-anuncia-gira-for-the-girls\/"]}]},{"@type":"ImageObject","inLanguage":"es-AR","@id":"https:\/\/web.consaguirre.com.ar\/noticias\/kali-uchis-anuncia-gira-for-the-girls\/#primaryimage","url":"https:\/\/web.consaguirre.com.ar\/noticias\/wp-content\/uploads\/2025\/12\/Kali-Uchis-lanza-el-sencillo-favorito-de-los-fans-Muevelo.jpg","contentUrl":"https:\/\/web.consaguirre.com.ar\/noticias\/wp-content\/uploads\/2025\/12\/Kali-Uchis-lanza-el-sencillo-favorito-de-los-fans-Muevelo.jpg","width":820,"height":820,"caption":"Kali Uchis lanza el sencillo favorito de los fans 'Mu\u00e9velo'"},{"@type":"BreadcrumbList","@id":"https:\/\/web.consaguirre.com.ar\/noticias\/kali-uchis-anuncia-gira-for-the-girls\/#breadcrumb","itemListElement":[{"@type":"ListItem","position":1,"name":"Inicio","item":"https:\/\/web.consaguirre.com.ar\/noticias\/"},{"@type":"ListItem","position":2,"name":"Kali Uchis anuncia gira &#8216;For The Girls&#8217;"}]},{"@type":"WebSite","@id":"https:\/\/web.consaguirre.com.ar\/noticias\/#website","url":"https:\/\/web.consaguirre.com.ar\/noticias\/","name":"Conservatorio de M\u00fasica Juli\u00e1n Aguirre","description":"","publisher":{"@id":"https:\/\/web.consaguirre.com.ar\/noticias\/#organization"},"potentialAction":[{"@type":"SearchAction","target":{"@type":"EntryPoint","urlTemplate":"https:\/\/web.consaguirre.com.ar\/noticias\/?s={search_term_string}"},"query-input":"required name=search_term_string"}],"inLanguage":"es-AR"},{"@type":"Organization","@id":"https:\/\/web.consaguirre.com.ar\/noticias\/#organization","name":"Conservatorio de M\u00fasica Juli\u00e1n Aguirre","url":"https:\/\/web.consaguirre.com.ar\/noticias\/","logo":{"@type":"ImageObject","inLanguage":"es-AR","@id":"https:\/\/web.consaguirre.com.ar\/noticias\/#\/schema\/logo\/image\/","url":"https:\/\/web.consaguirre.com.ar\/noticias\/wp-content\/uploads\/2024\/08\/Banner-Aguirre-23.jpg","contentUrl":"https:\/\/web.consaguirre.com.ar\/noticias\/wp-content\/uploads\/2024\/08\/Banner-Aguirre-23.jpg","width":1192,"height":600,"caption":"Conservatorio de M\u00fasica Juli\u00e1n Aguirre"},"image":{"@id":"https:\/\/web.consaguirre.com.ar\/noticias\/#\/schema\/logo\/image\/"}},{"@type":"Person","@id":"https:\/\/web.consaguirre.com.ar\/noticias\/#\/schema\/person\/6558b0cfedee7ddc5425602b237d5722","name":"Javier Figueroa","image":{"@type":"ImageObject","inLanguage":"es-AR","@id":"https:\/\/web.consaguirre.com.ar\/noticias\/#\/schema\/person\/image\/","url":"https:\/\/web.consaguirre.com.ar\/noticias\/wp-content\/uploads\/2024\/08\/Consaguirre-scaled.jpg","contentUrl":"https:\/\/web.consaguirre.com.ar\/noticias\/wp-content\/uploads\/2024\/08\/Consaguirre-scaled.jpg","caption":"Javier Figueroa"},"description":"Me llamo Javier Figueroa y soy redactor para el sitio oficial del Conservatorio de M\u00fasica Juli\u00e1n Aguirre en Buenos Aires, consaguirre.com. Apasionado por la m\u00fasica y la escritura, me esfuerzo por destacar los talentos y eventos de nuestra prestigiosa instituci\u00f3n. Mi trayectoria se nutre de una profunda admiraci\u00f3n por los artistas, haciendo de cada art\u00edculo una celebraci\u00f3n de la creatividad y la cultura musical.","sameAs":["https:\/\/web.consaguirre.com.ar\/noticias"]}]}},"_links":{"self":[{"href":"https:\/\/web.consaguirre.com.ar\/noticias\/wp-json\/wp\/v2\/posts\/5505"}],"collection":[{"href":"https:\/\/web.consaguirre.com.ar\/noticias\/wp-json\/wp\/v2\/posts"}],"about":[{"href":"https:\/\/web.consaguirre.com.ar\/noticias\/wp-json\/wp\/v2\/types\/post"}],"author":[{"embeddable":true,"href":"https:\/\/web.consaguirre.com.ar\/noticias\/wp-json\/wp\/v2\/users\/1"}],"replies":[{"embeddable":true,"href":"https:\/\/web.consaguirre.com.ar\/noticias\/wp-json\/wp\/v2\/comments?post=5505"}],"version-history":[{"count":1,"href":"https:\/\/web.consaguirre.com.ar\/noticias\/wp-json\/wp\/v2\/posts\/5505\/revisions"}],"predecessor-version":[{"id":5506,"href":"https:\/\/web.consaguirre.com.ar\/noticias\/wp-json\/wp\/v2\/posts\/5505\/revisions\/5506"}],"wp:featuredmedia":[{"embeddable":true,"href":"https:\/\/web.consaguirre.com.ar\/noticias\/wp-json\/wp\/v2\/media\/4707"}],"wp:attachment":[{"href":"https:\/\/web.consaguirre.com.ar\/noticias\/wp-json\/wp\/v2\/media?parent=5505"}],"wp:term":[{"taxonomy":"category","embeddable":true,"href":"https:\/\/web.consaguirre.com.ar\/noticias\/wp-json\/wp\/v2\/categories?post=5505"},{"taxonomy":"post_tag","embeddable":true,"href":"https:\/\/web.consaguirre.com.ar\/noticias\/wp-json\/wp\/v2\/tags?post=5505"}],"curies":[{"name":"wp","href":"https:\/\/api.w.org\/{rel}","templated":true}]}}