{"id":550,"date":"2024-09-11T16:38:55","date_gmt":"2024-09-11T19:38:55","guid":{"rendered":"https:\/\/web.consaguirre.com.ar\/noticias\/jhene-aiko-celebra-10-anos-de-souled-out-con-una-reedicion-en-vinilo\/"},"modified":"2024-09-11T16:38:57","modified_gmt":"2024-09-11T19:38:57","slug":"jhene-aiko-celebra-10-anos-de-souled-out-con-una-reedicion-en-vinilo","status":"publish","type":"post","link":"https:\/\/web.consaguirre.com.ar\/noticias\/jhene-aiko-celebra-10-anos-de-souled-out-con-una-reedicion-en-vinilo\/","title":{"rendered":"Jhen\u00e9 Aiko celebra 10 a\u00f1os de &#8216;Souled Out&#8217; con una reedici\u00f3n en vinilo"},"content":{"rendered":"<p>En conmemoraci\u00f3n del d\u00e9cimo aniversario de <strong>Jhen\u00e9 Aiko<\/strong>El gran avance de <strong><em>Desalmado<\/em><\/strong>El proyecto estar\u00e1 disponible por primera vez en vinilo de color.<\/p>\n<p>Destacando la primera reedici\u00f3n del proyecto desde el lanzamiento original del \u00e1lbum se encuentra un LP doble de Opaque Blue Lagoon que incluye la lista de canciones Deluxe original.<\/p>\n<p>Este lanzamiento incluir\u00e1 dos pistas adicionales disponibles en plataformas de streaming por primera vez: \u201cYou vs. Them (Acoustic)\u201d y \u201cBeautiful Ruin\u201d.<\/p>\n<p>Lanzado en 2014, <em>Desalmado<\/em> es un \u00e1lbum que dej\u00f3 en claro la capacidad de Aiko para escribir letras emocionalmente transparentes y cultivar atm\u00f3sferas sonoras ricas. Transparente, pero imbuido de un misticismo elegante, el LP estableci\u00f3 a Aiko como una de las estilistas de R&#038;B alternativo definitorias de su era.<\/p>\n<p>Cubierto de paisajes sonoros on\u00edricos e incorp\u00f3reos de No ID, <em>Desalmado<\/em> El disco se desarrolla como una meditaci\u00f3n aturdida. Temas como el tema de apertura, \u201cLimbo Limbo Limbo\u201d, parecen el comienzo de un cuento de hadas. \u201cSpotless Mind\u201d suena como la mitad de uno. Los instrumentales atmosf\u00e9ricos permiten que la suave y anhelante soprano de Aiko se ba\u00f1e en ambiente mientras relata historias de amor fracturado y catarsis personal. Las texturas flexibles suavizan las duras observaciones. \u201cTo Love &#038; Die\u201d ve a Aiko reflexionar sobre una vida rom\u00e1ntica que solo opera en los extremos; su cambio de un canto sereno a raps cantores es tan abrupto como una comprensi\u00f3n.<\/p>\n<p>Mientras tanto, \u201cThe Pressure\u201d es un ejercicio de tranquilidad, con el tono \u00e1gil de Aiko que evoca intimidad, comprensi\u00f3n y una vaga frustraci\u00f3n. Su tonalidad, as\u00ed como las letras mismas, pintan los sentimientos de Aiko en todos los gradientes de color. Ligero, pero melanc\u00f3lico; contundente, pero dulce: es un acto de equilibrio que Aiko pas\u00f3 a\u00f1os desarrollando. <em>Desalmado<\/em> Es el momento en que perfeccion\u00f3 el enfoque.<\/p>\n<p>El \u00e1lbum fue lanzado con \u00e9xito comercial, vendi\u00f3 70.000 unidades y debut\u00f3 en el puesto n\u00famero 3 de la lista Billboard 200. Como reflejo de lo adelantada que estaba, todav\u00eda suena fresco hoy en d\u00eda, y obtuvo una certificaci\u00f3n de oro en 2020. M\u00e1s importante a\u00fan, anunci\u00f3 el crecimiento de una cantante. Fusionando sonidos et\u00e9reos con emotividad visceral, <em>Desalmado<\/em> se convirti\u00f3 en un modelo de R&#038;B para muchos que siguieron su ejemplo.<\/p>\n<p><strong>Pide la edici\u00f3n del 10\u00ba aniversario de Jhen\u00e9 Aiko <em>Desalmado<\/em> ahora.<\/strong><\/p>\n","protected":false},"excerpt":{"rendered":"<p>En conmemoraci\u00f3n del d\u00e9cimo aniversario de Jhen\u00e9 AikoEl gran avance de DesalmadoEl proyecto estar\u00e1 disponible por primera vez en vinilo de color. Destacando la primera<\/p>\n","protected":false},"author":1,"featured_media":551,"comment_status":"closed","ping_status":"","sticky":false,"template":"","format":"standard","meta":{"footnotes":""},"categories":[50],"tags":[627,115,114,32,626,117,628,191,87],"class_list":["post-550","post","type-post","status-publish","format-standard","has-post-thumbnail","hentry","category-el-ultimo","tag-aiko","tag-anos","tag-celebra","tag-con","tag-jhene","tag-reedicion","tag-souled","tag-una","tag-vinilo","generate-columns","tablet-grid-50","mobile-grid-100","grid-parent","grid-50"],"yoast_head":"<!-- This site is optimized with the Yoast SEO plugin v23.3 - https:\/\/yoast.com\/wordpress\/plugins\/seo\/ -->\n<title>Jhen\u00e9 Aiko celebra 10 a\u00f1os de &#039;Souled Out&#039; con una reedici\u00f3n en vinilo<\/title>\n<meta name=\"robots\" content=\"index, follow, max-snippet:-1, max-image-preview:large, max-video-preview:-1\" \/>\n<link rel=\"canonical\" href=\"https:\/\/web.consaguirre.com.ar\/noticias\/jhene-aiko-celebra-10-anos-de-souled-out-con-una-reedicion-en-vinilo\/\" \/>\n<meta property=\"og:locale\" content=\"es_ES\" \/>\n<meta property=\"og:type\" content=\"article\" \/>\n<meta property=\"og:title\" content=\"Jhen\u00e9 Aiko celebra 10 a\u00f1os de &#039;Souled Out&#039; con una reedici\u00f3n en vinilo\" \/>\n<meta property=\"og:description\" content=\"En conmemoraci\u00f3n del d\u00e9cimo aniversario de Jhen\u00e9 AikoEl gran avance de DesalmadoEl proyecto estar\u00e1 disponible por primera vez en vinilo de color. Destacando la primera\" \/>\n<meta property=\"og:url\" content=\"https:\/\/web.consaguirre.com.ar\/noticias\/jhene-aiko-celebra-10-anos-de-souled-out-con-una-reedicion-en-vinilo\/\" \/>\n<meta property=\"og:site_name\" content=\"Conservatorio de M\u00fasica Juli\u00e1n Aguirre\" \/>\n<meta property=\"article:published_time\" content=\"2024-09-11T19:38:55+00:00\" \/>\n<meta property=\"article:modified_time\" content=\"2024-09-11T19:38:57+00:00\" \/>\n<meta property=\"og:image\" content=\"https:\/\/web.consaguirre.com.ar\/noticias\/wp-content\/uploads\/2024\/09\/Jhene-Aiko-celebra-10-anos-de-Souled-Out-con-una.jpg\" \/>\n\t<meta property=\"og:image:width\" content=\"1440\" \/>\n\t<meta property=\"og:image:height\" content=\"864\" \/>\n\t<meta property=\"og:image:type\" content=\"image\/jpeg\" \/>\n<meta name=\"author\" content=\"Javier Figueroa\" \/>\n<meta name=\"twitter:card\" content=\"summary_large_image\" \/>\n<meta name=\"twitter:label1\" content=\"Escrito por\" \/>\n\t<meta name=\"twitter:data1\" content=\"Javier Figueroa\" \/>\n\t<meta name=\"twitter:label2\" content=\"Tiempo de lectura\" \/>\n\t<meta name=\"twitter:data2\" content=\"2 minutos\" \/>\n<script type=\"application\/ld+json\" class=\"yoast-schema-graph\">{\"@context\":\"https:\/\/schema.org\",\"@graph\":[{\"@type\":\"Article\",\"@id\":\"https:\/\/web.consaguirre.com.ar\/noticias\/jhene-aiko-celebra-10-anos-de-souled-out-con-una-reedicion-en-vinilo\/#article\",\"isPartOf\":{\"@id\":\"https:\/\/web.consaguirre.com.ar\/noticias\/jhene-aiko-celebra-10-anos-de-souled-out-con-una-reedicion-en-vinilo\/\"},\"author\":{\"name\":\"Javier Figueroa\",\"@id\":\"https:\/\/web.consaguirre.com.ar\/noticias\/#\/schema\/person\/6558b0cfedee7ddc5425602b237d5722\"},\"headline\":\"Jhen\u00e9 Aiko celebra 10 a\u00f1os de &#8216;Souled Out&#8217; con una reedici\u00f3n en vinilo\",\"datePublished\":\"2024-09-11T19:38:55+00:00\",\"dateModified\":\"2024-09-11T19:38:57+00:00\",\"mainEntityOfPage\":{\"@id\":\"https:\/\/web.consaguirre.com.ar\/noticias\/jhene-aiko-celebra-10-anos-de-souled-out-con-una-reedicion-en-vinilo\/\"},\"wordCount\":412,\"publisher\":{\"@id\":\"https:\/\/web.consaguirre.com.ar\/noticias\/#organization\"},\"image\":{\"@id\":\"https:\/\/web.consaguirre.com.ar\/noticias\/jhene-aiko-celebra-10-anos-de-souled-out-con-una-reedicion-en-vinilo\/#primaryimage\"},\"thumbnailUrl\":\"https:\/\/web.consaguirre.com.ar\/noticias\/wp-content\/uploads\/2024\/09\/Jhene-Aiko-celebra-10-anos-de-Souled-Out-con-una.jpg\",\"keywords\":[\"Aiko\",\"a\u00f1os\",\"celebra\",\"con\",\"Jhen\u00e9\",\"reedici\u00f3n\",\"Souled\",\"una\",\"vinilo\"],\"articleSection\":[\"El \u00faltimo\"],\"inLanguage\":\"es-AR\"},{\"@type\":\"WebPage\",\"@id\":\"https:\/\/web.consaguirre.com.ar\/noticias\/jhene-aiko-celebra-10-anos-de-souled-out-con-una-reedicion-en-vinilo\/\",\"url\":\"https:\/\/web.consaguirre.com.ar\/noticias\/jhene-aiko-celebra-10-anos-de-souled-out-con-una-reedicion-en-vinilo\/\",\"name\":\"Jhen\u00e9 Aiko celebra 10 a\u00f1os de 'Souled Out' con una reedici\u00f3n en vinilo\",\"isPartOf\":{\"@id\":\"https:\/\/web.consaguirre.com.ar\/noticias\/#website\"},\"primaryImageOfPage\":{\"@id\":\"https:\/\/web.consaguirre.com.ar\/noticias\/jhene-aiko-celebra-10-anos-de-souled-out-con-una-reedicion-en-vinilo\/#primaryimage\"},\"image\":{\"@id\":\"https:\/\/web.consaguirre.com.ar\/noticias\/jhene-aiko-celebra-10-anos-de-souled-out-con-una-reedicion-en-vinilo\/#primaryimage\"},\"thumbnailUrl\":\"https:\/\/web.consaguirre.com.ar\/noticias\/wp-content\/uploads\/2024\/09\/Jhene-Aiko-celebra-10-anos-de-Souled-Out-con-una.jpg\",\"datePublished\":\"2024-09-11T19:38:55+00:00\",\"dateModified\":\"2024-09-11T19:38:57+00:00\",\"breadcrumb\":{\"@id\":\"https:\/\/web.consaguirre.com.ar\/noticias\/jhene-aiko-celebra-10-anos-de-souled-out-con-una-reedicion-en-vinilo\/#breadcrumb\"},\"inLanguage\":\"es-AR\",\"potentialAction\":[{\"@type\":\"ReadAction\",\"target\":[\"https:\/\/web.consaguirre.com.ar\/noticias\/jhene-aiko-celebra-10-anos-de-souled-out-con-una-reedicion-en-vinilo\/\"]}]},{\"@type\":\"ImageObject\",\"inLanguage\":\"es-AR\",\"@id\":\"https:\/\/web.consaguirre.com.ar\/noticias\/jhene-aiko-celebra-10-anos-de-souled-out-con-una-reedicion-en-vinilo\/#primaryimage\",\"url\":\"https:\/\/web.consaguirre.com.ar\/noticias\/wp-content\/uploads\/2024\/09\/Jhene-Aiko-celebra-10-anos-de-Souled-Out-con-una.jpg\",\"contentUrl\":\"https:\/\/web.consaguirre.com.ar\/noticias\/wp-content\/uploads\/2024\/09\/Jhene-Aiko-celebra-10-anos-de-Souled-Out-con-una.jpg\",\"width\":1440,\"height\":864,\"caption\":\"Jhen\u00e9 Aiko - Photo: Paras Griffin\/Getty Images\"},{\"@type\":\"BreadcrumbList\",\"@id\":\"https:\/\/web.consaguirre.com.ar\/noticias\/jhene-aiko-celebra-10-anos-de-souled-out-con-una-reedicion-en-vinilo\/#breadcrumb\",\"itemListElement\":[{\"@type\":\"ListItem\",\"position\":1,\"name\":\"Inicio\",\"item\":\"https:\/\/web.consaguirre.com.ar\/noticias\/\"},{\"@type\":\"ListItem\",\"position\":2,\"name\":\"Jhen\u00e9 Aiko celebra 10 a\u00f1os de &#8216;Souled Out&#8217; con una reedici\u00f3n en vinilo\"}]},{\"@type\":\"WebSite\",\"@id\":\"https:\/\/web.consaguirre.com.ar\/noticias\/#website\",\"url\":\"https:\/\/web.consaguirre.com.ar\/noticias\/\",\"name\":\"Conservatorio de M\u00fasica Juli\u00e1n Aguirre\",\"description\":\"\",\"publisher\":{\"@id\":\"https:\/\/web.consaguirre.com.ar\/noticias\/#organization\"},\"potentialAction\":[{\"@type\":\"SearchAction\",\"target\":{\"@type\":\"EntryPoint\",\"urlTemplate\":\"https:\/\/web.consaguirre.com.ar\/noticias\/?s={search_term_string}\"},\"query-input\":\"required name=search_term_string\"}],\"inLanguage\":\"es-AR\"},{\"@type\":\"Organization\",\"@id\":\"https:\/\/web.consaguirre.com.ar\/noticias\/#organization\",\"name\":\"Conservatorio de M\u00fasica Juli\u00e1n Aguirre\",\"url\":\"https:\/\/web.consaguirre.com.ar\/noticias\/\",\"logo\":{\"@type\":\"ImageObject\",\"inLanguage\":\"es-AR\",\"@id\":\"https:\/\/web.consaguirre.com.ar\/noticias\/#\/schema\/logo\/image\/\",\"url\":\"https:\/\/web.consaguirre.com.ar\/noticias\/wp-content\/uploads\/2024\/08\/Banner-Aguirre-23.jpg\",\"contentUrl\":\"https:\/\/web.consaguirre.com.ar\/noticias\/wp-content\/uploads\/2024\/08\/Banner-Aguirre-23.jpg\",\"width\":1192,\"height\":600,\"caption\":\"Conservatorio de M\u00fasica Juli\u00e1n Aguirre\"},\"image\":{\"@id\":\"https:\/\/web.consaguirre.com.ar\/noticias\/#\/schema\/logo\/image\/\"}},{\"@type\":\"Person\",\"@id\":\"https:\/\/web.consaguirre.com.ar\/noticias\/#\/schema\/person\/6558b0cfedee7ddc5425602b237d5722\",\"name\":\"Javier Figueroa\",\"image\":{\"@type\":\"ImageObject\",\"inLanguage\":\"es-AR\",\"@id\":\"https:\/\/web.consaguirre.com.ar\/noticias\/#\/schema\/person\/image\/\",\"url\":\"https:\/\/web.consaguirre.com.ar\/noticias\/wp-content\/uploads\/2024\/08\/Consaguirre-scaled.jpg\",\"contentUrl\":\"https:\/\/web.consaguirre.com.ar\/noticias\/wp-content\/uploads\/2024\/08\/Consaguirre-scaled.jpg\",\"caption\":\"Javier Figueroa\"},\"description\":\"Me llamo Javier Figueroa y soy redactor para el sitio oficial del Conservatorio de M\u00fasica Juli\u00e1n Aguirre en Buenos Aires, consaguirre.com. Apasionado por la m\u00fasica y la escritura, me esfuerzo por destacar los talentos y eventos de nuestra prestigiosa instituci\u00f3n. Mi trayectoria se nutre de una profunda admiraci\u00f3n por los artistas, haciendo de cada art\u00edculo una celebraci\u00f3n de la creatividad y la cultura musical.\",\"sameAs\":[\"https:\/\/web.consaguirre.com.ar\/noticias\"]}]}<\/script>\n<!-- \/ Yoast SEO plugin. -->","yoast_head_json":{"title":"Jhen\u00e9 Aiko celebra 10 a\u00f1os de 'Souled Out' con una reedici\u00f3n en vinilo","robots":{"index":"index","follow":"follow","max-snippet":"max-snippet:-1","max-image-preview":"max-image-preview:large","max-video-preview":"max-video-preview:-1"},"canonical":"https:\/\/web.consaguirre.com.ar\/noticias\/jhene-aiko-celebra-10-anos-de-souled-out-con-una-reedicion-en-vinilo\/","og_locale":"es_ES","og_type":"article","og_title":"Jhen\u00e9 Aiko celebra 10 a\u00f1os de 'Souled Out' con una reedici\u00f3n en vinilo","og_description":"En conmemoraci\u00f3n del d\u00e9cimo aniversario de Jhen\u00e9 AikoEl gran avance de DesalmadoEl proyecto estar\u00e1 disponible por primera vez en vinilo de color. Destacando la primera","og_url":"https:\/\/web.consaguirre.com.ar\/noticias\/jhene-aiko-celebra-10-anos-de-souled-out-con-una-reedicion-en-vinilo\/","og_site_name":"Conservatorio de M\u00fasica Juli\u00e1n Aguirre","article_published_time":"2024-09-11T19:38:55+00:00","article_modified_time":"2024-09-11T19:38:57+00:00","og_image":[{"width":1440,"height":864,"url":"https:\/\/web.consaguirre.com.ar\/noticias\/wp-content\/uploads\/2024\/09\/Jhene-Aiko-celebra-10-anos-de-Souled-Out-con-una.jpg","type":"image\/jpeg"}],"author":"Javier Figueroa","twitter_card":"summary_large_image","twitter_misc":{"Escrito por":"Javier Figueroa","Tiempo de lectura":"2 minutos"},"schema":{"@context":"https:\/\/schema.org","@graph":[{"@type":"Article","@id":"https:\/\/web.consaguirre.com.ar\/noticias\/jhene-aiko-celebra-10-anos-de-souled-out-con-una-reedicion-en-vinilo\/#article","isPartOf":{"@id":"https:\/\/web.consaguirre.com.ar\/noticias\/jhene-aiko-celebra-10-anos-de-souled-out-con-una-reedicion-en-vinilo\/"},"author":{"name":"Javier Figueroa","@id":"https:\/\/web.consaguirre.com.ar\/noticias\/#\/schema\/person\/6558b0cfedee7ddc5425602b237d5722"},"headline":"Jhen\u00e9 Aiko celebra 10 a\u00f1os de &#8216;Souled Out&#8217; con una reedici\u00f3n en vinilo","datePublished":"2024-09-11T19:38:55+00:00","dateModified":"2024-09-11T19:38:57+00:00","mainEntityOfPage":{"@id":"https:\/\/web.consaguirre.com.ar\/noticias\/jhene-aiko-celebra-10-anos-de-souled-out-con-una-reedicion-en-vinilo\/"},"wordCount":412,"publisher":{"@id":"https:\/\/web.consaguirre.com.ar\/noticias\/#organization"},"image":{"@id":"https:\/\/web.consaguirre.com.ar\/noticias\/jhene-aiko-celebra-10-anos-de-souled-out-con-una-reedicion-en-vinilo\/#primaryimage"},"thumbnailUrl":"https:\/\/web.consaguirre.com.ar\/noticias\/wp-content\/uploads\/2024\/09\/Jhene-Aiko-celebra-10-anos-de-Souled-Out-con-una.jpg","keywords":["Aiko","a\u00f1os","celebra","con","Jhen\u00e9","reedici\u00f3n","Souled","una","vinilo"],"articleSection":["El \u00faltimo"],"inLanguage":"es-AR"},{"@type":"WebPage","@id":"https:\/\/web.consaguirre.com.ar\/noticias\/jhene-aiko-celebra-10-anos-de-souled-out-con-una-reedicion-en-vinilo\/","url":"https:\/\/web.consaguirre.com.ar\/noticias\/jhene-aiko-celebra-10-anos-de-souled-out-con-una-reedicion-en-vinilo\/","name":"Jhen\u00e9 Aiko celebra 10 a\u00f1os de 'Souled Out' con una reedici\u00f3n en vinilo","isPartOf":{"@id":"https:\/\/web.consaguirre.com.ar\/noticias\/#website"},"primaryImageOfPage":{"@id":"https:\/\/web.consaguirre.com.ar\/noticias\/jhene-aiko-celebra-10-anos-de-souled-out-con-una-reedicion-en-vinilo\/#primaryimage"},"image":{"@id":"https:\/\/web.consaguirre.com.ar\/noticias\/jhene-aiko-celebra-10-anos-de-souled-out-con-una-reedicion-en-vinilo\/#primaryimage"},"thumbnailUrl":"https:\/\/web.consaguirre.com.ar\/noticias\/wp-content\/uploads\/2024\/09\/Jhene-Aiko-celebra-10-anos-de-Souled-Out-con-una.jpg","datePublished":"2024-09-11T19:38:55+00:00","dateModified":"2024-09-11T19:38:57+00:00","breadcrumb":{"@id":"https:\/\/web.consaguirre.com.ar\/noticias\/jhene-aiko-celebra-10-anos-de-souled-out-con-una-reedicion-en-vinilo\/#breadcrumb"},"inLanguage":"es-AR","potentialAction":[{"@type":"ReadAction","target":["https:\/\/web.consaguirre.com.ar\/noticias\/jhene-aiko-celebra-10-anos-de-souled-out-con-una-reedicion-en-vinilo\/"]}]},{"@type":"ImageObject","inLanguage":"es-AR","@id":"https:\/\/web.consaguirre.com.ar\/noticias\/jhene-aiko-celebra-10-anos-de-souled-out-con-una-reedicion-en-vinilo\/#primaryimage","url":"https:\/\/web.consaguirre.com.ar\/noticias\/wp-content\/uploads\/2024\/09\/Jhene-Aiko-celebra-10-anos-de-Souled-Out-con-una.jpg","contentUrl":"https:\/\/web.consaguirre.com.ar\/noticias\/wp-content\/uploads\/2024\/09\/Jhene-Aiko-celebra-10-anos-de-Souled-Out-con-una.jpg","width":1440,"height":864,"caption":"Jhen\u00e9 Aiko - Photo: Paras Griffin\/Getty Images"},{"@type":"BreadcrumbList","@id":"https:\/\/web.consaguirre.com.ar\/noticias\/jhene-aiko-celebra-10-anos-de-souled-out-con-una-reedicion-en-vinilo\/#breadcrumb","itemListElement":[{"@type":"ListItem","position":1,"name":"Inicio","item":"https:\/\/web.consaguirre.com.ar\/noticias\/"},{"@type":"ListItem","position":2,"name":"Jhen\u00e9 Aiko celebra 10 a\u00f1os de &#8216;Souled Out&#8217; con una reedici\u00f3n en vinilo"}]},{"@type":"WebSite","@id":"https:\/\/web.consaguirre.com.ar\/noticias\/#website","url":"https:\/\/web.consaguirre.com.ar\/noticias\/","name":"Conservatorio de M\u00fasica Juli\u00e1n Aguirre","description":"","publisher":{"@id":"https:\/\/web.consaguirre.com.ar\/noticias\/#organization"},"potentialAction":[{"@type":"SearchAction","target":{"@type":"EntryPoint","urlTemplate":"https:\/\/web.consaguirre.com.ar\/noticias\/?s={search_term_string}"},"query-input":"required name=search_term_string"}],"inLanguage":"es-AR"},{"@type":"Organization","@id":"https:\/\/web.consaguirre.com.ar\/noticias\/#organization","name":"Conservatorio de M\u00fasica Juli\u00e1n Aguirre","url":"https:\/\/web.consaguirre.com.ar\/noticias\/","logo":{"@type":"ImageObject","inLanguage":"es-AR","@id":"https:\/\/web.consaguirre.com.ar\/noticias\/#\/schema\/logo\/image\/","url":"https:\/\/web.consaguirre.com.ar\/noticias\/wp-content\/uploads\/2024\/08\/Banner-Aguirre-23.jpg","contentUrl":"https:\/\/web.consaguirre.com.ar\/noticias\/wp-content\/uploads\/2024\/08\/Banner-Aguirre-23.jpg","width":1192,"height":600,"caption":"Conservatorio de M\u00fasica Juli\u00e1n Aguirre"},"image":{"@id":"https:\/\/web.consaguirre.com.ar\/noticias\/#\/schema\/logo\/image\/"}},{"@type":"Person","@id":"https:\/\/web.consaguirre.com.ar\/noticias\/#\/schema\/person\/6558b0cfedee7ddc5425602b237d5722","name":"Javier Figueroa","image":{"@type":"ImageObject","inLanguage":"es-AR","@id":"https:\/\/web.consaguirre.com.ar\/noticias\/#\/schema\/person\/image\/","url":"https:\/\/web.consaguirre.com.ar\/noticias\/wp-content\/uploads\/2024\/08\/Consaguirre-scaled.jpg","contentUrl":"https:\/\/web.consaguirre.com.ar\/noticias\/wp-content\/uploads\/2024\/08\/Consaguirre-scaled.jpg","caption":"Javier Figueroa"},"description":"Me llamo Javier Figueroa y soy redactor para el sitio oficial del Conservatorio de M\u00fasica Juli\u00e1n Aguirre en Buenos Aires, consaguirre.com. Apasionado por la m\u00fasica y la escritura, me esfuerzo por destacar los talentos y eventos de nuestra prestigiosa instituci\u00f3n. Mi trayectoria se nutre de una profunda admiraci\u00f3n por los artistas, haciendo de cada art\u00edculo una celebraci\u00f3n de la creatividad y la cultura musical.","sameAs":["https:\/\/web.consaguirre.com.ar\/noticias"]}]}},"_links":{"self":[{"href":"https:\/\/web.consaguirre.com.ar\/noticias\/wp-json\/wp\/v2\/posts\/550"}],"collection":[{"href":"https:\/\/web.consaguirre.com.ar\/noticias\/wp-json\/wp\/v2\/posts"}],"about":[{"href":"https:\/\/web.consaguirre.com.ar\/noticias\/wp-json\/wp\/v2\/types\/post"}],"author":[{"embeddable":true,"href":"https:\/\/web.consaguirre.com.ar\/noticias\/wp-json\/wp\/v2\/users\/1"}],"replies":[{"embeddable":true,"href":"https:\/\/web.consaguirre.com.ar\/noticias\/wp-json\/wp\/v2\/comments?post=550"}],"version-history":[{"count":1,"href":"https:\/\/web.consaguirre.com.ar\/noticias\/wp-json\/wp\/v2\/posts\/550\/revisions"}],"predecessor-version":[{"id":552,"href":"https:\/\/web.consaguirre.com.ar\/noticias\/wp-json\/wp\/v2\/posts\/550\/revisions\/552"}],"wp:featuredmedia":[{"embeddable":true,"href":"https:\/\/web.consaguirre.com.ar\/noticias\/wp-json\/wp\/v2\/media\/551"}],"wp:attachment":[{"href":"https:\/\/web.consaguirre.com.ar\/noticias\/wp-json\/wp\/v2\/media?parent=550"}],"wp:term":[{"taxonomy":"category","embeddable":true,"href":"https:\/\/web.consaguirre.com.ar\/noticias\/wp-json\/wp\/v2\/categories?post=550"},{"taxonomy":"post_tag","embeddable":true,"href":"https:\/\/web.consaguirre.com.ar\/noticias\/wp-json\/wp\/v2\/tags?post=550"}],"curies":[{"name":"wp","href":"https:\/\/api.w.org\/{rel}","templated":true}]}}