{"id":5494,"date":"2026-03-31T11:39:29","date_gmt":"2026-03-31T14:39:29","guid":{"rendered":"https:\/\/web.consaguirre.com.ar\/noticias\/the-cranberries-celebran-su-debut-en-1993-con-un-nuevo-vinilo\/"},"modified":"2026-03-31T11:39:31","modified_gmt":"2026-03-31T14:39:31","slug":"the-cranberries-celebran-su-debut-en-1993-con-un-nuevo-vinilo","status":"publish","type":"post","link":"https:\/\/web.consaguirre.com.ar\/noticias\/the-cranberries-celebran-su-debut-en-1993-con-un-nuevo-vinilo\/","title":{"rendered":"The Cranberries celebran su debut en 1993 con un nuevo vinilo"},"content":{"rendered":"<p>Los Cranberries est\u00e1n celebrando su debut en el estudio en 1993. <em>Todos los dem\u00e1s lo est\u00e1n haciendo, entonces, \u00bfpor qu\u00e9 nosotros no podemos?<\/em> con varios formatos f\u00edsicos nuevos, entre ellos una edici\u00f3n Vinylphyle. El innovador primer \u00e1lbum de la banda irlandesa de rock alternativo incluye los sencillos \u201cDreams\u201d y \u201cLinger\u201d.<\/p>\n<p>La edici\u00f3n Vinylphyle est\u00e1 cortada directamente de las cintas maestras originales de Joe Nino-Hernes y presenta un inserto de cuatro paneles con escaneos de cajas de cintas y nuevas notas escritas por Stuart Clark, editor adjunto de la revista de cultura irlandesa. <em>Prensa caliente<\/em> y autor del libro <em>\u00bfPor qu\u00e9 no podemos?<\/em> sobre Los Cranberries y Dolores O&#8217;Riordan.<\/p>\n<div align=\"center\">\n<div class=\"udiscover-store-container\">\n<div id='udiscover-store-three-product'><\/div>\n<\/div>\n<p>\/*<!(CDATA(*\/(function (){var scriptURL='https:\/\/sdks.shopifycdn.com\/buy-button\/latest\/buy-button-storefront.min.js';if(window.ShopifyBuy){if(window.ShopifyBuy.UI){ShopifyBuyInit();}else{loadScript();}}else{loadScript();}funci\u00f3n loadScript(){var script=document.createElement('script');script.async=true;script.src=scriptURL;(document.getElementsByTagName('head')(0)|| document.getElementsByTagName('body')(0)).appendChild(script);script.onload=ShopifyBuyInit;} function ShopifyBuyInit(){var cliente=ShopifyBuy.buildClient({dominio:'udiscover.myshopify.com',storefrontAccessToken: 'bdc89f347d2ce61c1feeb9f8c60b2b98',}); ShopifyBuy.UI.onReady(cliente).luego(funci\u00f3n(ui){ ui.createComponent('productSet',{ id:(7753018605645,7752995930189,7752995864653), nodo:document.getElementById('udiscover-store-tres-producto'), moneyFormat:'%24%7B%7Bamount%7D%7D', opciones:{&quot;producto&quot;:{&quot;marco flotante&quot;:FALSO,&quot;bot\u00f3nDestino&quot;:&quot;modal&quot;,&quot;contenido&quot;:{&quot;opciones&quot;:verdadero},&quot;texto&quot;:{&quot;bot\u00f3n&quot;:&quot;PEDIR AHORA&quot;,&quot;Agotado&quot;:&quot;Lo sentimos, esto est\u00e1 agotado.&quot;}},&quot;conjunto de productos&quot;:{&quot;marco flotante&quot;:FALSO},&quot;modalProducto&quot;:{&quot;marco flotante&quot;:FALSO,&quot;contenido&quot;:{&quot;imagen&quot;:FALSO,&quot;imgConCarrusel&quot;:verdadero,&quot;bot\u00f3n&quot;:FALSO,&quot;bot\u00f3nConCantidad&quot;:verdadero}},&quot;modal&quot;:{&quot;marco flotante&quot;:FALSO},&quot;opci\u00f3n&quot;:{&quot;marco flotante&quot;:FALSO},&quot;carro&quot;:{&quot;marco flotante&quot;:FALSO},&quot;palanca&quot;:{&quot;marco flotante&quot;:FALSO,&quot;contenido&quot;:{&quot;icono&quot;:FALSO}},&quot;art\u00edculo de l\u00ednea&quot;:{&quot;marco flotante&quot;:FALSO}}, }); }); } })(); \/*))>*\/ <\/div>\n<\/p>\n<p><em>Todos los dem\u00e1s lo est\u00e1n haciendo, entonces, \u00bfpor qu\u00e9 nosotros no podemos?<\/em> estar\u00e1 disponible como un conjunto de 3LP de edici\u00f3n limitada de lujo con audio recientemente remasterizado del productor original del \u00e1lbum, Stephen Street, as\u00ed como una mezcla completamente nueva del \u00e1lbum, todo realizado en Abbey Road Studios en Londres. La edici\u00f3n 3LP incluye temas grabados durante las sesiones del \u00e1lbum original, temas en vivo in\u00e9ditos de su show London Astoria II en 1994 y el aclamado remix de Iain Cook de \u201cLinger\u201d.<\/p>\n<p>EP de 1991 de The Cranberries <em>Incierto<\/em> Tambi\u00e9n tendr\u00e1 un gran lanzamiento f\u00edsico en honor a su 35 aniversario. El EP estar\u00e1 disponible en 45rpm. S\u00f3lo alrededor de 5.000 copias de <em>Incierto<\/em> se lanzaron originalmente, y aquellos que tuvieron la suerte de conseguir una copia estuvieron expuestos a los talentos florecientes del vocalista principal O&#8217;Riordan, el baterista Fergal Lawler, el bajista Mike Hogan y el guitarrista Noel Hogan.<\/p>\n<p>En honor a los nuevos lanzamientos, la artista mexicana de pop de dormitorio Bratty, nacida como Jennifer Ju\u00e1rez, le ha dado su propio toque melanc\u00f3lico a \u201cLinger\u201d.<\/p>\n<p>Los Cranberries fueron recientemente honrados con el premio Icon en los premios ZYN Rolling Stone UK. El premio anual reconoce a los artistas que han tenido un impacto imborrable en la historia de la m\u00fasica.<\/p>\n<p>Al aceptar el premio, Hogan comparti\u00f3: &#8220;Dolores falleci\u00f3 hace casi ocho a\u00f1os, por lo que es un testimonio de que las canciones han durado tanto. Cuando \u00e9ramos ni\u00f1os en Limerick, nunca pensamos que nuestras canciones durar\u00edan tanto, y mucho menos 37 a\u00f1os&#8221;.<\/p>\n<p><b>Compre los ar\u00e1ndanos <em>Todos los dem\u00e1s lo est\u00e1n haciendo, entonces, \u00bfpor qu\u00e9 nosotros no podemos?<\/em> aqu\u00ed.<\/b><\/p>\n","protected":false},"excerpt":{"rendered":"<p>Los Cranberries est\u00e1n celebrando su debut en el estudio en 1993. Todos los dem\u00e1s lo est\u00e1n haciendo, entonces, \u00bfpor qu\u00e9 nosotros no podemos? con varios<\/p>\n","protected":false},"author":1,"featured_media":5495,"comment_status":"closed","ping_status":"","sticky":false,"template":"","format":"standard","meta":{"footnotes":""},"categories":[50],"tags":[714,32,1221,257,146,87],"class_list":["post-5494","post","type-post","status-publish","format-standard","has-post-thumbnail","hentry","category-el-ultimo","tag-celebran","tag-con","tag-cranberries","tag-debut","tag-nuevo","tag-vinilo","generate-columns","tablet-grid-50","mobile-grid-100","grid-parent","grid-50"],"yoast_head":"<!-- This site is optimized with the Yoast SEO plugin v23.3 - https:\/\/yoast.com\/wordpress\/plugins\/seo\/ -->\n<title>The Cranberries celebran su debut en 1993 con un nuevo vinilo<\/title>\n<meta name=\"robots\" content=\"index, follow, max-snippet:-1, max-image-preview:large, max-video-preview:-1\" \/>\n<link rel=\"canonical\" href=\"https:\/\/web.consaguirre.com.ar\/noticias\/the-cranberries-celebran-su-debut-en-1993-con-un-nuevo-vinilo\/\" \/>\n<meta property=\"og:locale\" content=\"es_ES\" \/>\n<meta property=\"og:type\" content=\"article\" \/>\n<meta property=\"og:title\" content=\"The Cranberries celebran su debut en 1993 con un nuevo vinilo\" \/>\n<meta property=\"og:description\" content=\"Los Cranberries est\u00e1n celebrando su debut en el estudio en 1993. Todos los dem\u00e1s lo est\u00e1n haciendo, entonces, \u00bfpor qu\u00e9 nosotros no podemos? con varios\" \/>\n<meta property=\"og:url\" content=\"https:\/\/web.consaguirre.com.ar\/noticias\/the-cranberries-celebran-su-debut-en-1993-con-un-nuevo-vinilo\/\" \/>\n<meta property=\"og:site_name\" content=\"Conservatorio de M\u00fasica Juli\u00e1n Aguirre\" \/>\n<meta property=\"article:published_time\" content=\"2026-03-31T14:39:29+00:00\" \/>\n<meta property=\"article:modified_time\" content=\"2026-03-31T14:39:31+00:00\" \/>\n<meta property=\"og:image\" content=\"https:\/\/web.consaguirre.com.ar\/noticias\/wp-content\/uploads\/2026\/03\/1774967970_The-Cranberries-celebran-su-debut-en-1993-con-un-nuevo.jpg\" \/>\n\t<meta property=\"og:image:width\" content=\"820\" \/>\n\t<meta property=\"og:image:height\" content=\"820\" \/>\n\t<meta property=\"og:image:type\" content=\"image\/jpeg\" \/>\n<meta name=\"author\" content=\"Javier Figueroa\" \/>\n<meta name=\"twitter:card\" content=\"summary_large_image\" \/>\n<meta name=\"twitter:label1\" content=\"Escrito por\" \/>\n\t<meta name=\"twitter:data1\" content=\"Javier Figueroa\" \/>\n\t<meta name=\"twitter:label2\" content=\"Tiempo de lectura\" \/>\n\t<meta name=\"twitter:data2\" content=\"2 minutos\" \/>\n<script type=\"application\/ld+json\" class=\"yoast-schema-graph\">{\"@context\":\"https:\/\/schema.org\",\"@graph\":[{\"@type\":\"Article\",\"@id\":\"https:\/\/web.consaguirre.com.ar\/noticias\/the-cranberries-celebran-su-debut-en-1993-con-un-nuevo-vinilo\/#article\",\"isPartOf\":{\"@id\":\"https:\/\/web.consaguirre.com.ar\/noticias\/the-cranberries-celebran-su-debut-en-1993-con-un-nuevo-vinilo\/\"},\"author\":{\"name\":\"Javier Figueroa\",\"@id\":\"https:\/\/web.consaguirre.com.ar\/noticias\/#\/schema\/person\/6558b0cfedee7ddc5425602b237d5722\"},\"headline\":\"The Cranberries celebran su debut en 1993 con un nuevo vinilo\",\"datePublished\":\"2026-03-31T14:39:29+00:00\",\"dateModified\":\"2026-03-31T14:39:31+00:00\",\"mainEntityOfPage\":{\"@id\":\"https:\/\/web.consaguirre.com.ar\/noticias\/the-cranberries-celebran-su-debut-en-1993-con-un-nuevo-vinilo\/\"},\"wordCount\":410,\"publisher\":{\"@id\":\"https:\/\/web.consaguirre.com.ar\/noticias\/#organization\"},\"image\":{\"@id\":\"https:\/\/web.consaguirre.com.ar\/noticias\/the-cranberries-celebran-su-debut-en-1993-con-un-nuevo-vinilo\/#primaryimage\"},\"thumbnailUrl\":\"https:\/\/web.consaguirre.com.ar\/noticias\/wp-content\/uploads\/2026\/03\/1774967970_The-Cranberries-celebran-su-debut-en-1993-con-un-nuevo.jpg\",\"keywords\":[\"celebran\",\"con\",\"Cranberries\",\"debut\",\"nuevo\",\"vinilo\"],\"articleSection\":[\"El \u00faltimo\"],\"inLanguage\":\"es-AR\"},{\"@type\":\"WebPage\",\"@id\":\"https:\/\/web.consaguirre.com.ar\/noticias\/the-cranberries-celebran-su-debut-en-1993-con-un-nuevo-vinilo\/\",\"url\":\"https:\/\/web.consaguirre.com.ar\/noticias\/the-cranberries-celebran-su-debut-en-1993-con-un-nuevo-vinilo\/\",\"name\":\"The Cranberries celebran su debut en 1993 con un nuevo vinilo\",\"isPartOf\":{\"@id\":\"https:\/\/web.consaguirre.com.ar\/noticias\/#website\"},\"primaryImageOfPage\":{\"@id\":\"https:\/\/web.consaguirre.com.ar\/noticias\/the-cranberries-celebran-su-debut-en-1993-con-un-nuevo-vinilo\/#primaryimage\"},\"image\":{\"@id\":\"https:\/\/web.consaguirre.com.ar\/noticias\/the-cranberries-celebran-su-debut-en-1993-con-un-nuevo-vinilo\/#primaryimage\"},\"thumbnailUrl\":\"https:\/\/web.consaguirre.com.ar\/noticias\/wp-content\/uploads\/2026\/03\/1774967970_The-Cranberries-celebran-su-debut-en-1993-con-un-nuevo.jpg\",\"datePublished\":\"2026-03-31T14:39:29+00:00\",\"dateModified\":\"2026-03-31T14:39:31+00:00\",\"breadcrumb\":{\"@id\":\"https:\/\/web.consaguirre.com.ar\/noticias\/the-cranberries-celebran-su-debut-en-1993-con-un-nuevo-vinilo\/#breadcrumb\"},\"inLanguage\":\"es-AR\",\"potentialAction\":[{\"@type\":\"ReadAction\",\"target\":[\"https:\/\/web.consaguirre.com.ar\/noticias\/the-cranberries-celebran-su-debut-en-1993-con-un-nuevo-vinilo\/\"]}]},{\"@type\":\"ImageObject\",\"inLanguage\":\"es-AR\",\"@id\":\"https:\/\/web.consaguirre.com.ar\/noticias\/the-cranberries-celebran-su-debut-en-1993-con-un-nuevo-vinilo\/#primaryimage\",\"url\":\"https:\/\/web.consaguirre.com.ar\/noticias\/wp-content\/uploads\/2026\/03\/1774967970_The-Cranberries-celebran-su-debut-en-1993-con-un-nuevo.jpg\",\"contentUrl\":\"https:\/\/web.consaguirre.com.ar\/noticias\/wp-content\/uploads\/2026\/03\/1774967970_The-Cranberries-celebran-su-debut-en-1993-con-un-nuevo.jpg\",\"width\":820,\"height\":820,\"caption\":\"The Cranberries Everybody Else Is Doing It\"},{\"@type\":\"BreadcrumbList\",\"@id\":\"https:\/\/web.consaguirre.com.ar\/noticias\/the-cranberries-celebran-su-debut-en-1993-con-un-nuevo-vinilo\/#breadcrumb\",\"itemListElement\":[{\"@type\":\"ListItem\",\"position\":1,\"name\":\"Inicio\",\"item\":\"https:\/\/web.consaguirre.com.ar\/noticias\/\"},{\"@type\":\"ListItem\",\"position\":2,\"name\":\"The Cranberries celebran su debut en 1993 con un nuevo vinilo\"}]},{\"@type\":\"WebSite\",\"@id\":\"https:\/\/web.consaguirre.com.ar\/noticias\/#website\",\"url\":\"https:\/\/web.consaguirre.com.ar\/noticias\/\",\"name\":\"Conservatorio de M\u00fasica Juli\u00e1n Aguirre\",\"description\":\"\",\"publisher\":{\"@id\":\"https:\/\/web.consaguirre.com.ar\/noticias\/#organization\"},\"potentialAction\":[{\"@type\":\"SearchAction\",\"target\":{\"@type\":\"EntryPoint\",\"urlTemplate\":\"https:\/\/web.consaguirre.com.ar\/noticias\/?s={search_term_string}\"},\"query-input\":\"required name=search_term_string\"}],\"inLanguage\":\"es-AR\"},{\"@type\":\"Organization\",\"@id\":\"https:\/\/web.consaguirre.com.ar\/noticias\/#organization\",\"name\":\"Conservatorio de M\u00fasica Juli\u00e1n Aguirre\",\"url\":\"https:\/\/web.consaguirre.com.ar\/noticias\/\",\"logo\":{\"@type\":\"ImageObject\",\"inLanguage\":\"es-AR\",\"@id\":\"https:\/\/web.consaguirre.com.ar\/noticias\/#\/schema\/logo\/image\/\",\"url\":\"https:\/\/web.consaguirre.com.ar\/noticias\/wp-content\/uploads\/2024\/08\/Banner-Aguirre-23.jpg\",\"contentUrl\":\"https:\/\/web.consaguirre.com.ar\/noticias\/wp-content\/uploads\/2024\/08\/Banner-Aguirre-23.jpg\",\"width\":1192,\"height\":600,\"caption\":\"Conservatorio de M\u00fasica Juli\u00e1n Aguirre\"},\"image\":{\"@id\":\"https:\/\/web.consaguirre.com.ar\/noticias\/#\/schema\/logo\/image\/\"}},{\"@type\":\"Person\",\"@id\":\"https:\/\/web.consaguirre.com.ar\/noticias\/#\/schema\/person\/6558b0cfedee7ddc5425602b237d5722\",\"name\":\"Javier Figueroa\",\"image\":{\"@type\":\"ImageObject\",\"inLanguage\":\"es-AR\",\"@id\":\"https:\/\/web.consaguirre.com.ar\/noticias\/#\/schema\/person\/image\/\",\"url\":\"https:\/\/web.consaguirre.com.ar\/noticias\/wp-content\/uploads\/2024\/08\/Consaguirre-scaled.jpg\",\"contentUrl\":\"https:\/\/web.consaguirre.com.ar\/noticias\/wp-content\/uploads\/2024\/08\/Consaguirre-scaled.jpg\",\"caption\":\"Javier Figueroa\"},\"description\":\"Me llamo Javier Figueroa y soy redactor para el sitio oficial del Conservatorio de M\u00fasica Juli\u00e1n Aguirre en Buenos Aires, consaguirre.com. Apasionado por la m\u00fasica y la escritura, me esfuerzo por destacar los talentos y eventos de nuestra prestigiosa instituci\u00f3n. Mi trayectoria se nutre de una profunda admiraci\u00f3n por los artistas, haciendo de cada art\u00edculo una celebraci\u00f3n de la creatividad y la cultura musical.\",\"sameAs\":[\"https:\/\/web.consaguirre.com.ar\/noticias\"]}]}<\/script>\n<!-- \/ Yoast SEO plugin. -->","yoast_head_json":{"title":"The Cranberries celebran su debut en 1993 con un nuevo vinilo","robots":{"index":"index","follow":"follow","max-snippet":"max-snippet:-1","max-image-preview":"max-image-preview:large","max-video-preview":"max-video-preview:-1"},"canonical":"https:\/\/web.consaguirre.com.ar\/noticias\/the-cranberries-celebran-su-debut-en-1993-con-un-nuevo-vinilo\/","og_locale":"es_ES","og_type":"article","og_title":"The Cranberries celebran su debut en 1993 con un nuevo vinilo","og_description":"Los Cranberries est\u00e1n celebrando su debut en el estudio en 1993. Todos los dem\u00e1s lo est\u00e1n haciendo, entonces, \u00bfpor qu\u00e9 nosotros no podemos? con varios","og_url":"https:\/\/web.consaguirre.com.ar\/noticias\/the-cranberries-celebran-su-debut-en-1993-con-un-nuevo-vinilo\/","og_site_name":"Conservatorio de M\u00fasica Juli\u00e1n Aguirre","article_published_time":"2026-03-31T14:39:29+00:00","article_modified_time":"2026-03-31T14:39:31+00:00","og_image":[{"width":820,"height":820,"url":"https:\/\/web.consaguirre.com.ar\/noticias\/wp-content\/uploads\/2026\/03\/1774967970_The-Cranberries-celebran-su-debut-en-1993-con-un-nuevo.jpg","type":"image\/jpeg"}],"author":"Javier Figueroa","twitter_card":"summary_large_image","twitter_misc":{"Escrito por":"Javier Figueroa","Tiempo de lectura":"2 minutos"},"schema":{"@context":"https:\/\/schema.org","@graph":[{"@type":"Article","@id":"https:\/\/web.consaguirre.com.ar\/noticias\/the-cranberries-celebran-su-debut-en-1993-con-un-nuevo-vinilo\/#article","isPartOf":{"@id":"https:\/\/web.consaguirre.com.ar\/noticias\/the-cranberries-celebran-su-debut-en-1993-con-un-nuevo-vinilo\/"},"author":{"name":"Javier Figueroa","@id":"https:\/\/web.consaguirre.com.ar\/noticias\/#\/schema\/person\/6558b0cfedee7ddc5425602b237d5722"},"headline":"The Cranberries celebran su debut en 1993 con un nuevo vinilo","datePublished":"2026-03-31T14:39:29+00:00","dateModified":"2026-03-31T14:39:31+00:00","mainEntityOfPage":{"@id":"https:\/\/web.consaguirre.com.ar\/noticias\/the-cranberries-celebran-su-debut-en-1993-con-un-nuevo-vinilo\/"},"wordCount":410,"publisher":{"@id":"https:\/\/web.consaguirre.com.ar\/noticias\/#organization"},"image":{"@id":"https:\/\/web.consaguirre.com.ar\/noticias\/the-cranberries-celebran-su-debut-en-1993-con-un-nuevo-vinilo\/#primaryimage"},"thumbnailUrl":"https:\/\/web.consaguirre.com.ar\/noticias\/wp-content\/uploads\/2026\/03\/1774967970_The-Cranberries-celebran-su-debut-en-1993-con-un-nuevo.jpg","keywords":["celebran","con","Cranberries","debut","nuevo","vinilo"],"articleSection":["El \u00faltimo"],"inLanguage":"es-AR"},{"@type":"WebPage","@id":"https:\/\/web.consaguirre.com.ar\/noticias\/the-cranberries-celebran-su-debut-en-1993-con-un-nuevo-vinilo\/","url":"https:\/\/web.consaguirre.com.ar\/noticias\/the-cranberries-celebran-su-debut-en-1993-con-un-nuevo-vinilo\/","name":"The Cranberries celebran su debut en 1993 con un nuevo vinilo","isPartOf":{"@id":"https:\/\/web.consaguirre.com.ar\/noticias\/#website"},"primaryImageOfPage":{"@id":"https:\/\/web.consaguirre.com.ar\/noticias\/the-cranberries-celebran-su-debut-en-1993-con-un-nuevo-vinilo\/#primaryimage"},"image":{"@id":"https:\/\/web.consaguirre.com.ar\/noticias\/the-cranberries-celebran-su-debut-en-1993-con-un-nuevo-vinilo\/#primaryimage"},"thumbnailUrl":"https:\/\/web.consaguirre.com.ar\/noticias\/wp-content\/uploads\/2026\/03\/1774967970_The-Cranberries-celebran-su-debut-en-1993-con-un-nuevo.jpg","datePublished":"2026-03-31T14:39:29+00:00","dateModified":"2026-03-31T14:39:31+00:00","breadcrumb":{"@id":"https:\/\/web.consaguirre.com.ar\/noticias\/the-cranberries-celebran-su-debut-en-1993-con-un-nuevo-vinilo\/#breadcrumb"},"inLanguage":"es-AR","potentialAction":[{"@type":"ReadAction","target":["https:\/\/web.consaguirre.com.ar\/noticias\/the-cranberries-celebran-su-debut-en-1993-con-un-nuevo-vinilo\/"]}]},{"@type":"ImageObject","inLanguage":"es-AR","@id":"https:\/\/web.consaguirre.com.ar\/noticias\/the-cranberries-celebran-su-debut-en-1993-con-un-nuevo-vinilo\/#primaryimage","url":"https:\/\/web.consaguirre.com.ar\/noticias\/wp-content\/uploads\/2026\/03\/1774967970_The-Cranberries-celebran-su-debut-en-1993-con-un-nuevo.jpg","contentUrl":"https:\/\/web.consaguirre.com.ar\/noticias\/wp-content\/uploads\/2026\/03\/1774967970_The-Cranberries-celebran-su-debut-en-1993-con-un-nuevo.jpg","width":820,"height":820,"caption":"The Cranberries Everybody Else Is Doing It"},{"@type":"BreadcrumbList","@id":"https:\/\/web.consaguirre.com.ar\/noticias\/the-cranberries-celebran-su-debut-en-1993-con-un-nuevo-vinilo\/#breadcrumb","itemListElement":[{"@type":"ListItem","position":1,"name":"Inicio","item":"https:\/\/web.consaguirre.com.ar\/noticias\/"},{"@type":"ListItem","position":2,"name":"The Cranberries celebran su debut en 1993 con un nuevo vinilo"}]},{"@type":"WebSite","@id":"https:\/\/web.consaguirre.com.ar\/noticias\/#website","url":"https:\/\/web.consaguirre.com.ar\/noticias\/","name":"Conservatorio de M\u00fasica Juli\u00e1n Aguirre","description":"","publisher":{"@id":"https:\/\/web.consaguirre.com.ar\/noticias\/#organization"},"potentialAction":[{"@type":"SearchAction","target":{"@type":"EntryPoint","urlTemplate":"https:\/\/web.consaguirre.com.ar\/noticias\/?s={search_term_string}"},"query-input":"required name=search_term_string"}],"inLanguage":"es-AR"},{"@type":"Organization","@id":"https:\/\/web.consaguirre.com.ar\/noticias\/#organization","name":"Conservatorio de M\u00fasica Juli\u00e1n Aguirre","url":"https:\/\/web.consaguirre.com.ar\/noticias\/","logo":{"@type":"ImageObject","inLanguage":"es-AR","@id":"https:\/\/web.consaguirre.com.ar\/noticias\/#\/schema\/logo\/image\/","url":"https:\/\/web.consaguirre.com.ar\/noticias\/wp-content\/uploads\/2024\/08\/Banner-Aguirre-23.jpg","contentUrl":"https:\/\/web.consaguirre.com.ar\/noticias\/wp-content\/uploads\/2024\/08\/Banner-Aguirre-23.jpg","width":1192,"height":600,"caption":"Conservatorio de M\u00fasica Juli\u00e1n Aguirre"},"image":{"@id":"https:\/\/web.consaguirre.com.ar\/noticias\/#\/schema\/logo\/image\/"}},{"@type":"Person","@id":"https:\/\/web.consaguirre.com.ar\/noticias\/#\/schema\/person\/6558b0cfedee7ddc5425602b237d5722","name":"Javier Figueroa","image":{"@type":"ImageObject","inLanguage":"es-AR","@id":"https:\/\/web.consaguirre.com.ar\/noticias\/#\/schema\/person\/image\/","url":"https:\/\/web.consaguirre.com.ar\/noticias\/wp-content\/uploads\/2024\/08\/Consaguirre-scaled.jpg","contentUrl":"https:\/\/web.consaguirre.com.ar\/noticias\/wp-content\/uploads\/2024\/08\/Consaguirre-scaled.jpg","caption":"Javier Figueroa"},"description":"Me llamo Javier Figueroa y soy redactor para el sitio oficial del Conservatorio de M\u00fasica Juli\u00e1n Aguirre en Buenos Aires, consaguirre.com. Apasionado por la m\u00fasica y la escritura, me esfuerzo por destacar los talentos y eventos de nuestra prestigiosa instituci\u00f3n. Mi trayectoria se nutre de una profunda admiraci\u00f3n por los artistas, haciendo de cada art\u00edculo una celebraci\u00f3n de la creatividad y la cultura musical.","sameAs":["https:\/\/web.consaguirre.com.ar\/noticias"]}]}},"_links":{"self":[{"href":"https:\/\/web.consaguirre.com.ar\/noticias\/wp-json\/wp\/v2\/posts\/5494"}],"collection":[{"href":"https:\/\/web.consaguirre.com.ar\/noticias\/wp-json\/wp\/v2\/posts"}],"about":[{"href":"https:\/\/web.consaguirre.com.ar\/noticias\/wp-json\/wp\/v2\/types\/post"}],"author":[{"embeddable":true,"href":"https:\/\/web.consaguirre.com.ar\/noticias\/wp-json\/wp\/v2\/users\/1"}],"replies":[{"embeddable":true,"href":"https:\/\/web.consaguirre.com.ar\/noticias\/wp-json\/wp\/v2\/comments?post=5494"}],"version-history":[{"count":1,"href":"https:\/\/web.consaguirre.com.ar\/noticias\/wp-json\/wp\/v2\/posts\/5494\/revisions"}],"predecessor-version":[{"id":5496,"href":"https:\/\/web.consaguirre.com.ar\/noticias\/wp-json\/wp\/v2\/posts\/5494\/revisions\/5496"}],"wp:featuredmedia":[{"embeddable":true,"href":"https:\/\/web.consaguirre.com.ar\/noticias\/wp-json\/wp\/v2\/media\/5495"}],"wp:attachment":[{"href":"https:\/\/web.consaguirre.com.ar\/noticias\/wp-json\/wp\/v2\/media?parent=5494"}],"wp:term":[{"taxonomy":"category","embeddable":true,"href":"https:\/\/web.consaguirre.com.ar\/noticias\/wp-json\/wp\/v2\/categories?post=5494"},{"taxonomy":"post_tag","embeddable":true,"href":"https:\/\/web.consaguirre.com.ar\/noticias\/wp-json\/wp\/v2\/tags?post=5494"}],"curies":[{"name":"wp","href":"https:\/\/api.w.org\/{rel}","templated":true}]}}