{"id":5491,"date":"2026-03-31T02:39:49","date_gmt":"2026-03-31T05:39:49","guid":{"rendered":"https:\/\/web.consaguirre.com.ar\/noticias\/impressions-de-john-coltrane-se-une-a-la-serie-verve-acoustic-sounds\/"},"modified":"2026-03-31T02:39:50","modified_gmt":"2026-03-31T05:39:50","slug":"impressions-de-john-coltrane-se-une-a-la-serie-verve-acoustic-sounds","status":"publish","type":"post","link":"https:\/\/web.consaguirre.com.ar\/noticias\/impressions-de-john-coltrane-se-une-a-la-serie-verve-acoustic-sounds\/","title":{"rendered":"&#8216;Impressions&#8217; de John Coltrane se une a la serie Verve Acoustic Sounds"},"content":{"rendered":"<p>Grabado entre 1961 y 1963 y publicado en Impulse! Registros en julio de 1963, <em>Impresiones<\/em> documenta el cuarteto cl\u00e1sico de John Coltrane con el pianista McCoy Tyner, el bajista Jimmy Garrison y el baterista Elvin Jones. Esas sesiones se lanzar\u00e1n una vez m\u00e1s a trav\u00e9s de la serie Verve Acoustic Sounds a finales de este a\u00f1o.<\/p>\n<p>Dos selecciones: \u201cIndia\u201d e \u201cImpressions\u201d se originan en el compromiso del grupo en noviembre de 1961 en el Village Vanguard, donde se uni\u00f3 al cuarteto Eric Dolphy en saxof\u00f3n alto, clarinete bajo y flauta y el segundo bajista Reggie Workman. Estos se combinan con las grabaciones de estudio &#8220;Up &#8216;Gainst the Wall&#8221; (grabada el 18 de septiembre de 1962) y &#8220;After the Rain&#8221; (grabada el 29 de abril de 1963 en Van Gelder Studio en Englewood Cliffs, Nueva Jersey), esta \u00faltima con Roy Haynes en la bater\u00eda. Publicado durante el mismo per\u00edodo que los \u00e1lbumes que incluyen <em>Coltrane<\/em> y <em>Vive en Birdland<\/em>, <em>Impresiones<\/em> Forma parte del Impulse! de Coltrane de principios de la d\u00e9cada de 1960. discograf\u00eda, demostrando el poder \u00fanico del cuarteto tanto en presentaciones en vivo ampliadas como en contextos de estudio.<\/p>\n<div align='center'>\n<div class=\"udiscover-store-container\">\n<div id='udiscover-store-one-product'><\/div>\n<\/div>\n<p>\/*<!(CDATA(*\/(function (){var scriptURL='https:\/\/sdks.shopifycdn.com\/buy-button\/latest\/buy-button-storefront.min.js';if(window.ShopifyBuy){if(window.ShopifyBuy.UI){ShopifyBuyInit();}else{loadScript();}}else{loadScript();}funci\u00f3n loadScript(){var script=document.createElement('script');script.async=true;script.src=scriptURL;(document.getElementsByTagName('head')(0)|| document.getElementsByTagName('body')(0)).appendChild(script);script.onload=ShopifyBuyInit;} function ShopifyBuyInit(){var cliente=ShopifyBuy.buildClient({dominio:'udiscover.myshopify.com',storefrontAccessToken: 'bdc89f347d2ce61c1feeb9f8c60b2b98',}); ShopifyBuy.UI.onReady(cliente).luego(funci\u00f3n(ui){ ui.createComponent('producto',{ id:(7751585136717), nodo:document.getElementById('udiscover-store-one-product'), moneyFormat:'%24%7B%7Bamount%7D%7D', opciones:{'product':{'iframe':false,'buttonDestination':'modal','contents':{'options':true},'text':{'button':'ORDEN AHORA','outOfStock':'Lo sentimos, esto est\u00e1 agotado stock'}},'productSet':{'iframe':false},'modalProduct':{'iframe':false,'contents':{'img':false,'imgWithCarousel':true,'button':false,'buttonWithQuantity':true} },'modal':{'iframe':false},'option':{'iframe':false},'cart':{'iframe':false},'toggle':{'iframe':false,'contents':{'icon':false}},'lineItem':{'iframe':false}}, }); }); <\/div>\n<\/p>\n<p>A principios de este a\u00f1o, se anunciaron las celebraciones del centenario de Coltrane. Est\u00e1n previstas varias reediciones, incluida \u00e9sta. Recientemente, una edici\u00f3n de la serie Verve Acoustic Sounds de <em>\u00c1frica\/Lat\u00f3n<\/em> estuvo disponible para pedidos anticipados. M\u00e1s tarde, en 2026, tambi\u00e9n se realizar\u00e1 una gira de conciertos con reconocidos artistas de jazz como Joe Lovano, Melissa Aldana y otros.<\/p>\n<p>\u00a1La serie Verve \/ Acoustic Sounds presenta reediciones en vinilo totalmente anal\u00f3gico de 180 gramos de \u00e1lbumes esenciales de Verve e Impulse! cat\u00e1logos. Masterizado a partir de las cintas anal\u00f3gicas originales por Ryan K. Smith en Sterling Sound y prensado en vinilo de 180 gramos en Quality Record Pressings (QRP) en Kansas, cada lanzamiento combina una fidelidad de audio de primer nivel con cubiertas meticulosamente reproducidas, ofreciendo recreaciones fieles de los LP originales para los oyentes m\u00e1s exigentes.<\/p>\n<p><b>Compre la serie Verve Acoustic Sounds ahora.<\/b><\/p>\n","protected":false},"excerpt":{"rendered":"<p>Grabado entre 1961 y 1963 y publicado en Impulse! Registros en julio de 1963, Impresiones documenta el cuarteto cl\u00e1sico de John Coltrane con el pianista<\/p>\n","protected":false},"author":1,"featured_media":5492,"comment_status":"closed","ping_status":"","sticky":false,"template":"","format":"standard","meta":{"footnotes":""},"categories":[50],"tags":[1144,1454,4044,91,220,1503,455,1182],"class_list":["post-5491","post","type-post","status-publish","format-standard","has-post-thumbnail","hentry","category-el-ultimo","tag-acoustic","tag-coltrane","tag-impressions","tag-john","tag-serie","tag-sounds","tag-une","tag-verve","generate-columns","tablet-grid-50","mobile-grid-100","grid-parent","grid-50"],"yoast_head":"<!-- This site is optimized with the Yoast SEO plugin v23.3 - https:\/\/yoast.com\/wordpress\/plugins\/seo\/ -->\n<title>&#039;Impressions&#039; de John Coltrane se une a la serie Verve Acoustic Sounds<\/title>\n<meta name=\"robots\" content=\"index, follow, max-snippet:-1, max-image-preview:large, max-video-preview:-1\" \/>\n<link rel=\"canonical\" href=\"https:\/\/web.consaguirre.com.ar\/noticias\/impressions-de-john-coltrane-se-une-a-la-serie-verve-acoustic-sounds\/\" \/>\n<meta property=\"og:locale\" content=\"es_ES\" \/>\n<meta property=\"og:type\" content=\"article\" \/>\n<meta property=\"og:title\" content=\"&#039;Impressions&#039; de John Coltrane se une a la serie Verve Acoustic Sounds\" \/>\n<meta property=\"og:description\" content=\"Grabado entre 1961 y 1963 y publicado en Impulse! Registros en julio de 1963, Impresiones documenta el cuarteto cl\u00e1sico de John Coltrane con el pianista\" \/>\n<meta property=\"og:url\" content=\"https:\/\/web.consaguirre.com.ar\/noticias\/impressions-de-john-coltrane-se-une-a-la-serie-verve-acoustic-sounds\/\" \/>\n<meta property=\"og:site_name\" content=\"Conservatorio de M\u00fasica Juli\u00e1n Aguirre\" \/>\n<meta property=\"article:published_time\" content=\"2026-03-31T05:39:49+00:00\" \/>\n<meta property=\"article:modified_time\" content=\"2026-03-31T05:39:50+00:00\" \/>\n<meta property=\"og:image\" content=\"https:\/\/web.consaguirre.com.ar\/noticias\/wp-content\/uploads\/2026\/03\/Impressions-de-John-Coltrane-se-une-a-la-serie-Verve.jpg\" \/>\n\t<meta property=\"og:image:width\" content=\"820\" \/>\n\t<meta property=\"og:image:height\" content=\"820\" \/>\n\t<meta property=\"og:image:type\" content=\"image\/jpeg\" \/>\n<meta name=\"author\" content=\"Javier Figueroa\" \/>\n<meta name=\"twitter:card\" content=\"summary_large_image\" \/>\n<meta name=\"twitter:label1\" content=\"Escrito por\" \/>\n\t<meta name=\"twitter:data1\" content=\"Javier Figueroa\" \/>\n\t<meta name=\"twitter:label2\" content=\"Tiempo de lectura\" \/>\n\t<meta name=\"twitter:data2\" content=\"2 minutos\" \/>\n<script type=\"application\/ld+json\" class=\"yoast-schema-graph\">{\"@context\":\"https:\/\/schema.org\",\"@graph\":[{\"@type\":\"Article\",\"@id\":\"https:\/\/web.consaguirre.com.ar\/noticias\/impressions-de-john-coltrane-se-une-a-la-serie-verve-acoustic-sounds\/#article\",\"isPartOf\":{\"@id\":\"https:\/\/web.consaguirre.com.ar\/noticias\/impressions-de-john-coltrane-se-une-a-la-serie-verve-acoustic-sounds\/\"},\"author\":{\"name\":\"Javier Figueroa\",\"@id\":\"https:\/\/web.consaguirre.com.ar\/noticias\/#\/schema\/person\/6558b0cfedee7ddc5425602b237d5722\"},\"headline\":\"&#8216;Impressions&#8217; de John Coltrane se une a la serie Verve Acoustic Sounds\",\"datePublished\":\"2026-03-31T05:39:49+00:00\",\"dateModified\":\"2026-03-31T05:39:50+00:00\",\"mainEntityOfPage\":{\"@id\":\"https:\/\/web.consaguirre.com.ar\/noticias\/impressions-de-john-coltrane-se-une-a-la-serie-verve-acoustic-sounds\/\"},\"wordCount\":353,\"publisher\":{\"@id\":\"https:\/\/web.consaguirre.com.ar\/noticias\/#organization\"},\"image\":{\"@id\":\"https:\/\/web.consaguirre.com.ar\/noticias\/impressions-de-john-coltrane-se-une-a-la-serie-verve-acoustic-sounds\/#primaryimage\"},\"thumbnailUrl\":\"https:\/\/web.consaguirre.com.ar\/noticias\/wp-content\/uploads\/2026\/03\/Impressions-de-John-Coltrane-se-une-a-la-serie-Verve.jpg\",\"keywords\":[\"Acoustic\",\"Coltrane\",\"Impressions\",\"John\",\"serie\",\"Sounds\",\"une\",\"Verve\"],\"articleSection\":[\"El \u00faltimo\"],\"inLanguage\":\"es-AR\"},{\"@type\":\"WebPage\",\"@id\":\"https:\/\/web.consaguirre.com.ar\/noticias\/impressions-de-john-coltrane-se-une-a-la-serie-verve-acoustic-sounds\/\",\"url\":\"https:\/\/web.consaguirre.com.ar\/noticias\/impressions-de-john-coltrane-se-une-a-la-serie-verve-acoustic-sounds\/\",\"name\":\"'Impressions' de John Coltrane se une a la serie Verve Acoustic Sounds\",\"isPartOf\":{\"@id\":\"https:\/\/web.consaguirre.com.ar\/noticias\/#website\"},\"primaryImageOfPage\":{\"@id\":\"https:\/\/web.consaguirre.com.ar\/noticias\/impressions-de-john-coltrane-se-une-a-la-serie-verve-acoustic-sounds\/#primaryimage\"},\"image\":{\"@id\":\"https:\/\/web.consaguirre.com.ar\/noticias\/impressions-de-john-coltrane-se-une-a-la-serie-verve-acoustic-sounds\/#primaryimage\"},\"thumbnailUrl\":\"https:\/\/web.consaguirre.com.ar\/noticias\/wp-content\/uploads\/2026\/03\/Impressions-de-John-Coltrane-se-une-a-la-serie-Verve.jpg\",\"datePublished\":\"2026-03-31T05:39:49+00:00\",\"dateModified\":\"2026-03-31T05:39:50+00:00\",\"breadcrumb\":{\"@id\":\"https:\/\/web.consaguirre.com.ar\/noticias\/impressions-de-john-coltrane-se-une-a-la-serie-verve-acoustic-sounds\/#breadcrumb\"},\"inLanguage\":\"es-AR\",\"potentialAction\":[{\"@type\":\"ReadAction\",\"target\":[\"https:\/\/web.consaguirre.com.ar\/noticias\/impressions-de-john-coltrane-se-une-a-la-serie-verve-acoustic-sounds\/\"]}]},{\"@type\":\"ImageObject\",\"inLanguage\":\"es-AR\",\"@id\":\"https:\/\/web.consaguirre.com.ar\/noticias\/impressions-de-john-coltrane-se-une-a-la-serie-verve-acoustic-sounds\/#primaryimage\",\"url\":\"https:\/\/web.consaguirre.com.ar\/noticias\/wp-content\/uploads\/2026\/03\/Impressions-de-John-Coltrane-se-une-a-la-serie-Verve.jpg\",\"contentUrl\":\"https:\/\/web.consaguirre.com.ar\/noticias\/wp-content\/uploads\/2026\/03\/Impressions-de-John-Coltrane-se-une-a-la-serie-Verve.jpg\",\"width\":820,\"height\":820,\"caption\":\"'Impressions' de John Coltrane se une a la serie Verve Acoustic Sounds\"},{\"@type\":\"BreadcrumbList\",\"@id\":\"https:\/\/web.consaguirre.com.ar\/noticias\/impressions-de-john-coltrane-se-une-a-la-serie-verve-acoustic-sounds\/#breadcrumb\",\"itemListElement\":[{\"@type\":\"ListItem\",\"position\":1,\"name\":\"Inicio\",\"item\":\"https:\/\/web.consaguirre.com.ar\/noticias\/\"},{\"@type\":\"ListItem\",\"position\":2,\"name\":\"&#8216;Impressions&#8217; de John Coltrane se une a la serie Verve Acoustic Sounds\"}]},{\"@type\":\"WebSite\",\"@id\":\"https:\/\/web.consaguirre.com.ar\/noticias\/#website\",\"url\":\"https:\/\/web.consaguirre.com.ar\/noticias\/\",\"name\":\"Conservatorio de M\u00fasica Juli\u00e1n Aguirre\",\"description\":\"\",\"publisher\":{\"@id\":\"https:\/\/web.consaguirre.com.ar\/noticias\/#organization\"},\"potentialAction\":[{\"@type\":\"SearchAction\",\"target\":{\"@type\":\"EntryPoint\",\"urlTemplate\":\"https:\/\/web.consaguirre.com.ar\/noticias\/?s={search_term_string}\"},\"query-input\":\"required name=search_term_string\"}],\"inLanguage\":\"es-AR\"},{\"@type\":\"Organization\",\"@id\":\"https:\/\/web.consaguirre.com.ar\/noticias\/#organization\",\"name\":\"Conservatorio de M\u00fasica Juli\u00e1n Aguirre\",\"url\":\"https:\/\/web.consaguirre.com.ar\/noticias\/\",\"logo\":{\"@type\":\"ImageObject\",\"inLanguage\":\"es-AR\",\"@id\":\"https:\/\/web.consaguirre.com.ar\/noticias\/#\/schema\/logo\/image\/\",\"url\":\"https:\/\/web.consaguirre.com.ar\/noticias\/wp-content\/uploads\/2024\/08\/Banner-Aguirre-23.jpg\",\"contentUrl\":\"https:\/\/web.consaguirre.com.ar\/noticias\/wp-content\/uploads\/2024\/08\/Banner-Aguirre-23.jpg\",\"width\":1192,\"height\":600,\"caption\":\"Conservatorio de M\u00fasica Juli\u00e1n Aguirre\"},\"image\":{\"@id\":\"https:\/\/web.consaguirre.com.ar\/noticias\/#\/schema\/logo\/image\/\"}},{\"@type\":\"Person\",\"@id\":\"https:\/\/web.consaguirre.com.ar\/noticias\/#\/schema\/person\/6558b0cfedee7ddc5425602b237d5722\",\"name\":\"Javier Figueroa\",\"image\":{\"@type\":\"ImageObject\",\"inLanguage\":\"es-AR\",\"@id\":\"https:\/\/web.consaguirre.com.ar\/noticias\/#\/schema\/person\/image\/\",\"url\":\"https:\/\/web.consaguirre.com.ar\/noticias\/wp-content\/uploads\/2024\/08\/Consaguirre-scaled.jpg\",\"contentUrl\":\"https:\/\/web.consaguirre.com.ar\/noticias\/wp-content\/uploads\/2024\/08\/Consaguirre-scaled.jpg\",\"caption\":\"Javier Figueroa\"},\"description\":\"Me llamo Javier Figueroa y soy redactor para el sitio oficial del Conservatorio de M\u00fasica Juli\u00e1n Aguirre en Buenos Aires, consaguirre.com. Apasionado por la m\u00fasica y la escritura, me esfuerzo por destacar los talentos y eventos de nuestra prestigiosa instituci\u00f3n. Mi trayectoria se nutre de una profunda admiraci\u00f3n por los artistas, haciendo de cada art\u00edculo una celebraci\u00f3n de la creatividad y la cultura musical.\",\"sameAs\":[\"https:\/\/web.consaguirre.com.ar\/noticias\"]}]}<\/script>\n<!-- \/ Yoast SEO plugin. -->","yoast_head_json":{"title":"'Impressions' de John Coltrane se une a la serie Verve Acoustic Sounds","robots":{"index":"index","follow":"follow","max-snippet":"max-snippet:-1","max-image-preview":"max-image-preview:large","max-video-preview":"max-video-preview:-1"},"canonical":"https:\/\/web.consaguirre.com.ar\/noticias\/impressions-de-john-coltrane-se-une-a-la-serie-verve-acoustic-sounds\/","og_locale":"es_ES","og_type":"article","og_title":"'Impressions' de John Coltrane se une a la serie Verve Acoustic Sounds","og_description":"Grabado entre 1961 y 1963 y publicado en Impulse! Registros en julio de 1963, Impresiones documenta el cuarteto cl\u00e1sico de John Coltrane con el pianista","og_url":"https:\/\/web.consaguirre.com.ar\/noticias\/impressions-de-john-coltrane-se-une-a-la-serie-verve-acoustic-sounds\/","og_site_name":"Conservatorio de M\u00fasica Juli\u00e1n Aguirre","article_published_time":"2026-03-31T05:39:49+00:00","article_modified_time":"2026-03-31T05:39:50+00:00","og_image":[{"width":820,"height":820,"url":"https:\/\/web.consaguirre.com.ar\/noticias\/wp-content\/uploads\/2026\/03\/Impressions-de-John-Coltrane-se-une-a-la-serie-Verve.jpg","type":"image\/jpeg"}],"author":"Javier Figueroa","twitter_card":"summary_large_image","twitter_misc":{"Escrito por":"Javier Figueroa","Tiempo de lectura":"2 minutos"},"schema":{"@context":"https:\/\/schema.org","@graph":[{"@type":"Article","@id":"https:\/\/web.consaguirre.com.ar\/noticias\/impressions-de-john-coltrane-se-une-a-la-serie-verve-acoustic-sounds\/#article","isPartOf":{"@id":"https:\/\/web.consaguirre.com.ar\/noticias\/impressions-de-john-coltrane-se-une-a-la-serie-verve-acoustic-sounds\/"},"author":{"name":"Javier Figueroa","@id":"https:\/\/web.consaguirre.com.ar\/noticias\/#\/schema\/person\/6558b0cfedee7ddc5425602b237d5722"},"headline":"&#8216;Impressions&#8217; de John Coltrane se une a la serie Verve Acoustic Sounds","datePublished":"2026-03-31T05:39:49+00:00","dateModified":"2026-03-31T05:39:50+00:00","mainEntityOfPage":{"@id":"https:\/\/web.consaguirre.com.ar\/noticias\/impressions-de-john-coltrane-se-une-a-la-serie-verve-acoustic-sounds\/"},"wordCount":353,"publisher":{"@id":"https:\/\/web.consaguirre.com.ar\/noticias\/#organization"},"image":{"@id":"https:\/\/web.consaguirre.com.ar\/noticias\/impressions-de-john-coltrane-se-une-a-la-serie-verve-acoustic-sounds\/#primaryimage"},"thumbnailUrl":"https:\/\/web.consaguirre.com.ar\/noticias\/wp-content\/uploads\/2026\/03\/Impressions-de-John-Coltrane-se-une-a-la-serie-Verve.jpg","keywords":["Acoustic","Coltrane","Impressions","John","serie","Sounds","une","Verve"],"articleSection":["El \u00faltimo"],"inLanguage":"es-AR"},{"@type":"WebPage","@id":"https:\/\/web.consaguirre.com.ar\/noticias\/impressions-de-john-coltrane-se-une-a-la-serie-verve-acoustic-sounds\/","url":"https:\/\/web.consaguirre.com.ar\/noticias\/impressions-de-john-coltrane-se-une-a-la-serie-verve-acoustic-sounds\/","name":"'Impressions' de John Coltrane se une a la serie Verve Acoustic Sounds","isPartOf":{"@id":"https:\/\/web.consaguirre.com.ar\/noticias\/#website"},"primaryImageOfPage":{"@id":"https:\/\/web.consaguirre.com.ar\/noticias\/impressions-de-john-coltrane-se-une-a-la-serie-verve-acoustic-sounds\/#primaryimage"},"image":{"@id":"https:\/\/web.consaguirre.com.ar\/noticias\/impressions-de-john-coltrane-se-une-a-la-serie-verve-acoustic-sounds\/#primaryimage"},"thumbnailUrl":"https:\/\/web.consaguirre.com.ar\/noticias\/wp-content\/uploads\/2026\/03\/Impressions-de-John-Coltrane-se-une-a-la-serie-Verve.jpg","datePublished":"2026-03-31T05:39:49+00:00","dateModified":"2026-03-31T05:39:50+00:00","breadcrumb":{"@id":"https:\/\/web.consaguirre.com.ar\/noticias\/impressions-de-john-coltrane-se-une-a-la-serie-verve-acoustic-sounds\/#breadcrumb"},"inLanguage":"es-AR","potentialAction":[{"@type":"ReadAction","target":["https:\/\/web.consaguirre.com.ar\/noticias\/impressions-de-john-coltrane-se-une-a-la-serie-verve-acoustic-sounds\/"]}]},{"@type":"ImageObject","inLanguage":"es-AR","@id":"https:\/\/web.consaguirre.com.ar\/noticias\/impressions-de-john-coltrane-se-une-a-la-serie-verve-acoustic-sounds\/#primaryimage","url":"https:\/\/web.consaguirre.com.ar\/noticias\/wp-content\/uploads\/2026\/03\/Impressions-de-John-Coltrane-se-une-a-la-serie-Verve.jpg","contentUrl":"https:\/\/web.consaguirre.com.ar\/noticias\/wp-content\/uploads\/2026\/03\/Impressions-de-John-Coltrane-se-une-a-la-serie-Verve.jpg","width":820,"height":820,"caption":"'Impressions' de John Coltrane se une a la serie Verve Acoustic Sounds"},{"@type":"BreadcrumbList","@id":"https:\/\/web.consaguirre.com.ar\/noticias\/impressions-de-john-coltrane-se-une-a-la-serie-verve-acoustic-sounds\/#breadcrumb","itemListElement":[{"@type":"ListItem","position":1,"name":"Inicio","item":"https:\/\/web.consaguirre.com.ar\/noticias\/"},{"@type":"ListItem","position":2,"name":"&#8216;Impressions&#8217; de John Coltrane se une a la serie Verve Acoustic Sounds"}]},{"@type":"WebSite","@id":"https:\/\/web.consaguirre.com.ar\/noticias\/#website","url":"https:\/\/web.consaguirre.com.ar\/noticias\/","name":"Conservatorio de M\u00fasica Juli\u00e1n Aguirre","description":"","publisher":{"@id":"https:\/\/web.consaguirre.com.ar\/noticias\/#organization"},"potentialAction":[{"@type":"SearchAction","target":{"@type":"EntryPoint","urlTemplate":"https:\/\/web.consaguirre.com.ar\/noticias\/?s={search_term_string}"},"query-input":"required name=search_term_string"}],"inLanguage":"es-AR"},{"@type":"Organization","@id":"https:\/\/web.consaguirre.com.ar\/noticias\/#organization","name":"Conservatorio de M\u00fasica Juli\u00e1n Aguirre","url":"https:\/\/web.consaguirre.com.ar\/noticias\/","logo":{"@type":"ImageObject","inLanguage":"es-AR","@id":"https:\/\/web.consaguirre.com.ar\/noticias\/#\/schema\/logo\/image\/","url":"https:\/\/web.consaguirre.com.ar\/noticias\/wp-content\/uploads\/2024\/08\/Banner-Aguirre-23.jpg","contentUrl":"https:\/\/web.consaguirre.com.ar\/noticias\/wp-content\/uploads\/2024\/08\/Banner-Aguirre-23.jpg","width":1192,"height":600,"caption":"Conservatorio de M\u00fasica Juli\u00e1n Aguirre"},"image":{"@id":"https:\/\/web.consaguirre.com.ar\/noticias\/#\/schema\/logo\/image\/"}},{"@type":"Person","@id":"https:\/\/web.consaguirre.com.ar\/noticias\/#\/schema\/person\/6558b0cfedee7ddc5425602b237d5722","name":"Javier Figueroa","image":{"@type":"ImageObject","inLanguage":"es-AR","@id":"https:\/\/web.consaguirre.com.ar\/noticias\/#\/schema\/person\/image\/","url":"https:\/\/web.consaguirre.com.ar\/noticias\/wp-content\/uploads\/2024\/08\/Consaguirre-scaled.jpg","contentUrl":"https:\/\/web.consaguirre.com.ar\/noticias\/wp-content\/uploads\/2024\/08\/Consaguirre-scaled.jpg","caption":"Javier Figueroa"},"description":"Me llamo Javier Figueroa y soy redactor para el sitio oficial del Conservatorio de M\u00fasica Juli\u00e1n Aguirre en Buenos Aires, consaguirre.com. Apasionado por la m\u00fasica y la escritura, me esfuerzo por destacar los talentos y eventos de nuestra prestigiosa instituci\u00f3n. Mi trayectoria se nutre de una profunda admiraci\u00f3n por los artistas, haciendo de cada art\u00edculo una celebraci\u00f3n de la creatividad y la cultura musical.","sameAs":["https:\/\/web.consaguirre.com.ar\/noticias"]}]}},"_links":{"self":[{"href":"https:\/\/web.consaguirre.com.ar\/noticias\/wp-json\/wp\/v2\/posts\/5491"}],"collection":[{"href":"https:\/\/web.consaguirre.com.ar\/noticias\/wp-json\/wp\/v2\/posts"}],"about":[{"href":"https:\/\/web.consaguirre.com.ar\/noticias\/wp-json\/wp\/v2\/types\/post"}],"author":[{"embeddable":true,"href":"https:\/\/web.consaguirre.com.ar\/noticias\/wp-json\/wp\/v2\/users\/1"}],"replies":[{"embeddable":true,"href":"https:\/\/web.consaguirre.com.ar\/noticias\/wp-json\/wp\/v2\/comments?post=5491"}],"version-history":[{"count":1,"href":"https:\/\/web.consaguirre.com.ar\/noticias\/wp-json\/wp\/v2\/posts\/5491\/revisions"}],"predecessor-version":[{"id":5493,"href":"https:\/\/web.consaguirre.com.ar\/noticias\/wp-json\/wp\/v2\/posts\/5491\/revisions\/5493"}],"wp:featuredmedia":[{"embeddable":true,"href":"https:\/\/web.consaguirre.com.ar\/noticias\/wp-json\/wp\/v2\/media\/5492"}],"wp:attachment":[{"href":"https:\/\/web.consaguirre.com.ar\/noticias\/wp-json\/wp\/v2\/media?parent=5491"}],"wp:term":[{"taxonomy":"category","embeddable":true,"href":"https:\/\/web.consaguirre.com.ar\/noticias\/wp-json\/wp\/v2\/categories?post=5491"},{"taxonomy":"post_tag","embeddable":true,"href":"https:\/\/web.consaguirre.com.ar\/noticias\/wp-json\/wp\/v2\/tags?post=5491"}],"curies":[{"name":"wp","href":"https:\/\/api.w.org\/{rel}","templated":true}]}}