{"id":5488,"date":"2026-03-30T23:38:51","date_gmt":"2026-03-31T02:38:51","guid":{"rendered":"https:\/\/web.consaguirre.com.ar\/noticias\/ella-fitzgerald-sings-the-cole-porter-song-book-obtiene-la-reedicion-de-verve-acoustic-sounds\/"},"modified":"2026-03-30T23:38:53","modified_gmt":"2026-03-31T02:38:53","slug":"ella-fitzgerald-sings-the-cole-porter-song-book-obtiene-la-reedicion-de-verve-acoustic-sounds","status":"publish","type":"post","link":"https:\/\/web.consaguirre.com.ar\/noticias\/ella-fitzgerald-sings-the-cole-porter-song-book-obtiene-la-reedicion-de-verve-acoustic-sounds\/","title":{"rendered":"&#8216;Ella Fitzgerald Sings The Cole Porter Song Book&#8217; obtiene la reedici\u00f3n de Verve Acoustic Sounds"},"content":{"rendered":"<p>Publicado en 1956 como el \u00e1lbum inaugural del reci\u00e9n creado sello Verve, Ella Fitzgerald&#8217;s<em> Ella Fitzgerald canta el cancionero de Cole Porter<\/em> marc\u00f3 el comienzo de su ahora hist\u00f3rica serie Song Book y marc\u00f3 un importante punto de inflexi\u00f3n en su carrera discogr\u00e1fica. Producido por Norman Granz y grabado en dos sesiones en febrero y marzo de 1956, el \u00e1lbum reuni\u00f3 a Fitzgerald con el arreglista y director Buddy Bregman y una orquesta de estudio completa. Su lanzamiento ampli\u00f3 la reputaci\u00f3n de Ella m\u00e1s all\u00e1 del p\u00fablico del jazz, consolid\u00e1ndola como una de las principales int\u00e9rpretes del Great American Songbook. Ahora, vuelve a ver la luz en vinilo a trav\u00e9s de la serie Acoustic Sounds de Verve.<\/p>\n<p>El conjunto de dos LP presenta 32 selecciones extra\u00eddas del extenso cat\u00e1logo de Cole Porter, incluidos est\u00e1ndares conocidos y material menos grabado. Los arreglos orquestales de Bregman enmarcan el fraseo de Fitzgerald con una mezcla de swing, baladas y orquestaci\u00f3n cl\u00e1sica al estilo de Hollywood, poniendo \u00e9nfasis en la claridad de las letras y melod\u00edas de Porter. Las sesiones reunieron a destacados m\u00fasicos de estudio de la costa oeste, cuyo trabajo conjunto respalda las actuaciones de Fitzgerald con un fondo pulido y detallado.<\/p>\n<div align='center'>\n<div class=\"udiscover-store-container\">\n<div id='udiscover-store-one-product'><\/div>\n<\/div>\n<p>\/*<!(CDATA(*\/(function (){var scriptURL='https:\/\/sdks.shopifycdn.com\/buy-button\/latest\/buy-button-storefront.min.js';if(window.ShopifyBuy){if(window.ShopifyBuy.UI){ShopifyBuyInit();}else{loadScript();}}else{loadScript();}funci\u00f3n loadScript(){var script=document.createElement('script');script.async=true;script.src=scriptURL;(document.getElementsByTagName('head')(0)|| document.getElementsByTagName('body')(0)).appendChild(script);script.onload=ShopifyBuyInit;} function ShopifyBuyInit(){var cliente=ShopifyBuy.buildClient({dominio:'udiscover.myshopify.com',storefrontAccessToken: 'bdc89f347d2ce61c1feeb9f8c60b2b98',}); ShopifyBuy.UI.onReady(cliente).luego(funci\u00f3n(ui){ ui.createComponent('producto',{ id:(7751585103949), nodo:document.getElementById('udiscover-store-one-product'), moneyFormat:'%24%7B%7Bamount%7D%7D', opciones:{'product':{'iframe':false,'buttonDestination':'modal','contents':{'options':true},'text':{'button':'ORDEN AHORA','outOfStock':'Lo sentimos, esto est\u00e1 agotado stock'}},'productSet':{'iframe':false},'modalProduct':{'iframe':false,'contents':{'img':false,'imgWithCarousel':true,'button':false,'buttonWithQuantity':true} },'modal':{'iframe':false},'option':{'iframe':false},'cart':{'iframe':false},'toggle':{'iframe':false,'contents':{'icon':false}},'lineItem':{'iframe':false}}, }); }); <\/div>\n<\/p>\n<p>Celebrado tras su lanzamiento e influyente en la configuraci\u00f3n tanto de la identidad de Verve como de la direcci\u00f3n art\u00edstica de Fitzgerald, <em>El cancionero de Cole Porter<\/em> sigue siendo una piedra angular de su discograf\u00eda y un documento central en la interpretaci\u00f3n popular del siglo XX. Su escala, repertorio y valores de producci\u00f3n marcan la pauta para los siguientes vol\u00famenes de la <em>Cancionero<\/em> series, todas las cuales seguir\u00edan durante la pr\u00f3xima d\u00e9cada.<\/p>\n<p>\u00a1La serie Verve \/ Acoustic Sounds presenta reediciones en vinilo totalmente anal\u00f3gico de 180 gramos de \u00e1lbumes esenciales de Verve e Impulse! cat\u00e1logos. Masterizado a partir de las cintas anal\u00f3gicas originales por Ryan K. Smith en Sterling Sound y prensado en vinilo de 180 gramos en Quality Record Pressings (QRP) en Kansas, cada lanzamiento combina una fidelidad de audio de primer nivel con cubiertas meticulosamente reproducidas, ofreciendo recreaciones fieles de los LP originales para los oyentes m\u00e1s exigentes.<\/p>\n<p><b>Compre la serie Verve Acoustic Sounds ahora.<\/b><\/p>\n","protected":false},"excerpt":{"rendered":"<p>Publicado en 1956 como el \u00e1lbum inaugural del reci\u00e9n creado sello Verve, Ella Fitzgerald&#8217;s Ella Fitzgerald canta el cancionero de Cole Porter marc\u00f3 el comienzo<\/p>\n","protected":false},"author":1,"featured_media":5489,"comment_status":"closed","ping_status":"","sticky":false,"template":"","format":"standard","meta":{"footnotes":""},"categories":[50],"tags":[1144,4043,1373,668,706,800,1071,117,3283,502,1503,1182],"class_list":["post-5488","post","type-post","status-publish","format-standard","has-post-thumbnail","hentry","category-el-ultimo","tag-acoustic","tag-book","tag-cole","tag-ella","tag-fitzgerald","tag-obtiene","tag-porter","tag-reedicion","tag-sings","tag-song","tag-sounds","tag-verve","generate-columns","tablet-grid-50","mobile-grid-100","grid-parent","grid-50"],"yoast_head":"<!-- This site is optimized with the Yoast SEO plugin v23.3 - https:\/\/yoast.com\/wordpress\/plugins\/seo\/ -->\n<title>&#039;Ella Fitzgerald Sings The Cole Porter Song Book&#039; obtiene la reedici\u00f3n de Verve Acoustic Sounds<\/title>\n<meta name=\"robots\" content=\"index, follow, max-snippet:-1, max-image-preview:large, max-video-preview:-1\" \/>\n<link rel=\"canonical\" href=\"https:\/\/web.consaguirre.com.ar\/noticias\/ella-fitzgerald-sings-the-cole-porter-song-book-obtiene-la-reedicion-de-verve-acoustic-sounds\/\" \/>\n<meta property=\"og:locale\" content=\"es_ES\" \/>\n<meta property=\"og:type\" content=\"article\" \/>\n<meta property=\"og:title\" content=\"&#039;Ella Fitzgerald Sings The Cole Porter Song Book&#039; obtiene la reedici\u00f3n de Verve Acoustic Sounds\" \/>\n<meta property=\"og:description\" content=\"Publicado en 1956 como el \u00e1lbum inaugural del reci\u00e9n creado sello Verve, Ella Fitzgerald&#8217;s Ella Fitzgerald canta el cancionero de Cole Porter marc\u00f3 el comienzo\" \/>\n<meta property=\"og:url\" content=\"https:\/\/web.consaguirre.com.ar\/noticias\/ella-fitzgerald-sings-the-cole-porter-song-book-obtiene-la-reedicion-de-verve-acoustic-sounds\/\" \/>\n<meta property=\"og:site_name\" content=\"Conservatorio de M\u00fasica Juli\u00e1n Aguirre\" \/>\n<meta property=\"article:published_time\" content=\"2026-03-31T02:38:51+00:00\" \/>\n<meta property=\"article:modified_time\" content=\"2026-03-31T02:38:53+00:00\" \/>\n<meta property=\"og:image\" content=\"https:\/\/web.consaguirre.com.ar\/noticias\/wp-content\/uploads\/2026\/03\/Ella-Fitzgerald-Sings-The-Cole-Porter-Song-Book-obtiene-la.jpg\" \/>\n\t<meta property=\"og:image:width\" content=\"820\" \/>\n\t<meta property=\"og:image:height\" content=\"820\" \/>\n\t<meta property=\"og:image:type\" content=\"image\/jpeg\" \/>\n<meta name=\"author\" content=\"Javier Figueroa\" \/>\n<meta name=\"twitter:card\" content=\"summary_large_image\" \/>\n<meta name=\"twitter:label1\" content=\"Escrito por\" \/>\n\t<meta name=\"twitter:data1\" content=\"Javier Figueroa\" \/>\n\t<meta name=\"twitter:label2\" content=\"Tiempo de lectura\" \/>\n\t<meta name=\"twitter:data2\" content=\"2 minutos\" \/>\n<script type=\"application\/ld+json\" class=\"yoast-schema-graph\">{\"@context\":\"https:\/\/schema.org\",\"@graph\":[{\"@type\":\"Article\",\"@id\":\"https:\/\/web.consaguirre.com.ar\/noticias\/ella-fitzgerald-sings-the-cole-porter-song-book-obtiene-la-reedicion-de-verve-acoustic-sounds\/#article\",\"isPartOf\":{\"@id\":\"https:\/\/web.consaguirre.com.ar\/noticias\/ella-fitzgerald-sings-the-cole-porter-song-book-obtiene-la-reedicion-de-verve-acoustic-sounds\/\"},\"author\":{\"name\":\"Javier Figueroa\",\"@id\":\"https:\/\/web.consaguirre.com.ar\/noticias\/#\/schema\/person\/6558b0cfedee7ddc5425602b237d5722\"},\"headline\":\"&#8216;Ella Fitzgerald Sings The Cole Porter Song Book&#8217; obtiene la reedici\u00f3n de Verve Acoustic Sounds\",\"datePublished\":\"2026-03-31T02:38:51+00:00\",\"dateModified\":\"2026-03-31T02:38:53+00:00\",\"mainEntityOfPage\":{\"@id\":\"https:\/\/web.consaguirre.com.ar\/noticias\/ella-fitzgerald-sings-the-cole-porter-song-book-obtiene-la-reedicion-de-verve-acoustic-sounds\/\"},\"wordCount\":399,\"publisher\":{\"@id\":\"https:\/\/web.consaguirre.com.ar\/noticias\/#organization\"},\"image\":{\"@id\":\"https:\/\/web.consaguirre.com.ar\/noticias\/ella-fitzgerald-sings-the-cole-porter-song-book-obtiene-la-reedicion-de-verve-acoustic-sounds\/#primaryimage\"},\"thumbnailUrl\":\"https:\/\/web.consaguirre.com.ar\/noticias\/wp-content\/uploads\/2026\/03\/Ella-Fitzgerald-Sings-The-Cole-Porter-Song-Book-obtiene-la.jpg\",\"keywords\":[\"Acoustic\",\"Book\",\"Cole\",\"Ella\",\"Fitzgerald\",\"obtiene\",\"Porter\",\"reedici\u00f3n\",\"Sings\",\"Song\",\"Sounds\",\"Verve\"],\"articleSection\":[\"El \u00faltimo\"],\"inLanguage\":\"es-AR\"},{\"@type\":\"WebPage\",\"@id\":\"https:\/\/web.consaguirre.com.ar\/noticias\/ella-fitzgerald-sings-the-cole-porter-song-book-obtiene-la-reedicion-de-verve-acoustic-sounds\/\",\"url\":\"https:\/\/web.consaguirre.com.ar\/noticias\/ella-fitzgerald-sings-the-cole-porter-song-book-obtiene-la-reedicion-de-verve-acoustic-sounds\/\",\"name\":\"'Ella Fitzgerald Sings The Cole Porter Song Book' obtiene la reedici\u00f3n de Verve Acoustic Sounds\",\"isPartOf\":{\"@id\":\"https:\/\/web.consaguirre.com.ar\/noticias\/#website\"},\"primaryImageOfPage\":{\"@id\":\"https:\/\/web.consaguirre.com.ar\/noticias\/ella-fitzgerald-sings-the-cole-porter-song-book-obtiene-la-reedicion-de-verve-acoustic-sounds\/#primaryimage\"},\"image\":{\"@id\":\"https:\/\/web.consaguirre.com.ar\/noticias\/ella-fitzgerald-sings-the-cole-porter-song-book-obtiene-la-reedicion-de-verve-acoustic-sounds\/#primaryimage\"},\"thumbnailUrl\":\"https:\/\/web.consaguirre.com.ar\/noticias\/wp-content\/uploads\/2026\/03\/Ella-Fitzgerald-Sings-The-Cole-Porter-Song-Book-obtiene-la.jpg\",\"datePublished\":\"2026-03-31T02:38:51+00:00\",\"dateModified\":\"2026-03-31T02:38:53+00:00\",\"breadcrumb\":{\"@id\":\"https:\/\/web.consaguirre.com.ar\/noticias\/ella-fitzgerald-sings-the-cole-porter-song-book-obtiene-la-reedicion-de-verve-acoustic-sounds\/#breadcrumb\"},\"inLanguage\":\"es-AR\",\"potentialAction\":[{\"@type\":\"ReadAction\",\"target\":[\"https:\/\/web.consaguirre.com.ar\/noticias\/ella-fitzgerald-sings-the-cole-porter-song-book-obtiene-la-reedicion-de-verve-acoustic-sounds\/\"]}]},{\"@type\":\"ImageObject\",\"inLanguage\":\"es-AR\",\"@id\":\"https:\/\/web.consaguirre.com.ar\/noticias\/ella-fitzgerald-sings-the-cole-porter-song-book-obtiene-la-reedicion-de-verve-acoustic-sounds\/#primaryimage\",\"url\":\"https:\/\/web.consaguirre.com.ar\/noticias\/wp-content\/uploads\/2026\/03\/Ella-Fitzgerald-Sings-The-Cole-Porter-Song-Book-obtiene-la.jpg\",\"contentUrl\":\"https:\/\/web.consaguirre.com.ar\/noticias\/wp-content\/uploads\/2026\/03\/Ella-Fitzgerald-Sings-The-Cole-Porter-Song-Book-obtiene-la.jpg\",\"width\":820,\"height\":820,\"caption\":\"'Ella Fitzgerald Sings The Cole Porter Song Book' obtiene la reedici\u00f3n de Verve Acoustic Sounds\"},{\"@type\":\"BreadcrumbList\",\"@id\":\"https:\/\/web.consaguirre.com.ar\/noticias\/ella-fitzgerald-sings-the-cole-porter-song-book-obtiene-la-reedicion-de-verve-acoustic-sounds\/#breadcrumb\",\"itemListElement\":[{\"@type\":\"ListItem\",\"position\":1,\"name\":\"Inicio\",\"item\":\"https:\/\/web.consaguirre.com.ar\/noticias\/\"},{\"@type\":\"ListItem\",\"position\":2,\"name\":\"&#8216;Ella Fitzgerald Sings The Cole Porter Song Book&#8217; obtiene la reedici\u00f3n de Verve Acoustic Sounds\"}]},{\"@type\":\"WebSite\",\"@id\":\"https:\/\/web.consaguirre.com.ar\/noticias\/#website\",\"url\":\"https:\/\/web.consaguirre.com.ar\/noticias\/\",\"name\":\"Conservatorio de M\u00fasica Juli\u00e1n Aguirre\",\"description\":\"\",\"publisher\":{\"@id\":\"https:\/\/web.consaguirre.com.ar\/noticias\/#organization\"},\"potentialAction\":[{\"@type\":\"SearchAction\",\"target\":{\"@type\":\"EntryPoint\",\"urlTemplate\":\"https:\/\/web.consaguirre.com.ar\/noticias\/?s={search_term_string}\"},\"query-input\":\"required name=search_term_string\"}],\"inLanguage\":\"es-AR\"},{\"@type\":\"Organization\",\"@id\":\"https:\/\/web.consaguirre.com.ar\/noticias\/#organization\",\"name\":\"Conservatorio de M\u00fasica Juli\u00e1n Aguirre\",\"url\":\"https:\/\/web.consaguirre.com.ar\/noticias\/\",\"logo\":{\"@type\":\"ImageObject\",\"inLanguage\":\"es-AR\",\"@id\":\"https:\/\/web.consaguirre.com.ar\/noticias\/#\/schema\/logo\/image\/\",\"url\":\"https:\/\/web.consaguirre.com.ar\/noticias\/wp-content\/uploads\/2024\/08\/Banner-Aguirre-23.jpg\",\"contentUrl\":\"https:\/\/web.consaguirre.com.ar\/noticias\/wp-content\/uploads\/2024\/08\/Banner-Aguirre-23.jpg\",\"width\":1192,\"height\":600,\"caption\":\"Conservatorio de M\u00fasica Juli\u00e1n Aguirre\"},\"image\":{\"@id\":\"https:\/\/web.consaguirre.com.ar\/noticias\/#\/schema\/logo\/image\/\"}},{\"@type\":\"Person\",\"@id\":\"https:\/\/web.consaguirre.com.ar\/noticias\/#\/schema\/person\/6558b0cfedee7ddc5425602b237d5722\",\"name\":\"Javier Figueroa\",\"image\":{\"@type\":\"ImageObject\",\"inLanguage\":\"es-AR\",\"@id\":\"https:\/\/web.consaguirre.com.ar\/noticias\/#\/schema\/person\/image\/\",\"url\":\"https:\/\/web.consaguirre.com.ar\/noticias\/wp-content\/uploads\/2024\/08\/Consaguirre-scaled.jpg\",\"contentUrl\":\"https:\/\/web.consaguirre.com.ar\/noticias\/wp-content\/uploads\/2024\/08\/Consaguirre-scaled.jpg\",\"caption\":\"Javier Figueroa\"},\"description\":\"Me llamo Javier Figueroa y soy redactor para el sitio oficial del Conservatorio de M\u00fasica Juli\u00e1n Aguirre en Buenos Aires, consaguirre.com. Apasionado por la m\u00fasica y la escritura, me esfuerzo por destacar los talentos y eventos de nuestra prestigiosa instituci\u00f3n. Mi trayectoria se nutre de una profunda admiraci\u00f3n por los artistas, haciendo de cada art\u00edculo una celebraci\u00f3n de la creatividad y la cultura musical.\",\"sameAs\":[\"https:\/\/web.consaguirre.com.ar\/noticias\"]}]}<\/script>\n<!-- \/ Yoast SEO plugin. -->","yoast_head_json":{"title":"'Ella Fitzgerald Sings The Cole Porter Song Book' obtiene la reedici\u00f3n de Verve Acoustic Sounds","robots":{"index":"index","follow":"follow","max-snippet":"max-snippet:-1","max-image-preview":"max-image-preview:large","max-video-preview":"max-video-preview:-1"},"canonical":"https:\/\/web.consaguirre.com.ar\/noticias\/ella-fitzgerald-sings-the-cole-porter-song-book-obtiene-la-reedicion-de-verve-acoustic-sounds\/","og_locale":"es_ES","og_type":"article","og_title":"'Ella Fitzgerald Sings The Cole Porter Song Book' obtiene la reedici\u00f3n de Verve Acoustic Sounds","og_description":"Publicado en 1956 como el \u00e1lbum inaugural del reci\u00e9n creado sello Verve, Ella Fitzgerald&#8217;s Ella Fitzgerald canta el cancionero de Cole Porter marc\u00f3 el comienzo","og_url":"https:\/\/web.consaguirre.com.ar\/noticias\/ella-fitzgerald-sings-the-cole-porter-song-book-obtiene-la-reedicion-de-verve-acoustic-sounds\/","og_site_name":"Conservatorio de M\u00fasica Juli\u00e1n Aguirre","article_published_time":"2026-03-31T02:38:51+00:00","article_modified_time":"2026-03-31T02:38:53+00:00","og_image":[{"width":820,"height":820,"url":"https:\/\/web.consaguirre.com.ar\/noticias\/wp-content\/uploads\/2026\/03\/Ella-Fitzgerald-Sings-The-Cole-Porter-Song-Book-obtiene-la.jpg","type":"image\/jpeg"}],"author":"Javier Figueroa","twitter_card":"summary_large_image","twitter_misc":{"Escrito por":"Javier Figueroa","Tiempo de lectura":"2 minutos"},"schema":{"@context":"https:\/\/schema.org","@graph":[{"@type":"Article","@id":"https:\/\/web.consaguirre.com.ar\/noticias\/ella-fitzgerald-sings-the-cole-porter-song-book-obtiene-la-reedicion-de-verve-acoustic-sounds\/#article","isPartOf":{"@id":"https:\/\/web.consaguirre.com.ar\/noticias\/ella-fitzgerald-sings-the-cole-porter-song-book-obtiene-la-reedicion-de-verve-acoustic-sounds\/"},"author":{"name":"Javier Figueroa","@id":"https:\/\/web.consaguirre.com.ar\/noticias\/#\/schema\/person\/6558b0cfedee7ddc5425602b237d5722"},"headline":"&#8216;Ella Fitzgerald Sings The Cole Porter Song Book&#8217; obtiene la reedici\u00f3n de Verve Acoustic Sounds","datePublished":"2026-03-31T02:38:51+00:00","dateModified":"2026-03-31T02:38:53+00:00","mainEntityOfPage":{"@id":"https:\/\/web.consaguirre.com.ar\/noticias\/ella-fitzgerald-sings-the-cole-porter-song-book-obtiene-la-reedicion-de-verve-acoustic-sounds\/"},"wordCount":399,"publisher":{"@id":"https:\/\/web.consaguirre.com.ar\/noticias\/#organization"},"image":{"@id":"https:\/\/web.consaguirre.com.ar\/noticias\/ella-fitzgerald-sings-the-cole-porter-song-book-obtiene-la-reedicion-de-verve-acoustic-sounds\/#primaryimage"},"thumbnailUrl":"https:\/\/web.consaguirre.com.ar\/noticias\/wp-content\/uploads\/2026\/03\/Ella-Fitzgerald-Sings-The-Cole-Porter-Song-Book-obtiene-la.jpg","keywords":["Acoustic","Book","Cole","Ella","Fitzgerald","obtiene","Porter","reedici\u00f3n","Sings","Song","Sounds","Verve"],"articleSection":["El \u00faltimo"],"inLanguage":"es-AR"},{"@type":"WebPage","@id":"https:\/\/web.consaguirre.com.ar\/noticias\/ella-fitzgerald-sings-the-cole-porter-song-book-obtiene-la-reedicion-de-verve-acoustic-sounds\/","url":"https:\/\/web.consaguirre.com.ar\/noticias\/ella-fitzgerald-sings-the-cole-porter-song-book-obtiene-la-reedicion-de-verve-acoustic-sounds\/","name":"'Ella Fitzgerald Sings The Cole Porter Song Book' obtiene la reedici\u00f3n de Verve Acoustic Sounds","isPartOf":{"@id":"https:\/\/web.consaguirre.com.ar\/noticias\/#website"},"primaryImageOfPage":{"@id":"https:\/\/web.consaguirre.com.ar\/noticias\/ella-fitzgerald-sings-the-cole-porter-song-book-obtiene-la-reedicion-de-verve-acoustic-sounds\/#primaryimage"},"image":{"@id":"https:\/\/web.consaguirre.com.ar\/noticias\/ella-fitzgerald-sings-the-cole-porter-song-book-obtiene-la-reedicion-de-verve-acoustic-sounds\/#primaryimage"},"thumbnailUrl":"https:\/\/web.consaguirre.com.ar\/noticias\/wp-content\/uploads\/2026\/03\/Ella-Fitzgerald-Sings-The-Cole-Porter-Song-Book-obtiene-la.jpg","datePublished":"2026-03-31T02:38:51+00:00","dateModified":"2026-03-31T02:38:53+00:00","breadcrumb":{"@id":"https:\/\/web.consaguirre.com.ar\/noticias\/ella-fitzgerald-sings-the-cole-porter-song-book-obtiene-la-reedicion-de-verve-acoustic-sounds\/#breadcrumb"},"inLanguage":"es-AR","potentialAction":[{"@type":"ReadAction","target":["https:\/\/web.consaguirre.com.ar\/noticias\/ella-fitzgerald-sings-the-cole-porter-song-book-obtiene-la-reedicion-de-verve-acoustic-sounds\/"]}]},{"@type":"ImageObject","inLanguage":"es-AR","@id":"https:\/\/web.consaguirre.com.ar\/noticias\/ella-fitzgerald-sings-the-cole-porter-song-book-obtiene-la-reedicion-de-verve-acoustic-sounds\/#primaryimage","url":"https:\/\/web.consaguirre.com.ar\/noticias\/wp-content\/uploads\/2026\/03\/Ella-Fitzgerald-Sings-The-Cole-Porter-Song-Book-obtiene-la.jpg","contentUrl":"https:\/\/web.consaguirre.com.ar\/noticias\/wp-content\/uploads\/2026\/03\/Ella-Fitzgerald-Sings-The-Cole-Porter-Song-Book-obtiene-la.jpg","width":820,"height":820,"caption":"'Ella Fitzgerald Sings The Cole Porter Song Book' obtiene la reedici\u00f3n de Verve Acoustic Sounds"},{"@type":"BreadcrumbList","@id":"https:\/\/web.consaguirre.com.ar\/noticias\/ella-fitzgerald-sings-the-cole-porter-song-book-obtiene-la-reedicion-de-verve-acoustic-sounds\/#breadcrumb","itemListElement":[{"@type":"ListItem","position":1,"name":"Inicio","item":"https:\/\/web.consaguirre.com.ar\/noticias\/"},{"@type":"ListItem","position":2,"name":"&#8216;Ella Fitzgerald Sings The Cole Porter Song Book&#8217; obtiene la reedici\u00f3n de Verve Acoustic Sounds"}]},{"@type":"WebSite","@id":"https:\/\/web.consaguirre.com.ar\/noticias\/#website","url":"https:\/\/web.consaguirre.com.ar\/noticias\/","name":"Conservatorio de M\u00fasica Juli\u00e1n Aguirre","description":"","publisher":{"@id":"https:\/\/web.consaguirre.com.ar\/noticias\/#organization"},"potentialAction":[{"@type":"SearchAction","target":{"@type":"EntryPoint","urlTemplate":"https:\/\/web.consaguirre.com.ar\/noticias\/?s={search_term_string}"},"query-input":"required name=search_term_string"}],"inLanguage":"es-AR"},{"@type":"Organization","@id":"https:\/\/web.consaguirre.com.ar\/noticias\/#organization","name":"Conservatorio de M\u00fasica Juli\u00e1n Aguirre","url":"https:\/\/web.consaguirre.com.ar\/noticias\/","logo":{"@type":"ImageObject","inLanguage":"es-AR","@id":"https:\/\/web.consaguirre.com.ar\/noticias\/#\/schema\/logo\/image\/","url":"https:\/\/web.consaguirre.com.ar\/noticias\/wp-content\/uploads\/2024\/08\/Banner-Aguirre-23.jpg","contentUrl":"https:\/\/web.consaguirre.com.ar\/noticias\/wp-content\/uploads\/2024\/08\/Banner-Aguirre-23.jpg","width":1192,"height":600,"caption":"Conservatorio de M\u00fasica Juli\u00e1n Aguirre"},"image":{"@id":"https:\/\/web.consaguirre.com.ar\/noticias\/#\/schema\/logo\/image\/"}},{"@type":"Person","@id":"https:\/\/web.consaguirre.com.ar\/noticias\/#\/schema\/person\/6558b0cfedee7ddc5425602b237d5722","name":"Javier Figueroa","image":{"@type":"ImageObject","inLanguage":"es-AR","@id":"https:\/\/web.consaguirre.com.ar\/noticias\/#\/schema\/person\/image\/","url":"https:\/\/web.consaguirre.com.ar\/noticias\/wp-content\/uploads\/2024\/08\/Consaguirre-scaled.jpg","contentUrl":"https:\/\/web.consaguirre.com.ar\/noticias\/wp-content\/uploads\/2024\/08\/Consaguirre-scaled.jpg","caption":"Javier Figueroa"},"description":"Me llamo Javier Figueroa y soy redactor para el sitio oficial del Conservatorio de M\u00fasica Juli\u00e1n Aguirre en Buenos Aires, consaguirre.com. Apasionado por la m\u00fasica y la escritura, me esfuerzo por destacar los talentos y eventos de nuestra prestigiosa instituci\u00f3n. Mi trayectoria se nutre de una profunda admiraci\u00f3n por los artistas, haciendo de cada art\u00edculo una celebraci\u00f3n de la creatividad y la cultura musical.","sameAs":["https:\/\/web.consaguirre.com.ar\/noticias"]}]}},"_links":{"self":[{"href":"https:\/\/web.consaguirre.com.ar\/noticias\/wp-json\/wp\/v2\/posts\/5488"}],"collection":[{"href":"https:\/\/web.consaguirre.com.ar\/noticias\/wp-json\/wp\/v2\/posts"}],"about":[{"href":"https:\/\/web.consaguirre.com.ar\/noticias\/wp-json\/wp\/v2\/types\/post"}],"author":[{"embeddable":true,"href":"https:\/\/web.consaguirre.com.ar\/noticias\/wp-json\/wp\/v2\/users\/1"}],"replies":[{"embeddable":true,"href":"https:\/\/web.consaguirre.com.ar\/noticias\/wp-json\/wp\/v2\/comments?post=5488"}],"version-history":[{"count":1,"href":"https:\/\/web.consaguirre.com.ar\/noticias\/wp-json\/wp\/v2\/posts\/5488\/revisions"}],"predecessor-version":[{"id":5490,"href":"https:\/\/web.consaguirre.com.ar\/noticias\/wp-json\/wp\/v2\/posts\/5488\/revisions\/5490"}],"wp:featuredmedia":[{"embeddable":true,"href":"https:\/\/web.consaguirre.com.ar\/noticias\/wp-json\/wp\/v2\/media\/5489"}],"wp:attachment":[{"href":"https:\/\/web.consaguirre.com.ar\/noticias\/wp-json\/wp\/v2\/media?parent=5488"}],"wp:term":[{"taxonomy":"category","embeddable":true,"href":"https:\/\/web.consaguirre.com.ar\/noticias\/wp-json\/wp\/v2\/categories?post=5488"},{"taxonomy":"post_tag","embeddable":true,"href":"https:\/\/web.consaguirre.com.ar\/noticias\/wp-json\/wp\/v2\/tags?post=5488"}],"curies":[{"name":"wp","href":"https:\/\/api.w.org\/{rel}","templated":true}]}}