{"id":5486,"date":"2026-03-30T20:39:28","date_gmt":"2026-03-30T23:39:28","guid":{"rendered":"https:\/\/web.consaguirre.com.ar\/noticias\/zayn-comparte-nueva-cancion-de-konnakol-sideways\/"},"modified":"2026-03-30T20:39:28","modified_gmt":"2026-03-30T23:39:28","slug":"zayn-comparte-nueva-cancion-de-konnakol-sideways","status":"publish","type":"post","link":"https:\/\/web.consaguirre.com.ar\/noticias\/zayn-comparte-nueva-cancion-de-konnakol-sideways\/","title":{"rendered":"ZAYN comparte nueva canci\u00f3n de &#8216;KONNAKOL&#8217;, &#8216;Sideways&#8217;"},"content":{"rendered":"<p>ZAYN ha compartido una nueva canci\u00f3n de su pr\u00f3ximo \u00e1lbum. <em>KONNAKOL<\/em>. \u201cSideways\u201d es una pista pop R&#038;B atmosf\u00e9rica que muestra el falsete entrecortado del m\u00fasico. <em>KONNAKOL<\/em> saldr\u00e1 el 17 de abril de 2026 a trav\u00e9s de Mercury Records.<\/p>\n<p><em>KONNAKOL<\/em> es el quinto \u00e1lbum de estudio del ex miembro de One Direction. Fue encabezado por el sencillo &#8220;Die For Me&#8221;. <em>KONNAKOL<\/em> ampl\u00eda el sonido pop que los fan\u00e1ticos escucharon por primera vez en el \u00e1lbum de estudio debut de ZAYN de 2016, que bati\u00f3 r\u00e9cords, <em>Mente m\u00eda<\/em>. El \u00e1lbum est\u00e1 coproducido por ZAYN junto con Malay (Frank Ocean, Lorde), en quien trabaj\u00f3 anteriormente. <em>Mente m\u00eda<\/em> y 2018 <em>Cataratas de \u00cdcaro<\/em>.<\/p>\n<div align=\"center\">\n<div class=\"udiscover-store-container\">\n<div id='udiscover-store-two-product'><\/div>\n<\/div>\n<p>\/*<!(CDATA(*\/(function (){var scriptURL='https:\/\/sdks.shopifycdn.com\/buy-button\/latest\/buy-button-storefront.min.js';if(window.ShopifyBuy){if(window.ShopifyBuy.UI){ShopifyBuyInit();}else{loadScript();}}else{loadScript();}funci\u00f3n loadScript(){var script=document.createElement('script');script.async=true;script.src=scriptURL;(document.getElementsByTagName('head')(0)|| document.getElementsByTagName('body')(0)).appendChild(script);script.onload=ShopifyBuyInit;} function ShopifyBuyInit(){var cliente=ShopifyBuy.buildClient({dominio:'udiscover.myshopify.com',storefrontAccessToken: 'bdc89f347d2ce61c1feeb9f8c60b2b98',}); ShopifyBuy.UI.onReady(cliente).luego(funci\u00f3n(ui){ ui.createComponent('productSet',{ id:(7697959485517,7697962729549), nodo:document.getElementById('udiscover-store-two-product'), moneyFormat:'%24%7B%7Bamount%7D%7D', opciones:{&quot;producto&quot;:{&quot;marco flotante&quot;:FALSO,&quot;bot\u00f3nDestino&quot;:&quot;modal&quot;,&quot;contenido&quot;:{&quot;opciones&quot;:verdadero},&quot;texto&quot;:{&quot;bot\u00f3n&quot;:&quot;PEDIR AHORA&quot;,&quot;Agotado&quot;:&quot;Lo sentimos, esto est\u00e1 agotado.&quot;}},&quot;conjunto de productos&quot;:{&quot;marco flotante&quot;:FALSO},&quot;modalProducto&quot;:{&quot;marco flotante&quot;:FALSO,&quot;contenido&quot;:{&quot;imagen&quot;:FALSO,&quot;imgConCarrusel&quot;:verdadero,&quot;bot\u00f3n&quot;:FALSO,&quot;bot\u00f3nConCantidad&quot;:verdadero}},&quot;modal&quot;:{&quot;marco flotante&quot;:FALSO},&quot;opci\u00f3n&quot;:{&quot;marco flotante&quot;:FALSO},&quot;carro&quot;:{&quot;marco flotante&quot;:FALSO},&quot;palanca&quot;:{&quot;marco flotante&quot;:FALSO,&quot;contenido&quot;:{&quot;icono&quot;:FALSO}},&quot;art\u00edculo de l\u00ednea&quot;:{&quot;marco flotante&quot;:FALSO}}, }); }); } })(); \/*))>*\/ <\/div>\n<\/p>\n<p>La car\u00e1tula del \u00e1lbum presenta el rostro de ZAYN mezclado con un leopardo de las nieves, un s\u00edmbolo importante en el sur de Asia, mostrando c\u00f3mo su herencia ha inspirado el disco. De manera relacionada, &#8220;Konnakol&#8221; es una t\u00e9cnica de percusi\u00f3n vocal utilizada en la m\u00fasica del sur de la India, en la que patrones r\u00edtmicos complejos se pronuncian en voz alta con s\u00edlabas espec\u00edficas.<\/p>\n<p>A finales de este a\u00f1o, ZAYN emprender\u00e1 su gira en solitario m\u00e1s grande hasta la fecha. El KONNAKOL Tour comienza el 12 de mayo de 2026 en el AO Arena de Manchester, Reino Unido. A partir de ah\u00ed, ZAYN aterrizar\u00e1 en Londres, Los \u00c1ngeles, Ciudad de M\u00e9xico, S\u00e3o Paulo y m\u00e1s antes de que concluya la gira el viernes 20 de noviembre en Miami, FL en el Kaseya Center.<\/p>\n<div class=\"uD-YT-container\"><img decoding=\"async\" src=\"https:\/\/web.consaguirre.com.ar\/noticias\/wp-content\/uploads\/2026\/03\/ZAYN-comparte-nueva-cancion-de-KONNAKOL-Sideways.jpg\" alt=\"V\u00eddeo de YouTube\"><br \/>Haga clic para cargar v\u00eddeo<\/div>\n<p>Zayn concluy\u00f3 recientemente su primera residencia en Las Vegas, que incluy\u00f3 ocasionales avances de material de KONNAKOL.<\/p>\n<p>&#8220;Cinco \u00e1lbumes en solitario ahora. Estaba emocionado de poder hacer el primero despu\u00e9s de (dejar) la banda, (y) a la gente parec\u00eda importarle&#8221;, dijo ZAYN recientemente. <em>llama a su papi<\/em> presentador de podcast Alex Cooper. &#8220;Estoy realmente orgulloso de la progresi\u00f3n, el desarrollo y la comprensi\u00f3n de m\u00ed mismo a trav\u00e9s de mi m\u00fasica&#8221;.<\/p>\n<p><em>KONNAKOL<\/em> sigue el \u00e1lbum 2024 de ZAYN <em>Habitaci\u00f3n debajo de las escaleras<\/em>que sigui\u00f3 con su primera gira en solitario por Estados Unidos, Reino Unido y M\u00e9xico. En 2025, colabor\u00f3 \u200b\u200bcon Jisoo de BLACKPINK en \u201cEyes Closed\u201d, que obtuvo una nominaci\u00f3n al iHeartRadio Music Award 2026 como Colaboraci\u00f3n Favorita de K-Pop.<\/p>\n<p><b>Escuche el nuevo sencillo de ZAYN, \u201cSideways\u201d aqu\u00ed.<\/b><\/p>\n","protected":false},"excerpt":{"rendered":"<p>ZAYN ha compartido una nueva canci\u00f3n de su pr\u00f3ximo \u00e1lbum. KONNAKOL. \u201cSideways\u201d es una pista pop R&#038;B atmosf\u00e9rica que muestra el falsete entrecortado del m\u00fasico.<\/p>\n","protected":false},"author":1,"featured_media":5071,"comment_status":"closed","ping_status":"","sticky":false,"template":"","format":"standard","meta":{"footnotes":""},"categories":[50],"tags":[460,201,4041,116,4042,3844],"class_list":["post-5486","post","type-post","status-publish","format-standard","has-post-thumbnail","hentry","category-el-ultimo","tag-cancion","tag-comparte","tag-konnakol","tag-nueva","tag-sideways","tag-zayn","generate-columns","tablet-grid-50","mobile-grid-100","grid-parent","grid-50"],"yoast_head":"<!-- This site is optimized with the Yoast SEO plugin v23.3 - https:\/\/yoast.com\/wordpress\/plugins\/seo\/ -->\n<title>ZAYN comparte nueva canci\u00f3n de &#039;KONNAKOL&#039;, &#039;Sideways&#039;<\/title>\n<meta name=\"robots\" content=\"index, follow, max-snippet:-1, max-image-preview:large, max-video-preview:-1\" \/>\n<link rel=\"canonical\" href=\"https:\/\/web.consaguirre.com.ar\/noticias\/zayn-comparte-nueva-cancion-de-konnakol-sideways\/\" \/>\n<meta property=\"og:locale\" content=\"es_ES\" \/>\n<meta property=\"og:type\" content=\"article\" \/>\n<meta property=\"og:title\" content=\"ZAYN comparte nueva canci\u00f3n de &#039;KONNAKOL&#039;, &#039;Sideways&#039;\" \/>\n<meta property=\"og:description\" content=\"ZAYN ha compartido una nueva canci\u00f3n de su pr\u00f3ximo \u00e1lbum. KONNAKOL. \u201cSideways\u201d es una pista pop R&#038;B atmosf\u00e9rica que muestra el falsete entrecortado del m\u00fasico.\" \/>\n<meta property=\"og:url\" content=\"https:\/\/web.consaguirre.com.ar\/noticias\/zayn-comparte-nueva-cancion-de-konnakol-sideways\/\" \/>\n<meta property=\"og:site_name\" content=\"Conservatorio de M\u00fasica Juli\u00e1n Aguirre\" \/>\n<meta property=\"article:published_time\" content=\"2026-03-30T23:39:28+00:00\" \/>\n<meta property=\"og:image\" content=\"https:\/\/web.consaguirre.com.ar\/noticias\/wp-content\/uploads\/2026\/02\/1770669506_Zayn-comparte-nuevo-sencillo-Die-For-Me-detalles-de-su.jpg\" \/>\n\t<meta property=\"og:image:width\" content=\"820\" \/>\n\t<meta property=\"og:image:height\" content=\"820\" \/>\n\t<meta property=\"og:image:type\" content=\"image\/jpeg\" \/>\n<meta name=\"author\" content=\"Javier Figueroa\" \/>\n<meta name=\"twitter:card\" content=\"summary_large_image\" \/>\n<meta name=\"twitter:label1\" content=\"Escrito por\" \/>\n\t<meta name=\"twitter:data1\" content=\"Javier Figueroa\" \/>\n\t<meta name=\"twitter:label2\" content=\"Tiempo de lectura\" \/>\n\t<meta name=\"twitter:data2\" content=\"2 minutos\" \/>\n<script type=\"application\/ld+json\" class=\"yoast-schema-graph\">{\"@context\":\"https:\/\/schema.org\",\"@graph\":[{\"@type\":\"Article\",\"@id\":\"https:\/\/web.consaguirre.com.ar\/noticias\/zayn-comparte-nueva-cancion-de-konnakol-sideways\/#article\",\"isPartOf\":{\"@id\":\"https:\/\/web.consaguirre.com.ar\/noticias\/zayn-comparte-nueva-cancion-de-konnakol-sideways\/\"},\"author\":{\"name\":\"Javier Figueroa\",\"@id\":\"https:\/\/web.consaguirre.com.ar\/noticias\/#\/schema\/person\/6558b0cfedee7ddc5425602b237d5722\"},\"headline\":\"ZAYN comparte nueva canci\u00f3n de &#8216;KONNAKOL&#8217;, &#8216;Sideways&#8217;\",\"datePublished\":\"2026-03-30T23:39:28+00:00\",\"dateModified\":\"2026-03-30T23:39:28+00:00\",\"mainEntityOfPage\":{\"@id\":\"https:\/\/web.consaguirre.com.ar\/noticias\/zayn-comparte-nueva-cancion-de-konnakol-sideways\/\"},\"wordCount\":411,\"publisher\":{\"@id\":\"https:\/\/web.consaguirre.com.ar\/noticias\/#organization\"},\"image\":{\"@id\":\"https:\/\/web.consaguirre.com.ar\/noticias\/zayn-comparte-nueva-cancion-de-konnakol-sideways\/#primaryimage\"},\"thumbnailUrl\":\"https:\/\/web.consaguirre.com.ar\/noticias\/wp-content\/uploads\/2026\/02\/1770669506_Zayn-comparte-nuevo-sencillo-Die-For-Me-detalles-de-su.jpg\",\"keywords\":[\"canci\u00f3n\",\"comparte\",\"KONNAKOL\",\"nueva\",\"Sideways\",\"Zayn\"],\"articleSection\":[\"El \u00faltimo\"],\"inLanguage\":\"es-AR\"},{\"@type\":\"WebPage\",\"@id\":\"https:\/\/web.consaguirre.com.ar\/noticias\/zayn-comparte-nueva-cancion-de-konnakol-sideways\/\",\"url\":\"https:\/\/web.consaguirre.com.ar\/noticias\/zayn-comparte-nueva-cancion-de-konnakol-sideways\/\",\"name\":\"ZAYN comparte nueva canci\u00f3n de 'KONNAKOL', 'Sideways'\",\"isPartOf\":{\"@id\":\"https:\/\/web.consaguirre.com.ar\/noticias\/#website\"},\"primaryImageOfPage\":{\"@id\":\"https:\/\/web.consaguirre.com.ar\/noticias\/zayn-comparte-nueva-cancion-de-konnakol-sideways\/#primaryimage\"},\"image\":{\"@id\":\"https:\/\/web.consaguirre.com.ar\/noticias\/zayn-comparte-nueva-cancion-de-konnakol-sideways\/#primaryimage\"},\"thumbnailUrl\":\"https:\/\/web.consaguirre.com.ar\/noticias\/wp-content\/uploads\/2026\/02\/1770669506_Zayn-comparte-nuevo-sencillo-Die-For-Me-detalles-de-su.jpg\",\"datePublished\":\"2026-03-30T23:39:28+00:00\",\"dateModified\":\"2026-03-30T23:39:28+00:00\",\"breadcrumb\":{\"@id\":\"https:\/\/web.consaguirre.com.ar\/noticias\/zayn-comparte-nueva-cancion-de-konnakol-sideways\/#breadcrumb\"},\"inLanguage\":\"es-AR\",\"potentialAction\":[{\"@type\":\"ReadAction\",\"target\":[\"https:\/\/web.consaguirre.com.ar\/noticias\/zayn-comparte-nueva-cancion-de-konnakol-sideways\/\"]}]},{\"@type\":\"ImageObject\",\"inLanguage\":\"es-AR\",\"@id\":\"https:\/\/web.consaguirre.com.ar\/noticias\/zayn-comparte-nueva-cancion-de-konnakol-sideways\/#primaryimage\",\"url\":\"https:\/\/web.consaguirre.com.ar\/noticias\/wp-content\/uploads\/2026\/02\/1770669506_Zayn-comparte-nuevo-sencillo-Die-For-Me-detalles-de-su.jpg\",\"contentUrl\":\"https:\/\/web.consaguirre.com.ar\/noticias\/wp-content\/uploads\/2026\/02\/1770669506_Zayn-comparte-nuevo-sencillo-Die-For-Me-detalles-de-su.jpg\",\"width\":820,\"height\":820,\"caption\":\"Zayn Konnakol\"},{\"@type\":\"BreadcrumbList\",\"@id\":\"https:\/\/web.consaguirre.com.ar\/noticias\/zayn-comparte-nueva-cancion-de-konnakol-sideways\/#breadcrumb\",\"itemListElement\":[{\"@type\":\"ListItem\",\"position\":1,\"name\":\"Inicio\",\"item\":\"https:\/\/web.consaguirre.com.ar\/noticias\/\"},{\"@type\":\"ListItem\",\"position\":2,\"name\":\"ZAYN comparte nueva canci\u00f3n de &#8216;KONNAKOL&#8217;, &#8216;Sideways&#8217;\"}]},{\"@type\":\"WebSite\",\"@id\":\"https:\/\/web.consaguirre.com.ar\/noticias\/#website\",\"url\":\"https:\/\/web.consaguirre.com.ar\/noticias\/\",\"name\":\"Conservatorio de M\u00fasica Juli\u00e1n Aguirre\",\"description\":\"\",\"publisher\":{\"@id\":\"https:\/\/web.consaguirre.com.ar\/noticias\/#organization\"},\"potentialAction\":[{\"@type\":\"SearchAction\",\"target\":{\"@type\":\"EntryPoint\",\"urlTemplate\":\"https:\/\/web.consaguirre.com.ar\/noticias\/?s={search_term_string}\"},\"query-input\":\"required name=search_term_string\"}],\"inLanguage\":\"es-AR\"},{\"@type\":\"Organization\",\"@id\":\"https:\/\/web.consaguirre.com.ar\/noticias\/#organization\",\"name\":\"Conservatorio de M\u00fasica Juli\u00e1n Aguirre\",\"url\":\"https:\/\/web.consaguirre.com.ar\/noticias\/\",\"logo\":{\"@type\":\"ImageObject\",\"inLanguage\":\"es-AR\",\"@id\":\"https:\/\/web.consaguirre.com.ar\/noticias\/#\/schema\/logo\/image\/\",\"url\":\"https:\/\/web.consaguirre.com.ar\/noticias\/wp-content\/uploads\/2024\/08\/Banner-Aguirre-23.jpg\",\"contentUrl\":\"https:\/\/web.consaguirre.com.ar\/noticias\/wp-content\/uploads\/2024\/08\/Banner-Aguirre-23.jpg\",\"width\":1192,\"height\":600,\"caption\":\"Conservatorio de M\u00fasica Juli\u00e1n Aguirre\"},\"image\":{\"@id\":\"https:\/\/web.consaguirre.com.ar\/noticias\/#\/schema\/logo\/image\/\"}},{\"@type\":\"Person\",\"@id\":\"https:\/\/web.consaguirre.com.ar\/noticias\/#\/schema\/person\/6558b0cfedee7ddc5425602b237d5722\",\"name\":\"Javier Figueroa\",\"image\":{\"@type\":\"ImageObject\",\"inLanguage\":\"es-AR\",\"@id\":\"https:\/\/web.consaguirre.com.ar\/noticias\/#\/schema\/person\/image\/\",\"url\":\"https:\/\/web.consaguirre.com.ar\/noticias\/wp-content\/uploads\/2024\/08\/Consaguirre-scaled.jpg\",\"contentUrl\":\"https:\/\/web.consaguirre.com.ar\/noticias\/wp-content\/uploads\/2024\/08\/Consaguirre-scaled.jpg\",\"caption\":\"Javier Figueroa\"},\"description\":\"Me llamo Javier Figueroa y soy redactor para el sitio oficial del Conservatorio de M\u00fasica Juli\u00e1n Aguirre en Buenos Aires, consaguirre.com. Apasionado por la m\u00fasica y la escritura, me esfuerzo por destacar los talentos y eventos de nuestra prestigiosa instituci\u00f3n. Mi trayectoria se nutre de una profunda admiraci\u00f3n por los artistas, haciendo de cada art\u00edculo una celebraci\u00f3n de la creatividad y la cultura musical.\",\"sameAs\":[\"https:\/\/web.consaguirre.com.ar\/noticias\"]}]}<\/script>\n<!-- \/ Yoast SEO plugin. -->","yoast_head_json":{"title":"ZAYN comparte nueva canci\u00f3n de 'KONNAKOL', 'Sideways'","robots":{"index":"index","follow":"follow","max-snippet":"max-snippet:-1","max-image-preview":"max-image-preview:large","max-video-preview":"max-video-preview:-1"},"canonical":"https:\/\/web.consaguirre.com.ar\/noticias\/zayn-comparte-nueva-cancion-de-konnakol-sideways\/","og_locale":"es_ES","og_type":"article","og_title":"ZAYN comparte nueva canci\u00f3n de 'KONNAKOL', 'Sideways'","og_description":"ZAYN ha compartido una nueva canci\u00f3n de su pr\u00f3ximo \u00e1lbum. KONNAKOL. \u201cSideways\u201d es una pista pop R&#038;B atmosf\u00e9rica que muestra el falsete entrecortado del m\u00fasico.","og_url":"https:\/\/web.consaguirre.com.ar\/noticias\/zayn-comparte-nueva-cancion-de-konnakol-sideways\/","og_site_name":"Conservatorio de M\u00fasica Juli\u00e1n Aguirre","article_published_time":"2026-03-30T23:39:28+00:00","og_image":[{"width":820,"height":820,"url":"https:\/\/web.consaguirre.com.ar\/noticias\/wp-content\/uploads\/2026\/02\/1770669506_Zayn-comparte-nuevo-sencillo-Die-For-Me-detalles-de-su.jpg","type":"image\/jpeg"}],"author":"Javier Figueroa","twitter_card":"summary_large_image","twitter_misc":{"Escrito por":"Javier Figueroa","Tiempo de lectura":"2 minutos"},"schema":{"@context":"https:\/\/schema.org","@graph":[{"@type":"Article","@id":"https:\/\/web.consaguirre.com.ar\/noticias\/zayn-comparte-nueva-cancion-de-konnakol-sideways\/#article","isPartOf":{"@id":"https:\/\/web.consaguirre.com.ar\/noticias\/zayn-comparte-nueva-cancion-de-konnakol-sideways\/"},"author":{"name":"Javier Figueroa","@id":"https:\/\/web.consaguirre.com.ar\/noticias\/#\/schema\/person\/6558b0cfedee7ddc5425602b237d5722"},"headline":"ZAYN comparte nueva canci\u00f3n de &#8216;KONNAKOL&#8217;, &#8216;Sideways&#8217;","datePublished":"2026-03-30T23:39:28+00:00","dateModified":"2026-03-30T23:39:28+00:00","mainEntityOfPage":{"@id":"https:\/\/web.consaguirre.com.ar\/noticias\/zayn-comparte-nueva-cancion-de-konnakol-sideways\/"},"wordCount":411,"publisher":{"@id":"https:\/\/web.consaguirre.com.ar\/noticias\/#organization"},"image":{"@id":"https:\/\/web.consaguirre.com.ar\/noticias\/zayn-comparte-nueva-cancion-de-konnakol-sideways\/#primaryimage"},"thumbnailUrl":"https:\/\/web.consaguirre.com.ar\/noticias\/wp-content\/uploads\/2026\/02\/1770669506_Zayn-comparte-nuevo-sencillo-Die-For-Me-detalles-de-su.jpg","keywords":["canci\u00f3n","comparte","KONNAKOL","nueva","Sideways","Zayn"],"articleSection":["El \u00faltimo"],"inLanguage":"es-AR"},{"@type":"WebPage","@id":"https:\/\/web.consaguirre.com.ar\/noticias\/zayn-comparte-nueva-cancion-de-konnakol-sideways\/","url":"https:\/\/web.consaguirre.com.ar\/noticias\/zayn-comparte-nueva-cancion-de-konnakol-sideways\/","name":"ZAYN comparte nueva canci\u00f3n de 'KONNAKOL', 'Sideways'","isPartOf":{"@id":"https:\/\/web.consaguirre.com.ar\/noticias\/#website"},"primaryImageOfPage":{"@id":"https:\/\/web.consaguirre.com.ar\/noticias\/zayn-comparte-nueva-cancion-de-konnakol-sideways\/#primaryimage"},"image":{"@id":"https:\/\/web.consaguirre.com.ar\/noticias\/zayn-comparte-nueva-cancion-de-konnakol-sideways\/#primaryimage"},"thumbnailUrl":"https:\/\/web.consaguirre.com.ar\/noticias\/wp-content\/uploads\/2026\/02\/1770669506_Zayn-comparte-nuevo-sencillo-Die-For-Me-detalles-de-su.jpg","datePublished":"2026-03-30T23:39:28+00:00","dateModified":"2026-03-30T23:39:28+00:00","breadcrumb":{"@id":"https:\/\/web.consaguirre.com.ar\/noticias\/zayn-comparte-nueva-cancion-de-konnakol-sideways\/#breadcrumb"},"inLanguage":"es-AR","potentialAction":[{"@type":"ReadAction","target":["https:\/\/web.consaguirre.com.ar\/noticias\/zayn-comparte-nueva-cancion-de-konnakol-sideways\/"]}]},{"@type":"ImageObject","inLanguage":"es-AR","@id":"https:\/\/web.consaguirre.com.ar\/noticias\/zayn-comparte-nueva-cancion-de-konnakol-sideways\/#primaryimage","url":"https:\/\/web.consaguirre.com.ar\/noticias\/wp-content\/uploads\/2026\/02\/1770669506_Zayn-comparte-nuevo-sencillo-Die-For-Me-detalles-de-su.jpg","contentUrl":"https:\/\/web.consaguirre.com.ar\/noticias\/wp-content\/uploads\/2026\/02\/1770669506_Zayn-comparte-nuevo-sencillo-Die-For-Me-detalles-de-su.jpg","width":820,"height":820,"caption":"Zayn Konnakol"},{"@type":"BreadcrumbList","@id":"https:\/\/web.consaguirre.com.ar\/noticias\/zayn-comparte-nueva-cancion-de-konnakol-sideways\/#breadcrumb","itemListElement":[{"@type":"ListItem","position":1,"name":"Inicio","item":"https:\/\/web.consaguirre.com.ar\/noticias\/"},{"@type":"ListItem","position":2,"name":"ZAYN comparte nueva canci\u00f3n de &#8216;KONNAKOL&#8217;, &#8216;Sideways&#8217;"}]},{"@type":"WebSite","@id":"https:\/\/web.consaguirre.com.ar\/noticias\/#website","url":"https:\/\/web.consaguirre.com.ar\/noticias\/","name":"Conservatorio de M\u00fasica Juli\u00e1n Aguirre","description":"","publisher":{"@id":"https:\/\/web.consaguirre.com.ar\/noticias\/#organization"},"potentialAction":[{"@type":"SearchAction","target":{"@type":"EntryPoint","urlTemplate":"https:\/\/web.consaguirre.com.ar\/noticias\/?s={search_term_string}"},"query-input":"required name=search_term_string"}],"inLanguage":"es-AR"},{"@type":"Organization","@id":"https:\/\/web.consaguirre.com.ar\/noticias\/#organization","name":"Conservatorio de M\u00fasica Juli\u00e1n Aguirre","url":"https:\/\/web.consaguirre.com.ar\/noticias\/","logo":{"@type":"ImageObject","inLanguage":"es-AR","@id":"https:\/\/web.consaguirre.com.ar\/noticias\/#\/schema\/logo\/image\/","url":"https:\/\/web.consaguirre.com.ar\/noticias\/wp-content\/uploads\/2024\/08\/Banner-Aguirre-23.jpg","contentUrl":"https:\/\/web.consaguirre.com.ar\/noticias\/wp-content\/uploads\/2024\/08\/Banner-Aguirre-23.jpg","width":1192,"height":600,"caption":"Conservatorio de M\u00fasica Juli\u00e1n Aguirre"},"image":{"@id":"https:\/\/web.consaguirre.com.ar\/noticias\/#\/schema\/logo\/image\/"}},{"@type":"Person","@id":"https:\/\/web.consaguirre.com.ar\/noticias\/#\/schema\/person\/6558b0cfedee7ddc5425602b237d5722","name":"Javier Figueroa","image":{"@type":"ImageObject","inLanguage":"es-AR","@id":"https:\/\/web.consaguirre.com.ar\/noticias\/#\/schema\/person\/image\/","url":"https:\/\/web.consaguirre.com.ar\/noticias\/wp-content\/uploads\/2024\/08\/Consaguirre-scaled.jpg","contentUrl":"https:\/\/web.consaguirre.com.ar\/noticias\/wp-content\/uploads\/2024\/08\/Consaguirre-scaled.jpg","caption":"Javier Figueroa"},"description":"Me llamo Javier Figueroa y soy redactor para el sitio oficial del Conservatorio de M\u00fasica Juli\u00e1n Aguirre en Buenos Aires, consaguirre.com. Apasionado por la m\u00fasica y la escritura, me esfuerzo por destacar los talentos y eventos de nuestra prestigiosa instituci\u00f3n. Mi trayectoria se nutre de una profunda admiraci\u00f3n por los artistas, haciendo de cada art\u00edculo una celebraci\u00f3n de la creatividad y la cultura musical.","sameAs":["https:\/\/web.consaguirre.com.ar\/noticias"]}]}},"_links":{"self":[{"href":"https:\/\/web.consaguirre.com.ar\/noticias\/wp-json\/wp\/v2\/posts\/5486"}],"collection":[{"href":"https:\/\/web.consaguirre.com.ar\/noticias\/wp-json\/wp\/v2\/posts"}],"about":[{"href":"https:\/\/web.consaguirre.com.ar\/noticias\/wp-json\/wp\/v2\/types\/post"}],"author":[{"embeddable":true,"href":"https:\/\/web.consaguirre.com.ar\/noticias\/wp-json\/wp\/v2\/users\/1"}],"replies":[{"embeddable":true,"href":"https:\/\/web.consaguirre.com.ar\/noticias\/wp-json\/wp\/v2\/comments?post=5486"}],"version-history":[{"count":1,"href":"https:\/\/web.consaguirre.com.ar\/noticias\/wp-json\/wp\/v2\/posts\/5486\/revisions"}],"predecessor-version":[{"id":5487,"href":"https:\/\/web.consaguirre.com.ar\/noticias\/wp-json\/wp\/v2\/posts\/5486\/revisions\/5487"}],"wp:featuredmedia":[{"embeddable":true,"href":"https:\/\/web.consaguirre.com.ar\/noticias\/wp-json\/wp\/v2\/media\/5071"}],"wp:attachment":[{"href":"https:\/\/web.consaguirre.com.ar\/noticias\/wp-json\/wp\/v2\/media?parent=5486"}],"wp:term":[{"taxonomy":"category","embeddable":true,"href":"https:\/\/web.consaguirre.com.ar\/noticias\/wp-json\/wp\/v2\/categories?post=5486"},{"taxonomy":"post_tag","embeddable":true,"href":"https:\/\/web.consaguirre.com.ar\/noticias\/wp-json\/wp\/v2\/tags?post=5486"}],"curies":[{"name":"wp","href":"https:\/\/api.w.org\/{rel}","templated":true}]}}