{"id":5480,"date":"2026-03-30T14:43:05","date_gmt":"2026-03-30T17:43:05","guid":{"rendered":"https:\/\/web.consaguirre.com.ar\/noticias\/jon-batiste-y-josh-harmon-lanzan-song-of-storms\/"},"modified":"2026-03-30T14:43:06","modified_gmt":"2026-03-30T17:43:06","slug":"jon-batiste-y-josh-harmon-lanzan-song-of-storms","status":"publish","type":"post","link":"https:\/\/web.consaguirre.com.ar\/noticias\/jon-batiste-y-josh-harmon-lanzan-song-of-storms\/","title":{"rendered":"Jon Batiste y Josh Harmon lanzan &#8216;Song Of Storms&#8217;"},"content":{"rendered":"<p>Jon Batiste y Josh Harmon han lanzado \u201cSong of Storms\u201d, una reinterpretaci\u00f3n inspirada en el jazz del querido tema de <i>La leyenda de Zelda: Ocarina del tiempo<\/i>. Ya disponible, la nueva grabaci\u00f3n reinventa una de las melod\u00edas m\u00e1s reconocibles en la historia de los videojuegos como una interpretaci\u00f3n espont\u00e1nea construida alrededor del expresivo piano de Batiste y la sutil percusi\u00f3n de Harmon.<\/p>\n<p>Escuchado originalmente en el emblem\u00e1tico juego de aventuras de Nintendo de 1998, \u201cSong of Storms\u201d sigue siendo uno de los favoritos entre generaciones de jugadores. En manos de Batiste y Harmon, la pieza cobra una nueva vida, mezclando el esp\u00edritu del jazz improvisado con la profunda familiaridad de la composici\u00f3n original. La grabaci\u00f3n surgi\u00f3 de un momento musical no ensayado capturado durante la actuaci\u00f3n de Batiste. <i>MUCHO DINERO<\/i> campa\u00f1a, cuando Harmon comparti\u00f3 im\u00e1genes de los dos m\u00fasicos tocando juntos.<\/p>\n<div class=\"uD-YT-container\"><img decoding=\"async\" src=\"https:\/\/web.consaguirre.com.ar\/noticias\/wp-content\/uploads\/2026\/03\/1774892585_145_Jon-Batiste-y-Josh-Harmon-lanzan-Song-Of-Storms.jpg\" alt=\"V\u00eddeo de YouTube\"><br \/>Haga clic para cargar v\u00eddeo<\/div>\n<p>Hablando sobre la colaboraci\u00f3n, Batiste elogi\u00f3 a Harmon como un compa\u00f1ero amante de la m\u00fasica apasionado por los temas de los videojuegos cl\u00e1sicos, el jazz y las tradiciones de Nueva Orleans. Tambi\u00e9n reflexion\u00f3 sobre su propia historia de reelaboraci\u00f3n de la m\u00fasica de juegos desde una edad temprana, recordando c\u00f3mo \u00e9l y sus primos reorganizaban temas familiares mientras crec\u00edan en una familia de m\u00fasicos en Nueva Orleans. Ese entusiasmo compartido ayuda a darle a \u201cSong of Storms\u201d una energ\u00eda tranquila y alegre, al mismo tiempo que resalta las posibilidades creativas que surgen cuando dos m\u00fasicos siguen el momento hacia donde los lleve.<\/p>\n<p>Batiste gan\u00f3 recientemente un Grammy por <em>MUCHO DINERO<\/em> al Mejor \u00c1lbum Americana, su octava victoria. Mientras tanto, Harmon ha conseguido una audiencia importante a trav\u00e9s de su contenido inventivo basado en percusi\u00f3n y sus colaboraciones de alto perfil. Juntos, re\u00fanen dos mundos creativos distintos en el mismo espacio en \u201cSong of Storms\u201d, convirtiendo un preciado tema de juego en una actuaci\u00f3n que se siente a la vez l\u00fadica y profundamente musical.<\/p>\n<p><b>Escuche \u201cCanciones de tormentas\u201d aqu\u00ed.<\/b><\/p>\n","protected":false},"excerpt":{"rendered":"<p>Jon Batiste y Josh Harmon han lanzado \u201cSong of Storms\u201d, una reinterpretaci\u00f3n inspirada en el jazz del querido tema de La leyenda de Zelda: Ocarina<\/p>\n","protected":false},"author":1,"featured_media":5481,"comment_status":"closed","ping_status":"","sticky":false,"template":"","format":"standard","meta":{"footnotes":""},"categories":[50],"tags":[909,4036,908,1870,393,502,4037],"class_list":["post-5480","post","type-post","status-publish","format-standard","has-post-thumbnail","hentry","category-el-ultimo","tag-batiste","tag-harmon","tag-jon","tag-josh","tag-lanzan","tag-song","tag-storms","generate-columns","tablet-grid-50","mobile-grid-100","grid-parent","grid-50"],"yoast_head":"<!-- This site is optimized with the Yoast SEO plugin v23.3 - https:\/\/yoast.com\/wordpress\/plugins\/seo\/ -->\n<title>Jon Batiste y Josh Harmon lanzan &#039;Song Of Storms&#039;<\/title>\n<meta name=\"robots\" content=\"index, follow, max-snippet:-1, max-image-preview:large, max-video-preview:-1\" \/>\n<link rel=\"canonical\" href=\"https:\/\/web.consaguirre.com.ar\/noticias\/jon-batiste-y-josh-harmon-lanzan-song-of-storms\/\" \/>\n<meta property=\"og:locale\" content=\"es_ES\" \/>\n<meta property=\"og:type\" content=\"article\" \/>\n<meta property=\"og:title\" content=\"Jon Batiste y Josh Harmon lanzan &#039;Song Of Storms&#039;\" \/>\n<meta property=\"og:description\" content=\"Jon Batiste y Josh Harmon han lanzado \u201cSong of Storms\u201d, una reinterpretaci\u00f3n inspirada en el jazz del querido tema de La leyenda de Zelda: Ocarina\" \/>\n<meta property=\"og:url\" content=\"https:\/\/web.consaguirre.com.ar\/noticias\/jon-batiste-y-josh-harmon-lanzan-song-of-storms\/\" \/>\n<meta property=\"og:site_name\" content=\"Conservatorio de M\u00fasica Juli\u00e1n Aguirre\" \/>\n<meta property=\"article:published_time\" content=\"2026-03-30T17:43:05+00:00\" \/>\n<meta property=\"article:modified_time\" content=\"2026-03-30T17:43:06+00:00\" \/>\n<meta property=\"og:image\" content=\"https:\/\/web.consaguirre.com.ar\/noticias\/wp-content\/uploads\/2026\/03\/Jon-Batiste-y-Josh-Harmon-lanzan-Song-Of-Storms.jpg\" \/>\n\t<meta property=\"og:image:width\" content=\"820\" \/>\n\t<meta property=\"og:image:height\" content=\"820\" \/>\n\t<meta property=\"og:image:type\" content=\"image\/jpeg\" \/>\n<meta name=\"author\" content=\"Javier Figueroa\" \/>\n<meta name=\"twitter:card\" content=\"summary_large_image\" \/>\n<meta name=\"twitter:label1\" content=\"Escrito por\" \/>\n\t<meta name=\"twitter:data1\" content=\"Javier Figueroa\" \/>\n\t<meta name=\"twitter:label2\" content=\"Tiempo de lectura\" \/>\n\t<meta name=\"twitter:data2\" content=\"2 minutos\" \/>\n<script type=\"application\/ld+json\" class=\"yoast-schema-graph\">{\"@context\":\"https:\/\/schema.org\",\"@graph\":[{\"@type\":\"Article\",\"@id\":\"https:\/\/web.consaguirre.com.ar\/noticias\/jon-batiste-y-josh-harmon-lanzan-song-of-storms\/#article\",\"isPartOf\":{\"@id\":\"https:\/\/web.consaguirre.com.ar\/noticias\/jon-batiste-y-josh-harmon-lanzan-song-of-storms\/\"},\"author\":{\"name\":\"Javier Figueroa\",\"@id\":\"https:\/\/web.consaguirre.com.ar\/noticias\/#\/schema\/person\/6558b0cfedee7ddc5425602b237d5722\"},\"headline\":\"Jon Batiste y Josh Harmon lanzan &#8216;Song Of Storms&#8217;\",\"datePublished\":\"2026-03-30T17:43:05+00:00\",\"dateModified\":\"2026-03-30T17:43:06+00:00\",\"mainEntityOfPage\":{\"@id\":\"https:\/\/web.consaguirre.com.ar\/noticias\/jon-batiste-y-josh-harmon-lanzan-song-of-storms\/\"},\"wordCount\":365,\"publisher\":{\"@id\":\"https:\/\/web.consaguirre.com.ar\/noticias\/#organization\"},\"image\":{\"@id\":\"https:\/\/web.consaguirre.com.ar\/noticias\/jon-batiste-y-josh-harmon-lanzan-song-of-storms\/#primaryimage\"},\"thumbnailUrl\":\"https:\/\/web.consaguirre.com.ar\/noticias\/wp-content\/uploads\/2026\/03\/Jon-Batiste-y-Josh-Harmon-lanzan-Song-Of-Storms.jpg\",\"keywords\":[\"Batiste\",\"Harmon\",\"Jon\",\"Josh\",\"lanzan\",\"Song\",\"Storms\"],\"articleSection\":[\"El \u00faltimo\"],\"inLanguage\":\"es-AR\"},{\"@type\":\"WebPage\",\"@id\":\"https:\/\/web.consaguirre.com.ar\/noticias\/jon-batiste-y-josh-harmon-lanzan-song-of-storms\/\",\"url\":\"https:\/\/web.consaguirre.com.ar\/noticias\/jon-batiste-y-josh-harmon-lanzan-song-of-storms\/\",\"name\":\"Jon Batiste y Josh Harmon lanzan 'Song Of Storms'\",\"isPartOf\":{\"@id\":\"https:\/\/web.consaguirre.com.ar\/noticias\/#website\"},\"primaryImageOfPage\":{\"@id\":\"https:\/\/web.consaguirre.com.ar\/noticias\/jon-batiste-y-josh-harmon-lanzan-song-of-storms\/#primaryimage\"},\"image\":{\"@id\":\"https:\/\/web.consaguirre.com.ar\/noticias\/jon-batiste-y-josh-harmon-lanzan-song-of-storms\/#primaryimage\"},\"thumbnailUrl\":\"https:\/\/web.consaguirre.com.ar\/noticias\/wp-content\/uploads\/2026\/03\/Jon-Batiste-y-Josh-Harmon-lanzan-Song-Of-Storms.jpg\",\"datePublished\":\"2026-03-30T17:43:05+00:00\",\"dateModified\":\"2026-03-30T17:43:06+00:00\",\"breadcrumb\":{\"@id\":\"https:\/\/web.consaguirre.com.ar\/noticias\/jon-batiste-y-josh-harmon-lanzan-song-of-storms\/#breadcrumb\"},\"inLanguage\":\"es-AR\",\"potentialAction\":[{\"@type\":\"ReadAction\",\"target\":[\"https:\/\/web.consaguirre.com.ar\/noticias\/jon-batiste-y-josh-harmon-lanzan-song-of-storms\/\"]}]},{\"@type\":\"ImageObject\",\"inLanguage\":\"es-AR\",\"@id\":\"https:\/\/web.consaguirre.com.ar\/noticias\/jon-batiste-y-josh-harmon-lanzan-song-of-storms\/#primaryimage\",\"url\":\"https:\/\/web.consaguirre.com.ar\/noticias\/wp-content\/uploads\/2026\/03\/Jon-Batiste-y-Josh-Harmon-lanzan-Song-Of-Storms.jpg\",\"contentUrl\":\"https:\/\/web.consaguirre.com.ar\/noticias\/wp-content\/uploads\/2026\/03\/Jon-Batiste-y-Josh-Harmon-lanzan-Song-Of-Storms.jpg\",\"width\":820,\"height\":820,\"caption\":\"Jon Batiste y Josh Harmon lanzan 'Song Of Storms'\"},{\"@type\":\"BreadcrumbList\",\"@id\":\"https:\/\/web.consaguirre.com.ar\/noticias\/jon-batiste-y-josh-harmon-lanzan-song-of-storms\/#breadcrumb\",\"itemListElement\":[{\"@type\":\"ListItem\",\"position\":1,\"name\":\"Inicio\",\"item\":\"https:\/\/web.consaguirre.com.ar\/noticias\/\"},{\"@type\":\"ListItem\",\"position\":2,\"name\":\"Jon Batiste y Josh Harmon lanzan &#8216;Song Of Storms&#8217;\"}]},{\"@type\":\"WebSite\",\"@id\":\"https:\/\/web.consaguirre.com.ar\/noticias\/#website\",\"url\":\"https:\/\/web.consaguirre.com.ar\/noticias\/\",\"name\":\"Conservatorio de M\u00fasica Juli\u00e1n Aguirre\",\"description\":\"\",\"publisher\":{\"@id\":\"https:\/\/web.consaguirre.com.ar\/noticias\/#organization\"},\"potentialAction\":[{\"@type\":\"SearchAction\",\"target\":{\"@type\":\"EntryPoint\",\"urlTemplate\":\"https:\/\/web.consaguirre.com.ar\/noticias\/?s={search_term_string}\"},\"query-input\":\"required name=search_term_string\"}],\"inLanguage\":\"es-AR\"},{\"@type\":\"Organization\",\"@id\":\"https:\/\/web.consaguirre.com.ar\/noticias\/#organization\",\"name\":\"Conservatorio de M\u00fasica Juli\u00e1n Aguirre\",\"url\":\"https:\/\/web.consaguirre.com.ar\/noticias\/\",\"logo\":{\"@type\":\"ImageObject\",\"inLanguage\":\"es-AR\",\"@id\":\"https:\/\/web.consaguirre.com.ar\/noticias\/#\/schema\/logo\/image\/\",\"url\":\"https:\/\/web.consaguirre.com.ar\/noticias\/wp-content\/uploads\/2024\/08\/Banner-Aguirre-23.jpg\",\"contentUrl\":\"https:\/\/web.consaguirre.com.ar\/noticias\/wp-content\/uploads\/2024\/08\/Banner-Aguirre-23.jpg\",\"width\":1192,\"height\":600,\"caption\":\"Conservatorio de M\u00fasica Juli\u00e1n Aguirre\"},\"image\":{\"@id\":\"https:\/\/web.consaguirre.com.ar\/noticias\/#\/schema\/logo\/image\/\"}},{\"@type\":\"Person\",\"@id\":\"https:\/\/web.consaguirre.com.ar\/noticias\/#\/schema\/person\/6558b0cfedee7ddc5425602b237d5722\",\"name\":\"Javier Figueroa\",\"image\":{\"@type\":\"ImageObject\",\"inLanguage\":\"es-AR\",\"@id\":\"https:\/\/web.consaguirre.com.ar\/noticias\/#\/schema\/person\/image\/\",\"url\":\"https:\/\/web.consaguirre.com.ar\/noticias\/wp-content\/uploads\/2024\/08\/Consaguirre-scaled.jpg\",\"contentUrl\":\"https:\/\/web.consaguirre.com.ar\/noticias\/wp-content\/uploads\/2024\/08\/Consaguirre-scaled.jpg\",\"caption\":\"Javier Figueroa\"},\"description\":\"Me llamo Javier Figueroa y soy redactor para el sitio oficial del Conservatorio de M\u00fasica Juli\u00e1n Aguirre en Buenos Aires, consaguirre.com. Apasionado por la m\u00fasica y la escritura, me esfuerzo por destacar los talentos y eventos de nuestra prestigiosa instituci\u00f3n. Mi trayectoria se nutre de una profunda admiraci\u00f3n por los artistas, haciendo de cada art\u00edculo una celebraci\u00f3n de la creatividad y la cultura musical.\",\"sameAs\":[\"https:\/\/web.consaguirre.com.ar\/noticias\"]}]}<\/script>\n<!-- \/ Yoast SEO plugin. -->","yoast_head_json":{"title":"Jon Batiste y Josh Harmon lanzan 'Song Of Storms'","robots":{"index":"index","follow":"follow","max-snippet":"max-snippet:-1","max-image-preview":"max-image-preview:large","max-video-preview":"max-video-preview:-1"},"canonical":"https:\/\/web.consaguirre.com.ar\/noticias\/jon-batiste-y-josh-harmon-lanzan-song-of-storms\/","og_locale":"es_ES","og_type":"article","og_title":"Jon Batiste y Josh Harmon lanzan 'Song Of Storms'","og_description":"Jon Batiste y Josh Harmon han lanzado \u201cSong of Storms\u201d, una reinterpretaci\u00f3n inspirada en el jazz del querido tema de La leyenda de Zelda: Ocarina","og_url":"https:\/\/web.consaguirre.com.ar\/noticias\/jon-batiste-y-josh-harmon-lanzan-song-of-storms\/","og_site_name":"Conservatorio de M\u00fasica Juli\u00e1n Aguirre","article_published_time":"2026-03-30T17:43:05+00:00","article_modified_time":"2026-03-30T17:43:06+00:00","og_image":[{"width":820,"height":820,"url":"https:\/\/web.consaguirre.com.ar\/noticias\/wp-content\/uploads\/2026\/03\/Jon-Batiste-y-Josh-Harmon-lanzan-Song-Of-Storms.jpg","type":"image\/jpeg"}],"author":"Javier Figueroa","twitter_card":"summary_large_image","twitter_misc":{"Escrito por":"Javier Figueroa","Tiempo de lectura":"2 minutos"},"schema":{"@context":"https:\/\/schema.org","@graph":[{"@type":"Article","@id":"https:\/\/web.consaguirre.com.ar\/noticias\/jon-batiste-y-josh-harmon-lanzan-song-of-storms\/#article","isPartOf":{"@id":"https:\/\/web.consaguirre.com.ar\/noticias\/jon-batiste-y-josh-harmon-lanzan-song-of-storms\/"},"author":{"name":"Javier Figueroa","@id":"https:\/\/web.consaguirre.com.ar\/noticias\/#\/schema\/person\/6558b0cfedee7ddc5425602b237d5722"},"headline":"Jon Batiste y Josh Harmon lanzan &#8216;Song Of Storms&#8217;","datePublished":"2026-03-30T17:43:05+00:00","dateModified":"2026-03-30T17:43:06+00:00","mainEntityOfPage":{"@id":"https:\/\/web.consaguirre.com.ar\/noticias\/jon-batiste-y-josh-harmon-lanzan-song-of-storms\/"},"wordCount":365,"publisher":{"@id":"https:\/\/web.consaguirre.com.ar\/noticias\/#organization"},"image":{"@id":"https:\/\/web.consaguirre.com.ar\/noticias\/jon-batiste-y-josh-harmon-lanzan-song-of-storms\/#primaryimage"},"thumbnailUrl":"https:\/\/web.consaguirre.com.ar\/noticias\/wp-content\/uploads\/2026\/03\/Jon-Batiste-y-Josh-Harmon-lanzan-Song-Of-Storms.jpg","keywords":["Batiste","Harmon","Jon","Josh","lanzan","Song","Storms"],"articleSection":["El \u00faltimo"],"inLanguage":"es-AR"},{"@type":"WebPage","@id":"https:\/\/web.consaguirre.com.ar\/noticias\/jon-batiste-y-josh-harmon-lanzan-song-of-storms\/","url":"https:\/\/web.consaguirre.com.ar\/noticias\/jon-batiste-y-josh-harmon-lanzan-song-of-storms\/","name":"Jon Batiste y Josh Harmon lanzan 'Song Of Storms'","isPartOf":{"@id":"https:\/\/web.consaguirre.com.ar\/noticias\/#website"},"primaryImageOfPage":{"@id":"https:\/\/web.consaguirre.com.ar\/noticias\/jon-batiste-y-josh-harmon-lanzan-song-of-storms\/#primaryimage"},"image":{"@id":"https:\/\/web.consaguirre.com.ar\/noticias\/jon-batiste-y-josh-harmon-lanzan-song-of-storms\/#primaryimage"},"thumbnailUrl":"https:\/\/web.consaguirre.com.ar\/noticias\/wp-content\/uploads\/2026\/03\/Jon-Batiste-y-Josh-Harmon-lanzan-Song-Of-Storms.jpg","datePublished":"2026-03-30T17:43:05+00:00","dateModified":"2026-03-30T17:43:06+00:00","breadcrumb":{"@id":"https:\/\/web.consaguirre.com.ar\/noticias\/jon-batiste-y-josh-harmon-lanzan-song-of-storms\/#breadcrumb"},"inLanguage":"es-AR","potentialAction":[{"@type":"ReadAction","target":["https:\/\/web.consaguirre.com.ar\/noticias\/jon-batiste-y-josh-harmon-lanzan-song-of-storms\/"]}]},{"@type":"ImageObject","inLanguage":"es-AR","@id":"https:\/\/web.consaguirre.com.ar\/noticias\/jon-batiste-y-josh-harmon-lanzan-song-of-storms\/#primaryimage","url":"https:\/\/web.consaguirre.com.ar\/noticias\/wp-content\/uploads\/2026\/03\/Jon-Batiste-y-Josh-Harmon-lanzan-Song-Of-Storms.jpg","contentUrl":"https:\/\/web.consaguirre.com.ar\/noticias\/wp-content\/uploads\/2026\/03\/Jon-Batiste-y-Josh-Harmon-lanzan-Song-Of-Storms.jpg","width":820,"height":820,"caption":"Jon Batiste y Josh Harmon lanzan 'Song Of Storms'"},{"@type":"BreadcrumbList","@id":"https:\/\/web.consaguirre.com.ar\/noticias\/jon-batiste-y-josh-harmon-lanzan-song-of-storms\/#breadcrumb","itemListElement":[{"@type":"ListItem","position":1,"name":"Inicio","item":"https:\/\/web.consaguirre.com.ar\/noticias\/"},{"@type":"ListItem","position":2,"name":"Jon Batiste y Josh Harmon lanzan &#8216;Song Of Storms&#8217;"}]},{"@type":"WebSite","@id":"https:\/\/web.consaguirre.com.ar\/noticias\/#website","url":"https:\/\/web.consaguirre.com.ar\/noticias\/","name":"Conservatorio de M\u00fasica Juli\u00e1n Aguirre","description":"","publisher":{"@id":"https:\/\/web.consaguirre.com.ar\/noticias\/#organization"},"potentialAction":[{"@type":"SearchAction","target":{"@type":"EntryPoint","urlTemplate":"https:\/\/web.consaguirre.com.ar\/noticias\/?s={search_term_string}"},"query-input":"required name=search_term_string"}],"inLanguage":"es-AR"},{"@type":"Organization","@id":"https:\/\/web.consaguirre.com.ar\/noticias\/#organization","name":"Conservatorio de M\u00fasica Juli\u00e1n Aguirre","url":"https:\/\/web.consaguirre.com.ar\/noticias\/","logo":{"@type":"ImageObject","inLanguage":"es-AR","@id":"https:\/\/web.consaguirre.com.ar\/noticias\/#\/schema\/logo\/image\/","url":"https:\/\/web.consaguirre.com.ar\/noticias\/wp-content\/uploads\/2024\/08\/Banner-Aguirre-23.jpg","contentUrl":"https:\/\/web.consaguirre.com.ar\/noticias\/wp-content\/uploads\/2024\/08\/Banner-Aguirre-23.jpg","width":1192,"height":600,"caption":"Conservatorio de M\u00fasica Juli\u00e1n Aguirre"},"image":{"@id":"https:\/\/web.consaguirre.com.ar\/noticias\/#\/schema\/logo\/image\/"}},{"@type":"Person","@id":"https:\/\/web.consaguirre.com.ar\/noticias\/#\/schema\/person\/6558b0cfedee7ddc5425602b237d5722","name":"Javier Figueroa","image":{"@type":"ImageObject","inLanguage":"es-AR","@id":"https:\/\/web.consaguirre.com.ar\/noticias\/#\/schema\/person\/image\/","url":"https:\/\/web.consaguirre.com.ar\/noticias\/wp-content\/uploads\/2024\/08\/Consaguirre-scaled.jpg","contentUrl":"https:\/\/web.consaguirre.com.ar\/noticias\/wp-content\/uploads\/2024\/08\/Consaguirre-scaled.jpg","caption":"Javier Figueroa"},"description":"Me llamo Javier Figueroa y soy redactor para el sitio oficial del Conservatorio de M\u00fasica Juli\u00e1n Aguirre en Buenos Aires, consaguirre.com. Apasionado por la m\u00fasica y la escritura, me esfuerzo por destacar los talentos y eventos de nuestra prestigiosa instituci\u00f3n. Mi trayectoria se nutre de una profunda admiraci\u00f3n por los artistas, haciendo de cada art\u00edculo una celebraci\u00f3n de la creatividad y la cultura musical.","sameAs":["https:\/\/web.consaguirre.com.ar\/noticias"]}]}},"_links":{"self":[{"href":"https:\/\/web.consaguirre.com.ar\/noticias\/wp-json\/wp\/v2\/posts\/5480"}],"collection":[{"href":"https:\/\/web.consaguirre.com.ar\/noticias\/wp-json\/wp\/v2\/posts"}],"about":[{"href":"https:\/\/web.consaguirre.com.ar\/noticias\/wp-json\/wp\/v2\/types\/post"}],"author":[{"embeddable":true,"href":"https:\/\/web.consaguirre.com.ar\/noticias\/wp-json\/wp\/v2\/users\/1"}],"replies":[{"embeddable":true,"href":"https:\/\/web.consaguirre.com.ar\/noticias\/wp-json\/wp\/v2\/comments?post=5480"}],"version-history":[{"count":1,"href":"https:\/\/web.consaguirre.com.ar\/noticias\/wp-json\/wp\/v2\/posts\/5480\/revisions"}],"predecessor-version":[{"id":5482,"href":"https:\/\/web.consaguirre.com.ar\/noticias\/wp-json\/wp\/v2\/posts\/5480\/revisions\/5482"}],"wp:featuredmedia":[{"embeddable":true,"href":"https:\/\/web.consaguirre.com.ar\/noticias\/wp-json\/wp\/v2\/media\/5481"}],"wp:attachment":[{"href":"https:\/\/web.consaguirre.com.ar\/noticias\/wp-json\/wp\/v2\/media?parent=5480"}],"wp:term":[{"taxonomy":"category","embeddable":true,"href":"https:\/\/web.consaguirre.com.ar\/noticias\/wp-json\/wp\/v2\/categories?post=5480"},{"taxonomy":"post_tag","embeddable":true,"href":"https:\/\/web.consaguirre.com.ar\/noticias\/wp-json\/wp\/v2\/tags?post=5480"}],"curies":[{"name":"wp","href":"https:\/\/api.w.org\/{rel}","templated":true}]}}