{"id":5477,"date":"2026-03-30T11:38:50","date_gmt":"2026-03-30T14:38:50","guid":{"rendered":"https:\/\/web.consaguirre.com.ar\/noticias\/birth-of-the-cool-de-miles-davis-obtiene-una-reedicion-del-centenario\/"},"modified":"2026-03-30T11:38:51","modified_gmt":"2026-03-30T14:38:51","slug":"birth-of-the-cool-de-miles-davis-obtiene-una-reedicion-del-centenario","status":"publish","type":"post","link":"https:\/\/web.consaguirre.com.ar\/noticias\/birth-of-the-cool-de-miles-davis-obtiene-una-reedicion-del-centenario\/","title":{"rendered":"&#8216;Birth Of The Cool&#8217; de Miles Davis obtiene una reedici\u00f3n del centenario"},"content":{"rendered":"<p>Miles Davis <em>Nacimiento de lo genial<\/em> Ver\u00e1 una nueva reedici\u00f3n especial este a\u00f1o en honor a su centenario. La nueva edici\u00f3n es la \u00faltima de una serie de celebraciones del centenario del legendario trompetista, que incluyen homenajes de Jazz at Lincoln Center y Birdland Jazz; una Gala SFJAZZ que celebra tanto a Davis como a John Coltrane; y una pr\u00f3xima pel\u00edcula biogr\u00e1fica, <em>millas y julieta<\/em>que protagonizar\u00e1 <em>F1<\/em>Est\u00e1 Damson Idris como m\u00fasico.<\/p>\n<p>Grabado entre 1949 y 1950, <em>Nacimiento de lo genial<\/em> captura a Davis trabajando con un nonet, que inclu\u00eda a personas como Gerry Mulligan, Lee Konitz y Gil Evans. Antes de la grabaci\u00f3n, Davis hab\u00eda actuado como parte del quinteto de Charlie Parker; Parte de la primera m\u00fasica que Davis lanz\u00f3 bajo su propio nombre fue con la banda de Parker. Antes de reunirse en el estudio, Davis y su banda tocaron durante un tiempo limitado de dos semanas en el club Royal Roost de Nueva York en 1948. Entre el p\u00fablico estaba Pete Rugolo, quien r\u00e1pidamente contrat\u00f3 al grupo para Capitol y se puso a producir. <em>Nacimiento de lo genial<\/em>.<\/p>\n<div align='center'>\n<div class=\"udiscover-store-container\">\n<div id='udiscover-store-one-product'><\/div>\n<\/div>\n<p>\/*<!(CDATA(*\/(function (){var scriptURL='https:\/\/sdks.shopifycdn.com\/buy-button\/latest\/buy-button-storefront.min.js';if(window.ShopifyBuy){if(window.ShopifyBuy.UI){ShopifyBuyInit();}else{loadScript();}}else{loadScript();}funci\u00f3n loadScript(){var script=document.createElement('script');script.async=true;script.src=scriptURL;(document.getElementsByTagName('head')(0)|| document.getElementsByTagName('body')(0)).appendChild(script);script.onload=ShopifyBuyInit;} function ShopifyBuyInit(){var cliente=ShopifyBuy.buildClient({dominio:'udiscover.myshopify.com',storefrontAccessToken: 'bdc89f347d2ce61c1feeb9f8c60b2b98',}); ShopifyBuy.UI.onReady(cliente).luego(funci\u00f3n(ui){ ui.createComponent('producto',{ id:(7751585235021), nodo:document.getElementById('udiscover-store-one-product'), moneyFormat:'%24%7B%7Bamount%7D%7D', opciones:{'product':{'iframe':false,'buttonDestination':'modal','contents':{'options':true},'text':{'button':'ORDEN AHORA','outOfStock':'Lo sentimos, esto est\u00e1 agotado stock'}},'productSet':{'iframe':false},'modalProduct':{'iframe':false,'contents':{'img':false,'imgWithCarousel':true,'button':false,'buttonWithQuantity':true} },'modal':{'iframe':false},'option':{'iframe':false},'cart':{'iframe':false},'toggle':{'iframe':false,'contents':{'icon':false}},'lineItem':{'iframe':false}}, }); }); <\/div>\n<\/p>\n<p>Aunque el <em>Nacimiento de lo genial<\/em> Las grabaciones se produjeron al principio de su carrera, el \u00e1lbum no se lanz\u00f3 hasta 1957, cuando aterriz\u00f3 en Capitol. En aquel entonces, cada una de las grabaciones se public\u00f3 por separado en formato de 78 RPM. Hoy en d\u00eda, el \u00e1lbum se considera fundamental tanto para el cool jazz como para el post-bebop y ha visto muchas renovaciones en todos los formatos: en disco compacto en 1989, como una edici\u00f3n ampliada en 1998 y como una remasterizaci\u00f3n del \u00fanico Rudy Van Gelder en 2001. Las grabaciones en vivo de los shows del dinero en Royal Roost tambi\u00e9n se lanzaron bajo el nombre. <em>Boppin genial<\/em> en 1991.<\/p>\n<p>el nuevo <em>Nacimiento de lo genial<\/em> La reedici\u00f3n llegar\u00e1 a trav\u00e9s de la serie Tone Poet Vinyl de Blue Note Records, dirigida por el propio \u201cTone Poet\u201d Joe Harley y masterizada a partir de cintas maestras de carrete de fono anal\u00f3gico originales por Kevin Grey. <em>Nacimiento de lo genial<\/em> es la primera entrada de Davis en la serie; otras luminarias de la era del jazz que aparecen en la colecci\u00f3n incluyen a Duke Ellington, Wayne Shorter, Hank Mobley, Stanley Turrentine y Chick Corea.<\/p>\n<p><b>Comprar Miles Davis <em>Nacimiento de lo genial<\/em> aqu\u00ed.<\/b><\/p>\n","protected":false},"excerpt":{"rendered":"<p>Miles Davis Nacimiento de lo genial Ver\u00e1 una nueva reedici\u00f3n especial este a\u00f1o en honor a su centenario. La nueva edici\u00f3n es la \u00faltima de<\/p>\n","protected":false},"author":1,"featured_media":5478,"comment_status":"closed","ping_status":"","sticky":false,"template":"","format":"standard","meta":{"footnotes":""},"categories":[50],"tags":[4035,1591,1954,346,10,345,800,117,191],"class_list":["post-5477","post","type-post","status-publish","format-standard","has-post-thumbnail","hentry","category-el-ultimo","tag-birth","tag-centenario","tag-cool","tag-davis","tag-del","tag-miles","tag-obtiene","tag-reedicion","tag-una","generate-columns","tablet-grid-50","mobile-grid-100","grid-parent","grid-50"],"yoast_head":"<!-- This site is optimized with the Yoast SEO plugin v23.3 - https:\/\/yoast.com\/wordpress\/plugins\/seo\/ -->\n<title>&#039;Birth Of The Cool&#039; de Miles Davis obtiene una reedici\u00f3n del centenario<\/title>\n<meta name=\"robots\" content=\"index, follow, max-snippet:-1, max-image-preview:large, max-video-preview:-1\" \/>\n<link rel=\"canonical\" href=\"https:\/\/web.consaguirre.com.ar\/noticias\/birth-of-the-cool-de-miles-davis-obtiene-una-reedicion-del-centenario\/\" \/>\n<meta property=\"og:locale\" content=\"es_ES\" \/>\n<meta property=\"og:type\" content=\"article\" \/>\n<meta property=\"og:title\" content=\"&#039;Birth Of The Cool&#039; de Miles Davis obtiene una reedici\u00f3n del centenario\" \/>\n<meta property=\"og:description\" content=\"Miles Davis Nacimiento de lo genial Ver\u00e1 una nueva reedici\u00f3n especial este a\u00f1o en honor a su centenario. La nueva edici\u00f3n es la \u00faltima de\" \/>\n<meta property=\"og:url\" content=\"https:\/\/web.consaguirre.com.ar\/noticias\/birth-of-the-cool-de-miles-davis-obtiene-una-reedicion-del-centenario\/\" \/>\n<meta property=\"og:site_name\" content=\"Conservatorio de M\u00fasica Juli\u00e1n Aguirre\" \/>\n<meta property=\"article:published_time\" content=\"2026-03-30T14:38:50+00:00\" \/>\n<meta property=\"article:modified_time\" content=\"2026-03-30T14:38:51+00:00\" \/>\n<meta property=\"og:image\" content=\"https:\/\/web.consaguirre.com.ar\/noticias\/wp-content\/uploads\/2026\/03\/Birth-Of-The-Cool-de-Miles-Davis-obtiene-una-reedicion.jpg\" \/>\n\t<meta property=\"og:image:width\" content=\"820\" \/>\n\t<meta property=\"og:image:height\" content=\"820\" \/>\n\t<meta property=\"og:image:type\" content=\"image\/jpeg\" \/>\n<meta name=\"author\" content=\"Javier Figueroa\" \/>\n<meta name=\"twitter:card\" content=\"summary_large_image\" \/>\n<meta name=\"twitter:label1\" content=\"Escrito por\" \/>\n\t<meta name=\"twitter:data1\" content=\"Javier Figueroa\" \/>\n\t<meta name=\"twitter:label2\" content=\"Tiempo de lectura\" \/>\n\t<meta name=\"twitter:data2\" content=\"2 minutos\" \/>\n<script type=\"application\/ld+json\" class=\"yoast-schema-graph\">{\"@context\":\"https:\/\/schema.org\",\"@graph\":[{\"@type\":\"Article\",\"@id\":\"https:\/\/web.consaguirre.com.ar\/noticias\/birth-of-the-cool-de-miles-davis-obtiene-una-reedicion-del-centenario\/#article\",\"isPartOf\":{\"@id\":\"https:\/\/web.consaguirre.com.ar\/noticias\/birth-of-the-cool-de-miles-davis-obtiene-una-reedicion-del-centenario\/\"},\"author\":{\"name\":\"Javier Figueroa\",\"@id\":\"https:\/\/web.consaguirre.com.ar\/noticias\/#\/schema\/person\/6558b0cfedee7ddc5425602b237d5722\"},\"headline\":\"&#8216;Birth Of The Cool&#8217; de Miles Davis obtiene una reedici\u00f3n del centenario\",\"datePublished\":\"2026-03-30T14:38:50+00:00\",\"dateModified\":\"2026-03-30T14:38:51+00:00\",\"mainEntityOfPage\":{\"@id\":\"https:\/\/web.consaguirre.com.ar\/noticias\/birth-of-the-cool-de-miles-davis-obtiene-una-reedicion-del-centenario\/\"},\"wordCount\":411,\"publisher\":{\"@id\":\"https:\/\/web.consaguirre.com.ar\/noticias\/#organization\"},\"image\":{\"@id\":\"https:\/\/web.consaguirre.com.ar\/noticias\/birth-of-the-cool-de-miles-davis-obtiene-una-reedicion-del-centenario\/#primaryimage\"},\"thumbnailUrl\":\"https:\/\/web.consaguirre.com.ar\/noticias\/wp-content\/uploads\/2026\/03\/Birth-Of-The-Cool-de-Miles-Davis-obtiene-una-reedicion.jpg\",\"keywords\":[\"Birth\",\"centenario\",\"Cool\",\"Davis\",\"del\",\"Miles\",\"obtiene\",\"reedici\u00f3n\",\"una\"],\"articleSection\":[\"El \u00faltimo\"],\"inLanguage\":\"es-AR\"},{\"@type\":\"WebPage\",\"@id\":\"https:\/\/web.consaguirre.com.ar\/noticias\/birth-of-the-cool-de-miles-davis-obtiene-una-reedicion-del-centenario\/\",\"url\":\"https:\/\/web.consaguirre.com.ar\/noticias\/birth-of-the-cool-de-miles-davis-obtiene-una-reedicion-del-centenario\/\",\"name\":\"'Birth Of The Cool' de Miles Davis obtiene una reedici\u00f3n del centenario\",\"isPartOf\":{\"@id\":\"https:\/\/web.consaguirre.com.ar\/noticias\/#website\"},\"primaryImageOfPage\":{\"@id\":\"https:\/\/web.consaguirre.com.ar\/noticias\/birth-of-the-cool-de-miles-davis-obtiene-una-reedicion-del-centenario\/#primaryimage\"},\"image\":{\"@id\":\"https:\/\/web.consaguirre.com.ar\/noticias\/birth-of-the-cool-de-miles-davis-obtiene-una-reedicion-del-centenario\/#primaryimage\"},\"thumbnailUrl\":\"https:\/\/web.consaguirre.com.ar\/noticias\/wp-content\/uploads\/2026\/03\/Birth-Of-The-Cool-de-Miles-Davis-obtiene-una-reedicion.jpg\",\"datePublished\":\"2026-03-30T14:38:50+00:00\",\"dateModified\":\"2026-03-30T14:38:51+00:00\",\"breadcrumb\":{\"@id\":\"https:\/\/web.consaguirre.com.ar\/noticias\/birth-of-the-cool-de-miles-davis-obtiene-una-reedicion-del-centenario\/#breadcrumb\"},\"inLanguage\":\"es-AR\",\"potentialAction\":[{\"@type\":\"ReadAction\",\"target\":[\"https:\/\/web.consaguirre.com.ar\/noticias\/birth-of-the-cool-de-miles-davis-obtiene-una-reedicion-del-centenario\/\"]}]},{\"@type\":\"ImageObject\",\"inLanguage\":\"es-AR\",\"@id\":\"https:\/\/web.consaguirre.com.ar\/noticias\/birth-of-the-cool-de-miles-davis-obtiene-una-reedicion-del-centenario\/#primaryimage\",\"url\":\"https:\/\/web.consaguirre.com.ar\/noticias\/wp-content\/uploads\/2026\/03\/Birth-Of-The-Cool-de-Miles-Davis-obtiene-una-reedicion.jpg\",\"contentUrl\":\"https:\/\/web.consaguirre.com.ar\/noticias\/wp-content\/uploads\/2026\/03\/Birth-Of-The-Cool-de-Miles-Davis-obtiene-una-reedicion.jpg\",\"width\":820,\"height\":820,\"caption\":\"Miles Davis Birth of the Cool\"},{\"@type\":\"BreadcrumbList\",\"@id\":\"https:\/\/web.consaguirre.com.ar\/noticias\/birth-of-the-cool-de-miles-davis-obtiene-una-reedicion-del-centenario\/#breadcrumb\",\"itemListElement\":[{\"@type\":\"ListItem\",\"position\":1,\"name\":\"Inicio\",\"item\":\"https:\/\/web.consaguirre.com.ar\/noticias\/\"},{\"@type\":\"ListItem\",\"position\":2,\"name\":\"&#8216;Birth Of The Cool&#8217; de Miles Davis obtiene una reedici\u00f3n del centenario\"}]},{\"@type\":\"WebSite\",\"@id\":\"https:\/\/web.consaguirre.com.ar\/noticias\/#website\",\"url\":\"https:\/\/web.consaguirre.com.ar\/noticias\/\",\"name\":\"Conservatorio de M\u00fasica Juli\u00e1n Aguirre\",\"description\":\"\",\"publisher\":{\"@id\":\"https:\/\/web.consaguirre.com.ar\/noticias\/#organization\"},\"potentialAction\":[{\"@type\":\"SearchAction\",\"target\":{\"@type\":\"EntryPoint\",\"urlTemplate\":\"https:\/\/web.consaguirre.com.ar\/noticias\/?s={search_term_string}\"},\"query-input\":\"required name=search_term_string\"}],\"inLanguage\":\"es-AR\"},{\"@type\":\"Organization\",\"@id\":\"https:\/\/web.consaguirre.com.ar\/noticias\/#organization\",\"name\":\"Conservatorio de M\u00fasica Juli\u00e1n Aguirre\",\"url\":\"https:\/\/web.consaguirre.com.ar\/noticias\/\",\"logo\":{\"@type\":\"ImageObject\",\"inLanguage\":\"es-AR\",\"@id\":\"https:\/\/web.consaguirre.com.ar\/noticias\/#\/schema\/logo\/image\/\",\"url\":\"https:\/\/web.consaguirre.com.ar\/noticias\/wp-content\/uploads\/2024\/08\/Banner-Aguirre-23.jpg\",\"contentUrl\":\"https:\/\/web.consaguirre.com.ar\/noticias\/wp-content\/uploads\/2024\/08\/Banner-Aguirre-23.jpg\",\"width\":1192,\"height\":600,\"caption\":\"Conservatorio de M\u00fasica Juli\u00e1n Aguirre\"},\"image\":{\"@id\":\"https:\/\/web.consaguirre.com.ar\/noticias\/#\/schema\/logo\/image\/\"}},{\"@type\":\"Person\",\"@id\":\"https:\/\/web.consaguirre.com.ar\/noticias\/#\/schema\/person\/6558b0cfedee7ddc5425602b237d5722\",\"name\":\"Javier Figueroa\",\"image\":{\"@type\":\"ImageObject\",\"inLanguage\":\"es-AR\",\"@id\":\"https:\/\/web.consaguirre.com.ar\/noticias\/#\/schema\/person\/image\/\",\"url\":\"https:\/\/web.consaguirre.com.ar\/noticias\/wp-content\/uploads\/2024\/08\/Consaguirre-scaled.jpg\",\"contentUrl\":\"https:\/\/web.consaguirre.com.ar\/noticias\/wp-content\/uploads\/2024\/08\/Consaguirre-scaled.jpg\",\"caption\":\"Javier Figueroa\"},\"description\":\"Me llamo Javier Figueroa y soy redactor para el sitio oficial del Conservatorio de M\u00fasica Juli\u00e1n Aguirre en Buenos Aires, consaguirre.com. Apasionado por la m\u00fasica y la escritura, me esfuerzo por destacar los talentos y eventos de nuestra prestigiosa instituci\u00f3n. Mi trayectoria se nutre de una profunda admiraci\u00f3n por los artistas, haciendo de cada art\u00edculo una celebraci\u00f3n de la creatividad y la cultura musical.\",\"sameAs\":[\"https:\/\/web.consaguirre.com.ar\/noticias\"]}]}<\/script>\n<!-- \/ Yoast SEO plugin. -->","yoast_head_json":{"title":"'Birth Of The Cool' de Miles Davis obtiene una reedici\u00f3n del centenario","robots":{"index":"index","follow":"follow","max-snippet":"max-snippet:-1","max-image-preview":"max-image-preview:large","max-video-preview":"max-video-preview:-1"},"canonical":"https:\/\/web.consaguirre.com.ar\/noticias\/birth-of-the-cool-de-miles-davis-obtiene-una-reedicion-del-centenario\/","og_locale":"es_ES","og_type":"article","og_title":"'Birth Of The Cool' de Miles Davis obtiene una reedici\u00f3n del centenario","og_description":"Miles Davis Nacimiento de lo genial Ver\u00e1 una nueva reedici\u00f3n especial este a\u00f1o en honor a su centenario. La nueva edici\u00f3n es la \u00faltima de","og_url":"https:\/\/web.consaguirre.com.ar\/noticias\/birth-of-the-cool-de-miles-davis-obtiene-una-reedicion-del-centenario\/","og_site_name":"Conservatorio de M\u00fasica Juli\u00e1n Aguirre","article_published_time":"2026-03-30T14:38:50+00:00","article_modified_time":"2026-03-30T14:38:51+00:00","og_image":[{"width":820,"height":820,"url":"https:\/\/web.consaguirre.com.ar\/noticias\/wp-content\/uploads\/2026\/03\/Birth-Of-The-Cool-de-Miles-Davis-obtiene-una-reedicion.jpg","type":"image\/jpeg"}],"author":"Javier Figueroa","twitter_card":"summary_large_image","twitter_misc":{"Escrito por":"Javier Figueroa","Tiempo de lectura":"2 minutos"},"schema":{"@context":"https:\/\/schema.org","@graph":[{"@type":"Article","@id":"https:\/\/web.consaguirre.com.ar\/noticias\/birth-of-the-cool-de-miles-davis-obtiene-una-reedicion-del-centenario\/#article","isPartOf":{"@id":"https:\/\/web.consaguirre.com.ar\/noticias\/birth-of-the-cool-de-miles-davis-obtiene-una-reedicion-del-centenario\/"},"author":{"name":"Javier Figueroa","@id":"https:\/\/web.consaguirre.com.ar\/noticias\/#\/schema\/person\/6558b0cfedee7ddc5425602b237d5722"},"headline":"&#8216;Birth Of The Cool&#8217; de Miles Davis obtiene una reedici\u00f3n del centenario","datePublished":"2026-03-30T14:38:50+00:00","dateModified":"2026-03-30T14:38:51+00:00","mainEntityOfPage":{"@id":"https:\/\/web.consaguirre.com.ar\/noticias\/birth-of-the-cool-de-miles-davis-obtiene-una-reedicion-del-centenario\/"},"wordCount":411,"publisher":{"@id":"https:\/\/web.consaguirre.com.ar\/noticias\/#organization"},"image":{"@id":"https:\/\/web.consaguirre.com.ar\/noticias\/birth-of-the-cool-de-miles-davis-obtiene-una-reedicion-del-centenario\/#primaryimage"},"thumbnailUrl":"https:\/\/web.consaguirre.com.ar\/noticias\/wp-content\/uploads\/2026\/03\/Birth-Of-The-Cool-de-Miles-Davis-obtiene-una-reedicion.jpg","keywords":["Birth","centenario","Cool","Davis","del","Miles","obtiene","reedici\u00f3n","una"],"articleSection":["El \u00faltimo"],"inLanguage":"es-AR"},{"@type":"WebPage","@id":"https:\/\/web.consaguirre.com.ar\/noticias\/birth-of-the-cool-de-miles-davis-obtiene-una-reedicion-del-centenario\/","url":"https:\/\/web.consaguirre.com.ar\/noticias\/birth-of-the-cool-de-miles-davis-obtiene-una-reedicion-del-centenario\/","name":"'Birth Of The Cool' de Miles Davis obtiene una reedici\u00f3n del centenario","isPartOf":{"@id":"https:\/\/web.consaguirre.com.ar\/noticias\/#website"},"primaryImageOfPage":{"@id":"https:\/\/web.consaguirre.com.ar\/noticias\/birth-of-the-cool-de-miles-davis-obtiene-una-reedicion-del-centenario\/#primaryimage"},"image":{"@id":"https:\/\/web.consaguirre.com.ar\/noticias\/birth-of-the-cool-de-miles-davis-obtiene-una-reedicion-del-centenario\/#primaryimage"},"thumbnailUrl":"https:\/\/web.consaguirre.com.ar\/noticias\/wp-content\/uploads\/2026\/03\/Birth-Of-The-Cool-de-Miles-Davis-obtiene-una-reedicion.jpg","datePublished":"2026-03-30T14:38:50+00:00","dateModified":"2026-03-30T14:38:51+00:00","breadcrumb":{"@id":"https:\/\/web.consaguirre.com.ar\/noticias\/birth-of-the-cool-de-miles-davis-obtiene-una-reedicion-del-centenario\/#breadcrumb"},"inLanguage":"es-AR","potentialAction":[{"@type":"ReadAction","target":["https:\/\/web.consaguirre.com.ar\/noticias\/birth-of-the-cool-de-miles-davis-obtiene-una-reedicion-del-centenario\/"]}]},{"@type":"ImageObject","inLanguage":"es-AR","@id":"https:\/\/web.consaguirre.com.ar\/noticias\/birth-of-the-cool-de-miles-davis-obtiene-una-reedicion-del-centenario\/#primaryimage","url":"https:\/\/web.consaguirre.com.ar\/noticias\/wp-content\/uploads\/2026\/03\/Birth-Of-The-Cool-de-Miles-Davis-obtiene-una-reedicion.jpg","contentUrl":"https:\/\/web.consaguirre.com.ar\/noticias\/wp-content\/uploads\/2026\/03\/Birth-Of-The-Cool-de-Miles-Davis-obtiene-una-reedicion.jpg","width":820,"height":820,"caption":"Miles Davis Birth of the Cool"},{"@type":"BreadcrumbList","@id":"https:\/\/web.consaguirre.com.ar\/noticias\/birth-of-the-cool-de-miles-davis-obtiene-una-reedicion-del-centenario\/#breadcrumb","itemListElement":[{"@type":"ListItem","position":1,"name":"Inicio","item":"https:\/\/web.consaguirre.com.ar\/noticias\/"},{"@type":"ListItem","position":2,"name":"&#8216;Birth Of The Cool&#8217; de Miles Davis obtiene una reedici\u00f3n del centenario"}]},{"@type":"WebSite","@id":"https:\/\/web.consaguirre.com.ar\/noticias\/#website","url":"https:\/\/web.consaguirre.com.ar\/noticias\/","name":"Conservatorio de M\u00fasica Juli\u00e1n Aguirre","description":"","publisher":{"@id":"https:\/\/web.consaguirre.com.ar\/noticias\/#organization"},"potentialAction":[{"@type":"SearchAction","target":{"@type":"EntryPoint","urlTemplate":"https:\/\/web.consaguirre.com.ar\/noticias\/?s={search_term_string}"},"query-input":"required name=search_term_string"}],"inLanguage":"es-AR"},{"@type":"Organization","@id":"https:\/\/web.consaguirre.com.ar\/noticias\/#organization","name":"Conservatorio de M\u00fasica Juli\u00e1n Aguirre","url":"https:\/\/web.consaguirre.com.ar\/noticias\/","logo":{"@type":"ImageObject","inLanguage":"es-AR","@id":"https:\/\/web.consaguirre.com.ar\/noticias\/#\/schema\/logo\/image\/","url":"https:\/\/web.consaguirre.com.ar\/noticias\/wp-content\/uploads\/2024\/08\/Banner-Aguirre-23.jpg","contentUrl":"https:\/\/web.consaguirre.com.ar\/noticias\/wp-content\/uploads\/2024\/08\/Banner-Aguirre-23.jpg","width":1192,"height":600,"caption":"Conservatorio de M\u00fasica Juli\u00e1n Aguirre"},"image":{"@id":"https:\/\/web.consaguirre.com.ar\/noticias\/#\/schema\/logo\/image\/"}},{"@type":"Person","@id":"https:\/\/web.consaguirre.com.ar\/noticias\/#\/schema\/person\/6558b0cfedee7ddc5425602b237d5722","name":"Javier Figueroa","image":{"@type":"ImageObject","inLanguage":"es-AR","@id":"https:\/\/web.consaguirre.com.ar\/noticias\/#\/schema\/person\/image\/","url":"https:\/\/web.consaguirre.com.ar\/noticias\/wp-content\/uploads\/2024\/08\/Consaguirre-scaled.jpg","contentUrl":"https:\/\/web.consaguirre.com.ar\/noticias\/wp-content\/uploads\/2024\/08\/Consaguirre-scaled.jpg","caption":"Javier Figueroa"},"description":"Me llamo Javier Figueroa y soy redactor para el sitio oficial del Conservatorio de M\u00fasica Juli\u00e1n Aguirre en Buenos Aires, consaguirre.com. Apasionado por la m\u00fasica y la escritura, me esfuerzo por destacar los talentos y eventos de nuestra prestigiosa instituci\u00f3n. Mi trayectoria se nutre de una profunda admiraci\u00f3n por los artistas, haciendo de cada art\u00edculo una celebraci\u00f3n de la creatividad y la cultura musical.","sameAs":["https:\/\/web.consaguirre.com.ar\/noticias"]}]}},"_links":{"self":[{"href":"https:\/\/web.consaguirre.com.ar\/noticias\/wp-json\/wp\/v2\/posts\/5477"}],"collection":[{"href":"https:\/\/web.consaguirre.com.ar\/noticias\/wp-json\/wp\/v2\/posts"}],"about":[{"href":"https:\/\/web.consaguirre.com.ar\/noticias\/wp-json\/wp\/v2\/types\/post"}],"author":[{"embeddable":true,"href":"https:\/\/web.consaguirre.com.ar\/noticias\/wp-json\/wp\/v2\/users\/1"}],"replies":[{"embeddable":true,"href":"https:\/\/web.consaguirre.com.ar\/noticias\/wp-json\/wp\/v2\/comments?post=5477"}],"version-history":[{"count":1,"href":"https:\/\/web.consaguirre.com.ar\/noticias\/wp-json\/wp\/v2\/posts\/5477\/revisions"}],"predecessor-version":[{"id":5479,"href":"https:\/\/web.consaguirre.com.ar\/noticias\/wp-json\/wp\/v2\/posts\/5477\/revisions\/5479"}],"wp:featuredmedia":[{"embeddable":true,"href":"https:\/\/web.consaguirre.com.ar\/noticias\/wp-json\/wp\/v2\/media\/5478"}],"wp:attachment":[{"href":"https:\/\/web.consaguirre.com.ar\/noticias\/wp-json\/wp\/v2\/media?parent=5477"}],"wp:term":[{"taxonomy":"category","embeddable":true,"href":"https:\/\/web.consaguirre.com.ar\/noticias\/wp-json\/wp\/v2\/categories?post=5477"},{"taxonomy":"post_tag","embeddable":true,"href":"https:\/\/web.consaguirre.com.ar\/noticias\/wp-json\/wp\/v2\/tags?post=5477"}],"curies":[{"name":"wp","href":"https:\/\/api.w.org\/{rel}","templated":true}]}}