{"id":5474,"date":"2026-03-30T09:38:58","date_gmt":"2026-03-30T12:38:58","guid":{"rendered":"https:\/\/web.consaguirre.com.ar\/noticias\/tomeka-reid-todo-es-cuestion-de-alegria\/"},"modified":"2026-03-30T09:38:58","modified_gmt":"2026-03-30T12:38:58","slug":"tomeka-reid-todo-es-cuestion-de-alegria","status":"publish","type":"post","link":"https:\/\/web.consaguirre.com.ar\/noticias\/tomeka-reid-todo-es-cuestion-de-alegria\/","title":{"rendered":"Tomeka Reid: todo es cuesti\u00f3n de alegr\u00eda"},"content":{"rendered":"<div class=\"entry\" itemprop=\"text\">\n<p><em>El violonchelista y compositor Tomeka Reid salta en p\u00fablico. Ella se divierte. En p\u00fablico. Podr\u00eda decirse que esto es lo que m\u00e1s me gusta de este incre\u00edble artista. La alegr\u00eda es importante para Tomeka. No s\u00f3lo su propia alegr\u00eda, sino la alegr\u00eda de los dem\u00e1s. En su \u00faltimo disco \u00a1baila! \u00a1saltar! \u00a1brincar! explora la alegr\u00eda de su familia y el legado del que forma parte. Su bisabuela Francis Elizabeth Bean, su abuela Estelle y su t\u00eda abuela Cece est\u00e1n al frente de este impresionante \u00e1lbum.<\/em><\/p>\n<div id=\"attachment_63676\" style=\"width: 310px\" class=\"wp-caption alignleft\">\n<p class=\"wp-caption-text\">Tomeka Reid de Cristina Marx<\/p>\n<\/div>\n<p><span style=\"font-weight: 400;\">\u00bfPor qu\u00e9 te saltas?<\/span><\/p>\n<p><i><span style=\"font-weight: 400;\">No lo s\u00e9, supongo que cosas b\u00e1sicas. \u00bfLuz solar? Particularmente en este momento que todos estamos viviendo, es dif\u00edcil encontrar esos momentos de alegr\u00eda. Podr\u00edas ir a un lugar muy, muy oscuro porque \u00bfc\u00f3mo reparamos algo? \u00bfC\u00f3mo salimos de esto? Est\u00e1 sucediendo en todo el mundo y es much\u00edsimo. Estoy muy agradecido de tener m\u00fasica. Siento que si tal vez la gente tocara instrumentos, podr\u00edan preocuparse por otra cosa. Estoy realmente agradecido de tener m\u00fasica y ese sonido puede ser sanador para m\u00ed y para las personas que lo escuchan. Tengo esa pr\u00e1ctica. Siento que eso es lo que la gente necesita. La gente necesita rituales, necesita pr\u00e1ctica&#8230; algunas personas lo encuentran en la religi\u00f3n organizada o en el odio a la gente&#8230; No lo s\u00e9. Pero me alegro de tener m\u00fasica. Es un camino dif\u00edcil, divertido, pero me mantiene con los pies en la tierra, me da metas, me da disciplina y me da comunidad. Y creo que eso es lo que le falta a la gente y es por eso que creo que estamos en esta situaci\u00f3n. No sabemos escuchar. Tocar m\u00fasica improvisada se trata de escuchar y comunicarse. No es que sea perfecto en eso, pero al menos es parte de mi pr\u00e1ctica hacer ese tipo de cosas. Yo tambi\u00e9n me cas\u00e9, en la pandemia, y eso me da alegr\u00eda saber que tengo con qui\u00e9n pasar estos momentos desafiantes. Entonces me siento muy bendecido por eso. <\/span><\/i><\/p>\n<p><span style=\"font-weight: 400;\">Durante la pandemia, Tomeka se convirti\u00f3 en la cuidadora principal de su abuela, lo que, aunque obviamente fue un desaf\u00edo por muchas razones, le permiti\u00f3 tener el espacio para reflexionar y considerar realmente la importancia de la familia y el legado.<\/span><\/p>\n<div id=\"attachment_63677\" style=\"width: 310px\" class=\"wp-caption alignleft\"><img loading=\"lazy\" decoding=\"async\" class=\"size-medium wp-image-63677\" src=\"https:\/\/web.consaguirre.com.ar\/noticias\/wp-content\/uploads\/2026\/03\/1774874338_782_Tomeka-Reid-todo-es-cuestion-de-alegria.jpg\" alt=\"\" width=\"300\" height=\"225\"  ><\/p>\n<p class=\"wp-caption-text\">Tomeka, t\u00eda Cece y abuela<\/p>\n<\/div>\n<p><i><span style=\"font-weight: 400;\">Fue una de las cosas m\u00e1s dif\u00edciles que he hecho en mi vida. Pero al mismo tiempo, mirando hacia atr\u00e1s, me siento agradecido por esa experiencia. Estoy agradecido de haber podido estar con ella durante los \u00faltimos a\u00f1os de su vida porque no crec\u00ed con ella. Ten\u00eda estas fotos y eso es parte de mi nuevo r\u00e9cord, tener estas fotos de esta parte de mi familia. Creo que son im\u00e1genes incre\u00edbles. En mi segundo disco (3+3), tengo una foto de mi padre biol\u00f3gico y su hermano gemelo y mi abuela. Simplemente no lo recuerdo, pero para m\u00ed fue un momento feliz en su vida. No s\u00e9 qu\u00e9 hab\u00eda estado haciendo y eso era parte de eso: \u00bfqui\u00e9n eras cuando ten\u00edas 12 a\u00f1os? \u00bfEn qu\u00e9 estabas pensando antes de que el mundo te atrapara y tomaras todas estas decisiones que tomaste?<\/span><\/i><\/p>\n<p><span style=\"font-weight: 400;\">\u00a1bailar! \u00a1saltar! \u00a1brincar! encontrando la alegria<\/span><\/p>\n<p><i><span style=\"font-weight: 400;\">Fui a la casa de mi bisabuela y es como un museo viviente con todas estas fotograf\u00edas. No crec\u00ed con mi padre biol\u00f3gico y por eso nunca pens\u00e9 que lo conocer\u00eda a \u00e9l o a su familia. Eran simplemente incre\u00edbles y me preguntaba \u00bfc\u00f3mo se mantienen estas caracter\u00edsticas? \u00bfC\u00f3mo comparto estas im\u00e1genes? Adem\u00e1s, no vemos, no he visto, muchas im\u00e1genes de personas negras en Occidente \u2013 Wyoming \u2013 no se ven ese tipo de im\u00e1genes. En parte, esa es la raz\u00f3n por la que hice eso con el segundo disco. Y luego, con esta, pens\u00e9 que estas im\u00e1genes eran tan encantadoras y quiero que sigan vivas para otras personas. Creo que son tan hermosos. S\u00f3lo quer\u00eda que la gente viera estas fotos, estas im\u00e1genes de alegr\u00eda. Me encantan las im\u00e1genes de ella, se ve\u00edan alegres, valientes y humanas. A menudo siento, muchas veces, que no ves o al menos yo no he visto muchas im\u00e1genes negras de ese per\u00edodo con ese tipo de energ\u00eda y alegr\u00eda. Ella es atrevida y simplemente se est\u00e1 divirtiendo y quer\u00eda poner eso ah\u00ed y en el disco interno. <\/span><\/i><\/p>\n<p><span style=\"font-weight: 400;\">Tomeka ha conquistado el mundo con su arte maravillosamente aut\u00e9ntico y altamente vers\u00e1til y r\u00e1pidamente ha emergido como un artista que finalmente lleva el violonchelo a la vanguardia del jazz y la escena de la m\u00fasica improvisada. Con su cuarteto, Tomeka ha lanzado cuatro \u00e1lbumes aclamados por la cr\u00edtica, Tomeka Reid Quartet (2015) Old New (2019) 3+3 (2024) y ahora su \u00faltimo \u00e1lbum dance, skip, hop! (2026). En este nuevo \u00e1lbum, Tomeka, como siempre, nos muestra que el violonchelo puede hacer mucho m\u00e1s de lo que creemos, especialmente en el jazz, donde el violonchelo es relativamente poco com\u00fan.<\/span><\/p>\n<div id=\"attachment_63678\" style=\"width: 235px\" class=\"wp-caption alignleft\"><img loading=\"lazy\" decoding=\"async\" class=\"size-medium wp-image-63678\" src=\"https:\/\/web.consaguirre.com.ar\/noticias\/wp-content\/uploads\/2026\/03\/1774874338_142_Tomeka-Reid-todo-es-cuestion-de-alegria.jpg\" alt=\"\" width=\"225\" height=\"300\"  ><\/p>\n<p class=\"wp-caption-text\">Foto de Michael Jackson<\/p>\n<\/div>\n<p><i><span style=\"font-weight: 400;\">Muchas veces cuando tocas el violonchelo es largo y sostenido, pero para este disco quer\u00eda invocar alg\u00fan tipo de alegr\u00eda y mostrar que el violonchelo tambi\u00e9n puede bailar. <\/span><\/i><i><span style=\"font-weight: 400;\">Es un instrumento impresionante y muy vers\u00e1til. Puede funcionar como un bajo, puede funcionar como una bocina. Puede ser un solista en el conjunto o componer como un instrumento de cuerdas. Tambi\u00e9n es genial en combinaci\u00f3n con el contrabajo. Ese es un sonido realmente genial. Pero tambi\u00e9n puede ser simplemente un sabor diferente de energ\u00eda: es s\u00faper vers\u00e1til.<\/span><\/i><\/p>\n<p><span style=\"font-weight: 400;\">Lo que es especialmente singular del violonchelo es la falta de una enorme cartera de violonchelistas de jazz tradicionales. Esto permite que los artistas tengan m\u00e1s espacio para hacerlo suyo, lo que Tomeka hace absolutamente y, lo que es m\u00e1s importante, anima a otros a hacer lo mismo.<\/span><\/p>\n<p><span style=\"font-weight: 400;\">Tomeka lanz\u00f3 la Cumbre de Cuerdas de Jazz de Chicago en 2017 para &#8220;fomentar el reconocimiento, apoyar y crear una audiencia para destacados int\u00e9rpretes de cuerdas experimentales e improvisadores: pasado, presente y futuro&#8221;. Cada a\u00f1o participa una comunidad inspiradora de m\u00fasicos de cuerda que incluye a Regina Carter, Janel Leppin, Olula Negre, Terry Jenoure, Zara Zaharieva, Akua Dixon y Brandee Younger.<\/span><\/p>\n<p><i><span style=\"font-weight: 400;\">Quiero que el violonchelo sea parte de la conversaci\u00f3n. Quiero decir, hay muchos violonchelistas geniales por ah\u00ed. Pero creo que algunos de los festivales y programadores necesitan escuchar. Tengo mi festival de cuerda anual e invito a m\u00fasicos de cuerda innovadores a tocar en Chicago cada a\u00f1o y lo bueno de eso es que todos est\u00e1n haciendo algo realmente diferente. No tenemos esa carga de un gran linaje, as\u00ed que cada uno realmente aporta su propio sonido \u00fanico a esta m\u00fasica, al jazz y la m\u00fasica improvisada, lo cual creo que es realmente asombroso. <\/span><\/i><\/p>\n<p><span style=\"font-weight: 400;\">\u00a1Adem\u00e1s de tocar el violonchelo, Tomeka escribi\u00f3 las cinco composiciones para danza! \u00a1saltar! \u00a1brincar! y trae consigo al fant\u00e1stico Jason Roebke (bajo, casete), Mary Halvorson (guitarra) y Tomas Fujiwara (bater\u00eda) para el cuarteto. \u00a1Las cinco pistas bailan! \u00a1saltar! hop!, a(ways) Para CC y CeCe, \u00a1Oo long!, Under the Aurora Sky y Silver Spring Fig Tree demuestran maravillosamente la profundidad de la conexi\u00f3n emocional de Tomeka no solo con su violonchelo sino tambi\u00e9n con la comunidad de la que forma parte. La unidad y la libertad son significativas. <\/span><\/p>\n<p><span style=\"font-weight: 400;\">Un gran bebedor de t\u00e9, \u00a1oh, mucho tiempo! lleva el nombre de un restaurante que visit\u00f3 cuando era artista residente en Moers. &#8216;\u00a1Adem\u00e1s del soba hecho a mano, ten\u00edan el t\u00e9 oolong m\u00e1s delicioso! A veces todav\u00eda lo anhelo, as\u00ed que esta canci\u00f3n lleva ese nombre&#8221;. a(ways) For CC and CeCe, est\u00e1 dedicado a Clarence James, quien tuvo una gran influencia en Tomeka como partidario de la escena musical de Chicago, y a la t\u00eda abuela Cece, &#8216;la t\u00eda Cece estuvo a mi lado en cada paso del camino. Amaba mucho a su hermana mayor, que habr\u00eda cumplido 100 a\u00f1os este a\u00f1o\u201d. Su marido, David, titul\u00f3 Under the Aurora Sky y el tema final, Silver Spring Fig Tree, est\u00e1 inspirado en Steve Feigenbaum de Cuneiform Records y la ciudad donde Tomeka empez\u00f3 a tocar el violonchelo.<\/span><\/p>\n<p><span style=\"font-weight: 400;\"><img loading=\"lazy\" decoding=\"async\" class=\" wp-image-63679 alignleft\" src=\"https:\/\/web.consaguirre.com.ar\/noticias\/wp-content\/uploads\/2026\/03\/1774874338_808_Tomeka-Reid-todo-es-cuestion-de-alegria.jpg\" rel=\"prettyPhoto\" alt=\"\" width=\"211\" height=\"211\"  >\u00a1bailar! \u00a1saltar! \u00a1brincar! \u00a1ya est\u00e1 disponible! <\/span><\/p>\n<p>Esta entrevista se public\u00f3 por primera vez en la revista Women in Jazz Media de marzo de 2026.<\/p>\n<div class=\"post-pagination\"><\/div>\n<div class=\"clearfix\"><\/div>\n<\/p><\/div>\n","protected":false},"excerpt":{"rendered":"<p>El violonchelista y compositor Tomeka Reid salta en p\u00fablico. Ella se divierte. En p\u00fablico. Podr\u00eda decirse que esto es lo que m\u00e1s me gusta de<\/p>\n","protected":false},"author":1,"featured_media":5475,"comment_status":"closed","ping_status":"","sticky":false,"template":"","format":"standard","meta":{"footnotes":""},"categories":[5],"tags":[4034,4033,4032,485,4031],"class_list":["post-5474","post","type-post","status-publish","format-standard","has-post-thumbnail","hentry","category-entrevista","tag-alegria","tag-cuestion","tag-reid","tag-todo","tag-tomeka","generate-columns","tablet-grid-50","mobile-grid-100","grid-parent","grid-50"],"yoast_head":"<!-- This site is optimized with the Yoast SEO plugin v23.3 - https:\/\/yoast.com\/wordpress\/plugins\/seo\/ -->\n<title>Tomeka Reid: todo es cuesti\u00f3n de alegr\u00eda<\/title>\n<meta name=\"robots\" content=\"index, follow, max-snippet:-1, max-image-preview:large, max-video-preview:-1\" \/>\n<link rel=\"canonical\" href=\"https:\/\/web.consaguirre.com.ar\/noticias\/tomeka-reid-todo-es-cuestion-de-alegria\/\" \/>\n<meta property=\"og:locale\" content=\"es_ES\" \/>\n<meta property=\"og:type\" content=\"article\" \/>\n<meta property=\"og:title\" content=\"Tomeka Reid: todo es cuesti\u00f3n de alegr\u00eda\" \/>\n<meta property=\"og:description\" content=\"El violonchelista y compositor Tomeka Reid salta en p\u00fablico. Ella se divierte. En p\u00fablico. Podr\u00eda decirse que esto es lo que m\u00e1s me gusta de\" \/>\n<meta property=\"og:url\" content=\"https:\/\/web.consaguirre.com.ar\/noticias\/tomeka-reid-todo-es-cuestion-de-alegria\/\" \/>\n<meta property=\"og:site_name\" content=\"Conservatorio de M\u00fasica Juli\u00e1n Aguirre\" \/>\n<meta property=\"article:published_time\" content=\"2026-03-30T12:38:58+00:00\" \/>\n<meta property=\"og:image\" content=\"https:\/\/web.consaguirre.com.ar\/noticias\/wp-content\/uploads\/2026\/03\/Tomeka-Reid-todo-es-cuestion-de-alegria.jpg\" \/>\n\t<meta property=\"og:image:width\" content=\"300\" \/>\n\t<meta property=\"og:image:height\" content=\"200\" \/>\n\t<meta property=\"og:image:type\" content=\"image\/jpeg\" \/>\n<meta name=\"author\" content=\"Javier Figueroa\" \/>\n<meta name=\"twitter:card\" content=\"summary_large_image\" \/>\n<meta name=\"twitter:label1\" content=\"Escrito por\" \/>\n\t<meta name=\"twitter:data1\" content=\"Javier Figueroa\" \/>\n\t<meta name=\"twitter:label2\" content=\"Tiempo de lectura\" \/>\n\t<meta name=\"twitter:data2\" content=\"7 minutos\" \/>\n<script type=\"application\/ld+json\" class=\"yoast-schema-graph\">{\"@context\":\"https:\/\/schema.org\",\"@graph\":[{\"@type\":\"Article\",\"@id\":\"https:\/\/web.consaguirre.com.ar\/noticias\/tomeka-reid-todo-es-cuestion-de-alegria\/#article\",\"isPartOf\":{\"@id\":\"https:\/\/web.consaguirre.com.ar\/noticias\/tomeka-reid-todo-es-cuestion-de-alegria\/\"},\"author\":{\"name\":\"Javier Figueroa\",\"@id\":\"https:\/\/web.consaguirre.com.ar\/noticias\/#\/schema\/person\/6558b0cfedee7ddc5425602b237d5722\"},\"headline\":\"Tomeka Reid: todo es cuesti\u00f3n de alegr\u00eda\",\"datePublished\":\"2026-03-30T12:38:58+00:00\",\"dateModified\":\"2026-03-30T12:38:58+00:00\",\"mainEntityOfPage\":{\"@id\":\"https:\/\/web.consaguirre.com.ar\/noticias\/tomeka-reid-todo-es-cuestion-de-alegria\/\"},\"wordCount\":1463,\"publisher\":{\"@id\":\"https:\/\/web.consaguirre.com.ar\/noticias\/#organization\"},\"image\":{\"@id\":\"https:\/\/web.consaguirre.com.ar\/noticias\/tomeka-reid-todo-es-cuestion-de-alegria\/#primaryimage\"},\"thumbnailUrl\":\"https:\/\/web.consaguirre.com.ar\/noticias\/wp-content\/uploads\/2026\/03\/Tomeka-Reid-todo-es-cuestion-de-alegria.jpg\",\"keywords\":[\"alegr\u00eda\",\"cuesti\u00f3n\",\"Reid\",\"todo\",\"Tomeka\"],\"articleSection\":[\"Entrevista\"],\"inLanguage\":\"es-AR\"},{\"@type\":\"WebPage\",\"@id\":\"https:\/\/web.consaguirre.com.ar\/noticias\/tomeka-reid-todo-es-cuestion-de-alegria\/\",\"url\":\"https:\/\/web.consaguirre.com.ar\/noticias\/tomeka-reid-todo-es-cuestion-de-alegria\/\",\"name\":\"Tomeka Reid: todo es cuesti\u00f3n de alegr\u00eda\",\"isPartOf\":{\"@id\":\"https:\/\/web.consaguirre.com.ar\/noticias\/#website\"},\"primaryImageOfPage\":{\"@id\":\"https:\/\/web.consaguirre.com.ar\/noticias\/tomeka-reid-todo-es-cuestion-de-alegria\/#primaryimage\"},\"image\":{\"@id\":\"https:\/\/web.consaguirre.com.ar\/noticias\/tomeka-reid-todo-es-cuestion-de-alegria\/#primaryimage\"},\"thumbnailUrl\":\"https:\/\/web.consaguirre.com.ar\/noticias\/wp-content\/uploads\/2026\/03\/Tomeka-Reid-todo-es-cuestion-de-alegria.jpg\",\"datePublished\":\"2026-03-30T12:38:58+00:00\",\"dateModified\":\"2026-03-30T12:38:58+00:00\",\"breadcrumb\":{\"@id\":\"https:\/\/web.consaguirre.com.ar\/noticias\/tomeka-reid-todo-es-cuestion-de-alegria\/#breadcrumb\"},\"inLanguage\":\"es-AR\",\"potentialAction\":[{\"@type\":\"ReadAction\",\"target\":[\"https:\/\/web.consaguirre.com.ar\/noticias\/tomeka-reid-todo-es-cuestion-de-alegria\/\"]}]},{\"@type\":\"ImageObject\",\"inLanguage\":\"es-AR\",\"@id\":\"https:\/\/web.consaguirre.com.ar\/noticias\/tomeka-reid-todo-es-cuestion-de-alegria\/#primaryimage\",\"url\":\"https:\/\/web.consaguirre.com.ar\/noticias\/wp-content\/uploads\/2026\/03\/Tomeka-Reid-todo-es-cuestion-de-alegria.jpg\",\"contentUrl\":\"https:\/\/web.consaguirre.com.ar\/noticias\/wp-content\/uploads\/2026\/03\/Tomeka-Reid-todo-es-cuestion-de-alegria.jpg\",\"width\":300,\"height\":200,\"caption\":\"Tomeka Reid: todo es cuesti\u00f3n de alegr\u00eda\"},{\"@type\":\"BreadcrumbList\",\"@id\":\"https:\/\/web.consaguirre.com.ar\/noticias\/tomeka-reid-todo-es-cuestion-de-alegria\/#breadcrumb\",\"itemListElement\":[{\"@type\":\"ListItem\",\"position\":1,\"name\":\"Inicio\",\"item\":\"https:\/\/web.consaguirre.com.ar\/noticias\/\"},{\"@type\":\"ListItem\",\"position\":2,\"name\":\"Tomeka Reid: todo es cuesti\u00f3n de alegr\u00eda\"}]},{\"@type\":\"WebSite\",\"@id\":\"https:\/\/web.consaguirre.com.ar\/noticias\/#website\",\"url\":\"https:\/\/web.consaguirre.com.ar\/noticias\/\",\"name\":\"Conservatorio de M\u00fasica Juli\u00e1n Aguirre\",\"description\":\"\",\"publisher\":{\"@id\":\"https:\/\/web.consaguirre.com.ar\/noticias\/#organization\"},\"potentialAction\":[{\"@type\":\"SearchAction\",\"target\":{\"@type\":\"EntryPoint\",\"urlTemplate\":\"https:\/\/web.consaguirre.com.ar\/noticias\/?s={search_term_string}\"},\"query-input\":\"required name=search_term_string\"}],\"inLanguage\":\"es-AR\"},{\"@type\":\"Organization\",\"@id\":\"https:\/\/web.consaguirre.com.ar\/noticias\/#organization\",\"name\":\"Conservatorio de M\u00fasica Juli\u00e1n Aguirre\",\"url\":\"https:\/\/web.consaguirre.com.ar\/noticias\/\",\"logo\":{\"@type\":\"ImageObject\",\"inLanguage\":\"es-AR\",\"@id\":\"https:\/\/web.consaguirre.com.ar\/noticias\/#\/schema\/logo\/image\/\",\"url\":\"https:\/\/web.consaguirre.com.ar\/noticias\/wp-content\/uploads\/2024\/08\/Banner-Aguirre-23.jpg\",\"contentUrl\":\"https:\/\/web.consaguirre.com.ar\/noticias\/wp-content\/uploads\/2024\/08\/Banner-Aguirre-23.jpg\",\"width\":1192,\"height\":600,\"caption\":\"Conservatorio de M\u00fasica Juli\u00e1n Aguirre\"},\"image\":{\"@id\":\"https:\/\/web.consaguirre.com.ar\/noticias\/#\/schema\/logo\/image\/\"}},{\"@type\":\"Person\",\"@id\":\"https:\/\/web.consaguirre.com.ar\/noticias\/#\/schema\/person\/6558b0cfedee7ddc5425602b237d5722\",\"name\":\"Javier Figueroa\",\"image\":{\"@type\":\"ImageObject\",\"inLanguage\":\"es-AR\",\"@id\":\"https:\/\/web.consaguirre.com.ar\/noticias\/#\/schema\/person\/image\/\",\"url\":\"https:\/\/web.consaguirre.com.ar\/noticias\/wp-content\/uploads\/2024\/08\/Consaguirre-scaled.jpg\",\"contentUrl\":\"https:\/\/web.consaguirre.com.ar\/noticias\/wp-content\/uploads\/2024\/08\/Consaguirre-scaled.jpg\",\"caption\":\"Javier Figueroa\"},\"description\":\"Me llamo Javier Figueroa y soy redactor para el sitio oficial del Conservatorio de M\u00fasica Juli\u00e1n Aguirre en Buenos Aires, consaguirre.com. Apasionado por la m\u00fasica y la escritura, me esfuerzo por destacar los talentos y eventos de nuestra prestigiosa instituci\u00f3n. Mi trayectoria se nutre de una profunda admiraci\u00f3n por los artistas, haciendo de cada art\u00edculo una celebraci\u00f3n de la creatividad y la cultura musical.\",\"sameAs\":[\"https:\/\/web.consaguirre.com.ar\/noticias\"]}]}<\/script>\n<!-- \/ Yoast SEO plugin. -->","yoast_head_json":{"title":"Tomeka Reid: todo es cuesti\u00f3n de alegr\u00eda","robots":{"index":"index","follow":"follow","max-snippet":"max-snippet:-1","max-image-preview":"max-image-preview:large","max-video-preview":"max-video-preview:-1"},"canonical":"https:\/\/web.consaguirre.com.ar\/noticias\/tomeka-reid-todo-es-cuestion-de-alegria\/","og_locale":"es_ES","og_type":"article","og_title":"Tomeka Reid: todo es cuesti\u00f3n de alegr\u00eda","og_description":"El violonchelista y compositor Tomeka Reid salta en p\u00fablico. Ella se divierte. En p\u00fablico. Podr\u00eda decirse que esto es lo que m\u00e1s me gusta de","og_url":"https:\/\/web.consaguirre.com.ar\/noticias\/tomeka-reid-todo-es-cuestion-de-alegria\/","og_site_name":"Conservatorio de M\u00fasica Juli\u00e1n Aguirre","article_published_time":"2026-03-30T12:38:58+00:00","og_image":[{"width":300,"height":200,"url":"https:\/\/web.consaguirre.com.ar\/noticias\/wp-content\/uploads\/2026\/03\/Tomeka-Reid-todo-es-cuestion-de-alegria.jpg","type":"image\/jpeg"}],"author":"Javier Figueroa","twitter_card":"summary_large_image","twitter_misc":{"Escrito por":"Javier Figueroa","Tiempo de lectura":"7 minutos"},"schema":{"@context":"https:\/\/schema.org","@graph":[{"@type":"Article","@id":"https:\/\/web.consaguirre.com.ar\/noticias\/tomeka-reid-todo-es-cuestion-de-alegria\/#article","isPartOf":{"@id":"https:\/\/web.consaguirre.com.ar\/noticias\/tomeka-reid-todo-es-cuestion-de-alegria\/"},"author":{"name":"Javier Figueroa","@id":"https:\/\/web.consaguirre.com.ar\/noticias\/#\/schema\/person\/6558b0cfedee7ddc5425602b237d5722"},"headline":"Tomeka Reid: todo es cuesti\u00f3n de alegr\u00eda","datePublished":"2026-03-30T12:38:58+00:00","dateModified":"2026-03-30T12:38:58+00:00","mainEntityOfPage":{"@id":"https:\/\/web.consaguirre.com.ar\/noticias\/tomeka-reid-todo-es-cuestion-de-alegria\/"},"wordCount":1463,"publisher":{"@id":"https:\/\/web.consaguirre.com.ar\/noticias\/#organization"},"image":{"@id":"https:\/\/web.consaguirre.com.ar\/noticias\/tomeka-reid-todo-es-cuestion-de-alegria\/#primaryimage"},"thumbnailUrl":"https:\/\/web.consaguirre.com.ar\/noticias\/wp-content\/uploads\/2026\/03\/Tomeka-Reid-todo-es-cuestion-de-alegria.jpg","keywords":["alegr\u00eda","cuesti\u00f3n","Reid","todo","Tomeka"],"articleSection":["Entrevista"],"inLanguage":"es-AR"},{"@type":"WebPage","@id":"https:\/\/web.consaguirre.com.ar\/noticias\/tomeka-reid-todo-es-cuestion-de-alegria\/","url":"https:\/\/web.consaguirre.com.ar\/noticias\/tomeka-reid-todo-es-cuestion-de-alegria\/","name":"Tomeka Reid: todo es cuesti\u00f3n de alegr\u00eda","isPartOf":{"@id":"https:\/\/web.consaguirre.com.ar\/noticias\/#website"},"primaryImageOfPage":{"@id":"https:\/\/web.consaguirre.com.ar\/noticias\/tomeka-reid-todo-es-cuestion-de-alegria\/#primaryimage"},"image":{"@id":"https:\/\/web.consaguirre.com.ar\/noticias\/tomeka-reid-todo-es-cuestion-de-alegria\/#primaryimage"},"thumbnailUrl":"https:\/\/web.consaguirre.com.ar\/noticias\/wp-content\/uploads\/2026\/03\/Tomeka-Reid-todo-es-cuestion-de-alegria.jpg","datePublished":"2026-03-30T12:38:58+00:00","dateModified":"2026-03-30T12:38:58+00:00","breadcrumb":{"@id":"https:\/\/web.consaguirre.com.ar\/noticias\/tomeka-reid-todo-es-cuestion-de-alegria\/#breadcrumb"},"inLanguage":"es-AR","potentialAction":[{"@type":"ReadAction","target":["https:\/\/web.consaguirre.com.ar\/noticias\/tomeka-reid-todo-es-cuestion-de-alegria\/"]}]},{"@type":"ImageObject","inLanguage":"es-AR","@id":"https:\/\/web.consaguirre.com.ar\/noticias\/tomeka-reid-todo-es-cuestion-de-alegria\/#primaryimage","url":"https:\/\/web.consaguirre.com.ar\/noticias\/wp-content\/uploads\/2026\/03\/Tomeka-Reid-todo-es-cuestion-de-alegria.jpg","contentUrl":"https:\/\/web.consaguirre.com.ar\/noticias\/wp-content\/uploads\/2026\/03\/Tomeka-Reid-todo-es-cuestion-de-alegria.jpg","width":300,"height":200,"caption":"Tomeka Reid: todo es cuesti\u00f3n de alegr\u00eda"},{"@type":"BreadcrumbList","@id":"https:\/\/web.consaguirre.com.ar\/noticias\/tomeka-reid-todo-es-cuestion-de-alegria\/#breadcrumb","itemListElement":[{"@type":"ListItem","position":1,"name":"Inicio","item":"https:\/\/web.consaguirre.com.ar\/noticias\/"},{"@type":"ListItem","position":2,"name":"Tomeka Reid: todo es cuesti\u00f3n de alegr\u00eda"}]},{"@type":"WebSite","@id":"https:\/\/web.consaguirre.com.ar\/noticias\/#website","url":"https:\/\/web.consaguirre.com.ar\/noticias\/","name":"Conservatorio de M\u00fasica Juli\u00e1n Aguirre","description":"","publisher":{"@id":"https:\/\/web.consaguirre.com.ar\/noticias\/#organization"},"potentialAction":[{"@type":"SearchAction","target":{"@type":"EntryPoint","urlTemplate":"https:\/\/web.consaguirre.com.ar\/noticias\/?s={search_term_string}"},"query-input":"required name=search_term_string"}],"inLanguage":"es-AR"},{"@type":"Organization","@id":"https:\/\/web.consaguirre.com.ar\/noticias\/#organization","name":"Conservatorio de M\u00fasica Juli\u00e1n Aguirre","url":"https:\/\/web.consaguirre.com.ar\/noticias\/","logo":{"@type":"ImageObject","inLanguage":"es-AR","@id":"https:\/\/web.consaguirre.com.ar\/noticias\/#\/schema\/logo\/image\/","url":"https:\/\/web.consaguirre.com.ar\/noticias\/wp-content\/uploads\/2024\/08\/Banner-Aguirre-23.jpg","contentUrl":"https:\/\/web.consaguirre.com.ar\/noticias\/wp-content\/uploads\/2024\/08\/Banner-Aguirre-23.jpg","width":1192,"height":600,"caption":"Conservatorio de M\u00fasica Juli\u00e1n Aguirre"},"image":{"@id":"https:\/\/web.consaguirre.com.ar\/noticias\/#\/schema\/logo\/image\/"}},{"@type":"Person","@id":"https:\/\/web.consaguirre.com.ar\/noticias\/#\/schema\/person\/6558b0cfedee7ddc5425602b237d5722","name":"Javier Figueroa","image":{"@type":"ImageObject","inLanguage":"es-AR","@id":"https:\/\/web.consaguirre.com.ar\/noticias\/#\/schema\/person\/image\/","url":"https:\/\/web.consaguirre.com.ar\/noticias\/wp-content\/uploads\/2024\/08\/Consaguirre-scaled.jpg","contentUrl":"https:\/\/web.consaguirre.com.ar\/noticias\/wp-content\/uploads\/2024\/08\/Consaguirre-scaled.jpg","caption":"Javier Figueroa"},"description":"Me llamo Javier Figueroa y soy redactor para el sitio oficial del Conservatorio de M\u00fasica Juli\u00e1n Aguirre en Buenos Aires, consaguirre.com. Apasionado por la m\u00fasica y la escritura, me esfuerzo por destacar los talentos y eventos de nuestra prestigiosa instituci\u00f3n. Mi trayectoria se nutre de una profunda admiraci\u00f3n por los artistas, haciendo de cada art\u00edculo una celebraci\u00f3n de la creatividad y la cultura musical.","sameAs":["https:\/\/web.consaguirre.com.ar\/noticias"]}]}},"_links":{"self":[{"href":"https:\/\/web.consaguirre.com.ar\/noticias\/wp-json\/wp\/v2\/posts\/5474"}],"collection":[{"href":"https:\/\/web.consaguirre.com.ar\/noticias\/wp-json\/wp\/v2\/posts"}],"about":[{"href":"https:\/\/web.consaguirre.com.ar\/noticias\/wp-json\/wp\/v2\/types\/post"}],"author":[{"embeddable":true,"href":"https:\/\/web.consaguirre.com.ar\/noticias\/wp-json\/wp\/v2\/users\/1"}],"replies":[{"embeddable":true,"href":"https:\/\/web.consaguirre.com.ar\/noticias\/wp-json\/wp\/v2\/comments?post=5474"}],"version-history":[{"count":1,"href":"https:\/\/web.consaguirre.com.ar\/noticias\/wp-json\/wp\/v2\/posts\/5474\/revisions"}],"predecessor-version":[{"id":5476,"href":"https:\/\/web.consaguirre.com.ar\/noticias\/wp-json\/wp\/v2\/posts\/5474\/revisions\/5476"}],"wp:featuredmedia":[{"embeddable":true,"href":"https:\/\/web.consaguirre.com.ar\/noticias\/wp-json\/wp\/v2\/media\/5475"}],"wp:attachment":[{"href":"https:\/\/web.consaguirre.com.ar\/noticias\/wp-json\/wp\/v2\/media?parent=5474"}],"wp:term":[{"taxonomy":"category","embeddable":true,"href":"https:\/\/web.consaguirre.com.ar\/noticias\/wp-json\/wp\/v2\/categories?post=5474"},{"taxonomy":"post_tag","embeddable":true,"href":"https:\/\/web.consaguirre.com.ar\/noticias\/wp-json\/wp\/v2\/tags?post=5474"}],"curies":[{"name":"wp","href":"https:\/\/api.w.org\/{rel}","templated":true}]}}