{"id":547,"date":"2024-09-11T13:38:09","date_gmt":"2024-09-11T16:38:09","guid":{"rendered":"https:\/\/web.consaguirre.com.ar\/noticias\/la-iconica-cantante-frankie-beverly-muere-a-los-77-anos\/"},"modified":"2024-09-11T13:38:11","modified_gmt":"2024-09-11T16:38:11","slug":"la-iconica-cantante-frankie-beverly-muere-a-los-77-anos","status":"publish","type":"post","link":"https:\/\/web.consaguirre.com.ar\/noticias\/la-iconica-cantante-frankie-beverly-muere-a-los-77-anos\/","title":{"rendered":"La ic\u00f3nica cantante Frankie Beverly muere a los 77 a\u00f1os"},"content":{"rendered":"<p>Legendario cantante de R&#038;B y soul <strong>Frankie Beverly<\/strong> falleci\u00f3 a la edad de 77 a\u00f1os, seg\u00fan un anuncio de su familia en su p\u00e1gina oficial de Instagram.<\/p>\n<p>Seg\u00fan la publicaci\u00f3n, Beverly, cuyo verdadero nombre era Howard Stanley Beverly, falleci\u00f3 el 10 de septiembre.<\/p>\n<p>La publicaci\u00f3n dice: \u201cLamentar la p\u00e9rdida de un ser querido es una experiencia profundamente personal y emocional. Durante este tiempo, mientras navegamos entre sentimientos de dolor, reflexi\u00f3n y recuerdo, pedimos amablemente privacidad y comprensi\u00f3n, permiti\u00e9ndonos el espacio para llorar a nuestra manera. Este es un per\u00edodo de sanaci\u00f3n, y su respeto por nuestra necesidad de soledad es apreciado mientras honramos la memoria de nuestro amado Howard Stanley Beverly, conocido en el mundo como Frankie Beverly.<\/p>\n<p>\u201cVivi\u00f3 su vida con alma pura, como se dir\u00eda, y para nosotros nadie lo hizo mejor. Vivi\u00f3 para su m\u00fasica, su familia y sus amigos.<\/p>\n<p>\u201cAmaos los unos a los otros como \u00c9l querr\u00eda que eso os amara a todos.<\/p>\n<p>\u201cHoward Stanley Beverly, tambi\u00e9n conocido como Frankie Beverly<\/p>\n<p>\u201c6\/12\/46 \u2013 10\/9\/24<\/p>\n<p>\u201cLa familia Beverly\u201d.<\/p>\n<p><strong>Lea el emotivo homenaje aqu\u00ed<\/strong>.<\/p>\n<p>Nacido el 6 de diciembre de 1946 en Filadelfia, Beverly comenz\u00f3 con The Blenders, antes de encontrar el \u00e9xito en el noreste con su segundo grupo, The Butlers. Fue este sabor a aclamaci\u00f3n lo que lo llev\u00f3 a mudarse a la Costa Oeste. La gran oportunidad de Beverly lleg\u00f3 a principios de la d\u00e9cada de 1970, cuando se mud\u00f3 al \u00c1rea de la Bah\u00eda y form\u00f3 la banda <strong>Laberinto, <\/strong>Inicialmente conocido como Raw Soul. El grupo fue invitado a unirse <strong>Marvin Gaye<\/strong> (\u00e9l era fan\u00e1tico de la banda) como acto de apertura de la gira. Fue Gaye quien sugiri\u00f3 que la banda cambiara su nombre de Raw Soul a Maze.<\/p>\n<p>En 1977, Maze lanz\u00f3 su \u00e1lbum debut, <em>Laberinto con Frankie Beverly<\/em>que incluy\u00f3 \u00e9xitos monumentales como &#8220;Happy Feelin&#8217;s&#8221;, &#8220;While I&#8217;m Alone&#8221;, &#8220;Lady of Magic&#8221; y m\u00e1s.<\/p>\n<div class=\"uD-YT-container\"><img decoding=\"async\" src=\"https:\/\/web.consaguirre.com.ar\/noticias\/wp-content\/uploads\/2024\/09\/1726072689_306_La-iconica-cantante-Frankie-Beverly-muere-a-los-77-anos.jpg\" alt=\"V\u00eddeo de YouTube\"><\/p>\n<\/div>\n<p>Otros temas c\u00e9lebres del grupo incluyen \u201cJoy and Pain\u201d, \u201cBefore I Let Go\u201d, \u201cGolden Time of Day\u201d, \u201cThe Look In Your Eyes\u201d, \u201cLook at California\u201d y un \u00e1lbum emblem\u00e1tico llamado <strong><em>Vivir en Nueva Orleans<\/em><\/strong>Como lo expres\u00f3 la escritora Fredara Mareva Hadley en su art\u00edculo sobre el LP, \u201cBefore I Let Go\u201d, espec\u00edficamente, \u201cse convirti\u00f3 en lo que algunos llaman el &#8216;himno nacional negro&#8217; no oficial&#8230; tocado en bodas, barbacoas, reuniones familiares, regresos a casa de estudiantes de universidades hist\u00f3ricamente negras y muchas otras ocasiones alegres\u201d.<\/p>\n<p>A principios de este a\u00f1o, Beverly se despidi\u00f3 de sus fans con una gira de despedida con Maze llamada &#8220;I Wanna Thank You&#8221;. La gira de cinco ciudades comenz\u00f3 en Atlanta el 22 de marzo y se dirigi\u00f3 a Alabama, Chicago y Houston antes de concluir en Los \u00c1ngeles el 12 de mayo. &#8220;Quiero compartir con mis fans y asociados de toda la vida que saldr\u00e9 de gira por \u00faltima vez y luego me retirar\u00e9&#8221;, dijo Beverly a <em>Cartelera <\/em>\u201cMuchas gracias por el apoyo que me han brindado durante m\u00e1s de 50 a\u00f1os mientras le paso la antorcha de la voz principal a Tony Lindsay. La banda continuar\u00e1 como Maze Honoring Frankie Beverly. Ha sido un gran viaje a trav\u00e9s de las d\u00e9cadas. Dejen que la m\u00fasica de mi legado contin\u00fae\u201d.<\/p>\n<p><script async src=\"\/\/www.instagram.com\/embed.js\"><\/script><\/p>\n","protected":false},"excerpt":{"rendered":"<p>Legendario cantante de R&#038;B y soul Frankie Beverly falleci\u00f3 a la edad de 77 a\u00f1os, seg\u00fan un anuncio de su familia en su p\u00e1gina oficial<\/p>\n","protected":false},"author":1,"featured_media":548,"comment_status":"closed","ping_status":"","sticky":false,"template":"","format":"standard","meta":{"footnotes":""},"categories":[50],"tags":[115,625,623,624,622,180,564],"class_list":["post-547","post","type-post","status-publish","format-standard","has-post-thumbnail","hentry","category-el-ultimo","tag-anos","tag-beverly","tag-cantante","tag-frankie","tag-iconica","tag-los","tag-muere","generate-columns","tablet-grid-50","mobile-grid-100","grid-parent","grid-50"],"yoast_head":"<!-- This site is optimized with the Yoast SEO plugin v23.3 - https:\/\/yoast.com\/wordpress\/plugins\/seo\/ -->\n<title>La ic\u00f3nica cantante Frankie Beverly muere a los 77 a\u00f1os<\/title>\n<meta name=\"robots\" content=\"index, follow, max-snippet:-1, max-image-preview:large, max-video-preview:-1\" \/>\n<link rel=\"canonical\" href=\"https:\/\/web.consaguirre.com.ar\/noticias\/la-iconica-cantante-frankie-beverly-muere-a-los-77-anos\/\" \/>\n<meta property=\"og:locale\" content=\"es_ES\" \/>\n<meta property=\"og:type\" content=\"article\" \/>\n<meta property=\"og:title\" content=\"La ic\u00f3nica cantante Frankie Beverly muere a los 77 a\u00f1os\" \/>\n<meta property=\"og:description\" content=\"Legendario cantante de R&#038;B y soul Frankie Beverly falleci\u00f3 a la edad de 77 a\u00f1os, seg\u00fan un anuncio de su familia en su p\u00e1gina oficial\" \/>\n<meta property=\"og:url\" content=\"https:\/\/web.consaguirre.com.ar\/noticias\/la-iconica-cantante-frankie-beverly-muere-a-los-77-anos\/\" \/>\n<meta property=\"og:site_name\" content=\"Conservatorio de M\u00fasica Juli\u00e1n Aguirre\" \/>\n<meta property=\"article:published_time\" content=\"2024-09-11T16:38:09+00:00\" \/>\n<meta property=\"article:modified_time\" content=\"2024-09-11T16:38:11+00:00\" \/>\n<meta property=\"og:image\" content=\"https:\/\/web.consaguirre.com.ar\/noticias\/wp-content\/uploads\/2024\/09\/La-iconica-cantante-Frankie-Beverly-muere-a-los-77-anos.jpg\" \/>\n\t<meta property=\"og:image:width\" content=\"1440\" \/>\n\t<meta property=\"og:image:height\" content=\"864\" \/>\n\t<meta property=\"og:image:type\" content=\"image\/jpeg\" \/>\n<meta name=\"author\" content=\"Javier Figueroa\" \/>\n<meta name=\"twitter:card\" content=\"summary_large_image\" \/>\n<meta name=\"twitter:label1\" content=\"Escrito por\" \/>\n\t<meta name=\"twitter:data1\" content=\"Javier Figueroa\" \/>\n\t<meta name=\"twitter:label2\" content=\"Tiempo de lectura\" \/>\n\t<meta name=\"twitter:data2\" content=\"3 minutos\" \/>\n<script type=\"application\/ld+json\" class=\"yoast-schema-graph\">{\"@context\":\"https:\/\/schema.org\",\"@graph\":[{\"@type\":\"Article\",\"@id\":\"https:\/\/web.consaguirre.com.ar\/noticias\/la-iconica-cantante-frankie-beverly-muere-a-los-77-anos\/#article\",\"isPartOf\":{\"@id\":\"https:\/\/web.consaguirre.com.ar\/noticias\/la-iconica-cantante-frankie-beverly-muere-a-los-77-anos\/\"},\"author\":{\"name\":\"Javier Figueroa\",\"@id\":\"https:\/\/web.consaguirre.com.ar\/noticias\/#\/schema\/person\/6558b0cfedee7ddc5425602b237d5722\"},\"headline\":\"La ic\u00f3nica cantante Frankie Beverly muere a los 77 a\u00f1os\",\"datePublished\":\"2024-09-11T16:38:09+00:00\",\"dateModified\":\"2024-09-11T16:38:11+00:00\",\"mainEntityOfPage\":{\"@id\":\"https:\/\/web.consaguirre.com.ar\/noticias\/la-iconica-cantante-frankie-beverly-muere-a-los-77-anos\/\"},\"wordCount\":564,\"publisher\":{\"@id\":\"https:\/\/web.consaguirre.com.ar\/noticias\/#organization\"},\"image\":{\"@id\":\"https:\/\/web.consaguirre.com.ar\/noticias\/la-iconica-cantante-frankie-beverly-muere-a-los-77-anos\/#primaryimage\"},\"thumbnailUrl\":\"https:\/\/web.consaguirre.com.ar\/noticias\/wp-content\/uploads\/2024\/09\/La-iconica-cantante-Frankie-Beverly-muere-a-los-77-anos.jpg\",\"keywords\":[\"a\u00f1os\",\"Beverly\",\"cantante\",\"Frankie\",\"ic\u00f3nica\",\"los\",\"muere\"],\"articleSection\":[\"El \u00faltimo\"],\"inLanguage\":\"es-AR\"},{\"@type\":\"WebPage\",\"@id\":\"https:\/\/web.consaguirre.com.ar\/noticias\/la-iconica-cantante-frankie-beverly-muere-a-los-77-anos\/\",\"url\":\"https:\/\/web.consaguirre.com.ar\/noticias\/la-iconica-cantante-frankie-beverly-muere-a-los-77-anos\/\",\"name\":\"La ic\u00f3nica cantante Frankie Beverly muere a los 77 a\u00f1os\",\"isPartOf\":{\"@id\":\"https:\/\/web.consaguirre.com.ar\/noticias\/#website\"},\"primaryImageOfPage\":{\"@id\":\"https:\/\/web.consaguirre.com.ar\/noticias\/la-iconica-cantante-frankie-beverly-muere-a-los-77-anos\/#primaryimage\"},\"image\":{\"@id\":\"https:\/\/web.consaguirre.com.ar\/noticias\/la-iconica-cantante-frankie-beverly-muere-a-los-77-anos\/#primaryimage\"},\"thumbnailUrl\":\"https:\/\/web.consaguirre.com.ar\/noticias\/wp-content\/uploads\/2024\/09\/La-iconica-cantante-Frankie-Beverly-muere-a-los-77-anos.jpg\",\"datePublished\":\"2024-09-11T16:38:09+00:00\",\"dateModified\":\"2024-09-11T16:38:11+00:00\",\"breadcrumb\":{\"@id\":\"https:\/\/web.consaguirre.com.ar\/noticias\/la-iconica-cantante-frankie-beverly-muere-a-los-77-anos\/#breadcrumb\"},\"inLanguage\":\"es-AR\",\"potentialAction\":[{\"@type\":\"ReadAction\",\"target\":[\"https:\/\/web.consaguirre.com.ar\/noticias\/la-iconica-cantante-frankie-beverly-muere-a-los-77-anos\/\"]}]},{\"@type\":\"ImageObject\",\"inLanguage\":\"es-AR\",\"@id\":\"https:\/\/web.consaguirre.com.ar\/noticias\/la-iconica-cantante-frankie-beverly-muere-a-los-77-anos\/#primaryimage\",\"url\":\"https:\/\/web.consaguirre.com.ar\/noticias\/wp-content\/uploads\/2024\/09\/La-iconica-cantante-Frankie-Beverly-muere-a-los-77-anos.jpg\",\"contentUrl\":\"https:\/\/web.consaguirre.com.ar\/noticias\/wp-content\/uploads\/2024\/09\/La-iconica-cantante-Frankie-Beverly-muere-a-los-77-anos.jpg\",\"width\":1440,\"height\":864,\"caption\":\"Frankie Beverly - Photo: Brian Stukes\/Getty Images\"},{\"@type\":\"BreadcrumbList\",\"@id\":\"https:\/\/web.consaguirre.com.ar\/noticias\/la-iconica-cantante-frankie-beverly-muere-a-los-77-anos\/#breadcrumb\",\"itemListElement\":[{\"@type\":\"ListItem\",\"position\":1,\"name\":\"Inicio\",\"item\":\"https:\/\/web.consaguirre.com.ar\/noticias\/\"},{\"@type\":\"ListItem\",\"position\":2,\"name\":\"La ic\u00f3nica cantante Frankie Beverly muere a los 77 a\u00f1os\"}]},{\"@type\":\"WebSite\",\"@id\":\"https:\/\/web.consaguirre.com.ar\/noticias\/#website\",\"url\":\"https:\/\/web.consaguirre.com.ar\/noticias\/\",\"name\":\"Conservatorio de M\u00fasica Juli\u00e1n Aguirre\",\"description\":\"\",\"publisher\":{\"@id\":\"https:\/\/web.consaguirre.com.ar\/noticias\/#organization\"},\"potentialAction\":[{\"@type\":\"SearchAction\",\"target\":{\"@type\":\"EntryPoint\",\"urlTemplate\":\"https:\/\/web.consaguirre.com.ar\/noticias\/?s={search_term_string}\"},\"query-input\":\"required name=search_term_string\"}],\"inLanguage\":\"es-AR\"},{\"@type\":\"Organization\",\"@id\":\"https:\/\/web.consaguirre.com.ar\/noticias\/#organization\",\"name\":\"Conservatorio de M\u00fasica Juli\u00e1n Aguirre\",\"url\":\"https:\/\/web.consaguirre.com.ar\/noticias\/\",\"logo\":{\"@type\":\"ImageObject\",\"inLanguage\":\"es-AR\",\"@id\":\"https:\/\/web.consaguirre.com.ar\/noticias\/#\/schema\/logo\/image\/\",\"url\":\"https:\/\/web.consaguirre.com.ar\/noticias\/wp-content\/uploads\/2024\/08\/Banner-Aguirre-23.jpg\",\"contentUrl\":\"https:\/\/web.consaguirre.com.ar\/noticias\/wp-content\/uploads\/2024\/08\/Banner-Aguirre-23.jpg\",\"width\":1192,\"height\":600,\"caption\":\"Conservatorio de M\u00fasica Juli\u00e1n Aguirre\"},\"image\":{\"@id\":\"https:\/\/web.consaguirre.com.ar\/noticias\/#\/schema\/logo\/image\/\"}},{\"@type\":\"Person\",\"@id\":\"https:\/\/web.consaguirre.com.ar\/noticias\/#\/schema\/person\/6558b0cfedee7ddc5425602b237d5722\",\"name\":\"Javier Figueroa\",\"image\":{\"@type\":\"ImageObject\",\"inLanguage\":\"es-AR\",\"@id\":\"https:\/\/web.consaguirre.com.ar\/noticias\/#\/schema\/person\/image\/\",\"url\":\"https:\/\/web.consaguirre.com.ar\/noticias\/wp-content\/uploads\/2024\/08\/Consaguirre-scaled.jpg\",\"contentUrl\":\"https:\/\/web.consaguirre.com.ar\/noticias\/wp-content\/uploads\/2024\/08\/Consaguirre-scaled.jpg\",\"caption\":\"Javier Figueroa\"},\"description\":\"Me llamo Javier Figueroa y soy redactor para el sitio oficial del Conservatorio de M\u00fasica Juli\u00e1n Aguirre en Buenos Aires, consaguirre.com. Apasionado por la m\u00fasica y la escritura, me esfuerzo por destacar los talentos y eventos de nuestra prestigiosa instituci\u00f3n. Mi trayectoria se nutre de una profunda admiraci\u00f3n por los artistas, haciendo de cada art\u00edculo una celebraci\u00f3n de la creatividad y la cultura musical.\",\"sameAs\":[\"https:\/\/web.consaguirre.com.ar\/noticias\"]}]}<\/script>\n<!-- \/ Yoast SEO plugin. -->","yoast_head_json":{"title":"La ic\u00f3nica cantante Frankie Beverly muere a los 77 a\u00f1os","robots":{"index":"index","follow":"follow","max-snippet":"max-snippet:-1","max-image-preview":"max-image-preview:large","max-video-preview":"max-video-preview:-1"},"canonical":"https:\/\/web.consaguirre.com.ar\/noticias\/la-iconica-cantante-frankie-beverly-muere-a-los-77-anos\/","og_locale":"es_ES","og_type":"article","og_title":"La ic\u00f3nica cantante Frankie Beverly muere a los 77 a\u00f1os","og_description":"Legendario cantante de R&#038;B y soul Frankie Beverly falleci\u00f3 a la edad de 77 a\u00f1os, seg\u00fan un anuncio de su familia en su p\u00e1gina oficial","og_url":"https:\/\/web.consaguirre.com.ar\/noticias\/la-iconica-cantante-frankie-beverly-muere-a-los-77-anos\/","og_site_name":"Conservatorio de M\u00fasica Juli\u00e1n Aguirre","article_published_time":"2024-09-11T16:38:09+00:00","article_modified_time":"2024-09-11T16:38:11+00:00","og_image":[{"width":1440,"height":864,"url":"https:\/\/web.consaguirre.com.ar\/noticias\/wp-content\/uploads\/2024\/09\/La-iconica-cantante-Frankie-Beverly-muere-a-los-77-anos.jpg","type":"image\/jpeg"}],"author":"Javier Figueroa","twitter_card":"summary_large_image","twitter_misc":{"Escrito por":"Javier Figueroa","Tiempo de lectura":"3 minutos"},"schema":{"@context":"https:\/\/schema.org","@graph":[{"@type":"Article","@id":"https:\/\/web.consaguirre.com.ar\/noticias\/la-iconica-cantante-frankie-beverly-muere-a-los-77-anos\/#article","isPartOf":{"@id":"https:\/\/web.consaguirre.com.ar\/noticias\/la-iconica-cantante-frankie-beverly-muere-a-los-77-anos\/"},"author":{"name":"Javier Figueroa","@id":"https:\/\/web.consaguirre.com.ar\/noticias\/#\/schema\/person\/6558b0cfedee7ddc5425602b237d5722"},"headline":"La ic\u00f3nica cantante Frankie Beverly muere a los 77 a\u00f1os","datePublished":"2024-09-11T16:38:09+00:00","dateModified":"2024-09-11T16:38:11+00:00","mainEntityOfPage":{"@id":"https:\/\/web.consaguirre.com.ar\/noticias\/la-iconica-cantante-frankie-beverly-muere-a-los-77-anos\/"},"wordCount":564,"publisher":{"@id":"https:\/\/web.consaguirre.com.ar\/noticias\/#organization"},"image":{"@id":"https:\/\/web.consaguirre.com.ar\/noticias\/la-iconica-cantante-frankie-beverly-muere-a-los-77-anos\/#primaryimage"},"thumbnailUrl":"https:\/\/web.consaguirre.com.ar\/noticias\/wp-content\/uploads\/2024\/09\/La-iconica-cantante-Frankie-Beverly-muere-a-los-77-anos.jpg","keywords":["a\u00f1os","Beverly","cantante","Frankie","ic\u00f3nica","los","muere"],"articleSection":["El \u00faltimo"],"inLanguage":"es-AR"},{"@type":"WebPage","@id":"https:\/\/web.consaguirre.com.ar\/noticias\/la-iconica-cantante-frankie-beverly-muere-a-los-77-anos\/","url":"https:\/\/web.consaguirre.com.ar\/noticias\/la-iconica-cantante-frankie-beverly-muere-a-los-77-anos\/","name":"La ic\u00f3nica cantante Frankie Beverly muere a los 77 a\u00f1os","isPartOf":{"@id":"https:\/\/web.consaguirre.com.ar\/noticias\/#website"},"primaryImageOfPage":{"@id":"https:\/\/web.consaguirre.com.ar\/noticias\/la-iconica-cantante-frankie-beverly-muere-a-los-77-anos\/#primaryimage"},"image":{"@id":"https:\/\/web.consaguirre.com.ar\/noticias\/la-iconica-cantante-frankie-beverly-muere-a-los-77-anos\/#primaryimage"},"thumbnailUrl":"https:\/\/web.consaguirre.com.ar\/noticias\/wp-content\/uploads\/2024\/09\/La-iconica-cantante-Frankie-Beverly-muere-a-los-77-anos.jpg","datePublished":"2024-09-11T16:38:09+00:00","dateModified":"2024-09-11T16:38:11+00:00","breadcrumb":{"@id":"https:\/\/web.consaguirre.com.ar\/noticias\/la-iconica-cantante-frankie-beverly-muere-a-los-77-anos\/#breadcrumb"},"inLanguage":"es-AR","potentialAction":[{"@type":"ReadAction","target":["https:\/\/web.consaguirre.com.ar\/noticias\/la-iconica-cantante-frankie-beverly-muere-a-los-77-anos\/"]}]},{"@type":"ImageObject","inLanguage":"es-AR","@id":"https:\/\/web.consaguirre.com.ar\/noticias\/la-iconica-cantante-frankie-beverly-muere-a-los-77-anos\/#primaryimage","url":"https:\/\/web.consaguirre.com.ar\/noticias\/wp-content\/uploads\/2024\/09\/La-iconica-cantante-Frankie-Beverly-muere-a-los-77-anos.jpg","contentUrl":"https:\/\/web.consaguirre.com.ar\/noticias\/wp-content\/uploads\/2024\/09\/La-iconica-cantante-Frankie-Beverly-muere-a-los-77-anos.jpg","width":1440,"height":864,"caption":"Frankie Beverly - Photo: Brian Stukes\/Getty Images"},{"@type":"BreadcrumbList","@id":"https:\/\/web.consaguirre.com.ar\/noticias\/la-iconica-cantante-frankie-beverly-muere-a-los-77-anos\/#breadcrumb","itemListElement":[{"@type":"ListItem","position":1,"name":"Inicio","item":"https:\/\/web.consaguirre.com.ar\/noticias\/"},{"@type":"ListItem","position":2,"name":"La ic\u00f3nica cantante Frankie Beverly muere a los 77 a\u00f1os"}]},{"@type":"WebSite","@id":"https:\/\/web.consaguirre.com.ar\/noticias\/#website","url":"https:\/\/web.consaguirre.com.ar\/noticias\/","name":"Conservatorio de M\u00fasica Juli\u00e1n Aguirre","description":"","publisher":{"@id":"https:\/\/web.consaguirre.com.ar\/noticias\/#organization"},"potentialAction":[{"@type":"SearchAction","target":{"@type":"EntryPoint","urlTemplate":"https:\/\/web.consaguirre.com.ar\/noticias\/?s={search_term_string}"},"query-input":"required name=search_term_string"}],"inLanguage":"es-AR"},{"@type":"Organization","@id":"https:\/\/web.consaguirre.com.ar\/noticias\/#organization","name":"Conservatorio de M\u00fasica Juli\u00e1n Aguirre","url":"https:\/\/web.consaguirre.com.ar\/noticias\/","logo":{"@type":"ImageObject","inLanguage":"es-AR","@id":"https:\/\/web.consaguirre.com.ar\/noticias\/#\/schema\/logo\/image\/","url":"https:\/\/web.consaguirre.com.ar\/noticias\/wp-content\/uploads\/2024\/08\/Banner-Aguirre-23.jpg","contentUrl":"https:\/\/web.consaguirre.com.ar\/noticias\/wp-content\/uploads\/2024\/08\/Banner-Aguirre-23.jpg","width":1192,"height":600,"caption":"Conservatorio de M\u00fasica Juli\u00e1n Aguirre"},"image":{"@id":"https:\/\/web.consaguirre.com.ar\/noticias\/#\/schema\/logo\/image\/"}},{"@type":"Person","@id":"https:\/\/web.consaguirre.com.ar\/noticias\/#\/schema\/person\/6558b0cfedee7ddc5425602b237d5722","name":"Javier Figueroa","image":{"@type":"ImageObject","inLanguage":"es-AR","@id":"https:\/\/web.consaguirre.com.ar\/noticias\/#\/schema\/person\/image\/","url":"https:\/\/web.consaguirre.com.ar\/noticias\/wp-content\/uploads\/2024\/08\/Consaguirre-scaled.jpg","contentUrl":"https:\/\/web.consaguirre.com.ar\/noticias\/wp-content\/uploads\/2024\/08\/Consaguirre-scaled.jpg","caption":"Javier Figueroa"},"description":"Me llamo Javier Figueroa y soy redactor para el sitio oficial del Conservatorio de M\u00fasica Juli\u00e1n Aguirre en Buenos Aires, consaguirre.com. Apasionado por la m\u00fasica y la escritura, me esfuerzo por destacar los talentos y eventos de nuestra prestigiosa instituci\u00f3n. Mi trayectoria se nutre de una profunda admiraci\u00f3n por los artistas, haciendo de cada art\u00edculo una celebraci\u00f3n de la creatividad y la cultura musical.","sameAs":["https:\/\/web.consaguirre.com.ar\/noticias"]}]}},"_links":{"self":[{"href":"https:\/\/web.consaguirre.com.ar\/noticias\/wp-json\/wp\/v2\/posts\/547"}],"collection":[{"href":"https:\/\/web.consaguirre.com.ar\/noticias\/wp-json\/wp\/v2\/posts"}],"about":[{"href":"https:\/\/web.consaguirre.com.ar\/noticias\/wp-json\/wp\/v2\/types\/post"}],"author":[{"embeddable":true,"href":"https:\/\/web.consaguirre.com.ar\/noticias\/wp-json\/wp\/v2\/users\/1"}],"replies":[{"embeddable":true,"href":"https:\/\/web.consaguirre.com.ar\/noticias\/wp-json\/wp\/v2\/comments?post=547"}],"version-history":[{"count":1,"href":"https:\/\/web.consaguirre.com.ar\/noticias\/wp-json\/wp\/v2\/posts\/547\/revisions"}],"predecessor-version":[{"id":549,"href":"https:\/\/web.consaguirre.com.ar\/noticias\/wp-json\/wp\/v2\/posts\/547\/revisions\/549"}],"wp:featuredmedia":[{"embeddable":true,"href":"https:\/\/web.consaguirre.com.ar\/noticias\/wp-json\/wp\/v2\/media\/548"}],"wp:attachment":[{"href":"https:\/\/web.consaguirre.com.ar\/noticias\/wp-json\/wp\/v2\/media?parent=547"}],"wp:term":[{"taxonomy":"category","embeddable":true,"href":"https:\/\/web.consaguirre.com.ar\/noticias\/wp-json\/wp\/v2\/categories?post=547"},{"taxonomy":"post_tag","embeddable":true,"href":"https:\/\/web.consaguirre.com.ar\/noticias\/wp-json\/wp\/v2\/tags?post=547"}],"curies":[{"name":"wp","href":"https:\/\/api.w.org\/{rel}","templated":true}]}}