{"id":5465,"date":"2026-03-27T20:38:22","date_gmt":"2026-03-27T23:38:22","guid":{"rendered":"https:\/\/web.consaguirre.com.ar\/noticias\/paul-mccartney-anuncia-nuevo-album-the-boys-of-dungeon-lane\/"},"modified":"2026-03-27T20:38:23","modified_gmt":"2026-03-27T23:38:23","slug":"paul-mccartney-anuncia-nuevo-album-the-boys-of-dungeon-lane","status":"publish","type":"post","link":"https:\/\/web.consaguirre.com.ar\/noticias\/paul-mccartney-anuncia-nuevo-album-the-boys-of-dungeon-lane\/","title":{"rendered":"Paul McCartney anuncia nuevo \u00e1lbum, &#8216;The Boys of Dungeon Lane&#8217;"},"content":{"rendered":"<p>Macca est\u00e1 haciendo un gran regreso. Paul McCartney ha anunciado el lanzamiento de su decimonoveno \u00e1lbum en solitario, <em>Los chicos de Dungeon Lane<\/em>. Se trata de su primer disco en seis a\u00f1os y su lanzamiento est\u00e1 previsto para el 29 de mayo a trav\u00e9s de MPL\/Capitol Records.<\/p>\n<p>La leyenda del rock combin\u00f3 el anuncio del \u00e1lbum con el lanzamiento de su sencillo principal, \u201cDays We Left Behind\u201d.<\/p>\n<div align=\"center\">\n<div class=\"udiscover-store-container\">\n<div id='udiscover-store-two-product'><\/div>\n<\/div>\n<p>\/*<!(CDATA(*\/(function (){var scriptURL='https:\/\/sdks.shopifycdn.com\/buy-button\/latest\/buy-button-storefront.min.js';if(window.ShopifyBuy){if(window.ShopifyBuy.UI){ShopifyBuyInit();}else{loadScript();}}else{loadScript();}funci\u00f3n loadScript(){var script=document.createElement('script');script.async=true;script.src=scriptURL;(document.getElementsByTagName('head')(0)|| document.getElementsByTagName('body')(0)).appendChild(script);script.onload=ShopifyBuyInit;} function ShopifyBuyInit(){var cliente=ShopifyBuy.buildClient({dominio:'udiscover.myshopify.com',storefrontAccessToken: 'bdc89f347d2ce61c1feeb9f8c60b2b98',}); ShopifyBuy.UI.onReady(cliente).luego(funci\u00f3n(ui){ ui.createComponent('productSet',{ id:(7752294531149,7752294563917), nodo:document.getElementById('udiscover-store-two-product'), moneyFormat:'%24%7B%7Bamount%7D%7D', opciones:{&quot;producto&quot;:{&quot;marco flotante&quot;:FALSO,&quot;bot\u00f3nDestino&quot;:&quot;modal&quot;,&quot;contenido&quot;:{&quot;opciones&quot;:verdadero},&quot;texto&quot;:{&quot;bot\u00f3n&quot;:&quot;PEDIR AHORA&quot;,&quot;Agotado&quot;:&quot;Lo sentimos, esto est\u00e1 agotado.&quot;}},&quot;conjunto de productos&quot;:{&quot;marco flotante&quot;:FALSO},&quot;modalProducto&quot;:{&quot;marco flotante&quot;:FALSO,&quot;contenido&quot;:{&quot;imagen&quot;:FALSO,&quot;imgConCarrusel&quot;:verdadero,&quot;bot\u00f3n&quot;:FALSO,&quot;bot\u00f3nConCantidad&quot;:verdadero}},&quot;modal&quot;:{&quot;marco flotante&quot;:FALSO},&quot;opci\u00f3n&quot;:{&quot;marco flotante&quot;:FALSO},&quot;carro&quot;:{&quot;marco flotante&quot;:FALSO},&quot;palanca&quot;:{&quot;marco flotante&quot;:FALSO,&quot;contenido&quot;:{&quot;icono&quot;:FALSO}},&quot;art\u00edculo de l\u00ednea&quot;:{&quot;marco flotante&quot;:FALSO}}, }); }); } })(); \/*))>*\/ <\/div>\n<\/p>\n<p>&#8220;Esta es en gran medida una canci\u00f3n de recuerdo para m\u00ed. El t\u00edtulo del \u00e1lbum, <em>Los chicos de Dungeon Lane<\/em>proviene de una letra de esta pista. Estaba pensando precisamente en eso, en los d\u00edas que dej\u00e9 atr\u00e1s, y a menudo me pregunto si s\u00f3lo estoy escribiendo sobre el pasado, pero luego pienso, \u00bfc\u00f3mo se puede escribir sobre otra cosa? McCartney dijo sobre la melod\u00eda en un comunicado de prensa. \u201cSon s\u00f3lo muchos recuerdos del Liverpool. Se trata de un poco en el medio de John y Forthlin Road, que es la calle en la que sol\u00eda vivir. Dungeon Lane est\u00e1 cerca de all\u00ed. Sol\u00eda \u200b\u200bvivir en un lugar llamado Speke, que es bastante de clase trabajadora. No ten\u00edamos mucho, pero no importaba porque toda la gente era genial y no te dabas cuenta de que no ten\u00edas mucho\u201d.<\/p>\n<p>El nuevo \u00e1lbum, para el que McCartney se asoci\u00f3 con el productor y compositor Andrew Watt, est\u00e1 enmarcado como una colecci\u00f3n de recuerdos. El artista reflexiona sobre momentos \u00edntimos de su infancia en el Liverpool de la posguerra, la resistencia de sus padres y las primeras aventuras compartidas con George Harrison y John Lennon mucho antes de que los Beatles dominaran el mundo.<\/p>\n<div class=\"uD-YT-container\"><img decoding=\"async\" src=\"https:\/\/web.consaguirre.com.ar\/noticias\/wp-content\/uploads\/2026\/03\/1774654702_173_Paul-McCartney-anuncia-nuevo-album-The-Boys-of-Dungeon-Lane.jpg\" alt=\"V\u00eddeo de YouTube\"><br \/>Haga clic para cargar v\u00eddeo<\/div>\n<p><em>Los chicos de Dungeon Lane<\/em> sigue a 2020 <em>McCartney III<\/em> y el \u00e1lbum de remezclas de 2021, <em>McCartney III imaginado<\/em>con artistas como Beck, Phoebe Bridgers y Dev Hynes. Macca ha seguido tan ocupado como siempre, estrenando su <em>Paul McCartney: el hombre en fuga<\/em> documental en cines y exclusivamente en Prime Video en febrero.<\/p>\n<p>El oto\u00f1o pasado, su banda Wings lanz\u00f3 una antolog\u00eda que abarca toda su carrera, que McCartney supervis\u00f3 personalmente. La antolog\u00eda multiformato, que incluye \u00e9xitos como \u201cBand on the Run\u201d, \u201cJet\u201d y \u201cLive and Let Die\u201d, estuvo disponible en una colecci\u00f3n de vinilos en color 3LP, 2CD y Blu-ray, as\u00ed como en versiones 1CD y 1LP.<\/p>\n<p>En el frente de The Beatles, la banda lanz\u00f3 su tan esperado <em>Antolog\u00eda<\/em> recopilaci\u00f3n el pasado mes de noviembre. La enorme colecci\u00f3n presenta 191 pistas en cuatro vol\u00famenes, incluidas 13 grabaciones in\u00e9ditas del nuevo Anthology 4.<\/p>\n<p><b>Comprar Paul McCartney <em>Los chicos de Dungeon Lane<\/em> aqu\u00ed.<\/b><\/p>\n","protected":false},"excerpt":{"rendered":"<p>Macca est\u00e1 haciendo un gran regreso. Paul McCartney ha anunciado el lanzamiento de su decimonoveno \u00e1lbum en solitario, Los chicos de Dungeon Lane. Se trata<\/p>\n","protected":false},"author":1,"featured_media":5466,"comment_status":"closed","ping_status":"","sticky":false,"template":"","format":"standard","meta":{"footnotes":""},"categories":[50],"tags":[147,56,193,4025,4026,424,146,423],"class_list":["post-5465","post","type-post","status-publish","format-standard","has-post-thumbnail","hentry","category-el-ultimo","tag-album","tag-anuncia","tag-boys","tag-dungeon","tag-lane","tag-mccartney","tag-nuevo","tag-paul","generate-columns","tablet-grid-50","mobile-grid-100","grid-parent","grid-50"],"yoast_head":"<!-- This site is optimized with the Yoast SEO plugin v23.3 - https:\/\/yoast.com\/wordpress\/plugins\/seo\/ -->\n<title>Paul McCartney anuncia nuevo \u00e1lbum, &#039;The Boys of Dungeon Lane&#039;<\/title>\n<meta name=\"robots\" content=\"index, follow, max-snippet:-1, max-image-preview:large, max-video-preview:-1\" \/>\n<link rel=\"canonical\" href=\"https:\/\/web.consaguirre.com.ar\/noticias\/paul-mccartney-anuncia-nuevo-album-the-boys-of-dungeon-lane\/\" \/>\n<meta property=\"og:locale\" content=\"es_ES\" \/>\n<meta property=\"og:type\" content=\"article\" \/>\n<meta property=\"og:title\" content=\"Paul McCartney anuncia nuevo \u00e1lbum, &#039;The Boys of Dungeon Lane&#039;\" \/>\n<meta property=\"og:description\" content=\"Macca est\u00e1 haciendo un gran regreso. Paul McCartney ha anunciado el lanzamiento de su decimonoveno \u00e1lbum en solitario, Los chicos de Dungeon Lane. Se trata\" \/>\n<meta property=\"og:url\" content=\"https:\/\/web.consaguirre.com.ar\/noticias\/paul-mccartney-anuncia-nuevo-album-the-boys-of-dungeon-lane\/\" \/>\n<meta property=\"og:site_name\" content=\"Conservatorio de M\u00fasica Juli\u00e1n Aguirre\" \/>\n<meta property=\"article:published_time\" content=\"2026-03-27T23:38:22+00:00\" \/>\n<meta property=\"article:modified_time\" content=\"2026-03-27T23:38:23+00:00\" \/>\n<meta property=\"og:image\" content=\"https:\/\/web.consaguirre.com.ar\/noticias\/wp-content\/uploads\/2026\/03\/Paul-McCartney-anuncia-nuevo-album-The-Boys-of-Dungeon-Lane.jpg\" \/>\n\t<meta property=\"og:image:width\" content=\"820\" \/>\n\t<meta property=\"og:image:height\" content=\"820\" \/>\n\t<meta property=\"og:image:type\" content=\"image\/jpeg\" \/>\n<meta name=\"author\" content=\"Javier Figueroa\" \/>\n<meta name=\"twitter:card\" content=\"summary_large_image\" \/>\n<meta name=\"twitter:label1\" content=\"Escrito por\" \/>\n\t<meta name=\"twitter:data1\" content=\"Javier Figueroa\" \/>\n\t<meta name=\"twitter:label2\" content=\"Tiempo de lectura\" \/>\n\t<meta name=\"twitter:data2\" content=\"2 minutos\" \/>\n<script type=\"application\/ld+json\" class=\"yoast-schema-graph\">{\"@context\":\"https:\/\/schema.org\",\"@graph\":[{\"@type\":\"Article\",\"@id\":\"https:\/\/web.consaguirre.com.ar\/noticias\/paul-mccartney-anuncia-nuevo-album-the-boys-of-dungeon-lane\/#article\",\"isPartOf\":{\"@id\":\"https:\/\/web.consaguirre.com.ar\/noticias\/paul-mccartney-anuncia-nuevo-album-the-boys-of-dungeon-lane\/\"},\"author\":{\"name\":\"Javier Figueroa\",\"@id\":\"https:\/\/web.consaguirre.com.ar\/noticias\/#\/schema\/person\/6558b0cfedee7ddc5425602b237d5722\"},\"headline\":\"Paul McCartney anuncia nuevo \u00e1lbum, &#8216;The Boys of Dungeon Lane&#8217;\",\"datePublished\":\"2026-03-27T23:38:22+00:00\",\"dateModified\":\"2026-03-27T23:38:23+00:00\",\"mainEntityOfPage\":{\"@id\":\"https:\/\/web.consaguirre.com.ar\/noticias\/paul-mccartney-anuncia-nuevo-album-the-boys-of-dungeon-lane\/\"},\"wordCount\":456,\"publisher\":{\"@id\":\"https:\/\/web.consaguirre.com.ar\/noticias\/#organization\"},\"image\":{\"@id\":\"https:\/\/web.consaguirre.com.ar\/noticias\/paul-mccartney-anuncia-nuevo-album-the-boys-of-dungeon-lane\/#primaryimage\"},\"thumbnailUrl\":\"https:\/\/web.consaguirre.com.ar\/noticias\/wp-content\/uploads\/2026\/03\/Paul-McCartney-anuncia-nuevo-album-The-Boys-of-Dungeon-Lane.jpg\",\"keywords\":[\"\u00e1lbum\",\"anuncia\",\"Boys\",\"Dungeon\",\"Lane\",\"McCartney\",\"nuevo\",\"Paul\"],\"articleSection\":[\"El \u00faltimo\"],\"inLanguage\":\"es-AR\"},{\"@type\":\"WebPage\",\"@id\":\"https:\/\/web.consaguirre.com.ar\/noticias\/paul-mccartney-anuncia-nuevo-album-the-boys-of-dungeon-lane\/\",\"url\":\"https:\/\/web.consaguirre.com.ar\/noticias\/paul-mccartney-anuncia-nuevo-album-the-boys-of-dungeon-lane\/\",\"name\":\"Paul McCartney anuncia nuevo \u00e1lbum, 'The Boys of Dungeon Lane'\",\"isPartOf\":{\"@id\":\"https:\/\/web.consaguirre.com.ar\/noticias\/#website\"},\"primaryImageOfPage\":{\"@id\":\"https:\/\/web.consaguirre.com.ar\/noticias\/paul-mccartney-anuncia-nuevo-album-the-boys-of-dungeon-lane\/#primaryimage\"},\"image\":{\"@id\":\"https:\/\/web.consaguirre.com.ar\/noticias\/paul-mccartney-anuncia-nuevo-album-the-boys-of-dungeon-lane\/#primaryimage\"},\"thumbnailUrl\":\"https:\/\/web.consaguirre.com.ar\/noticias\/wp-content\/uploads\/2026\/03\/Paul-McCartney-anuncia-nuevo-album-The-Boys-of-Dungeon-Lane.jpg\",\"datePublished\":\"2026-03-27T23:38:22+00:00\",\"dateModified\":\"2026-03-27T23:38:23+00:00\",\"breadcrumb\":{\"@id\":\"https:\/\/web.consaguirre.com.ar\/noticias\/paul-mccartney-anuncia-nuevo-album-the-boys-of-dungeon-lane\/#breadcrumb\"},\"inLanguage\":\"es-AR\",\"potentialAction\":[{\"@type\":\"ReadAction\",\"target\":[\"https:\/\/web.consaguirre.com.ar\/noticias\/paul-mccartney-anuncia-nuevo-album-the-boys-of-dungeon-lane\/\"]}]},{\"@type\":\"ImageObject\",\"inLanguage\":\"es-AR\",\"@id\":\"https:\/\/web.consaguirre.com.ar\/noticias\/paul-mccartney-anuncia-nuevo-album-the-boys-of-dungeon-lane\/#primaryimage\",\"url\":\"https:\/\/web.consaguirre.com.ar\/noticias\/wp-content\/uploads\/2026\/03\/Paul-McCartney-anuncia-nuevo-album-The-Boys-of-Dungeon-Lane.jpg\",\"contentUrl\":\"https:\/\/web.consaguirre.com.ar\/noticias\/wp-content\/uploads\/2026\/03\/Paul-McCartney-anuncia-nuevo-album-The-Boys-of-Dungeon-Lane.jpg\",\"width\":820,\"height\":820,\"caption\":\"Paul McCartney The Boys of Dungeon Lane\"},{\"@type\":\"BreadcrumbList\",\"@id\":\"https:\/\/web.consaguirre.com.ar\/noticias\/paul-mccartney-anuncia-nuevo-album-the-boys-of-dungeon-lane\/#breadcrumb\",\"itemListElement\":[{\"@type\":\"ListItem\",\"position\":1,\"name\":\"Inicio\",\"item\":\"https:\/\/web.consaguirre.com.ar\/noticias\/\"},{\"@type\":\"ListItem\",\"position\":2,\"name\":\"Paul McCartney anuncia nuevo \u00e1lbum, &#8216;The Boys of Dungeon Lane&#8217;\"}]},{\"@type\":\"WebSite\",\"@id\":\"https:\/\/web.consaguirre.com.ar\/noticias\/#website\",\"url\":\"https:\/\/web.consaguirre.com.ar\/noticias\/\",\"name\":\"Conservatorio de M\u00fasica Juli\u00e1n Aguirre\",\"description\":\"\",\"publisher\":{\"@id\":\"https:\/\/web.consaguirre.com.ar\/noticias\/#organization\"},\"potentialAction\":[{\"@type\":\"SearchAction\",\"target\":{\"@type\":\"EntryPoint\",\"urlTemplate\":\"https:\/\/web.consaguirre.com.ar\/noticias\/?s={search_term_string}\"},\"query-input\":\"required name=search_term_string\"}],\"inLanguage\":\"es-AR\"},{\"@type\":\"Organization\",\"@id\":\"https:\/\/web.consaguirre.com.ar\/noticias\/#organization\",\"name\":\"Conservatorio de M\u00fasica Juli\u00e1n Aguirre\",\"url\":\"https:\/\/web.consaguirre.com.ar\/noticias\/\",\"logo\":{\"@type\":\"ImageObject\",\"inLanguage\":\"es-AR\",\"@id\":\"https:\/\/web.consaguirre.com.ar\/noticias\/#\/schema\/logo\/image\/\",\"url\":\"https:\/\/web.consaguirre.com.ar\/noticias\/wp-content\/uploads\/2024\/08\/Banner-Aguirre-23.jpg\",\"contentUrl\":\"https:\/\/web.consaguirre.com.ar\/noticias\/wp-content\/uploads\/2024\/08\/Banner-Aguirre-23.jpg\",\"width\":1192,\"height\":600,\"caption\":\"Conservatorio de M\u00fasica Juli\u00e1n Aguirre\"},\"image\":{\"@id\":\"https:\/\/web.consaguirre.com.ar\/noticias\/#\/schema\/logo\/image\/\"}},{\"@type\":\"Person\",\"@id\":\"https:\/\/web.consaguirre.com.ar\/noticias\/#\/schema\/person\/6558b0cfedee7ddc5425602b237d5722\",\"name\":\"Javier Figueroa\",\"image\":{\"@type\":\"ImageObject\",\"inLanguage\":\"es-AR\",\"@id\":\"https:\/\/web.consaguirre.com.ar\/noticias\/#\/schema\/person\/image\/\",\"url\":\"https:\/\/web.consaguirre.com.ar\/noticias\/wp-content\/uploads\/2024\/08\/Consaguirre-scaled.jpg\",\"contentUrl\":\"https:\/\/web.consaguirre.com.ar\/noticias\/wp-content\/uploads\/2024\/08\/Consaguirre-scaled.jpg\",\"caption\":\"Javier Figueroa\"},\"description\":\"Me llamo Javier Figueroa y soy redactor para el sitio oficial del Conservatorio de M\u00fasica Juli\u00e1n Aguirre en Buenos Aires, consaguirre.com. Apasionado por la m\u00fasica y la escritura, me esfuerzo por destacar los talentos y eventos de nuestra prestigiosa instituci\u00f3n. Mi trayectoria se nutre de una profunda admiraci\u00f3n por los artistas, haciendo de cada art\u00edculo una celebraci\u00f3n de la creatividad y la cultura musical.\",\"sameAs\":[\"https:\/\/web.consaguirre.com.ar\/noticias\"]}]}<\/script>\n<!-- \/ Yoast SEO plugin. -->","yoast_head_json":{"title":"Paul McCartney anuncia nuevo \u00e1lbum, 'The Boys of Dungeon Lane'","robots":{"index":"index","follow":"follow","max-snippet":"max-snippet:-1","max-image-preview":"max-image-preview:large","max-video-preview":"max-video-preview:-1"},"canonical":"https:\/\/web.consaguirre.com.ar\/noticias\/paul-mccartney-anuncia-nuevo-album-the-boys-of-dungeon-lane\/","og_locale":"es_ES","og_type":"article","og_title":"Paul McCartney anuncia nuevo \u00e1lbum, 'The Boys of Dungeon Lane'","og_description":"Macca est\u00e1 haciendo un gran regreso. Paul McCartney ha anunciado el lanzamiento de su decimonoveno \u00e1lbum en solitario, Los chicos de Dungeon Lane. Se trata","og_url":"https:\/\/web.consaguirre.com.ar\/noticias\/paul-mccartney-anuncia-nuevo-album-the-boys-of-dungeon-lane\/","og_site_name":"Conservatorio de M\u00fasica Juli\u00e1n Aguirre","article_published_time":"2026-03-27T23:38:22+00:00","article_modified_time":"2026-03-27T23:38:23+00:00","og_image":[{"width":820,"height":820,"url":"https:\/\/web.consaguirre.com.ar\/noticias\/wp-content\/uploads\/2026\/03\/Paul-McCartney-anuncia-nuevo-album-The-Boys-of-Dungeon-Lane.jpg","type":"image\/jpeg"}],"author":"Javier Figueroa","twitter_card":"summary_large_image","twitter_misc":{"Escrito por":"Javier Figueroa","Tiempo de lectura":"2 minutos"},"schema":{"@context":"https:\/\/schema.org","@graph":[{"@type":"Article","@id":"https:\/\/web.consaguirre.com.ar\/noticias\/paul-mccartney-anuncia-nuevo-album-the-boys-of-dungeon-lane\/#article","isPartOf":{"@id":"https:\/\/web.consaguirre.com.ar\/noticias\/paul-mccartney-anuncia-nuevo-album-the-boys-of-dungeon-lane\/"},"author":{"name":"Javier Figueroa","@id":"https:\/\/web.consaguirre.com.ar\/noticias\/#\/schema\/person\/6558b0cfedee7ddc5425602b237d5722"},"headline":"Paul McCartney anuncia nuevo \u00e1lbum, &#8216;The Boys of Dungeon Lane&#8217;","datePublished":"2026-03-27T23:38:22+00:00","dateModified":"2026-03-27T23:38:23+00:00","mainEntityOfPage":{"@id":"https:\/\/web.consaguirre.com.ar\/noticias\/paul-mccartney-anuncia-nuevo-album-the-boys-of-dungeon-lane\/"},"wordCount":456,"publisher":{"@id":"https:\/\/web.consaguirre.com.ar\/noticias\/#organization"},"image":{"@id":"https:\/\/web.consaguirre.com.ar\/noticias\/paul-mccartney-anuncia-nuevo-album-the-boys-of-dungeon-lane\/#primaryimage"},"thumbnailUrl":"https:\/\/web.consaguirre.com.ar\/noticias\/wp-content\/uploads\/2026\/03\/Paul-McCartney-anuncia-nuevo-album-The-Boys-of-Dungeon-Lane.jpg","keywords":["\u00e1lbum","anuncia","Boys","Dungeon","Lane","McCartney","nuevo","Paul"],"articleSection":["El \u00faltimo"],"inLanguage":"es-AR"},{"@type":"WebPage","@id":"https:\/\/web.consaguirre.com.ar\/noticias\/paul-mccartney-anuncia-nuevo-album-the-boys-of-dungeon-lane\/","url":"https:\/\/web.consaguirre.com.ar\/noticias\/paul-mccartney-anuncia-nuevo-album-the-boys-of-dungeon-lane\/","name":"Paul McCartney anuncia nuevo \u00e1lbum, 'The Boys of Dungeon Lane'","isPartOf":{"@id":"https:\/\/web.consaguirre.com.ar\/noticias\/#website"},"primaryImageOfPage":{"@id":"https:\/\/web.consaguirre.com.ar\/noticias\/paul-mccartney-anuncia-nuevo-album-the-boys-of-dungeon-lane\/#primaryimage"},"image":{"@id":"https:\/\/web.consaguirre.com.ar\/noticias\/paul-mccartney-anuncia-nuevo-album-the-boys-of-dungeon-lane\/#primaryimage"},"thumbnailUrl":"https:\/\/web.consaguirre.com.ar\/noticias\/wp-content\/uploads\/2026\/03\/Paul-McCartney-anuncia-nuevo-album-The-Boys-of-Dungeon-Lane.jpg","datePublished":"2026-03-27T23:38:22+00:00","dateModified":"2026-03-27T23:38:23+00:00","breadcrumb":{"@id":"https:\/\/web.consaguirre.com.ar\/noticias\/paul-mccartney-anuncia-nuevo-album-the-boys-of-dungeon-lane\/#breadcrumb"},"inLanguage":"es-AR","potentialAction":[{"@type":"ReadAction","target":["https:\/\/web.consaguirre.com.ar\/noticias\/paul-mccartney-anuncia-nuevo-album-the-boys-of-dungeon-lane\/"]}]},{"@type":"ImageObject","inLanguage":"es-AR","@id":"https:\/\/web.consaguirre.com.ar\/noticias\/paul-mccartney-anuncia-nuevo-album-the-boys-of-dungeon-lane\/#primaryimage","url":"https:\/\/web.consaguirre.com.ar\/noticias\/wp-content\/uploads\/2026\/03\/Paul-McCartney-anuncia-nuevo-album-The-Boys-of-Dungeon-Lane.jpg","contentUrl":"https:\/\/web.consaguirre.com.ar\/noticias\/wp-content\/uploads\/2026\/03\/Paul-McCartney-anuncia-nuevo-album-The-Boys-of-Dungeon-Lane.jpg","width":820,"height":820,"caption":"Paul McCartney The Boys of Dungeon Lane"},{"@type":"BreadcrumbList","@id":"https:\/\/web.consaguirre.com.ar\/noticias\/paul-mccartney-anuncia-nuevo-album-the-boys-of-dungeon-lane\/#breadcrumb","itemListElement":[{"@type":"ListItem","position":1,"name":"Inicio","item":"https:\/\/web.consaguirre.com.ar\/noticias\/"},{"@type":"ListItem","position":2,"name":"Paul McCartney anuncia nuevo \u00e1lbum, &#8216;The Boys of Dungeon Lane&#8217;"}]},{"@type":"WebSite","@id":"https:\/\/web.consaguirre.com.ar\/noticias\/#website","url":"https:\/\/web.consaguirre.com.ar\/noticias\/","name":"Conservatorio de M\u00fasica Juli\u00e1n Aguirre","description":"","publisher":{"@id":"https:\/\/web.consaguirre.com.ar\/noticias\/#organization"},"potentialAction":[{"@type":"SearchAction","target":{"@type":"EntryPoint","urlTemplate":"https:\/\/web.consaguirre.com.ar\/noticias\/?s={search_term_string}"},"query-input":"required name=search_term_string"}],"inLanguage":"es-AR"},{"@type":"Organization","@id":"https:\/\/web.consaguirre.com.ar\/noticias\/#organization","name":"Conservatorio de M\u00fasica Juli\u00e1n Aguirre","url":"https:\/\/web.consaguirre.com.ar\/noticias\/","logo":{"@type":"ImageObject","inLanguage":"es-AR","@id":"https:\/\/web.consaguirre.com.ar\/noticias\/#\/schema\/logo\/image\/","url":"https:\/\/web.consaguirre.com.ar\/noticias\/wp-content\/uploads\/2024\/08\/Banner-Aguirre-23.jpg","contentUrl":"https:\/\/web.consaguirre.com.ar\/noticias\/wp-content\/uploads\/2024\/08\/Banner-Aguirre-23.jpg","width":1192,"height":600,"caption":"Conservatorio de M\u00fasica Juli\u00e1n Aguirre"},"image":{"@id":"https:\/\/web.consaguirre.com.ar\/noticias\/#\/schema\/logo\/image\/"}},{"@type":"Person","@id":"https:\/\/web.consaguirre.com.ar\/noticias\/#\/schema\/person\/6558b0cfedee7ddc5425602b237d5722","name":"Javier Figueroa","image":{"@type":"ImageObject","inLanguage":"es-AR","@id":"https:\/\/web.consaguirre.com.ar\/noticias\/#\/schema\/person\/image\/","url":"https:\/\/web.consaguirre.com.ar\/noticias\/wp-content\/uploads\/2024\/08\/Consaguirre-scaled.jpg","contentUrl":"https:\/\/web.consaguirre.com.ar\/noticias\/wp-content\/uploads\/2024\/08\/Consaguirre-scaled.jpg","caption":"Javier Figueroa"},"description":"Me llamo Javier Figueroa y soy redactor para el sitio oficial del Conservatorio de M\u00fasica Juli\u00e1n Aguirre en Buenos Aires, consaguirre.com. Apasionado por la m\u00fasica y la escritura, me esfuerzo por destacar los talentos y eventos de nuestra prestigiosa instituci\u00f3n. Mi trayectoria se nutre de una profunda admiraci\u00f3n por los artistas, haciendo de cada art\u00edculo una celebraci\u00f3n de la creatividad y la cultura musical.","sameAs":["https:\/\/web.consaguirre.com.ar\/noticias"]}]}},"_links":{"self":[{"href":"https:\/\/web.consaguirre.com.ar\/noticias\/wp-json\/wp\/v2\/posts\/5465"}],"collection":[{"href":"https:\/\/web.consaguirre.com.ar\/noticias\/wp-json\/wp\/v2\/posts"}],"about":[{"href":"https:\/\/web.consaguirre.com.ar\/noticias\/wp-json\/wp\/v2\/types\/post"}],"author":[{"embeddable":true,"href":"https:\/\/web.consaguirre.com.ar\/noticias\/wp-json\/wp\/v2\/users\/1"}],"replies":[{"embeddable":true,"href":"https:\/\/web.consaguirre.com.ar\/noticias\/wp-json\/wp\/v2\/comments?post=5465"}],"version-history":[{"count":1,"href":"https:\/\/web.consaguirre.com.ar\/noticias\/wp-json\/wp\/v2\/posts\/5465\/revisions"}],"predecessor-version":[{"id":5467,"href":"https:\/\/web.consaguirre.com.ar\/noticias\/wp-json\/wp\/v2\/posts\/5465\/revisions\/5467"}],"wp:featuredmedia":[{"embeddable":true,"href":"https:\/\/web.consaguirre.com.ar\/noticias\/wp-json\/wp\/v2\/media\/5466"}],"wp:attachment":[{"href":"https:\/\/web.consaguirre.com.ar\/noticias\/wp-json\/wp\/v2\/media?parent=5465"}],"wp:term":[{"taxonomy":"category","embeddable":true,"href":"https:\/\/web.consaguirre.com.ar\/noticias\/wp-json\/wp\/v2\/categories?post=5465"},{"taxonomy":"post_tag","embeddable":true,"href":"https:\/\/web.consaguirre.com.ar\/noticias\/wp-json\/wp\/v2\/tags?post=5465"}],"curies":[{"name":"wp","href":"https:\/\/api.w.org\/{rel}","templated":true}]}}