{"id":5456,"date":"2026-03-27T11:40:53","date_gmt":"2026-03-27T14:40:53","guid":{"rendered":"https:\/\/web.consaguirre.com.ar\/noticias\/la-banda-steve-miller-celebra-los-50-anos-de-fly-like-an-eagle-con-un-disco-fotografico\/"},"modified":"2026-03-27T11:40:54","modified_gmt":"2026-03-27T14:40:54","slug":"la-banda-steve-miller-celebra-los-50-anos-de-fly-like-an-eagle-con-un-disco-fotografico","status":"publish","type":"post","link":"https:\/\/web.consaguirre.com.ar\/noticias\/la-banda-steve-miller-celebra-los-50-anos-de-fly-like-an-eagle-con-un-disco-fotografico\/","title":{"rendered":"La banda Steve Miller celebra los 50 a\u00f1os de &#8216;Fly Like An Eagle&#8217; con un disco fotogr\u00e1fico"},"content":{"rendered":"<p>The Steve Miller Band ha anunciado una edici\u00f3n limitada de un disco con im\u00e1genes del legendario \u00e1lbum. <em>Vuela como un \u00e1guila<\/em>en honor al 50 aniversario del LP. La cara A del disco presenta la portada del \u00e1lbum, mientras que la cara B presenta una foto poco com\u00fan de Miller de las sesiones del \u00e1lbum. Aparte de la legendaria canci\u00f3n principal, otros sencillos del \u00e1lbum incluyen \u201cTake The Money and Run\u201d y \u201cRock&#8217;n&#8217; Me\u201d.<\/p>\n<div align='center'>\n<div class=\"udiscover-store-container\">\n<div id='udiscover-store-one-product'><\/div>\n<\/div>\n<p>\/*<!(CDATA(*\/(function (){var scriptURL='https:\/\/sdks.shopifycdn.com\/buy-button\/latest\/buy-button-storefront.min.js';if(window.ShopifyBuy){if(window.ShopifyBuy.UI){ShopifyBuyInit();}else{loadScript();}}else{loadScript();}funci\u00f3n loadScript(){var script=document.createElement('script');script.async=true;script.src=scriptURL;(document.getElementsByTagName('head')(0)|| document.getElementsByTagName('body')(0)).appendChild(script);script.onload=ShopifyBuyInit;} function ShopifyBuyInit(){var cliente=ShopifyBuy.buildClient({dominio:'udiscover.myshopify.com',storefrontAccessToken: 'bdc89f347d2ce61c1feeb9f8c60b2b98',}); ShopifyBuy.UI.onReady(cliente).luego(funci\u00f3n(ui){ ui.createComponent('producto',{ id:(7750519357517), nodo:document.getElementById('udiscover-store-one-product'), moneyFormat:'%24%7B%7Bamount%7D%7D', opciones:{'product':{'iframe':false,'buttonDestination':'modal','contents':{'options':true},'text':{'button':'ORDEN AHORA','outOfStock':'Lo sentimos, esto est\u00e1 agotado stock'}},'productSet':{'iframe':false},'modalProduct':{'iframe':false,'contents':{'img':false,'imgWithCarousel':true,'button':false,'buttonWithQuantity':true} },'modal':{'iframe':false},'option':{'iframe':false},'cart':{'iframe':false},'toggle':{'iframe':false,'contents':{'icon':false}},'lineItem':{'iframe':false}}, }); }); <\/div>\n<\/p>\n<p>El \u00e1lbum fue una sensaci\u00f3n instant\u00e1nea tras su lanzamiento, alcanzando el puesto n\u00famero 3 en el Billboard 200 y el n\u00famero 11 en las listas del Reino Unido. Su impacto tambi\u00e9n ha durado generaciones, con <em>Vuela como un \u00e1guila<\/em> habiendo sido certificado cuatro veces platino en las d\u00e9cadas transcurridas desde su lanzamiento. En 2025, el \u00e1lbum fue agregado al Registro Nacional de Grabaciones. Creado en 2000 por la Biblioteca del Congreso, se han agregado 675 t\u00edtulos al Registro. El Bibliotecario del Congreso, con la ayuda de la Junta Nacional de Preservaci\u00f3n de Grabaciones, selecciona 25 t\u00edtulos cada a\u00f1o que son &#8220;cultural, hist\u00f3rica o est\u00e9ticamente significativos&#8221;.<\/p>\n<div class=\"uD-YT-container\"><img decoding=\"async\" src=\"https:\/\/web.consaguirre.com.ar\/noticias\/wp-content\/uploads\/2026\/03\/1774622453_554_La-banda-Steve-Miller-celebra-los-50-anos-de-Fly.jpg\" alt=\"V\u00eddeo de YouTube\"><br \/>Haga clic para cargar v\u00eddeo<\/div>\n<p>Miller ha hablado de <em>Vuela como un \u00e1guila<\/em> y la importancia de su tema principal a lo largo de los a\u00f1os, incluso en una entrevista de 2022 con <em>Buitre<\/em>. Con respecto a la canci\u00f3n, Miller reflexion\u00f3: &#8220;Fue un momento en el que realmente madur\u00e9 como escritor y comenc\u00e9 a escribir canciones mucho mejores. Estaba desarrollando mi m\u00fasica. Todas las cosas en las que hab\u00eda estado trabajando durante un largo per\u00edodo se juntaron. &#8216;Fly Like an Eagle&#8217; es una combinaci\u00f3n de m\u00fasica electr\u00f3nica y un ritmo realmente funky. Puse algunas letras con conciencia social y un mensaje inspirador; al menos, espero que la gente piense que es inspirador&#8221;.<\/p>\n<p>Tambi\u00e9n habl\u00f3 sobre c\u00f3mo la canci\u00f3n tard\u00f3 un tiempo en existir como la versi\u00f3n que escuchamos hoy. Dijo: &#8220;Hubo dos o tres versiones diferentes a lo largo del camino. Rechac\u00e9 muchos versos, muchas ideas y muchos segmentos diferentes durante este per\u00edodo de tocarlo en vivo&#8221;.<\/p>\n<p><b>Comprar <em>Vuela como un \u00e1guila<\/em> en vinilo de disco de imagen aqu\u00ed.<\/b><\/p>\n","protected":false},"excerpt":{"rendered":"<p>The Steve Miller Band ha anunciado una edici\u00f3n limitada de un disco con im\u00e1genes del legendario \u00e1lbum. Vuela como un \u00e1guilaen honor al 50 aniversario<\/p>\n","protected":false},"author":1,"featured_media":5457,"comment_status":"closed","ping_status":"","sticky":false,"template":"","format":"standard","meta":{"footnotes":""},"categories":[50],"tags":[115,471,114,32,252,4019,398,4020,180,2548,2406],"class_list":["post-5456","post","type-post","status-publish","format-standard","has-post-thumbnail","hentry","category-el-ultimo","tag-anos","tag-banda","tag-celebra","tag-con","tag-disco","tag-eagle","tag-fly","tag-fotografico","tag-los","tag-miller","tag-steve","generate-columns","tablet-grid-50","mobile-grid-100","grid-parent","grid-50"],"yoast_head":"<!-- This site is optimized with the Yoast SEO plugin v23.3 - https:\/\/yoast.com\/wordpress\/plugins\/seo\/ -->\n<title>La banda Steve Miller celebra los 50 a\u00f1os de &#039;Fly Like An Eagle&#039; con un disco fotogr\u00e1fico<\/title>\n<meta name=\"robots\" content=\"index, follow, max-snippet:-1, max-image-preview:large, max-video-preview:-1\" \/>\n<link rel=\"canonical\" href=\"https:\/\/web.consaguirre.com.ar\/noticias\/la-banda-steve-miller-celebra-los-50-anos-de-fly-like-an-eagle-con-un-disco-fotografico\/\" \/>\n<meta property=\"og:locale\" content=\"es_ES\" \/>\n<meta property=\"og:type\" content=\"article\" \/>\n<meta property=\"og:title\" content=\"La banda Steve Miller celebra los 50 a\u00f1os de &#039;Fly Like An Eagle&#039; con un disco fotogr\u00e1fico\" \/>\n<meta property=\"og:description\" content=\"The Steve Miller Band ha anunciado una edici\u00f3n limitada de un disco con im\u00e1genes del legendario \u00e1lbum. Vuela como un \u00e1guilaen honor al 50 aniversario\" \/>\n<meta property=\"og:url\" content=\"https:\/\/web.consaguirre.com.ar\/noticias\/la-banda-steve-miller-celebra-los-50-anos-de-fly-like-an-eagle-con-un-disco-fotografico\/\" \/>\n<meta property=\"og:site_name\" content=\"Conservatorio de M\u00fasica Juli\u00e1n Aguirre\" \/>\n<meta property=\"article:published_time\" content=\"2026-03-27T14:40:53+00:00\" \/>\n<meta property=\"article:modified_time\" content=\"2026-03-27T14:40:54+00:00\" \/>\n<meta property=\"og:image\" content=\"https:\/\/web.consaguirre.com.ar\/noticias\/wp-content\/uploads\/2026\/03\/La-banda-Steve-Miller-celebra-los-50-anos-de-Fly.jpg\" \/>\n\t<meta property=\"og:image:width\" content=\"820\" \/>\n\t<meta property=\"og:image:height\" content=\"820\" \/>\n\t<meta property=\"og:image:type\" content=\"image\/jpeg\" \/>\n<meta name=\"author\" content=\"Javier Figueroa\" \/>\n<meta name=\"twitter:card\" content=\"summary_large_image\" \/>\n<meta name=\"twitter:label1\" content=\"Escrito por\" \/>\n\t<meta name=\"twitter:data1\" content=\"Javier Figueroa\" \/>\n\t<meta name=\"twitter:label2\" content=\"Tiempo de lectura\" \/>\n\t<meta name=\"twitter:data2\" content=\"2 minutos\" \/>\n<script type=\"application\/ld+json\" class=\"yoast-schema-graph\">{\"@context\":\"https:\/\/schema.org\",\"@graph\":[{\"@type\":\"Article\",\"@id\":\"https:\/\/web.consaguirre.com.ar\/noticias\/la-banda-steve-miller-celebra-los-50-anos-de-fly-like-an-eagle-con-un-disco-fotografico\/#article\",\"isPartOf\":{\"@id\":\"https:\/\/web.consaguirre.com.ar\/noticias\/la-banda-steve-miller-celebra-los-50-anos-de-fly-like-an-eagle-con-un-disco-fotografico\/\"},\"author\":{\"name\":\"Javier Figueroa\",\"@id\":\"https:\/\/web.consaguirre.com.ar\/noticias\/#\/schema\/person\/6558b0cfedee7ddc5425602b237d5722\"},\"headline\":\"La banda Steve Miller celebra los 50 a\u00f1os de &#8216;Fly Like An Eagle&#8217; con un disco fotogr\u00e1fico\",\"datePublished\":\"2026-03-27T14:40:53+00:00\",\"dateModified\":\"2026-03-27T14:40:54+00:00\",\"mainEntityOfPage\":{\"@id\":\"https:\/\/web.consaguirre.com.ar\/noticias\/la-banda-steve-miller-celebra-los-50-anos-de-fly-like-an-eagle-con-un-disco-fotografico\/\"},\"wordCount\":387,\"publisher\":{\"@id\":\"https:\/\/web.consaguirre.com.ar\/noticias\/#organization\"},\"image\":{\"@id\":\"https:\/\/web.consaguirre.com.ar\/noticias\/la-banda-steve-miller-celebra-los-50-anos-de-fly-like-an-eagle-con-un-disco-fotografico\/#primaryimage\"},\"thumbnailUrl\":\"https:\/\/web.consaguirre.com.ar\/noticias\/wp-content\/uploads\/2026\/03\/La-banda-Steve-Miller-celebra-los-50-anos-de-Fly.jpg\",\"keywords\":[\"a\u00f1os\",\"banda\",\"celebra\",\"con\",\"disco\",\"Eagle\",\"FLY\",\"fotogr\u00e1fico\",\"los\",\"Miller\",\"Steve\"],\"articleSection\":[\"El \u00faltimo\"],\"inLanguage\":\"es-AR\"},{\"@type\":\"WebPage\",\"@id\":\"https:\/\/web.consaguirre.com.ar\/noticias\/la-banda-steve-miller-celebra-los-50-anos-de-fly-like-an-eagle-con-un-disco-fotografico\/\",\"url\":\"https:\/\/web.consaguirre.com.ar\/noticias\/la-banda-steve-miller-celebra-los-50-anos-de-fly-like-an-eagle-con-un-disco-fotografico\/\",\"name\":\"La banda Steve Miller celebra los 50 a\u00f1os de 'Fly Like An Eagle' con un disco fotogr\u00e1fico\",\"isPartOf\":{\"@id\":\"https:\/\/web.consaguirre.com.ar\/noticias\/#website\"},\"primaryImageOfPage\":{\"@id\":\"https:\/\/web.consaguirre.com.ar\/noticias\/la-banda-steve-miller-celebra-los-50-anos-de-fly-like-an-eagle-con-un-disco-fotografico\/#primaryimage\"},\"image\":{\"@id\":\"https:\/\/web.consaguirre.com.ar\/noticias\/la-banda-steve-miller-celebra-los-50-anos-de-fly-like-an-eagle-con-un-disco-fotografico\/#primaryimage\"},\"thumbnailUrl\":\"https:\/\/web.consaguirre.com.ar\/noticias\/wp-content\/uploads\/2026\/03\/La-banda-Steve-Miller-celebra-los-50-anos-de-Fly.jpg\",\"datePublished\":\"2026-03-27T14:40:53+00:00\",\"dateModified\":\"2026-03-27T14:40:54+00:00\",\"breadcrumb\":{\"@id\":\"https:\/\/web.consaguirre.com.ar\/noticias\/la-banda-steve-miller-celebra-los-50-anos-de-fly-like-an-eagle-con-un-disco-fotografico\/#breadcrumb\"},\"inLanguage\":\"es-AR\",\"potentialAction\":[{\"@type\":\"ReadAction\",\"target\":[\"https:\/\/web.consaguirre.com.ar\/noticias\/la-banda-steve-miller-celebra-los-50-anos-de-fly-like-an-eagle-con-un-disco-fotografico\/\"]}]},{\"@type\":\"ImageObject\",\"inLanguage\":\"es-AR\",\"@id\":\"https:\/\/web.consaguirre.com.ar\/noticias\/la-banda-steve-miller-celebra-los-50-anos-de-fly-like-an-eagle-con-un-disco-fotografico\/#primaryimage\",\"url\":\"https:\/\/web.consaguirre.com.ar\/noticias\/wp-content\/uploads\/2026\/03\/La-banda-Steve-Miller-celebra-los-50-anos-de-Fly.jpg\",\"contentUrl\":\"https:\/\/web.consaguirre.com.ar\/noticias\/wp-content\/uploads\/2026\/03\/La-banda-Steve-Miller-celebra-los-50-anos-de-Fly.jpg\",\"width\":820,\"height\":820,\"caption\":\"Steve Miller Band picture disc\"},{\"@type\":\"BreadcrumbList\",\"@id\":\"https:\/\/web.consaguirre.com.ar\/noticias\/la-banda-steve-miller-celebra-los-50-anos-de-fly-like-an-eagle-con-un-disco-fotografico\/#breadcrumb\",\"itemListElement\":[{\"@type\":\"ListItem\",\"position\":1,\"name\":\"Inicio\",\"item\":\"https:\/\/web.consaguirre.com.ar\/noticias\/\"},{\"@type\":\"ListItem\",\"position\":2,\"name\":\"La banda Steve Miller celebra los 50 a\u00f1os de &#8216;Fly Like An Eagle&#8217; con un disco fotogr\u00e1fico\"}]},{\"@type\":\"WebSite\",\"@id\":\"https:\/\/web.consaguirre.com.ar\/noticias\/#website\",\"url\":\"https:\/\/web.consaguirre.com.ar\/noticias\/\",\"name\":\"Conservatorio de M\u00fasica Juli\u00e1n Aguirre\",\"description\":\"\",\"publisher\":{\"@id\":\"https:\/\/web.consaguirre.com.ar\/noticias\/#organization\"},\"potentialAction\":[{\"@type\":\"SearchAction\",\"target\":{\"@type\":\"EntryPoint\",\"urlTemplate\":\"https:\/\/web.consaguirre.com.ar\/noticias\/?s={search_term_string}\"},\"query-input\":\"required name=search_term_string\"}],\"inLanguage\":\"es-AR\"},{\"@type\":\"Organization\",\"@id\":\"https:\/\/web.consaguirre.com.ar\/noticias\/#organization\",\"name\":\"Conservatorio de M\u00fasica Juli\u00e1n Aguirre\",\"url\":\"https:\/\/web.consaguirre.com.ar\/noticias\/\",\"logo\":{\"@type\":\"ImageObject\",\"inLanguage\":\"es-AR\",\"@id\":\"https:\/\/web.consaguirre.com.ar\/noticias\/#\/schema\/logo\/image\/\",\"url\":\"https:\/\/web.consaguirre.com.ar\/noticias\/wp-content\/uploads\/2024\/08\/Banner-Aguirre-23.jpg\",\"contentUrl\":\"https:\/\/web.consaguirre.com.ar\/noticias\/wp-content\/uploads\/2024\/08\/Banner-Aguirre-23.jpg\",\"width\":1192,\"height\":600,\"caption\":\"Conservatorio de M\u00fasica Juli\u00e1n Aguirre\"},\"image\":{\"@id\":\"https:\/\/web.consaguirre.com.ar\/noticias\/#\/schema\/logo\/image\/\"}},{\"@type\":\"Person\",\"@id\":\"https:\/\/web.consaguirre.com.ar\/noticias\/#\/schema\/person\/6558b0cfedee7ddc5425602b237d5722\",\"name\":\"Javier Figueroa\",\"image\":{\"@type\":\"ImageObject\",\"inLanguage\":\"es-AR\",\"@id\":\"https:\/\/web.consaguirre.com.ar\/noticias\/#\/schema\/person\/image\/\",\"url\":\"https:\/\/web.consaguirre.com.ar\/noticias\/wp-content\/uploads\/2024\/08\/Consaguirre-scaled.jpg\",\"contentUrl\":\"https:\/\/web.consaguirre.com.ar\/noticias\/wp-content\/uploads\/2024\/08\/Consaguirre-scaled.jpg\",\"caption\":\"Javier Figueroa\"},\"description\":\"Me llamo Javier Figueroa y soy redactor para el sitio oficial del Conservatorio de M\u00fasica Juli\u00e1n Aguirre en Buenos Aires, consaguirre.com. Apasionado por la m\u00fasica y la escritura, me esfuerzo por destacar los talentos y eventos de nuestra prestigiosa instituci\u00f3n. Mi trayectoria se nutre de una profunda admiraci\u00f3n por los artistas, haciendo de cada art\u00edculo una celebraci\u00f3n de la creatividad y la cultura musical.\",\"sameAs\":[\"https:\/\/web.consaguirre.com.ar\/noticias\"]}]}<\/script>\n<!-- \/ Yoast SEO plugin. -->","yoast_head_json":{"title":"La banda Steve Miller celebra los 50 a\u00f1os de 'Fly Like An Eagle' con un disco fotogr\u00e1fico","robots":{"index":"index","follow":"follow","max-snippet":"max-snippet:-1","max-image-preview":"max-image-preview:large","max-video-preview":"max-video-preview:-1"},"canonical":"https:\/\/web.consaguirre.com.ar\/noticias\/la-banda-steve-miller-celebra-los-50-anos-de-fly-like-an-eagle-con-un-disco-fotografico\/","og_locale":"es_ES","og_type":"article","og_title":"La banda Steve Miller celebra los 50 a\u00f1os de 'Fly Like An Eagle' con un disco fotogr\u00e1fico","og_description":"The Steve Miller Band ha anunciado una edici\u00f3n limitada de un disco con im\u00e1genes del legendario \u00e1lbum. Vuela como un \u00e1guilaen honor al 50 aniversario","og_url":"https:\/\/web.consaguirre.com.ar\/noticias\/la-banda-steve-miller-celebra-los-50-anos-de-fly-like-an-eagle-con-un-disco-fotografico\/","og_site_name":"Conservatorio de M\u00fasica Juli\u00e1n Aguirre","article_published_time":"2026-03-27T14:40:53+00:00","article_modified_time":"2026-03-27T14:40:54+00:00","og_image":[{"width":820,"height":820,"url":"https:\/\/web.consaguirre.com.ar\/noticias\/wp-content\/uploads\/2026\/03\/La-banda-Steve-Miller-celebra-los-50-anos-de-Fly.jpg","type":"image\/jpeg"}],"author":"Javier Figueroa","twitter_card":"summary_large_image","twitter_misc":{"Escrito por":"Javier Figueroa","Tiempo de lectura":"2 minutos"},"schema":{"@context":"https:\/\/schema.org","@graph":[{"@type":"Article","@id":"https:\/\/web.consaguirre.com.ar\/noticias\/la-banda-steve-miller-celebra-los-50-anos-de-fly-like-an-eagle-con-un-disco-fotografico\/#article","isPartOf":{"@id":"https:\/\/web.consaguirre.com.ar\/noticias\/la-banda-steve-miller-celebra-los-50-anos-de-fly-like-an-eagle-con-un-disco-fotografico\/"},"author":{"name":"Javier Figueroa","@id":"https:\/\/web.consaguirre.com.ar\/noticias\/#\/schema\/person\/6558b0cfedee7ddc5425602b237d5722"},"headline":"La banda Steve Miller celebra los 50 a\u00f1os de &#8216;Fly Like An Eagle&#8217; con un disco fotogr\u00e1fico","datePublished":"2026-03-27T14:40:53+00:00","dateModified":"2026-03-27T14:40:54+00:00","mainEntityOfPage":{"@id":"https:\/\/web.consaguirre.com.ar\/noticias\/la-banda-steve-miller-celebra-los-50-anos-de-fly-like-an-eagle-con-un-disco-fotografico\/"},"wordCount":387,"publisher":{"@id":"https:\/\/web.consaguirre.com.ar\/noticias\/#organization"},"image":{"@id":"https:\/\/web.consaguirre.com.ar\/noticias\/la-banda-steve-miller-celebra-los-50-anos-de-fly-like-an-eagle-con-un-disco-fotografico\/#primaryimage"},"thumbnailUrl":"https:\/\/web.consaguirre.com.ar\/noticias\/wp-content\/uploads\/2026\/03\/La-banda-Steve-Miller-celebra-los-50-anos-de-Fly.jpg","keywords":["a\u00f1os","banda","celebra","con","disco","Eagle","FLY","fotogr\u00e1fico","los","Miller","Steve"],"articleSection":["El \u00faltimo"],"inLanguage":"es-AR"},{"@type":"WebPage","@id":"https:\/\/web.consaguirre.com.ar\/noticias\/la-banda-steve-miller-celebra-los-50-anos-de-fly-like-an-eagle-con-un-disco-fotografico\/","url":"https:\/\/web.consaguirre.com.ar\/noticias\/la-banda-steve-miller-celebra-los-50-anos-de-fly-like-an-eagle-con-un-disco-fotografico\/","name":"La banda Steve Miller celebra los 50 a\u00f1os de 'Fly Like An Eagle' con un disco fotogr\u00e1fico","isPartOf":{"@id":"https:\/\/web.consaguirre.com.ar\/noticias\/#website"},"primaryImageOfPage":{"@id":"https:\/\/web.consaguirre.com.ar\/noticias\/la-banda-steve-miller-celebra-los-50-anos-de-fly-like-an-eagle-con-un-disco-fotografico\/#primaryimage"},"image":{"@id":"https:\/\/web.consaguirre.com.ar\/noticias\/la-banda-steve-miller-celebra-los-50-anos-de-fly-like-an-eagle-con-un-disco-fotografico\/#primaryimage"},"thumbnailUrl":"https:\/\/web.consaguirre.com.ar\/noticias\/wp-content\/uploads\/2026\/03\/La-banda-Steve-Miller-celebra-los-50-anos-de-Fly.jpg","datePublished":"2026-03-27T14:40:53+00:00","dateModified":"2026-03-27T14:40:54+00:00","breadcrumb":{"@id":"https:\/\/web.consaguirre.com.ar\/noticias\/la-banda-steve-miller-celebra-los-50-anos-de-fly-like-an-eagle-con-un-disco-fotografico\/#breadcrumb"},"inLanguage":"es-AR","potentialAction":[{"@type":"ReadAction","target":["https:\/\/web.consaguirre.com.ar\/noticias\/la-banda-steve-miller-celebra-los-50-anos-de-fly-like-an-eagle-con-un-disco-fotografico\/"]}]},{"@type":"ImageObject","inLanguage":"es-AR","@id":"https:\/\/web.consaguirre.com.ar\/noticias\/la-banda-steve-miller-celebra-los-50-anos-de-fly-like-an-eagle-con-un-disco-fotografico\/#primaryimage","url":"https:\/\/web.consaguirre.com.ar\/noticias\/wp-content\/uploads\/2026\/03\/La-banda-Steve-Miller-celebra-los-50-anos-de-Fly.jpg","contentUrl":"https:\/\/web.consaguirre.com.ar\/noticias\/wp-content\/uploads\/2026\/03\/La-banda-Steve-Miller-celebra-los-50-anos-de-Fly.jpg","width":820,"height":820,"caption":"Steve Miller Band picture disc"},{"@type":"BreadcrumbList","@id":"https:\/\/web.consaguirre.com.ar\/noticias\/la-banda-steve-miller-celebra-los-50-anos-de-fly-like-an-eagle-con-un-disco-fotografico\/#breadcrumb","itemListElement":[{"@type":"ListItem","position":1,"name":"Inicio","item":"https:\/\/web.consaguirre.com.ar\/noticias\/"},{"@type":"ListItem","position":2,"name":"La banda Steve Miller celebra los 50 a\u00f1os de &#8216;Fly Like An Eagle&#8217; con un disco fotogr\u00e1fico"}]},{"@type":"WebSite","@id":"https:\/\/web.consaguirre.com.ar\/noticias\/#website","url":"https:\/\/web.consaguirre.com.ar\/noticias\/","name":"Conservatorio de M\u00fasica Juli\u00e1n Aguirre","description":"","publisher":{"@id":"https:\/\/web.consaguirre.com.ar\/noticias\/#organization"},"potentialAction":[{"@type":"SearchAction","target":{"@type":"EntryPoint","urlTemplate":"https:\/\/web.consaguirre.com.ar\/noticias\/?s={search_term_string}"},"query-input":"required name=search_term_string"}],"inLanguage":"es-AR"},{"@type":"Organization","@id":"https:\/\/web.consaguirre.com.ar\/noticias\/#organization","name":"Conservatorio de M\u00fasica Juli\u00e1n Aguirre","url":"https:\/\/web.consaguirre.com.ar\/noticias\/","logo":{"@type":"ImageObject","inLanguage":"es-AR","@id":"https:\/\/web.consaguirre.com.ar\/noticias\/#\/schema\/logo\/image\/","url":"https:\/\/web.consaguirre.com.ar\/noticias\/wp-content\/uploads\/2024\/08\/Banner-Aguirre-23.jpg","contentUrl":"https:\/\/web.consaguirre.com.ar\/noticias\/wp-content\/uploads\/2024\/08\/Banner-Aguirre-23.jpg","width":1192,"height":600,"caption":"Conservatorio de M\u00fasica Juli\u00e1n Aguirre"},"image":{"@id":"https:\/\/web.consaguirre.com.ar\/noticias\/#\/schema\/logo\/image\/"}},{"@type":"Person","@id":"https:\/\/web.consaguirre.com.ar\/noticias\/#\/schema\/person\/6558b0cfedee7ddc5425602b237d5722","name":"Javier Figueroa","image":{"@type":"ImageObject","inLanguage":"es-AR","@id":"https:\/\/web.consaguirre.com.ar\/noticias\/#\/schema\/person\/image\/","url":"https:\/\/web.consaguirre.com.ar\/noticias\/wp-content\/uploads\/2024\/08\/Consaguirre-scaled.jpg","contentUrl":"https:\/\/web.consaguirre.com.ar\/noticias\/wp-content\/uploads\/2024\/08\/Consaguirre-scaled.jpg","caption":"Javier Figueroa"},"description":"Me llamo Javier Figueroa y soy redactor para el sitio oficial del Conservatorio de M\u00fasica Juli\u00e1n Aguirre en Buenos Aires, consaguirre.com. Apasionado por la m\u00fasica y la escritura, me esfuerzo por destacar los talentos y eventos de nuestra prestigiosa instituci\u00f3n. Mi trayectoria se nutre de una profunda admiraci\u00f3n por los artistas, haciendo de cada art\u00edculo una celebraci\u00f3n de la creatividad y la cultura musical.","sameAs":["https:\/\/web.consaguirre.com.ar\/noticias"]}]}},"_links":{"self":[{"href":"https:\/\/web.consaguirre.com.ar\/noticias\/wp-json\/wp\/v2\/posts\/5456"}],"collection":[{"href":"https:\/\/web.consaguirre.com.ar\/noticias\/wp-json\/wp\/v2\/posts"}],"about":[{"href":"https:\/\/web.consaguirre.com.ar\/noticias\/wp-json\/wp\/v2\/types\/post"}],"author":[{"embeddable":true,"href":"https:\/\/web.consaguirre.com.ar\/noticias\/wp-json\/wp\/v2\/users\/1"}],"replies":[{"embeddable":true,"href":"https:\/\/web.consaguirre.com.ar\/noticias\/wp-json\/wp\/v2\/comments?post=5456"}],"version-history":[{"count":1,"href":"https:\/\/web.consaguirre.com.ar\/noticias\/wp-json\/wp\/v2\/posts\/5456\/revisions"}],"predecessor-version":[{"id":5458,"href":"https:\/\/web.consaguirre.com.ar\/noticias\/wp-json\/wp\/v2\/posts\/5456\/revisions\/5458"}],"wp:featuredmedia":[{"embeddable":true,"href":"https:\/\/web.consaguirre.com.ar\/noticias\/wp-json\/wp\/v2\/media\/5457"}],"wp:attachment":[{"href":"https:\/\/web.consaguirre.com.ar\/noticias\/wp-json\/wp\/v2\/media?parent=5456"}],"wp:term":[{"taxonomy":"category","embeddable":true,"href":"https:\/\/web.consaguirre.com.ar\/noticias\/wp-json\/wp\/v2\/categories?post=5456"},{"taxonomy":"post_tag","embeddable":true,"href":"https:\/\/web.consaguirre.com.ar\/noticias\/wp-json\/wp\/v2\/tags?post=5456"}],"curies":[{"name":"wp","href":"https:\/\/api.w.org\/{rel}","templated":true}]}}