{"id":5453,"date":"2026-03-26T20:41:09","date_gmt":"2026-03-26T23:41:09","guid":{"rendered":"https:\/\/web.consaguirre.com.ar\/noticias\/mumford-sons-realizan-el-concierto-tiny-desk\/"},"modified":"2026-03-26T20:41:10","modified_gmt":"2026-03-26T23:41:10","slug":"mumford-sons-realizan-el-concierto-tiny-desk","status":"publish","type":"post","link":"https:\/\/web.consaguirre.com.ar\/noticias\/mumford-sons-realizan-el-concierto-tiny-desk\/","title":{"rendered":"Mumford &#038; Sons realizan el concierto Tiny Desk"},"content":{"rendered":"<p>Mumford &#038; Sons finalmente lleg\u00f3 al Tiny Desk de NPR. Inicialmente, los rockeros folk londinenses fueron contratados para actuar durante su gira de Babel de 2012, pero tuvieron que cancelar en el \u00faltimo minuto. Ahora, han hecho oficialmente su debut en el famoso set para una sesi\u00f3n improvisada de canciones de su <em>Boxeador profesional<\/em> \u00e1lbum.<\/p>\n<p>El vocalista principal y guitarrista Marcus Mumford, el pianista Ben Lovett y el bajista Ted Dwane estuvieron acompa\u00f1ados por el banjoista Matt Menefee y una secci\u00f3n de cuerdas compuesta por Christine Lamprea al violonchelo, Miranda Sielaff a la viola y Rob Moose y Christina Courtin al viol\u00edn para el conjunto de cuatro canciones.<\/p>\n<div align=\"center\">\n<div class=\"udiscover-store-container\">\n<div id='udiscover-store-three-product'><\/div>\n<\/div>\n<p>\/*<!(CDATA(*\/(function (){var scriptURL='https:\/\/sdks.shopifycdn.com\/buy-button\/latest\/buy-button-storefront.min.js';if(window.ShopifyBuy){if(window.ShopifyBuy.UI){ShopifyBuyInit();}else{loadScript();}}else{loadScript();}funci\u00f3n loadScript(){var script=document.createElement('script');script.async=true;script.src=scriptURL;(document.getElementsByTagName('head')(0)|| document.getElementsByTagName('body')(0)).appendChild(script);script.onload=ShopifyBuyInit;} function ShopifyBuyInit(){var cliente=ShopifyBuy.buildClient({dominio:'udiscover.myshopify.com',storefrontAccessToken: 'bdc89f347d2ce61c1feeb9f8c60b2b98',}); ShopifyBuy.UI.onReady(cliente).luego(funci\u00f3n(ui){ ui.createComponent('productSet',{ id:(7454057496653,7454045962317,7454066245709), nodo:document.getElementById('udiscover-store-tres-producto'), moneyFormat:'%24%7B%7Bamount%7D%7D', opciones:{&quot;producto&quot;:{&quot;marco flotante&quot;:FALSO,&quot;bot\u00f3nDestino&quot;:&quot;modal&quot;,&quot;contenido&quot;:{&quot;opciones&quot;:verdadero},&quot;texto&quot;:{&quot;bot\u00f3n&quot;:&quot;PEDIR AHORA&quot;,&quot;Agotado&quot;:&quot;Lo sentimos, esto est\u00e1 agotado.&quot;}},&quot;conjunto de productos&quot;:{&quot;marco flotante&quot;:FALSO},&quot;modalProducto&quot;:{&quot;marco flotante&quot;:FALSO,&quot;contenido&quot;:{&quot;imagen&quot;:FALSO,&quot;imgConCarrusel&quot;:verdadero,&quot;bot\u00f3n&quot;:FALSO,&quot;bot\u00f3nConCantidad&quot;:verdadero}},&quot;modal&quot;:{&quot;marco flotante&quot;:FALSO},&quot;opci\u00f3n&quot;:{&quot;marco flotante&quot;:FALSO},&quot;carro&quot;:{&quot;marco flotante&quot;:FALSO},&quot;palanca&quot;:{&quot;marco flotante&quot;:FALSO,&quot;contenido&quot;:{&quot;icono&quot;:FALSO}},&quot;art\u00edculo de l\u00ednea&quot;:{&quot;marco flotante&quot;:FALSO}}, }); }); } })(); \/*))>*\/ <\/div>\n<\/p>\n<p>Abrieron con \u201cTe lo contar\u00e9 todo\u201d de <em>Boxeador profesional<\/em>al que sigui\u00f3 \u201cWhite Blank Page\u201d de su debut en 2009, <em>No suspires m\u00e1s<\/em>. La banda cerr\u00f3 con dos canciones m\u00e1s de <em>Boxeador profesional<\/em>incluido \u201cBadlands\u201d y el sencillo principal del \u00e1lbum, \u201cRubber Band Man\u201d.<\/p>\n<div class=\"uD-YT-container\"><img decoding=\"async\" src=\"https:\/\/web.consaguirre.com.ar\/noticias\/wp-content\/uploads\/2026\/03\/1774568469_490_Mumford-Sons-realizan-el-concierto-Tiny-Desk.jpg\" alt=\"V\u00eddeo de YouTube\"><br \/>Haga clic para cargar v\u00eddeo<\/div>\n<p>\u201cCuando llegamos por primera vez a Estados Unidos, nuestro sello discogr\u00e1fico, para bien o para mal, nos ten\u00eda recorriendo las estaciones de radio tocando en peque\u00f1as oficinas\u201d, comparti\u00f3 Mumford antes de cerrar el set con \u201cRubber Band Man\u201d. &#8220;Nunca lo filmaron. En realidad, me alegro mucho de que no lo hicieran, porque fue bastante dif\u00edcil. Pero hicimos un poco de esto al principio, y se siente como si volvi\u00e9ramos a ser una nueva banda. Nos encanta, lo estamos pasando muy bien&#8221;.<\/p>\n<p>Mumford &#038; Sons lanz\u00f3 su sexto y \u00faltimo \u00e1lbum, <em>Boxeador profesional<\/em>el 20 de febrero. Coproducido y coescrito con Aaron Dessner de The National, presenta colaboraciones con Hozier, Gracie Abrams, Chris Stapleton y Gigi Perez. La banda pronto se embarcar\u00e1 en una gira por Norteam\u00e9rica este verano, que comienza el 2 de junio en el Rogers Arena de Vancouver. A ellos se unir\u00e1n CAAMP, Lord Huron, Sierra Ferrell, Marcus King Band, Dylan Gossett y Medium Build.<\/p>\n<p>Mumford &#038; Sons, junto con The Offspring, The Strokes y Goo Goo Dolls, encabezar\u00e1n el festival Sea.Hear.Now 2026. Tendr\u00e1 lugar en Asbury Park, Nueva Jersey, los d\u00edas 19 y 20 de septiembre.<\/p>\n","protected":false},"excerpt":{"rendered":"<p>Mumford &#038; Sons finalmente lleg\u00f3 al Tiny Desk de NPR. Inicialmente, los rockeros folk londinenses fueron contratados para actuar durante su gira de Babel de<\/p>\n","protected":false},"author":1,"featured_media":5454,"comment_status":"closed","ping_status":"","sticky":false,"template":"","format":"standard","meta":{"footnotes":""},"categories":[50],"tags":[124,1479,674,3915,675,1478],"class_list":["post-5453","post","type-post","status-publish","format-standard","has-post-thumbnail","hentry","category-el-ultimo","tag-concierto","tag-desk","tag-mumford","tag-realizan","tag-sons","tag-tiny","generate-columns","tablet-grid-50","mobile-grid-100","grid-parent","grid-50"],"yoast_head":"<!-- This site is optimized with the Yoast SEO plugin v23.3 - https:\/\/yoast.com\/wordpress\/plugins\/seo\/ -->\n<title>Mumford &amp; Sons realizan el concierto Tiny Desk<\/title>\n<meta name=\"robots\" content=\"index, follow, max-snippet:-1, max-image-preview:large, max-video-preview:-1\" \/>\n<link rel=\"canonical\" href=\"https:\/\/web.consaguirre.com.ar\/noticias\/mumford-sons-realizan-el-concierto-tiny-desk\/\" \/>\n<meta property=\"og:locale\" content=\"es_ES\" \/>\n<meta property=\"og:type\" content=\"article\" \/>\n<meta property=\"og:title\" content=\"Mumford &amp; Sons realizan el concierto Tiny Desk\" \/>\n<meta property=\"og:description\" content=\"Mumford &#038; Sons finalmente lleg\u00f3 al Tiny Desk de NPR. Inicialmente, los rockeros folk londinenses fueron contratados para actuar durante su gira de Babel de\" \/>\n<meta property=\"og:url\" content=\"https:\/\/web.consaguirre.com.ar\/noticias\/mumford-sons-realizan-el-concierto-tiny-desk\/\" \/>\n<meta property=\"og:site_name\" content=\"Conservatorio de M\u00fasica Juli\u00e1n Aguirre\" \/>\n<meta property=\"article:published_time\" content=\"2026-03-26T23:41:09+00:00\" \/>\n<meta property=\"article:modified_time\" content=\"2026-03-26T23:41:10+00:00\" \/>\n<meta property=\"og:image\" content=\"https:\/\/web.consaguirre.com.ar\/noticias\/wp-content\/uploads\/2026\/03\/Mumford-Sons-realizan-el-concierto-Tiny-Desk.jpg\" \/>\n\t<meta property=\"og:image:width\" content=\"820\" \/>\n\t<meta property=\"og:image:height\" content=\"820\" \/>\n\t<meta property=\"og:image:type\" content=\"image\/jpeg\" \/>\n<meta name=\"author\" content=\"Javier Figueroa\" \/>\n<meta name=\"twitter:card\" content=\"summary_large_image\" \/>\n<meta name=\"twitter:label1\" content=\"Escrito por\" \/>\n\t<meta name=\"twitter:data1\" content=\"Javier Figueroa\" \/>\n\t<meta name=\"twitter:label2\" content=\"Tiempo de lectura\" \/>\n\t<meta name=\"twitter:data2\" content=\"2 minutos\" \/>\n<script type=\"application\/ld+json\" class=\"yoast-schema-graph\">{\"@context\":\"https:\/\/schema.org\",\"@graph\":[{\"@type\":\"Article\",\"@id\":\"https:\/\/web.consaguirre.com.ar\/noticias\/mumford-sons-realizan-el-concierto-tiny-desk\/#article\",\"isPartOf\":{\"@id\":\"https:\/\/web.consaguirre.com.ar\/noticias\/mumford-sons-realizan-el-concierto-tiny-desk\/\"},\"author\":{\"name\":\"Javier Figueroa\",\"@id\":\"https:\/\/web.consaguirre.com.ar\/noticias\/#\/schema\/person\/6558b0cfedee7ddc5425602b237d5722\"},\"headline\":\"Mumford &#038; Sons realizan el concierto Tiny Desk\",\"datePublished\":\"2026-03-26T23:41:09+00:00\",\"dateModified\":\"2026-03-26T23:41:10+00:00\",\"mainEntityOfPage\":{\"@id\":\"https:\/\/web.consaguirre.com.ar\/noticias\/mumford-sons-realizan-el-concierto-tiny-desk\/\"},\"wordCount\":358,\"publisher\":{\"@id\":\"https:\/\/web.consaguirre.com.ar\/noticias\/#organization\"},\"image\":{\"@id\":\"https:\/\/web.consaguirre.com.ar\/noticias\/mumford-sons-realizan-el-concierto-tiny-desk\/#primaryimage\"},\"thumbnailUrl\":\"https:\/\/web.consaguirre.com.ar\/noticias\/wp-content\/uploads\/2026\/03\/Mumford-Sons-realizan-el-concierto-Tiny-Desk.jpg\",\"keywords\":[\"concierto\",\"Desk\",\"Mumford\",\"realizan\",\"Sons\",\"Tiny\"],\"articleSection\":[\"El \u00faltimo\"],\"inLanguage\":\"es-AR\"},{\"@type\":\"WebPage\",\"@id\":\"https:\/\/web.consaguirre.com.ar\/noticias\/mumford-sons-realizan-el-concierto-tiny-desk\/\",\"url\":\"https:\/\/web.consaguirre.com.ar\/noticias\/mumford-sons-realizan-el-concierto-tiny-desk\/\",\"name\":\"Mumford & Sons realizan el concierto Tiny Desk\",\"isPartOf\":{\"@id\":\"https:\/\/web.consaguirre.com.ar\/noticias\/#website\"},\"primaryImageOfPage\":{\"@id\":\"https:\/\/web.consaguirre.com.ar\/noticias\/mumford-sons-realizan-el-concierto-tiny-desk\/#primaryimage\"},\"image\":{\"@id\":\"https:\/\/web.consaguirre.com.ar\/noticias\/mumford-sons-realizan-el-concierto-tiny-desk\/#primaryimage\"},\"thumbnailUrl\":\"https:\/\/web.consaguirre.com.ar\/noticias\/wp-content\/uploads\/2026\/03\/Mumford-Sons-realizan-el-concierto-Tiny-Desk.jpg\",\"datePublished\":\"2026-03-26T23:41:09+00:00\",\"dateModified\":\"2026-03-26T23:41:10+00:00\",\"breadcrumb\":{\"@id\":\"https:\/\/web.consaguirre.com.ar\/noticias\/mumford-sons-realizan-el-concierto-tiny-desk\/#breadcrumb\"},\"inLanguage\":\"es-AR\",\"potentialAction\":[{\"@type\":\"ReadAction\",\"target\":[\"https:\/\/web.consaguirre.com.ar\/noticias\/mumford-sons-realizan-el-concierto-tiny-desk\/\"]}]},{\"@type\":\"ImageObject\",\"inLanguage\":\"es-AR\",\"@id\":\"https:\/\/web.consaguirre.com.ar\/noticias\/mumford-sons-realizan-el-concierto-tiny-desk\/#primaryimage\",\"url\":\"https:\/\/web.consaguirre.com.ar\/noticias\/wp-content\/uploads\/2026\/03\/Mumford-Sons-realizan-el-concierto-Tiny-Desk.jpg\",\"contentUrl\":\"https:\/\/web.consaguirre.com.ar\/noticias\/wp-content\/uploads\/2026\/03\/Mumford-Sons-realizan-el-concierto-Tiny-Desk.jpg\",\"width\":820,\"height\":820,\"caption\":\"Mumford And Sons Sigh No More album cover web optimised 820\"},{\"@type\":\"BreadcrumbList\",\"@id\":\"https:\/\/web.consaguirre.com.ar\/noticias\/mumford-sons-realizan-el-concierto-tiny-desk\/#breadcrumb\",\"itemListElement\":[{\"@type\":\"ListItem\",\"position\":1,\"name\":\"Inicio\",\"item\":\"https:\/\/web.consaguirre.com.ar\/noticias\/\"},{\"@type\":\"ListItem\",\"position\":2,\"name\":\"Mumford &#038; Sons realizan el concierto Tiny Desk\"}]},{\"@type\":\"WebSite\",\"@id\":\"https:\/\/web.consaguirre.com.ar\/noticias\/#website\",\"url\":\"https:\/\/web.consaguirre.com.ar\/noticias\/\",\"name\":\"Conservatorio de M\u00fasica Juli\u00e1n Aguirre\",\"description\":\"\",\"publisher\":{\"@id\":\"https:\/\/web.consaguirre.com.ar\/noticias\/#organization\"},\"potentialAction\":[{\"@type\":\"SearchAction\",\"target\":{\"@type\":\"EntryPoint\",\"urlTemplate\":\"https:\/\/web.consaguirre.com.ar\/noticias\/?s={search_term_string}\"},\"query-input\":\"required name=search_term_string\"}],\"inLanguage\":\"es-AR\"},{\"@type\":\"Organization\",\"@id\":\"https:\/\/web.consaguirre.com.ar\/noticias\/#organization\",\"name\":\"Conservatorio de M\u00fasica Juli\u00e1n Aguirre\",\"url\":\"https:\/\/web.consaguirre.com.ar\/noticias\/\",\"logo\":{\"@type\":\"ImageObject\",\"inLanguage\":\"es-AR\",\"@id\":\"https:\/\/web.consaguirre.com.ar\/noticias\/#\/schema\/logo\/image\/\",\"url\":\"https:\/\/web.consaguirre.com.ar\/noticias\/wp-content\/uploads\/2024\/08\/Banner-Aguirre-23.jpg\",\"contentUrl\":\"https:\/\/web.consaguirre.com.ar\/noticias\/wp-content\/uploads\/2024\/08\/Banner-Aguirre-23.jpg\",\"width\":1192,\"height\":600,\"caption\":\"Conservatorio de M\u00fasica Juli\u00e1n Aguirre\"},\"image\":{\"@id\":\"https:\/\/web.consaguirre.com.ar\/noticias\/#\/schema\/logo\/image\/\"}},{\"@type\":\"Person\",\"@id\":\"https:\/\/web.consaguirre.com.ar\/noticias\/#\/schema\/person\/6558b0cfedee7ddc5425602b237d5722\",\"name\":\"Javier Figueroa\",\"image\":{\"@type\":\"ImageObject\",\"inLanguage\":\"es-AR\",\"@id\":\"https:\/\/web.consaguirre.com.ar\/noticias\/#\/schema\/person\/image\/\",\"url\":\"https:\/\/web.consaguirre.com.ar\/noticias\/wp-content\/uploads\/2024\/08\/Consaguirre-scaled.jpg\",\"contentUrl\":\"https:\/\/web.consaguirre.com.ar\/noticias\/wp-content\/uploads\/2024\/08\/Consaguirre-scaled.jpg\",\"caption\":\"Javier Figueroa\"},\"description\":\"Me llamo Javier Figueroa y soy redactor para el sitio oficial del Conservatorio de M\u00fasica Juli\u00e1n Aguirre en Buenos Aires, consaguirre.com. Apasionado por la m\u00fasica y la escritura, me esfuerzo por destacar los talentos y eventos de nuestra prestigiosa instituci\u00f3n. Mi trayectoria se nutre de una profunda admiraci\u00f3n por los artistas, haciendo de cada art\u00edculo una celebraci\u00f3n de la creatividad y la cultura musical.\",\"sameAs\":[\"https:\/\/web.consaguirre.com.ar\/noticias\"]}]}<\/script>\n<!-- \/ Yoast SEO plugin. -->","yoast_head_json":{"title":"Mumford & Sons realizan el concierto Tiny Desk","robots":{"index":"index","follow":"follow","max-snippet":"max-snippet:-1","max-image-preview":"max-image-preview:large","max-video-preview":"max-video-preview:-1"},"canonical":"https:\/\/web.consaguirre.com.ar\/noticias\/mumford-sons-realizan-el-concierto-tiny-desk\/","og_locale":"es_ES","og_type":"article","og_title":"Mumford & Sons realizan el concierto Tiny Desk","og_description":"Mumford &#038; Sons finalmente lleg\u00f3 al Tiny Desk de NPR. Inicialmente, los rockeros folk londinenses fueron contratados para actuar durante su gira de Babel de","og_url":"https:\/\/web.consaguirre.com.ar\/noticias\/mumford-sons-realizan-el-concierto-tiny-desk\/","og_site_name":"Conservatorio de M\u00fasica Juli\u00e1n Aguirre","article_published_time":"2026-03-26T23:41:09+00:00","article_modified_time":"2026-03-26T23:41:10+00:00","og_image":[{"width":820,"height":820,"url":"https:\/\/web.consaguirre.com.ar\/noticias\/wp-content\/uploads\/2026\/03\/Mumford-Sons-realizan-el-concierto-Tiny-Desk.jpg","type":"image\/jpeg"}],"author":"Javier Figueroa","twitter_card":"summary_large_image","twitter_misc":{"Escrito por":"Javier Figueroa","Tiempo de lectura":"2 minutos"},"schema":{"@context":"https:\/\/schema.org","@graph":[{"@type":"Article","@id":"https:\/\/web.consaguirre.com.ar\/noticias\/mumford-sons-realizan-el-concierto-tiny-desk\/#article","isPartOf":{"@id":"https:\/\/web.consaguirre.com.ar\/noticias\/mumford-sons-realizan-el-concierto-tiny-desk\/"},"author":{"name":"Javier Figueroa","@id":"https:\/\/web.consaguirre.com.ar\/noticias\/#\/schema\/person\/6558b0cfedee7ddc5425602b237d5722"},"headline":"Mumford &#038; Sons realizan el concierto Tiny Desk","datePublished":"2026-03-26T23:41:09+00:00","dateModified":"2026-03-26T23:41:10+00:00","mainEntityOfPage":{"@id":"https:\/\/web.consaguirre.com.ar\/noticias\/mumford-sons-realizan-el-concierto-tiny-desk\/"},"wordCount":358,"publisher":{"@id":"https:\/\/web.consaguirre.com.ar\/noticias\/#organization"},"image":{"@id":"https:\/\/web.consaguirre.com.ar\/noticias\/mumford-sons-realizan-el-concierto-tiny-desk\/#primaryimage"},"thumbnailUrl":"https:\/\/web.consaguirre.com.ar\/noticias\/wp-content\/uploads\/2026\/03\/Mumford-Sons-realizan-el-concierto-Tiny-Desk.jpg","keywords":["concierto","Desk","Mumford","realizan","Sons","Tiny"],"articleSection":["El \u00faltimo"],"inLanguage":"es-AR"},{"@type":"WebPage","@id":"https:\/\/web.consaguirre.com.ar\/noticias\/mumford-sons-realizan-el-concierto-tiny-desk\/","url":"https:\/\/web.consaguirre.com.ar\/noticias\/mumford-sons-realizan-el-concierto-tiny-desk\/","name":"Mumford & Sons realizan el concierto Tiny Desk","isPartOf":{"@id":"https:\/\/web.consaguirre.com.ar\/noticias\/#website"},"primaryImageOfPage":{"@id":"https:\/\/web.consaguirre.com.ar\/noticias\/mumford-sons-realizan-el-concierto-tiny-desk\/#primaryimage"},"image":{"@id":"https:\/\/web.consaguirre.com.ar\/noticias\/mumford-sons-realizan-el-concierto-tiny-desk\/#primaryimage"},"thumbnailUrl":"https:\/\/web.consaguirre.com.ar\/noticias\/wp-content\/uploads\/2026\/03\/Mumford-Sons-realizan-el-concierto-Tiny-Desk.jpg","datePublished":"2026-03-26T23:41:09+00:00","dateModified":"2026-03-26T23:41:10+00:00","breadcrumb":{"@id":"https:\/\/web.consaguirre.com.ar\/noticias\/mumford-sons-realizan-el-concierto-tiny-desk\/#breadcrumb"},"inLanguage":"es-AR","potentialAction":[{"@type":"ReadAction","target":["https:\/\/web.consaguirre.com.ar\/noticias\/mumford-sons-realizan-el-concierto-tiny-desk\/"]}]},{"@type":"ImageObject","inLanguage":"es-AR","@id":"https:\/\/web.consaguirre.com.ar\/noticias\/mumford-sons-realizan-el-concierto-tiny-desk\/#primaryimage","url":"https:\/\/web.consaguirre.com.ar\/noticias\/wp-content\/uploads\/2026\/03\/Mumford-Sons-realizan-el-concierto-Tiny-Desk.jpg","contentUrl":"https:\/\/web.consaguirre.com.ar\/noticias\/wp-content\/uploads\/2026\/03\/Mumford-Sons-realizan-el-concierto-Tiny-Desk.jpg","width":820,"height":820,"caption":"Mumford And Sons Sigh No More album cover web optimised 820"},{"@type":"BreadcrumbList","@id":"https:\/\/web.consaguirre.com.ar\/noticias\/mumford-sons-realizan-el-concierto-tiny-desk\/#breadcrumb","itemListElement":[{"@type":"ListItem","position":1,"name":"Inicio","item":"https:\/\/web.consaguirre.com.ar\/noticias\/"},{"@type":"ListItem","position":2,"name":"Mumford &#038; Sons realizan el concierto Tiny Desk"}]},{"@type":"WebSite","@id":"https:\/\/web.consaguirre.com.ar\/noticias\/#website","url":"https:\/\/web.consaguirre.com.ar\/noticias\/","name":"Conservatorio de M\u00fasica Juli\u00e1n Aguirre","description":"","publisher":{"@id":"https:\/\/web.consaguirre.com.ar\/noticias\/#organization"},"potentialAction":[{"@type":"SearchAction","target":{"@type":"EntryPoint","urlTemplate":"https:\/\/web.consaguirre.com.ar\/noticias\/?s={search_term_string}"},"query-input":"required name=search_term_string"}],"inLanguage":"es-AR"},{"@type":"Organization","@id":"https:\/\/web.consaguirre.com.ar\/noticias\/#organization","name":"Conservatorio de M\u00fasica Juli\u00e1n Aguirre","url":"https:\/\/web.consaguirre.com.ar\/noticias\/","logo":{"@type":"ImageObject","inLanguage":"es-AR","@id":"https:\/\/web.consaguirre.com.ar\/noticias\/#\/schema\/logo\/image\/","url":"https:\/\/web.consaguirre.com.ar\/noticias\/wp-content\/uploads\/2024\/08\/Banner-Aguirre-23.jpg","contentUrl":"https:\/\/web.consaguirre.com.ar\/noticias\/wp-content\/uploads\/2024\/08\/Banner-Aguirre-23.jpg","width":1192,"height":600,"caption":"Conservatorio de M\u00fasica Juli\u00e1n Aguirre"},"image":{"@id":"https:\/\/web.consaguirre.com.ar\/noticias\/#\/schema\/logo\/image\/"}},{"@type":"Person","@id":"https:\/\/web.consaguirre.com.ar\/noticias\/#\/schema\/person\/6558b0cfedee7ddc5425602b237d5722","name":"Javier Figueroa","image":{"@type":"ImageObject","inLanguage":"es-AR","@id":"https:\/\/web.consaguirre.com.ar\/noticias\/#\/schema\/person\/image\/","url":"https:\/\/web.consaguirre.com.ar\/noticias\/wp-content\/uploads\/2024\/08\/Consaguirre-scaled.jpg","contentUrl":"https:\/\/web.consaguirre.com.ar\/noticias\/wp-content\/uploads\/2024\/08\/Consaguirre-scaled.jpg","caption":"Javier Figueroa"},"description":"Me llamo Javier Figueroa y soy redactor para el sitio oficial del Conservatorio de M\u00fasica Juli\u00e1n Aguirre en Buenos Aires, consaguirre.com. Apasionado por la m\u00fasica y la escritura, me esfuerzo por destacar los talentos y eventos de nuestra prestigiosa instituci\u00f3n. Mi trayectoria se nutre de una profunda admiraci\u00f3n por los artistas, haciendo de cada art\u00edculo una celebraci\u00f3n de la creatividad y la cultura musical.","sameAs":["https:\/\/web.consaguirre.com.ar\/noticias"]}]}},"_links":{"self":[{"href":"https:\/\/web.consaguirre.com.ar\/noticias\/wp-json\/wp\/v2\/posts\/5453"}],"collection":[{"href":"https:\/\/web.consaguirre.com.ar\/noticias\/wp-json\/wp\/v2\/posts"}],"about":[{"href":"https:\/\/web.consaguirre.com.ar\/noticias\/wp-json\/wp\/v2\/types\/post"}],"author":[{"embeddable":true,"href":"https:\/\/web.consaguirre.com.ar\/noticias\/wp-json\/wp\/v2\/users\/1"}],"replies":[{"embeddable":true,"href":"https:\/\/web.consaguirre.com.ar\/noticias\/wp-json\/wp\/v2\/comments?post=5453"}],"version-history":[{"count":1,"href":"https:\/\/web.consaguirre.com.ar\/noticias\/wp-json\/wp\/v2\/posts\/5453\/revisions"}],"predecessor-version":[{"id":5455,"href":"https:\/\/web.consaguirre.com.ar\/noticias\/wp-json\/wp\/v2\/posts\/5453\/revisions\/5455"}],"wp:featuredmedia":[{"embeddable":true,"href":"https:\/\/web.consaguirre.com.ar\/noticias\/wp-json\/wp\/v2\/media\/5454"}],"wp:attachment":[{"href":"https:\/\/web.consaguirre.com.ar\/noticias\/wp-json\/wp\/v2\/media?parent=5453"}],"wp:term":[{"taxonomy":"category","embeddable":true,"href":"https:\/\/web.consaguirre.com.ar\/noticias\/wp-json\/wp\/v2\/categories?post=5453"},{"taxonomy":"post_tag","embeddable":true,"href":"https:\/\/web.consaguirre.com.ar\/noticias\/wp-json\/wp\/v2\/tags?post=5453"}],"curies":[{"name":"wp","href":"https:\/\/api.w.org\/{rel}","templated":true}]}}