{"id":5451,"date":"2026-03-26T17:41:36","date_gmt":"2026-03-26T20:41:36","guid":{"rendered":"https:\/\/web.consaguirre.com.ar\/noticias\/weezer-anuncia-gira-por-la-arena-the-gathering\/"},"modified":"2026-03-26T17:41:36","modified_gmt":"2026-03-26T20:41:36","slug":"weezer-anuncia-gira-por-la-arena-the-gathering","status":"publish","type":"post","link":"https:\/\/web.consaguirre.com.ar\/noticias\/weezer-anuncia-gira-por-la-arena-the-gathering\/","title":{"rendered":"Weezer anuncia gira por la arena &#8216;The Gathering&#8217;"},"content":{"rendered":"<p>Weezer volver\u00e1 a viajar este oto\u00f1o. Apodado \u201cWeezer: The Gathering\u201d, el recorrido de 32 fechas por arenas norteamericanas contar\u00e1 con The Shins y Silversun Pickups como actos secundarios.<\/p>\n<p>Comienza el 8 de septiembre en Sacramento, California, y se dirige a ciudades importantes como Seattle, Chicago, Boston, Toronto, Filadelfia, Brooklyn y Nashville, antes de finalizar en Los \u00c1ngeles el 24 de octubre.<\/p>\n<p>Las entradas en preventa para \u201cWeezer: The Gathering\u201d estar\u00e1n disponibles a partir del 31 de marzo a las 10:00 am hora local. Los miembros del club de fans oficial de Weezer, as\u00ed como los clientes de Verizon y Citi, tendr\u00e1n acceso a la preventa. Los boletos saldr\u00e1n a la venta para el p\u00fablico en general el 3 de abril a las 10:00 am hora local a trav\u00e9s de Ticketmaster.<\/p>\n<p>Junto con el anuncio de la gira, la banda confirm\u00f3 el lanzamiento de un nuevo sencillo, \u201cShine Again\u201d, que se lanzar\u00e1 el 1 de abril. La canci\u00f3n ser\u00e1 una vista previa de su nuevo \u00e1lbum, el primero desde 2021. <em>Van Weezer<\/em>. En 2022, lanzaron <em>SZNZ<\/em>una serie de cuatro EP inspirados en Vivaldi <em>cuatro estaciones<\/em>.<\/p>\n<p>Weezer tambi\u00e9n tiene una serie de eventos especiales para sus fans. Titulado \u201cThe Initiation\u201d, incluir\u00e1 una noche de trivia con el tema de Weezer, una \u201cceremonia al atardecer\u201d, torneos de pickleball y pinball contra los miembros de la banda y m\u00e1s sorpresas. La semana de \u201cLa Iniciaci\u00f3n\u201d se llevar\u00e1 a cabo en Los \u00c1ngeles y comienza hoy, 26 de marzo.<\/p>\n<div align=\"center\">\n<div class=\"udiscover-store-container\">\n<div id='udiscover-store-three-product'><\/div>\n<\/div>\n<p>\/*<!(CDATA(*\/(function (){var scriptURL='https:\/\/sdks.shopifycdn.com\/buy-button\/latest\/buy-button-storefront.min.js';if(window.ShopifyBuy){if(window.ShopifyBuy.UI){ShopifyBuyInit();}else{loadScript();}}else{loadScript();}funci\u00f3n loadScript(){var script=document.createElement('script');script.async=true;script.src=scriptURL;(document.getElementsByTagName('head')(0)|| document.getElementsByTagName('body')(0)).appendChild(script);script.onload=ShopifyBuyInit;} function ShopifyBuyInit(){var cliente=ShopifyBuy.buildClient({dominio:'udiscover.myshopify.com',storefrontAccessToken: 'bdc89f347d2ce61c1feeb9f8c60b2b98',}); ShopifyBuy.UI.onReady(cliente).luego(funci\u00f3n(ui){ ui.createComponent('productSet',{ id:(7688487534669,7335006502989,6740074987597), nodo:document.getElementById('udiscover-store-tres-producto'), moneyFormat:'%24%7B%7Bamount%7D%7D', opciones:{&quot;producto&quot;:{&quot;marco flotante&quot;:FALSO,&quot;bot\u00f3nDestino&quot;:&quot;modal&quot;,&quot;contenido&quot;:{&quot;opciones&quot;:verdadero},&quot;texto&quot;:{&quot;bot\u00f3n&quot;:&quot;PEDIR AHORA&quot;,&quot;Agotado&quot;:&quot;Lo sentimos, esto est\u00e1 agotado.&quot;}},&quot;conjunto de productos&quot;:{&quot;marco flotante&quot;:FALSO},&quot;modalProducto&quot;:{&quot;marco flotante&quot;:FALSO,&quot;contenido&quot;:{&quot;imagen&quot;:FALSO,&quot;imgConCarrusel&quot;:verdadero,&quot;bot\u00f3n&quot;:FALSO,&quot;bot\u00f3nConCantidad&quot;:verdadero}},&quot;modal&quot;:{&quot;marco flotante&quot;:FALSO},&quot;opci\u00f3n&quot;:{&quot;marco flotante&quot;:FALSO},&quot;carro&quot;:{&quot;marco flotante&quot;:FALSO},&quot;palanca&quot;:{&quot;marco flotante&quot;:FALSO,&quot;contenido&quot;:{&quot;icono&quot;:FALSO}},&quot;art\u00edculo de l\u00ednea&quot;:{&quot;marco flotante&quot;:FALSO}}, }); }); } })(); \/*))>*\/ <\/div>\n<\/p>\n<p>El mes pasado, Weezer anunci\u00f3 el <em>Libro para colorear<\/em>. La nueva colecci\u00f3n de vinilos incluir\u00e1 los de 1994. <em>\u00c1lbum azul<\/em>2001 <em>\u00c1lbum verde<\/em>2008 <em>\u00c1lbum rojo<\/em>2016 <em>\u00c1lbum blanco<\/em>2019 <em>\u00c1lbum verde azulado<\/em>y 2019 <em>\u00c1lbum negro<\/em>junto con un libro para colorear que consta de 72 ilustraciones nuevas y un juego de rotuladores.<\/p>\n<div class=\"uD-YT-container\"><img decoding=\"async\" src=\"https:\/\/web.consaguirre.com.ar\/noticias\/wp-content\/uploads\/2026\/03\/Weezer-anuncia-gira-por-la-arena-The-Gathering.jpg\" alt=\"V\u00eddeo de YouTube\"><br \/>Haga clic para cargar v\u00eddeo<\/div>\n<p>La banda recientemente volvi\u00f3 a ingresar al l\u00e9xico pop, gracias a que su sencillo \u201cGo Away\u201d de 2015 con Best Coast se volvi\u00f3 viral. Destacado en 2014 <em>Todo estar\u00e1 bien al final<\/em>experiment\u00f3 un resurgimiento en TikTok, donde se ha utilizado en m\u00e1s de 750.000 v\u00eddeos hasta la fecha.<\/p>\n<p><b>Compre aqu\u00ed la m\u00fasica de Weezer en vinilos y CD de edici\u00f3n limitada.<\/b><\/p>\n","protected":false},"excerpt":{"rendered":"<p>Weezer volver\u00e1 a viajar este oto\u00f1o. Apodado \u201cWeezer: The Gathering\u201d, el recorrido de 32 fechas por arenas norteamericanas contar\u00e1 con The Shins y Silversun Pickups<\/p>\n","protected":false},"author":1,"featured_media":5109,"comment_status":"closed","ping_status":"","sticky":false,"template":"","format":"standard","meta":{"footnotes":""},"categories":[50],"tags":[56,2503,4018,492,96,496],"class_list":["post-5451","post","type-post","status-publish","format-standard","has-post-thumbnail","hentry","category-el-ultimo","tag-anuncia","tag-arena","tag-gathering","tag-gira","tag-por","tag-weezer","generate-columns","tablet-grid-50","mobile-grid-100","grid-parent","grid-50"],"yoast_head":"<!-- This site is optimized with the Yoast SEO plugin v23.3 - https:\/\/yoast.com\/wordpress\/plugins\/seo\/ -->\n<title>Weezer anuncia gira por la arena &#039;The Gathering&#039;<\/title>\n<meta name=\"robots\" content=\"index, follow, max-snippet:-1, max-image-preview:large, max-video-preview:-1\" \/>\n<link rel=\"canonical\" href=\"https:\/\/web.consaguirre.com.ar\/noticias\/weezer-anuncia-gira-por-la-arena-the-gathering\/\" \/>\n<meta property=\"og:locale\" content=\"es_ES\" \/>\n<meta property=\"og:type\" content=\"article\" \/>\n<meta property=\"og:title\" content=\"Weezer anuncia gira por la arena &#039;The Gathering&#039;\" \/>\n<meta property=\"og:description\" content=\"Weezer volver\u00e1 a viajar este oto\u00f1o. Apodado \u201cWeezer: The Gathering\u201d, el recorrido de 32 fechas por arenas norteamericanas contar\u00e1 con The Shins y Silversun Pickups\" \/>\n<meta property=\"og:url\" content=\"https:\/\/web.consaguirre.com.ar\/noticias\/weezer-anuncia-gira-por-la-arena-the-gathering\/\" \/>\n<meta property=\"og:site_name\" content=\"Conservatorio de M\u00fasica Juli\u00e1n Aguirre\" \/>\n<meta property=\"article:published_time\" content=\"2026-03-26T20:41:36+00:00\" \/>\n<meta property=\"og:image\" content=\"https:\/\/web.consaguirre.com.ar\/noticias\/wp-content\/uploads\/2026\/02\/El-Libro-para-colorear-de-Weezer-celebra-seis-albumes-con.jpg\" \/>\n\t<meta property=\"og:image:width\" content=\"1000\" \/>\n\t<meta property=\"og:image:height\" content=\"600\" \/>\n\t<meta property=\"og:image:type\" content=\"image\/jpeg\" \/>\n<meta name=\"author\" content=\"Javier Figueroa\" \/>\n<meta name=\"twitter:card\" content=\"summary_large_image\" \/>\n<meta name=\"twitter:label1\" content=\"Escrito por\" \/>\n\t<meta name=\"twitter:data1\" content=\"Javier Figueroa\" \/>\n\t<meta name=\"twitter:label2\" content=\"Tiempo de lectura\" \/>\n\t<meta name=\"twitter:data2\" content=\"2 minutos\" \/>\n<script type=\"application\/ld+json\" class=\"yoast-schema-graph\">{\"@context\":\"https:\/\/schema.org\",\"@graph\":[{\"@type\":\"Article\",\"@id\":\"https:\/\/web.consaguirre.com.ar\/noticias\/weezer-anuncia-gira-por-la-arena-the-gathering\/#article\",\"isPartOf\":{\"@id\":\"https:\/\/web.consaguirre.com.ar\/noticias\/weezer-anuncia-gira-por-la-arena-the-gathering\/\"},\"author\":{\"name\":\"Javier Figueroa\",\"@id\":\"https:\/\/web.consaguirre.com.ar\/noticias\/#\/schema\/person\/6558b0cfedee7ddc5425602b237d5722\"},\"headline\":\"Weezer anuncia gira por la arena &#8216;The Gathering&#8217;\",\"datePublished\":\"2026-03-26T20:41:36+00:00\",\"dateModified\":\"2026-03-26T20:41:36+00:00\",\"mainEntityOfPage\":{\"@id\":\"https:\/\/web.consaguirre.com.ar\/noticias\/weezer-anuncia-gira-por-la-arena-the-gathering\/\"},\"wordCount\":366,\"publisher\":{\"@id\":\"https:\/\/web.consaguirre.com.ar\/noticias\/#organization\"},\"image\":{\"@id\":\"https:\/\/web.consaguirre.com.ar\/noticias\/weezer-anuncia-gira-por-la-arena-the-gathering\/#primaryimage\"},\"thumbnailUrl\":\"https:\/\/web.consaguirre.com.ar\/noticias\/wp-content\/uploads\/2026\/02\/El-Libro-para-colorear-de-Weezer-celebra-seis-albumes-con.jpg\",\"keywords\":[\"anuncia\",\"arena\",\"Gathering\",\"gira\",\"por\",\"Weezer\"],\"articleSection\":[\"El \u00faltimo\"],\"inLanguage\":\"es-AR\"},{\"@type\":\"WebPage\",\"@id\":\"https:\/\/web.consaguirre.com.ar\/noticias\/weezer-anuncia-gira-por-la-arena-the-gathering\/\",\"url\":\"https:\/\/web.consaguirre.com.ar\/noticias\/weezer-anuncia-gira-por-la-arena-the-gathering\/\",\"name\":\"Weezer anuncia gira por la arena 'The Gathering'\",\"isPartOf\":{\"@id\":\"https:\/\/web.consaguirre.com.ar\/noticias\/#website\"},\"primaryImageOfPage\":{\"@id\":\"https:\/\/web.consaguirre.com.ar\/noticias\/weezer-anuncia-gira-por-la-arena-the-gathering\/#primaryimage\"},\"image\":{\"@id\":\"https:\/\/web.consaguirre.com.ar\/noticias\/weezer-anuncia-gira-por-la-arena-the-gathering\/#primaryimage\"},\"thumbnailUrl\":\"https:\/\/web.consaguirre.com.ar\/noticias\/wp-content\/uploads\/2026\/02\/El-Libro-para-colorear-de-Weezer-celebra-seis-albumes-con.jpg\",\"datePublished\":\"2026-03-26T20:41:36+00:00\",\"dateModified\":\"2026-03-26T20:41:36+00:00\",\"breadcrumb\":{\"@id\":\"https:\/\/web.consaguirre.com.ar\/noticias\/weezer-anuncia-gira-por-la-arena-the-gathering\/#breadcrumb\"},\"inLanguage\":\"es-AR\",\"potentialAction\":[{\"@type\":\"ReadAction\",\"target\":[\"https:\/\/web.consaguirre.com.ar\/noticias\/weezer-anuncia-gira-por-la-arena-the-gathering\/\"]}]},{\"@type\":\"ImageObject\",\"inLanguage\":\"es-AR\",\"@id\":\"https:\/\/web.consaguirre.com.ar\/noticias\/weezer-anuncia-gira-por-la-arena-the-gathering\/#primaryimage\",\"url\":\"https:\/\/web.consaguirre.com.ar\/noticias\/wp-content\/uploads\/2026\/02\/El-Libro-para-colorear-de-Weezer-celebra-seis-albumes-con.jpg\",\"contentUrl\":\"https:\/\/web.consaguirre.com.ar\/noticias\/wp-content\/uploads\/2026\/02\/El-Libro-para-colorear-de-Weezer-celebra-seis-albumes-con.jpg\",\"width\":1000,\"height\":600,\"caption\":\"Weezer Coloring Book\"},{\"@type\":\"BreadcrumbList\",\"@id\":\"https:\/\/web.consaguirre.com.ar\/noticias\/weezer-anuncia-gira-por-la-arena-the-gathering\/#breadcrumb\",\"itemListElement\":[{\"@type\":\"ListItem\",\"position\":1,\"name\":\"Inicio\",\"item\":\"https:\/\/web.consaguirre.com.ar\/noticias\/\"},{\"@type\":\"ListItem\",\"position\":2,\"name\":\"Weezer anuncia gira por la arena &#8216;The Gathering&#8217;\"}]},{\"@type\":\"WebSite\",\"@id\":\"https:\/\/web.consaguirre.com.ar\/noticias\/#website\",\"url\":\"https:\/\/web.consaguirre.com.ar\/noticias\/\",\"name\":\"Conservatorio de M\u00fasica Juli\u00e1n Aguirre\",\"description\":\"\",\"publisher\":{\"@id\":\"https:\/\/web.consaguirre.com.ar\/noticias\/#organization\"},\"potentialAction\":[{\"@type\":\"SearchAction\",\"target\":{\"@type\":\"EntryPoint\",\"urlTemplate\":\"https:\/\/web.consaguirre.com.ar\/noticias\/?s={search_term_string}\"},\"query-input\":\"required name=search_term_string\"}],\"inLanguage\":\"es-AR\"},{\"@type\":\"Organization\",\"@id\":\"https:\/\/web.consaguirre.com.ar\/noticias\/#organization\",\"name\":\"Conservatorio de M\u00fasica Juli\u00e1n Aguirre\",\"url\":\"https:\/\/web.consaguirre.com.ar\/noticias\/\",\"logo\":{\"@type\":\"ImageObject\",\"inLanguage\":\"es-AR\",\"@id\":\"https:\/\/web.consaguirre.com.ar\/noticias\/#\/schema\/logo\/image\/\",\"url\":\"https:\/\/web.consaguirre.com.ar\/noticias\/wp-content\/uploads\/2024\/08\/Banner-Aguirre-23.jpg\",\"contentUrl\":\"https:\/\/web.consaguirre.com.ar\/noticias\/wp-content\/uploads\/2024\/08\/Banner-Aguirre-23.jpg\",\"width\":1192,\"height\":600,\"caption\":\"Conservatorio de M\u00fasica Juli\u00e1n Aguirre\"},\"image\":{\"@id\":\"https:\/\/web.consaguirre.com.ar\/noticias\/#\/schema\/logo\/image\/\"}},{\"@type\":\"Person\",\"@id\":\"https:\/\/web.consaguirre.com.ar\/noticias\/#\/schema\/person\/6558b0cfedee7ddc5425602b237d5722\",\"name\":\"Javier Figueroa\",\"image\":{\"@type\":\"ImageObject\",\"inLanguage\":\"es-AR\",\"@id\":\"https:\/\/web.consaguirre.com.ar\/noticias\/#\/schema\/person\/image\/\",\"url\":\"https:\/\/web.consaguirre.com.ar\/noticias\/wp-content\/uploads\/2024\/08\/Consaguirre-scaled.jpg\",\"contentUrl\":\"https:\/\/web.consaguirre.com.ar\/noticias\/wp-content\/uploads\/2024\/08\/Consaguirre-scaled.jpg\",\"caption\":\"Javier Figueroa\"},\"description\":\"Me llamo Javier Figueroa y soy redactor para el sitio oficial del Conservatorio de M\u00fasica Juli\u00e1n Aguirre en Buenos Aires, consaguirre.com. Apasionado por la m\u00fasica y la escritura, me esfuerzo por destacar los talentos y eventos de nuestra prestigiosa instituci\u00f3n. Mi trayectoria se nutre de una profunda admiraci\u00f3n por los artistas, haciendo de cada art\u00edculo una celebraci\u00f3n de la creatividad y la cultura musical.\",\"sameAs\":[\"https:\/\/web.consaguirre.com.ar\/noticias\"]}]}<\/script>\n<!-- \/ Yoast SEO plugin. -->","yoast_head_json":{"title":"Weezer anuncia gira por la arena 'The Gathering'","robots":{"index":"index","follow":"follow","max-snippet":"max-snippet:-1","max-image-preview":"max-image-preview:large","max-video-preview":"max-video-preview:-1"},"canonical":"https:\/\/web.consaguirre.com.ar\/noticias\/weezer-anuncia-gira-por-la-arena-the-gathering\/","og_locale":"es_ES","og_type":"article","og_title":"Weezer anuncia gira por la arena 'The Gathering'","og_description":"Weezer volver\u00e1 a viajar este oto\u00f1o. Apodado \u201cWeezer: The Gathering\u201d, el recorrido de 32 fechas por arenas norteamericanas contar\u00e1 con The Shins y Silversun Pickups","og_url":"https:\/\/web.consaguirre.com.ar\/noticias\/weezer-anuncia-gira-por-la-arena-the-gathering\/","og_site_name":"Conservatorio de M\u00fasica Juli\u00e1n Aguirre","article_published_time":"2026-03-26T20:41:36+00:00","og_image":[{"width":1000,"height":600,"url":"https:\/\/web.consaguirre.com.ar\/noticias\/wp-content\/uploads\/2026\/02\/El-Libro-para-colorear-de-Weezer-celebra-seis-albumes-con.jpg","type":"image\/jpeg"}],"author":"Javier Figueroa","twitter_card":"summary_large_image","twitter_misc":{"Escrito por":"Javier Figueroa","Tiempo de lectura":"2 minutos"},"schema":{"@context":"https:\/\/schema.org","@graph":[{"@type":"Article","@id":"https:\/\/web.consaguirre.com.ar\/noticias\/weezer-anuncia-gira-por-la-arena-the-gathering\/#article","isPartOf":{"@id":"https:\/\/web.consaguirre.com.ar\/noticias\/weezer-anuncia-gira-por-la-arena-the-gathering\/"},"author":{"name":"Javier Figueroa","@id":"https:\/\/web.consaguirre.com.ar\/noticias\/#\/schema\/person\/6558b0cfedee7ddc5425602b237d5722"},"headline":"Weezer anuncia gira por la arena &#8216;The Gathering&#8217;","datePublished":"2026-03-26T20:41:36+00:00","dateModified":"2026-03-26T20:41:36+00:00","mainEntityOfPage":{"@id":"https:\/\/web.consaguirre.com.ar\/noticias\/weezer-anuncia-gira-por-la-arena-the-gathering\/"},"wordCount":366,"publisher":{"@id":"https:\/\/web.consaguirre.com.ar\/noticias\/#organization"},"image":{"@id":"https:\/\/web.consaguirre.com.ar\/noticias\/weezer-anuncia-gira-por-la-arena-the-gathering\/#primaryimage"},"thumbnailUrl":"https:\/\/web.consaguirre.com.ar\/noticias\/wp-content\/uploads\/2026\/02\/El-Libro-para-colorear-de-Weezer-celebra-seis-albumes-con.jpg","keywords":["anuncia","arena","Gathering","gira","por","Weezer"],"articleSection":["El \u00faltimo"],"inLanguage":"es-AR"},{"@type":"WebPage","@id":"https:\/\/web.consaguirre.com.ar\/noticias\/weezer-anuncia-gira-por-la-arena-the-gathering\/","url":"https:\/\/web.consaguirre.com.ar\/noticias\/weezer-anuncia-gira-por-la-arena-the-gathering\/","name":"Weezer anuncia gira por la arena 'The Gathering'","isPartOf":{"@id":"https:\/\/web.consaguirre.com.ar\/noticias\/#website"},"primaryImageOfPage":{"@id":"https:\/\/web.consaguirre.com.ar\/noticias\/weezer-anuncia-gira-por-la-arena-the-gathering\/#primaryimage"},"image":{"@id":"https:\/\/web.consaguirre.com.ar\/noticias\/weezer-anuncia-gira-por-la-arena-the-gathering\/#primaryimage"},"thumbnailUrl":"https:\/\/web.consaguirre.com.ar\/noticias\/wp-content\/uploads\/2026\/02\/El-Libro-para-colorear-de-Weezer-celebra-seis-albumes-con.jpg","datePublished":"2026-03-26T20:41:36+00:00","dateModified":"2026-03-26T20:41:36+00:00","breadcrumb":{"@id":"https:\/\/web.consaguirre.com.ar\/noticias\/weezer-anuncia-gira-por-la-arena-the-gathering\/#breadcrumb"},"inLanguage":"es-AR","potentialAction":[{"@type":"ReadAction","target":["https:\/\/web.consaguirre.com.ar\/noticias\/weezer-anuncia-gira-por-la-arena-the-gathering\/"]}]},{"@type":"ImageObject","inLanguage":"es-AR","@id":"https:\/\/web.consaguirre.com.ar\/noticias\/weezer-anuncia-gira-por-la-arena-the-gathering\/#primaryimage","url":"https:\/\/web.consaguirre.com.ar\/noticias\/wp-content\/uploads\/2026\/02\/El-Libro-para-colorear-de-Weezer-celebra-seis-albumes-con.jpg","contentUrl":"https:\/\/web.consaguirre.com.ar\/noticias\/wp-content\/uploads\/2026\/02\/El-Libro-para-colorear-de-Weezer-celebra-seis-albumes-con.jpg","width":1000,"height":600,"caption":"Weezer Coloring Book"},{"@type":"BreadcrumbList","@id":"https:\/\/web.consaguirre.com.ar\/noticias\/weezer-anuncia-gira-por-la-arena-the-gathering\/#breadcrumb","itemListElement":[{"@type":"ListItem","position":1,"name":"Inicio","item":"https:\/\/web.consaguirre.com.ar\/noticias\/"},{"@type":"ListItem","position":2,"name":"Weezer anuncia gira por la arena &#8216;The Gathering&#8217;"}]},{"@type":"WebSite","@id":"https:\/\/web.consaguirre.com.ar\/noticias\/#website","url":"https:\/\/web.consaguirre.com.ar\/noticias\/","name":"Conservatorio de M\u00fasica Juli\u00e1n Aguirre","description":"","publisher":{"@id":"https:\/\/web.consaguirre.com.ar\/noticias\/#organization"},"potentialAction":[{"@type":"SearchAction","target":{"@type":"EntryPoint","urlTemplate":"https:\/\/web.consaguirre.com.ar\/noticias\/?s={search_term_string}"},"query-input":"required name=search_term_string"}],"inLanguage":"es-AR"},{"@type":"Organization","@id":"https:\/\/web.consaguirre.com.ar\/noticias\/#organization","name":"Conservatorio de M\u00fasica Juli\u00e1n Aguirre","url":"https:\/\/web.consaguirre.com.ar\/noticias\/","logo":{"@type":"ImageObject","inLanguage":"es-AR","@id":"https:\/\/web.consaguirre.com.ar\/noticias\/#\/schema\/logo\/image\/","url":"https:\/\/web.consaguirre.com.ar\/noticias\/wp-content\/uploads\/2024\/08\/Banner-Aguirre-23.jpg","contentUrl":"https:\/\/web.consaguirre.com.ar\/noticias\/wp-content\/uploads\/2024\/08\/Banner-Aguirre-23.jpg","width":1192,"height":600,"caption":"Conservatorio de M\u00fasica Juli\u00e1n Aguirre"},"image":{"@id":"https:\/\/web.consaguirre.com.ar\/noticias\/#\/schema\/logo\/image\/"}},{"@type":"Person","@id":"https:\/\/web.consaguirre.com.ar\/noticias\/#\/schema\/person\/6558b0cfedee7ddc5425602b237d5722","name":"Javier Figueroa","image":{"@type":"ImageObject","inLanguage":"es-AR","@id":"https:\/\/web.consaguirre.com.ar\/noticias\/#\/schema\/person\/image\/","url":"https:\/\/web.consaguirre.com.ar\/noticias\/wp-content\/uploads\/2024\/08\/Consaguirre-scaled.jpg","contentUrl":"https:\/\/web.consaguirre.com.ar\/noticias\/wp-content\/uploads\/2024\/08\/Consaguirre-scaled.jpg","caption":"Javier Figueroa"},"description":"Me llamo Javier Figueroa y soy redactor para el sitio oficial del Conservatorio de M\u00fasica Juli\u00e1n Aguirre en Buenos Aires, consaguirre.com. Apasionado por la m\u00fasica y la escritura, me esfuerzo por destacar los talentos y eventos de nuestra prestigiosa instituci\u00f3n. Mi trayectoria se nutre de una profunda admiraci\u00f3n por los artistas, haciendo de cada art\u00edculo una celebraci\u00f3n de la creatividad y la cultura musical.","sameAs":["https:\/\/web.consaguirre.com.ar\/noticias"]}]}},"_links":{"self":[{"href":"https:\/\/web.consaguirre.com.ar\/noticias\/wp-json\/wp\/v2\/posts\/5451"}],"collection":[{"href":"https:\/\/web.consaguirre.com.ar\/noticias\/wp-json\/wp\/v2\/posts"}],"about":[{"href":"https:\/\/web.consaguirre.com.ar\/noticias\/wp-json\/wp\/v2\/types\/post"}],"author":[{"embeddable":true,"href":"https:\/\/web.consaguirre.com.ar\/noticias\/wp-json\/wp\/v2\/users\/1"}],"replies":[{"embeddable":true,"href":"https:\/\/web.consaguirre.com.ar\/noticias\/wp-json\/wp\/v2\/comments?post=5451"}],"version-history":[{"count":1,"href":"https:\/\/web.consaguirre.com.ar\/noticias\/wp-json\/wp\/v2\/posts\/5451\/revisions"}],"predecessor-version":[{"id":5452,"href":"https:\/\/web.consaguirre.com.ar\/noticias\/wp-json\/wp\/v2\/posts\/5451\/revisions\/5452"}],"wp:featuredmedia":[{"embeddable":true,"href":"https:\/\/web.consaguirre.com.ar\/noticias\/wp-json\/wp\/v2\/media\/5109"}],"wp:attachment":[{"href":"https:\/\/web.consaguirre.com.ar\/noticias\/wp-json\/wp\/v2\/media?parent=5451"}],"wp:term":[{"taxonomy":"category","embeddable":true,"href":"https:\/\/web.consaguirre.com.ar\/noticias\/wp-json\/wp\/v2\/categories?post=5451"},{"taxonomy":"post_tag","embeddable":true,"href":"https:\/\/web.consaguirre.com.ar\/noticias\/wp-json\/wp\/v2\/tags?post=5451"}],"curies":[{"name":"wp","href":"https:\/\/api.w.org\/{rel}","templated":true}]}}