{"id":5448,"date":"2026-03-25T17:38:40","date_gmt":"2026-03-25T20:38:40","guid":{"rendered":"https:\/\/web.consaguirre.com.ar\/noticias\/2hollis-comparte-la-pelicula-del-concierto-del-show-de-los-angeles-2025\/"},"modified":"2026-03-25T17:38:41","modified_gmt":"2026-03-25T20:38:41","slug":"2hollis-comparte-la-pelicula-del-concierto-del-show-de-los-angeles-2025","status":"publish","type":"post","link":"https:\/\/web.consaguirre.com.ar\/noticias\/2hollis-comparte-la-pelicula-del-concierto-del-show-de-los-angeles-2025\/","title":{"rendered":"2hollis comparte la pel\u00edcula del concierto del show de Los \u00c1ngeles 2025"},"content":{"rendered":"<p>2hollis ha compartido una pel\u00edcula oficial del concierto que captura su actuaci\u00f3n del 27 de octubre de 2025 en The Shrine Auditorium. El concierto, con entradas agotadas, tuvo lugar en su ciudad natal de Los \u00c1ngeles y ofrece a los espectadores un vistazo a sus emocionantes y llenos de energ\u00eda shows en vivo.<\/p>\n<p>Filmada durante una presentaci\u00f3n reciente, la pel\u00edcula captura al enigm\u00e1tico cantante comenzando el set con una interpretaci\u00f3n de \u201cflash\u201d, una de las muchas canciones destacadas de su c\u00e9lebre LP de 2025, star. El artista concluy\u00f3 el set interpretando su sencillo de 2023, \u201cjeans\u201d, 10 veces.<\/p>\n<div class=\"uD-YT-container\"><img decoding=\"async\" src=\"https:\/\/web.consaguirre.com.ar\/noticias\/wp-content\/uploads\/2026\/03\/1774471120_490_2hollis-comparte-la-pelicula-del-concierto-del-show-de-Los.jpg\" alt=\"V\u00eddeo de YouTube\"><br \/>Haga clic para cargar v\u00eddeo<\/div>\n<p>En cuanto a c\u00f3mo son sus ahora famosos shows en vivo, 2Hollis dijo <em>GQ<\/em> en una entrevista de 2025: &#8220;La multitud en uno de mis shows parece una saga de fantas\u00eda. La primera fila est\u00e1 compuesta principalmente por chicas, y est\u00e1 muy quieta. M\u00e1s observadora y amable. Como si fueran todos los elfos, las hadas y esa mierda. Y luego te mueves cinco pies hacia atr\u00e1s, y es simplemente un campo de guerra de caos absoluto de ni\u00f1os, y ni\u00f1as, y cualquiera. Es literalmente solo un campo de batalla. La gente realmente se destruye entre s\u00ed. Los orcos y los humanos luchan por sobrevivir. Y luego regresas y es como los mayores. Puede que haya un mago en la esquina. Es tan enfermizo, honestamente.<\/p>\n<p>Tambi\u00e9n habl\u00f3 sobre la diferencia entre la comunidad en l\u00ednea que ha cultivado y los fan\u00e1ticos que vienen a sus shows, y dijo: &#8220;La comunidad en l\u00ednea es extremadamente poderosa, pero tan pronto como se vuelve f\u00edsica en la vida real, lo cambia todo. Hay una gran diferencia entre alguien que se conecta contigo a trav\u00e9s de una publicaci\u00f3n de Instagram o un video musical de YouTube o Instagram Live o tweet o lo que sea, versus mirar a un ser humano a los ojos en la vida real y estar all\u00ed con \u00e9l, ya sea entre la multitud durante el show o despu\u00e9s del show&#8221;.<\/p>\n<p>2hollis continuar\u00e1 de gira a lo largo de 2026. Este verano, actuar\u00e1 en Primavera Sound en Barcelona, \u200b\u200bGovernors Ball en Nueva York y HARD Summer en Los \u00c1ngeles. Tambi\u00e9n actuar\u00e1 en el Lowlands Festival en los Pa\u00edses Bajos, el Blockfest en Finlandia y el All Points East en Londres.<\/p>\n<p><b>Mira la pel\u00edcula del concierto aqu\u00ed.<\/b><\/p>\n","protected":false},"excerpt":{"rendered":"<p>2hollis ha compartido una pel\u00edcula oficial del concierto que captura su actuaci\u00f3n del 27 de octubre de 2025 en The Shrine Auditorium. El concierto, con<\/p>\n","protected":false},"author":1,"featured_media":5449,"comment_status":"closed","ping_status":"","sticky":false,"template":"","format":"standard","meta":{"footnotes":""},"categories":[50],"tags":[4017,1627,201,124,10,180,321,1351],"class_list":["post-5448","post","type-post","status-publish","format-standard","has-post-thumbnail","hentry","category-el-ultimo","tag-2hollis","tag-angeles","tag-comparte","tag-concierto","tag-del","tag-los","tag-pelicula","tag-show","generate-columns","tablet-grid-50","mobile-grid-100","grid-parent","grid-50"],"yoast_head":"<!-- This site is optimized with the Yoast SEO plugin v23.3 - https:\/\/yoast.com\/wordpress\/plugins\/seo\/ -->\n<title>2hollis comparte la pel\u00edcula del concierto del show de Los \u00c1ngeles 2025<\/title>\n<meta name=\"robots\" content=\"index, follow, max-snippet:-1, max-image-preview:large, max-video-preview:-1\" \/>\n<link rel=\"canonical\" href=\"https:\/\/web.consaguirre.com.ar\/noticias\/2hollis-comparte-la-pelicula-del-concierto-del-show-de-los-angeles-2025\/\" \/>\n<meta property=\"og:locale\" content=\"es_ES\" \/>\n<meta property=\"og:type\" content=\"article\" \/>\n<meta property=\"og:title\" content=\"2hollis comparte la pel\u00edcula del concierto del show de Los \u00c1ngeles 2025\" \/>\n<meta property=\"og:description\" content=\"2hollis ha compartido una pel\u00edcula oficial del concierto que captura su actuaci\u00f3n del 27 de octubre de 2025 en The Shrine Auditorium. El concierto, con\" \/>\n<meta property=\"og:url\" content=\"https:\/\/web.consaguirre.com.ar\/noticias\/2hollis-comparte-la-pelicula-del-concierto-del-show-de-los-angeles-2025\/\" \/>\n<meta property=\"og:site_name\" content=\"Conservatorio de M\u00fasica Juli\u00e1n Aguirre\" \/>\n<meta property=\"article:published_time\" content=\"2026-03-25T20:38:40+00:00\" \/>\n<meta property=\"article:modified_time\" content=\"2026-03-25T20:38:41+00:00\" \/>\n<meta property=\"og:image\" content=\"https:\/\/web.consaguirre.com.ar\/noticias\/wp-content\/uploads\/2026\/03\/2hollis-comparte-la-pelicula-del-concierto-del-show-de-Los.jpg\" \/>\n\t<meta property=\"og:image:width\" content=\"820\" \/>\n\t<meta property=\"og:image:height\" content=\"820\" \/>\n\t<meta property=\"og:image:type\" content=\"image\/jpeg\" \/>\n<meta name=\"author\" content=\"Javier Figueroa\" \/>\n<meta name=\"twitter:card\" content=\"summary_large_image\" \/>\n<meta name=\"twitter:label1\" content=\"Escrito por\" \/>\n\t<meta name=\"twitter:data1\" content=\"Javier Figueroa\" \/>\n\t<meta name=\"twitter:label2\" content=\"Tiempo de lectura\" \/>\n\t<meta name=\"twitter:data2\" content=\"2 minutos\" \/>\n<script type=\"application\/ld+json\" class=\"yoast-schema-graph\">{\"@context\":\"https:\/\/schema.org\",\"@graph\":[{\"@type\":\"Article\",\"@id\":\"https:\/\/web.consaguirre.com.ar\/noticias\/2hollis-comparte-la-pelicula-del-concierto-del-show-de-los-angeles-2025\/#article\",\"isPartOf\":{\"@id\":\"https:\/\/web.consaguirre.com.ar\/noticias\/2hollis-comparte-la-pelicula-del-concierto-del-show-de-los-angeles-2025\/\"},\"author\":{\"name\":\"Javier Figueroa\",\"@id\":\"https:\/\/web.consaguirre.com.ar\/noticias\/#\/schema\/person\/6558b0cfedee7ddc5425602b237d5722\"},\"headline\":\"2hollis comparte la pel\u00edcula del concierto del show de Los \u00c1ngeles 2025\",\"datePublished\":\"2026-03-25T20:38:40+00:00\",\"dateModified\":\"2026-03-25T20:38:41+00:00\",\"mainEntityOfPage\":{\"@id\":\"https:\/\/web.consaguirre.com.ar\/noticias\/2hollis-comparte-la-pelicula-del-concierto-del-show-de-los-angeles-2025\/\"},\"wordCount\":419,\"publisher\":{\"@id\":\"https:\/\/web.consaguirre.com.ar\/noticias\/#organization\"},\"image\":{\"@id\":\"https:\/\/web.consaguirre.com.ar\/noticias\/2hollis-comparte-la-pelicula-del-concierto-del-show-de-los-angeles-2025\/#primaryimage\"},\"thumbnailUrl\":\"https:\/\/web.consaguirre.com.ar\/noticias\/wp-content\/uploads\/2026\/03\/2hollis-comparte-la-pelicula-del-concierto-del-show-de-Los.jpg\",\"keywords\":[\"2hollis\",\"\u00c1ngeles\",\"comparte\",\"concierto\",\"del\",\"los\",\"pel\u00edcula\",\"Show\"],\"articleSection\":[\"El \u00faltimo\"],\"inLanguage\":\"es-AR\"},{\"@type\":\"WebPage\",\"@id\":\"https:\/\/web.consaguirre.com.ar\/noticias\/2hollis-comparte-la-pelicula-del-concierto-del-show-de-los-angeles-2025\/\",\"url\":\"https:\/\/web.consaguirre.com.ar\/noticias\/2hollis-comparte-la-pelicula-del-concierto-del-show-de-los-angeles-2025\/\",\"name\":\"2hollis comparte la pel\u00edcula del concierto del show de Los \u00c1ngeles 2025\",\"isPartOf\":{\"@id\":\"https:\/\/web.consaguirre.com.ar\/noticias\/#website\"},\"primaryImageOfPage\":{\"@id\":\"https:\/\/web.consaguirre.com.ar\/noticias\/2hollis-comparte-la-pelicula-del-concierto-del-show-de-los-angeles-2025\/#primaryimage\"},\"image\":{\"@id\":\"https:\/\/web.consaguirre.com.ar\/noticias\/2hollis-comparte-la-pelicula-del-concierto-del-show-de-los-angeles-2025\/#primaryimage\"},\"thumbnailUrl\":\"https:\/\/web.consaguirre.com.ar\/noticias\/wp-content\/uploads\/2026\/03\/2hollis-comparte-la-pelicula-del-concierto-del-show-de-Los.jpg\",\"datePublished\":\"2026-03-25T20:38:40+00:00\",\"dateModified\":\"2026-03-25T20:38:41+00:00\",\"breadcrumb\":{\"@id\":\"https:\/\/web.consaguirre.com.ar\/noticias\/2hollis-comparte-la-pelicula-del-concierto-del-show-de-los-angeles-2025\/#breadcrumb\"},\"inLanguage\":\"es-AR\",\"potentialAction\":[{\"@type\":\"ReadAction\",\"target\":[\"https:\/\/web.consaguirre.com.ar\/noticias\/2hollis-comparte-la-pelicula-del-concierto-del-show-de-los-angeles-2025\/\"]}]},{\"@type\":\"ImageObject\",\"inLanguage\":\"es-AR\",\"@id\":\"https:\/\/web.consaguirre.com.ar\/noticias\/2hollis-comparte-la-pelicula-del-concierto-del-show-de-los-angeles-2025\/#primaryimage\",\"url\":\"https:\/\/web.consaguirre.com.ar\/noticias\/wp-content\/uploads\/2026\/03\/2hollis-comparte-la-pelicula-del-concierto-del-show-de-Los.jpg\",\"contentUrl\":\"https:\/\/web.consaguirre.com.ar\/noticias\/wp-content\/uploads\/2026\/03\/2hollis-comparte-la-pelicula-del-concierto-del-show-de-Los.jpg\",\"width\":820,\"height\":820,\"caption\":\"2Hollis Live At The Star\"},{\"@type\":\"BreadcrumbList\",\"@id\":\"https:\/\/web.consaguirre.com.ar\/noticias\/2hollis-comparte-la-pelicula-del-concierto-del-show-de-los-angeles-2025\/#breadcrumb\",\"itemListElement\":[{\"@type\":\"ListItem\",\"position\":1,\"name\":\"Inicio\",\"item\":\"https:\/\/web.consaguirre.com.ar\/noticias\/\"},{\"@type\":\"ListItem\",\"position\":2,\"name\":\"2hollis comparte la pel\u00edcula del concierto del show de Los \u00c1ngeles 2025\"}]},{\"@type\":\"WebSite\",\"@id\":\"https:\/\/web.consaguirre.com.ar\/noticias\/#website\",\"url\":\"https:\/\/web.consaguirre.com.ar\/noticias\/\",\"name\":\"Conservatorio de M\u00fasica Juli\u00e1n Aguirre\",\"description\":\"\",\"publisher\":{\"@id\":\"https:\/\/web.consaguirre.com.ar\/noticias\/#organization\"},\"potentialAction\":[{\"@type\":\"SearchAction\",\"target\":{\"@type\":\"EntryPoint\",\"urlTemplate\":\"https:\/\/web.consaguirre.com.ar\/noticias\/?s={search_term_string}\"},\"query-input\":\"required name=search_term_string\"}],\"inLanguage\":\"es-AR\"},{\"@type\":\"Organization\",\"@id\":\"https:\/\/web.consaguirre.com.ar\/noticias\/#organization\",\"name\":\"Conservatorio de M\u00fasica Juli\u00e1n Aguirre\",\"url\":\"https:\/\/web.consaguirre.com.ar\/noticias\/\",\"logo\":{\"@type\":\"ImageObject\",\"inLanguage\":\"es-AR\",\"@id\":\"https:\/\/web.consaguirre.com.ar\/noticias\/#\/schema\/logo\/image\/\",\"url\":\"https:\/\/web.consaguirre.com.ar\/noticias\/wp-content\/uploads\/2024\/08\/Banner-Aguirre-23.jpg\",\"contentUrl\":\"https:\/\/web.consaguirre.com.ar\/noticias\/wp-content\/uploads\/2024\/08\/Banner-Aguirre-23.jpg\",\"width\":1192,\"height\":600,\"caption\":\"Conservatorio de M\u00fasica Juli\u00e1n Aguirre\"},\"image\":{\"@id\":\"https:\/\/web.consaguirre.com.ar\/noticias\/#\/schema\/logo\/image\/\"}},{\"@type\":\"Person\",\"@id\":\"https:\/\/web.consaguirre.com.ar\/noticias\/#\/schema\/person\/6558b0cfedee7ddc5425602b237d5722\",\"name\":\"Javier Figueroa\",\"image\":{\"@type\":\"ImageObject\",\"inLanguage\":\"es-AR\",\"@id\":\"https:\/\/web.consaguirre.com.ar\/noticias\/#\/schema\/person\/image\/\",\"url\":\"https:\/\/web.consaguirre.com.ar\/noticias\/wp-content\/uploads\/2024\/08\/Consaguirre-scaled.jpg\",\"contentUrl\":\"https:\/\/web.consaguirre.com.ar\/noticias\/wp-content\/uploads\/2024\/08\/Consaguirre-scaled.jpg\",\"caption\":\"Javier Figueroa\"},\"description\":\"Me llamo Javier Figueroa y soy redactor para el sitio oficial del Conservatorio de M\u00fasica Juli\u00e1n Aguirre en Buenos Aires, consaguirre.com. Apasionado por la m\u00fasica y la escritura, me esfuerzo por destacar los talentos y eventos de nuestra prestigiosa instituci\u00f3n. Mi trayectoria se nutre de una profunda admiraci\u00f3n por los artistas, haciendo de cada art\u00edculo una celebraci\u00f3n de la creatividad y la cultura musical.\",\"sameAs\":[\"https:\/\/web.consaguirre.com.ar\/noticias\"]}]}<\/script>\n<!-- \/ Yoast SEO plugin. -->","yoast_head_json":{"title":"2hollis comparte la pel\u00edcula del concierto del show de Los \u00c1ngeles 2025","robots":{"index":"index","follow":"follow","max-snippet":"max-snippet:-1","max-image-preview":"max-image-preview:large","max-video-preview":"max-video-preview:-1"},"canonical":"https:\/\/web.consaguirre.com.ar\/noticias\/2hollis-comparte-la-pelicula-del-concierto-del-show-de-los-angeles-2025\/","og_locale":"es_ES","og_type":"article","og_title":"2hollis comparte la pel\u00edcula del concierto del show de Los \u00c1ngeles 2025","og_description":"2hollis ha compartido una pel\u00edcula oficial del concierto que captura su actuaci\u00f3n del 27 de octubre de 2025 en The Shrine Auditorium. El concierto, con","og_url":"https:\/\/web.consaguirre.com.ar\/noticias\/2hollis-comparte-la-pelicula-del-concierto-del-show-de-los-angeles-2025\/","og_site_name":"Conservatorio de M\u00fasica Juli\u00e1n Aguirre","article_published_time":"2026-03-25T20:38:40+00:00","article_modified_time":"2026-03-25T20:38:41+00:00","og_image":[{"width":820,"height":820,"url":"https:\/\/web.consaguirre.com.ar\/noticias\/wp-content\/uploads\/2026\/03\/2hollis-comparte-la-pelicula-del-concierto-del-show-de-Los.jpg","type":"image\/jpeg"}],"author":"Javier Figueroa","twitter_card":"summary_large_image","twitter_misc":{"Escrito por":"Javier Figueroa","Tiempo de lectura":"2 minutos"},"schema":{"@context":"https:\/\/schema.org","@graph":[{"@type":"Article","@id":"https:\/\/web.consaguirre.com.ar\/noticias\/2hollis-comparte-la-pelicula-del-concierto-del-show-de-los-angeles-2025\/#article","isPartOf":{"@id":"https:\/\/web.consaguirre.com.ar\/noticias\/2hollis-comparte-la-pelicula-del-concierto-del-show-de-los-angeles-2025\/"},"author":{"name":"Javier Figueroa","@id":"https:\/\/web.consaguirre.com.ar\/noticias\/#\/schema\/person\/6558b0cfedee7ddc5425602b237d5722"},"headline":"2hollis comparte la pel\u00edcula del concierto del show de Los \u00c1ngeles 2025","datePublished":"2026-03-25T20:38:40+00:00","dateModified":"2026-03-25T20:38:41+00:00","mainEntityOfPage":{"@id":"https:\/\/web.consaguirre.com.ar\/noticias\/2hollis-comparte-la-pelicula-del-concierto-del-show-de-los-angeles-2025\/"},"wordCount":419,"publisher":{"@id":"https:\/\/web.consaguirre.com.ar\/noticias\/#organization"},"image":{"@id":"https:\/\/web.consaguirre.com.ar\/noticias\/2hollis-comparte-la-pelicula-del-concierto-del-show-de-los-angeles-2025\/#primaryimage"},"thumbnailUrl":"https:\/\/web.consaguirre.com.ar\/noticias\/wp-content\/uploads\/2026\/03\/2hollis-comparte-la-pelicula-del-concierto-del-show-de-Los.jpg","keywords":["2hollis","\u00c1ngeles","comparte","concierto","del","los","pel\u00edcula","Show"],"articleSection":["El \u00faltimo"],"inLanguage":"es-AR"},{"@type":"WebPage","@id":"https:\/\/web.consaguirre.com.ar\/noticias\/2hollis-comparte-la-pelicula-del-concierto-del-show-de-los-angeles-2025\/","url":"https:\/\/web.consaguirre.com.ar\/noticias\/2hollis-comparte-la-pelicula-del-concierto-del-show-de-los-angeles-2025\/","name":"2hollis comparte la pel\u00edcula del concierto del show de Los \u00c1ngeles 2025","isPartOf":{"@id":"https:\/\/web.consaguirre.com.ar\/noticias\/#website"},"primaryImageOfPage":{"@id":"https:\/\/web.consaguirre.com.ar\/noticias\/2hollis-comparte-la-pelicula-del-concierto-del-show-de-los-angeles-2025\/#primaryimage"},"image":{"@id":"https:\/\/web.consaguirre.com.ar\/noticias\/2hollis-comparte-la-pelicula-del-concierto-del-show-de-los-angeles-2025\/#primaryimage"},"thumbnailUrl":"https:\/\/web.consaguirre.com.ar\/noticias\/wp-content\/uploads\/2026\/03\/2hollis-comparte-la-pelicula-del-concierto-del-show-de-Los.jpg","datePublished":"2026-03-25T20:38:40+00:00","dateModified":"2026-03-25T20:38:41+00:00","breadcrumb":{"@id":"https:\/\/web.consaguirre.com.ar\/noticias\/2hollis-comparte-la-pelicula-del-concierto-del-show-de-los-angeles-2025\/#breadcrumb"},"inLanguage":"es-AR","potentialAction":[{"@type":"ReadAction","target":["https:\/\/web.consaguirre.com.ar\/noticias\/2hollis-comparte-la-pelicula-del-concierto-del-show-de-los-angeles-2025\/"]}]},{"@type":"ImageObject","inLanguage":"es-AR","@id":"https:\/\/web.consaguirre.com.ar\/noticias\/2hollis-comparte-la-pelicula-del-concierto-del-show-de-los-angeles-2025\/#primaryimage","url":"https:\/\/web.consaguirre.com.ar\/noticias\/wp-content\/uploads\/2026\/03\/2hollis-comparte-la-pelicula-del-concierto-del-show-de-Los.jpg","contentUrl":"https:\/\/web.consaguirre.com.ar\/noticias\/wp-content\/uploads\/2026\/03\/2hollis-comparte-la-pelicula-del-concierto-del-show-de-Los.jpg","width":820,"height":820,"caption":"2Hollis Live At The Star"},{"@type":"BreadcrumbList","@id":"https:\/\/web.consaguirre.com.ar\/noticias\/2hollis-comparte-la-pelicula-del-concierto-del-show-de-los-angeles-2025\/#breadcrumb","itemListElement":[{"@type":"ListItem","position":1,"name":"Inicio","item":"https:\/\/web.consaguirre.com.ar\/noticias\/"},{"@type":"ListItem","position":2,"name":"2hollis comparte la pel\u00edcula del concierto del show de Los \u00c1ngeles 2025"}]},{"@type":"WebSite","@id":"https:\/\/web.consaguirre.com.ar\/noticias\/#website","url":"https:\/\/web.consaguirre.com.ar\/noticias\/","name":"Conservatorio de M\u00fasica Juli\u00e1n Aguirre","description":"","publisher":{"@id":"https:\/\/web.consaguirre.com.ar\/noticias\/#organization"},"potentialAction":[{"@type":"SearchAction","target":{"@type":"EntryPoint","urlTemplate":"https:\/\/web.consaguirre.com.ar\/noticias\/?s={search_term_string}"},"query-input":"required name=search_term_string"}],"inLanguage":"es-AR"},{"@type":"Organization","@id":"https:\/\/web.consaguirre.com.ar\/noticias\/#organization","name":"Conservatorio de M\u00fasica Juli\u00e1n Aguirre","url":"https:\/\/web.consaguirre.com.ar\/noticias\/","logo":{"@type":"ImageObject","inLanguage":"es-AR","@id":"https:\/\/web.consaguirre.com.ar\/noticias\/#\/schema\/logo\/image\/","url":"https:\/\/web.consaguirre.com.ar\/noticias\/wp-content\/uploads\/2024\/08\/Banner-Aguirre-23.jpg","contentUrl":"https:\/\/web.consaguirre.com.ar\/noticias\/wp-content\/uploads\/2024\/08\/Banner-Aguirre-23.jpg","width":1192,"height":600,"caption":"Conservatorio de M\u00fasica Juli\u00e1n Aguirre"},"image":{"@id":"https:\/\/web.consaguirre.com.ar\/noticias\/#\/schema\/logo\/image\/"}},{"@type":"Person","@id":"https:\/\/web.consaguirre.com.ar\/noticias\/#\/schema\/person\/6558b0cfedee7ddc5425602b237d5722","name":"Javier Figueroa","image":{"@type":"ImageObject","inLanguage":"es-AR","@id":"https:\/\/web.consaguirre.com.ar\/noticias\/#\/schema\/person\/image\/","url":"https:\/\/web.consaguirre.com.ar\/noticias\/wp-content\/uploads\/2024\/08\/Consaguirre-scaled.jpg","contentUrl":"https:\/\/web.consaguirre.com.ar\/noticias\/wp-content\/uploads\/2024\/08\/Consaguirre-scaled.jpg","caption":"Javier Figueroa"},"description":"Me llamo Javier Figueroa y soy redactor para el sitio oficial del Conservatorio de M\u00fasica Juli\u00e1n Aguirre en Buenos Aires, consaguirre.com. Apasionado por la m\u00fasica y la escritura, me esfuerzo por destacar los talentos y eventos de nuestra prestigiosa instituci\u00f3n. Mi trayectoria se nutre de una profunda admiraci\u00f3n por los artistas, haciendo de cada art\u00edculo una celebraci\u00f3n de la creatividad y la cultura musical.","sameAs":["https:\/\/web.consaguirre.com.ar\/noticias"]}]}},"_links":{"self":[{"href":"https:\/\/web.consaguirre.com.ar\/noticias\/wp-json\/wp\/v2\/posts\/5448"}],"collection":[{"href":"https:\/\/web.consaguirre.com.ar\/noticias\/wp-json\/wp\/v2\/posts"}],"about":[{"href":"https:\/\/web.consaguirre.com.ar\/noticias\/wp-json\/wp\/v2\/types\/post"}],"author":[{"embeddable":true,"href":"https:\/\/web.consaguirre.com.ar\/noticias\/wp-json\/wp\/v2\/users\/1"}],"replies":[{"embeddable":true,"href":"https:\/\/web.consaguirre.com.ar\/noticias\/wp-json\/wp\/v2\/comments?post=5448"}],"version-history":[{"count":1,"href":"https:\/\/web.consaguirre.com.ar\/noticias\/wp-json\/wp\/v2\/posts\/5448\/revisions"}],"predecessor-version":[{"id":5450,"href":"https:\/\/web.consaguirre.com.ar\/noticias\/wp-json\/wp\/v2\/posts\/5448\/revisions\/5450"}],"wp:featuredmedia":[{"embeddable":true,"href":"https:\/\/web.consaguirre.com.ar\/noticias\/wp-json\/wp\/v2\/media\/5449"}],"wp:attachment":[{"href":"https:\/\/web.consaguirre.com.ar\/noticias\/wp-json\/wp\/v2\/media?parent=5448"}],"wp:term":[{"taxonomy":"category","embeddable":true,"href":"https:\/\/web.consaguirre.com.ar\/noticias\/wp-json\/wp\/v2\/categories?post=5448"},{"taxonomy":"post_tag","embeddable":true,"href":"https:\/\/web.consaguirre.com.ar\/noticias\/wp-json\/wp\/v2\/tags?post=5448"}],"curies":[{"name":"wp","href":"https:\/\/api.w.org\/{rel}","templated":true}]}}