{"id":5442,"date":"2026-03-24T23:38:50","date_gmt":"2026-03-25T02:38:50","guid":{"rendered":"https:\/\/web.consaguirre.com.ar\/noticias\/alessia-cara-reinventa-su-catalogo-en-el-nuevo-album-love-or-lack-thereof\/"},"modified":"2026-03-24T23:38:51","modified_gmt":"2026-03-25T02:38:51","slug":"alessia-cara-reinventa-su-catalogo-en-el-nuevo-album-love-or-lack-thereof","status":"publish","type":"post","link":"https:\/\/web.consaguirre.com.ar\/noticias\/alessia-cara-reinventa-su-catalogo-en-el-nuevo-album-love-or-lack-thereof\/","title":{"rendered":"Alessia Cara reinventa su cat\u00e1logo en el nuevo \u00e1lbum &#8216;Love Or Lack Thereof&#8217;"},"content":{"rendered":"<p>Para avanzar hacia su futuro, Alessia Cara reinvent\u00f3 su pasado. Sobre el nuevo \u00e1lbum del cantante ganador del Grammy <em>Amor o falta de \u00e9l<\/em>Ahora, re\u00fane remakes de jazz y soul de canciones de amor y desamor de todo su cat\u00e1logo, extrayendo material de sus \u00e1lbumes. <em>Sabelotodo<\/em> (2015), <em>Los dolores del crecimiento<\/em> (2018), <em>Mientras tanto<\/em> (2021), y <em>Amor e hip\u00e9rbole<\/em> (2025), as\u00ed como su exitosa colaboraci\u00f3n con Zedd, \u201cStay\u201d.<\/p>\n<p><em>Amor o falta de \u00e9l<\/em> une a Cara con un equipo de m\u00fasicos de jazz consumados. Grab\u00f3 con la banda en vivo en Noble Street Studios en Toronto y las actuaciones fueron capturadas para una serie de videos en el estudio que acompa\u00f1an al nuevo \u00e1lbum. La lista de canciones cuenta con las voces invitadas de dos compa\u00f1eros ganadores del Grammy: Nelly Furtado aparece en la nueva versi\u00f3n de la canci\u00f3n de 2021 \u201cShapeshifter\u201d, mientras que Norah Jones hace un dueto con Cara en una versi\u00f3n de \u201cI\u2019m In Trouble\u201d, la nueva canci\u00f3n original del \u00e1lbum.<\/p>\n<div align=\"center\">\n<div class=\"udiscover-store-container\">\n<div id='udiscover-store-three-product'><\/div>\n<\/div>\n<p>\/*<!(CDATA(*\/(function (){var scriptURL='https:\/\/sdks.shopifycdn.com\/buy-button\/latest\/buy-button-storefront.min.js';if(window.ShopifyBuy){if(window.ShopifyBuy.UI){ShopifyBuyInit();}else{loadScript();}}else{loadScript();}funci\u00f3n loadScript(){var script=document.createElement('script');script.async=true;script.src=scriptURL;(document.getElementsByTagName('head')(0)|| document.getElementsByTagName('body')(0)).appendChild(script);script.onload=ShopifyBuyInit;} function ShopifyBuyInit(){var cliente=ShopifyBuy.buildClient({dominio:'udiscover.myshopify.com',storefrontAccessToken: 'bdc89f347d2ce61c1feeb9f8c60b2b98',}); ShopifyBuy.UI.onReady(cliente).luego(funci\u00f3n(ui){ ui.createComponent('productSet',{ id:(7453951131725,7453967024205,7453982720077), nodo:document.getElementById('udiscover-store-tres-producto'), moneyFormat:'%24%7B%7Bamount%7D%7D', opciones:{&quot;producto&quot;:{&quot;marco flotante&quot;:FALSO,&quot;bot\u00f3nDestino&quot;:&quot;modal&quot;,&quot;contenido&quot;:{&quot;opciones&quot;:verdadero},&quot;texto&quot;:{&quot;bot\u00f3n&quot;:&quot;PEDIR AHORA&quot;,&quot;Agotado&quot;:&quot;Lo sentimos, esto est\u00e1 agotado.&quot;}},&quot;conjunto de productos&quot;:{&quot;marco flotante&quot;:FALSO},&quot;modalProducto&quot;:{&quot;marco flotante&quot;:FALSO,&quot;contenido&quot;:{&quot;imagen&quot;:FALSO,&quot;imgConCarrusel&quot;:verdadero,&quot;bot\u00f3n&quot;:FALSO,&quot;bot\u00f3nConCantidad&quot;:verdadero}},&quot;modal&quot;:{&quot;marco flotante&quot;:FALSO},&quot;opci\u00f3n&quot;:{&quot;marco flotante&quot;:FALSO},&quot;carro&quot;:{&quot;marco flotante&quot;:FALSO},&quot;palanca&quot;:{&quot;marco flotante&quot;:FALSO,&quot;contenido&quot;:{&quot;icono&quot;:FALSO}},&quot;art\u00edculo de l\u00ednea&quot;:{&quot;marco flotante&quot;:FALSO}}, }); }); } })(); \/*))>*\/ <\/div>\n<\/p>\n<p>\u201cQuer\u00eda hacer algo especial durante 1 a\u00f1o de <em>L&#038;H<\/em> y 10 a\u00f1os de m\u00fasica&#8221;, explic\u00f3 Cara en una publicaci\u00f3n de Instagram anunciando el nuevo \u00e1lbum. &#8220;Lo logr\u00e9 en poco m\u00e1s de 3 d\u00edas gracias a un grupo de personas s\u00faper talentosas. \u00a1No puedo esperar a que lo escuches! Obra m\u00eda jeje\u201d.<\/p>\n<p>Cara siempre se ha movido con fluidez entre g\u00e9neros, entrelazando elementos de pop, R&#038;B, EDM, hip-hop y m\u00e1s en su trabajo. Ella comenz\u00f3 a allanar el camino para <em>Amor o falta de \u00e9l<\/em> con \u201cSlow Motion\u201d, un sencillo de <em>Amor e hip\u00e9rbole<\/em> que incorpor\u00f3 elementos cl\u00e1sicos del jazz en su sonido elegante y moderno. Con <em>Amor o falta de \u00e9l<\/em>se sumerge completamente en esos sonidos tradicionales atemporales, reconfigurando su propia historia musical en el proceso. Como dijo Cara en Instagram, &#8220;ahora ve a escuchar y ponte elegante&#8221;.<\/p>\n<div class=\"uD-YT-container\"><img decoding=\"async\" src=\"https:\/\/web.consaguirre.com.ar\/noticias\/wp-content\/uploads\/2026\/03\/1774406330_206_Alessia-Cara-reinventa-su-catalogo-en-el-nuevo-album-Love.jpg\" alt=\"V\u00eddeo de YouTube\"><br \/>Haga clic para cargar v\u00eddeo<\/div>\n<p>Colaboradores de <em>Amor o falta de \u00e9l<\/em> Incluye al baterista Chino De Villam, el bajista Marc Rogers, el tecladista Jon Levine, el guitarrista Robb Cappelleto y Alexis Baro en la trompeta. Jon Levine produjo el \u00e1lbum, con mezcla de Joe Zook y masterizaci\u00f3n de Eric Boulanger.<\/p>\n<p><b>Compra la m\u00fasica de Alessia Cara en vinilo y CD aqu\u00ed.<\/b><\/p>\n","protected":false},"excerpt":{"rendered":"<p>Para avanzar hacia su futuro, Alessia Cara reinvent\u00f3 su pasado. Sobre el nuevo \u00e1lbum del cantante ganador del Grammy Amor o falta de \u00e9lAhora, re\u00fane<\/p>\n","protected":false},"author":1,"featured_media":5443,"comment_status":"closed","ping_status":"","sticky":false,"template":"","format":"standard","meta":{"footnotes":""},"categories":[50],"tags":[147,1033,1034,4012,4013,328,146,910,4014],"class_list":["post-5442","post","type-post","status-publish","format-standard","has-post-thumbnail","hentry","category-el-ultimo","tag-album","tag-alessia","tag-cara","tag-catalogo","tag-lack","tag-love","tag-nuevo","tag-reinventa","tag-thereof","generate-columns","tablet-grid-50","mobile-grid-100","grid-parent","grid-50"],"yoast_head":"<!-- This site is optimized with the Yoast SEO plugin v23.3 - https:\/\/yoast.com\/wordpress\/plugins\/seo\/ -->\n<title>Alessia Cara reinventa su cat\u00e1logo en el nuevo \u00e1lbum &#039;Love Or Lack Thereof&#039;<\/title>\n<meta name=\"robots\" content=\"index, follow, max-snippet:-1, max-image-preview:large, max-video-preview:-1\" \/>\n<link rel=\"canonical\" href=\"https:\/\/web.consaguirre.com.ar\/noticias\/alessia-cara-reinventa-su-catalogo-en-el-nuevo-album-love-or-lack-thereof\/\" \/>\n<meta property=\"og:locale\" content=\"es_ES\" \/>\n<meta property=\"og:type\" content=\"article\" \/>\n<meta property=\"og:title\" content=\"Alessia Cara reinventa su cat\u00e1logo en el nuevo \u00e1lbum &#039;Love Or Lack Thereof&#039;\" \/>\n<meta property=\"og:description\" content=\"Para avanzar hacia su futuro, Alessia Cara reinvent\u00f3 su pasado. Sobre el nuevo \u00e1lbum del cantante ganador del Grammy Amor o falta de \u00e9lAhora, re\u00fane\" \/>\n<meta property=\"og:url\" content=\"https:\/\/web.consaguirre.com.ar\/noticias\/alessia-cara-reinventa-su-catalogo-en-el-nuevo-album-love-or-lack-thereof\/\" \/>\n<meta property=\"og:site_name\" content=\"Conservatorio de M\u00fasica Juli\u00e1n Aguirre\" \/>\n<meta property=\"article:published_time\" content=\"2026-03-25T02:38:50+00:00\" \/>\n<meta property=\"article:modified_time\" content=\"2026-03-25T02:38:51+00:00\" \/>\n<meta property=\"og:image\" content=\"https:\/\/web.consaguirre.com.ar\/noticias\/wp-content\/uploads\/2026\/03\/Alessia-Cara-reinventa-su-catalogo-en-el-nuevo-album-Love.jpg\" \/>\n\t<meta property=\"og:image:width\" content=\"820\" \/>\n\t<meta property=\"og:image:height\" content=\"820\" \/>\n\t<meta property=\"og:image:type\" content=\"image\/jpeg\" \/>\n<meta name=\"author\" content=\"Javier Figueroa\" \/>\n<meta name=\"twitter:card\" content=\"summary_large_image\" \/>\n<meta name=\"twitter:label1\" content=\"Escrito por\" \/>\n\t<meta name=\"twitter:data1\" content=\"Javier Figueroa\" \/>\n\t<meta name=\"twitter:label2\" content=\"Tiempo de lectura\" \/>\n\t<meta name=\"twitter:data2\" content=\"2 minutos\" \/>\n<script type=\"application\/ld+json\" class=\"yoast-schema-graph\">{\"@context\":\"https:\/\/schema.org\",\"@graph\":[{\"@type\":\"Article\",\"@id\":\"https:\/\/web.consaguirre.com.ar\/noticias\/alessia-cara-reinventa-su-catalogo-en-el-nuevo-album-love-or-lack-thereof\/#article\",\"isPartOf\":{\"@id\":\"https:\/\/web.consaguirre.com.ar\/noticias\/alessia-cara-reinventa-su-catalogo-en-el-nuevo-album-love-or-lack-thereof\/\"},\"author\":{\"name\":\"Javier Figueroa\",\"@id\":\"https:\/\/web.consaguirre.com.ar\/noticias\/#\/schema\/person\/6558b0cfedee7ddc5425602b237d5722\"},\"headline\":\"Alessia Cara reinventa su cat\u00e1logo en el nuevo \u00e1lbum &#8216;Love Or Lack Thereof&#8217;\",\"datePublished\":\"2026-03-25T02:38:50+00:00\",\"dateModified\":\"2026-03-25T02:38:51+00:00\",\"mainEntityOfPage\":{\"@id\":\"https:\/\/web.consaguirre.com.ar\/noticias\/alessia-cara-reinventa-su-catalogo-en-el-nuevo-album-love-or-lack-thereof\/\"},\"wordCount\":400,\"publisher\":{\"@id\":\"https:\/\/web.consaguirre.com.ar\/noticias\/#organization\"},\"image\":{\"@id\":\"https:\/\/web.consaguirre.com.ar\/noticias\/alessia-cara-reinventa-su-catalogo-en-el-nuevo-album-love-or-lack-thereof\/#primaryimage\"},\"thumbnailUrl\":\"https:\/\/web.consaguirre.com.ar\/noticias\/wp-content\/uploads\/2026\/03\/Alessia-Cara-reinventa-su-catalogo-en-el-nuevo-album-Love.jpg\",\"keywords\":[\"\u00e1lbum\",\"Alessia\",\"Cara\",\"cat\u00e1logo\",\"Lack\",\"Love\",\"nuevo\",\"reinventa\",\"Thereof\"],\"articleSection\":[\"El \u00faltimo\"],\"inLanguage\":\"es-AR\"},{\"@type\":\"WebPage\",\"@id\":\"https:\/\/web.consaguirre.com.ar\/noticias\/alessia-cara-reinventa-su-catalogo-en-el-nuevo-album-love-or-lack-thereof\/\",\"url\":\"https:\/\/web.consaguirre.com.ar\/noticias\/alessia-cara-reinventa-su-catalogo-en-el-nuevo-album-love-or-lack-thereof\/\",\"name\":\"Alessia Cara reinventa su cat\u00e1logo en el nuevo \u00e1lbum 'Love Or Lack Thereof'\",\"isPartOf\":{\"@id\":\"https:\/\/web.consaguirre.com.ar\/noticias\/#website\"},\"primaryImageOfPage\":{\"@id\":\"https:\/\/web.consaguirre.com.ar\/noticias\/alessia-cara-reinventa-su-catalogo-en-el-nuevo-album-love-or-lack-thereof\/#primaryimage\"},\"image\":{\"@id\":\"https:\/\/web.consaguirre.com.ar\/noticias\/alessia-cara-reinventa-su-catalogo-en-el-nuevo-album-love-or-lack-thereof\/#primaryimage\"},\"thumbnailUrl\":\"https:\/\/web.consaguirre.com.ar\/noticias\/wp-content\/uploads\/2026\/03\/Alessia-Cara-reinventa-su-catalogo-en-el-nuevo-album-Love.jpg\",\"datePublished\":\"2026-03-25T02:38:50+00:00\",\"dateModified\":\"2026-03-25T02:38:51+00:00\",\"breadcrumb\":{\"@id\":\"https:\/\/web.consaguirre.com.ar\/noticias\/alessia-cara-reinventa-su-catalogo-en-el-nuevo-album-love-or-lack-thereof\/#breadcrumb\"},\"inLanguage\":\"es-AR\",\"potentialAction\":[{\"@type\":\"ReadAction\",\"target\":[\"https:\/\/web.consaguirre.com.ar\/noticias\/alessia-cara-reinventa-su-catalogo-en-el-nuevo-album-love-or-lack-thereof\/\"]}]},{\"@type\":\"ImageObject\",\"inLanguage\":\"es-AR\",\"@id\":\"https:\/\/web.consaguirre.com.ar\/noticias\/alessia-cara-reinventa-su-catalogo-en-el-nuevo-album-love-or-lack-thereof\/#primaryimage\",\"url\":\"https:\/\/web.consaguirre.com.ar\/noticias\/wp-content\/uploads\/2026\/03\/Alessia-Cara-reinventa-su-catalogo-en-el-nuevo-album-Love.jpg\",\"contentUrl\":\"https:\/\/web.consaguirre.com.ar\/noticias\/wp-content\/uploads\/2026\/03\/Alessia-Cara-reinventa-su-catalogo-en-el-nuevo-album-Love.jpg\",\"width\":820,\"height\":820,\"caption\":\"Alessia Cara Love Or Lack Thereof\"},{\"@type\":\"BreadcrumbList\",\"@id\":\"https:\/\/web.consaguirre.com.ar\/noticias\/alessia-cara-reinventa-su-catalogo-en-el-nuevo-album-love-or-lack-thereof\/#breadcrumb\",\"itemListElement\":[{\"@type\":\"ListItem\",\"position\":1,\"name\":\"Inicio\",\"item\":\"https:\/\/web.consaguirre.com.ar\/noticias\/\"},{\"@type\":\"ListItem\",\"position\":2,\"name\":\"Alessia Cara reinventa su cat\u00e1logo en el nuevo \u00e1lbum &#8216;Love Or Lack Thereof&#8217;\"}]},{\"@type\":\"WebSite\",\"@id\":\"https:\/\/web.consaguirre.com.ar\/noticias\/#website\",\"url\":\"https:\/\/web.consaguirre.com.ar\/noticias\/\",\"name\":\"Conservatorio de M\u00fasica Juli\u00e1n Aguirre\",\"description\":\"\",\"publisher\":{\"@id\":\"https:\/\/web.consaguirre.com.ar\/noticias\/#organization\"},\"potentialAction\":[{\"@type\":\"SearchAction\",\"target\":{\"@type\":\"EntryPoint\",\"urlTemplate\":\"https:\/\/web.consaguirre.com.ar\/noticias\/?s={search_term_string}\"},\"query-input\":\"required name=search_term_string\"}],\"inLanguage\":\"es-AR\"},{\"@type\":\"Organization\",\"@id\":\"https:\/\/web.consaguirre.com.ar\/noticias\/#organization\",\"name\":\"Conservatorio de M\u00fasica Juli\u00e1n Aguirre\",\"url\":\"https:\/\/web.consaguirre.com.ar\/noticias\/\",\"logo\":{\"@type\":\"ImageObject\",\"inLanguage\":\"es-AR\",\"@id\":\"https:\/\/web.consaguirre.com.ar\/noticias\/#\/schema\/logo\/image\/\",\"url\":\"https:\/\/web.consaguirre.com.ar\/noticias\/wp-content\/uploads\/2024\/08\/Banner-Aguirre-23.jpg\",\"contentUrl\":\"https:\/\/web.consaguirre.com.ar\/noticias\/wp-content\/uploads\/2024\/08\/Banner-Aguirre-23.jpg\",\"width\":1192,\"height\":600,\"caption\":\"Conservatorio de M\u00fasica Juli\u00e1n Aguirre\"},\"image\":{\"@id\":\"https:\/\/web.consaguirre.com.ar\/noticias\/#\/schema\/logo\/image\/\"}},{\"@type\":\"Person\",\"@id\":\"https:\/\/web.consaguirre.com.ar\/noticias\/#\/schema\/person\/6558b0cfedee7ddc5425602b237d5722\",\"name\":\"Javier Figueroa\",\"image\":{\"@type\":\"ImageObject\",\"inLanguage\":\"es-AR\",\"@id\":\"https:\/\/web.consaguirre.com.ar\/noticias\/#\/schema\/person\/image\/\",\"url\":\"https:\/\/web.consaguirre.com.ar\/noticias\/wp-content\/uploads\/2024\/08\/Consaguirre-scaled.jpg\",\"contentUrl\":\"https:\/\/web.consaguirre.com.ar\/noticias\/wp-content\/uploads\/2024\/08\/Consaguirre-scaled.jpg\",\"caption\":\"Javier Figueroa\"},\"description\":\"Me llamo Javier Figueroa y soy redactor para el sitio oficial del Conservatorio de M\u00fasica Juli\u00e1n Aguirre en Buenos Aires, consaguirre.com. Apasionado por la m\u00fasica y la escritura, me esfuerzo por destacar los talentos y eventos de nuestra prestigiosa instituci\u00f3n. Mi trayectoria se nutre de una profunda admiraci\u00f3n por los artistas, haciendo de cada art\u00edculo una celebraci\u00f3n de la creatividad y la cultura musical.\",\"sameAs\":[\"https:\/\/web.consaguirre.com.ar\/noticias\"]}]}<\/script>\n<!-- \/ Yoast SEO plugin. -->","yoast_head_json":{"title":"Alessia Cara reinventa su cat\u00e1logo en el nuevo \u00e1lbum 'Love Or Lack Thereof'","robots":{"index":"index","follow":"follow","max-snippet":"max-snippet:-1","max-image-preview":"max-image-preview:large","max-video-preview":"max-video-preview:-1"},"canonical":"https:\/\/web.consaguirre.com.ar\/noticias\/alessia-cara-reinventa-su-catalogo-en-el-nuevo-album-love-or-lack-thereof\/","og_locale":"es_ES","og_type":"article","og_title":"Alessia Cara reinventa su cat\u00e1logo en el nuevo \u00e1lbum 'Love Or Lack Thereof'","og_description":"Para avanzar hacia su futuro, Alessia Cara reinvent\u00f3 su pasado. Sobre el nuevo \u00e1lbum del cantante ganador del Grammy Amor o falta de \u00e9lAhora, re\u00fane","og_url":"https:\/\/web.consaguirre.com.ar\/noticias\/alessia-cara-reinventa-su-catalogo-en-el-nuevo-album-love-or-lack-thereof\/","og_site_name":"Conservatorio de M\u00fasica Juli\u00e1n Aguirre","article_published_time":"2026-03-25T02:38:50+00:00","article_modified_time":"2026-03-25T02:38:51+00:00","og_image":[{"width":820,"height":820,"url":"https:\/\/web.consaguirre.com.ar\/noticias\/wp-content\/uploads\/2026\/03\/Alessia-Cara-reinventa-su-catalogo-en-el-nuevo-album-Love.jpg","type":"image\/jpeg"}],"author":"Javier Figueroa","twitter_card":"summary_large_image","twitter_misc":{"Escrito por":"Javier Figueroa","Tiempo de lectura":"2 minutos"},"schema":{"@context":"https:\/\/schema.org","@graph":[{"@type":"Article","@id":"https:\/\/web.consaguirre.com.ar\/noticias\/alessia-cara-reinventa-su-catalogo-en-el-nuevo-album-love-or-lack-thereof\/#article","isPartOf":{"@id":"https:\/\/web.consaguirre.com.ar\/noticias\/alessia-cara-reinventa-su-catalogo-en-el-nuevo-album-love-or-lack-thereof\/"},"author":{"name":"Javier Figueroa","@id":"https:\/\/web.consaguirre.com.ar\/noticias\/#\/schema\/person\/6558b0cfedee7ddc5425602b237d5722"},"headline":"Alessia Cara reinventa su cat\u00e1logo en el nuevo \u00e1lbum &#8216;Love Or Lack Thereof&#8217;","datePublished":"2026-03-25T02:38:50+00:00","dateModified":"2026-03-25T02:38:51+00:00","mainEntityOfPage":{"@id":"https:\/\/web.consaguirre.com.ar\/noticias\/alessia-cara-reinventa-su-catalogo-en-el-nuevo-album-love-or-lack-thereof\/"},"wordCount":400,"publisher":{"@id":"https:\/\/web.consaguirre.com.ar\/noticias\/#organization"},"image":{"@id":"https:\/\/web.consaguirre.com.ar\/noticias\/alessia-cara-reinventa-su-catalogo-en-el-nuevo-album-love-or-lack-thereof\/#primaryimage"},"thumbnailUrl":"https:\/\/web.consaguirre.com.ar\/noticias\/wp-content\/uploads\/2026\/03\/Alessia-Cara-reinventa-su-catalogo-en-el-nuevo-album-Love.jpg","keywords":["\u00e1lbum","Alessia","Cara","cat\u00e1logo","Lack","Love","nuevo","reinventa","Thereof"],"articleSection":["El \u00faltimo"],"inLanguage":"es-AR"},{"@type":"WebPage","@id":"https:\/\/web.consaguirre.com.ar\/noticias\/alessia-cara-reinventa-su-catalogo-en-el-nuevo-album-love-or-lack-thereof\/","url":"https:\/\/web.consaguirre.com.ar\/noticias\/alessia-cara-reinventa-su-catalogo-en-el-nuevo-album-love-or-lack-thereof\/","name":"Alessia Cara reinventa su cat\u00e1logo en el nuevo \u00e1lbum 'Love Or Lack Thereof'","isPartOf":{"@id":"https:\/\/web.consaguirre.com.ar\/noticias\/#website"},"primaryImageOfPage":{"@id":"https:\/\/web.consaguirre.com.ar\/noticias\/alessia-cara-reinventa-su-catalogo-en-el-nuevo-album-love-or-lack-thereof\/#primaryimage"},"image":{"@id":"https:\/\/web.consaguirre.com.ar\/noticias\/alessia-cara-reinventa-su-catalogo-en-el-nuevo-album-love-or-lack-thereof\/#primaryimage"},"thumbnailUrl":"https:\/\/web.consaguirre.com.ar\/noticias\/wp-content\/uploads\/2026\/03\/Alessia-Cara-reinventa-su-catalogo-en-el-nuevo-album-Love.jpg","datePublished":"2026-03-25T02:38:50+00:00","dateModified":"2026-03-25T02:38:51+00:00","breadcrumb":{"@id":"https:\/\/web.consaguirre.com.ar\/noticias\/alessia-cara-reinventa-su-catalogo-en-el-nuevo-album-love-or-lack-thereof\/#breadcrumb"},"inLanguage":"es-AR","potentialAction":[{"@type":"ReadAction","target":["https:\/\/web.consaguirre.com.ar\/noticias\/alessia-cara-reinventa-su-catalogo-en-el-nuevo-album-love-or-lack-thereof\/"]}]},{"@type":"ImageObject","inLanguage":"es-AR","@id":"https:\/\/web.consaguirre.com.ar\/noticias\/alessia-cara-reinventa-su-catalogo-en-el-nuevo-album-love-or-lack-thereof\/#primaryimage","url":"https:\/\/web.consaguirre.com.ar\/noticias\/wp-content\/uploads\/2026\/03\/Alessia-Cara-reinventa-su-catalogo-en-el-nuevo-album-Love.jpg","contentUrl":"https:\/\/web.consaguirre.com.ar\/noticias\/wp-content\/uploads\/2026\/03\/Alessia-Cara-reinventa-su-catalogo-en-el-nuevo-album-Love.jpg","width":820,"height":820,"caption":"Alessia Cara Love Or Lack Thereof"},{"@type":"BreadcrumbList","@id":"https:\/\/web.consaguirre.com.ar\/noticias\/alessia-cara-reinventa-su-catalogo-en-el-nuevo-album-love-or-lack-thereof\/#breadcrumb","itemListElement":[{"@type":"ListItem","position":1,"name":"Inicio","item":"https:\/\/web.consaguirre.com.ar\/noticias\/"},{"@type":"ListItem","position":2,"name":"Alessia Cara reinventa su cat\u00e1logo en el nuevo \u00e1lbum &#8216;Love Or Lack Thereof&#8217;"}]},{"@type":"WebSite","@id":"https:\/\/web.consaguirre.com.ar\/noticias\/#website","url":"https:\/\/web.consaguirre.com.ar\/noticias\/","name":"Conservatorio de M\u00fasica Juli\u00e1n Aguirre","description":"","publisher":{"@id":"https:\/\/web.consaguirre.com.ar\/noticias\/#organization"},"potentialAction":[{"@type":"SearchAction","target":{"@type":"EntryPoint","urlTemplate":"https:\/\/web.consaguirre.com.ar\/noticias\/?s={search_term_string}"},"query-input":"required name=search_term_string"}],"inLanguage":"es-AR"},{"@type":"Organization","@id":"https:\/\/web.consaguirre.com.ar\/noticias\/#organization","name":"Conservatorio de M\u00fasica Juli\u00e1n Aguirre","url":"https:\/\/web.consaguirre.com.ar\/noticias\/","logo":{"@type":"ImageObject","inLanguage":"es-AR","@id":"https:\/\/web.consaguirre.com.ar\/noticias\/#\/schema\/logo\/image\/","url":"https:\/\/web.consaguirre.com.ar\/noticias\/wp-content\/uploads\/2024\/08\/Banner-Aguirre-23.jpg","contentUrl":"https:\/\/web.consaguirre.com.ar\/noticias\/wp-content\/uploads\/2024\/08\/Banner-Aguirre-23.jpg","width":1192,"height":600,"caption":"Conservatorio de M\u00fasica Juli\u00e1n Aguirre"},"image":{"@id":"https:\/\/web.consaguirre.com.ar\/noticias\/#\/schema\/logo\/image\/"}},{"@type":"Person","@id":"https:\/\/web.consaguirre.com.ar\/noticias\/#\/schema\/person\/6558b0cfedee7ddc5425602b237d5722","name":"Javier Figueroa","image":{"@type":"ImageObject","inLanguage":"es-AR","@id":"https:\/\/web.consaguirre.com.ar\/noticias\/#\/schema\/person\/image\/","url":"https:\/\/web.consaguirre.com.ar\/noticias\/wp-content\/uploads\/2024\/08\/Consaguirre-scaled.jpg","contentUrl":"https:\/\/web.consaguirre.com.ar\/noticias\/wp-content\/uploads\/2024\/08\/Consaguirre-scaled.jpg","caption":"Javier Figueroa"},"description":"Me llamo Javier Figueroa y soy redactor para el sitio oficial del Conservatorio de M\u00fasica Juli\u00e1n Aguirre en Buenos Aires, consaguirre.com. Apasionado por la m\u00fasica y la escritura, me esfuerzo por destacar los talentos y eventos de nuestra prestigiosa instituci\u00f3n. Mi trayectoria se nutre de una profunda admiraci\u00f3n por los artistas, haciendo de cada art\u00edculo una celebraci\u00f3n de la creatividad y la cultura musical.","sameAs":["https:\/\/web.consaguirre.com.ar\/noticias"]}]}},"_links":{"self":[{"href":"https:\/\/web.consaguirre.com.ar\/noticias\/wp-json\/wp\/v2\/posts\/5442"}],"collection":[{"href":"https:\/\/web.consaguirre.com.ar\/noticias\/wp-json\/wp\/v2\/posts"}],"about":[{"href":"https:\/\/web.consaguirre.com.ar\/noticias\/wp-json\/wp\/v2\/types\/post"}],"author":[{"embeddable":true,"href":"https:\/\/web.consaguirre.com.ar\/noticias\/wp-json\/wp\/v2\/users\/1"}],"replies":[{"embeddable":true,"href":"https:\/\/web.consaguirre.com.ar\/noticias\/wp-json\/wp\/v2\/comments?post=5442"}],"version-history":[{"count":1,"href":"https:\/\/web.consaguirre.com.ar\/noticias\/wp-json\/wp\/v2\/posts\/5442\/revisions"}],"predecessor-version":[{"id":5444,"href":"https:\/\/web.consaguirre.com.ar\/noticias\/wp-json\/wp\/v2\/posts\/5442\/revisions\/5444"}],"wp:featuredmedia":[{"embeddable":true,"href":"https:\/\/web.consaguirre.com.ar\/noticias\/wp-json\/wp\/v2\/media\/5443"}],"wp:attachment":[{"href":"https:\/\/web.consaguirre.com.ar\/noticias\/wp-json\/wp\/v2\/media?parent=5442"}],"wp:term":[{"taxonomy":"category","embeddable":true,"href":"https:\/\/web.consaguirre.com.ar\/noticias\/wp-json\/wp\/v2\/categories?post=5442"},{"taxonomy":"post_tag","embeddable":true,"href":"https:\/\/web.consaguirre.com.ar\/noticias\/wp-json\/wp\/v2\/tags?post=5442"}],"curies":[{"name":"wp","href":"https:\/\/api.w.org\/{rel}","templated":true}]}}