{"id":544,"date":"2024-09-11T10:38:19","date_gmt":"2024-09-11T13:38:19","guid":{"rendered":"https:\/\/web.consaguirre.com.ar\/noticias\/el-lp-debut-de-queen-de-1973-se-renueva-para-una-nueva-edicion-de-coleccionista\/"},"modified":"2024-09-11T10:38:22","modified_gmt":"2024-09-11T13:38:22","slug":"el-lp-debut-de-queen-de-1973-se-renueva-para-una-nueva-edicion-de-coleccionista","status":"publish","type":"post","link":"https:\/\/web.consaguirre.com.ar\/noticias\/el-lp-debut-de-queen-de-1973-se-renueva-para-una-nueva-edicion-de-coleccionista\/","title":{"rendered":"El LP debut de Queen de 1973 se renueva para una nueva edici\u00f3n de coleccionista"},"content":{"rendered":"<p>Prep\u00e1rate para escuchar <strong>Reina<\/strong>El \u00e1lbum debut hom\u00f3nimo de una forma totalmente nueva. El LP de 1973 de las leyendas del rock cl\u00e1sico, ahora retitulado <em>Reina yo<\/em>ha sido renovado significativamente para un nuevo box set que se lanzar\u00e1 el 25 de octubre, que tambi\u00e9n incluye un extenso material adicional. El set de 6 CD 1 LP contiene 63 temas, incluidas 43 mezclas completamente nuevas.<\/p>\n<p>Guitarrista <strong>Brian Mayo<\/strong> describe <em>Reina yo<\/em> \u201cComo una reconstrucci\u00f3n completamente nueva de 2024 de todo el \u00e1lbum debut de Queen\u201d. Los ingenieros de sonido Justin Shirley-Smith, Joshua J Macrae y Kris Fredriksson han remezclado y restaurado las grabaciones originales utilizando t\u00e9cnicas y equipos modernos para revitalizar el sonido del \u00e1lbum. \u201cTodas las interpretaciones son exactamente como aparecieron originalmente en 1973, pero se ha revisado cada instrumento para producir los sonidos ambientales &#8216;en vivo&#8217; que nos hubiera gustado usar originalmente\u201d, explica May. \u201cEl resultado es Queen como habr\u00eda sonado con el conocimiento y la tecnolog\u00eda actuales: una novedad\u201d.<\/p>\n<p><em>Reina<\/em> Originalmente se grab\u00f3 en sesiones que duraban principalmente toda la noche en los estudios Trident de Londres. \u201cLleg\u00e1bamos a las tres de la ma\u00f1ana y sal\u00edamos a tocar durante todas las horas que pod\u00edamos\u201d, explica el baterista. <strong>Roger Taylor<\/strong>En Trident, los miembros de la banda chocaron con el personal del estudio en varios frentes. Por un lado, Queen se vio obligado a utilizar la bater\u00eda interna del estudio en una cabina de sonido en lugar de sus propias bater\u00edas en la sala principal. &#8220;Ten\u00edan un sonido de bater\u00eda muy apagado, y nunca fue el sonido que quer\u00edamos&#8221;, dice Taylor.<\/p>\n<p><strong>Orden de la Reina <em>Reina yo<\/em> ahora.<\/strong><\/p>\n<p>Adem\u00e1s de la nueva mezcla est\u00e9reo y remasterizaci\u00f3n, <em>Reina yo<\/em> El \u00e1lbum incluye una nueva lista de canciones, con \u201cMad The Swine\u201d reintroducida como la cuarta canci\u00f3n del \u00e1lbum. Originalmente fue eliminada del \u00e1lbum debido a otra disputa entre Queen y un productor.<\/p>\n<p>M\u00e1s all\u00e1 del \u00e1lbum principal, el <em>Reina yo<\/em> El box set contiene una gran cantidad de material extra. El CD2 incluye las demos de De Lane Lea, grabaciones de \u201cKeep Yourself Alive\u201d, \u201cThe Night Comes Down\u201d, \u201cJesus\u201d, \u201cLiar\u201d y \u201cGreat King Rat\u201d grabadas en preparaci\u00f3n para las sesiones de grabaci\u00f3n adecuadas. El CD3 tiene tomas alternativas de Trident, mientras que el CD4 presenta las <em>Reina yo<\/em> pistas instrumentales de acompa\u00f1amiento sin voces, destacando la brillante interacci\u00f3n de la banda detr\u00e1s del l\u00edder superestrella Freddie Mercury.<\/p>\n<p>El CD5 incluye sesiones de radio de la BBC de la \u00e9poca, incluida una actuaci\u00f3n en el programa de John Peel. <em>Sonidos de los a\u00f1os setenta<\/em> que marc\u00f3 la primera transmisi\u00f3n de la m\u00fasica de Queen. El CD6 concluye con grabaciones en vivo del concierto de Queen de marzo de 1974 en el Rainbow Theatre de Londres con un pu\u00f1ado de pistas en vivo in\u00e9ditas de otros conciertos mezcladas. El disco concluye con las primeras grabaciones de Queen de su primer show el 23 de agosto de 1970 en el Imperial College, &#8220;Jesus&#8221; y una versi\u00f3n de &#8220;I&#8217;m A Man&#8221; de Spencer Davis Group.<\/p>\n<p><em>Reina yo<\/em> El \u00e1lbum se completa con una edici\u00f3n en vinilo del \u00e1lbum renovado y un libro de 108 p\u00e1ginas con letras escritas a mano y recuerdos. Adem\u00e1s de las ediciones f\u00edsicas y digitales del box set completo, varias versiones condensadas de <em>Reina yo<\/em> estar\u00e1 disponible en CD, LP, disco de im\u00e1genes y casete. El 4 de octubre se lanzar\u00e1 un sencillo de 7\u201d con la mezcla de 2024 de \u201cThe Night Comes Down\u201d antes del box set, y quienes compren la versi\u00f3n digital del <em>Reina yo<\/em> La caja recibir\u00e1 \u201cThe Night Comes Down\u201d inmediatamente.<\/p>\n<p><strong>Orden de la Reina <em>Reina yo<\/em> ahora.<\/strong><\/p>\n","protected":false},"excerpt":{"rendered":"<p>Prep\u00e1rate para escuchar ReinaEl \u00e1lbum debut hom\u00f3nimo de una forma totalmente nueva. El LP de 1973 de las leyendas del rock cl\u00e1sico, ahora retitulado Reina<\/p>\n","protected":false},"author":1,"featured_media":545,"comment_status":"closed","ping_status":"","sticky":false,"template":"","format":"standard","meta":{"footnotes":""},"categories":[50],"tags":[621,257,160,116,154,597,620,191],"class_list":["post-544","post","type-post","status-publish","format-standard","has-post-thumbnail","hentry","category-el-ultimo","tag-coleccionista","tag-debut","tag-edicion","tag-nueva","tag-para","tag-queen","tag-renueva","tag-una","generate-columns","tablet-grid-50","mobile-grid-100","grid-parent","grid-50"],"yoast_head":"<!-- This site is optimized with the Yoast SEO plugin v23.3 - https:\/\/yoast.com\/wordpress\/plugins\/seo\/ -->\n<title>El LP debut de Queen de 1973 se renueva para una nueva edici\u00f3n de coleccionista<\/title>\n<meta name=\"robots\" content=\"index, follow, max-snippet:-1, max-image-preview:large, max-video-preview:-1\" \/>\n<link rel=\"canonical\" href=\"https:\/\/web.consaguirre.com.ar\/noticias\/el-lp-debut-de-queen-de-1973-se-renueva-para-una-nueva-edicion-de-coleccionista\/\" \/>\n<meta property=\"og:locale\" content=\"es_ES\" \/>\n<meta property=\"og:type\" content=\"article\" \/>\n<meta property=\"og:title\" content=\"El LP debut de Queen de 1973 se renueva para una nueva edici\u00f3n de coleccionista\" \/>\n<meta property=\"og:description\" content=\"Prep\u00e1rate para escuchar ReinaEl \u00e1lbum debut hom\u00f3nimo de una forma totalmente nueva. El LP de 1973 de las leyendas del rock cl\u00e1sico, ahora retitulado Reina\" \/>\n<meta property=\"og:url\" content=\"https:\/\/web.consaguirre.com.ar\/noticias\/el-lp-debut-de-queen-de-1973-se-renueva-para-una-nueva-edicion-de-coleccionista\/\" \/>\n<meta property=\"og:site_name\" content=\"Conservatorio de M\u00fasica Juli\u00e1n Aguirre\" \/>\n<meta property=\"article:published_time\" content=\"2024-09-11T13:38:19+00:00\" \/>\n<meta property=\"article:modified_time\" content=\"2024-09-11T13:38:22+00:00\" \/>\n<meta property=\"og:image\" content=\"https:\/\/web.consaguirre.com.ar\/noticias\/wp-content\/uploads\/2024\/09\/El-LP-debut-de-Queen-de-1973-se-renueva-para.jpg\" \/>\n\t<meta property=\"og:image:width\" content=\"1280\" \/>\n\t<meta property=\"og:image:height\" content=\"1280\" \/>\n\t<meta property=\"og:image:type\" content=\"image\/jpeg\" \/>\n<meta name=\"author\" content=\"Javier Figueroa\" \/>\n<meta name=\"twitter:card\" content=\"summary_large_image\" \/>\n<meta name=\"twitter:label1\" content=\"Escrito por\" \/>\n\t<meta name=\"twitter:data1\" content=\"Javier Figueroa\" \/>\n\t<meta name=\"twitter:label2\" content=\"Tiempo de lectura\" \/>\n\t<meta name=\"twitter:data2\" content=\"3 minutos\" \/>\n<script type=\"application\/ld+json\" class=\"yoast-schema-graph\">{\"@context\":\"https:\/\/schema.org\",\"@graph\":[{\"@type\":\"Article\",\"@id\":\"https:\/\/web.consaguirre.com.ar\/noticias\/el-lp-debut-de-queen-de-1973-se-renueva-para-una-nueva-edicion-de-coleccionista\/#article\",\"isPartOf\":{\"@id\":\"https:\/\/web.consaguirre.com.ar\/noticias\/el-lp-debut-de-queen-de-1973-se-renueva-para-una-nueva-edicion-de-coleccionista\/\"},\"author\":{\"name\":\"Javier Figueroa\",\"@id\":\"https:\/\/web.consaguirre.com.ar\/noticias\/#\/schema\/person\/6558b0cfedee7ddc5425602b237d5722\"},\"headline\":\"El LP debut de Queen de 1973 se renueva para una nueva edici\u00f3n de coleccionista\",\"datePublished\":\"2024-09-11T13:38:19+00:00\",\"dateModified\":\"2024-09-11T13:38:22+00:00\",\"mainEntityOfPage\":{\"@id\":\"https:\/\/web.consaguirre.com.ar\/noticias\/el-lp-debut-de-queen-de-1973-se-renueva-para-una-nueva-edicion-de-coleccionista\/\"},\"wordCount\":643,\"publisher\":{\"@id\":\"https:\/\/web.consaguirre.com.ar\/noticias\/#organization\"},\"image\":{\"@id\":\"https:\/\/web.consaguirre.com.ar\/noticias\/el-lp-debut-de-queen-de-1973-se-renueva-para-una-nueva-edicion-de-coleccionista\/#primaryimage\"},\"thumbnailUrl\":\"https:\/\/web.consaguirre.com.ar\/noticias\/wp-content\/uploads\/2024\/09\/El-LP-debut-de-Queen-de-1973-se-renueva-para.jpg\",\"keywords\":[\"coleccionista\",\"debut\",\"edici\u00f3n\",\"nueva\",\"para\",\"Queen\",\"renueva\",\"una\"],\"articleSection\":[\"El \u00faltimo\"],\"inLanguage\":\"es-AR\"},{\"@type\":\"WebPage\",\"@id\":\"https:\/\/web.consaguirre.com.ar\/noticias\/el-lp-debut-de-queen-de-1973-se-renueva-para-una-nueva-edicion-de-coleccionista\/\",\"url\":\"https:\/\/web.consaguirre.com.ar\/noticias\/el-lp-debut-de-queen-de-1973-se-renueva-para-una-nueva-edicion-de-coleccionista\/\",\"name\":\"El LP debut de Queen de 1973 se renueva para una nueva edici\u00f3n de coleccionista\",\"isPartOf\":{\"@id\":\"https:\/\/web.consaguirre.com.ar\/noticias\/#website\"},\"primaryImageOfPage\":{\"@id\":\"https:\/\/web.consaguirre.com.ar\/noticias\/el-lp-debut-de-queen-de-1973-se-renueva-para-una-nueva-edicion-de-coleccionista\/#primaryimage\"},\"image\":{\"@id\":\"https:\/\/web.consaguirre.com.ar\/noticias\/el-lp-debut-de-queen-de-1973-se-renueva-para-una-nueva-edicion-de-coleccionista\/#primaryimage\"},\"thumbnailUrl\":\"https:\/\/web.consaguirre.com.ar\/noticias\/wp-content\/uploads\/2024\/09\/El-LP-debut-de-Queen-de-1973-se-renueva-para.jpg\",\"datePublished\":\"2024-09-11T13:38:19+00:00\",\"dateModified\":\"2024-09-11T13:38:22+00:00\",\"breadcrumb\":{\"@id\":\"https:\/\/web.consaguirre.com.ar\/noticias\/el-lp-debut-de-queen-de-1973-se-renueva-para-una-nueva-edicion-de-coleccionista\/#breadcrumb\"},\"inLanguage\":\"es-AR\",\"potentialAction\":[{\"@type\":\"ReadAction\",\"target\":[\"https:\/\/web.consaguirre.com.ar\/noticias\/el-lp-debut-de-queen-de-1973-se-renueva-para-una-nueva-edicion-de-coleccionista\/\"]}]},{\"@type\":\"ImageObject\",\"inLanguage\":\"es-AR\",\"@id\":\"https:\/\/web.consaguirre.com.ar\/noticias\/el-lp-debut-de-queen-de-1973-se-renueva-para-una-nueva-edicion-de-coleccionista\/#primaryimage\",\"url\":\"https:\/\/web.consaguirre.com.ar\/noticias\/wp-content\/uploads\/2024\/09\/El-LP-debut-de-Queen-de-1973-se-renueva-para.jpg\",\"contentUrl\":\"https:\/\/web.consaguirre.com.ar\/noticias\/wp-content\/uploads\/2024\/09\/El-LP-debut-de-Queen-de-1973-se-renueva-para.jpg\",\"width\":1280,\"height\":1280,\"caption\":\"El LP debut de Queen de 1973 se renueva para una nueva edici\u00f3n de coleccionista\"},{\"@type\":\"BreadcrumbList\",\"@id\":\"https:\/\/web.consaguirre.com.ar\/noticias\/el-lp-debut-de-queen-de-1973-se-renueva-para-una-nueva-edicion-de-coleccionista\/#breadcrumb\",\"itemListElement\":[{\"@type\":\"ListItem\",\"position\":1,\"name\":\"Inicio\",\"item\":\"https:\/\/web.consaguirre.com.ar\/noticias\/\"},{\"@type\":\"ListItem\",\"position\":2,\"name\":\"El LP debut de Queen de 1973 se renueva para una nueva edici\u00f3n de coleccionista\"}]},{\"@type\":\"WebSite\",\"@id\":\"https:\/\/web.consaguirre.com.ar\/noticias\/#website\",\"url\":\"https:\/\/web.consaguirre.com.ar\/noticias\/\",\"name\":\"Conservatorio de M\u00fasica Juli\u00e1n Aguirre\",\"description\":\"\",\"publisher\":{\"@id\":\"https:\/\/web.consaguirre.com.ar\/noticias\/#organization\"},\"potentialAction\":[{\"@type\":\"SearchAction\",\"target\":{\"@type\":\"EntryPoint\",\"urlTemplate\":\"https:\/\/web.consaguirre.com.ar\/noticias\/?s={search_term_string}\"},\"query-input\":\"required name=search_term_string\"}],\"inLanguage\":\"es-AR\"},{\"@type\":\"Organization\",\"@id\":\"https:\/\/web.consaguirre.com.ar\/noticias\/#organization\",\"name\":\"Conservatorio de M\u00fasica Juli\u00e1n Aguirre\",\"url\":\"https:\/\/web.consaguirre.com.ar\/noticias\/\",\"logo\":{\"@type\":\"ImageObject\",\"inLanguage\":\"es-AR\",\"@id\":\"https:\/\/web.consaguirre.com.ar\/noticias\/#\/schema\/logo\/image\/\",\"url\":\"https:\/\/web.consaguirre.com.ar\/noticias\/wp-content\/uploads\/2024\/08\/Banner-Aguirre-23.jpg\",\"contentUrl\":\"https:\/\/web.consaguirre.com.ar\/noticias\/wp-content\/uploads\/2024\/08\/Banner-Aguirre-23.jpg\",\"width\":1192,\"height\":600,\"caption\":\"Conservatorio de M\u00fasica Juli\u00e1n Aguirre\"},\"image\":{\"@id\":\"https:\/\/web.consaguirre.com.ar\/noticias\/#\/schema\/logo\/image\/\"}},{\"@type\":\"Person\",\"@id\":\"https:\/\/web.consaguirre.com.ar\/noticias\/#\/schema\/person\/6558b0cfedee7ddc5425602b237d5722\",\"name\":\"Javier Figueroa\",\"image\":{\"@type\":\"ImageObject\",\"inLanguage\":\"es-AR\",\"@id\":\"https:\/\/web.consaguirre.com.ar\/noticias\/#\/schema\/person\/image\/\",\"url\":\"https:\/\/web.consaguirre.com.ar\/noticias\/wp-content\/uploads\/2024\/08\/Consaguirre-scaled.jpg\",\"contentUrl\":\"https:\/\/web.consaguirre.com.ar\/noticias\/wp-content\/uploads\/2024\/08\/Consaguirre-scaled.jpg\",\"caption\":\"Javier Figueroa\"},\"description\":\"Me llamo Javier Figueroa y soy redactor para el sitio oficial del Conservatorio de M\u00fasica Juli\u00e1n Aguirre en Buenos Aires, consaguirre.com. Apasionado por la m\u00fasica y la escritura, me esfuerzo por destacar los talentos y eventos de nuestra prestigiosa instituci\u00f3n. Mi trayectoria se nutre de una profunda admiraci\u00f3n por los artistas, haciendo de cada art\u00edculo una celebraci\u00f3n de la creatividad y la cultura musical.\",\"sameAs\":[\"https:\/\/web.consaguirre.com.ar\/noticias\"]}]}<\/script>\n<!-- \/ Yoast SEO plugin. -->","yoast_head_json":{"title":"El LP debut de Queen de 1973 se renueva para una nueva edici\u00f3n de coleccionista","robots":{"index":"index","follow":"follow","max-snippet":"max-snippet:-1","max-image-preview":"max-image-preview:large","max-video-preview":"max-video-preview:-1"},"canonical":"https:\/\/web.consaguirre.com.ar\/noticias\/el-lp-debut-de-queen-de-1973-se-renueva-para-una-nueva-edicion-de-coleccionista\/","og_locale":"es_ES","og_type":"article","og_title":"El LP debut de Queen de 1973 se renueva para una nueva edici\u00f3n de coleccionista","og_description":"Prep\u00e1rate para escuchar ReinaEl \u00e1lbum debut hom\u00f3nimo de una forma totalmente nueva. El LP de 1973 de las leyendas del rock cl\u00e1sico, ahora retitulado Reina","og_url":"https:\/\/web.consaguirre.com.ar\/noticias\/el-lp-debut-de-queen-de-1973-se-renueva-para-una-nueva-edicion-de-coleccionista\/","og_site_name":"Conservatorio de M\u00fasica Juli\u00e1n Aguirre","article_published_time":"2024-09-11T13:38:19+00:00","article_modified_time":"2024-09-11T13:38:22+00:00","og_image":[{"width":1280,"height":1280,"url":"https:\/\/web.consaguirre.com.ar\/noticias\/wp-content\/uploads\/2024\/09\/El-LP-debut-de-Queen-de-1973-se-renueva-para.jpg","type":"image\/jpeg"}],"author":"Javier Figueroa","twitter_card":"summary_large_image","twitter_misc":{"Escrito por":"Javier Figueroa","Tiempo de lectura":"3 minutos"},"schema":{"@context":"https:\/\/schema.org","@graph":[{"@type":"Article","@id":"https:\/\/web.consaguirre.com.ar\/noticias\/el-lp-debut-de-queen-de-1973-se-renueva-para-una-nueva-edicion-de-coleccionista\/#article","isPartOf":{"@id":"https:\/\/web.consaguirre.com.ar\/noticias\/el-lp-debut-de-queen-de-1973-se-renueva-para-una-nueva-edicion-de-coleccionista\/"},"author":{"name":"Javier Figueroa","@id":"https:\/\/web.consaguirre.com.ar\/noticias\/#\/schema\/person\/6558b0cfedee7ddc5425602b237d5722"},"headline":"El LP debut de Queen de 1973 se renueva para una nueva edici\u00f3n de coleccionista","datePublished":"2024-09-11T13:38:19+00:00","dateModified":"2024-09-11T13:38:22+00:00","mainEntityOfPage":{"@id":"https:\/\/web.consaguirre.com.ar\/noticias\/el-lp-debut-de-queen-de-1973-se-renueva-para-una-nueva-edicion-de-coleccionista\/"},"wordCount":643,"publisher":{"@id":"https:\/\/web.consaguirre.com.ar\/noticias\/#organization"},"image":{"@id":"https:\/\/web.consaguirre.com.ar\/noticias\/el-lp-debut-de-queen-de-1973-se-renueva-para-una-nueva-edicion-de-coleccionista\/#primaryimage"},"thumbnailUrl":"https:\/\/web.consaguirre.com.ar\/noticias\/wp-content\/uploads\/2024\/09\/El-LP-debut-de-Queen-de-1973-se-renueva-para.jpg","keywords":["coleccionista","debut","edici\u00f3n","nueva","para","Queen","renueva","una"],"articleSection":["El \u00faltimo"],"inLanguage":"es-AR"},{"@type":"WebPage","@id":"https:\/\/web.consaguirre.com.ar\/noticias\/el-lp-debut-de-queen-de-1973-se-renueva-para-una-nueva-edicion-de-coleccionista\/","url":"https:\/\/web.consaguirre.com.ar\/noticias\/el-lp-debut-de-queen-de-1973-se-renueva-para-una-nueva-edicion-de-coleccionista\/","name":"El LP debut de Queen de 1973 se renueva para una nueva edici\u00f3n de coleccionista","isPartOf":{"@id":"https:\/\/web.consaguirre.com.ar\/noticias\/#website"},"primaryImageOfPage":{"@id":"https:\/\/web.consaguirre.com.ar\/noticias\/el-lp-debut-de-queen-de-1973-se-renueva-para-una-nueva-edicion-de-coleccionista\/#primaryimage"},"image":{"@id":"https:\/\/web.consaguirre.com.ar\/noticias\/el-lp-debut-de-queen-de-1973-se-renueva-para-una-nueva-edicion-de-coleccionista\/#primaryimage"},"thumbnailUrl":"https:\/\/web.consaguirre.com.ar\/noticias\/wp-content\/uploads\/2024\/09\/El-LP-debut-de-Queen-de-1973-se-renueva-para.jpg","datePublished":"2024-09-11T13:38:19+00:00","dateModified":"2024-09-11T13:38:22+00:00","breadcrumb":{"@id":"https:\/\/web.consaguirre.com.ar\/noticias\/el-lp-debut-de-queen-de-1973-se-renueva-para-una-nueva-edicion-de-coleccionista\/#breadcrumb"},"inLanguage":"es-AR","potentialAction":[{"@type":"ReadAction","target":["https:\/\/web.consaguirre.com.ar\/noticias\/el-lp-debut-de-queen-de-1973-se-renueva-para-una-nueva-edicion-de-coleccionista\/"]}]},{"@type":"ImageObject","inLanguage":"es-AR","@id":"https:\/\/web.consaguirre.com.ar\/noticias\/el-lp-debut-de-queen-de-1973-se-renueva-para-una-nueva-edicion-de-coleccionista\/#primaryimage","url":"https:\/\/web.consaguirre.com.ar\/noticias\/wp-content\/uploads\/2024\/09\/El-LP-debut-de-Queen-de-1973-se-renueva-para.jpg","contentUrl":"https:\/\/web.consaguirre.com.ar\/noticias\/wp-content\/uploads\/2024\/09\/El-LP-debut-de-Queen-de-1973-se-renueva-para.jpg","width":1280,"height":1280,"caption":"El LP debut de Queen de 1973 se renueva para una nueva edici\u00f3n de coleccionista"},{"@type":"BreadcrumbList","@id":"https:\/\/web.consaguirre.com.ar\/noticias\/el-lp-debut-de-queen-de-1973-se-renueva-para-una-nueva-edicion-de-coleccionista\/#breadcrumb","itemListElement":[{"@type":"ListItem","position":1,"name":"Inicio","item":"https:\/\/web.consaguirre.com.ar\/noticias\/"},{"@type":"ListItem","position":2,"name":"El LP debut de Queen de 1973 se renueva para una nueva edici\u00f3n de coleccionista"}]},{"@type":"WebSite","@id":"https:\/\/web.consaguirre.com.ar\/noticias\/#website","url":"https:\/\/web.consaguirre.com.ar\/noticias\/","name":"Conservatorio de M\u00fasica Juli\u00e1n Aguirre","description":"","publisher":{"@id":"https:\/\/web.consaguirre.com.ar\/noticias\/#organization"},"potentialAction":[{"@type":"SearchAction","target":{"@type":"EntryPoint","urlTemplate":"https:\/\/web.consaguirre.com.ar\/noticias\/?s={search_term_string}"},"query-input":"required name=search_term_string"}],"inLanguage":"es-AR"},{"@type":"Organization","@id":"https:\/\/web.consaguirre.com.ar\/noticias\/#organization","name":"Conservatorio de M\u00fasica Juli\u00e1n Aguirre","url":"https:\/\/web.consaguirre.com.ar\/noticias\/","logo":{"@type":"ImageObject","inLanguage":"es-AR","@id":"https:\/\/web.consaguirre.com.ar\/noticias\/#\/schema\/logo\/image\/","url":"https:\/\/web.consaguirre.com.ar\/noticias\/wp-content\/uploads\/2024\/08\/Banner-Aguirre-23.jpg","contentUrl":"https:\/\/web.consaguirre.com.ar\/noticias\/wp-content\/uploads\/2024\/08\/Banner-Aguirre-23.jpg","width":1192,"height":600,"caption":"Conservatorio de M\u00fasica Juli\u00e1n Aguirre"},"image":{"@id":"https:\/\/web.consaguirre.com.ar\/noticias\/#\/schema\/logo\/image\/"}},{"@type":"Person","@id":"https:\/\/web.consaguirre.com.ar\/noticias\/#\/schema\/person\/6558b0cfedee7ddc5425602b237d5722","name":"Javier Figueroa","image":{"@type":"ImageObject","inLanguage":"es-AR","@id":"https:\/\/web.consaguirre.com.ar\/noticias\/#\/schema\/person\/image\/","url":"https:\/\/web.consaguirre.com.ar\/noticias\/wp-content\/uploads\/2024\/08\/Consaguirre-scaled.jpg","contentUrl":"https:\/\/web.consaguirre.com.ar\/noticias\/wp-content\/uploads\/2024\/08\/Consaguirre-scaled.jpg","caption":"Javier Figueroa"},"description":"Me llamo Javier Figueroa y soy redactor para el sitio oficial del Conservatorio de M\u00fasica Juli\u00e1n Aguirre en Buenos Aires, consaguirre.com. Apasionado por la m\u00fasica y la escritura, me esfuerzo por destacar los talentos y eventos de nuestra prestigiosa instituci\u00f3n. Mi trayectoria se nutre de una profunda admiraci\u00f3n por los artistas, haciendo de cada art\u00edculo una celebraci\u00f3n de la creatividad y la cultura musical.","sameAs":["https:\/\/web.consaguirre.com.ar\/noticias"]}]}},"_links":{"self":[{"href":"https:\/\/web.consaguirre.com.ar\/noticias\/wp-json\/wp\/v2\/posts\/544"}],"collection":[{"href":"https:\/\/web.consaguirre.com.ar\/noticias\/wp-json\/wp\/v2\/posts"}],"about":[{"href":"https:\/\/web.consaguirre.com.ar\/noticias\/wp-json\/wp\/v2\/types\/post"}],"author":[{"embeddable":true,"href":"https:\/\/web.consaguirre.com.ar\/noticias\/wp-json\/wp\/v2\/users\/1"}],"replies":[{"embeddable":true,"href":"https:\/\/web.consaguirre.com.ar\/noticias\/wp-json\/wp\/v2\/comments?post=544"}],"version-history":[{"count":1,"href":"https:\/\/web.consaguirre.com.ar\/noticias\/wp-json\/wp\/v2\/posts\/544\/revisions"}],"predecessor-version":[{"id":546,"href":"https:\/\/web.consaguirre.com.ar\/noticias\/wp-json\/wp\/v2\/posts\/544\/revisions\/546"}],"wp:featuredmedia":[{"embeddable":true,"href":"https:\/\/web.consaguirre.com.ar\/noticias\/wp-json\/wp\/v2\/media\/545"}],"wp:attachment":[{"href":"https:\/\/web.consaguirre.com.ar\/noticias\/wp-json\/wp\/v2\/media?parent=544"}],"wp:term":[{"taxonomy":"category","embeddable":true,"href":"https:\/\/web.consaguirre.com.ar\/noticias\/wp-json\/wp\/v2\/categories?post=544"},{"taxonomy":"post_tag","embeddable":true,"href":"https:\/\/web.consaguirre.com.ar\/noticias\/wp-json\/wp\/v2\/tags?post=544"}],"curies":[{"name":"wp","href":"https:\/\/api.w.org\/{rel}","templated":true}]}}