{"id":5439,"date":"2026-03-24T20:44:03","date_gmt":"2026-03-24T23:44:03","guid":{"rendered":"https:\/\/web.consaguirre.com.ar\/noticias\/cruz-beckham-anuncia-su-primera-gira-por-norteamerica\/"},"modified":"2026-03-24T20:44:04","modified_gmt":"2026-03-24T23:44:04","slug":"cruz-beckham-anuncia-su-primera-gira-por-norteamerica","status":"publish","type":"post","link":"https:\/\/web.consaguirre.com.ar\/noticias\/cruz-beckham-anuncia-su-primera-gira-por-norteamerica\/","title":{"rendered":"Cruz Beckham anuncia su primera gira por Norteam\u00e9rica"},"content":{"rendered":"<p>Cruz Beckham viene a Estados Unidos. La estrella del rock en ascenso ha anunciado su primera gira como cabeza de cartel por Am\u00e9rica del Norte.<\/p>\n<p>Beckham y su banda de acompa\u00f1amiento, los Breakers (Dan Ewins, Telmo Seixas y Dario Scotti) tocar\u00e1n en siete fechas como cabezas de cartel en Estados Unidos este verano, junto con tres grandes fechas en festivales. Despu\u00e9s de lanzar la gira el 28 de julio en Washington, DC, visitar\u00e1n Brooklyn, Toronto, Minneapolis, Seattle y Portland antes de concluir el 10 de agosto en Los \u00c1ngeles. En el camino, tocar\u00e1n en Lollapalooza en Chicago y Outside Lands en San Francisco. Una vez que finalice la gira, Beckham y los chicos regresar\u00e1n a Estados Unidos para el festival Shaky Knees de Atlanta en septiembre.<\/p>\n<p>La preventa de artistas para las fechas principales de Beckham comienza este mi\u00e9rcoles 25 de marzo a las 10 am hora local. La venta general seguir\u00e1 este viernes 27 de marzo, tambi\u00e9n a las 10 am hora local.<\/p>\n<div class=\"uD-YT-container\"><img decoding=\"async\" src=\"https:\/\/web.consaguirre.com.ar\/noticias\/wp-content\/uploads\/2026\/03\/1774395843_571_Cruz-Beckham-anuncia-su-primera-gira-por-Norteamerica.jpg\" alt=\"V\u00eddeo de YouTube\"><br \/>Haga clic para cargar v\u00eddeo<\/div>\n<p>&#8220;Estoy muy emocionado de traer estos espect\u00e1culos a los EE.UU.&#8221;, dice Beckham. &#8220;Siempre ha sido un sue\u00f1o para m\u00ed tocar aqu\u00ed. No puedo esperar a conocer a los fans y a que escuchen las canciones en vivo. La banda y yo estamos listos para montar un espect\u00e1culo&#8221;.<\/p>\n<p>El anuncio de la gira de Beckham sigue al lanzamiento de su \u00faltimo sencillo, el sofocante rockero de medio tiempo \u201cFor Your Love\u201d, coescrito y producido por Justin Raisen y Lewis Pesacov. &#8220;En el giro al estilo Beatles en el coraz\u00f3n de &#8216;For Your Love'&#8221;, escribi\u00f3 The Guardian en una reciente rese\u00f1a favorable en vivo, &#8220;descubre un psico-pop digno de una mayor investigaci\u00f3n&#8221;.<\/p>\n<p>La canci\u00f3n se combina con otros temas recientes de Beckham como \u201cLick The Toad\u201d y \u201cOptics\u201d para presentar al mundo el sonido accesible de guitarra de los Breakers. Beckham irrumpi\u00f3 en la escena de la m\u00fasica en vivo a finales del a\u00f1o pasado con una serie de presentaciones no anunciadas en el Reino Unido bajo varios alias mientras apoyaba al Royston Club. Lo que comenz\u00f3 en su propio terreno se est\u00e1 globalizando r\u00e1pidamente.<\/p>\n","protected":false},"excerpt":{"rendered":"<p>Cruz Beckham viene a Estados Unidos. La estrella del rock en ascenso ha anunciado su primera gira como cabeza de cartel por Am\u00e9rica del Norte.<\/p>\n","protected":false},"author":1,"featured_media":5440,"comment_status":"closed","ping_status":"","sticky":false,"template":"","format":"standard","meta":{"footnotes":""},"categories":[50],"tags":[56,4011,1630,492,1377,96,186],"class_list":["post-5439","post","type-post","status-publish","format-standard","has-post-thumbnail","hentry","category-el-ultimo","tag-anuncia","tag-beckham","tag-cruz","tag-gira","tag-norteamerica","tag-por","tag-primera","generate-columns","tablet-grid-50","mobile-grid-100","grid-parent","grid-50"],"yoast_head":"<!-- This site is optimized with the Yoast SEO plugin v23.3 - https:\/\/yoast.com\/wordpress\/plugins\/seo\/ -->\n<title>Cruz Beckham anuncia su primera gira por Norteam\u00e9rica<\/title>\n<meta name=\"robots\" content=\"index, follow, max-snippet:-1, max-image-preview:large, max-video-preview:-1\" \/>\n<link rel=\"canonical\" href=\"https:\/\/web.consaguirre.com.ar\/noticias\/cruz-beckham-anuncia-su-primera-gira-por-norteamerica\/\" \/>\n<meta property=\"og:locale\" content=\"es_ES\" \/>\n<meta property=\"og:type\" content=\"article\" \/>\n<meta property=\"og:title\" content=\"Cruz Beckham anuncia su primera gira por Norteam\u00e9rica\" \/>\n<meta property=\"og:description\" content=\"Cruz Beckham viene a Estados Unidos. La estrella del rock en ascenso ha anunciado su primera gira como cabeza de cartel por Am\u00e9rica del Norte.\" \/>\n<meta property=\"og:url\" content=\"https:\/\/web.consaguirre.com.ar\/noticias\/cruz-beckham-anuncia-su-primera-gira-por-norteamerica\/\" \/>\n<meta property=\"og:site_name\" content=\"Conservatorio de M\u00fasica Juli\u00e1n Aguirre\" \/>\n<meta property=\"article:published_time\" content=\"2026-03-24T23:44:03+00:00\" \/>\n<meta property=\"article:modified_time\" content=\"2026-03-24T23:44:04+00:00\" \/>\n<meta property=\"og:image\" content=\"https:\/\/web.consaguirre.com.ar\/noticias\/wp-content\/uploads\/2026\/03\/Cruz-Beckham-anuncia-su-primera-gira-por-Norteamerica.jpg\" \/>\n\t<meta property=\"og:image:width\" content=\"820\" \/>\n\t<meta property=\"og:image:height\" content=\"820\" \/>\n\t<meta property=\"og:image:type\" content=\"image\/jpeg\" \/>\n<meta name=\"author\" content=\"Javier Figueroa\" \/>\n<meta name=\"twitter:card\" content=\"summary_large_image\" \/>\n<meta name=\"twitter:label1\" content=\"Escrito por\" \/>\n\t<meta name=\"twitter:data1\" content=\"Javier Figueroa\" \/>\n\t<meta name=\"twitter:label2\" content=\"Tiempo de lectura\" \/>\n\t<meta name=\"twitter:data2\" content=\"2 minutos\" \/>\n<script type=\"application\/ld+json\" class=\"yoast-schema-graph\">{\"@context\":\"https:\/\/schema.org\",\"@graph\":[{\"@type\":\"Article\",\"@id\":\"https:\/\/web.consaguirre.com.ar\/noticias\/cruz-beckham-anuncia-su-primera-gira-por-norteamerica\/#article\",\"isPartOf\":{\"@id\":\"https:\/\/web.consaguirre.com.ar\/noticias\/cruz-beckham-anuncia-su-primera-gira-por-norteamerica\/\"},\"author\":{\"name\":\"Javier Figueroa\",\"@id\":\"https:\/\/web.consaguirre.com.ar\/noticias\/#\/schema\/person\/6558b0cfedee7ddc5425602b237d5722\"},\"headline\":\"Cruz Beckham anuncia su primera gira por Norteam\u00e9rica\",\"datePublished\":\"2026-03-24T23:44:03+00:00\",\"dateModified\":\"2026-03-24T23:44:04+00:00\",\"mainEntityOfPage\":{\"@id\":\"https:\/\/web.consaguirre.com.ar\/noticias\/cruz-beckham-anuncia-su-primera-gira-por-norteamerica\/\"},\"wordCount\":376,\"publisher\":{\"@id\":\"https:\/\/web.consaguirre.com.ar\/noticias\/#organization\"},\"image\":{\"@id\":\"https:\/\/web.consaguirre.com.ar\/noticias\/cruz-beckham-anuncia-su-primera-gira-por-norteamerica\/#primaryimage\"},\"thumbnailUrl\":\"https:\/\/web.consaguirre.com.ar\/noticias\/wp-content\/uploads\/2026\/03\/Cruz-Beckham-anuncia-su-primera-gira-por-Norteamerica.jpg\",\"keywords\":[\"anuncia\",\"Beckham\",\"Cruz\",\"gira\",\"Norteam\u00e9rica\",\"por\",\"primera\"],\"articleSection\":[\"El \u00faltimo\"],\"inLanguage\":\"es-AR\"},{\"@type\":\"WebPage\",\"@id\":\"https:\/\/web.consaguirre.com.ar\/noticias\/cruz-beckham-anuncia-su-primera-gira-por-norteamerica\/\",\"url\":\"https:\/\/web.consaguirre.com.ar\/noticias\/cruz-beckham-anuncia-su-primera-gira-por-norteamerica\/\",\"name\":\"Cruz Beckham anuncia su primera gira por Norteam\u00e9rica\",\"isPartOf\":{\"@id\":\"https:\/\/web.consaguirre.com.ar\/noticias\/#website\"},\"primaryImageOfPage\":{\"@id\":\"https:\/\/web.consaguirre.com.ar\/noticias\/cruz-beckham-anuncia-su-primera-gira-por-norteamerica\/#primaryimage\"},\"image\":{\"@id\":\"https:\/\/web.consaguirre.com.ar\/noticias\/cruz-beckham-anuncia-su-primera-gira-por-norteamerica\/#primaryimage\"},\"thumbnailUrl\":\"https:\/\/web.consaguirre.com.ar\/noticias\/wp-content\/uploads\/2026\/03\/Cruz-Beckham-anuncia-su-primera-gira-por-Norteamerica.jpg\",\"datePublished\":\"2026-03-24T23:44:03+00:00\",\"dateModified\":\"2026-03-24T23:44:04+00:00\",\"breadcrumb\":{\"@id\":\"https:\/\/web.consaguirre.com.ar\/noticias\/cruz-beckham-anuncia-su-primera-gira-por-norteamerica\/#breadcrumb\"},\"inLanguage\":\"es-AR\",\"potentialAction\":[{\"@type\":\"ReadAction\",\"target\":[\"https:\/\/web.consaguirre.com.ar\/noticias\/cruz-beckham-anuncia-su-primera-gira-por-norteamerica\/\"]}]},{\"@type\":\"ImageObject\",\"inLanguage\":\"es-AR\",\"@id\":\"https:\/\/web.consaguirre.com.ar\/noticias\/cruz-beckham-anuncia-su-primera-gira-por-norteamerica\/#primaryimage\",\"url\":\"https:\/\/web.consaguirre.com.ar\/noticias\/wp-content\/uploads\/2026\/03\/Cruz-Beckham-anuncia-su-primera-gira-por-Norteamerica.jpg\",\"contentUrl\":\"https:\/\/web.consaguirre.com.ar\/noticias\/wp-content\/uploads\/2026\/03\/Cruz-Beckham-anuncia-su-primera-gira-por-Norteamerica.jpg\",\"width\":820,\"height\":820,\"caption\":\"Cruz Beckham For Your Love\"},{\"@type\":\"BreadcrumbList\",\"@id\":\"https:\/\/web.consaguirre.com.ar\/noticias\/cruz-beckham-anuncia-su-primera-gira-por-norteamerica\/#breadcrumb\",\"itemListElement\":[{\"@type\":\"ListItem\",\"position\":1,\"name\":\"Inicio\",\"item\":\"https:\/\/web.consaguirre.com.ar\/noticias\/\"},{\"@type\":\"ListItem\",\"position\":2,\"name\":\"Cruz Beckham anuncia su primera gira por Norteam\u00e9rica\"}]},{\"@type\":\"WebSite\",\"@id\":\"https:\/\/web.consaguirre.com.ar\/noticias\/#website\",\"url\":\"https:\/\/web.consaguirre.com.ar\/noticias\/\",\"name\":\"Conservatorio de M\u00fasica Juli\u00e1n Aguirre\",\"description\":\"\",\"publisher\":{\"@id\":\"https:\/\/web.consaguirre.com.ar\/noticias\/#organization\"},\"potentialAction\":[{\"@type\":\"SearchAction\",\"target\":{\"@type\":\"EntryPoint\",\"urlTemplate\":\"https:\/\/web.consaguirre.com.ar\/noticias\/?s={search_term_string}\"},\"query-input\":\"required name=search_term_string\"}],\"inLanguage\":\"es-AR\"},{\"@type\":\"Organization\",\"@id\":\"https:\/\/web.consaguirre.com.ar\/noticias\/#organization\",\"name\":\"Conservatorio de M\u00fasica Juli\u00e1n Aguirre\",\"url\":\"https:\/\/web.consaguirre.com.ar\/noticias\/\",\"logo\":{\"@type\":\"ImageObject\",\"inLanguage\":\"es-AR\",\"@id\":\"https:\/\/web.consaguirre.com.ar\/noticias\/#\/schema\/logo\/image\/\",\"url\":\"https:\/\/web.consaguirre.com.ar\/noticias\/wp-content\/uploads\/2024\/08\/Banner-Aguirre-23.jpg\",\"contentUrl\":\"https:\/\/web.consaguirre.com.ar\/noticias\/wp-content\/uploads\/2024\/08\/Banner-Aguirre-23.jpg\",\"width\":1192,\"height\":600,\"caption\":\"Conservatorio de M\u00fasica Juli\u00e1n Aguirre\"},\"image\":{\"@id\":\"https:\/\/web.consaguirre.com.ar\/noticias\/#\/schema\/logo\/image\/\"}},{\"@type\":\"Person\",\"@id\":\"https:\/\/web.consaguirre.com.ar\/noticias\/#\/schema\/person\/6558b0cfedee7ddc5425602b237d5722\",\"name\":\"Javier Figueroa\",\"image\":{\"@type\":\"ImageObject\",\"inLanguage\":\"es-AR\",\"@id\":\"https:\/\/web.consaguirre.com.ar\/noticias\/#\/schema\/person\/image\/\",\"url\":\"https:\/\/web.consaguirre.com.ar\/noticias\/wp-content\/uploads\/2024\/08\/Consaguirre-scaled.jpg\",\"contentUrl\":\"https:\/\/web.consaguirre.com.ar\/noticias\/wp-content\/uploads\/2024\/08\/Consaguirre-scaled.jpg\",\"caption\":\"Javier Figueroa\"},\"description\":\"Me llamo Javier Figueroa y soy redactor para el sitio oficial del Conservatorio de M\u00fasica Juli\u00e1n Aguirre en Buenos Aires, consaguirre.com. Apasionado por la m\u00fasica y la escritura, me esfuerzo por destacar los talentos y eventos de nuestra prestigiosa instituci\u00f3n. Mi trayectoria se nutre de una profunda admiraci\u00f3n por los artistas, haciendo de cada art\u00edculo una celebraci\u00f3n de la creatividad y la cultura musical.\",\"sameAs\":[\"https:\/\/web.consaguirre.com.ar\/noticias\"]}]}<\/script>\n<!-- \/ Yoast SEO plugin. -->","yoast_head_json":{"title":"Cruz Beckham anuncia su primera gira por Norteam\u00e9rica","robots":{"index":"index","follow":"follow","max-snippet":"max-snippet:-1","max-image-preview":"max-image-preview:large","max-video-preview":"max-video-preview:-1"},"canonical":"https:\/\/web.consaguirre.com.ar\/noticias\/cruz-beckham-anuncia-su-primera-gira-por-norteamerica\/","og_locale":"es_ES","og_type":"article","og_title":"Cruz Beckham anuncia su primera gira por Norteam\u00e9rica","og_description":"Cruz Beckham viene a Estados Unidos. La estrella del rock en ascenso ha anunciado su primera gira como cabeza de cartel por Am\u00e9rica del Norte.","og_url":"https:\/\/web.consaguirre.com.ar\/noticias\/cruz-beckham-anuncia-su-primera-gira-por-norteamerica\/","og_site_name":"Conservatorio de M\u00fasica Juli\u00e1n Aguirre","article_published_time":"2026-03-24T23:44:03+00:00","article_modified_time":"2026-03-24T23:44:04+00:00","og_image":[{"width":820,"height":820,"url":"https:\/\/web.consaguirre.com.ar\/noticias\/wp-content\/uploads\/2026\/03\/Cruz-Beckham-anuncia-su-primera-gira-por-Norteamerica.jpg","type":"image\/jpeg"}],"author":"Javier Figueroa","twitter_card":"summary_large_image","twitter_misc":{"Escrito por":"Javier Figueroa","Tiempo de lectura":"2 minutos"},"schema":{"@context":"https:\/\/schema.org","@graph":[{"@type":"Article","@id":"https:\/\/web.consaguirre.com.ar\/noticias\/cruz-beckham-anuncia-su-primera-gira-por-norteamerica\/#article","isPartOf":{"@id":"https:\/\/web.consaguirre.com.ar\/noticias\/cruz-beckham-anuncia-su-primera-gira-por-norteamerica\/"},"author":{"name":"Javier Figueroa","@id":"https:\/\/web.consaguirre.com.ar\/noticias\/#\/schema\/person\/6558b0cfedee7ddc5425602b237d5722"},"headline":"Cruz Beckham anuncia su primera gira por Norteam\u00e9rica","datePublished":"2026-03-24T23:44:03+00:00","dateModified":"2026-03-24T23:44:04+00:00","mainEntityOfPage":{"@id":"https:\/\/web.consaguirre.com.ar\/noticias\/cruz-beckham-anuncia-su-primera-gira-por-norteamerica\/"},"wordCount":376,"publisher":{"@id":"https:\/\/web.consaguirre.com.ar\/noticias\/#organization"},"image":{"@id":"https:\/\/web.consaguirre.com.ar\/noticias\/cruz-beckham-anuncia-su-primera-gira-por-norteamerica\/#primaryimage"},"thumbnailUrl":"https:\/\/web.consaguirre.com.ar\/noticias\/wp-content\/uploads\/2026\/03\/Cruz-Beckham-anuncia-su-primera-gira-por-Norteamerica.jpg","keywords":["anuncia","Beckham","Cruz","gira","Norteam\u00e9rica","por","primera"],"articleSection":["El \u00faltimo"],"inLanguage":"es-AR"},{"@type":"WebPage","@id":"https:\/\/web.consaguirre.com.ar\/noticias\/cruz-beckham-anuncia-su-primera-gira-por-norteamerica\/","url":"https:\/\/web.consaguirre.com.ar\/noticias\/cruz-beckham-anuncia-su-primera-gira-por-norteamerica\/","name":"Cruz Beckham anuncia su primera gira por Norteam\u00e9rica","isPartOf":{"@id":"https:\/\/web.consaguirre.com.ar\/noticias\/#website"},"primaryImageOfPage":{"@id":"https:\/\/web.consaguirre.com.ar\/noticias\/cruz-beckham-anuncia-su-primera-gira-por-norteamerica\/#primaryimage"},"image":{"@id":"https:\/\/web.consaguirre.com.ar\/noticias\/cruz-beckham-anuncia-su-primera-gira-por-norteamerica\/#primaryimage"},"thumbnailUrl":"https:\/\/web.consaguirre.com.ar\/noticias\/wp-content\/uploads\/2026\/03\/Cruz-Beckham-anuncia-su-primera-gira-por-Norteamerica.jpg","datePublished":"2026-03-24T23:44:03+00:00","dateModified":"2026-03-24T23:44:04+00:00","breadcrumb":{"@id":"https:\/\/web.consaguirre.com.ar\/noticias\/cruz-beckham-anuncia-su-primera-gira-por-norteamerica\/#breadcrumb"},"inLanguage":"es-AR","potentialAction":[{"@type":"ReadAction","target":["https:\/\/web.consaguirre.com.ar\/noticias\/cruz-beckham-anuncia-su-primera-gira-por-norteamerica\/"]}]},{"@type":"ImageObject","inLanguage":"es-AR","@id":"https:\/\/web.consaguirre.com.ar\/noticias\/cruz-beckham-anuncia-su-primera-gira-por-norteamerica\/#primaryimage","url":"https:\/\/web.consaguirre.com.ar\/noticias\/wp-content\/uploads\/2026\/03\/Cruz-Beckham-anuncia-su-primera-gira-por-Norteamerica.jpg","contentUrl":"https:\/\/web.consaguirre.com.ar\/noticias\/wp-content\/uploads\/2026\/03\/Cruz-Beckham-anuncia-su-primera-gira-por-Norteamerica.jpg","width":820,"height":820,"caption":"Cruz Beckham For Your Love"},{"@type":"BreadcrumbList","@id":"https:\/\/web.consaguirre.com.ar\/noticias\/cruz-beckham-anuncia-su-primera-gira-por-norteamerica\/#breadcrumb","itemListElement":[{"@type":"ListItem","position":1,"name":"Inicio","item":"https:\/\/web.consaguirre.com.ar\/noticias\/"},{"@type":"ListItem","position":2,"name":"Cruz Beckham anuncia su primera gira por Norteam\u00e9rica"}]},{"@type":"WebSite","@id":"https:\/\/web.consaguirre.com.ar\/noticias\/#website","url":"https:\/\/web.consaguirre.com.ar\/noticias\/","name":"Conservatorio de M\u00fasica Juli\u00e1n Aguirre","description":"","publisher":{"@id":"https:\/\/web.consaguirre.com.ar\/noticias\/#organization"},"potentialAction":[{"@type":"SearchAction","target":{"@type":"EntryPoint","urlTemplate":"https:\/\/web.consaguirre.com.ar\/noticias\/?s={search_term_string}"},"query-input":"required name=search_term_string"}],"inLanguage":"es-AR"},{"@type":"Organization","@id":"https:\/\/web.consaguirre.com.ar\/noticias\/#organization","name":"Conservatorio de M\u00fasica Juli\u00e1n Aguirre","url":"https:\/\/web.consaguirre.com.ar\/noticias\/","logo":{"@type":"ImageObject","inLanguage":"es-AR","@id":"https:\/\/web.consaguirre.com.ar\/noticias\/#\/schema\/logo\/image\/","url":"https:\/\/web.consaguirre.com.ar\/noticias\/wp-content\/uploads\/2024\/08\/Banner-Aguirre-23.jpg","contentUrl":"https:\/\/web.consaguirre.com.ar\/noticias\/wp-content\/uploads\/2024\/08\/Banner-Aguirre-23.jpg","width":1192,"height":600,"caption":"Conservatorio de M\u00fasica Juli\u00e1n Aguirre"},"image":{"@id":"https:\/\/web.consaguirre.com.ar\/noticias\/#\/schema\/logo\/image\/"}},{"@type":"Person","@id":"https:\/\/web.consaguirre.com.ar\/noticias\/#\/schema\/person\/6558b0cfedee7ddc5425602b237d5722","name":"Javier Figueroa","image":{"@type":"ImageObject","inLanguage":"es-AR","@id":"https:\/\/web.consaguirre.com.ar\/noticias\/#\/schema\/person\/image\/","url":"https:\/\/web.consaguirre.com.ar\/noticias\/wp-content\/uploads\/2024\/08\/Consaguirre-scaled.jpg","contentUrl":"https:\/\/web.consaguirre.com.ar\/noticias\/wp-content\/uploads\/2024\/08\/Consaguirre-scaled.jpg","caption":"Javier Figueroa"},"description":"Me llamo Javier Figueroa y soy redactor para el sitio oficial del Conservatorio de M\u00fasica Juli\u00e1n Aguirre en Buenos Aires, consaguirre.com. Apasionado por la m\u00fasica y la escritura, me esfuerzo por destacar los talentos y eventos de nuestra prestigiosa instituci\u00f3n. Mi trayectoria se nutre de una profunda admiraci\u00f3n por los artistas, haciendo de cada art\u00edculo una celebraci\u00f3n de la creatividad y la cultura musical.","sameAs":["https:\/\/web.consaguirre.com.ar\/noticias"]}]}},"_links":{"self":[{"href":"https:\/\/web.consaguirre.com.ar\/noticias\/wp-json\/wp\/v2\/posts\/5439"}],"collection":[{"href":"https:\/\/web.consaguirre.com.ar\/noticias\/wp-json\/wp\/v2\/posts"}],"about":[{"href":"https:\/\/web.consaguirre.com.ar\/noticias\/wp-json\/wp\/v2\/types\/post"}],"author":[{"embeddable":true,"href":"https:\/\/web.consaguirre.com.ar\/noticias\/wp-json\/wp\/v2\/users\/1"}],"replies":[{"embeddable":true,"href":"https:\/\/web.consaguirre.com.ar\/noticias\/wp-json\/wp\/v2\/comments?post=5439"}],"version-history":[{"count":1,"href":"https:\/\/web.consaguirre.com.ar\/noticias\/wp-json\/wp\/v2\/posts\/5439\/revisions"}],"predecessor-version":[{"id":5441,"href":"https:\/\/web.consaguirre.com.ar\/noticias\/wp-json\/wp\/v2\/posts\/5439\/revisions\/5441"}],"wp:featuredmedia":[{"embeddable":true,"href":"https:\/\/web.consaguirre.com.ar\/noticias\/wp-json\/wp\/v2\/media\/5440"}],"wp:attachment":[{"href":"https:\/\/web.consaguirre.com.ar\/noticias\/wp-json\/wp\/v2\/media?parent=5439"}],"wp:term":[{"taxonomy":"category","embeddable":true,"href":"https:\/\/web.consaguirre.com.ar\/noticias\/wp-json\/wp\/v2\/categories?post=5439"},{"taxonomy":"post_tag","embeddable":true,"href":"https:\/\/web.consaguirre.com.ar\/noticias\/wp-json\/wp\/v2\/tags?post=5439"}],"curies":[{"name":"wp","href":"https:\/\/api.w.org\/{rel}","templated":true}]}}