{"id":5434,"date":"2026-03-24T14:38:09","date_gmt":"2026-03-24T17:38:09","guid":{"rendered":"https:\/\/web.consaguirre.com.ar\/noticias\/tori-amos-lanza-nuevo-sencillo-shush\/"},"modified":"2026-03-24T14:38:09","modified_gmt":"2026-03-24T17:38:09","slug":"tori-amos-lanza-nuevo-sencillo-shush","status":"publish","type":"post","link":"https:\/\/web.consaguirre.com.ar\/noticias\/tori-amos-lanza-nuevo-sencillo-shush\/","title":{"rendered":"Tori Amos lanza nuevo sencillo &#8216;Shush&#8217;"},"content":{"rendered":"<p>C\u00e1llate, ya suena la nueva canci\u00f3n de Tori Amos. Amos ha lanzado \u201cShush\u201d, el \u00faltimo sencillo adelanto de su nuevo \u00e1lbum conceptual. <em>En tiempos de dragones<\/em>.<\/p>\n<p>Su lanzamiento est\u00e1 previsto para el 1 de mayo. <em>En tiempos de dragones<\/em> es la continuaci\u00f3n del c\u00e9lebre cantautor de la banda sonora del libro infantil del a\u00f1o pasado. <em>La m\u00fasica de Tori y las musas<\/em>. Ella ha descrito el nuevo LP como &#8220;una historia metaf\u00f3rica sobre la lucha por la democracia sobre la tiran\u00eda, que refleja la actual y abominable quema no accidental de la democracia en tiempo real por parte del &#8216;Dictador que cree en los Demonios Lagarto&#8217; en su usurpaci\u00f3n de Estados Unidos&#8221;.<\/p>\n<div class=\"uD-YT-container\"><img decoding=\"async\" src=\"https:\/\/web.consaguirre.com.ar\/noticias\/wp-content\/uploads\/2026\/03\/Tori-Amos-lanza-nuevo-sencillo-Shush.jpg\" alt=\"V\u00eddeo de YouTube\"><br \/>Haga clic para cargar v\u00eddeo<\/div>\n<p>Amos comparti\u00f3 previamente el sencillo principal \u201cStronger Together\u201d, un dueto con su hija Tash, quien encarna el personaje de Daughter a lo largo del \u00e1lbum. \u201cShush\u201d comienza con pl\u00e1cidos acordes de piano, pero r\u00e1pidamente toma un giro oscuro. La canci\u00f3n presenta una versi\u00f3n ficticia de Amos, que sigui\u00f3 un camino de vida diferente y se cas\u00f3 con un multimillonario \u201cdemonio lagarto\u201d hambriento de poder, que simboliza el poder desenfrenado, la riqueza concentrada y la corrupci\u00f3n pol\u00edtica.<\/p>\n<div align=\"center\">\n<div class=\"udiscover-store-container\">\n<div id='udiscover-store-two-product'><\/div>\n<\/div>\n<p>\/*<!(CDATA(*\/(function (){var scriptURL='https:\/\/sdks.shopifycdn.com\/buy-button\/latest\/buy-button-storefront.min.js';if(window.ShopifyBuy){if(window.ShopifyBuy.UI){ShopifyBuyInit();}else{loadScript();}}else{loadScript();}funci\u00f3n loadScript(){var script=document.createElement('script');script.async=true;script.src=scriptURL;(document.getElementsByTagName('head')(0)|| document.getElementsByTagName('body')(0)).appendChild(script);script.onload=ShopifyBuyInit;} function ShopifyBuyInit(){var cliente=ShopifyBuy.buildClient({dominio:'udiscover.myshopify.com',storefrontAccessToken: 'bdc89f347d2ce61c1feeb9f8c60b2b98',}); ShopifyBuy.UI.onReady(cliente).luego(funci\u00f3n(ui){ ui.createComponent('productSet',{ id:(7689029386317,7689029353549), nodo:document.getElementById('udiscover-store-two-product'), moneyFormat:'%24%7B%7Bamount%7D%7D', opciones:{&quot;producto&quot;:{&quot;marco flotante&quot;:FALSO,&quot;bot\u00f3nDestino&quot;:&quot;modal&quot;,&quot;contenido&quot;:{&quot;opciones&quot;:verdadero},&quot;texto&quot;:{&quot;bot\u00f3n&quot;:&quot;PEDIR AHORA&quot;,&quot;Agotado&quot;:&quot;Lo sentimos, esto est\u00e1 agotado.&quot;}},&quot;conjunto de productos&quot;:{&quot;marco flotante&quot;:FALSO},&quot;modalProducto&quot;:{&quot;marco flotante&quot;:FALSO,&quot;contenido&quot;:{&quot;imagen&quot;:FALSO,&quot;imgConCarrusel&quot;:verdadero,&quot;bot\u00f3n&quot;:FALSO,&quot;bot\u00f3nConCantidad&quot;:verdadero}},&quot;modal&quot;:{&quot;marco flotante&quot;:FALSO},&quot;opci\u00f3n&quot;:{&quot;marco flotante&quot;:FALSO},&quot;carro&quot;:{&quot;marco flotante&quot;:FALSO},&quot;palanca&quot;:{&quot;marco flotante&quot;:FALSO,&quot;contenido&quot;:{&quot;icono&quot;:FALSO}},&quot;art\u00edculo de l\u00ednea&quot;:{&quot;marco flotante&quot;:FALSO}}, }); }); } })(); \/*))>*\/ <\/div>\n<\/p>\n<p>&#8220;\u00c9l representa lo que estamos enfrentando en este momento&#8221;, dice Amos. &#8220;\u00c9l ve a los congresistas, senadores e incluso probablemente a los presidentes, como personas que responden ante \u00e9l y otros multimillonarios, que no creen que usted y yo debamos votar. Est\u00e1 tratando de desarrollar el tipo de sistema feudal que ten\u00edamos hace cientos de a\u00f1os. Pero ya no parece como antes. No parece que estemos en las trincheras, en el lodo. Ahora tenemos todos los dispositivos digitales geniales. As\u00ed que se ve diferente. Pero tiene la misma filosof\u00eda&#8221;.<\/p>\n<p>Antes del lanzamiento de <em>En tiempos de dragones<\/em>Amos lanzar\u00e1 su gira m\u00e1s grande en una d\u00e9cada. La etapa de la gira en el Reino Unido y Europa se llevar\u00e1 a cabo en abril y mayo, seguida de una etapa norteamericana de espect\u00e1culos que se realizar\u00e1 del 7 de julio al 2 de septiembre. Las entradas para la gira de 66 fechas ya est\u00e1n a la venta.<\/p>\n<p><b>Comprar Tori Amos <em>En tiempos de dragones<\/em> en vinilo y CD aqu\u00ed.<\/b><\/p>\n","protected":false},"excerpt":{"rendered":"<p>C\u00e1llate, ya suena la nueva canci\u00f3n de Tori Amos. Amos ha lanzado \u201cShush\u201d, el \u00faltimo sencillo adelanto de su nuevo \u00e1lbum conceptual. En tiempos de<\/p>\n","protected":false},"author":1,"featured_media":5106,"comment_status":"closed","ping_status":"","sticky":false,"template":"","format":"standard","meta":{"footnotes":""},"categories":[50],"tags":[1155,218,146,204,4009,1154],"class_list":["post-5434","post","type-post","status-publish","format-standard","has-post-thumbnail","hentry","category-el-ultimo","tag-amos","tag-lanza","tag-nuevo","tag-sencillo","tag-shush","tag-tori","generate-columns","tablet-grid-50","mobile-grid-100","grid-parent","grid-50"],"yoast_head":"<!-- This site is optimized with the Yoast SEO plugin v23.3 - https:\/\/yoast.com\/wordpress\/plugins\/seo\/ -->\n<title>Tori Amos lanza nuevo sencillo &#039;Shush&#039;<\/title>\n<meta name=\"robots\" content=\"index, follow, max-snippet:-1, max-image-preview:large, max-video-preview:-1\" \/>\n<link rel=\"canonical\" href=\"https:\/\/web.consaguirre.com.ar\/noticias\/tori-amos-lanza-nuevo-sencillo-shush\/\" \/>\n<meta property=\"og:locale\" content=\"es_ES\" \/>\n<meta property=\"og:type\" content=\"article\" \/>\n<meta property=\"og:title\" content=\"Tori Amos lanza nuevo sencillo &#039;Shush&#039;\" \/>\n<meta property=\"og:description\" content=\"C\u00e1llate, ya suena la nueva canci\u00f3n de Tori Amos. Amos ha lanzado \u201cShush\u201d, el \u00faltimo sencillo adelanto de su nuevo \u00e1lbum conceptual. En tiempos de\" \/>\n<meta property=\"og:url\" content=\"https:\/\/web.consaguirre.com.ar\/noticias\/tori-amos-lanza-nuevo-sencillo-shush\/\" \/>\n<meta property=\"og:site_name\" content=\"Conservatorio de M\u00fasica Juli\u00e1n Aguirre\" \/>\n<meta property=\"article:published_time\" content=\"2026-03-24T17:38:09+00:00\" \/>\n<meta property=\"og:image\" content=\"https:\/\/web.consaguirre.com.ar\/noticias\/wp-content\/uploads\/2026\/02\/1770993616_Tori-Amos-anuncia-nuevo-album-In-Times-Of-Dragons.jpg\" \/>\n\t<meta property=\"og:image:width\" content=\"820\" \/>\n\t<meta property=\"og:image:height\" content=\"820\" \/>\n\t<meta property=\"og:image:type\" content=\"image\/jpeg\" \/>\n<meta name=\"author\" content=\"Javier Figueroa\" \/>\n<meta name=\"twitter:card\" content=\"summary_large_image\" \/>\n<meta name=\"twitter:label1\" content=\"Escrito por\" \/>\n\t<meta name=\"twitter:data1\" content=\"Javier Figueroa\" \/>\n\t<meta name=\"twitter:label2\" content=\"Tiempo de lectura\" \/>\n\t<meta name=\"twitter:data2\" content=\"2 minutos\" \/>\n<script type=\"application\/ld+json\" class=\"yoast-schema-graph\">{\"@context\":\"https:\/\/schema.org\",\"@graph\":[{\"@type\":\"Article\",\"@id\":\"https:\/\/web.consaguirre.com.ar\/noticias\/tori-amos-lanza-nuevo-sencillo-shush\/#article\",\"isPartOf\":{\"@id\":\"https:\/\/web.consaguirre.com.ar\/noticias\/tori-amos-lanza-nuevo-sencillo-shush\/\"},\"author\":{\"name\":\"Javier Figueroa\",\"@id\":\"https:\/\/web.consaguirre.com.ar\/noticias\/#\/schema\/person\/6558b0cfedee7ddc5425602b237d5722\"},\"headline\":\"Tori Amos lanza nuevo sencillo &#8216;Shush&#8217;\",\"datePublished\":\"2026-03-24T17:38:09+00:00\",\"dateModified\":\"2026-03-24T17:38:09+00:00\",\"mainEntityOfPage\":{\"@id\":\"https:\/\/web.consaguirre.com.ar\/noticias\/tori-amos-lanza-nuevo-sencillo-shush\/\"},\"wordCount\":385,\"publisher\":{\"@id\":\"https:\/\/web.consaguirre.com.ar\/noticias\/#organization\"},\"image\":{\"@id\":\"https:\/\/web.consaguirre.com.ar\/noticias\/tori-amos-lanza-nuevo-sencillo-shush\/#primaryimage\"},\"thumbnailUrl\":\"https:\/\/web.consaguirre.com.ar\/noticias\/wp-content\/uploads\/2026\/02\/1770993616_Tori-Amos-anuncia-nuevo-album-In-Times-Of-Dragons.jpg\",\"keywords\":[\"Amos\",\"lanza\",\"nuevo\",\"sencillo\",\"Shush\",\"Tori\"],\"articleSection\":[\"El \u00faltimo\"],\"inLanguage\":\"es-AR\"},{\"@type\":\"WebPage\",\"@id\":\"https:\/\/web.consaguirre.com.ar\/noticias\/tori-amos-lanza-nuevo-sencillo-shush\/\",\"url\":\"https:\/\/web.consaguirre.com.ar\/noticias\/tori-amos-lanza-nuevo-sencillo-shush\/\",\"name\":\"Tori Amos lanza nuevo sencillo 'Shush'\",\"isPartOf\":{\"@id\":\"https:\/\/web.consaguirre.com.ar\/noticias\/#website\"},\"primaryImageOfPage\":{\"@id\":\"https:\/\/web.consaguirre.com.ar\/noticias\/tori-amos-lanza-nuevo-sencillo-shush\/#primaryimage\"},\"image\":{\"@id\":\"https:\/\/web.consaguirre.com.ar\/noticias\/tori-amos-lanza-nuevo-sencillo-shush\/#primaryimage\"},\"thumbnailUrl\":\"https:\/\/web.consaguirre.com.ar\/noticias\/wp-content\/uploads\/2026\/02\/1770993616_Tori-Amos-anuncia-nuevo-album-In-Times-Of-Dragons.jpg\",\"datePublished\":\"2026-03-24T17:38:09+00:00\",\"dateModified\":\"2026-03-24T17:38:09+00:00\",\"breadcrumb\":{\"@id\":\"https:\/\/web.consaguirre.com.ar\/noticias\/tori-amos-lanza-nuevo-sencillo-shush\/#breadcrumb\"},\"inLanguage\":\"es-AR\",\"potentialAction\":[{\"@type\":\"ReadAction\",\"target\":[\"https:\/\/web.consaguirre.com.ar\/noticias\/tori-amos-lanza-nuevo-sencillo-shush\/\"]}]},{\"@type\":\"ImageObject\",\"inLanguage\":\"es-AR\",\"@id\":\"https:\/\/web.consaguirre.com.ar\/noticias\/tori-amos-lanza-nuevo-sencillo-shush\/#primaryimage\",\"url\":\"https:\/\/web.consaguirre.com.ar\/noticias\/wp-content\/uploads\/2026\/02\/1770993616_Tori-Amos-anuncia-nuevo-album-In-Times-Of-Dragons.jpg\",\"contentUrl\":\"https:\/\/web.consaguirre.com.ar\/noticias\/wp-content\/uploads\/2026\/02\/1770993616_Tori-Amos-anuncia-nuevo-album-In-Times-Of-Dragons.jpg\",\"width\":820,\"height\":820,\"caption\":\"Tori Amos In Times of Dragons album artwork\"},{\"@type\":\"BreadcrumbList\",\"@id\":\"https:\/\/web.consaguirre.com.ar\/noticias\/tori-amos-lanza-nuevo-sencillo-shush\/#breadcrumb\",\"itemListElement\":[{\"@type\":\"ListItem\",\"position\":1,\"name\":\"Inicio\",\"item\":\"https:\/\/web.consaguirre.com.ar\/noticias\/\"},{\"@type\":\"ListItem\",\"position\":2,\"name\":\"Tori Amos lanza nuevo sencillo &#8216;Shush&#8217;\"}]},{\"@type\":\"WebSite\",\"@id\":\"https:\/\/web.consaguirre.com.ar\/noticias\/#website\",\"url\":\"https:\/\/web.consaguirre.com.ar\/noticias\/\",\"name\":\"Conservatorio de M\u00fasica Juli\u00e1n Aguirre\",\"description\":\"\",\"publisher\":{\"@id\":\"https:\/\/web.consaguirre.com.ar\/noticias\/#organization\"},\"potentialAction\":[{\"@type\":\"SearchAction\",\"target\":{\"@type\":\"EntryPoint\",\"urlTemplate\":\"https:\/\/web.consaguirre.com.ar\/noticias\/?s={search_term_string}\"},\"query-input\":\"required name=search_term_string\"}],\"inLanguage\":\"es-AR\"},{\"@type\":\"Organization\",\"@id\":\"https:\/\/web.consaguirre.com.ar\/noticias\/#organization\",\"name\":\"Conservatorio de M\u00fasica Juli\u00e1n Aguirre\",\"url\":\"https:\/\/web.consaguirre.com.ar\/noticias\/\",\"logo\":{\"@type\":\"ImageObject\",\"inLanguage\":\"es-AR\",\"@id\":\"https:\/\/web.consaguirre.com.ar\/noticias\/#\/schema\/logo\/image\/\",\"url\":\"https:\/\/web.consaguirre.com.ar\/noticias\/wp-content\/uploads\/2024\/08\/Banner-Aguirre-23.jpg\",\"contentUrl\":\"https:\/\/web.consaguirre.com.ar\/noticias\/wp-content\/uploads\/2024\/08\/Banner-Aguirre-23.jpg\",\"width\":1192,\"height\":600,\"caption\":\"Conservatorio de M\u00fasica Juli\u00e1n Aguirre\"},\"image\":{\"@id\":\"https:\/\/web.consaguirre.com.ar\/noticias\/#\/schema\/logo\/image\/\"}},{\"@type\":\"Person\",\"@id\":\"https:\/\/web.consaguirre.com.ar\/noticias\/#\/schema\/person\/6558b0cfedee7ddc5425602b237d5722\",\"name\":\"Javier Figueroa\",\"image\":{\"@type\":\"ImageObject\",\"inLanguage\":\"es-AR\",\"@id\":\"https:\/\/web.consaguirre.com.ar\/noticias\/#\/schema\/person\/image\/\",\"url\":\"https:\/\/web.consaguirre.com.ar\/noticias\/wp-content\/uploads\/2024\/08\/Consaguirre-scaled.jpg\",\"contentUrl\":\"https:\/\/web.consaguirre.com.ar\/noticias\/wp-content\/uploads\/2024\/08\/Consaguirre-scaled.jpg\",\"caption\":\"Javier Figueroa\"},\"description\":\"Me llamo Javier Figueroa y soy redactor para el sitio oficial del Conservatorio de M\u00fasica Juli\u00e1n Aguirre en Buenos Aires, consaguirre.com. Apasionado por la m\u00fasica y la escritura, me esfuerzo por destacar los talentos y eventos de nuestra prestigiosa instituci\u00f3n. Mi trayectoria se nutre de una profunda admiraci\u00f3n por los artistas, haciendo de cada art\u00edculo una celebraci\u00f3n de la creatividad y la cultura musical.\",\"sameAs\":[\"https:\/\/web.consaguirre.com.ar\/noticias\"]}]}<\/script>\n<!-- \/ Yoast SEO plugin. -->","yoast_head_json":{"title":"Tori Amos lanza nuevo sencillo 'Shush'","robots":{"index":"index","follow":"follow","max-snippet":"max-snippet:-1","max-image-preview":"max-image-preview:large","max-video-preview":"max-video-preview:-1"},"canonical":"https:\/\/web.consaguirre.com.ar\/noticias\/tori-amos-lanza-nuevo-sencillo-shush\/","og_locale":"es_ES","og_type":"article","og_title":"Tori Amos lanza nuevo sencillo 'Shush'","og_description":"C\u00e1llate, ya suena la nueva canci\u00f3n de Tori Amos. Amos ha lanzado \u201cShush\u201d, el \u00faltimo sencillo adelanto de su nuevo \u00e1lbum conceptual. En tiempos de","og_url":"https:\/\/web.consaguirre.com.ar\/noticias\/tori-amos-lanza-nuevo-sencillo-shush\/","og_site_name":"Conservatorio de M\u00fasica Juli\u00e1n Aguirre","article_published_time":"2026-03-24T17:38:09+00:00","og_image":[{"width":820,"height":820,"url":"https:\/\/web.consaguirre.com.ar\/noticias\/wp-content\/uploads\/2026\/02\/1770993616_Tori-Amos-anuncia-nuevo-album-In-Times-Of-Dragons.jpg","type":"image\/jpeg"}],"author":"Javier Figueroa","twitter_card":"summary_large_image","twitter_misc":{"Escrito por":"Javier Figueroa","Tiempo de lectura":"2 minutos"},"schema":{"@context":"https:\/\/schema.org","@graph":[{"@type":"Article","@id":"https:\/\/web.consaguirre.com.ar\/noticias\/tori-amos-lanza-nuevo-sencillo-shush\/#article","isPartOf":{"@id":"https:\/\/web.consaguirre.com.ar\/noticias\/tori-amos-lanza-nuevo-sencillo-shush\/"},"author":{"name":"Javier Figueroa","@id":"https:\/\/web.consaguirre.com.ar\/noticias\/#\/schema\/person\/6558b0cfedee7ddc5425602b237d5722"},"headline":"Tori Amos lanza nuevo sencillo &#8216;Shush&#8217;","datePublished":"2026-03-24T17:38:09+00:00","dateModified":"2026-03-24T17:38:09+00:00","mainEntityOfPage":{"@id":"https:\/\/web.consaguirre.com.ar\/noticias\/tori-amos-lanza-nuevo-sencillo-shush\/"},"wordCount":385,"publisher":{"@id":"https:\/\/web.consaguirre.com.ar\/noticias\/#organization"},"image":{"@id":"https:\/\/web.consaguirre.com.ar\/noticias\/tori-amos-lanza-nuevo-sencillo-shush\/#primaryimage"},"thumbnailUrl":"https:\/\/web.consaguirre.com.ar\/noticias\/wp-content\/uploads\/2026\/02\/1770993616_Tori-Amos-anuncia-nuevo-album-In-Times-Of-Dragons.jpg","keywords":["Amos","lanza","nuevo","sencillo","Shush","Tori"],"articleSection":["El \u00faltimo"],"inLanguage":"es-AR"},{"@type":"WebPage","@id":"https:\/\/web.consaguirre.com.ar\/noticias\/tori-amos-lanza-nuevo-sencillo-shush\/","url":"https:\/\/web.consaguirre.com.ar\/noticias\/tori-amos-lanza-nuevo-sencillo-shush\/","name":"Tori Amos lanza nuevo sencillo 'Shush'","isPartOf":{"@id":"https:\/\/web.consaguirre.com.ar\/noticias\/#website"},"primaryImageOfPage":{"@id":"https:\/\/web.consaguirre.com.ar\/noticias\/tori-amos-lanza-nuevo-sencillo-shush\/#primaryimage"},"image":{"@id":"https:\/\/web.consaguirre.com.ar\/noticias\/tori-amos-lanza-nuevo-sencillo-shush\/#primaryimage"},"thumbnailUrl":"https:\/\/web.consaguirre.com.ar\/noticias\/wp-content\/uploads\/2026\/02\/1770993616_Tori-Amos-anuncia-nuevo-album-In-Times-Of-Dragons.jpg","datePublished":"2026-03-24T17:38:09+00:00","dateModified":"2026-03-24T17:38:09+00:00","breadcrumb":{"@id":"https:\/\/web.consaguirre.com.ar\/noticias\/tori-amos-lanza-nuevo-sencillo-shush\/#breadcrumb"},"inLanguage":"es-AR","potentialAction":[{"@type":"ReadAction","target":["https:\/\/web.consaguirre.com.ar\/noticias\/tori-amos-lanza-nuevo-sencillo-shush\/"]}]},{"@type":"ImageObject","inLanguage":"es-AR","@id":"https:\/\/web.consaguirre.com.ar\/noticias\/tori-amos-lanza-nuevo-sencillo-shush\/#primaryimage","url":"https:\/\/web.consaguirre.com.ar\/noticias\/wp-content\/uploads\/2026\/02\/1770993616_Tori-Amos-anuncia-nuevo-album-In-Times-Of-Dragons.jpg","contentUrl":"https:\/\/web.consaguirre.com.ar\/noticias\/wp-content\/uploads\/2026\/02\/1770993616_Tori-Amos-anuncia-nuevo-album-In-Times-Of-Dragons.jpg","width":820,"height":820,"caption":"Tori Amos In Times of Dragons album artwork"},{"@type":"BreadcrumbList","@id":"https:\/\/web.consaguirre.com.ar\/noticias\/tori-amos-lanza-nuevo-sencillo-shush\/#breadcrumb","itemListElement":[{"@type":"ListItem","position":1,"name":"Inicio","item":"https:\/\/web.consaguirre.com.ar\/noticias\/"},{"@type":"ListItem","position":2,"name":"Tori Amos lanza nuevo sencillo &#8216;Shush&#8217;"}]},{"@type":"WebSite","@id":"https:\/\/web.consaguirre.com.ar\/noticias\/#website","url":"https:\/\/web.consaguirre.com.ar\/noticias\/","name":"Conservatorio de M\u00fasica Juli\u00e1n Aguirre","description":"","publisher":{"@id":"https:\/\/web.consaguirre.com.ar\/noticias\/#organization"},"potentialAction":[{"@type":"SearchAction","target":{"@type":"EntryPoint","urlTemplate":"https:\/\/web.consaguirre.com.ar\/noticias\/?s={search_term_string}"},"query-input":"required name=search_term_string"}],"inLanguage":"es-AR"},{"@type":"Organization","@id":"https:\/\/web.consaguirre.com.ar\/noticias\/#organization","name":"Conservatorio de M\u00fasica Juli\u00e1n Aguirre","url":"https:\/\/web.consaguirre.com.ar\/noticias\/","logo":{"@type":"ImageObject","inLanguage":"es-AR","@id":"https:\/\/web.consaguirre.com.ar\/noticias\/#\/schema\/logo\/image\/","url":"https:\/\/web.consaguirre.com.ar\/noticias\/wp-content\/uploads\/2024\/08\/Banner-Aguirre-23.jpg","contentUrl":"https:\/\/web.consaguirre.com.ar\/noticias\/wp-content\/uploads\/2024\/08\/Banner-Aguirre-23.jpg","width":1192,"height":600,"caption":"Conservatorio de M\u00fasica Juli\u00e1n Aguirre"},"image":{"@id":"https:\/\/web.consaguirre.com.ar\/noticias\/#\/schema\/logo\/image\/"}},{"@type":"Person","@id":"https:\/\/web.consaguirre.com.ar\/noticias\/#\/schema\/person\/6558b0cfedee7ddc5425602b237d5722","name":"Javier Figueroa","image":{"@type":"ImageObject","inLanguage":"es-AR","@id":"https:\/\/web.consaguirre.com.ar\/noticias\/#\/schema\/person\/image\/","url":"https:\/\/web.consaguirre.com.ar\/noticias\/wp-content\/uploads\/2024\/08\/Consaguirre-scaled.jpg","contentUrl":"https:\/\/web.consaguirre.com.ar\/noticias\/wp-content\/uploads\/2024\/08\/Consaguirre-scaled.jpg","caption":"Javier Figueroa"},"description":"Me llamo Javier Figueroa y soy redactor para el sitio oficial del Conservatorio de M\u00fasica Juli\u00e1n Aguirre en Buenos Aires, consaguirre.com. Apasionado por la m\u00fasica y la escritura, me esfuerzo por destacar los talentos y eventos de nuestra prestigiosa instituci\u00f3n. Mi trayectoria se nutre de una profunda admiraci\u00f3n por los artistas, haciendo de cada art\u00edculo una celebraci\u00f3n de la creatividad y la cultura musical.","sameAs":["https:\/\/web.consaguirre.com.ar\/noticias"]}]}},"_links":{"self":[{"href":"https:\/\/web.consaguirre.com.ar\/noticias\/wp-json\/wp\/v2\/posts\/5434"}],"collection":[{"href":"https:\/\/web.consaguirre.com.ar\/noticias\/wp-json\/wp\/v2\/posts"}],"about":[{"href":"https:\/\/web.consaguirre.com.ar\/noticias\/wp-json\/wp\/v2\/types\/post"}],"author":[{"embeddable":true,"href":"https:\/\/web.consaguirre.com.ar\/noticias\/wp-json\/wp\/v2\/users\/1"}],"replies":[{"embeddable":true,"href":"https:\/\/web.consaguirre.com.ar\/noticias\/wp-json\/wp\/v2\/comments?post=5434"}],"version-history":[{"count":1,"href":"https:\/\/web.consaguirre.com.ar\/noticias\/wp-json\/wp\/v2\/posts\/5434\/revisions"}],"predecessor-version":[{"id":5435,"href":"https:\/\/web.consaguirre.com.ar\/noticias\/wp-json\/wp\/v2\/posts\/5434\/revisions\/5435"}],"wp:featuredmedia":[{"embeddable":true,"href":"https:\/\/web.consaguirre.com.ar\/noticias\/wp-json\/wp\/v2\/media\/5106"}],"wp:attachment":[{"href":"https:\/\/web.consaguirre.com.ar\/noticias\/wp-json\/wp\/v2\/media?parent=5434"}],"wp:term":[{"taxonomy":"category","embeddable":true,"href":"https:\/\/web.consaguirre.com.ar\/noticias\/wp-json\/wp\/v2\/categories?post=5434"},{"taxonomy":"post_tag","embeddable":true,"href":"https:\/\/web.consaguirre.com.ar\/noticias\/wp-json\/wp\/v2\/tags?post=5434"}],"curies":[{"name":"wp","href":"https:\/\/api.w.org\/{rel}","templated":true}]}}