{"id":5423,"date":"2026-03-23T11:38:10","date_gmt":"2026-03-23T14:38:10","guid":{"rendered":"https:\/\/web.consaguirre.com.ar\/noticias\/pentatonix-comparte-el-cielo-en-la-tierra\/"},"modified":"2026-03-23T11:38:10","modified_gmt":"2026-03-23T14:38:10","slug":"pentatonix-comparte-el-cielo-en-la-tierra","status":"publish","type":"post","link":"https:\/\/web.consaguirre.com.ar\/noticias\/pentatonix-comparte-el-cielo-en-la-tierra\/","title":{"rendered":"Pentatonix comparte &#8216;el cielo en la tierra&#8217;"},"content":{"rendered":"<p>Pentatonix ha compartido su primer sencillo original no festivo en cinco a\u00f1os. El quinteto vocal grab\u00f3 \u201cHeaven On Earth\u201d con el megaproductor ganador del Grammy Poo Bear (Justin Bieber, Mariah Carey). \u201cHeaven on Earth\u201d ya est\u00e1 disponible a trav\u00e9s de Republic Records.<\/p>\n<p>La canci\u00f3n ampl\u00eda la base a capella caracter\u00edstica del grupo y abraza la producci\u00f3n pop del tama\u00f1o de un estadio mientras mantiene una sensaci\u00f3n de intimidad. El mensaje positivo prioriza el amor y la gratitud. El grupo llama a &#8220;Heaven On Earth&#8221; el &#8220;espacio m\u00e1s seguro que jam\u00e1s hayamos creado&#8221;.<\/p>\n<p>Seg\u00fan el vocalista Mitch Grassi, &#8220;Trabajar con Poo Bear es una experiencia reveladora. Es un maestro m\u00fasico y sabe c\u00f3mo sacar lo mejor de un vocalista. &#8216;Heaven On Earth&#8217; es una canci\u00f3n tan hermosa y sentida, y, al colaborar con Poo Bear, todos pudimos imbuir nuestras actuaciones con un sensual sensualidad y un aire de gratitud reflexiva por el ser querido que elogiamos a trav\u00e9s de la letra&#8221;.<\/p>\n<div align=\"center\">\n<div class=\"udiscover-store-container\">\n<div id='udiscover-store-two-product'><\/div>\n<\/div>\n<p>\/*<!(CDATA(*\/(function (){var scriptURL='https:\/\/sdks.shopifycdn.com\/buy-button\/latest\/buy-button-storefront.min.js';if(window.ShopifyBuy){if(window.ShopifyBuy.UI){ShopifyBuyInit();}else{loadScript();}}else{loadScript();}funci\u00f3n loadScript(){var script=document.createElement('script');script.async=true;script.src=scriptURL;(document.getElementsByTagName('head')(0)|| document.getElementsByTagName('body')(0)).appendChild(script);script.onload=ShopifyBuyInit;} function ShopifyBuyInit(){var cliente=ShopifyBuy.buildClient({dominio:'udiscover.myshopify.com',storefrontAccessToken: 'bdc89f347d2ce61c1feeb9f8c60b2b98',}); ShopifyBuy.UI.onReady(cliente).luego(funci\u00f3n(ui){ ui.createComponent('productSet',{ id:(7592109539405,7592109572173), nodo:document.getElementById('udiscover-store-two-product'), moneyFormat:'%24%7B%7Bamount%7D%7D', opciones:{&quot;producto&quot;:{&quot;marco flotante&quot;:FALSO,&quot;bot\u00f3nDestino&quot;:&quot;modal&quot;,&quot;contenido&quot;:{&quot;opciones&quot;:verdadero},&quot;texto&quot;:{&quot;bot\u00f3n&quot;:&quot;PEDIR AHORA&quot;,&quot;Agotado&quot;:&quot;Lo sentimos, esto est\u00e1 agotado.&quot;}},&quot;conjunto de productos&quot;:{&quot;marco flotante&quot;:FALSO},&quot;modalProducto&quot;:{&quot;marco flotante&quot;:FALSO,&quot;contenido&quot;:{&quot;imagen&quot;:FALSO,&quot;imgConCarrusel&quot;:verdadero,&quot;bot\u00f3n&quot;:FALSO,&quot;bot\u00f3nConCantidad&quot;:verdadero}},&quot;modal&quot;:{&quot;marco flotante&quot;:FALSO},&quot;opci\u00f3n&quot;:{&quot;marco flotante&quot;:FALSO},&quot;carro&quot;:{&quot;marco flotante&quot;:FALSO},&quot;palanca&quot;:{&quot;marco flotante&quot;:FALSO,&quot;contenido&quot;:{&quot;icono&quot;:FALSO}},&quot;art\u00edculo de l\u00ednea&quot;:{&quot;marco flotante&quot;:FALSO}}, }); }); } })(); \/*))>*\/ <\/div>\n<\/p>\n<p>Poo Bear a\u00f1adi\u00f3: \u201cEstoy absolutamente emocionado de que Pentatonix publique &#8216;Heaven On Earth&#8217;. Esta canci\u00f3n es extremadamente especial para m\u00ed y es un honor para Pentatonix llamarla suya. \u00a1\u00a1\u00a1Esperamos que el mundo lo reciba!!! \u00a1\u00a1\u00a1HBD!!!\u201d<\/p>\n<p>Pentatonix se embarcar\u00e1 en una extensa gira europea esta primavera. Esos espect\u00e1culos comienzan el 7 de abril en el MVM Dome de Budapest, Hungr\u00eda, antes de recorrer Europa continental y el Reino Unido, incluida una parada en el ic\u00f3nico The O2 Arena de Londres. La gira concluye en el Avicii Arena de Estocolmo, Suecia, el 3 de mayo. Finalmente, Pentatonix subir\u00e1 al escenario del Summer Sonic Festival en Osaka, Jap\u00f3n, el 14 de agosto, y en Tokio, Jap\u00f3n, el 16 de agosto.<\/p>\n<div class=\"uD-YT-container\"><img decoding=\"async\" src=\"https:\/\/web.consaguirre.com.ar\/noticias\/wp-content\/uploads\/2026\/03\/1774276690_3_Pentatonix-comparte-el-cielo-en-la-tierra.jpg\" alt=\"V\u00eddeo de YouTube\"><br \/>Haga clic para cargar v\u00eddeo<\/div>\n<p>El a\u00f1o pasado, Pentatonix lanz\u00f3 <em>Navidad en la ciudad<\/em>un \u00e1lbum de 16 pistas que \u201ccelebra la magia de la Navidad en Nueva York\u201d y presenta una combinaci\u00f3n de cl\u00e1sicos navide\u00f1os y originales nuevos. El \u00e1lbum inclu\u00eda los sencillos &#8220;Bah Humbug&#8221; y &#8220;I&#8217;ve Got My Love to Keep Me Warm&#8221;. Este \u00faltimo alcanz\u00f3 el puesto n\u00famero 1 en la lista de Radio Holiday de EE. UU., mientras que <em>navidad en la ciudad<\/em> se inclin\u00f3 en el puesto n\u00famero 6 en la lista Billboard Top Holiday Albums, marcando su und\u00e9cima entrada consecutiva al Top 10 en la lista respectiva.<\/p>\n<p><b>Escuche \u201cHeaven On Earth\u201d de Pentatonix aqu\u00ed.<\/b><\/p>\n","protected":false},"excerpt":{"rendered":"<p>Pentatonix ha compartido su primer sencillo original no festivo en cinco a\u00f1os. El quinteto vocal grab\u00f3 \u201cHeaven On Earth\u201d con el megaproductor ganador del Grammy<\/p>\n","protected":false},"author":1,"featured_media":5424,"comment_status":"closed","ping_status":"","sticky":false,"template":"","format":"standard","meta":{"footnotes":""},"categories":[50],"tags":[4003,201,1131,2441],"class_list":["post-5423","post","type-post","status-publish","format-standard","has-post-thumbnail","hentry","category-el-ultimo","tag-cielo","tag-comparte","tag-pentatonix","tag-tierra","generate-columns","tablet-grid-50","mobile-grid-100","grid-parent","grid-50"],"yoast_head":"<!-- This site is optimized with the Yoast SEO plugin v23.3 - https:\/\/yoast.com\/wordpress\/plugins\/seo\/ -->\n<title>Pentatonix comparte &#039;el cielo en la tierra&#039;<\/title>\n<meta name=\"robots\" content=\"index, follow, max-snippet:-1, max-image-preview:large, max-video-preview:-1\" \/>\n<link rel=\"canonical\" href=\"https:\/\/web.consaguirre.com.ar\/noticias\/pentatonix-comparte-el-cielo-en-la-tierra\/\" \/>\n<meta property=\"og:locale\" content=\"es_ES\" \/>\n<meta property=\"og:type\" content=\"article\" \/>\n<meta property=\"og:title\" content=\"Pentatonix comparte &#039;el cielo en la tierra&#039;\" \/>\n<meta property=\"og:description\" content=\"Pentatonix ha compartido su primer sencillo original no festivo en cinco a\u00f1os. El quinteto vocal grab\u00f3 \u201cHeaven On Earth\u201d con el megaproductor ganador del Grammy\" \/>\n<meta property=\"og:url\" content=\"https:\/\/web.consaguirre.com.ar\/noticias\/pentatonix-comparte-el-cielo-en-la-tierra\/\" \/>\n<meta property=\"og:site_name\" content=\"Conservatorio de M\u00fasica Juli\u00e1n Aguirre\" \/>\n<meta property=\"article:published_time\" content=\"2026-03-23T14:38:10+00:00\" \/>\n<meta property=\"og:image\" content=\"https:\/\/web.consaguirre.com.ar\/noticias\/wp-content\/uploads\/2026\/03\/Pentatonix-comparte-el-cielo-en-la-tierra.jpg\" \/>\n\t<meta property=\"og:image:width\" content=\"721\" \/>\n\t<meta property=\"og:image:height\" content=\"720\" \/>\n\t<meta property=\"og:image:type\" content=\"image\/jpeg\" \/>\n<meta name=\"author\" content=\"Javier Figueroa\" \/>\n<meta name=\"twitter:card\" content=\"summary_large_image\" \/>\n<meta name=\"twitter:label1\" content=\"Escrito por\" \/>\n\t<meta name=\"twitter:data1\" content=\"Javier Figueroa\" \/>\n\t<meta name=\"twitter:label2\" content=\"Tiempo de lectura\" \/>\n\t<meta name=\"twitter:data2\" content=\"2 minutos\" \/>\n<script type=\"application\/ld+json\" class=\"yoast-schema-graph\">{\"@context\":\"https:\/\/schema.org\",\"@graph\":[{\"@type\":\"Article\",\"@id\":\"https:\/\/web.consaguirre.com.ar\/noticias\/pentatonix-comparte-el-cielo-en-la-tierra\/#article\",\"isPartOf\":{\"@id\":\"https:\/\/web.consaguirre.com.ar\/noticias\/pentatonix-comparte-el-cielo-en-la-tierra\/\"},\"author\":{\"name\":\"Javier Figueroa\",\"@id\":\"https:\/\/web.consaguirre.com.ar\/noticias\/#\/schema\/person\/6558b0cfedee7ddc5425602b237d5722\"},\"headline\":\"Pentatonix comparte &#8216;el cielo en la tierra&#8217;\",\"datePublished\":\"2026-03-23T14:38:10+00:00\",\"dateModified\":\"2026-03-23T14:38:10+00:00\",\"mainEntityOfPage\":{\"@id\":\"https:\/\/web.consaguirre.com.ar\/noticias\/pentatonix-comparte-el-cielo-en-la-tierra\/\"},\"wordCount\":417,\"publisher\":{\"@id\":\"https:\/\/web.consaguirre.com.ar\/noticias\/#organization\"},\"image\":{\"@id\":\"https:\/\/web.consaguirre.com.ar\/noticias\/pentatonix-comparte-el-cielo-en-la-tierra\/#primaryimage\"},\"thumbnailUrl\":\"https:\/\/web.consaguirre.com.ar\/noticias\/wp-content\/uploads\/2026\/03\/Pentatonix-comparte-el-cielo-en-la-tierra.jpg\",\"keywords\":[\"cielo\",\"comparte\",\"Pentatonix\",\"tierra\"],\"articleSection\":[\"El \u00faltimo\"],\"inLanguage\":\"es-AR\"},{\"@type\":\"WebPage\",\"@id\":\"https:\/\/web.consaguirre.com.ar\/noticias\/pentatonix-comparte-el-cielo-en-la-tierra\/\",\"url\":\"https:\/\/web.consaguirre.com.ar\/noticias\/pentatonix-comparte-el-cielo-en-la-tierra\/\",\"name\":\"Pentatonix comparte 'el cielo en la tierra'\",\"isPartOf\":{\"@id\":\"https:\/\/web.consaguirre.com.ar\/noticias\/#website\"},\"primaryImageOfPage\":{\"@id\":\"https:\/\/web.consaguirre.com.ar\/noticias\/pentatonix-comparte-el-cielo-en-la-tierra\/#primaryimage\"},\"image\":{\"@id\":\"https:\/\/web.consaguirre.com.ar\/noticias\/pentatonix-comparte-el-cielo-en-la-tierra\/#primaryimage\"},\"thumbnailUrl\":\"https:\/\/web.consaguirre.com.ar\/noticias\/wp-content\/uploads\/2026\/03\/Pentatonix-comparte-el-cielo-en-la-tierra.jpg\",\"datePublished\":\"2026-03-23T14:38:10+00:00\",\"dateModified\":\"2026-03-23T14:38:10+00:00\",\"breadcrumb\":{\"@id\":\"https:\/\/web.consaguirre.com.ar\/noticias\/pentatonix-comparte-el-cielo-en-la-tierra\/#breadcrumb\"},\"inLanguage\":\"es-AR\",\"potentialAction\":[{\"@type\":\"ReadAction\",\"target\":[\"https:\/\/web.consaguirre.com.ar\/noticias\/pentatonix-comparte-el-cielo-en-la-tierra\/\"]}]},{\"@type\":\"ImageObject\",\"inLanguage\":\"es-AR\",\"@id\":\"https:\/\/web.consaguirre.com.ar\/noticias\/pentatonix-comparte-el-cielo-en-la-tierra\/#primaryimage\",\"url\":\"https:\/\/web.consaguirre.com.ar\/noticias\/wp-content\/uploads\/2026\/03\/Pentatonix-comparte-el-cielo-en-la-tierra.jpg\",\"contentUrl\":\"https:\/\/web.consaguirre.com.ar\/noticias\/wp-content\/uploads\/2026\/03\/Pentatonix-comparte-el-cielo-en-la-tierra.jpg\",\"width\":721,\"height\":720,\"caption\":\"Pentatonix comparte 'el cielo en la tierra'\"},{\"@type\":\"BreadcrumbList\",\"@id\":\"https:\/\/web.consaguirre.com.ar\/noticias\/pentatonix-comparte-el-cielo-en-la-tierra\/#breadcrumb\",\"itemListElement\":[{\"@type\":\"ListItem\",\"position\":1,\"name\":\"Inicio\",\"item\":\"https:\/\/web.consaguirre.com.ar\/noticias\/\"},{\"@type\":\"ListItem\",\"position\":2,\"name\":\"Pentatonix comparte &#8216;el cielo en la tierra&#8217;\"}]},{\"@type\":\"WebSite\",\"@id\":\"https:\/\/web.consaguirre.com.ar\/noticias\/#website\",\"url\":\"https:\/\/web.consaguirre.com.ar\/noticias\/\",\"name\":\"Conservatorio de M\u00fasica Juli\u00e1n Aguirre\",\"description\":\"\",\"publisher\":{\"@id\":\"https:\/\/web.consaguirre.com.ar\/noticias\/#organization\"},\"potentialAction\":[{\"@type\":\"SearchAction\",\"target\":{\"@type\":\"EntryPoint\",\"urlTemplate\":\"https:\/\/web.consaguirre.com.ar\/noticias\/?s={search_term_string}\"},\"query-input\":\"required name=search_term_string\"}],\"inLanguage\":\"es-AR\"},{\"@type\":\"Organization\",\"@id\":\"https:\/\/web.consaguirre.com.ar\/noticias\/#organization\",\"name\":\"Conservatorio de M\u00fasica Juli\u00e1n Aguirre\",\"url\":\"https:\/\/web.consaguirre.com.ar\/noticias\/\",\"logo\":{\"@type\":\"ImageObject\",\"inLanguage\":\"es-AR\",\"@id\":\"https:\/\/web.consaguirre.com.ar\/noticias\/#\/schema\/logo\/image\/\",\"url\":\"https:\/\/web.consaguirre.com.ar\/noticias\/wp-content\/uploads\/2024\/08\/Banner-Aguirre-23.jpg\",\"contentUrl\":\"https:\/\/web.consaguirre.com.ar\/noticias\/wp-content\/uploads\/2024\/08\/Banner-Aguirre-23.jpg\",\"width\":1192,\"height\":600,\"caption\":\"Conservatorio de M\u00fasica Juli\u00e1n Aguirre\"},\"image\":{\"@id\":\"https:\/\/web.consaguirre.com.ar\/noticias\/#\/schema\/logo\/image\/\"}},{\"@type\":\"Person\",\"@id\":\"https:\/\/web.consaguirre.com.ar\/noticias\/#\/schema\/person\/6558b0cfedee7ddc5425602b237d5722\",\"name\":\"Javier Figueroa\",\"image\":{\"@type\":\"ImageObject\",\"inLanguage\":\"es-AR\",\"@id\":\"https:\/\/web.consaguirre.com.ar\/noticias\/#\/schema\/person\/image\/\",\"url\":\"https:\/\/web.consaguirre.com.ar\/noticias\/wp-content\/uploads\/2024\/08\/Consaguirre-scaled.jpg\",\"contentUrl\":\"https:\/\/web.consaguirre.com.ar\/noticias\/wp-content\/uploads\/2024\/08\/Consaguirre-scaled.jpg\",\"caption\":\"Javier Figueroa\"},\"description\":\"Me llamo Javier Figueroa y soy redactor para el sitio oficial del Conservatorio de M\u00fasica Juli\u00e1n Aguirre en Buenos Aires, consaguirre.com. Apasionado por la m\u00fasica y la escritura, me esfuerzo por destacar los talentos y eventos de nuestra prestigiosa instituci\u00f3n. Mi trayectoria se nutre de una profunda admiraci\u00f3n por los artistas, haciendo de cada art\u00edculo una celebraci\u00f3n de la creatividad y la cultura musical.\",\"sameAs\":[\"https:\/\/web.consaguirre.com.ar\/noticias\"]}]}<\/script>\n<!-- \/ Yoast SEO plugin. -->","yoast_head_json":{"title":"Pentatonix comparte 'el cielo en la tierra'","robots":{"index":"index","follow":"follow","max-snippet":"max-snippet:-1","max-image-preview":"max-image-preview:large","max-video-preview":"max-video-preview:-1"},"canonical":"https:\/\/web.consaguirre.com.ar\/noticias\/pentatonix-comparte-el-cielo-en-la-tierra\/","og_locale":"es_ES","og_type":"article","og_title":"Pentatonix comparte 'el cielo en la tierra'","og_description":"Pentatonix ha compartido su primer sencillo original no festivo en cinco a\u00f1os. El quinteto vocal grab\u00f3 \u201cHeaven On Earth\u201d con el megaproductor ganador del Grammy","og_url":"https:\/\/web.consaguirre.com.ar\/noticias\/pentatonix-comparte-el-cielo-en-la-tierra\/","og_site_name":"Conservatorio de M\u00fasica Juli\u00e1n Aguirre","article_published_time":"2026-03-23T14:38:10+00:00","og_image":[{"width":721,"height":720,"url":"https:\/\/web.consaguirre.com.ar\/noticias\/wp-content\/uploads\/2026\/03\/Pentatonix-comparte-el-cielo-en-la-tierra.jpg","type":"image\/jpeg"}],"author":"Javier Figueroa","twitter_card":"summary_large_image","twitter_misc":{"Escrito por":"Javier Figueroa","Tiempo de lectura":"2 minutos"},"schema":{"@context":"https:\/\/schema.org","@graph":[{"@type":"Article","@id":"https:\/\/web.consaguirre.com.ar\/noticias\/pentatonix-comparte-el-cielo-en-la-tierra\/#article","isPartOf":{"@id":"https:\/\/web.consaguirre.com.ar\/noticias\/pentatonix-comparte-el-cielo-en-la-tierra\/"},"author":{"name":"Javier Figueroa","@id":"https:\/\/web.consaguirre.com.ar\/noticias\/#\/schema\/person\/6558b0cfedee7ddc5425602b237d5722"},"headline":"Pentatonix comparte &#8216;el cielo en la tierra&#8217;","datePublished":"2026-03-23T14:38:10+00:00","dateModified":"2026-03-23T14:38:10+00:00","mainEntityOfPage":{"@id":"https:\/\/web.consaguirre.com.ar\/noticias\/pentatonix-comparte-el-cielo-en-la-tierra\/"},"wordCount":417,"publisher":{"@id":"https:\/\/web.consaguirre.com.ar\/noticias\/#organization"},"image":{"@id":"https:\/\/web.consaguirre.com.ar\/noticias\/pentatonix-comparte-el-cielo-en-la-tierra\/#primaryimage"},"thumbnailUrl":"https:\/\/web.consaguirre.com.ar\/noticias\/wp-content\/uploads\/2026\/03\/Pentatonix-comparte-el-cielo-en-la-tierra.jpg","keywords":["cielo","comparte","Pentatonix","tierra"],"articleSection":["El \u00faltimo"],"inLanguage":"es-AR"},{"@type":"WebPage","@id":"https:\/\/web.consaguirre.com.ar\/noticias\/pentatonix-comparte-el-cielo-en-la-tierra\/","url":"https:\/\/web.consaguirre.com.ar\/noticias\/pentatonix-comparte-el-cielo-en-la-tierra\/","name":"Pentatonix comparte 'el cielo en la tierra'","isPartOf":{"@id":"https:\/\/web.consaguirre.com.ar\/noticias\/#website"},"primaryImageOfPage":{"@id":"https:\/\/web.consaguirre.com.ar\/noticias\/pentatonix-comparte-el-cielo-en-la-tierra\/#primaryimage"},"image":{"@id":"https:\/\/web.consaguirre.com.ar\/noticias\/pentatonix-comparte-el-cielo-en-la-tierra\/#primaryimage"},"thumbnailUrl":"https:\/\/web.consaguirre.com.ar\/noticias\/wp-content\/uploads\/2026\/03\/Pentatonix-comparte-el-cielo-en-la-tierra.jpg","datePublished":"2026-03-23T14:38:10+00:00","dateModified":"2026-03-23T14:38:10+00:00","breadcrumb":{"@id":"https:\/\/web.consaguirre.com.ar\/noticias\/pentatonix-comparte-el-cielo-en-la-tierra\/#breadcrumb"},"inLanguage":"es-AR","potentialAction":[{"@type":"ReadAction","target":["https:\/\/web.consaguirre.com.ar\/noticias\/pentatonix-comparte-el-cielo-en-la-tierra\/"]}]},{"@type":"ImageObject","inLanguage":"es-AR","@id":"https:\/\/web.consaguirre.com.ar\/noticias\/pentatonix-comparte-el-cielo-en-la-tierra\/#primaryimage","url":"https:\/\/web.consaguirre.com.ar\/noticias\/wp-content\/uploads\/2026\/03\/Pentatonix-comparte-el-cielo-en-la-tierra.jpg","contentUrl":"https:\/\/web.consaguirre.com.ar\/noticias\/wp-content\/uploads\/2026\/03\/Pentatonix-comparte-el-cielo-en-la-tierra.jpg","width":721,"height":720,"caption":"Pentatonix comparte 'el cielo en la tierra'"},{"@type":"BreadcrumbList","@id":"https:\/\/web.consaguirre.com.ar\/noticias\/pentatonix-comparte-el-cielo-en-la-tierra\/#breadcrumb","itemListElement":[{"@type":"ListItem","position":1,"name":"Inicio","item":"https:\/\/web.consaguirre.com.ar\/noticias\/"},{"@type":"ListItem","position":2,"name":"Pentatonix comparte &#8216;el cielo en la tierra&#8217;"}]},{"@type":"WebSite","@id":"https:\/\/web.consaguirre.com.ar\/noticias\/#website","url":"https:\/\/web.consaguirre.com.ar\/noticias\/","name":"Conservatorio de M\u00fasica Juli\u00e1n Aguirre","description":"","publisher":{"@id":"https:\/\/web.consaguirre.com.ar\/noticias\/#organization"},"potentialAction":[{"@type":"SearchAction","target":{"@type":"EntryPoint","urlTemplate":"https:\/\/web.consaguirre.com.ar\/noticias\/?s={search_term_string}"},"query-input":"required name=search_term_string"}],"inLanguage":"es-AR"},{"@type":"Organization","@id":"https:\/\/web.consaguirre.com.ar\/noticias\/#organization","name":"Conservatorio de M\u00fasica Juli\u00e1n Aguirre","url":"https:\/\/web.consaguirre.com.ar\/noticias\/","logo":{"@type":"ImageObject","inLanguage":"es-AR","@id":"https:\/\/web.consaguirre.com.ar\/noticias\/#\/schema\/logo\/image\/","url":"https:\/\/web.consaguirre.com.ar\/noticias\/wp-content\/uploads\/2024\/08\/Banner-Aguirre-23.jpg","contentUrl":"https:\/\/web.consaguirre.com.ar\/noticias\/wp-content\/uploads\/2024\/08\/Banner-Aguirre-23.jpg","width":1192,"height":600,"caption":"Conservatorio de M\u00fasica Juli\u00e1n Aguirre"},"image":{"@id":"https:\/\/web.consaguirre.com.ar\/noticias\/#\/schema\/logo\/image\/"}},{"@type":"Person","@id":"https:\/\/web.consaguirre.com.ar\/noticias\/#\/schema\/person\/6558b0cfedee7ddc5425602b237d5722","name":"Javier Figueroa","image":{"@type":"ImageObject","inLanguage":"es-AR","@id":"https:\/\/web.consaguirre.com.ar\/noticias\/#\/schema\/person\/image\/","url":"https:\/\/web.consaguirre.com.ar\/noticias\/wp-content\/uploads\/2024\/08\/Consaguirre-scaled.jpg","contentUrl":"https:\/\/web.consaguirre.com.ar\/noticias\/wp-content\/uploads\/2024\/08\/Consaguirre-scaled.jpg","caption":"Javier Figueroa"},"description":"Me llamo Javier Figueroa y soy redactor para el sitio oficial del Conservatorio de M\u00fasica Juli\u00e1n Aguirre en Buenos Aires, consaguirre.com. Apasionado por la m\u00fasica y la escritura, me esfuerzo por destacar los talentos y eventos de nuestra prestigiosa instituci\u00f3n. Mi trayectoria se nutre de una profunda admiraci\u00f3n por los artistas, haciendo de cada art\u00edculo una celebraci\u00f3n de la creatividad y la cultura musical.","sameAs":["https:\/\/web.consaguirre.com.ar\/noticias"]}]}},"_links":{"self":[{"href":"https:\/\/web.consaguirre.com.ar\/noticias\/wp-json\/wp\/v2\/posts\/5423"}],"collection":[{"href":"https:\/\/web.consaguirre.com.ar\/noticias\/wp-json\/wp\/v2\/posts"}],"about":[{"href":"https:\/\/web.consaguirre.com.ar\/noticias\/wp-json\/wp\/v2\/types\/post"}],"author":[{"embeddable":true,"href":"https:\/\/web.consaguirre.com.ar\/noticias\/wp-json\/wp\/v2\/users\/1"}],"replies":[{"embeddable":true,"href":"https:\/\/web.consaguirre.com.ar\/noticias\/wp-json\/wp\/v2\/comments?post=5423"}],"version-history":[{"count":1,"href":"https:\/\/web.consaguirre.com.ar\/noticias\/wp-json\/wp\/v2\/posts\/5423\/revisions"}],"predecessor-version":[{"id":5425,"href":"https:\/\/web.consaguirre.com.ar\/noticias\/wp-json\/wp\/v2\/posts\/5423\/revisions\/5425"}],"wp:featuredmedia":[{"embeddable":true,"href":"https:\/\/web.consaguirre.com.ar\/noticias\/wp-json\/wp\/v2\/media\/5424"}],"wp:attachment":[{"href":"https:\/\/web.consaguirre.com.ar\/noticias\/wp-json\/wp\/v2\/media?parent=5423"}],"wp:term":[{"taxonomy":"category","embeddable":true,"href":"https:\/\/web.consaguirre.com.ar\/noticias\/wp-json\/wp\/v2\/categories?post=5423"},{"taxonomy":"post_tag","embeddable":true,"href":"https:\/\/web.consaguirre.com.ar\/noticias\/wp-json\/wp\/v2\/tags?post=5423"}],"curies":[{"name":"wp","href":"https:\/\/api.w.org\/{rel}","templated":true}]}}