{"id":5421,"date":"2026-03-21T08:39:00","date_gmt":"2026-03-21T11:39:00","guid":{"rendered":"https:\/\/web.consaguirre.com.ar\/noticias\/lorde-charli-xcx-y-the-smashing-pumpkins-entre-los-cabezas-de-cartel-de-lollapalooza-2026\/"},"modified":"2026-03-21T08:39:00","modified_gmt":"2026-03-21T11:39:00","slug":"lorde-charli-xcx-y-the-smashing-pumpkins-entre-los-cabezas-de-cartel-de-lollapalooza-2026","status":"publish","type":"post","link":"https:\/\/web.consaguirre.com.ar\/noticias\/lorde-charli-xcx-y-the-smashing-pumpkins-entre-los-cabezas-de-cartel-de-lollapalooza-2026\/","title":{"rendered":"Lorde, Charli XCX y The Smashing Pumpkins entre los cabezas de cartel de Lollapalooza 2026"},"content":{"rendered":"<p>Lollapalooza ha revelado su alineaci\u00f3n completa. Lorde, Charli XCX, The Smashing Pumpkins, Olivia Dean, Tate McRae, Jennie, The xx y John Summit ser\u00e1n los cabezas de cartel del festival de este a\u00f1o.<\/p>\n<p>Ser\u00e1 un regreso a casa para The Smashing Pumpkins. Han pasado m\u00e1s de 30 a\u00f1os desde que la banda de rock, formada en 1988 en Chicago por el l\u00edder y guitarrista Billy Corgan, actu\u00f3 en el festival. Formaron parte del cuarto cartel en 1994, cuando Lollapalooza era un festival itinerante.<\/p>\n<div align=\"center\">\n<div class=\"udiscover-store-container\">\n<div id='udiscover-store-three-product'><\/div>\n<\/div>\n<p>\/*<!(CDATA(*\/(function (){var scriptURL='https:\/\/sdks.shopifycdn.com\/buy-button\/latest\/buy-button-storefront.min.js';if(window.ShopifyBuy){if(window.ShopifyBuy.UI){ShopifyBuyInit();}else{loadScript();}}else{loadScript();}funci\u00f3n loadScript(){var script=document.createElement('script');script.async=true;script.src=scriptURL;(document.getElementsByTagName('head')(0)|| document.getElementsByTagName('body')(0)).appendChild(script);script.onload=ShopifyBuyInit;} function ShopifyBuyInit(){var cliente=ShopifyBuy.buildClient({dominio:'udiscover.myshopify.com',storefrontAccessToken: 'bdc89f347d2ce61c1feeb9f8c60b2b98',}); ShopifyBuy.UI.onReady(cliente).luego(funci\u00f3n(ui){ ui.createComponent('productSet',{ id:(7686187319373,7577286279245,7543122395213), nodo:document.getElementById('udiscover-store-tres-productos'), moneyFormat:'%24%7B%7Bamount%7D%7D', opciones:{&quot;producto&quot;:{&quot;marco flotante&quot;:FALSO,&quot;bot\u00f3nDestino&quot;:&quot;modal&quot;,&quot;contenido&quot;:{&quot;opciones&quot;:verdadero},&quot;texto&quot;:{&quot;bot\u00f3n&quot;:&quot;PEDIR AHORA&quot;,&quot;Agotado&quot;:&quot;Lo sentimos, esto est\u00e1 agotado.&quot;}},&quot;conjunto de productos&quot;:{&quot;marco flotante&quot;:FALSO},&quot;modalProducto&quot;:{&quot;marco flotante&quot;:FALSO,&quot;contenido&quot;:{&quot;imagen&quot;:FALSO,&quot;imgConCarrusel&quot;:verdadero,&quot;bot\u00f3n&quot;:FALSO,&quot;bot\u00f3nConCantidad&quot;:verdadero}},&quot;modal&quot;:{&quot;marco flotante&quot;:FALSO},&quot;opci\u00f3n&quot;:{&quot;marco flotante&quot;:FALSO},&quot;carro&quot;:{&quot;marco flotante&quot;:FALSO},&quot;palanca&quot;:{&quot;marco flotante&quot;:FALSO,&quot;contenido&quot;:{&quot;icono&quot;:FALSO}},&quot;art\u00edculo de l\u00ednea&quot;:{&quot;marco flotante&quot;:FALSO}}, }); }); } })(); \/*))>*\/ <\/div>\n<\/p>\n<p>Lorde no es un extra\u00f1o para Lollapalooza. La estrella del pop actu\u00f3 anteriormente en 2014 y 2017, la primera vez que encabez\u00f3. The xx, que regresan despu\u00e9s de una pausa de tres a\u00f1os, se presentaron anteriormente en 2010 y 2017 (ambas en las ediciones de Chicago y Sudam\u00e9rica).<\/p>\n<p>Este a\u00f1o marca el debut de las actuaciones de Lollapalooza para las cabezas de cartel Jennie y Olivia Dean. Jennie, quien salt\u00f3 a la fama como miembro del grupo femenino de K-pop Blackpink, lanz\u00f3 su \u00e1lbum debut en solitario. <em>Rub\u00ed<\/em>que entr\u00f3 en el Top 10 del Billboard 200.<\/p>\n<p>Olivia Dean, mientras tanto, tuvo un gran \u00e9xito en 2025 gracias a su segundo \u00e1lbum, aclamado mundialmente, <em>El arte de amar<\/em>. Inclu\u00eda su sencillo caracter\u00edstico \u201cMan I Need\u201d, que encabez\u00f3 las listas en su Reino Unido natal y alcanz\u00f3 el puesto n\u00famero 2 en el Billboard Hot 100. En febrero, gan\u00f3 el premio Grammy al Mejor Artista Nuevo.<\/p>\n<p>Otros artistas por debajo de la cartelera superior incluyen a Lil Uzi Vert, Sombr, Yungblud, Major Lazer, Leon Thomas, Beabadoobee, Zara Larsson, 5 Seconds of Summer, Empire of the Sun, Wet Leg, Finn Wolfhard, Turnstile, Clipse, Geese, Aespa, the Chainsmokers, Muna y docenas m\u00e1s.<\/p>\n<p>El Lollapalooza de este a\u00f1o se llevar\u00e1 a cabo del 30 de julio al 2 de agosto en su sede principal: Grant Park. La preventa comenz\u00f3 el 19 de marzo a las 10 a.m. CT con un per\u00edodo de una hora para los boletos de cuatro d\u00edas de precio m\u00e1s bajo. Los precios aumentar\u00e1n a las 11 a.m. CT cuando comience la venta general.<\/p>\n<p><b>Explore nuestra colecci\u00f3n alternativa que incluye vinilos y CD de edici\u00f3n limitada aqu\u00ed.<\/b><\/p>\n","protected":false},"excerpt":{"rendered":"<p>Lollapalooza ha revelado su alineaci\u00f3n completa. Lorde, Charli XCX, The Smashing Pumpkins, Olivia Dean, Tate McRae, Jennie, The xx y John Summit ser\u00e1n los cabezas<\/p>\n","protected":false},"author":1,"featured_media":5088,"comment_status":"closed","ping_status":"","sticky":false,"template":"","format":"standard","meta":{"footnotes":""},"categories":[50],"tags":[4002,849,1738,1563,2969,2421,180,1797,1796,1739],"class_list":["post-5421","post","type-post","status-publish","format-standard","has-post-thumbnail","hentry","category-el-ultimo","tag-cabezas","tag-cartel","tag-charli","tag-entre","tag-lollapalooza","tag-lorde","tag-los","tag-pumpkins","tag-smashing","tag-xcx","generate-columns","tablet-grid-50","mobile-grid-100","grid-parent","grid-50"],"yoast_head":"<!-- This site is optimized with the Yoast SEO plugin v23.3 - https:\/\/yoast.com\/wordpress\/plugins\/seo\/ -->\n<title>Lorde, Charli XCX y The Smashing Pumpkins entre los cabezas de cartel de Lollapalooza 2026<\/title>\n<meta name=\"robots\" content=\"index, follow, max-snippet:-1, max-image-preview:large, max-video-preview:-1\" \/>\n<link rel=\"canonical\" href=\"https:\/\/web.consaguirre.com.ar\/noticias\/lorde-charli-xcx-y-the-smashing-pumpkins-entre-los-cabezas-de-cartel-de-lollapalooza-2026\/\" \/>\n<meta property=\"og:locale\" content=\"es_ES\" \/>\n<meta property=\"og:type\" content=\"article\" \/>\n<meta property=\"og:title\" content=\"Lorde, Charli XCX y The Smashing Pumpkins entre los cabezas de cartel de Lollapalooza 2026\" \/>\n<meta property=\"og:description\" content=\"Lollapalooza ha revelado su alineaci\u00f3n completa. Lorde, Charli XCX, The Smashing Pumpkins, Olivia Dean, Tate McRae, Jennie, The xx y John Summit ser\u00e1n los cabezas\" \/>\n<meta property=\"og:url\" content=\"https:\/\/web.consaguirre.com.ar\/noticias\/lorde-charli-xcx-y-the-smashing-pumpkins-entre-los-cabezas-de-cartel-de-lollapalooza-2026\/\" \/>\n<meta property=\"og:site_name\" content=\"Conservatorio de M\u00fasica Juli\u00e1n Aguirre\" \/>\n<meta property=\"article:published_time\" content=\"2026-03-21T11:39:00+00:00\" \/>\n<meta property=\"og:image\" content=\"https:\/\/web.consaguirre.com.ar\/noticias\/wp-content\/uploads\/2026\/02\/The-Smashing-Pumpkins-anuncian-la-reedicion-del-35-aniversario-de.jpg\" \/>\n\t<meta property=\"og:image:width\" content=\"820\" \/>\n\t<meta property=\"og:image:height\" content=\"820\" \/>\n\t<meta property=\"og:image:type\" content=\"image\/jpeg\" \/>\n<meta name=\"author\" content=\"Javier Figueroa\" \/>\n<meta name=\"twitter:card\" content=\"summary_large_image\" \/>\n<meta name=\"twitter:label1\" content=\"Escrito por\" \/>\n\t<meta name=\"twitter:data1\" content=\"Javier Figueroa\" \/>\n\t<meta name=\"twitter:label2\" content=\"Tiempo de lectura\" \/>\n\t<meta name=\"twitter:data2\" content=\"2 minutos\" \/>\n<script type=\"application\/ld+json\" class=\"yoast-schema-graph\">{\"@context\":\"https:\/\/schema.org\",\"@graph\":[{\"@type\":\"Article\",\"@id\":\"https:\/\/web.consaguirre.com.ar\/noticias\/lorde-charli-xcx-y-the-smashing-pumpkins-entre-los-cabezas-de-cartel-de-lollapalooza-2026\/#article\",\"isPartOf\":{\"@id\":\"https:\/\/web.consaguirre.com.ar\/noticias\/lorde-charli-xcx-y-the-smashing-pumpkins-entre-los-cabezas-de-cartel-de-lollapalooza-2026\/\"},\"author\":{\"name\":\"Javier Figueroa\",\"@id\":\"https:\/\/web.consaguirre.com.ar\/noticias\/#\/schema\/person\/6558b0cfedee7ddc5425602b237d5722\"},\"headline\":\"Lorde, Charli XCX y The Smashing Pumpkins entre los cabezas de cartel de Lollapalooza 2026\",\"datePublished\":\"2026-03-21T11:39:00+00:00\",\"dateModified\":\"2026-03-21T11:39:00+00:00\",\"mainEntityOfPage\":{\"@id\":\"https:\/\/web.consaguirre.com.ar\/noticias\/lorde-charli-xcx-y-the-smashing-pumpkins-entre-los-cabezas-de-cartel-de-lollapalooza-2026\/\"},\"wordCount\":378,\"publisher\":{\"@id\":\"https:\/\/web.consaguirre.com.ar\/noticias\/#organization\"},\"image\":{\"@id\":\"https:\/\/web.consaguirre.com.ar\/noticias\/lorde-charli-xcx-y-the-smashing-pumpkins-entre-los-cabezas-de-cartel-de-lollapalooza-2026\/#primaryimage\"},\"thumbnailUrl\":\"https:\/\/web.consaguirre.com.ar\/noticias\/wp-content\/uploads\/2026\/02\/The-Smashing-Pumpkins-anuncian-la-reedicion-del-35-aniversario-de.jpg\",\"keywords\":[\"cabezas\",\"cartel\",\"Charli\",\"entre\",\"Lollapalooza\",\"Lorde\",\"los\",\"Pumpkins\",\"Smashing\",\"XCX\"],\"articleSection\":[\"El \u00faltimo\"],\"inLanguage\":\"es-AR\"},{\"@type\":\"WebPage\",\"@id\":\"https:\/\/web.consaguirre.com.ar\/noticias\/lorde-charli-xcx-y-the-smashing-pumpkins-entre-los-cabezas-de-cartel-de-lollapalooza-2026\/\",\"url\":\"https:\/\/web.consaguirre.com.ar\/noticias\/lorde-charli-xcx-y-the-smashing-pumpkins-entre-los-cabezas-de-cartel-de-lollapalooza-2026\/\",\"name\":\"Lorde, Charli XCX y The Smashing Pumpkins entre los cabezas de cartel de Lollapalooza 2026\",\"isPartOf\":{\"@id\":\"https:\/\/web.consaguirre.com.ar\/noticias\/#website\"},\"primaryImageOfPage\":{\"@id\":\"https:\/\/web.consaguirre.com.ar\/noticias\/lorde-charli-xcx-y-the-smashing-pumpkins-entre-los-cabezas-de-cartel-de-lollapalooza-2026\/#primaryimage\"},\"image\":{\"@id\":\"https:\/\/web.consaguirre.com.ar\/noticias\/lorde-charli-xcx-y-the-smashing-pumpkins-entre-los-cabezas-de-cartel-de-lollapalooza-2026\/#primaryimage\"},\"thumbnailUrl\":\"https:\/\/web.consaguirre.com.ar\/noticias\/wp-content\/uploads\/2026\/02\/The-Smashing-Pumpkins-anuncian-la-reedicion-del-35-aniversario-de.jpg\",\"datePublished\":\"2026-03-21T11:39:00+00:00\",\"dateModified\":\"2026-03-21T11:39:00+00:00\",\"breadcrumb\":{\"@id\":\"https:\/\/web.consaguirre.com.ar\/noticias\/lorde-charli-xcx-y-the-smashing-pumpkins-entre-los-cabezas-de-cartel-de-lollapalooza-2026\/#breadcrumb\"},\"inLanguage\":\"es-AR\",\"potentialAction\":[{\"@type\":\"ReadAction\",\"target\":[\"https:\/\/web.consaguirre.com.ar\/noticias\/lorde-charli-xcx-y-the-smashing-pumpkins-entre-los-cabezas-de-cartel-de-lollapalooza-2026\/\"]}]},{\"@type\":\"ImageObject\",\"inLanguage\":\"es-AR\",\"@id\":\"https:\/\/web.consaguirre.com.ar\/noticias\/lorde-charli-xcx-y-the-smashing-pumpkins-entre-los-cabezas-de-cartel-de-lollapalooza-2026\/#primaryimage\",\"url\":\"https:\/\/web.consaguirre.com.ar\/noticias\/wp-content\/uploads\/2026\/02\/The-Smashing-Pumpkins-anuncian-la-reedicion-del-35-aniversario-de.jpg\",\"contentUrl\":\"https:\/\/web.consaguirre.com.ar\/noticias\/wp-content\/uploads\/2026\/02\/The-Smashing-Pumpkins-anuncian-la-reedicion-del-35-aniversario-de.jpg\",\"width\":820,\"height\":820,\"caption\":\"The Smashing Pumpkins anuncian la reedici\u00f3n del 35 aniversario de 'Gish'\"},{\"@type\":\"BreadcrumbList\",\"@id\":\"https:\/\/web.consaguirre.com.ar\/noticias\/lorde-charli-xcx-y-the-smashing-pumpkins-entre-los-cabezas-de-cartel-de-lollapalooza-2026\/#breadcrumb\",\"itemListElement\":[{\"@type\":\"ListItem\",\"position\":1,\"name\":\"Inicio\",\"item\":\"https:\/\/web.consaguirre.com.ar\/noticias\/\"},{\"@type\":\"ListItem\",\"position\":2,\"name\":\"Lorde, Charli XCX y The Smashing Pumpkins entre los cabezas de cartel de Lollapalooza 2026\"}]},{\"@type\":\"WebSite\",\"@id\":\"https:\/\/web.consaguirre.com.ar\/noticias\/#website\",\"url\":\"https:\/\/web.consaguirre.com.ar\/noticias\/\",\"name\":\"Conservatorio de M\u00fasica Juli\u00e1n Aguirre\",\"description\":\"\",\"publisher\":{\"@id\":\"https:\/\/web.consaguirre.com.ar\/noticias\/#organization\"},\"potentialAction\":[{\"@type\":\"SearchAction\",\"target\":{\"@type\":\"EntryPoint\",\"urlTemplate\":\"https:\/\/web.consaguirre.com.ar\/noticias\/?s={search_term_string}\"},\"query-input\":\"required name=search_term_string\"}],\"inLanguage\":\"es-AR\"},{\"@type\":\"Organization\",\"@id\":\"https:\/\/web.consaguirre.com.ar\/noticias\/#organization\",\"name\":\"Conservatorio de M\u00fasica Juli\u00e1n Aguirre\",\"url\":\"https:\/\/web.consaguirre.com.ar\/noticias\/\",\"logo\":{\"@type\":\"ImageObject\",\"inLanguage\":\"es-AR\",\"@id\":\"https:\/\/web.consaguirre.com.ar\/noticias\/#\/schema\/logo\/image\/\",\"url\":\"https:\/\/web.consaguirre.com.ar\/noticias\/wp-content\/uploads\/2024\/08\/Banner-Aguirre-23.jpg\",\"contentUrl\":\"https:\/\/web.consaguirre.com.ar\/noticias\/wp-content\/uploads\/2024\/08\/Banner-Aguirre-23.jpg\",\"width\":1192,\"height\":600,\"caption\":\"Conservatorio de M\u00fasica Juli\u00e1n Aguirre\"},\"image\":{\"@id\":\"https:\/\/web.consaguirre.com.ar\/noticias\/#\/schema\/logo\/image\/\"}},{\"@type\":\"Person\",\"@id\":\"https:\/\/web.consaguirre.com.ar\/noticias\/#\/schema\/person\/6558b0cfedee7ddc5425602b237d5722\",\"name\":\"Javier Figueroa\",\"image\":{\"@type\":\"ImageObject\",\"inLanguage\":\"es-AR\",\"@id\":\"https:\/\/web.consaguirre.com.ar\/noticias\/#\/schema\/person\/image\/\",\"url\":\"https:\/\/web.consaguirre.com.ar\/noticias\/wp-content\/uploads\/2024\/08\/Consaguirre-scaled.jpg\",\"contentUrl\":\"https:\/\/web.consaguirre.com.ar\/noticias\/wp-content\/uploads\/2024\/08\/Consaguirre-scaled.jpg\",\"caption\":\"Javier Figueroa\"},\"description\":\"Me llamo Javier Figueroa y soy redactor para el sitio oficial del Conservatorio de M\u00fasica Juli\u00e1n Aguirre en Buenos Aires, consaguirre.com. Apasionado por la m\u00fasica y la escritura, me esfuerzo por destacar los talentos y eventos de nuestra prestigiosa instituci\u00f3n. Mi trayectoria se nutre de una profunda admiraci\u00f3n por los artistas, haciendo de cada art\u00edculo una celebraci\u00f3n de la creatividad y la cultura musical.\",\"sameAs\":[\"https:\/\/web.consaguirre.com.ar\/noticias\"]}]}<\/script>\n<!-- \/ Yoast SEO plugin. -->","yoast_head_json":{"title":"Lorde, Charli XCX y The Smashing Pumpkins entre los cabezas de cartel de Lollapalooza 2026","robots":{"index":"index","follow":"follow","max-snippet":"max-snippet:-1","max-image-preview":"max-image-preview:large","max-video-preview":"max-video-preview:-1"},"canonical":"https:\/\/web.consaguirre.com.ar\/noticias\/lorde-charli-xcx-y-the-smashing-pumpkins-entre-los-cabezas-de-cartel-de-lollapalooza-2026\/","og_locale":"es_ES","og_type":"article","og_title":"Lorde, Charli XCX y The Smashing Pumpkins entre los cabezas de cartel de Lollapalooza 2026","og_description":"Lollapalooza ha revelado su alineaci\u00f3n completa. Lorde, Charli XCX, The Smashing Pumpkins, Olivia Dean, Tate McRae, Jennie, The xx y John Summit ser\u00e1n los cabezas","og_url":"https:\/\/web.consaguirre.com.ar\/noticias\/lorde-charli-xcx-y-the-smashing-pumpkins-entre-los-cabezas-de-cartel-de-lollapalooza-2026\/","og_site_name":"Conservatorio de M\u00fasica Juli\u00e1n Aguirre","article_published_time":"2026-03-21T11:39:00+00:00","og_image":[{"width":820,"height":820,"url":"https:\/\/web.consaguirre.com.ar\/noticias\/wp-content\/uploads\/2026\/02\/The-Smashing-Pumpkins-anuncian-la-reedicion-del-35-aniversario-de.jpg","type":"image\/jpeg"}],"author":"Javier Figueroa","twitter_card":"summary_large_image","twitter_misc":{"Escrito por":"Javier Figueroa","Tiempo de lectura":"2 minutos"},"schema":{"@context":"https:\/\/schema.org","@graph":[{"@type":"Article","@id":"https:\/\/web.consaguirre.com.ar\/noticias\/lorde-charli-xcx-y-the-smashing-pumpkins-entre-los-cabezas-de-cartel-de-lollapalooza-2026\/#article","isPartOf":{"@id":"https:\/\/web.consaguirre.com.ar\/noticias\/lorde-charli-xcx-y-the-smashing-pumpkins-entre-los-cabezas-de-cartel-de-lollapalooza-2026\/"},"author":{"name":"Javier Figueroa","@id":"https:\/\/web.consaguirre.com.ar\/noticias\/#\/schema\/person\/6558b0cfedee7ddc5425602b237d5722"},"headline":"Lorde, Charli XCX y The Smashing Pumpkins entre los cabezas de cartel de Lollapalooza 2026","datePublished":"2026-03-21T11:39:00+00:00","dateModified":"2026-03-21T11:39:00+00:00","mainEntityOfPage":{"@id":"https:\/\/web.consaguirre.com.ar\/noticias\/lorde-charli-xcx-y-the-smashing-pumpkins-entre-los-cabezas-de-cartel-de-lollapalooza-2026\/"},"wordCount":378,"publisher":{"@id":"https:\/\/web.consaguirre.com.ar\/noticias\/#organization"},"image":{"@id":"https:\/\/web.consaguirre.com.ar\/noticias\/lorde-charli-xcx-y-the-smashing-pumpkins-entre-los-cabezas-de-cartel-de-lollapalooza-2026\/#primaryimage"},"thumbnailUrl":"https:\/\/web.consaguirre.com.ar\/noticias\/wp-content\/uploads\/2026\/02\/The-Smashing-Pumpkins-anuncian-la-reedicion-del-35-aniversario-de.jpg","keywords":["cabezas","cartel","Charli","entre","Lollapalooza","Lorde","los","Pumpkins","Smashing","XCX"],"articleSection":["El \u00faltimo"],"inLanguage":"es-AR"},{"@type":"WebPage","@id":"https:\/\/web.consaguirre.com.ar\/noticias\/lorde-charli-xcx-y-the-smashing-pumpkins-entre-los-cabezas-de-cartel-de-lollapalooza-2026\/","url":"https:\/\/web.consaguirre.com.ar\/noticias\/lorde-charli-xcx-y-the-smashing-pumpkins-entre-los-cabezas-de-cartel-de-lollapalooza-2026\/","name":"Lorde, Charli XCX y The Smashing Pumpkins entre los cabezas de cartel de Lollapalooza 2026","isPartOf":{"@id":"https:\/\/web.consaguirre.com.ar\/noticias\/#website"},"primaryImageOfPage":{"@id":"https:\/\/web.consaguirre.com.ar\/noticias\/lorde-charli-xcx-y-the-smashing-pumpkins-entre-los-cabezas-de-cartel-de-lollapalooza-2026\/#primaryimage"},"image":{"@id":"https:\/\/web.consaguirre.com.ar\/noticias\/lorde-charli-xcx-y-the-smashing-pumpkins-entre-los-cabezas-de-cartel-de-lollapalooza-2026\/#primaryimage"},"thumbnailUrl":"https:\/\/web.consaguirre.com.ar\/noticias\/wp-content\/uploads\/2026\/02\/The-Smashing-Pumpkins-anuncian-la-reedicion-del-35-aniversario-de.jpg","datePublished":"2026-03-21T11:39:00+00:00","dateModified":"2026-03-21T11:39:00+00:00","breadcrumb":{"@id":"https:\/\/web.consaguirre.com.ar\/noticias\/lorde-charli-xcx-y-the-smashing-pumpkins-entre-los-cabezas-de-cartel-de-lollapalooza-2026\/#breadcrumb"},"inLanguage":"es-AR","potentialAction":[{"@type":"ReadAction","target":["https:\/\/web.consaguirre.com.ar\/noticias\/lorde-charli-xcx-y-the-smashing-pumpkins-entre-los-cabezas-de-cartel-de-lollapalooza-2026\/"]}]},{"@type":"ImageObject","inLanguage":"es-AR","@id":"https:\/\/web.consaguirre.com.ar\/noticias\/lorde-charli-xcx-y-the-smashing-pumpkins-entre-los-cabezas-de-cartel-de-lollapalooza-2026\/#primaryimage","url":"https:\/\/web.consaguirre.com.ar\/noticias\/wp-content\/uploads\/2026\/02\/The-Smashing-Pumpkins-anuncian-la-reedicion-del-35-aniversario-de.jpg","contentUrl":"https:\/\/web.consaguirre.com.ar\/noticias\/wp-content\/uploads\/2026\/02\/The-Smashing-Pumpkins-anuncian-la-reedicion-del-35-aniversario-de.jpg","width":820,"height":820,"caption":"The Smashing Pumpkins anuncian la reedici\u00f3n del 35 aniversario de 'Gish'"},{"@type":"BreadcrumbList","@id":"https:\/\/web.consaguirre.com.ar\/noticias\/lorde-charli-xcx-y-the-smashing-pumpkins-entre-los-cabezas-de-cartel-de-lollapalooza-2026\/#breadcrumb","itemListElement":[{"@type":"ListItem","position":1,"name":"Inicio","item":"https:\/\/web.consaguirre.com.ar\/noticias\/"},{"@type":"ListItem","position":2,"name":"Lorde, Charli XCX y The Smashing Pumpkins entre los cabezas de cartel de Lollapalooza 2026"}]},{"@type":"WebSite","@id":"https:\/\/web.consaguirre.com.ar\/noticias\/#website","url":"https:\/\/web.consaguirre.com.ar\/noticias\/","name":"Conservatorio de M\u00fasica Juli\u00e1n Aguirre","description":"","publisher":{"@id":"https:\/\/web.consaguirre.com.ar\/noticias\/#organization"},"potentialAction":[{"@type":"SearchAction","target":{"@type":"EntryPoint","urlTemplate":"https:\/\/web.consaguirre.com.ar\/noticias\/?s={search_term_string}"},"query-input":"required name=search_term_string"}],"inLanguage":"es-AR"},{"@type":"Organization","@id":"https:\/\/web.consaguirre.com.ar\/noticias\/#organization","name":"Conservatorio de M\u00fasica Juli\u00e1n Aguirre","url":"https:\/\/web.consaguirre.com.ar\/noticias\/","logo":{"@type":"ImageObject","inLanguage":"es-AR","@id":"https:\/\/web.consaguirre.com.ar\/noticias\/#\/schema\/logo\/image\/","url":"https:\/\/web.consaguirre.com.ar\/noticias\/wp-content\/uploads\/2024\/08\/Banner-Aguirre-23.jpg","contentUrl":"https:\/\/web.consaguirre.com.ar\/noticias\/wp-content\/uploads\/2024\/08\/Banner-Aguirre-23.jpg","width":1192,"height":600,"caption":"Conservatorio de M\u00fasica Juli\u00e1n Aguirre"},"image":{"@id":"https:\/\/web.consaguirre.com.ar\/noticias\/#\/schema\/logo\/image\/"}},{"@type":"Person","@id":"https:\/\/web.consaguirre.com.ar\/noticias\/#\/schema\/person\/6558b0cfedee7ddc5425602b237d5722","name":"Javier Figueroa","image":{"@type":"ImageObject","inLanguage":"es-AR","@id":"https:\/\/web.consaguirre.com.ar\/noticias\/#\/schema\/person\/image\/","url":"https:\/\/web.consaguirre.com.ar\/noticias\/wp-content\/uploads\/2024\/08\/Consaguirre-scaled.jpg","contentUrl":"https:\/\/web.consaguirre.com.ar\/noticias\/wp-content\/uploads\/2024\/08\/Consaguirre-scaled.jpg","caption":"Javier Figueroa"},"description":"Me llamo Javier Figueroa y soy redactor para el sitio oficial del Conservatorio de M\u00fasica Juli\u00e1n Aguirre en Buenos Aires, consaguirre.com. Apasionado por la m\u00fasica y la escritura, me esfuerzo por destacar los talentos y eventos de nuestra prestigiosa instituci\u00f3n. Mi trayectoria se nutre de una profunda admiraci\u00f3n por los artistas, haciendo de cada art\u00edculo una celebraci\u00f3n de la creatividad y la cultura musical.","sameAs":["https:\/\/web.consaguirre.com.ar\/noticias"]}]}},"_links":{"self":[{"href":"https:\/\/web.consaguirre.com.ar\/noticias\/wp-json\/wp\/v2\/posts\/5421"}],"collection":[{"href":"https:\/\/web.consaguirre.com.ar\/noticias\/wp-json\/wp\/v2\/posts"}],"about":[{"href":"https:\/\/web.consaguirre.com.ar\/noticias\/wp-json\/wp\/v2\/types\/post"}],"author":[{"embeddable":true,"href":"https:\/\/web.consaguirre.com.ar\/noticias\/wp-json\/wp\/v2\/users\/1"}],"replies":[{"embeddable":true,"href":"https:\/\/web.consaguirre.com.ar\/noticias\/wp-json\/wp\/v2\/comments?post=5421"}],"version-history":[{"count":1,"href":"https:\/\/web.consaguirre.com.ar\/noticias\/wp-json\/wp\/v2\/posts\/5421\/revisions"}],"predecessor-version":[{"id":5422,"href":"https:\/\/web.consaguirre.com.ar\/noticias\/wp-json\/wp\/v2\/posts\/5421\/revisions\/5422"}],"wp:featuredmedia":[{"embeddable":true,"href":"https:\/\/web.consaguirre.com.ar\/noticias\/wp-json\/wp\/v2\/media\/5088"}],"wp:attachment":[{"href":"https:\/\/web.consaguirre.com.ar\/noticias\/wp-json\/wp\/v2\/media?parent=5421"}],"wp:term":[{"taxonomy":"category","embeddable":true,"href":"https:\/\/web.consaguirre.com.ar\/noticias\/wp-json\/wp\/v2\/categories?post=5421"},{"taxonomy":"post_tag","embeddable":true,"href":"https:\/\/web.consaguirre.com.ar\/noticias\/wp-json\/wp\/v2\/tags?post=5421"}],"curies":[{"name":"wp","href":"https:\/\/api.w.org\/{rel}","templated":true}]}}