{"id":5416,"date":"2026-03-21T02:38:17","date_gmt":"2026-03-21T05:38:17","guid":{"rendered":"https:\/\/web.consaguirre.com.ar\/noticias\/mire-el-nuevo-trailer-de-power-to-the-people-de-john-lennon-y-yoko-ono\/"},"modified":"2026-03-21T02:38:17","modified_gmt":"2026-03-21T05:38:17","slug":"mire-el-nuevo-trailer-de-power-to-the-people-de-john-lennon-y-yoko-ono","status":"publish","type":"post","link":"https:\/\/web.consaguirre.com.ar\/noticias\/mire-el-nuevo-trailer-de-power-to-the-people-de-john-lennon-y-yoko-ono\/","title":{"rendered":"Mire el nuevo tr\u00e1iler de &#8216;Power to the People&#8217; de John Lennon y Yoko Ono"},"content":{"rendered":"<p>Un nuevo tr\u00e1iler de P<em>Poder para la gente: John y Yoko viven en Nueva York<\/em> ha aterrizado. La pel\u00edcula del concierto recientemente restaurada captura lo que se consideran los \u00fanicos espect\u00e1culos de larga duraci\u00f3n que realiz\u00f3 John Lennon despu\u00e9s de dejar a The Beatles, los conciertos ben\u00e9ficos One to One en la ciudad de Nueva York. Como parte de la nueva restauraci\u00f3n, la pel\u00edcula tambi\u00e9n se proyectar\u00e1 en cines selectos de todo el mundo a partir del 29 de abril.<\/p>\n<p>La pel\u00edcula documenta dos conciertos con entradas agotadas en el Madison Square Garden el 30 de agosto de 1972, interpretados por Lennon, Yoko Ono y su Plastic Ono Band con Elephant&#8217;s Memory. La lista m\u00e1s grande de conciertos tambi\u00e9n incluy\u00f3 invitados especiales como Stevie Wonder, Sha Na Na y Melanie Safka-Schekeryk. La pel\u00edcula presenta interpretaciones de algunas de las canciones m\u00e1s queridas de Lennon, incluidas \u201cImagine\u201d, \u201cInstant Karma!\u201d y \u201cGive Peace a Chance\u201d. Yoko Ono tambi\u00e9n trae algunos de sus cl\u00e1sicos al escenario, como &#8220;Don&#8217;t Worry Kyoko (Mummy&#8217;s Only Looking for a Hand in the Snow)&#8221;, &#8220;Open Your Box&#8221;, &#8220;Sisters O Sisters&#8221; y &#8220;Born In A Prison&#8221;.<\/p>\n<div align=\"center\">\n<div class=\"udiscover-store-container\">\n<div id='udiscover-store-three-product'><\/div>\n<\/div>\n<p>\/*<!(CDATA(*\/(function (){var scriptURL='https:\/\/sdks.shopifycdn.com\/buy-button\/latest\/buy-button-storefront.min.js';if(window.ShopifyBuy){if(window.ShopifyBuy.UI){ShopifyBuyInit();}else{loadScript();}}else{loadScript();}funci\u00f3n loadScript(){var script=document.createElement('script');script.async=true;script.src=scriptURL;(document.getElementsByTagName('head')(0)|| document.getElementsByTagName('body')(0)).appendChild(script);script.onload=ShopifyBuyInit;} function ShopifyBuyInit(){var cliente=ShopifyBuy.buildClient({dominio:'udiscover.myshopify.com',storefrontAccessToken: 'bdc89f347d2ce61c1feeb9f8c60b2b98',}); ShopifyBuy.UI.onReady(cliente).luego(funci\u00f3n(ui){ ui.createComponent('productSet',{ id:(7541630042189,7541625126989,7541599010893), nodo:document.getElementById('udiscover-store-tres-producto'), moneyFormat:'%24%7B%7Bamount%7D%7D', opciones:{&quot;producto&quot;:{&quot;marco flotante&quot;:FALSO,&quot;bot\u00f3nDestino&quot;:&quot;modal&quot;,&quot;contenido&quot;:{&quot;opciones&quot;:verdadero},&quot;texto&quot;:{&quot;bot\u00f3n&quot;:&quot;PEDIR AHORA&quot;,&quot;Agotado&quot;:&quot;Lo sentimos, esto est\u00e1 agotado.&quot;}},&quot;conjunto de productos&quot;:{&quot;marco flotante&quot;:FALSO},&quot;modalProducto&quot;:{&quot;marco flotante&quot;:FALSO,&quot;contenido&quot;:{&quot;imagen&quot;:FALSO,&quot;imgConCarrusel&quot;:verdadero,&quot;bot\u00f3n&quot;:FALSO,&quot;bot\u00f3nConCantidad&quot;:verdadero}},&quot;modal&quot;:{&quot;marco flotante&quot;:FALSO},&quot;opci\u00f3n&quot;:{&quot;marco flotante&quot;:FALSO},&quot;carro&quot;:{&quot;marco flotante&quot;:FALSO},&quot;palanca&quot;:{&quot;marco flotante&quot;:FALSO,&quot;contenido&quot;:{&quot;icono&quot;:FALSO}},&quot;art\u00edculo de l\u00ednea&quot;:{&quot;marco flotante&quot;:FALSO}}, }); }); } })(); \/*))>*\/ <\/div>\n<\/p>\n<p>Los programas atrajeron una audiencia combinada de 40.000 personas y recaudaron m\u00e1s de 1,5 millones de d\u00f3lares para ni\u00f1os con discapacidades intelectuales y del desarrollo, una suma equivalente a aproximadamente 11,5 millones de d\u00f3lares en 2026. La restauraci\u00f3n ha tardado veinte a\u00f1os en realizarse, y cada fotograma se limpi\u00f3 a mano antes de ser reeditado y remezclado por un equipo dirigido por el hijo de la pareja, Sean Ono Lennon.<\/p>\n<div class=\"uD-YT-container\"><img decoding=\"async\" src=\"https:\/\/web.consaguirre.com.ar\/noticias\/wp-content\/uploads\/2026\/03\/Mire-el-nuevo-trailer-de-Power-to-the-People-de.jpg\" alt=\"V\u00eddeo de YouTube\"><br \/>Haga clic para cargar v\u00eddeo<\/div>\n<p><em>Poder para la gente: John y Yoko viven en Nueva York<\/em> sigue al lanzamiento en octubre de 2025 de una caja del mismo nombre. La colecci\u00f3n de nueve discos combina grabaciones en vivo de los shows del Madison Square Garden con una versi\u00f3n remasterizada de su \u00e1lbum de 1972. <em>Alg\u00fan tiempo en la ciudad de Nueva York<\/em>.<\/p>\n<p><b>Compre aqu\u00ed la m\u00fasica de John Lennon y Yoko Ono en vinilos y CD de edici\u00f3n limitada.<\/b><\/p>\n","protected":false},"excerpt":{"rendered":"<p>Un nuevo tr\u00e1iler de PPoder para la gente: John y Yoko viven en Nueva York ha aterrizado. La pel\u00edcula del concierto recientemente restaurada captura lo<\/p>\n","protected":false},"author":1,"featured_media":5351,"comment_status":"closed","ping_status":"","sticky":false,"template":"","format":"standard","meta":{"footnotes":""},"categories":[50],"tags":[91,349,1518,146,348,1276,4001,635,2114],"class_list":["post-5416","post","type-post","status-publish","format-standard","has-post-thumbnail","hentry","category-el-ultimo","tag-john","tag-lennon","tag-mire","tag-nuevo","tag-ono","tag-people","tag-power","tag-trailer","tag-yoko","generate-columns","tablet-grid-50","mobile-grid-100","grid-parent","grid-50"],"yoast_head":"<!-- This site is optimized with the Yoast SEO plugin v23.3 - https:\/\/yoast.com\/wordpress\/plugins\/seo\/ -->\n<title>Mire el nuevo tr\u00e1iler de &#039;Power to the People&#039; de John Lennon y Yoko Ono<\/title>\n<meta name=\"robots\" content=\"index, follow, max-snippet:-1, max-image-preview:large, max-video-preview:-1\" \/>\n<link rel=\"canonical\" href=\"https:\/\/web.consaguirre.com.ar\/noticias\/mire-el-nuevo-trailer-de-power-to-the-people-de-john-lennon-y-yoko-ono\/\" \/>\n<meta property=\"og:locale\" content=\"es_ES\" \/>\n<meta property=\"og:type\" content=\"article\" \/>\n<meta property=\"og:title\" content=\"Mire el nuevo tr\u00e1iler de &#039;Power to the People&#039; de John Lennon y Yoko Ono\" \/>\n<meta property=\"og:description\" content=\"Un nuevo tr\u00e1iler de PPoder para la gente: John y Yoko viven en Nueva York ha aterrizado. La pel\u00edcula del concierto recientemente restaurada captura lo\" \/>\n<meta property=\"og:url\" content=\"https:\/\/web.consaguirre.com.ar\/noticias\/mire-el-nuevo-trailer-de-power-to-the-people-de-john-lennon-y-yoko-ono\/\" \/>\n<meta property=\"og:site_name\" content=\"Conservatorio de M\u00fasica Juli\u00e1n Aguirre\" \/>\n<meta property=\"article:published_time\" content=\"2026-03-21T05:38:17+00:00\" \/>\n<meta property=\"og:image\" content=\"https:\/\/web.consaguirre.com.ar\/noticias\/wp-content\/uploads\/2026\/03\/Los-espectaculos-de-John-Lennon-y-Yoko-Ono-en-Nueva.jpg\" \/>\n\t<meta property=\"og:image:width\" content=\"1000\" \/>\n\t<meta property=\"og:image:height\" content=\"600\" \/>\n\t<meta property=\"og:image:type\" content=\"image\/jpeg\" \/>\n<meta name=\"author\" content=\"Javier Figueroa\" \/>\n<meta name=\"twitter:card\" content=\"summary_large_image\" \/>\n<meta name=\"twitter:label1\" content=\"Escrito por\" \/>\n\t<meta name=\"twitter:data1\" content=\"Javier Figueroa\" \/>\n\t<meta name=\"twitter:label2\" content=\"Tiempo de lectura\" \/>\n\t<meta name=\"twitter:data2\" content=\"2 minutos\" \/>\n<script type=\"application\/ld+json\" class=\"yoast-schema-graph\">{\"@context\":\"https:\/\/schema.org\",\"@graph\":[{\"@type\":\"Article\",\"@id\":\"https:\/\/web.consaguirre.com.ar\/noticias\/mire-el-nuevo-trailer-de-power-to-the-people-de-john-lennon-y-yoko-ono\/#article\",\"isPartOf\":{\"@id\":\"https:\/\/web.consaguirre.com.ar\/noticias\/mire-el-nuevo-trailer-de-power-to-the-people-de-john-lennon-y-yoko-ono\/\"},\"author\":{\"name\":\"Javier Figueroa\",\"@id\":\"https:\/\/web.consaguirre.com.ar\/noticias\/#\/schema\/person\/6558b0cfedee7ddc5425602b237d5722\"},\"headline\":\"Mire el nuevo tr\u00e1iler de &#8216;Power to the People&#8217; de John Lennon y Yoko Ono\",\"datePublished\":\"2026-03-21T05:38:17+00:00\",\"dateModified\":\"2026-03-21T05:38:17+00:00\",\"mainEntityOfPage\":{\"@id\":\"https:\/\/web.consaguirre.com.ar\/noticias\/mire-el-nuevo-trailer-de-power-to-the-people-de-john-lennon-y-yoko-ono\/\"},\"wordCount\":374,\"publisher\":{\"@id\":\"https:\/\/web.consaguirre.com.ar\/noticias\/#organization\"},\"image\":{\"@id\":\"https:\/\/web.consaguirre.com.ar\/noticias\/mire-el-nuevo-trailer-de-power-to-the-people-de-john-lennon-y-yoko-ono\/#primaryimage\"},\"thumbnailUrl\":\"https:\/\/web.consaguirre.com.ar\/noticias\/wp-content\/uploads\/2026\/03\/Los-espectaculos-de-John-Lennon-y-Yoko-Ono-en-Nueva.jpg\",\"keywords\":[\"John\",\"Lennon\",\"Mire\",\"nuevo\",\"Ono\",\"People\",\"Power\",\"tr\u00e1iler\",\"Yoko\"],\"articleSection\":[\"El \u00faltimo\"],\"inLanguage\":\"es-AR\"},{\"@type\":\"WebPage\",\"@id\":\"https:\/\/web.consaguirre.com.ar\/noticias\/mire-el-nuevo-trailer-de-power-to-the-people-de-john-lennon-y-yoko-ono\/\",\"url\":\"https:\/\/web.consaguirre.com.ar\/noticias\/mire-el-nuevo-trailer-de-power-to-the-people-de-john-lennon-y-yoko-ono\/\",\"name\":\"Mire el nuevo tr\u00e1iler de 'Power to the People' de John Lennon y Yoko Ono\",\"isPartOf\":{\"@id\":\"https:\/\/web.consaguirre.com.ar\/noticias\/#website\"},\"primaryImageOfPage\":{\"@id\":\"https:\/\/web.consaguirre.com.ar\/noticias\/mire-el-nuevo-trailer-de-power-to-the-people-de-john-lennon-y-yoko-ono\/#primaryimage\"},\"image\":{\"@id\":\"https:\/\/web.consaguirre.com.ar\/noticias\/mire-el-nuevo-trailer-de-power-to-the-people-de-john-lennon-y-yoko-ono\/#primaryimage\"},\"thumbnailUrl\":\"https:\/\/web.consaguirre.com.ar\/noticias\/wp-content\/uploads\/2026\/03\/Los-espectaculos-de-John-Lennon-y-Yoko-Ono-en-Nueva.jpg\",\"datePublished\":\"2026-03-21T05:38:17+00:00\",\"dateModified\":\"2026-03-21T05:38:17+00:00\",\"breadcrumb\":{\"@id\":\"https:\/\/web.consaguirre.com.ar\/noticias\/mire-el-nuevo-trailer-de-power-to-the-people-de-john-lennon-y-yoko-ono\/#breadcrumb\"},\"inLanguage\":\"es-AR\",\"potentialAction\":[{\"@type\":\"ReadAction\",\"target\":[\"https:\/\/web.consaguirre.com.ar\/noticias\/mire-el-nuevo-trailer-de-power-to-the-people-de-john-lennon-y-yoko-ono\/\"]}]},{\"@type\":\"ImageObject\",\"inLanguage\":\"es-AR\",\"@id\":\"https:\/\/web.consaguirre.com.ar\/noticias\/mire-el-nuevo-trailer-de-power-to-the-people-de-john-lennon-y-yoko-ono\/#primaryimage\",\"url\":\"https:\/\/web.consaguirre.com.ar\/noticias\/wp-content\/uploads\/2026\/03\/Los-espectaculos-de-John-Lennon-y-Yoko-Ono-en-Nueva.jpg\",\"contentUrl\":\"https:\/\/web.consaguirre.com.ar\/noticias\/wp-content\/uploads\/2026\/03\/Los-espectaculos-de-John-Lennon-y-Yoko-Ono-en-Nueva.jpg\",\"width\":1000,\"height\":600,\"caption\":\"John Lennon and Yoko Ono Lennon photo by Michael Negrin \u00a9 Yoko Ono Lennon\"},{\"@type\":\"BreadcrumbList\",\"@id\":\"https:\/\/web.consaguirre.com.ar\/noticias\/mire-el-nuevo-trailer-de-power-to-the-people-de-john-lennon-y-yoko-ono\/#breadcrumb\",\"itemListElement\":[{\"@type\":\"ListItem\",\"position\":1,\"name\":\"Inicio\",\"item\":\"https:\/\/web.consaguirre.com.ar\/noticias\/\"},{\"@type\":\"ListItem\",\"position\":2,\"name\":\"Mire el nuevo tr\u00e1iler de &#8216;Power to the People&#8217; de John Lennon y Yoko Ono\"}]},{\"@type\":\"WebSite\",\"@id\":\"https:\/\/web.consaguirre.com.ar\/noticias\/#website\",\"url\":\"https:\/\/web.consaguirre.com.ar\/noticias\/\",\"name\":\"Conservatorio de M\u00fasica Juli\u00e1n Aguirre\",\"description\":\"\",\"publisher\":{\"@id\":\"https:\/\/web.consaguirre.com.ar\/noticias\/#organization\"},\"potentialAction\":[{\"@type\":\"SearchAction\",\"target\":{\"@type\":\"EntryPoint\",\"urlTemplate\":\"https:\/\/web.consaguirre.com.ar\/noticias\/?s={search_term_string}\"},\"query-input\":\"required name=search_term_string\"}],\"inLanguage\":\"es-AR\"},{\"@type\":\"Organization\",\"@id\":\"https:\/\/web.consaguirre.com.ar\/noticias\/#organization\",\"name\":\"Conservatorio de M\u00fasica Juli\u00e1n Aguirre\",\"url\":\"https:\/\/web.consaguirre.com.ar\/noticias\/\",\"logo\":{\"@type\":\"ImageObject\",\"inLanguage\":\"es-AR\",\"@id\":\"https:\/\/web.consaguirre.com.ar\/noticias\/#\/schema\/logo\/image\/\",\"url\":\"https:\/\/web.consaguirre.com.ar\/noticias\/wp-content\/uploads\/2024\/08\/Banner-Aguirre-23.jpg\",\"contentUrl\":\"https:\/\/web.consaguirre.com.ar\/noticias\/wp-content\/uploads\/2024\/08\/Banner-Aguirre-23.jpg\",\"width\":1192,\"height\":600,\"caption\":\"Conservatorio de M\u00fasica Juli\u00e1n Aguirre\"},\"image\":{\"@id\":\"https:\/\/web.consaguirre.com.ar\/noticias\/#\/schema\/logo\/image\/\"}},{\"@type\":\"Person\",\"@id\":\"https:\/\/web.consaguirre.com.ar\/noticias\/#\/schema\/person\/6558b0cfedee7ddc5425602b237d5722\",\"name\":\"Javier Figueroa\",\"image\":{\"@type\":\"ImageObject\",\"inLanguage\":\"es-AR\",\"@id\":\"https:\/\/web.consaguirre.com.ar\/noticias\/#\/schema\/person\/image\/\",\"url\":\"https:\/\/web.consaguirre.com.ar\/noticias\/wp-content\/uploads\/2024\/08\/Consaguirre-scaled.jpg\",\"contentUrl\":\"https:\/\/web.consaguirre.com.ar\/noticias\/wp-content\/uploads\/2024\/08\/Consaguirre-scaled.jpg\",\"caption\":\"Javier Figueroa\"},\"description\":\"Me llamo Javier Figueroa y soy redactor para el sitio oficial del Conservatorio de M\u00fasica Juli\u00e1n Aguirre en Buenos Aires, consaguirre.com. Apasionado por la m\u00fasica y la escritura, me esfuerzo por destacar los talentos y eventos de nuestra prestigiosa instituci\u00f3n. Mi trayectoria se nutre de una profunda admiraci\u00f3n por los artistas, haciendo de cada art\u00edculo una celebraci\u00f3n de la creatividad y la cultura musical.\",\"sameAs\":[\"https:\/\/web.consaguirre.com.ar\/noticias\"]}]}<\/script>\n<!-- \/ Yoast SEO plugin. -->","yoast_head_json":{"title":"Mire el nuevo tr\u00e1iler de 'Power to the People' de John Lennon y Yoko Ono","robots":{"index":"index","follow":"follow","max-snippet":"max-snippet:-1","max-image-preview":"max-image-preview:large","max-video-preview":"max-video-preview:-1"},"canonical":"https:\/\/web.consaguirre.com.ar\/noticias\/mire-el-nuevo-trailer-de-power-to-the-people-de-john-lennon-y-yoko-ono\/","og_locale":"es_ES","og_type":"article","og_title":"Mire el nuevo tr\u00e1iler de 'Power to the People' de John Lennon y Yoko Ono","og_description":"Un nuevo tr\u00e1iler de PPoder para la gente: John y Yoko viven en Nueva York ha aterrizado. La pel\u00edcula del concierto recientemente restaurada captura lo","og_url":"https:\/\/web.consaguirre.com.ar\/noticias\/mire-el-nuevo-trailer-de-power-to-the-people-de-john-lennon-y-yoko-ono\/","og_site_name":"Conservatorio de M\u00fasica Juli\u00e1n Aguirre","article_published_time":"2026-03-21T05:38:17+00:00","og_image":[{"width":1000,"height":600,"url":"https:\/\/web.consaguirre.com.ar\/noticias\/wp-content\/uploads\/2026\/03\/Los-espectaculos-de-John-Lennon-y-Yoko-Ono-en-Nueva.jpg","type":"image\/jpeg"}],"author":"Javier Figueroa","twitter_card":"summary_large_image","twitter_misc":{"Escrito por":"Javier Figueroa","Tiempo de lectura":"2 minutos"},"schema":{"@context":"https:\/\/schema.org","@graph":[{"@type":"Article","@id":"https:\/\/web.consaguirre.com.ar\/noticias\/mire-el-nuevo-trailer-de-power-to-the-people-de-john-lennon-y-yoko-ono\/#article","isPartOf":{"@id":"https:\/\/web.consaguirre.com.ar\/noticias\/mire-el-nuevo-trailer-de-power-to-the-people-de-john-lennon-y-yoko-ono\/"},"author":{"name":"Javier Figueroa","@id":"https:\/\/web.consaguirre.com.ar\/noticias\/#\/schema\/person\/6558b0cfedee7ddc5425602b237d5722"},"headline":"Mire el nuevo tr\u00e1iler de &#8216;Power to the People&#8217; de John Lennon y Yoko Ono","datePublished":"2026-03-21T05:38:17+00:00","dateModified":"2026-03-21T05:38:17+00:00","mainEntityOfPage":{"@id":"https:\/\/web.consaguirre.com.ar\/noticias\/mire-el-nuevo-trailer-de-power-to-the-people-de-john-lennon-y-yoko-ono\/"},"wordCount":374,"publisher":{"@id":"https:\/\/web.consaguirre.com.ar\/noticias\/#organization"},"image":{"@id":"https:\/\/web.consaguirre.com.ar\/noticias\/mire-el-nuevo-trailer-de-power-to-the-people-de-john-lennon-y-yoko-ono\/#primaryimage"},"thumbnailUrl":"https:\/\/web.consaguirre.com.ar\/noticias\/wp-content\/uploads\/2026\/03\/Los-espectaculos-de-John-Lennon-y-Yoko-Ono-en-Nueva.jpg","keywords":["John","Lennon","Mire","nuevo","Ono","People","Power","tr\u00e1iler","Yoko"],"articleSection":["El \u00faltimo"],"inLanguage":"es-AR"},{"@type":"WebPage","@id":"https:\/\/web.consaguirre.com.ar\/noticias\/mire-el-nuevo-trailer-de-power-to-the-people-de-john-lennon-y-yoko-ono\/","url":"https:\/\/web.consaguirre.com.ar\/noticias\/mire-el-nuevo-trailer-de-power-to-the-people-de-john-lennon-y-yoko-ono\/","name":"Mire el nuevo tr\u00e1iler de 'Power to the People' de John Lennon y Yoko Ono","isPartOf":{"@id":"https:\/\/web.consaguirre.com.ar\/noticias\/#website"},"primaryImageOfPage":{"@id":"https:\/\/web.consaguirre.com.ar\/noticias\/mire-el-nuevo-trailer-de-power-to-the-people-de-john-lennon-y-yoko-ono\/#primaryimage"},"image":{"@id":"https:\/\/web.consaguirre.com.ar\/noticias\/mire-el-nuevo-trailer-de-power-to-the-people-de-john-lennon-y-yoko-ono\/#primaryimage"},"thumbnailUrl":"https:\/\/web.consaguirre.com.ar\/noticias\/wp-content\/uploads\/2026\/03\/Los-espectaculos-de-John-Lennon-y-Yoko-Ono-en-Nueva.jpg","datePublished":"2026-03-21T05:38:17+00:00","dateModified":"2026-03-21T05:38:17+00:00","breadcrumb":{"@id":"https:\/\/web.consaguirre.com.ar\/noticias\/mire-el-nuevo-trailer-de-power-to-the-people-de-john-lennon-y-yoko-ono\/#breadcrumb"},"inLanguage":"es-AR","potentialAction":[{"@type":"ReadAction","target":["https:\/\/web.consaguirre.com.ar\/noticias\/mire-el-nuevo-trailer-de-power-to-the-people-de-john-lennon-y-yoko-ono\/"]}]},{"@type":"ImageObject","inLanguage":"es-AR","@id":"https:\/\/web.consaguirre.com.ar\/noticias\/mire-el-nuevo-trailer-de-power-to-the-people-de-john-lennon-y-yoko-ono\/#primaryimage","url":"https:\/\/web.consaguirre.com.ar\/noticias\/wp-content\/uploads\/2026\/03\/Los-espectaculos-de-John-Lennon-y-Yoko-Ono-en-Nueva.jpg","contentUrl":"https:\/\/web.consaguirre.com.ar\/noticias\/wp-content\/uploads\/2026\/03\/Los-espectaculos-de-John-Lennon-y-Yoko-Ono-en-Nueva.jpg","width":1000,"height":600,"caption":"John Lennon and Yoko Ono Lennon photo by Michael Negrin \u00a9 Yoko Ono Lennon"},{"@type":"BreadcrumbList","@id":"https:\/\/web.consaguirre.com.ar\/noticias\/mire-el-nuevo-trailer-de-power-to-the-people-de-john-lennon-y-yoko-ono\/#breadcrumb","itemListElement":[{"@type":"ListItem","position":1,"name":"Inicio","item":"https:\/\/web.consaguirre.com.ar\/noticias\/"},{"@type":"ListItem","position":2,"name":"Mire el nuevo tr\u00e1iler de &#8216;Power to the People&#8217; de John Lennon y Yoko Ono"}]},{"@type":"WebSite","@id":"https:\/\/web.consaguirre.com.ar\/noticias\/#website","url":"https:\/\/web.consaguirre.com.ar\/noticias\/","name":"Conservatorio de M\u00fasica Juli\u00e1n Aguirre","description":"","publisher":{"@id":"https:\/\/web.consaguirre.com.ar\/noticias\/#organization"},"potentialAction":[{"@type":"SearchAction","target":{"@type":"EntryPoint","urlTemplate":"https:\/\/web.consaguirre.com.ar\/noticias\/?s={search_term_string}"},"query-input":"required name=search_term_string"}],"inLanguage":"es-AR"},{"@type":"Organization","@id":"https:\/\/web.consaguirre.com.ar\/noticias\/#organization","name":"Conservatorio de M\u00fasica Juli\u00e1n Aguirre","url":"https:\/\/web.consaguirre.com.ar\/noticias\/","logo":{"@type":"ImageObject","inLanguage":"es-AR","@id":"https:\/\/web.consaguirre.com.ar\/noticias\/#\/schema\/logo\/image\/","url":"https:\/\/web.consaguirre.com.ar\/noticias\/wp-content\/uploads\/2024\/08\/Banner-Aguirre-23.jpg","contentUrl":"https:\/\/web.consaguirre.com.ar\/noticias\/wp-content\/uploads\/2024\/08\/Banner-Aguirre-23.jpg","width":1192,"height":600,"caption":"Conservatorio de M\u00fasica Juli\u00e1n Aguirre"},"image":{"@id":"https:\/\/web.consaguirre.com.ar\/noticias\/#\/schema\/logo\/image\/"}},{"@type":"Person","@id":"https:\/\/web.consaguirre.com.ar\/noticias\/#\/schema\/person\/6558b0cfedee7ddc5425602b237d5722","name":"Javier Figueroa","image":{"@type":"ImageObject","inLanguage":"es-AR","@id":"https:\/\/web.consaguirre.com.ar\/noticias\/#\/schema\/person\/image\/","url":"https:\/\/web.consaguirre.com.ar\/noticias\/wp-content\/uploads\/2024\/08\/Consaguirre-scaled.jpg","contentUrl":"https:\/\/web.consaguirre.com.ar\/noticias\/wp-content\/uploads\/2024\/08\/Consaguirre-scaled.jpg","caption":"Javier Figueroa"},"description":"Me llamo Javier Figueroa y soy redactor para el sitio oficial del Conservatorio de M\u00fasica Juli\u00e1n Aguirre en Buenos Aires, consaguirre.com. Apasionado por la m\u00fasica y la escritura, me esfuerzo por destacar los talentos y eventos de nuestra prestigiosa instituci\u00f3n. Mi trayectoria se nutre de una profunda admiraci\u00f3n por los artistas, haciendo de cada art\u00edculo una celebraci\u00f3n de la creatividad y la cultura musical.","sameAs":["https:\/\/web.consaguirre.com.ar\/noticias"]}]}},"_links":{"self":[{"href":"https:\/\/web.consaguirre.com.ar\/noticias\/wp-json\/wp\/v2\/posts\/5416"}],"collection":[{"href":"https:\/\/web.consaguirre.com.ar\/noticias\/wp-json\/wp\/v2\/posts"}],"about":[{"href":"https:\/\/web.consaguirre.com.ar\/noticias\/wp-json\/wp\/v2\/types\/post"}],"author":[{"embeddable":true,"href":"https:\/\/web.consaguirre.com.ar\/noticias\/wp-json\/wp\/v2\/users\/1"}],"replies":[{"embeddable":true,"href":"https:\/\/web.consaguirre.com.ar\/noticias\/wp-json\/wp\/v2\/comments?post=5416"}],"version-history":[{"count":1,"href":"https:\/\/web.consaguirre.com.ar\/noticias\/wp-json\/wp\/v2\/posts\/5416\/revisions"}],"predecessor-version":[{"id":5417,"href":"https:\/\/web.consaguirre.com.ar\/noticias\/wp-json\/wp\/v2\/posts\/5416\/revisions\/5417"}],"wp:featuredmedia":[{"embeddable":true,"href":"https:\/\/web.consaguirre.com.ar\/noticias\/wp-json\/wp\/v2\/media\/5351"}],"wp:attachment":[{"href":"https:\/\/web.consaguirre.com.ar\/noticias\/wp-json\/wp\/v2\/media?parent=5416"}],"wp:term":[{"taxonomy":"category","embeddable":true,"href":"https:\/\/web.consaguirre.com.ar\/noticias\/wp-json\/wp\/v2\/categories?post=5416"},{"taxonomy":"post_tag","embeddable":true,"href":"https:\/\/web.consaguirre.com.ar\/noticias\/wp-json\/wp\/v2\/tags?post=5416"}],"curies":[{"name":"wp","href":"https:\/\/api.w.org\/{rel}","templated":true}]}}