{"id":5414,"date":"2026-03-20T23:38:11","date_gmt":"2026-03-21T02:38:11","guid":{"rendered":"https:\/\/web.consaguirre.com.ar\/noticias\/el-museo-grammy-anuncia-sublime-exposicion-directamente-desde-long-beach\/"},"modified":"2026-03-20T23:38:11","modified_gmt":"2026-03-21T02:38:11","slug":"el-museo-grammy-anuncia-sublime-exposicion-directamente-desde-long-beach","status":"publish","type":"post","link":"https:\/\/web.consaguirre.com.ar\/noticias\/el-museo-grammy-anuncia-sublime-exposicion-directamente-desde-long-beach\/","title":{"rendered":"El Museo Grammy anuncia sublime: exposici\u00f3n directamente desde Long Beach"},"content":{"rendered":"<p>El Museo Grammy ha anunciado una nueva exposici\u00f3n titulada <em>Sublime: Directamente desde Long Beach<\/em>celebrando el 30 aniversario del ic\u00f3nico \u00e1lbum hom\u00f3nimo de Sublime. Inaugurada el 27 de marzo de 2026, la exhibici\u00f3n ofrece a los fan\u00e1ticos una nueva mirada a la historia de la banda de California. El espect\u00e1culo se complementar\u00e1 con una programaci\u00f3n especial para el p\u00fablico el 30 de julio de 2026.<\/p>\n<p>La banda se form\u00f3 en Long Beach, California en 1988 por Bradley Nowell (voz, guitarra), Bud Gaugh (bater\u00eda) y Eric Wilson (bajo). El ascenso de la banda comenz\u00f3 despu\u00e9s del lanzamiento de su debut hom\u00f3nimo, <em>40 onzas. A la libertad<\/em> en 1992, y su seguimiento, que traspas\u00f3 los l\u00edmites, <em>Robando el cap\u00f3<\/em> en 1994. Antes de que la banda pudiera lanzar su ahora celebrado tercer LP hom\u00f3nimo, Nowell muri\u00f3 tr\u00e1gicamente el 25 de mayo de 1996. Dos meses despu\u00e9s, la banda lanz\u00f3 <em>Sublime<\/em>que vendi\u00f3 m\u00e1s de nueve millones de copias y se convirti\u00f3 en un elemento b\u00e1sico de la m\u00fasica alternativa moderna.<\/p>\n<div class=\"uD-YT-container\"><img decoding=\"async\" src=\"https:\/\/web.consaguirre.com.ar\/noticias\/wp-content\/uploads\/2026\/03\/El-Museo-Grammy-anuncia-sublime-exposicion-directamente-desde-Long-Beach.jpg\" alt=\"V\u00eddeo de YouTube\"><br \/>Haga clic para cargar v\u00eddeo<\/div>\n<p>&#8220;Es incre\u00edble que hayamos vendido tantos \u00e1lbumes y no hayamos realizado giras ni escrito m\u00fasica nueva en 30 a\u00f1os, un verdadero testimonio para nuestros fans por mantener vivo este sue\u00f1o&#8221;, dijo Bud Gaugh. &#8220;Ver al Museo Grammy celebrar este cap\u00edtulo de nuestra historia con una exhibici\u00f3n es realmente significativo para nosotros. \u00a1Gracias a los fan\u00e1ticos por todo el apoyo, est\u00e1n todos locos y nosotros estamos locamente enamorados de ustedes!&#8221;<\/p>\n<div align=\"center\">\n<div class=\"udiscover-store-container\">\n<div id='udiscover-store-three-product'><\/div>\n<\/div>\n<p>\/*<!(CDATA(*\/(function (){var scriptURL='https:\/\/sdks.shopifycdn.com\/buy-button\/latest\/buy-button-storefront.min.js';if(window.ShopifyBuy){if(window.ShopifyBuy.UI){ShopifyBuyInit();}else{loadScript();}}else{loadScript();}funci\u00f3n loadScript(){var script=document.createElement('script');script.async=true;script.src=scriptURL;(document.getElementsByTagName('head')(0)|| document.getElementsByTagName('body')(0)).appendChild(script);script.onload=ShopifyBuyInit;} function ShopifyBuyInit(){var cliente=ShopifyBuy.buildClient({dominio:'udiscover.myshopify.com',storefrontAccessToken: 'bdc89f347d2ce61c1feeb9f8c60b2b98',}); ShopifyBuy.UI.onReady(cliente).luego(funci\u00f3n(ui){ ui.createComponent('productSet',{ id:(7453988814925,7464502362189,7454001692749), nodo:document.getElementById('udiscover-store-tres-productos'), moneyFormat:'%24%7B%7Bamount%7D%7D', opciones:{&quot;producto&quot;:{&quot;marco flotante&quot;:FALSO,&quot;bot\u00f3nDestino&quot;:&quot;modal&quot;,&quot;contenido&quot;:{&quot;opciones&quot;:verdadero},&quot;texto&quot;:{&quot;bot\u00f3n&quot;:&quot;PEDIR AHORA&quot;,&quot;Agotado&quot;:&quot;Lo sentimos, esto est\u00e1 agotado.&quot;}},&quot;conjunto de productos&quot;:{&quot;marco flotante&quot;:FALSO},&quot;modalProducto&quot;:{&quot;marco flotante&quot;:FALSO,&quot;contenido&quot;:{&quot;imagen&quot;:FALSO,&quot;imgConCarrusel&quot;:verdadero,&quot;bot\u00f3n&quot;:FALSO,&quot;bot\u00f3nConCantidad&quot;:verdadero}},&quot;modal&quot;:{&quot;marco flotante&quot;:FALSO},&quot;opci\u00f3n&quot;:{&quot;marco flotante&quot;:FALSO},&quot;carro&quot;:{&quot;marco flotante&quot;:FALSO},&quot;palanca&quot;:{&quot;marco flotante&quot;:FALSO,&quot;contenido&quot;:{&quot;icono&quot;:FALSO}},&quot;art\u00edculo de l\u00ednea&quot;:{&quot;marco flotante&quot;:FALSO}}, }); }); } })(); \/*))>*\/ <\/div>\n<\/p>\n<p>Kelsey Goelz, curadora del Museo Grammy, agreg\u00f3: &#8220;La m\u00fasica de Sublime captur\u00f3 un momento \u00fanico en el tiempo, mezclando punk, reggae, ska y rock alternativo en un sonido que era inconfundiblemente suyo. Esta exhibici\u00f3n destaca el impacto cultural de la banda y la vibrante escena de Long Beach que nutri\u00f3 a la banda. Estamos emocionados de brindarles a los fan\u00e1ticos una mirada \u00edntima al legado de Sublime y la influencia duradera de su m\u00fasica&#8221;.<\/p>\n<p>Sublime sigue siendo tan influyente hoy como lo fue cuando se lanz\u00f3 en 1996. \u201cSanteria\u201d, uno de los mayores \u00e9xitos de ese \u00e1lbum, se uni\u00f3 al Billions Club de Spotify en 2025, habiendo acumulado m\u00e1s de mil millones de reproducciones solo en Spotify. Marc\u00f3 la primera canci\u00f3n de Sublime en alcanzar ese hito.<\/p>\n<p><b>Compre la m\u00fasica de Sublime en vinilo y CD aqu\u00ed.<\/b><\/p>\n","protected":false},"excerpt":{"rendered":"<p>El Museo Grammy ha anunciado una nueva exposici\u00f3n titulada Sublime: Directamente desde Long Beachcelebrando el 30 aniversario del ic\u00f3nico \u00e1lbum hom\u00f3nimo de Sublime. Inaugurada el<\/p>\n","protected":false},"author":1,"featured_media":3805,"comment_status":"closed","ping_status":"","sticky":false,"template":"","format":"standard","meta":{"footnotes":""},"categories":[50],"tags":[56,662,60,4000,3999,1202,274,3998,3231],"class_list":["post-5414","post","type-post","status-publish","format-standard","has-post-thumbnail","hentry","category-el-ultimo","tag-anuncia","tag-beach","tag-desde","tag-directamente","tag-exposicion","tag-grammy","tag-long","tag-museo","tag-sublime","generate-columns","tablet-grid-50","mobile-grid-100","grid-parent","grid-50"],"yoast_head":"<!-- This site is optimized with the Yoast SEO plugin v23.3 - https:\/\/yoast.com\/wordpress\/plugins\/seo\/ -->\n<title>El Museo Grammy anuncia sublime: exposici\u00f3n directamente desde Long Beach<\/title>\n<meta name=\"robots\" content=\"index, follow, max-snippet:-1, max-image-preview:large, max-video-preview:-1\" \/>\n<link rel=\"canonical\" href=\"https:\/\/web.consaguirre.com.ar\/noticias\/el-museo-grammy-anuncia-sublime-exposicion-directamente-desde-long-beach\/\" \/>\n<meta property=\"og:locale\" content=\"es_ES\" \/>\n<meta property=\"og:type\" content=\"article\" \/>\n<meta property=\"og:title\" content=\"El Museo Grammy anuncia sublime: exposici\u00f3n directamente desde Long Beach\" \/>\n<meta property=\"og:description\" content=\"El Museo Grammy ha anunciado una nueva exposici\u00f3n titulada Sublime: Directamente desde Long Beachcelebrando el 30 aniversario del ic\u00f3nico \u00e1lbum hom\u00f3nimo de Sublime. Inaugurada el\" \/>\n<meta property=\"og:url\" content=\"https:\/\/web.consaguirre.com.ar\/noticias\/el-museo-grammy-anuncia-sublime-exposicion-directamente-desde-long-beach\/\" \/>\n<meta property=\"og:site_name\" content=\"Conservatorio de M\u00fasica Juli\u00e1n Aguirre\" \/>\n<meta property=\"article:published_time\" content=\"2026-03-21T02:38:11+00:00\" \/>\n<meta property=\"og:image\" content=\"https:\/\/web.consaguirre.com.ar\/noticias\/wp-content\/uploads\/2025\/09\/La-Santeria-de-Sublime-se-une-al-club-de-mil.jpg\" \/>\n\t<meta property=\"og:image:width\" content=\"1280\" \/>\n\t<meta property=\"og:image:height\" content=\"1280\" \/>\n\t<meta property=\"og:image:type\" content=\"image\/jpeg\" \/>\n<meta name=\"author\" content=\"Javier Figueroa\" \/>\n<meta name=\"twitter:card\" content=\"summary_large_image\" \/>\n<meta name=\"twitter:label1\" content=\"Escrito por\" \/>\n\t<meta name=\"twitter:data1\" content=\"Javier Figueroa\" \/>\n\t<meta name=\"twitter:label2\" content=\"Tiempo de lectura\" \/>\n\t<meta name=\"twitter:data2\" content=\"2 minutos\" \/>\n<script type=\"application\/ld+json\" class=\"yoast-schema-graph\">{\"@context\":\"https:\/\/schema.org\",\"@graph\":[{\"@type\":\"Article\",\"@id\":\"https:\/\/web.consaguirre.com.ar\/noticias\/el-museo-grammy-anuncia-sublime-exposicion-directamente-desde-long-beach\/#article\",\"isPartOf\":{\"@id\":\"https:\/\/web.consaguirre.com.ar\/noticias\/el-museo-grammy-anuncia-sublime-exposicion-directamente-desde-long-beach\/\"},\"author\":{\"name\":\"Javier Figueroa\",\"@id\":\"https:\/\/web.consaguirre.com.ar\/noticias\/#\/schema\/person\/6558b0cfedee7ddc5425602b237d5722\"},\"headline\":\"El Museo Grammy anuncia sublime: exposici\u00f3n directamente desde Long Beach\",\"datePublished\":\"2026-03-21T02:38:11+00:00\",\"dateModified\":\"2026-03-21T02:38:11+00:00\",\"mainEntityOfPage\":{\"@id\":\"https:\/\/web.consaguirre.com.ar\/noticias\/el-museo-grammy-anuncia-sublime-exposicion-directamente-desde-long-beach\/\"},\"wordCount\":408,\"publisher\":{\"@id\":\"https:\/\/web.consaguirre.com.ar\/noticias\/#organization\"},\"image\":{\"@id\":\"https:\/\/web.consaguirre.com.ar\/noticias\/el-museo-grammy-anuncia-sublime-exposicion-directamente-desde-long-beach\/#primaryimage\"},\"thumbnailUrl\":\"https:\/\/web.consaguirre.com.ar\/noticias\/wp-content\/uploads\/2025\/09\/La-Santeria-de-Sublime-se-une-al-club-de-mil.jpg\",\"keywords\":[\"anuncia\",\"Beach\",\"desde\",\"directamente\",\"exposici\u00f3n\",\"Grammy\",\"Long\",\"Museo\",\"Sublime\"],\"articleSection\":[\"El \u00faltimo\"],\"inLanguage\":\"es-AR\"},{\"@type\":\"WebPage\",\"@id\":\"https:\/\/web.consaguirre.com.ar\/noticias\/el-museo-grammy-anuncia-sublime-exposicion-directamente-desde-long-beach\/\",\"url\":\"https:\/\/web.consaguirre.com.ar\/noticias\/el-museo-grammy-anuncia-sublime-exposicion-directamente-desde-long-beach\/\",\"name\":\"El Museo Grammy anuncia sublime: exposici\u00f3n directamente desde Long Beach\",\"isPartOf\":{\"@id\":\"https:\/\/web.consaguirre.com.ar\/noticias\/#website\"},\"primaryImageOfPage\":{\"@id\":\"https:\/\/web.consaguirre.com.ar\/noticias\/el-museo-grammy-anuncia-sublime-exposicion-directamente-desde-long-beach\/#primaryimage\"},\"image\":{\"@id\":\"https:\/\/web.consaguirre.com.ar\/noticias\/el-museo-grammy-anuncia-sublime-exposicion-directamente-desde-long-beach\/#primaryimage\"},\"thumbnailUrl\":\"https:\/\/web.consaguirre.com.ar\/noticias\/wp-content\/uploads\/2025\/09\/La-Santeria-de-Sublime-se-une-al-club-de-mil.jpg\",\"datePublished\":\"2026-03-21T02:38:11+00:00\",\"dateModified\":\"2026-03-21T02:38:11+00:00\",\"breadcrumb\":{\"@id\":\"https:\/\/web.consaguirre.com.ar\/noticias\/el-museo-grammy-anuncia-sublime-exposicion-directamente-desde-long-beach\/#breadcrumb\"},\"inLanguage\":\"es-AR\",\"potentialAction\":[{\"@type\":\"ReadAction\",\"target\":[\"https:\/\/web.consaguirre.com.ar\/noticias\/el-museo-grammy-anuncia-sublime-exposicion-directamente-desde-long-beach\/\"]}]},{\"@type\":\"ImageObject\",\"inLanguage\":\"es-AR\",\"@id\":\"https:\/\/web.consaguirre.com.ar\/noticias\/el-museo-grammy-anuncia-sublime-exposicion-directamente-desde-long-beach\/#primaryimage\",\"url\":\"https:\/\/web.consaguirre.com.ar\/noticias\/wp-content\/uploads\/2025\/09\/La-Santeria-de-Sublime-se-une-al-club-de-mil.jpg\",\"contentUrl\":\"https:\/\/web.consaguirre.com.ar\/noticias\/wp-content\/uploads\/2025\/09\/La-Santeria-de-Sublime-se-une-al-club-de-mil.jpg\",\"width\":1280,\"height\":1280,\"caption\":\"La 'Santer\u00eda' de Sublime se une al club de mil millones de Spotify\"},{\"@type\":\"BreadcrumbList\",\"@id\":\"https:\/\/web.consaguirre.com.ar\/noticias\/el-museo-grammy-anuncia-sublime-exposicion-directamente-desde-long-beach\/#breadcrumb\",\"itemListElement\":[{\"@type\":\"ListItem\",\"position\":1,\"name\":\"Inicio\",\"item\":\"https:\/\/web.consaguirre.com.ar\/noticias\/\"},{\"@type\":\"ListItem\",\"position\":2,\"name\":\"El Museo Grammy anuncia sublime: exposici\u00f3n directamente desde Long Beach\"}]},{\"@type\":\"WebSite\",\"@id\":\"https:\/\/web.consaguirre.com.ar\/noticias\/#website\",\"url\":\"https:\/\/web.consaguirre.com.ar\/noticias\/\",\"name\":\"Conservatorio de M\u00fasica Juli\u00e1n Aguirre\",\"description\":\"\",\"publisher\":{\"@id\":\"https:\/\/web.consaguirre.com.ar\/noticias\/#organization\"},\"potentialAction\":[{\"@type\":\"SearchAction\",\"target\":{\"@type\":\"EntryPoint\",\"urlTemplate\":\"https:\/\/web.consaguirre.com.ar\/noticias\/?s={search_term_string}\"},\"query-input\":\"required name=search_term_string\"}],\"inLanguage\":\"es-AR\"},{\"@type\":\"Organization\",\"@id\":\"https:\/\/web.consaguirre.com.ar\/noticias\/#organization\",\"name\":\"Conservatorio de M\u00fasica Juli\u00e1n Aguirre\",\"url\":\"https:\/\/web.consaguirre.com.ar\/noticias\/\",\"logo\":{\"@type\":\"ImageObject\",\"inLanguage\":\"es-AR\",\"@id\":\"https:\/\/web.consaguirre.com.ar\/noticias\/#\/schema\/logo\/image\/\",\"url\":\"https:\/\/web.consaguirre.com.ar\/noticias\/wp-content\/uploads\/2024\/08\/Banner-Aguirre-23.jpg\",\"contentUrl\":\"https:\/\/web.consaguirre.com.ar\/noticias\/wp-content\/uploads\/2024\/08\/Banner-Aguirre-23.jpg\",\"width\":1192,\"height\":600,\"caption\":\"Conservatorio de M\u00fasica Juli\u00e1n Aguirre\"},\"image\":{\"@id\":\"https:\/\/web.consaguirre.com.ar\/noticias\/#\/schema\/logo\/image\/\"}},{\"@type\":\"Person\",\"@id\":\"https:\/\/web.consaguirre.com.ar\/noticias\/#\/schema\/person\/6558b0cfedee7ddc5425602b237d5722\",\"name\":\"Javier Figueroa\",\"image\":{\"@type\":\"ImageObject\",\"inLanguage\":\"es-AR\",\"@id\":\"https:\/\/web.consaguirre.com.ar\/noticias\/#\/schema\/person\/image\/\",\"url\":\"https:\/\/web.consaguirre.com.ar\/noticias\/wp-content\/uploads\/2024\/08\/Consaguirre-scaled.jpg\",\"contentUrl\":\"https:\/\/web.consaguirre.com.ar\/noticias\/wp-content\/uploads\/2024\/08\/Consaguirre-scaled.jpg\",\"caption\":\"Javier Figueroa\"},\"description\":\"Me llamo Javier Figueroa y soy redactor para el sitio oficial del Conservatorio de M\u00fasica Juli\u00e1n Aguirre en Buenos Aires, consaguirre.com. Apasionado por la m\u00fasica y la escritura, me esfuerzo por destacar los talentos y eventos de nuestra prestigiosa instituci\u00f3n. Mi trayectoria se nutre de una profunda admiraci\u00f3n por los artistas, haciendo de cada art\u00edculo una celebraci\u00f3n de la creatividad y la cultura musical.\",\"sameAs\":[\"https:\/\/web.consaguirre.com.ar\/noticias\"]}]}<\/script>\n<!-- \/ Yoast SEO plugin. -->","yoast_head_json":{"title":"El Museo Grammy anuncia sublime: exposici\u00f3n directamente desde Long Beach","robots":{"index":"index","follow":"follow","max-snippet":"max-snippet:-1","max-image-preview":"max-image-preview:large","max-video-preview":"max-video-preview:-1"},"canonical":"https:\/\/web.consaguirre.com.ar\/noticias\/el-museo-grammy-anuncia-sublime-exposicion-directamente-desde-long-beach\/","og_locale":"es_ES","og_type":"article","og_title":"El Museo Grammy anuncia sublime: exposici\u00f3n directamente desde Long Beach","og_description":"El Museo Grammy ha anunciado una nueva exposici\u00f3n titulada Sublime: Directamente desde Long Beachcelebrando el 30 aniversario del ic\u00f3nico \u00e1lbum hom\u00f3nimo de Sublime. Inaugurada el","og_url":"https:\/\/web.consaguirre.com.ar\/noticias\/el-museo-grammy-anuncia-sublime-exposicion-directamente-desde-long-beach\/","og_site_name":"Conservatorio de M\u00fasica Juli\u00e1n Aguirre","article_published_time":"2026-03-21T02:38:11+00:00","og_image":[{"width":1280,"height":1280,"url":"https:\/\/web.consaguirre.com.ar\/noticias\/wp-content\/uploads\/2025\/09\/La-Santeria-de-Sublime-se-une-al-club-de-mil.jpg","type":"image\/jpeg"}],"author":"Javier Figueroa","twitter_card":"summary_large_image","twitter_misc":{"Escrito por":"Javier Figueroa","Tiempo de lectura":"2 minutos"},"schema":{"@context":"https:\/\/schema.org","@graph":[{"@type":"Article","@id":"https:\/\/web.consaguirre.com.ar\/noticias\/el-museo-grammy-anuncia-sublime-exposicion-directamente-desde-long-beach\/#article","isPartOf":{"@id":"https:\/\/web.consaguirre.com.ar\/noticias\/el-museo-grammy-anuncia-sublime-exposicion-directamente-desde-long-beach\/"},"author":{"name":"Javier Figueroa","@id":"https:\/\/web.consaguirre.com.ar\/noticias\/#\/schema\/person\/6558b0cfedee7ddc5425602b237d5722"},"headline":"El Museo Grammy anuncia sublime: exposici\u00f3n directamente desde Long Beach","datePublished":"2026-03-21T02:38:11+00:00","dateModified":"2026-03-21T02:38:11+00:00","mainEntityOfPage":{"@id":"https:\/\/web.consaguirre.com.ar\/noticias\/el-museo-grammy-anuncia-sublime-exposicion-directamente-desde-long-beach\/"},"wordCount":408,"publisher":{"@id":"https:\/\/web.consaguirre.com.ar\/noticias\/#organization"},"image":{"@id":"https:\/\/web.consaguirre.com.ar\/noticias\/el-museo-grammy-anuncia-sublime-exposicion-directamente-desde-long-beach\/#primaryimage"},"thumbnailUrl":"https:\/\/web.consaguirre.com.ar\/noticias\/wp-content\/uploads\/2025\/09\/La-Santeria-de-Sublime-se-une-al-club-de-mil.jpg","keywords":["anuncia","Beach","desde","directamente","exposici\u00f3n","Grammy","Long","Museo","Sublime"],"articleSection":["El \u00faltimo"],"inLanguage":"es-AR"},{"@type":"WebPage","@id":"https:\/\/web.consaguirre.com.ar\/noticias\/el-museo-grammy-anuncia-sublime-exposicion-directamente-desde-long-beach\/","url":"https:\/\/web.consaguirre.com.ar\/noticias\/el-museo-grammy-anuncia-sublime-exposicion-directamente-desde-long-beach\/","name":"El Museo Grammy anuncia sublime: exposici\u00f3n directamente desde Long Beach","isPartOf":{"@id":"https:\/\/web.consaguirre.com.ar\/noticias\/#website"},"primaryImageOfPage":{"@id":"https:\/\/web.consaguirre.com.ar\/noticias\/el-museo-grammy-anuncia-sublime-exposicion-directamente-desde-long-beach\/#primaryimage"},"image":{"@id":"https:\/\/web.consaguirre.com.ar\/noticias\/el-museo-grammy-anuncia-sublime-exposicion-directamente-desde-long-beach\/#primaryimage"},"thumbnailUrl":"https:\/\/web.consaguirre.com.ar\/noticias\/wp-content\/uploads\/2025\/09\/La-Santeria-de-Sublime-se-une-al-club-de-mil.jpg","datePublished":"2026-03-21T02:38:11+00:00","dateModified":"2026-03-21T02:38:11+00:00","breadcrumb":{"@id":"https:\/\/web.consaguirre.com.ar\/noticias\/el-museo-grammy-anuncia-sublime-exposicion-directamente-desde-long-beach\/#breadcrumb"},"inLanguage":"es-AR","potentialAction":[{"@type":"ReadAction","target":["https:\/\/web.consaguirre.com.ar\/noticias\/el-museo-grammy-anuncia-sublime-exposicion-directamente-desde-long-beach\/"]}]},{"@type":"ImageObject","inLanguage":"es-AR","@id":"https:\/\/web.consaguirre.com.ar\/noticias\/el-museo-grammy-anuncia-sublime-exposicion-directamente-desde-long-beach\/#primaryimage","url":"https:\/\/web.consaguirre.com.ar\/noticias\/wp-content\/uploads\/2025\/09\/La-Santeria-de-Sublime-se-une-al-club-de-mil.jpg","contentUrl":"https:\/\/web.consaguirre.com.ar\/noticias\/wp-content\/uploads\/2025\/09\/La-Santeria-de-Sublime-se-une-al-club-de-mil.jpg","width":1280,"height":1280,"caption":"La 'Santer\u00eda' de Sublime se une al club de mil millones de Spotify"},{"@type":"BreadcrumbList","@id":"https:\/\/web.consaguirre.com.ar\/noticias\/el-museo-grammy-anuncia-sublime-exposicion-directamente-desde-long-beach\/#breadcrumb","itemListElement":[{"@type":"ListItem","position":1,"name":"Inicio","item":"https:\/\/web.consaguirre.com.ar\/noticias\/"},{"@type":"ListItem","position":2,"name":"El Museo Grammy anuncia sublime: exposici\u00f3n directamente desde Long Beach"}]},{"@type":"WebSite","@id":"https:\/\/web.consaguirre.com.ar\/noticias\/#website","url":"https:\/\/web.consaguirre.com.ar\/noticias\/","name":"Conservatorio de M\u00fasica Juli\u00e1n Aguirre","description":"","publisher":{"@id":"https:\/\/web.consaguirre.com.ar\/noticias\/#organization"},"potentialAction":[{"@type":"SearchAction","target":{"@type":"EntryPoint","urlTemplate":"https:\/\/web.consaguirre.com.ar\/noticias\/?s={search_term_string}"},"query-input":"required name=search_term_string"}],"inLanguage":"es-AR"},{"@type":"Organization","@id":"https:\/\/web.consaguirre.com.ar\/noticias\/#organization","name":"Conservatorio de M\u00fasica Juli\u00e1n Aguirre","url":"https:\/\/web.consaguirre.com.ar\/noticias\/","logo":{"@type":"ImageObject","inLanguage":"es-AR","@id":"https:\/\/web.consaguirre.com.ar\/noticias\/#\/schema\/logo\/image\/","url":"https:\/\/web.consaguirre.com.ar\/noticias\/wp-content\/uploads\/2024\/08\/Banner-Aguirre-23.jpg","contentUrl":"https:\/\/web.consaguirre.com.ar\/noticias\/wp-content\/uploads\/2024\/08\/Banner-Aguirre-23.jpg","width":1192,"height":600,"caption":"Conservatorio de M\u00fasica Juli\u00e1n Aguirre"},"image":{"@id":"https:\/\/web.consaguirre.com.ar\/noticias\/#\/schema\/logo\/image\/"}},{"@type":"Person","@id":"https:\/\/web.consaguirre.com.ar\/noticias\/#\/schema\/person\/6558b0cfedee7ddc5425602b237d5722","name":"Javier Figueroa","image":{"@type":"ImageObject","inLanguage":"es-AR","@id":"https:\/\/web.consaguirre.com.ar\/noticias\/#\/schema\/person\/image\/","url":"https:\/\/web.consaguirre.com.ar\/noticias\/wp-content\/uploads\/2024\/08\/Consaguirre-scaled.jpg","contentUrl":"https:\/\/web.consaguirre.com.ar\/noticias\/wp-content\/uploads\/2024\/08\/Consaguirre-scaled.jpg","caption":"Javier Figueroa"},"description":"Me llamo Javier Figueroa y soy redactor para el sitio oficial del Conservatorio de M\u00fasica Juli\u00e1n Aguirre en Buenos Aires, consaguirre.com. Apasionado por la m\u00fasica y la escritura, me esfuerzo por destacar los talentos y eventos de nuestra prestigiosa instituci\u00f3n. Mi trayectoria se nutre de una profunda admiraci\u00f3n por los artistas, haciendo de cada art\u00edculo una celebraci\u00f3n de la creatividad y la cultura musical.","sameAs":["https:\/\/web.consaguirre.com.ar\/noticias"]}]}},"_links":{"self":[{"href":"https:\/\/web.consaguirre.com.ar\/noticias\/wp-json\/wp\/v2\/posts\/5414"}],"collection":[{"href":"https:\/\/web.consaguirre.com.ar\/noticias\/wp-json\/wp\/v2\/posts"}],"about":[{"href":"https:\/\/web.consaguirre.com.ar\/noticias\/wp-json\/wp\/v2\/types\/post"}],"author":[{"embeddable":true,"href":"https:\/\/web.consaguirre.com.ar\/noticias\/wp-json\/wp\/v2\/users\/1"}],"replies":[{"embeddable":true,"href":"https:\/\/web.consaguirre.com.ar\/noticias\/wp-json\/wp\/v2\/comments?post=5414"}],"version-history":[{"count":1,"href":"https:\/\/web.consaguirre.com.ar\/noticias\/wp-json\/wp\/v2\/posts\/5414\/revisions"}],"predecessor-version":[{"id":5415,"href":"https:\/\/web.consaguirre.com.ar\/noticias\/wp-json\/wp\/v2\/posts\/5414\/revisions\/5415"}],"wp:featuredmedia":[{"embeddable":true,"href":"https:\/\/web.consaguirre.com.ar\/noticias\/wp-json\/wp\/v2\/media\/3805"}],"wp:attachment":[{"href":"https:\/\/web.consaguirre.com.ar\/noticias\/wp-json\/wp\/v2\/media?parent=5414"}],"wp:term":[{"taxonomy":"category","embeddable":true,"href":"https:\/\/web.consaguirre.com.ar\/noticias\/wp-json\/wp\/v2\/categories?post=5414"},{"taxonomy":"post_tag","embeddable":true,"href":"https:\/\/web.consaguirre.com.ar\/noticias\/wp-json\/wp\/v2\/tags?post=5414"}],"curies":[{"name":"wp","href":"https:\/\/api.w.org\/{rel}","templated":true}]}}