{"id":541,"date":"2024-09-11T06:44:52","date_gmt":"2024-09-11T09:44:52","guid":{"rendered":"https:\/\/web.consaguirre.com.ar\/noticias\/resena-de-cd-daniel-garcia-wonderland\/"},"modified":"2024-09-11T06:44:52","modified_gmt":"2024-09-11T09:44:52","slug":"resena-de-cd-daniel-garcia-wonderland","status":"publish","type":"post","link":"https:\/\/web.consaguirre.com.ar\/noticias\/resena-de-cd-daniel-garcia-wonderland\/","title":{"rendered":"Rese\u00f1a de CD: Daniel Garc\u00eda, Wonderland"},"content":{"rendered":"<div class=\"entry\" itemprop=\"text\">\n<p><em><strong>Daniel Garc\u00eda, figura destacada del jazz espa\u00f1ol, presenta su tercer \u00e1lbum en ACT Music con \u201cWonderland\u201d. Con fecha de lanzamiento prevista para el 30 de agosto de 2024, esta \u00faltima propuesta del Daniel Garc\u00eda Trio muestra un cambio significativo en su enfoque musical. Mientras que los trabajos anteriores de Garc\u00eda, \u201cTravesuras\u201d (2019) y \u201cV\u00eda de la Plata\u201d (2021), estaban profundamente arraigados en el flamenco y la m\u00fasica tradicional espa\u00f1ola, \u201cWonderland\u201d ampl\u00eda su paleta sonora para incorporar una gama m\u00e1s amplia de influencias.<\/strong><\/em><\/p>\n<p>Nacido en Salamanca en 1983, Garc\u00eda se ha consolidado como un pianista destacado en la escena del jazz espa\u00f1ol. Su tr\u00edo, formado por los m\u00fasicos cubanos Reinier \u201cEl Negr\u00f3n\u201d al bajo y Michael Olivera a la bater\u00eda, ha ganado reconocimiento en toda Europa y m\u00e1s all\u00e1, con m\u00e1s de 300 conciertos en su haber. Esta colaboraci\u00f3n ejemplifica la tendencia actual en el jazz espa\u00f1ol, donde los m\u00fasicos de Cuba han encontrado un entorno acogedor, aportando su excepcional formaci\u00f3n musical y sus ricas influencias culturales a la mezcla.<\/p>\n<p>\u201cWonderland\u201d marca un cambio con respecto a los trabajos anteriores de Garc\u00eda, ya que combina elementos de jazz moderno, m\u00fasica cl\u00e1sica, pop, ritmos caribe\u00f1os y sonidos de Medio Oriente. El resultado es un \u00e1lbum diverso y ecl\u00e9ctico que refleja el crecimiento musical del tr\u00edo y la visi\u00f3n art\u00edstica en expansi\u00f3n de Garc\u00eda. A trav\u00e9s de doce temas cuidadosamente elaborados, el \u00e1lbum invita a los oyentes a explorar temas de introspecci\u00f3n y autodescubrimiento, inspir\u00e1ndose en las ideas del psic\u00f3logo suizo Carl Jung sobre el despertar interior.<\/p>\n<p>Daniel Garc\u00eda, figura destacada del jazz espa\u00f1ol, presenta su tercer \u00e1lbum en ACT Music con \u201cWonderland\u201d. Lanzado en 2024, este \u00faltimo trabajo del Daniel Garc\u00eda Trio muestra un cambio significativo en su enfoque musical. Mientras que los trabajos anteriores de Garc\u00eda, \u201cTravesuras\u201d (2019) y \u201cV\u00eda de la Plata\u201d (2021), estaban profundamente arraigados en el flamenco y la m\u00fasica tradicional espa\u00f1ola, \u201cWonderland\u201d ampl\u00eda su paleta sonora para incorporar una gama m\u00e1s amplia de influencias.<\/p>\n<p>Nacido en Salamanca en 1983, Garc\u00eda se ha consolidado como un pianista destacado en la escena del jazz espa\u00f1ol. Su tr\u00edo, formado por los m\u00fasicos cubanos Reinier \u201cEl Negr\u00f3n\u201d al bajo y Michael Olivera a la bater\u00eda, ha ganado reconocimiento en toda Europa y m\u00e1s all\u00e1, con m\u00e1s de 300 conciertos en su haber. Esta colaboraci\u00f3n ejemplifica la tendencia actual en el jazz espa\u00f1ol, donde los m\u00fasicos de Cuba han encontrado un entorno acogedor, aportando su excepcional formaci\u00f3n musical y sus ricas influencias culturales a la mezcla.<\/p>\n<p>\u201cWonderland\u201d marca un cambio con respecto a los trabajos anteriores de Garc\u00eda, ya que combina elementos de jazz moderno, m\u00fasica cl\u00e1sica, pop, ritmos caribe\u00f1os y sonidos de Medio Oriente. El resultado es un \u00e1lbum diverso y ecl\u00e9ctico que refleja el crecimiento musical del tr\u00edo y la visi\u00f3n art\u00edstica en expansi\u00f3n de Garc\u00eda. A trav\u00e9s de doce temas cuidadosamente elaborados, el \u00e1lbum invita a los oyentes a explorar temas de introspecci\u00f3n y autodescubrimiento, inspir\u00e1ndose en las ideas del psic\u00f3logo suizo Carl Jung sobre el despertar interior.<\/p>\n<p>El concepto del \u00e1lbum est\u00e1 profundamente arraigado en la introspecci\u00f3n y el autodescubrimiento. Garc\u00eda se inspira en el psic\u00f3logo suizo Carl Jung, invitando a los oyentes a mirar hacia dentro y despertar a su verdadero yo. El pianista describe \u201cWonderland\u201d como un refugio secreto donde residen nuestras ilusiones m\u00e1s profundas y nuestras esperanzas m\u00e1s fervientes, gui\u00e1ndonos a trav\u00e9s del laberinto de la vida. Este tema de exploraci\u00f3n interior est\u00e1 entretejido a lo largo de las doce pistas del \u00e1lbum, cada una de las cuales sirve como un portal a diferentes facetas de la naturaleza humana.<\/p>\n<p>El viaje comienza con \u201cPaz\u201d, una pieza para piano solo que marca el tono con su melod\u00eda introspectiva que recuerda a las composiciones de Joaqu\u00edn Rodrigo. Esta suave apertura da paso al tr\u00edo completo en \u201cGates to the Land of Wonders\u201d, una canci\u00f3n de ritmo r\u00e1pido con una melod\u00eda cautivadora que muestra la qu\u00edmica \u00edntima del grupo.<\/p>\n<p>La canci\u00f3n principal, \u201cWonderland\u201d, cuenta con la participaci\u00f3n del guitarrista invitado Gilad Hekselman, cuya presencia le aporta una cualidad et\u00e9rea a la pieza. Garc\u00eda expresa su admiraci\u00f3n por la creatividad de Hekselman y su expresi\u00f3n humana a trav\u00e9s de su instrumento, y su colaboraci\u00f3n da como resultado una canci\u00f3n con un sabor casi celta.<\/p>\n<div id=\"attachment_61542\" style=\"width: 1034px\" class=\"wp-caption aligncenter\"><img loading=\"lazy\" decoding=\"async\" class=\"wp-image-61542 size-large\" src=\"https:\/\/web.consaguirre.com.ar\/noticias\/wp-content\/uploads\/2024\/09\/1726047892_262_Resena-de-CD-Daniel-Garcia-Wonderland.jpg\" alt=\"\" width=\"1024\" height=\"683\"  ><\/p>\n<p class=\"wp-caption-text\">Tr\u00edo Daniel Garc\u00eda | Foto de Diego Garc\u00eda<\/p>\n<\/div>\n<p>A medida que avanza el \u00e1lbum, nos encontramos con una variedad de estados de \u00e1nimo y texturas. \u201cThe Gathering\u201d se destaca por su complejidad r\u00edtmica, particularmente en la interacci\u00f3n entre el piano y el bajo. \u201cMi Bolita\u201d, una tierna pieza dedicada al sobrino reci\u00e9n nacido de Garc\u00eda, resalta la importancia de la familia en la vida del pianista y demuestra la hermosa interacci\u00f3n del tr\u00edo.<\/p>\n<p>Dos temas vocales a\u00f1aden otra dimensi\u00f3n al \u00e1lbum. \u201cYou and Me\u201d, con la participaci\u00f3n de la cantante catalana residente en Nueva York Lau Noah, es una pieza \u00edntima y casi fr\u00e1gil que invita a los oyentes a olvidar su dolor y bailar. El otro tema vocal, \u201cLa Tarara\u201d, muestra el talento de Ver\u00f3nica Ferreiro, cuyo estilo evoca la pasi\u00f3n del cante flamenco.<\/p>\n<p>A lo largo de \u201cWonderland\u201d, las composiciones de Garc\u00eda se mantienen concisas, y casi todas las pistas duran menos de cuatro minutos. Esta brevedad es muy \u00fatil para el \u00e1lbum, ya que permite que cada pieza transmita su mensaje sin extenderse demasiado. Los solos son breves y con un prop\u00f3sito definido, y encajan perfectamente en el contexto de cada composici\u00f3n. Este enfoque subraya la naturaleza de conjunto del \u00e1lbum, donde el foco est\u00e1 en el sonido colectivo en lugar del virtuosismo individual.<\/p>\n<p>La producci\u00f3n del \u00e1lbum es n\u00edtida y clara, lo que permite que cada instrumento brille a la vez que mantiene un sonido cohesivo. La mezcla logra un equilibrio entre intimidad y amplitud, particularmente evidente en temas como &#8220;You and Me&#8221;, donde las voces pasan al primer plano para realzar el impacto emocional de la canci\u00f3n.<\/p>\n<p>Uno de los aspectos m\u00e1s llamativos de \u201cWonderland\u201d es su sensibilidad folk subyacente. A pesar de las diversas influencias en juego, hay un arraigo en la m\u00fasica que la mantiene firme y accesible. Esta cualidad folkl\u00f3rica a\u00f1ade profundidad a los momentos m\u00e1s experimentales del \u00e1lbum, creando una experiencia auditiva que es a la vez desafiante y reconfortante.<\/p>\n<p>La \u00faltima canci\u00f3n, \u201cThe Path of Life\u201d, lleva el viaje a un final contemplativo. Su tono introspectivo encapsula el tema general del \u00e1lbum: el autodescubrimiento y la paz interior, y deja a los oyentes con una sensaci\u00f3n de resoluci\u00f3n y esperanza.<\/p>\n<p>En las notas del \u00e1lbum, Garc\u00eda expresa elocuentemente la intenci\u00f3n del \u00e1lbum: capturar un atisbo de nuestro mundo interior, que \u00e9l considera personal y universal. Desaf\u00eda a los oyentes a enfrentar sus miedos m\u00e1s profundos, abrigar sus sue\u00f1os, a cuestionar sus ilusiones y, en \u00faltima instancia, aferrarse a la esperanza. Este fundamento filos\u00f3fico le da a \u201cWonderland\u201d una profundidad que va m\u00e1s all\u00e1 del mero disfrute musical, alentando la participaci\u00f3n activa del p\u00fablico.<\/p>\n<p>Desde una perspectiva cr\u00edtica, \u201cWonderland\u201d es un testimonio del crecimiento de Daniel Garc\u00eda como compositor y director de banda. El \u00e1lbum muestra su capacidad para sintetizar diversas influencias en una narrativa musical coherente y atractiva. La actuaci\u00f3n unida del tr\u00edo habla de sus a\u00f1os de colaboraci\u00f3n, con Reinier \u201cEl Negron\u201d y Michael Olivera demostrando ser los complementos perfectos para la visi\u00f3n musical de Garc\u00eda.<\/p>\n<p>Si bien la profundidad conceptual del \u00e1lbum es encomiable, a algunos oyentes puede resultarles dif\u00edcil seguir los constantes cambios de estilo y estado de \u00e1nimo. Sin embargo, este eclecticismo tambi\u00e9n es uno de los puntos fuertes del \u00e1lbum, ya que refleja la naturaleza compleja y multifac\u00e9tica del mundo interior que busca explorar.<\/p>\n<p>La decisi\u00f3n de mantener las pistas concisas es en gran medida un \u00e9xito, lo que permite una experiencia de escucha m\u00e1s centrada e impactante. Sin embargo, hay momentos en los que uno podr\u00eda desear un poco m\u00e1s de desarrollo o exploraci\u00f3n de ciertas ideas musicales. Sin embargo, esto es un detalle menor, ya que el ritmo y el flujo del \u00e1lbum est\u00e1n generalmente bien ejecutados. Las apariciones especiales de Gilad Hekselman, Lau Noah y Ver\u00f3nica Ferreiro agregan una variedad bienvenida al sonido del tr\u00edo sin eclipsar al grupo principal. Estas colaboraciones est\u00e1n cuidadosamente integradas y mejoran la narrativa general del \u00e1lbum.<\/p>\n<p>\u201cWonderland\u201d no es un \u00e1lbum que revele todos sus secretos en la primera escucha. Sus capas de complejidad y profundidad emocional recompensan la repetici\u00f3n de las escuchas, con nuevos matices y conexiones que surgen con el tiempo. Esta cualidad lo hace destacar en el panorama del jazz contempor\u00e1neo, donde la gratificaci\u00f3n instant\u00e1nea a menudo tiene prioridad sobre el impacto duradero.<\/p>\n<p>En conclusi\u00f3n, \u201cWonderland\u201d es un \u00e1lbum extraordinario que equilibra con \u00e9xito la destreza t\u00e9cnica con la resonancia emocional, creando una obra que es a la vez intelectualmente estimulante y profundamente conmovedora. Es un mensaje que resuena mucho m\u00e1s all\u00e1 del \u00e1mbito del jazz, lo que hace de \u201cWonderland\u201d una propuesta musical verdaderamente especial y oportuna.<\/p>\n<p><strong>Listado de canciones:<\/strong><\/p>\n<p>1 Paz | 2 Puertas a la Tierra de las Maravillas | 3 Pa\u00eds de las Maravillas | 4 El Encuentro | 5 Mi Bolita | 6 Canci\u00f3n de Resistencia | 7 T\u00fa y Yo | 8 L\u00e1grimas de Alegr\u00eda | 9 Testigo de la Sonrisa | 10 Un Poco de Inmensidad | 11 La Tarara | 12 El Camino de la Vida<\/p>\n<p><strong>P\u00f3ngase en fila:<\/strong><\/p>\n<p>Daniel Garc\u00eda piano, voz (pista 10) | Reinier \u201cEl Negr\u00f3n\u201d, contrabajo | Michael Olivera bater\u00eda, voz (pista 6) | Guitarra Gilad Hekselman (pista 3) | Voz de Lau Noah (pista 7) | Ver\u00f3nica Ferreiro voz (pista 11)<\/p>\n<p>Fecha de lanzamiento: 30 de agosto de 2024<br \/>\nFormato: CD | LP | Transmisi\u00f3n<br \/>\nEtiqueta: ACT Records<\/p>\n<div class=\"post-pagination\"><\/div>\n<div class=\"clearfix\"><\/div>\n<\/p><\/div>\n","protected":false},"excerpt":{"rendered":"<p>Daniel Garc\u00eda, figura destacada del jazz espa\u00f1ol, presenta su tercer \u00e1lbum en ACT Music con \u201cWonderland\u201d. Con fecha de lanzamiento prevista para el 30 de<\/p>\n","protected":false},"author":1,"featured_media":542,"comment_status":"closed","ping_status":"","sticky":false,"template":"","format":"standard","meta":{"footnotes":""},"categories":[4],"tags":[617,618,6,619],"class_list":["post-541","post","type-post","status-publish","format-standard","has-post-thumbnail","hentry","category-critica","tag-daniel","tag-garcia","tag-resena","tag-wonderland","generate-columns","tablet-grid-50","mobile-grid-100","grid-parent","grid-50"],"yoast_head":"<!-- This site is optimized with the Yoast SEO plugin v23.3 - https:\/\/yoast.com\/wordpress\/plugins\/seo\/ -->\n<title>Rese\u00f1a de CD: Daniel Garc\u00eda, Wonderland<\/title>\n<meta name=\"robots\" content=\"index, follow, max-snippet:-1, max-image-preview:large, max-video-preview:-1\" \/>\n<link rel=\"canonical\" href=\"https:\/\/web.consaguirre.com.ar\/noticias\/resena-de-cd-daniel-garcia-wonderland\/\" \/>\n<meta property=\"og:locale\" content=\"es_ES\" \/>\n<meta property=\"og:type\" content=\"article\" \/>\n<meta property=\"og:title\" content=\"Rese\u00f1a de CD: Daniel Garc\u00eda, Wonderland\" \/>\n<meta property=\"og:description\" content=\"Daniel Garc\u00eda, figura destacada del jazz espa\u00f1ol, presenta su tercer \u00e1lbum en ACT Music con \u201cWonderland\u201d. Con fecha de lanzamiento prevista para el 30 de\" \/>\n<meta property=\"og:url\" content=\"https:\/\/web.consaguirre.com.ar\/noticias\/resena-de-cd-daniel-garcia-wonderland\/\" \/>\n<meta property=\"og:site_name\" content=\"Conservatorio de M\u00fasica Juli\u00e1n Aguirre\" \/>\n<meta property=\"article:published_time\" content=\"2024-09-11T09:44:52+00:00\" \/>\n<meta property=\"og:image\" content=\"https:\/\/web.consaguirre.com.ar\/noticias\/wp-content\/uploads\/2024\/09\/Resena-de-CD-Daniel-Garcia-Wonderland.jpg\" \/>\n\t<meta property=\"og:image:width\" content=\"300\" \/>\n\t<meta property=\"og:image:height\" content=\"270\" \/>\n\t<meta property=\"og:image:type\" content=\"image\/jpeg\" \/>\n<meta name=\"author\" content=\"Javier Figueroa\" \/>\n<meta name=\"twitter:card\" content=\"summary_large_image\" \/>\n<meta name=\"twitter:label1\" content=\"Escrito por\" \/>\n\t<meta name=\"twitter:data1\" content=\"Javier Figueroa\" \/>\n\t<meta name=\"twitter:label2\" content=\"Tiempo de lectura\" \/>\n\t<meta name=\"twitter:data2\" content=\"9 minutos\" \/>\n<script type=\"application\/ld+json\" class=\"yoast-schema-graph\">{\"@context\":\"https:\/\/schema.org\",\"@graph\":[{\"@type\":\"Article\",\"@id\":\"https:\/\/web.consaguirre.com.ar\/noticias\/resena-de-cd-daniel-garcia-wonderland\/#article\",\"isPartOf\":{\"@id\":\"https:\/\/web.consaguirre.com.ar\/noticias\/resena-de-cd-daniel-garcia-wonderland\/\"},\"author\":{\"name\":\"Javier Figueroa\",\"@id\":\"https:\/\/web.consaguirre.com.ar\/noticias\/#\/schema\/person\/6558b0cfedee7ddc5425602b237d5722\"},\"headline\":\"Rese\u00f1a de CD: Daniel Garc\u00eda, Wonderland\",\"datePublished\":\"2024-09-11T09:44:52+00:00\",\"dateModified\":\"2024-09-11T09:44:52+00:00\",\"mainEntityOfPage\":{\"@id\":\"https:\/\/web.consaguirre.com.ar\/noticias\/resena-de-cd-daniel-garcia-wonderland\/\"},\"wordCount\":1731,\"publisher\":{\"@id\":\"https:\/\/web.consaguirre.com.ar\/noticias\/#organization\"},\"image\":{\"@id\":\"https:\/\/web.consaguirre.com.ar\/noticias\/resena-de-cd-daniel-garcia-wonderland\/#primaryimage\"},\"thumbnailUrl\":\"https:\/\/web.consaguirre.com.ar\/noticias\/wp-content\/uploads\/2024\/09\/Resena-de-CD-Daniel-Garcia-Wonderland.jpg\",\"keywords\":[\"Daniel\",\"Garc\u00eda\",\"Rese\u00f1a\",\"Wonderland\"],\"articleSection\":[\"Cr\u00edtica\"],\"inLanguage\":\"es-AR\"},{\"@type\":\"WebPage\",\"@id\":\"https:\/\/web.consaguirre.com.ar\/noticias\/resena-de-cd-daniel-garcia-wonderland\/\",\"url\":\"https:\/\/web.consaguirre.com.ar\/noticias\/resena-de-cd-daniel-garcia-wonderland\/\",\"name\":\"Rese\u00f1a de CD: Daniel Garc\u00eda, Wonderland\",\"isPartOf\":{\"@id\":\"https:\/\/web.consaguirre.com.ar\/noticias\/#website\"},\"primaryImageOfPage\":{\"@id\":\"https:\/\/web.consaguirre.com.ar\/noticias\/resena-de-cd-daniel-garcia-wonderland\/#primaryimage\"},\"image\":{\"@id\":\"https:\/\/web.consaguirre.com.ar\/noticias\/resena-de-cd-daniel-garcia-wonderland\/#primaryimage\"},\"thumbnailUrl\":\"https:\/\/web.consaguirre.com.ar\/noticias\/wp-content\/uploads\/2024\/09\/Resena-de-CD-Daniel-Garcia-Wonderland.jpg\",\"datePublished\":\"2024-09-11T09:44:52+00:00\",\"dateModified\":\"2024-09-11T09:44:52+00:00\",\"breadcrumb\":{\"@id\":\"https:\/\/web.consaguirre.com.ar\/noticias\/resena-de-cd-daniel-garcia-wonderland\/#breadcrumb\"},\"inLanguage\":\"es-AR\",\"potentialAction\":[{\"@type\":\"ReadAction\",\"target\":[\"https:\/\/web.consaguirre.com.ar\/noticias\/resena-de-cd-daniel-garcia-wonderland\/\"]}]},{\"@type\":\"ImageObject\",\"inLanguage\":\"es-AR\",\"@id\":\"https:\/\/web.consaguirre.com.ar\/noticias\/resena-de-cd-daniel-garcia-wonderland\/#primaryimage\",\"url\":\"https:\/\/web.consaguirre.com.ar\/noticias\/wp-content\/uploads\/2024\/09\/Resena-de-CD-Daniel-Garcia-Wonderland.jpg\",\"contentUrl\":\"https:\/\/web.consaguirre.com.ar\/noticias\/wp-content\/uploads\/2024\/09\/Resena-de-CD-Daniel-Garcia-Wonderland.jpg\",\"width\":300,\"height\":270,\"caption\":\"Rese\u00f1a de CD: Daniel Garc\u00eda, Wonderland\"},{\"@type\":\"BreadcrumbList\",\"@id\":\"https:\/\/web.consaguirre.com.ar\/noticias\/resena-de-cd-daniel-garcia-wonderland\/#breadcrumb\",\"itemListElement\":[{\"@type\":\"ListItem\",\"position\":1,\"name\":\"Inicio\",\"item\":\"https:\/\/web.consaguirre.com.ar\/noticias\/\"},{\"@type\":\"ListItem\",\"position\":2,\"name\":\"Rese\u00f1a de CD: Daniel Garc\u00eda, Wonderland\"}]},{\"@type\":\"WebSite\",\"@id\":\"https:\/\/web.consaguirre.com.ar\/noticias\/#website\",\"url\":\"https:\/\/web.consaguirre.com.ar\/noticias\/\",\"name\":\"Conservatorio de M\u00fasica Juli\u00e1n Aguirre\",\"description\":\"\",\"publisher\":{\"@id\":\"https:\/\/web.consaguirre.com.ar\/noticias\/#organization\"},\"potentialAction\":[{\"@type\":\"SearchAction\",\"target\":{\"@type\":\"EntryPoint\",\"urlTemplate\":\"https:\/\/web.consaguirre.com.ar\/noticias\/?s={search_term_string}\"},\"query-input\":\"required name=search_term_string\"}],\"inLanguage\":\"es-AR\"},{\"@type\":\"Organization\",\"@id\":\"https:\/\/web.consaguirre.com.ar\/noticias\/#organization\",\"name\":\"Conservatorio de M\u00fasica Juli\u00e1n Aguirre\",\"url\":\"https:\/\/web.consaguirre.com.ar\/noticias\/\",\"logo\":{\"@type\":\"ImageObject\",\"inLanguage\":\"es-AR\",\"@id\":\"https:\/\/web.consaguirre.com.ar\/noticias\/#\/schema\/logo\/image\/\",\"url\":\"https:\/\/web.consaguirre.com.ar\/noticias\/wp-content\/uploads\/2024\/08\/Banner-Aguirre-23.jpg\",\"contentUrl\":\"https:\/\/web.consaguirre.com.ar\/noticias\/wp-content\/uploads\/2024\/08\/Banner-Aguirre-23.jpg\",\"width\":1192,\"height\":600,\"caption\":\"Conservatorio de M\u00fasica Juli\u00e1n Aguirre\"},\"image\":{\"@id\":\"https:\/\/web.consaguirre.com.ar\/noticias\/#\/schema\/logo\/image\/\"}},{\"@type\":\"Person\",\"@id\":\"https:\/\/web.consaguirre.com.ar\/noticias\/#\/schema\/person\/6558b0cfedee7ddc5425602b237d5722\",\"name\":\"Javier Figueroa\",\"image\":{\"@type\":\"ImageObject\",\"inLanguage\":\"es-AR\",\"@id\":\"https:\/\/web.consaguirre.com.ar\/noticias\/#\/schema\/person\/image\/\",\"url\":\"https:\/\/web.consaguirre.com.ar\/noticias\/wp-content\/uploads\/2024\/08\/Consaguirre-scaled.jpg\",\"contentUrl\":\"https:\/\/web.consaguirre.com.ar\/noticias\/wp-content\/uploads\/2024\/08\/Consaguirre-scaled.jpg\",\"caption\":\"Javier Figueroa\"},\"description\":\"Me llamo Javier Figueroa y soy redactor para el sitio oficial del Conservatorio de M\u00fasica Juli\u00e1n Aguirre en Buenos Aires, consaguirre.com. Apasionado por la m\u00fasica y la escritura, me esfuerzo por destacar los talentos y eventos de nuestra prestigiosa instituci\u00f3n. Mi trayectoria se nutre de una profunda admiraci\u00f3n por los artistas, haciendo de cada art\u00edculo una celebraci\u00f3n de la creatividad y la cultura musical.\",\"sameAs\":[\"https:\/\/web.consaguirre.com.ar\/noticias\"]}]}<\/script>\n<!-- \/ Yoast SEO plugin. -->","yoast_head_json":{"title":"Rese\u00f1a de CD: Daniel Garc\u00eda, Wonderland","robots":{"index":"index","follow":"follow","max-snippet":"max-snippet:-1","max-image-preview":"max-image-preview:large","max-video-preview":"max-video-preview:-1"},"canonical":"https:\/\/web.consaguirre.com.ar\/noticias\/resena-de-cd-daniel-garcia-wonderland\/","og_locale":"es_ES","og_type":"article","og_title":"Rese\u00f1a de CD: Daniel Garc\u00eda, Wonderland","og_description":"Daniel Garc\u00eda, figura destacada del jazz espa\u00f1ol, presenta su tercer \u00e1lbum en ACT Music con \u201cWonderland\u201d. Con fecha de lanzamiento prevista para el 30 de","og_url":"https:\/\/web.consaguirre.com.ar\/noticias\/resena-de-cd-daniel-garcia-wonderland\/","og_site_name":"Conservatorio de M\u00fasica Juli\u00e1n Aguirre","article_published_time":"2024-09-11T09:44:52+00:00","og_image":[{"width":300,"height":270,"url":"https:\/\/web.consaguirre.com.ar\/noticias\/wp-content\/uploads\/2024\/09\/Resena-de-CD-Daniel-Garcia-Wonderland.jpg","type":"image\/jpeg"}],"author":"Javier Figueroa","twitter_card":"summary_large_image","twitter_misc":{"Escrito por":"Javier Figueroa","Tiempo de lectura":"9 minutos"},"schema":{"@context":"https:\/\/schema.org","@graph":[{"@type":"Article","@id":"https:\/\/web.consaguirre.com.ar\/noticias\/resena-de-cd-daniel-garcia-wonderland\/#article","isPartOf":{"@id":"https:\/\/web.consaguirre.com.ar\/noticias\/resena-de-cd-daniel-garcia-wonderland\/"},"author":{"name":"Javier Figueroa","@id":"https:\/\/web.consaguirre.com.ar\/noticias\/#\/schema\/person\/6558b0cfedee7ddc5425602b237d5722"},"headline":"Rese\u00f1a de CD: Daniel Garc\u00eda, Wonderland","datePublished":"2024-09-11T09:44:52+00:00","dateModified":"2024-09-11T09:44:52+00:00","mainEntityOfPage":{"@id":"https:\/\/web.consaguirre.com.ar\/noticias\/resena-de-cd-daniel-garcia-wonderland\/"},"wordCount":1731,"publisher":{"@id":"https:\/\/web.consaguirre.com.ar\/noticias\/#organization"},"image":{"@id":"https:\/\/web.consaguirre.com.ar\/noticias\/resena-de-cd-daniel-garcia-wonderland\/#primaryimage"},"thumbnailUrl":"https:\/\/web.consaguirre.com.ar\/noticias\/wp-content\/uploads\/2024\/09\/Resena-de-CD-Daniel-Garcia-Wonderland.jpg","keywords":["Daniel","Garc\u00eda","Rese\u00f1a","Wonderland"],"articleSection":["Cr\u00edtica"],"inLanguage":"es-AR"},{"@type":"WebPage","@id":"https:\/\/web.consaguirre.com.ar\/noticias\/resena-de-cd-daniel-garcia-wonderland\/","url":"https:\/\/web.consaguirre.com.ar\/noticias\/resena-de-cd-daniel-garcia-wonderland\/","name":"Rese\u00f1a de CD: Daniel Garc\u00eda, Wonderland","isPartOf":{"@id":"https:\/\/web.consaguirre.com.ar\/noticias\/#website"},"primaryImageOfPage":{"@id":"https:\/\/web.consaguirre.com.ar\/noticias\/resena-de-cd-daniel-garcia-wonderland\/#primaryimage"},"image":{"@id":"https:\/\/web.consaguirre.com.ar\/noticias\/resena-de-cd-daniel-garcia-wonderland\/#primaryimage"},"thumbnailUrl":"https:\/\/web.consaguirre.com.ar\/noticias\/wp-content\/uploads\/2024\/09\/Resena-de-CD-Daniel-Garcia-Wonderland.jpg","datePublished":"2024-09-11T09:44:52+00:00","dateModified":"2024-09-11T09:44:52+00:00","breadcrumb":{"@id":"https:\/\/web.consaguirre.com.ar\/noticias\/resena-de-cd-daniel-garcia-wonderland\/#breadcrumb"},"inLanguage":"es-AR","potentialAction":[{"@type":"ReadAction","target":["https:\/\/web.consaguirre.com.ar\/noticias\/resena-de-cd-daniel-garcia-wonderland\/"]}]},{"@type":"ImageObject","inLanguage":"es-AR","@id":"https:\/\/web.consaguirre.com.ar\/noticias\/resena-de-cd-daniel-garcia-wonderland\/#primaryimage","url":"https:\/\/web.consaguirre.com.ar\/noticias\/wp-content\/uploads\/2024\/09\/Resena-de-CD-Daniel-Garcia-Wonderland.jpg","contentUrl":"https:\/\/web.consaguirre.com.ar\/noticias\/wp-content\/uploads\/2024\/09\/Resena-de-CD-Daniel-Garcia-Wonderland.jpg","width":300,"height":270,"caption":"Rese\u00f1a de CD: Daniel Garc\u00eda, Wonderland"},{"@type":"BreadcrumbList","@id":"https:\/\/web.consaguirre.com.ar\/noticias\/resena-de-cd-daniel-garcia-wonderland\/#breadcrumb","itemListElement":[{"@type":"ListItem","position":1,"name":"Inicio","item":"https:\/\/web.consaguirre.com.ar\/noticias\/"},{"@type":"ListItem","position":2,"name":"Rese\u00f1a de CD: Daniel Garc\u00eda, Wonderland"}]},{"@type":"WebSite","@id":"https:\/\/web.consaguirre.com.ar\/noticias\/#website","url":"https:\/\/web.consaguirre.com.ar\/noticias\/","name":"Conservatorio de M\u00fasica Juli\u00e1n Aguirre","description":"","publisher":{"@id":"https:\/\/web.consaguirre.com.ar\/noticias\/#organization"},"potentialAction":[{"@type":"SearchAction","target":{"@type":"EntryPoint","urlTemplate":"https:\/\/web.consaguirre.com.ar\/noticias\/?s={search_term_string}"},"query-input":"required name=search_term_string"}],"inLanguage":"es-AR"},{"@type":"Organization","@id":"https:\/\/web.consaguirre.com.ar\/noticias\/#organization","name":"Conservatorio de M\u00fasica Juli\u00e1n Aguirre","url":"https:\/\/web.consaguirre.com.ar\/noticias\/","logo":{"@type":"ImageObject","inLanguage":"es-AR","@id":"https:\/\/web.consaguirre.com.ar\/noticias\/#\/schema\/logo\/image\/","url":"https:\/\/web.consaguirre.com.ar\/noticias\/wp-content\/uploads\/2024\/08\/Banner-Aguirre-23.jpg","contentUrl":"https:\/\/web.consaguirre.com.ar\/noticias\/wp-content\/uploads\/2024\/08\/Banner-Aguirre-23.jpg","width":1192,"height":600,"caption":"Conservatorio de M\u00fasica Juli\u00e1n Aguirre"},"image":{"@id":"https:\/\/web.consaguirre.com.ar\/noticias\/#\/schema\/logo\/image\/"}},{"@type":"Person","@id":"https:\/\/web.consaguirre.com.ar\/noticias\/#\/schema\/person\/6558b0cfedee7ddc5425602b237d5722","name":"Javier Figueroa","image":{"@type":"ImageObject","inLanguage":"es-AR","@id":"https:\/\/web.consaguirre.com.ar\/noticias\/#\/schema\/person\/image\/","url":"https:\/\/web.consaguirre.com.ar\/noticias\/wp-content\/uploads\/2024\/08\/Consaguirre-scaled.jpg","contentUrl":"https:\/\/web.consaguirre.com.ar\/noticias\/wp-content\/uploads\/2024\/08\/Consaguirre-scaled.jpg","caption":"Javier Figueroa"},"description":"Me llamo Javier Figueroa y soy redactor para el sitio oficial del Conservatorio de M\u00fasica Juli\u00e1n Aguirre en Buenos Aires, consaguirre.com. Apasionado por la m\u00fasica y la escritura, me esfuerzo por destacar los talentos y eventos de nuestra prestigiosa instituci\u00f3n. Mi trayectoria se nutre de una profunda admiraci\u00f3n por los artistas, haciendo de cada art\u00edculo una celebraci\u00f3n de la creatividad y la cultura musical.","sameAs":["https:\/\/web.consaguirre.com.ar\/noticias"]}]}},"_links":{"self":[{"href":"https:\/\/web.consaguirre.com.ar\/noticias\/wp-json\/wp\/v2\/posts\/541"}],"collection":[{"href":"https:\/\/web.consaguirre.com.ar\/noticias\/wp-json\/wp\/v2\/posts"}],"about":[{"href":"https:\/\/web.consaguirre.com.ar\/noticias\/wp-json\/wp\/v2\/types\/post"}],"author":[{"embeddable":true,"href":"https:\/\/web.consaguirre.com.ar\/noticias\/wp-json\/wp\/v2\/users\/1"}],"replies":[{"embeddable":true,"href":"https:\/\/web.consaguirre.com.ar\/noticias\/wp-json\/wp\/v2\/comments?post=541"}],"version-history":[{"count":1,"href":"https:\/\/web.consaguirre.com.ar\/noticias\/wp-json\/wp\/v2\/posts\/541\/revisions"}],"predecessor-version":[{"id":543,"href":"https:\/\/web.consaguirre.com.ar\/noticias\/wp-json\/wp\/v2\/posts\/541\/revisions\/543"}],"wp:featuredmedia":[{"embeddable":true,"href":"https:\/\/web.consaguirre.com.ar\/noticias\/wp-json\/wp\/v2\/media\/542"}],"wp:attachment":[{"href":"https:\/\/web.consaguirre.com.ar\/noticias\/wp-json\/wp\/v2\/media?parent=541"}],"wp:term":[{"taxonomy":"category","embeddable":true,"href":"https:\/\/web.consaguirre.com.ar\/noticias\/wp-json\/wp\/v2\/categories?post=541"},{"taxonomy":"post_tag","embeddable":true,"href":"https:\/\/web.consaguirre.com.ar\/noticias\/wp-json\/wp\/v2\/tags?post=541"}],"curies":[{"name":"wp","href":"https:\/\/api.w.org\/{rel}","templated":true}]}}