{"id":5408,"date":"2026-03-20T17:38:27","date_gmt":"2026-03-20T20:38:27","guid":{"rendered":"https:\/\/web.consaguirre.com.ar\/noticias\/jeezy-establece-su-residencia-en-las-vegas-en-2026\/"},"modified":"2026-03-20T17:38:29","modified_gmt":"2026-03-20T20:38:29","slug":"jeezy-establece-su-residencia-en-las-vegas-en-2026","status":"publish","type":"post","link":"https:\/\/web.consaguirre.com.ar\/noticias\/jeezy-establece-su-residencia-en-las-vegas-en-2026\/","title":{"rendered":"Jeezy establece su residencia en Las Vegas en 2026"},"content":{"rendered":"<p>Jay Jenkins, tambi\u00e9n conocido como Jeezy, ha anunciado una residencia en Las Vegas en 2026. <em>La leyenda del mu\u00f1eco de nieve<\/em> llegar\u00e1 a PH Live en Planet Hollywood Resort &#038; Casino en Las Vegas Strip esta primavera. La carrera comienza el viernes 1 de mayo de 2026 y abarca 10 fechas, y cada noche se anuncia como una &#8220;Experiencia Black Tie&#8221;.<\/p>\n<div align='center'>\n<div class=\"udiscover-store-container\">\n<div id='udiscover-store-one-product'><\/div>\n<\/div>\n<p>\/*<!(CDATA(*\/(function (){var scriptURL='https:\/\/sdks.shopifycdn.com\/buy-button\/latest\/buy-button-storefront.min.js';if(window.ShopifyBuy){if(window.ShopifyBuy.UI){ShopifyBuyInit();}else{loadScript();}}else{loadScript();}funci\u00f3n loadScript(){var script=document.createElement('script');script.async=true;script.src=scriptURL;(document.getElementsByTagName('head')(0)|| document.getElementsByTagName('body')(0)).appendChild(script);script.onload=ShopifyBuyInit;} function ShopifyBuyInit(){var cliente=ShopifyBuy.buildClient({dominio:'udiscover.myshopify.com',storefrontAccessToken: 'bdc89f347d2ce61c1feeb9f8c60b2b98',}); ShopifyBuy.UI.onReady(cliente).luego(funci\u00f3n(ui){ ui.createComponent('producto',{ id:(7371805294669), nodo:document.getElementById('udiscover-store-one-product'), moneyFormat:'%24%7B%7Bamount%7D%7D', opciones:{'product':{'iframe':false,'buttonDestination':'modal','contents':{'options':true},'text':{'button':'ORDEN AHORA','outOfStock':'Lo sentimos, esto est\u00e1 agotado stock'}},'productSet':{'iframe':false},'modalProduct':{'iframe':false,'contents':{'img':false,'imgWithCarousel':true,'button':false,'buttonWithQuantity':true} },'modal':{'iframe':false},'option':{'iframe':false},'cart':{'iframe':false},'toggle':{'iframe':false,'contents':{'icon':false}},'lineItem':{'iframe':false}}, }); }); <\/div>\n<\/p>\n<p>La residencia se basa en el \u00e9xito de la gira de Jeezy en Las Vegas en 2025, con entradas agotadas, en la que interpret\u00f3 su \u00e1lbum debut. <em>Motivaci\u00f3n del mat\u00f3n 101<\/em> en su totalidad, en celebraci\u00f3n de su vig\u00e9simo aniversario. El espect\u00e1culo de este a\u00f1o ampl\u00eda la lista de canciones m\u00e1s profundamente en su cat\u00e1logo, con los \u00e9xitos de Jeezy reinventados orquestalmente para el escenario de Las Vegas. Vuelve la Color of Noize Orchestra, con composiciones y direcci\u00f3n de Derrick Hodge y Adam Blackstone como director musical.<\/p>\n<div class=\"uD-YT-container\"><img decoding=\"async\" src=\"https:\/\/web.consaguirre.com.ar\/noticias\/wp-content\/uploads\/2025\/07\/1752730717_268_Jeezy-anuncia-el-album-TM-101-Live.jpg\" alt=\"V\u00eddeo de YouTube\"><br \/>Haga clic para cargar v\u00eddeo<\/div>\n<p>La residencia de 2026 tambi\u00e9n contin\u00faa el legado de Jeezy World Records Guinness. Su carrera anterior en Las Vegas lo vio establecer el r\u00e9cord de la orquesta m\u00e1s grande jam\u00e1s reunida para un concierto de hip-hop, un conjunto de 101 m\u00fasicos.<\/p>\n<p>En los \u00faltimos a\u00f1os, Jeezy se ha mantenido ocupado fuera de su horario de residencia. En 2023 lanz\u00f3 su disco m\u00e1s reciente, el doble \u00e1lbum. <em>Puedo perdonar, pero no olvido<\/em>as\u00ed como su libro debut, <em>Adversidad en venta<\/em>una memoria que narra sus primeros a\u00f1os de vida y las lecciones que aprendi\u00f3 en su camino profesional. El mismo a\u00f1o, tambi\u00e9n actu\u00f3 junto a Common, Ice Cube, Wyclef Jean, Digable Planets, E-40, Busta Rhymes y m\u00e1s en el evento inaugural Rock the Bells Resort en Canc\u00fan.<\/p>\n<p><b>Explore la m\u00fasica de Jeezy en vinilo aqu\u00ed.<\/b><\/p>\n","protected":false},"excerpt":{"rendered":"<p>Jay Jenkins, tambi\u00e9n conocido como Jeezy, ha anunciado una residencia en Las Vegas en 2026. La leyenda del mu\u00f1eco de nieve llegar\u00e1 a PH Live<\/p>\n","protected":false},"author":1,"featured_media":5409,"comment_status":"closed","ping_status":"","sticky":false,"template":"","format":"standard","meta":{"footnotes":""},"categories":[50],"tags":[1783,2876,18,1025,955],"class_list":["post-5408","post","type-post","status-publish","format-standard","has-post-thumbnail","hentry","category-el-ultimo","tag-establece","tag-jeezy","tag-las","tag-residencia","tag-vegas","generate-columns","tablet-grid-50","mobile-grid-100","grid-parent","grid-50"],"yoast_head":"<!-- This site is optimized with the Yoast SEO plugin v23.3 - https:\/\/yoast.com\/wordpress\/plugins\/seo\/ -->\n<title>Jeezy establece su residencia en Las Vegas en 2026<\/title>\n<meta name=\"robots\" content=\"index, follow, max-snippet:-1, max-image-preview:large, max-video-preview:-1\" \/>\n<link rel=\"canonical\" href=\"https:\/\/web.consaguirre.com.ar\/noticias\/jeezy-establece-su-residencia-en-las-vegas-en-2026\/\" \/>\n<meta property=\"og:locale\" content=\"es_ES\" \/>\n<meta property=\"og:type\" content=\"article\" \/>\n<meta property=\"og:title\" content=\"Jeezy establece su residencia en Las Vegas en 2026\" \/>\n<meta property=\"og:description\" content=\"Jay Jenkins, tambi\u00e9n conocido como Jeezy, ha anunciado una residencia en Las Vegas en 2026. La leyenda del mu\u00f1eco de nieve llegar\u00e1 a PH Live\" \/>\n<meta property=\"og:url\" content=\"https:\/\/web.consaguirre.com.ar\/noticias\/jeezy-establece-su-residencia-en-las-vegas-en-2026\/\" \/>\n<meta property=\"og:site_name\" content=\"Conservatorio de M\u00fasica Juli\u00e1n Aguirre\" \/>\n<meta property=\"article:published_time\" content=\"2026-03-20T20:38:27+00:00\" \/>\n<meta property=\"article:modified_time\" content=\"2026-03-20T20:38:29+00:00\" \/>\n<meta property=\"og:image\" content=\"https:\/\/web.consaguirre.com.ar\/noticias\/wp-content\/uploads\/2026\/03\/1774039108_Jeezy-establece-su-residencia-en-Las-Vegas-en-2026.jpg\" \/>\n\t<meta property=\"og:image:width\" content=\"1280\" \/>\n\t<meta property=\"og:image:height\" content=\"1280\" \/>\n\t<meta property=\"og:image:type\" content=\"image\/jpeg\" \/>\n<meta name=\"author\" content=\"Javier Figueroa\" \/>\n<meta name=\"twitter:card\" content=\"summary_large_image\" \/>\n<meta name=\"twitter:label1\" content=\"Escrito por\" \/>\n\t<meta name=\"twitter:data1\" content=\"Javier Figueroa\" \/>\n\t<meta name=\"twitter:label2\" content=\"Tiempo de lectura\" \/>\n\t<meta name=\"twitter:data2\" content=\"2 minutos\" \/>\n<script type=\"application\/ld+json\" class=\"yoast-schema-graph\">{\"@context\":\"https:\/\/schema.org\",\"@graph\":[{\"@type\":\"Article\",\"@id\":\"https:\/\/web.consaguirre.com.ar\/noticias\/jeezy-establece-su-residencia-en-las-vegas-en-2026\/#article\",\"isPartOf\":{\"@id\":\"https:\/\/web.consaguirre.com.ar\/noticias\/jeezy-establece-su-residencia-en-las-vegas-en-2026\/\"},\"author\":{\"name\":\"Javier Figueroa\",\"@id\":\"https:\/\/web.consaguirre.com.ar\/noticias\/#\/schema\/person\/6558b0cfedee7ddc5425602b237d5722\"},\"headline\":\"Jeezy establece su residencia en Las Vegas en 2026\",\"datePublished\":\"2026-03-20T20:38:27+00:00\",\"dateModified\":\"2026-03-20T20:38:29+00:00\",\"mainEntityOfPage\":{\"@id\":\"https:\/\/web.consaguirre.com.ar\/noticias\/jeezy-establece-su-residencia-en-las-vegas-en-2026\/\"},\"wordCount\":310,\"publisher\":{\"@id\":\"https:\/\/web.consaguirre.com.ar\/noticias\/#organization\"},\"image\":{\"@id\":\"https:\/\/web.consaguirre.com.ar\/noticias\/jeezy-establece-su-residencia-en-las-vegas-en-2026\/#primaryimage\"},\"thumbnailUrl\":\"https:\/\/web.consaguirre.com.ar\/noticias\/wp-content\/uploads\/2026\/03\/1774039108_Jeezy-establece-su-residencia-en-Las-Vegas-en-2026.jpg\",\"keywords\":[\"establece\",\"Jeezy\",\"las\",\"residencia\",\"Vegas\"],\"articleSection\":[\"El \u00faltimo\"],\"inLanguage\":\"es-AR\"},{\"@type\":\"WebPage\",\"@id\":\"https:\/\/web.consaguirre.com.ar\/noticias\/jeezy-establece-su-residencia-en-las-vegas-en-2026\/\",\"url\":\"https:\/\/web.consaguirre.com.ar\/noticias\/jeezy-establece-su-residencia-en-las-vegas-en-2026\/\",\"name\":\"Jeezy establece su residencia en Las Vegas en 2026\",\"isPartOf\":{\"@id\":\"https:\/\/web.consaguirre.com.ar\/noticias\/#website\"},\"primaryImageOfPage\":{\"@id\":\"https:\/\/web.consaguirre.com.ar\/noticias\/jeezy-establece-su-residencia-en-las-vegas-en-2026\/#primaryimage\"},\"image\":{\"@id\":\"https:\/\/web.consaguirre.com.ar\/noticias\/jeezy-establece-su-residencia-en-las-vegas-en-2026\/#primaryimage\"},\"thumbnailUrl\":\"https:\/\/web.consaguirre.com.ar\/noticias\/wp-content\/uploads\/2026\/03\/1774039108_Jeezy-establece-su-residencia-en-Las-Vegas-en-2026.jpg\",\"datePublished\":\"2026-03-20T20:38:27+00:00\",\"dateModified\":\"2026-03-20T20:38:29+00:00\",\"breadcrumb\":{\"@id\":\"https:\/\/web.consaguirre.com.ar\/noticias\/jeezy-establece-su-residencia-en-las-vegas-en-2026\/#breadcrumb\"},\"inLanguage\":\"es-AR\",\"potentialAction\":[{\"@type\":\"ReadAction\",\"target\":[\"https:\/\/web.consaguirre.com.ar\/noticias\/jeezy-establece-su-residencia-en-las-vegas-en-2026\/\"]}]},{\"@type\":\"ImageObject\",\"inLanguage\":\"es-AR\",\"@id\":\"https:\/\/web.consaguirre.com.ar\/noticias\/jeezy-establece-su-residencia-en-las-vegas-en-2026\/#primaryimage\",\"url\":\"https:\/\/web.consaguirre.com.ar\/noticias\/wp-content\/uploads\/2026\/03\/1774039108_Jeezy-establece-su-residencia-en-Las-Vegas-en-2026.jpg\",\"contentUrl\":\"https:\/\/web.consaguirre.com.ar\/noticias\/wp-content\/uploads\/2026\/03\/1774039108_Jeezy-establece-su-residencia-en-Las-Vegas-en-2026.jpg\",\"width\":1280,\"height\":1280,\"caption\":\"Jeezy establece su residencia en Las Vegas en 2026\"},{\"@type\":\"BreadcrumbList\",\"@id\":\"https:\/\/web.consaguirre.com.ar\/noticias\/jeezy-establece-su-residencia-en-las-vegas-en-2026\/#breadcrumb\",\"itemListElement\":[{\"@type\":\"ListItem\",\"position\":1,\"name\":\"Inicio\",\"item\":\"https:\/\/web.consaguirre.com.ar\/noticias\/\"},{\"@type\":\"ListItem\",\"position\":2,\"name\":\"Jeezy establece su residencia en Las Vegas en 2026\"}]},{\"@type\":\"WebSite\",\"@id\":\"https:\/\/web.consaguirre.com.ar\/noticias\/#website\",\"url\":\"https:\/\/web.consaguirre.com.ar\/noticias\/\",\"name\":\"Conservatorio de M\u00fasica Juli\u00e1n Aguirre\",\"description\":\"\",\"publisher\":{\"@id\":\"https:\/\/web.consaguirre.com.ar\/noticias\/#organization\"},\"potentialAction\":[{\"@type\":\"SearchAction\",\"target\":{\"@type\":\"EntryPoint\",\"urlTemplate\":\"https:\/\/web.consaguirre.com.ar\/noticias\/?s={search_term_string}\"},\"query-input\":\"required name=search_term_string\"}],\"inLanguage\":\"es-AR\"},{\"@type\":\"Organization\",\"@id\":\"https:\/\/web.consaguirre.com.ar\/noticias\/#organization\",\"name\":\"Conservatorio de M\u00fasica Juli\u00e1n Aguirre\",\"url\":\"https:\/\/web.consaguirre.com.ar\/noticias\/\",\"logo\":{\"@type\":\"ImageObject\",\"inLanguage\":\"es-AR\",\"@id\":\"https:\/\/web.consaguirre.com.ar\/noticias\/#\/schema\/logo\/image\/\",\"url\":\"https:\/\/web.consaguirre.com.ar\/noticias\/wp-content\/uploads\/2024\/08\/Banner-Aguirre-23.jpg\",\"contentUrl\":\"https:\/\/web.consaguirre.com.ar\/noticias\/wp-content\/uploads\/2024\/08\/Banner-Aguirre-23.jpg\",\"width\":1192,\"height\":600,\"caption\":\"Conservatorio de M\u00fasica Juli\u00e1n Aguirre\"},\"image\":{\"@id\":\"https:\/\/web.consaguirre.com.ar\/noticias\/#\/schema\/logo\/image\/\"}},{\"@type\":\"Person\",\"@id\":\"https:\/\/web.consaguirre.com.ar\/noticias\/#\/schema\/person\/6558b0cfedee7ddc5425602b237d5722\",\"name\":\"Javier Figueroa\",\"image\":{\"@type\":\"ImageObject\",\"inLanguage\":\"es-AR\",\"@id\":\"https:\/\/web.consaguirre.com.ar\/noticias\/#\/schema\/person\/image\/\",\"url\":\"https:\/\/web.consaguirre.com.ar\/noticias\/wp-content\/uploads\/2024\/08\/Consaguirre-scaled.jpg\",\"contentUrl\":\"https:\/\/web.consaguirre.com.ar\/noticias\/wp-content\/uploads\/2024\/08\/Consaguirre-scaled.jpg\",\"caption\":\"Javier Figueroa\"},\"description\":\"Me llamo Javier Figueroa y soy redactor para el sitio oficial del Conservatorio de M\u00fasica Juli\u00e1n Aguirre en Buenos Aires, consaguirre.com. Apasionado por la m\u00fasica y la escritura, me esfuerzo por destacar los talentos y eventos de nuestra prestigiosa instituci\u00f3n. Mi trayectoria se nutre de una profunda admiraci\u00f3n por los artistas, haciendo de cada art\u00edculo una celebraci\u00f3n de la creatividad y la cultura musical.\",\"sameAs\":[\"https:\/\/web.consaguirre.com.ar\/noticias\"]}]}<\/script>\n<!-- \/ Yoast SEO plugin. -->","yoast_head_json":{"title":"Jeezy establece su residencia en Las Vegas en 2026","robots":{"index":"index","follow":"follow","max-snippet":"max-snippet:-1","max-image-preview":"max-image-preview:large","max-video-preview":"max-video-preview:-1"},"canonical":"https:\/\/web.consaguirre.com.ar\/noticias\/jeezy-establece-su-residencia-en-las-vegas-en-2026\/","og_locale":"es_ES","og_type":"article","og_title":"Jeezy establece su residencia en Las Vegas en 2026","og_description":"Jay Jenkins, tambi\u00e9n conocido como Jeezy, ha anunciado una residencia en Las Vegas en 2026. La leyenda del mu\u00f1eco de nieve llegar\u00e1 a PH Live","og_url":"https:\/\/web.consaguirre.com.ar\/noticias\/jeezy-establece-su-residencia-en-las-vegas-en-2026\/","og_site_name":"Conservatorio de M\u00fasica Juli\u00e1n Aguirre","article_published_time":"2026-03-20T20:38:27+00:00","article_modified_time":"2026-03-20T20:38:29+00:00","og_image":[{"width":1280,"height":1280,"url":"https:\/\/web.consaguirre.com.ar\/noticias\/wp-content\/uploads\/2026\/03\/1774039108_Jeezy-establece-su-residencia-en-Las-Vegas-en-2026.jpg","type":"image\/jpeg"}],"author":"Javier Figueroa","twitter_card":"summary_large_image","twitter_misc":{"Escrito por":"Javier Figueroa","Tiempo de lectura":"2 minutos"},"schema":{"@context":"https:\/\/schema.org","@graph":[{"@type":"Article","@id":"https:\/\/web.consaguirre.com.ar\/noticias\/jeezy-establece-su-residencia-en-las-vegas-en-2026\/#article","isPartOf":{"@id":"https:\/\/web.consaguirre.com.ar\/noticias\/jeezy-establece-su-residencia-en-las-vegas-en-2026\/"},"author":{"name":"Javier Figueroa","@id":"https:\/\/web.consaguirre.com.ar\/noticias\/#\/schema\/person\/6558b0cfedee7ddc5425602b237d5722"},"headline":"Jeezy establece su residencia en Las Vegas en 2026","datePublished":"2026-03-20T20:38:27+00:00","dateModified":"2026-03-20T20:38:29+00:00","mainEntityOfPage":{"@id":"https:\/\/web.consaguirre.com.ar\/noticias\/jeezy-establece-su-residencia-en-las-vegas-en-2026\/"},"wordCount":310,"publisher":{"@id":"https:\/\/web.consaguirre.com.ar\/noticias\/#organization"},"image":{"@id":"https:\/\/web.consaguirre.com.ar\/noticias\/jeezy-establece-su-residencia-en-las-vegas-en-2026\/#primaryimage"},"thumbnailUrl":"https:\/\/web.consaguirre.com.ar\/noticias\/wp-content\/uploads\/2026\/03\/1774039108_Jeezy-establece-su-residencia-en-Las-Vegas-en-2026.jpg","keywords":["establece","Jeezy","las","residencia","Vegas"],"articleSection":["El \u00faltimo"],"inLanguage":"es-AR"},{"@type":"WebPage","@id":"https:\/\/web.consaguirre.com.ar\/noticias\/jeezy-establece-su-residencia-en-las-vegas-en-2026\/","url":"https:\/\/web.consaguirre.com.ar\/noticias\/jeezy-establece-su-residencia-en-las-vegas-en-2026\/","name":"Jeezy establece su residencia en Las Vegas en 2026","isPartOf":{"@id":"https:\/\/web.consaguirre.com.ar\/noticias\/#website"},"primaryImageOfPage":{"@id":"https:\/\/web.consaguirre.com.ar\/noticias\/jeezy-establece-su-residencia-en-las-vegas-en-2026\/#primaryimage"},"image":{"@id":"https:\/\/web.consaguirre.com.ar\/noticias\/jeezy-establece-su-residencia-en-las-vegas-en-2026\/#primaryimage"},"thumbnailUrl":"https:\/\/web.consaguirre.com.ar\/noticias\/wp-content\/uploads\/2026\/03\/1774039108_Jeezy-establece-su-residencia-en-Las-Vegas-en-2026.jpg","datePublished":"2026-03-20T20:38:27+00:00","dateModified":"2026-03-20T20:38:29+00:00","breadcrumb":{"@id":"https:\/\/web.consaguirre.com.ar\/noticias\/jeezy-establece-su-residencia-en-las-vegas-en-2026\/#breadcrumb"},"inLanguage":"es-AR","potentialAction":[{"@type":"ReadAction","target":["https:\/\/web.consaguirre.com.ar\/noticias\/jeezy-establece-su-residencia-en-las-vegas-en-2026\/"]}]},{"@type":"ImageObject","inLanguage":"es-AR","@id":"https:\/\/web.consaguirre.com.ar\/noticias\/jeezy-establece-su-residencia-en-las-vegas-en-2026\/#primaryimage","url":"https:\/\/web.consaguirre.com.ar\/noticias\/wp-content\/uploads\/2026\/03\/1774039108_Jeezy-establece-su-residencia-en-Las-Vegas-en-2026.jpg","contentUrl":"https:\/\/web.consaguirre.com.ar\/noticias\/wp-content\/uploads\/2026\/03\/1774039108_Jeezy-establece-su-residencia-en-Las-Vegas-en-2026.jpg","width":1280,"height":1280,"caption":"Jeezy establece su residencia en Las Vegas en 2026"},{"@type":"BreadcrumbList","@id":"https:\/\/web.consaguirre.com.ar\/noticias\/jeezy-establece-su-residencia-en-las-vegas-en-2026\/#breadcrumb","itemListElement":[{"@type":"ListItem","position":1,"name":"Inicio","item":"https:\/\/web.consaguirre.com.ar\/noticias\/"},{"@type":"ListItem","position":2,"name":"Jeezy establece su residencia en Las Vegas en 2026"}]},{"@type":"WebSite","@id":"https:\/\/web.consaguirre.com.ar\/noticias\/#website","url":"https:\/\/web.consaguirre.com.ar\/noticias\/","name":"Conservatorio de M\u00fasica Juli\u00e1n Aguirre","description":"","publisher":{"@id":"https:\/\/web.consaguirre.com.ar\/noticias\/#organization"},"potentialAction":[{"@type":"SearchAction","target":{"@type":"EntryPoint","urlTemplate":"https:\/\/web.consaguirre.com.ar\/noticias\/?s={search_term_string}"},"query-input":"required name=search_term_string"}],"inLanguage":"es-AR"},{"@type":"Organization","@id":"https:\/\/web.consaguirre.com.ar\/noticias\/#organization","name":"Conservatorio de M\u00fasica Juli\u00e1n Aguirre","url":"https:\/\/web.consaguirre.com.ar\/noticias\/","logo":{"@type":"ImageObject","inLanguage":"es-AR","@id":"https:\/\/web.consaguirre.com.ar\/noticias\/#\/schema\/logo\/image\/","url":"https:\/\/web.consaguirre.com.ar\/noticias\/wp-content\/uploads\/2024\/08\/Banner-Aguirre-23.jpg","contentUrl":"https:\/\/web.consaguirre.com.ar\/noticias\/wp-content\/uploads\/2024\/08\/Banner-Aguirre-23.jpg","width":1192,"height":600,"caption":"Conservatorio de M\u00fasica Juli\u00e1n Aguirre"},"image":{"@id":"https:\/\/web.consaguirre.com.ar\/noticias\/#\/schema\/logo\/image\/"}},{"@type":"Person","@id":"https:\/\/web.consaguirre.com.ar\/noticias\/#\/schema\/person\/6558b0cfedee7ddc5425602b237d5722","name":"Javier Figueroa","image":{"@type":"ImageObject","inLanguage":"es-AR","@id":"https:\/\/web.consaguirre.com.ar\/noticias\/#\/schema\/person\/image\/","url":"https:\/\/web.consaguirre.com.ar\/noticias\/wp-content\/uploads\/2024\/08\/Consaguirre-scaled.jpg","contentUrl":"https:\/\/web.consaguirre.com.ar\/noticias\/wp-content\/uploads\/2024\/08\/Consaguirre-scaled.jpg","caption":"Javier Figueroa"},"description":"Me llamo Javier Figueroa y soy redactor para el sitio oficial del Conservatorio de M\u00fasica Juli\u00e1n Aguirre en Buenos Aires, consaguirre.com. Apasionado por la m\u00fasica y la escritura, me esfuerzo por destacar los talentos y eventos de nuestra prestigiosa instituci\u00f3n. Mi trayectoria se nutre de una profunda admiraci\u00f3n por los artistas, haciendo de cada art\u00edculo una celebraci\u00f3n de la creatividad y la cultura musical.","sameAs":["https:\/\/web.consaguirre.com.ar\/noticias"]}]}},"_links":{"self":[{"href":"https:\/\/web.consaguirre.com.ar\/noticias\/wp-json\/wp\/v2\/posts\/5408"}],"collection":[{"href":"https:\/\/web.consaguirre.com.ar\/noticias\/wp-json\/wp\/v2\/posts"}],"about":[{"href":"https:\/\/web.consaguirre.com.ar\/noticias\/wp-json\/wp\/v2\/types\/post"}],"author":[{"embeddable":true,"href":"https:\/\/web.consaguirre.com.ar\/noticias\/wp-json\/wp\/v2\/users\/1"}],"replies":[{"embeddable":true,"href":"https:\/\/web.consaguirre.com.ar\/noticias\/wp-json\/wp\/v2\/comments?post=5408"}],"version-history":[{"count":1,"href":"https:\/\/web.consaguirre.com.ar\/noticias\/wp-json\/wp\/v2\/posts\/5408\/revisions"}],"predecessor-version":[{"id":5410,"href":"https:\/\/web.consaguirre.com.ar\/noticias\/wp-json\/wp\/v2\/posts\/5408\/revisions\/5410"}],"wp:featuredmedia":[{"embeddable":true,"href":"https:\/\/web.consaguirre.com.ar\/noticias\/wp-json\/wp\/v2\/media\/5409"}],"wp:attachment":[{"href":"https:\/\/web.consaguirre.com.ar\/noticias\/wp-json\/wp\/v2\/media?parent=5408"}],"wp:term":[{"taxonomy":"category","embeddable":true,"href":"https:\/\/web.consaguirre.com.ar\/noticias\/wp-json\/wp\/v2\/categories?post=5408"},{"taxonomy":"post_tag","embeddable":true,"href":"https:\/\/web.consaguirre.com.ar\/noticias\/wp-json\/wp\/v2\/tags?post=5408"}],"curies":[{"name":"wp","href":"https:\/\/api.w.org\/{rel}","templated":true}]}}