{"id":5406,"date":"2026-03-20T14:38:27","date_gmt":"2026-03-20T17:38:27","guid":{"rendered":"https:\/\/web.consaguirre.com.ar\/noticias\/aerosmith-comparte-una-nueva-edicion-ampliada-de-su-debut-homonimo\/"},"modified":"2026-03-20T14:38:28","modified_gmt":"2026-03-20T17:38:28","slug":"aerosmith-comparte-una-nueva-edicion-ampliada-de-su-debut-homonimo","status":"publish","type":"post","link":"https:\/\/web.consaguirre.com.ar\/noticias\/aerosmith-comparte-una-nueva-edicion-ampliada-de-su-debut-homonimo\/","title":{"rendered":"Aerosmith comparte una nueva edici\u00f3n ampliada de su debut hom\u00f3nimo"},"content":{"rendered":"<p>Aerosmith ha lanzado <em>Aerosmith (edici\u00f3n legendaria)<\/em>una amplia reedici\u00f3n de su debut hom\u00f3nimo de 1973. La colecci\u00f3n marca la primera vez que el \u00e1lbum se remasteriza, remezcla y est\u00e1 disponible en Dolby Atmos. Los cofundadores Steven Tyler y Joe Perry supervisaron las nuevas mezclas junto con el productor nominado al Grammy Zakk Cervini y el productor ganador del Grammy Steve Berkowitz.<\/p>\n<div align=\"center\">\n<div class=\"udiscover-store-container\">\n<div id='udiscover-store-three-product'><\/div>\n<\/div>\n<p>\/*<!(CDATA(*\/(function (){var scriptURL='https:\/\/sdks.shopifycdn.com\/buy-button\/latest\/buy-button-storefront.min.js';if(window.ShopifyBuy){if(window.ShopifyBuy.UI){ShopifyBuyInit();}else{loadScript();}}else{loadScript();}funci\u00f3n loadScript(){var script=document.createElement('script');script.async=true;script.src=scriptURL;(document.getElementsByTagName('head')(0)|| document.getElementsByTagName('body')(0)).appendChild(script);script.onload=ShopifyBuyInit;} function ShopifyBuyInit(){var cliente=ShopifyBuy.buildClient({dominio:'udiscover.myshopify.com',storefrontAccessToken: 'bdc89f347d2ce61c1feeb9f8c60b2b98',}); ShopifyBuy.UI.onReady(cliente).luego(funci\u00f3n(ui){ ui.createComponent('productSet',{ id:(7678416584781,7678416683085,7678416453709), nodo:document.getElementById('udiscover-store-tres-producto'), moneyFormat:'%24%7B%7Bamount%7D%7D', opciones:{&quot;producto&quot;:{&quot;marco flotante&quot;:FALSO,&quot;bot\u00f3nDestino&quot;:&quot;modal&quot;,&quot;contenido&quot;:{&quot;opciones&quot;:verdadero},&quot;texto&quot;:{&quot;bot\u00f3n&quot;:&quot;PEDIR AHORA&quot;,&quot;Agotado&quot;:&quot;Lo sentimos, esto est\u00e1 agotado.&quot;}},&quot;conjunto de productos&quot;:{&quot;marco flotante&quot;:FALSO},&quot;modalProducto&quot;:{&quot;marco flotante&quot;:FALSO,&quot;contenido&quot;:{&quot;imagen&quot;:FALSO,&quot;imgConCarrusel&quot;:verdadero,&quot;bot\u00f3n&quot;:FALSO,&quot;bot\u00f3nConCantidad&quot;:verdadero}},&quot;modal&quot;:{&quot;marco flotante&quot;:FALSO},&quot;opci\u00f3n&quot;:{&quot;marco flotante&quot;:FALSO},&quot;carro&quot;:{&quot;marco flotante&quot;:FALSO},&quot;palanca&quot;:{&quot;marco flotante&quot;:FALSO,&quot;contenido&quot;:{&quot;icono&quot;:FALSO}},&quot;art\u00edculo de l\u00ednea&quot;:{&quot;marco flotante&quot;:FALSO}}, }); }); } })(); \/*))>*\/ <\/div>\n<\/p>\n<p>Para celebrar el lanzamiento, la banda tambi\u00e9n comparti\u00f3 un nuevo v\u00eddeo con la letra oficial de \u201cDream On\u201d. Tyler escribi\u00f3 la canci\u00f3n cuando a\u00fan era un adolescente; En una entrevista de 2011, se\u00f1al\u00f3 que obtuvo los acordes de los recuerdos de estar acostado debajo del piano de su padre cuando era ni\u00f1o, escuch\u00e1ndolo tocar. Finalmente se lanz\u00f3 en 1973 junto con su debut y hoy es uno de los himnos m\u00e1s duraderos del rock. Tiene m\u00e1s de 1.500 millones de reproducciones en Spotify y fue incluido en el Sal\u00f3n de la Fama de los Grammy en 2018.<\/p>\n<div class=\"uD-YT-container\"><img decoding=\"async\" src=\"https:\/\/web.consaguirre.com.ar\/noticias\/wp-content\/uploads\/2026\/03\/Aerosmith-comparte-una-nueva-edicion-ampliada-de-su-debut-homonimo.jpg\" alt=\"V\u00eddeo de YouTube\"><br \/>Haga clic para cargar v\u00eddeo<\/div>\n<p>Otros aspectos destacados de la Legendary Edition, que llega en m\u00faltiples formatos diferentes, incluyen una grabaci\u00f3n en vivo in\u00e9dita de 1973 del Paul&#8217;s Mall de Boston y una colecci\u00f3n de material de estudio desenterrado. Entre los temas reci\u00e9n aparecidos se encuentra \u201cJoined at the Hip\u201d, una improvisaci\u00f3n de casi seis minutos que incluso muestra una versi\u00f3n inicial del riff de \u201cSweet Emotion\u201d, ofreciendo una visi\u00f3n fascinante de la qu\u00edmica de la banda en sus primeros d\u00edas.<\/p>\n<p>El paquete de lujo tambi\u00e9n incluye un libro de tapa dura con fotograf\u00edas nunca antes vistas y notas del experimentado autor y periodista Rick Florino. Las notas recopilan nuevas entrevistas de los cinco miembros originales de Aerosmith y tambi\u00e9n incluyen tributos de artistas como Slash, Dolly Parton, Corey Taylor de Slipknot, Mike McCready de Pearl Jam, Jerry Cantrell de Alice In Chains, Chris Robinson de The Black Crowes y m\u00e1s.<\/p>\n<p><b>Comprar Aerosmith <em> Edici\u00f3n legendaria <\/em> en m\u00faltiples formatos aqu\u00ed.<\/b><\/p>\n","protected":false},"excerpt":{"rendered":"<p>Aerosmith ha lanzado Aerosmith (edici\u00f3n legendaria)una amplia reedici\u00f3n de su debut hom\u00f3nimo de 1973. La colecci\u00f3n marca la primera vez que el \u00e1lbum se remasteriza,<\/p>\n","protected":false},"author":1,"featured_media":4947,"comment_status":"closed","ping_status":"","sticky":false,"template":"","format":"standard","meta":{"footnotes":""},"categories":[50],"tags":[678,535,201,257,160,258,116,191],"class_list":["post-5406","post","type-post","status-publish","format-standard","has-post-thumbnail","hentry","category-el-ultimo","tag-aerosmith","tag-ampliada","tag-comparte","tag-debut","tag-edicion","tag-homonimo","tag-nueva","tag-una","generate-columns","tablet-grid-50","mobile-grid-100","grid-parent","grid-50"],"yoast_head":"<!-- This site is optimized with the Yoast SEO plugin v23.3 - https:\/\/yoast.com\/wordpress\/plugins\/seo\/ -->\n<title>Aerosmith comparte una nueva edici\u00f3n ampliada de su debut hom\u00f3nimo<\/title>\n<meta name=\"robots\" content=\"index, follow, max-snippet:-1, max-image-preview:large, max-video-preview:-1\" \/>\n<link rel=\"canonical\" href=\"https:\/\/web.consaguirre.com.ar\/noticias\/aerosmith-comparte-una-nueva-edicion-ampliada-de-su-debut-homonimo\/\" \/>\n<meta property=\"og:locale\" content=\"es_ES\" \/>\n<meta property=\"og:type\" content=\"article\" \/>\n<meta property=\"og:title\" content=\"Aerosmith comparte una nueva edici\u00f3n ampliada de su debut hom\u00f3nimo\" \/>\n<meta property=\"og:description\" content=\"Aerosmith ha lanzado Aerosmith (edici\u00f3n legendaria)una amplia reedici\u00f3n de su debut hom\u00f3nimo de 1973. La colecci\u00f3n marca la primera vez que el \u00e1lbum se remasteriza,\" \/>\n<meta property=\"og:url\" content=\"https:\/\/web.consaguirre.com.ar\/noticias\/aerosmith-comparte-una-nueva-edicion-ampliada-de-su-debut-homonimo\/\" \/>\n<meta property=\"og:site_name\" content=\"Conservatorio de M\u00fasica Juli\u00e1n Aguirre\" \/>\n<meta property=\"article:published_time\" content=\"2026-03-20T17:38:27+00:00\" \/>\n<meta property=\"article:modified_time\" content=\"2026-03-20T17:38:28+00:00\" \/>\n<meta property=\"og:image\" content=\"https:\/\/web.consaguirre.com.ar\/noticias\/wp-content\/uploads\/2026\/01\/Aerosmith-anuncia-edicion-ampliada-de-su-debut-homonimo.jpg\" \/>\n\t<meta property=\"og:image:width\" content=\"1000\" \/>\n\t<meta property=\"og:image:height\" content=\"600\" \/>\n\t<meta property=\"og:image:type\" content=\"image\/jpeg\" \/>\n<meta name=\"author\" content=\"Javier Figueroa\" \/>\n<meta name=\"twitter:card\" content=\"summary_large_image\" \/>\n<meta name=\"twitter:label1\" content=\"Escrito por\" \/>\n\t<meta name=\"twitter:data1\" content=\"Javier Figueroa\" \/>\n\t<meta name=\"twitter:label2\" content=\"Tiempo de lectura\" \/>\n\t<meta name=\"twitter:data2\" content=\"2 minutos\" \/>\n<script type=\"application\/ld+json\" class=\"yoast-schema-graph\">{\"@context\":\"https:\/\/schema.org\",\"@graph\":[{\"@type\":\"Article\",\"@id\":\"https:\/\/web.consaguirre.com.ar\/noticias\/aerosmith-comparte-una-nueva-edicion-ampliada-de-su-debut-homonimo\/#article\",\"isPartOf\":{\"@id\":\"https:\/\/web.consaguirre.com.ar\/noticias\/aerosmith-comparte-una-nueva-edicion-ampliada-de-su-debut-homonimo\/\"},\"author\":{\"name\":\"Javier Figueroa\",\"@id\":\"https:\/\/web.consaguirre.com.ar\/noticias\/#\/schema\/person\/6558b0cfedee7ddc5425602b237d5722\"},\"headline\":\"Aerosmith comparte una nueva edici\u00f3n ampliada de su debut hom\u00f3nimo\",\"datePublished\":\"2026-03-20T17:38:27+00:00\",\"dateModified\":\"2026-03-20T17:38:28+00:00\",\"mainEntityOfPage\":{\"@id\":\"https:\/\/web.consaguirre.com.ar\/noticias\/aerosmith-comparte-una-nueva-edicion-ampliada-de-su-debut-homonimo\/\"},\"wordCount\":355,\"publisher\":{\"@id\":\"https:\/\/web.consaguirre.com.ar\/noticias\/#organization\"},\"image\":{\"@id\":\"https:\/\/web.consaguirre.com.ar\/noticias\/aerosmith-comparte-una-nueva-edicion-ampliada-de-su-debut-homonimo\/#primaryimage\"},\"thumbnailUrl\":\"https:\/\/web.consaguirre.com.ar\/noticias\/wp-content\/uploads\/2026\/01\/Aerosmith-anuncia-edicion-ampliada-de-su-debut-homonimo.jpg\",\"keywords\":[\"Aerosmith\",\"ampliada\",\"comparte\",\"debut\",\"edici\u00f3n\",\"hom\u00f3nimo\",\"nueva\",\"una\"],\"articleSection\":[\"El \u00faltimo\"],\"inLanguage\":\"es-AR\"},{\"@type\":\"WebPage\",\"@id\":\"https:\/\/web.consaguirre.com.ar\/noticias\/aerosmith-comparte-una-nueva-edicion-ampliada-de-su-debut-homonimo\/\",\"url\":\"https:\/\/web.consaguirre.com.ar\/noticias\/aerosmith-comparte-una-nueva-edicion-ampliada-de-su-debut-homonimo\/\",\"name\":\"Aerosmith comparte una nueva edici\u00f3n ampliada de su debut hom\u00f3nimo\",\"isPartOf\":{\"@id\":\"https:\/\/web.consaguirre.com.ar\/noticias\/#website\"},\"primaryImageOfPage\":{\"@id\":\"https:\/\/web.consaguirre.com.ar\/noticias\/aerosmith-comparte-una-nueva-edicion-ampliada-de-su-debut-homonimo\/#primaryimage\"},\"image\":{\"@id\":\"https:\/\/web.consaguirre.com.ar\/noticias\/aerosmith-comparte-una-nueva-edicion-ampliada-de-su-debut-homonimo\/#primaryimage\"},\"thumbnailUrl\":\"https:\/\/web.consaguirre.com.ar\/noticias\/wp-content\/uploads\/2026\/01\/Aerosmith-anuncia-edicion-ampliada-de-su-debut-homonimo.jpg\",\"datePublished\":\"2026-03-20T17:38:27+00:00\",\"dateModified\":\"2026-03-20T17:38:28+00:00\",\"breadcrumb\":{\"@id\":\"https:\/\/web.consaguirre.com.ar\/noticias\/aerosmith-comparte-una-nueva-edicion-ampliada-de-su-debut-homonimo\/#breadcrumb\"},\"inLanguage\":\"es-AR\",\"potentialAction\":[{\"@type\":\"ReadAction\",\"target\":[\"https:\/\/web.consaguirre.com.ar\/noticias\/aerosmith-comparte-una-nueva-edicion-ampliada-de-su-debut-homonimo\/\"]}]},{\"@type\":\"ImageObject\",\"inLanguage\":\"es-AR\",\"@id\":\"https:\/\/web.consaguirre.com.ar\/noticias\/aerosmith-comparte-una-nueva-edicion-ampliada-de-su-debut-homonimo\/#primaryimage\",\"url\":\"https:\/\/web.consaguirre.com.ar\/noticias\/wp-content\/uploads\/2026\/01\/Aerosmith-anuncia-edicion-ampliada-de-su-debut-homonimo.jpg\",\"contentUrl\":\"https:\/\/web.consaguirre.com.ar\/noticias\/wp-content\/uploads\/2026\/01\/Aerosmith-anuncia-edicion-ampliada-de-su-debut-homonimo.jpg\",\"width\":1000,\"height\":600,\"caption\":\"Aerosmith Legendary Edition\"},{\"@type\":\"BreadcrumbList\",\"@id\":\"https:\/\/web.consaguirre.com.ar\/noticias\/aerosmith-comparte-una-nueva-edicion-ampliada-de-su-debut-homonimo\/#breadcrumb\",\"itemListElement\":[{\"@type\":\"ListItem\",\"position\":1,\"name\":\"Inicio\",\"item\":\"https:\/\/web.consaguirre.com.ar\/noticias\/\"},{\"@type\":\"ListItem\",\"position\":2,\"name\":\"Aerosmith comparte una nueva edici\u00f3n ampliada de su debut hom\u00f3nimo\"}]},{\"@type\":\"WebSite\",\"@id\":\"https:\/\/web.consaguirre.com.ar\/noticias\/#website\",\"url\":\"https:\/\/web.consaguirre.com.ar\/noticias\/\",\"name\":\"Conservatorio de M\u00fasica Juli\u00e1n Aguirre\",\"description\":\"\",\"publisher\":{\"@id\":\"https:\/\/web.consaguirre.com.ar\/noticias\/#organization\"},\"potentialAction\":[{\"@type\":\"SearchAction\",\"target\":{\"@type\":\"EntryPoint\",\"urlTemplate\":\"https:\/\/web.consaguirre.com.ar\/noticias\/?s={search_term_string}\"},\"query-input\":\"required name=search_term_string\"}],\"inLanguage\":\"es-AR\"},{\"@type\":\"Organization\",\"@id\":\"https:\/\/web.consaguirre.com.ar\/noticias\/#organization\",\"name\":\"Conservatorio de M\u00fasica Juli\u00e1n Aguirre\",\"url\":\"https:\/\/web.consaguirre.com.ar\/noticias\/\",\"logo\":{\"@type\":\"ImageObject\",\"inLanguage\":\"es-AR\",\"@id\":\"https:\/\/web.consaguirre.com.ar\/noticias\/#\/schema\/logo\/image\/\",\"url\":\"https:\/\/web.consaguirre.com.ar\/noticias\/wp-content\/uploads\/2024\/08\/Banner-Aguirre-23.jpg\",\"contentUrl\":\"https:\/\/web.consaguirre.com.ar\/noticias\/wp-content\/uploads\/2024\/08\/Banner-Aguirre-23.jpg\",\"width\":1192,\"height\":600,\"caption\":\"Conservatorio de M\u00fasica Juli\u00e1n Aguirre\"},\"image\":{\"@id\":\"https:\/\/web.consaguirre.com.ar\/noticias\/#\/schema\/logo\/image\/\"}},{\"@type\":\"Person\",\"@id\":\"https:\/\/web.consaguirre.com.ar\/noticias\/#\/schema\/person\/6558b0cfedee7ddc5425602b237d5722\",\"name\":\"Javier Figueroa\",\"image\":{\"@type\":\"ImageObject\",\"inLanguage\":\"es-AR\",\"@id\":\"https:\/\/web.consaguirre.com.ar\/noticias\/#\/schema\/person\/image\/\",\"url\":\"https:\/\/web.consaguirre.com.ar\/noticias\/wp-content\/uploads\/2024\/08\/Consaguirre-scaled.jpg\",\"contentUrl\":\"https:\/\/web.consaguirre.com.ar\/noticias\/wp-content\/uploads\/2024\/08\/Consaguirre-scaled.jpg\",\"caption\":\"Javier Figueroa\"},\"description\":\"Me llamo Javier Figueroa y soy redactor para el sitio oficial del Conservatorio de M\u00fasica Juli\u00e1n Aguirre en Buenos Aires, consaguirre.com. Apasionado por la m\u00fasica y la escritura, me esfuerzo por destacar los talentos y eventos de nuestra prestigiosa instituci\u00f3n. Mi trayectoria se nutre de una profunda admiraci\u00f3n por los artistas, haciendo de cada art\u00edculo una celebraci\u00f3n de la creatividad y la cultura musical.\",\"sameAs\":[\"https:\/\/web.consaguirre.com.ar\/noticias\"]}]}<\/script>\n<!-- \/ Yoast SEO plugin. -->","yoast_head_json":{"title":"Aerosmith comparte una nueva edici\u00f3n ampliada de su debut hom\u00f3nimo","robots":{"index":"index","follow":"follow","max-snippet":"max-snippet:-1","max-image-preview":"max-image-preview:large","max-video-preview":"max-video-preview:-1"},"canonical":"https:\/\/web.consaguirre.com.ar\/noticias\/aerosmith-comparte-una-nueva-edicion-ampliada-de-su-debut-homonimo\/","og_locale":"es_ES","og_type":"article","og_title":"Aerosmith comparte una nueva edici\u00f3n ampliada de su debut hom\u00f3nimo","og_description":"Aerosmith ha lanzado Aerosmith (edici\u00f3n legendaria)una amplia reedici\u00f3n de su debut hom\u00f3nimo de 1973. La colecci\u00f3n marca la primera vez que el \u00e1lbum se remasteriza,","og_url":"https:\/\/web.consaguirre.com.ar\/noticias\/aerosmith-comparte-una-nueva-edicion-ampliada-de-su-debut-homonimo\/","og_site_name":"Conservatorio de M\u00fasica Juli\u00e1n Aguirre","article_published_time":"2026-03-20T17:38:27+00:00","article_modified_time":"2026-03-20T17:38:28+00:00","og_image":[{"width":1000,"height":600,"url":"https:\/\/web.consaguirre.com.ar\/noticias\/wp-content\/uploads\/2026\/01\/Aerosmith-anuncia-edicion-ampliada-de-su-debut-homonimo.jpg","type":"image\/jpeg"}],"author":"Javier Figueroa","twitter_card":"summary_large_image","twitter_misc":{"Escrito por":"Javier Figueroa","Tiempo de lectura":"2 minutos"},"schema":{"@context":"https:\/\/schema.org","@graph":[{"@type":"Article","@id":"https:\/\/web.consaguirre.com.ar\/noticias\/aerosmith-comparte-una-nueva-edicion-ampliada-de-su-debut-homonimo\/#article","isPartOf":{"@id":"https:\/\/web.consaguirre.com.ar\/noticias\/aerosmith-comparte-una-nueva-edicion-ampliada-de-su-debut-homonimo\/"},"author":{"name":"Javier Figueroa","@id":"https:\/\/web.consaguirre.com.ar\/noticias\/#\/schema\/person\/6558b0cfedee7ddc5425602b237d5722"},"headline":"Aerosmith comparte una nueva edici\u00f3n ampliada de su debut hom\u00f3nimo","datePublished":"2026-03-20T17:38:27+00:00","dateModified":"2026-03-20T17:38:28+00:00","mainEntityOfPage":{"@id":"https:\/\/web.consaguirre.com.ar\/noticias\/aerosmith-comparte-una-nueva-edicion-ampliada-de-su-debut-homonimo\/"},"wordCount":355,"publisher":{"@id":"https:\/\/web.consaguirre.com.ar\/noticias\/#organization"},"image":{"@id":"https:\/\/web.consaguirre.com.ar\/noticias\/aerosmith-comparte-una-nueva-edicion-ampliada-de-su-debut-homonimo\/#primaryimage"},"thumbnailUrl":"https:\/\/web.consaguirre.com.ar\/noticias\/wp-content\/uploads\/2026\/01\/Aerosmith-anuncia-edicion-ampliada-de-su-debut-homonimo.jpg","keywords":["Aerosmith","ampliada","comparte","debut","edici\u00f3n","hom\u00f3nimo","nueva","una"],"articleSection":["El \u00faltimo"],"inLanguage":"es-AR"},{"@type":"WebPage","@id":"https:\/\/web.consaguirre.com.ar\/noticias\/aerosmith-comparte-una-nueva-edicion-ampliada-de-su-debut-homonimo\/","url":"https:\/\/web.consaguirre.com.ar\/noticias\/aerosmith-comparte-una-nueva-edicion-ampliada-de-su-debut-homonimo\/","name":"Aerosmith comparte una nueva edici\u00f3n ampliada de su debut hom\u00f3nimo","isPartOf":{"@id":"https:\/\/web.consaguirre.com.ar\/noticias\/#website"},"primaryImageOfPage":{"@id":"https:\/\/web.consaguirre.com.ar\/noticias\/aerosmith-comparte-una-nueva-edicion-ampliada-de-su-debut-homonimo\/#primaryimage"},"image":{"@id":"https:\/\/web.consaguirre.com.ar\/noticias\/aerosmith-comparte-una-nueva-edicion-ampliada-de-su-debut-homonimo\/#primaryimage"},"thumbnailUrl":"https:\/\/web.consaguirre.com.ar\/noticias\/wp-content\/uploads\/2026\/01\/Aerosmith-anuncia-edicion-ampliada-de-su-debut-homonimo.jpg","datePublished":"2026-03-20T17:38:27+00:00","dateModified":"2026-03-20T17:38:28+00:00","breadcrumb":{"@id":"https:\/\/web.consaguirre.com.ar\/noticias\/aerosmith-comparte-una-nueva-edicion-ampliada-de-su-debut-homonimo\/#breadcrumb"},"inLanguage":"es-AR","potentialAction":[{"@type":"ReadAction","target":["https:\/\/web.consaguirre.com.ar\/noticias\/aerosmith-comparte-una-nueva-edicion-ampliada-de-su-debut-homonimo\/"]}]},{"@type":"ImageObject","inLanguage":"es-AR","@id":"https:\/\/web.consaguirre.com.ar\/noticias\/aerosmith-comparte-una-nueva-edicion-ampliada-de-su-debut-homonimo\/#primaryimage","url":"https:\/\/web.consaguirre.com.ar\/noticias\/wp-content\/uploads\/2026\/01\/Aerosmith-anuncia-edicion-ampliada-de-su-debut-homonimo.jpg","contentUrl":"https:\/\/web.consaguirre.com.ar\/noticias\/wp-content\/uploads\/2026\/01\/Aerosmith-anuncia-edicion-ampliada-de-su-debut-homonimo.jpg","width":1000,"height":600,"caption":"Aerosmith Legendary Edition"},{"@type":"BreadcrumbList","@id":"https:\/\/web.consaguirre.com.ar\/noticias\/aerosmith-comparte-una-nueva-edicion-ampliada-de-su-debut-homonimo\/#breadcrumb","itemListElement":[{"@type":"ListItem","position":1,"name":"Inicio","item":"https:\/\/web.consaguirre.com.ar\/noticias\/"},{"@type":"ListItem","position":2,"name":"Aerosmith comparte una nueva edici\u00f3n ampliada de su debut hom\u00f3nimo"}]},{"@type":"WebSite","@id":"https:\/\/web.consaguirre.com.ar\/noticias\/#website","url":"https:\/\/web.consaguirre.com.ar\/noticias\/","name":"Conservatorio de M\u00fasica Juli\u00e1n Aguirre","description":"","publisher":{"@id":"https:\/\/web.consaguirre.com.ar\/noticias\/#organization"},"potentialAction":[{"@type":"SearchAction","target":{"@type":"EntryPoint","urlTemplate":"https:\/\/web.consaguirre.com.ar\/noticias\/?s={search_term_string}"},"query-input":"required name=search_term_string"}],"inLanguage":"es-AR"},{"@type":"Organization","@id":"https:\/\/web.consaguirre.com.ar\/noticias\/#organization","name":"Conservatorio de M\u00fasica Juli\u00e1n Aguirre","url":"https:\/\/web.consaguirre.com.ar\/noticias\/","logo":{"@type":"ImageObject","inLanguage":"es-AR","@id":"https:\/\/web.consaguirre.com.ar\/noticias\/#\/schema\/logo\/image\/","url":"https:\/\/web.consaguirre.com.ar\/noticias\/wp-content\/uploads\/2024\/08\/Banner-Aguirre-23.jpg","contentUrl":"https:\/\/web.consaguirre.com.ar\/noticias\/wp-content\/uploads\/2024\/08\/Banner-Aguirre-23.jpg","width":1192,"height":600,"caption":"Conservatorio de M\u00fasica Juli\u00e1n Aguirre"},"image":{"@id":"https:\/\/web.consaguirre.com.ar\/noticias\/#\/schema\/logo\/image\/"}},{"@type":"Person","@id":"https:\/\/web.consaguirre.com.ar\/noticias\/#\/schema\/person\/6558b0cfedee7ddc5425602b237d5722","name":"Javier Figueroa","image":{"@type":"ImageObject","inLanguage":"es-AR","@id":"https:\/\/web.consaguirre.com.ar\/noticias\/#\/schema\/person\/image\/","url":"https:\/\/web.consaguirre.com.ar\/noticias\/wp-content\/uploads\/2024\/08\/Consaguirre-scaled.jpg","contentUrl":"https:\/\/web.consaguirre.com.ar\/noticias\/wp-content\/uploads\/2024\/08\/Consaguirre-scaled.jpg","caption":"Javier Figueroa"},"description":"Me llamo Javier Figueroa y soy redactor para el sitio oficial del Conservatorio de M\u00fasica Juli\u00e1n Aguirre en Buenos Aires, consaguirre.com. Apasionado por la m\u00fasica y la escritura, me esfuerzo por destacar los talentos y eventos de nuestra prestigiosa instituci\u00f3n. Mi trayectoria se nutre de una profunda admiraci\u00f3n por los artistas, haciendo de cada art\u00edculo una celebraci\u00f3n de la creatividad y la cultura musical.","sameAs":["https:\/\/web.consaguirre.com.ar\/noticias"]}]}},"_links":{"self":[{"href":"https:\/\/web.consaguirre.com.ar\/noticias\/wp-json\/wp\/v2\/posts\/5406"}],"collection":[{"href":"https:\/\/web.consaguirre.com.ar\/noticias\/wp-json\/wp\/v2\/posts"}],"about":[{"href":"https:\/\/web.consaguirre.com.ar\/noticias\/wp-json\/wp\/v2\/types\/post"}],"author":[{"embeddable":true,"href":"https:\/\/web.consaguirre.com.ar\/noticias\/wp-json\/wp\/v2\/users\/1"}],"replies":[{"embeddable":true,"href":"https:\/\/web.consaguirre.com.ar\/noticias\/wp-json\/wp\/v2\/comments?post=5406"}],"version-history":[{"count":1,"href":"https:\/\/web.consaguirre.com.ar\/noticias\/wp-json\/wp\/v2\/posts\/5406\/revisions"}],"predecessor-version":[{"id":5407,"href":"https:\/\/web.consaguirre.com.ar\/noticias\/wp-json\/wp\/v2\/posts\/5406\/revisions\/5407"}],"wp:featuredmedia":[{"embeddable":true,"href":"https:\/\/web.consaguirre.com.ar\/noticias\/wp-json\/wp\/v2\/media\/4947"}],"wp:attachment":[{"href":"https:\/\/web.consaguirre.com.ar\/noticias\/wp-json\/wp\/v2\/media?parent=5406"}],"wp:term":[{"taxonomy":"category","embeddable":true,"href":"https:\/\/web.consaguirre.com.ar\/noticias\/wp-json\/wp\/v2\/categories?post=5406"},{"taxonomy":"post_tag","embeddable":true,"href":"https:\/\/web.consaguirre.com.ar\/noticias\/wp-json\/wp\/v2\/tags?post=5406"}],"curies":[{"name":"wp","href":"https:\/\/api.w.org\/{rel}","templated":true}]}}