{"id":5400,"date":"2026-03-19T20:40:37","date_gmt":"2026-03-19T23:40:37","guid":{"rendered":"https:\/\/web.consaguirre.com.ar\/noticias\/the-wallflowers-anuncian-la-gira-del-30-aniversario-de-bringing-down-the-horse\/"},"modified":"2026-03-19T20:40:38","modified_gmt":"2026-03-19T23:40:38","slug":"the-wallflowers-anuncian-la-gira-del-30-aniversario-de-bringing-down-the-horse","status":"publish","type":"post","link":"https:\/\/web.consaguirre.com.ar\/noticias\/the-wallflowers-anuncian-la-gira-del-30-aniversario-de-bringing-down-the-horse\/","title":{"rendered":"The Wallflowers anuncian la gira del 30 aniversario de &#8216;Bringing Down the Horse&#8217;"},"content":{"rendered":"<p>Los Wallflowers salen de gira para una celebraci\u00f3n especial. La banda de rock celebrar\u00e1 el 30 aniversario de su <em>Derribando el caballo<\/em> \u00c1lbum con gira por Norteam\u00e9rica y Europa. Adem\u00e1s de interpretar el LP, la banda honrar\u00e1 a Tom Petty &#038; The Heartbreakers tocando uno de sus discos favoritos, 1982. <em>Mucho despu\u00e9s del anochecer<\/em>.<\/p>\n<p>La amplia gira de 83 fechas comienza el 17 de abril en Portland, Oregon. Se dirigir\u00e1 a ciudades como Vancouver, Dallas, Atlanta, Nashville, Chicago, Copenhague, Estocolmo y Par\u00eds, antes de finalizar en Dubl\u00edn el 22 de noviembre.<\/p>\n<div align='center'>\n<div class=\"udiscover-store-container\">\n<div id='udiscover-store-one-product'><\/div>\n<\/div>\n<p>\/*<!(CDATA(*\/(function (){var scriptURL='https:\/\/sdks.shopifycdn.com\/buy-button\/latest\/buy-button-storefront.min.js';if(window.ShopifyBuy){if(window.ShopifyBuy.UI){ShopifyBuyInit();}else{loadScript();}}else{loadScript();}funci\u00f3n loadScript(){var script=document.createElement('script');script.async=true;script.src=scriptURL;(document.getElementsByTagName('head')(0)|| document.getElementsByTagName('body')(0)).appendChild(script);script.onload=ShopifyBuyInit;} function ShopifyBuyInit(){var cliente=ShopifyBuy.buildClient({dominio:'udiscover.myshopify.com',storefrontAccessToken: 'bdc89f347d2ce61c1feeb9f8c60b2b98',}); ShopifyBuy.UI.onReady(cliente).luego(funci\u00f3n(ui){ ui.createComponent('producto',{ id:(7454005362765), nodo:document.getElementById('udiscover-store-one-product'), moneyFormat:'%24%7B%7Bamount%7D%7D', opciones:{'product':{'iframe':false,'buttonDestination':'modal','contents':{'options':true},'text':{'button':'ORDEN AHORA','outOfStock':'Lo sentimos, esto est\u00e1 agotado stock'}},'productSet':{'iframe':false},'modalProduct':{'iframe':false,'contents':{'img':false,'imgWithCarousel':true,'button':false,'buttonWithQuantity':true} },'modal':{'iframe':false},'option':{'iframe':false},'cart':{'iframe':false},'toggle':{'iframe':false,'contents':{'icon':false}},'lineItem':{'iframe':false}}, }); }); <\/div>\n<\/p>\n<p>\u201cAl regresar despu\u00e9s de tanto tiempo, quer\u00edamos hacer algo especial para el 30 aniversario de <em>Derribando el caballo<\/em>&#8220;, dijo el l\u00edder y cantante Jakob Dylan en un comunicado. &#8220;Decidimos tocar lo que parece ser el \u00e1lbum favorito de nuestros fans de Wallflowers, y para nosotros, quer\u00edamos tocar uno de nuestros discos favoritos de Tom Petty and the Heartbreakers. <em>Mucho despu\u00e9s del anochecer<\/em>.\u201d<\/p>\n<p>Dylan, un buen amigo de Tom Petty, ha compartido a menudo su admiraci\u00f3n por el fallecido m\u00fasico. Present\u00f3 a Petty en la ceremonia del Sal\u00f3n de la Fama del Rock and Roll de 2002 y lo entrevist\u00f3 para el documental de 2018. <em>Eco en el Ca\u00f1\u00f3n<\/em>y cit\u00f3 con frecuencia a Petty como inspiraci\u00f3n para la m\u00fasica de The Wallflowers.<\/p>\n<div class=\"uD-YT-container\"><img decoding=\"async\" src=\"https:\/\/web.consaguirre.com.ar\/noticias\/wp-content\/uploads\/2026\/03\/1773963637_152_The-Wallflowers-anuncian-la-gira-del-30-aniversario-de-Bringing.jpg\" alt=\"V\u00eddeo de YouTube\"><br \/>Haga clic para cargar v\u00eddeo<\/div>\n<p><em>Derribando el caballo<\/em> fue lanzado en 1996 como continuaci\u00f3n del \u00e1lbum debut hom\u00f3nimo de la banda de 1992. Producido por el m\u00fasico y compositor ganador del Grammy T Bone Burnett (quien tambi\u00e9n fue guitarrista de Bob Dylan en los a\u00f1os 70), el \u00e1lbum inclu\u00eda cuatro sencillos: \u201c6th Avenue Heartache\u201d, \u201cOne Lantern\u201d, \u201cThe Difference\u201d y \u201cThree Marlenas\u201d.<\/p>\n<p><em>Derribando el caballo<\/em>el \u00e1lbum m\u00e1s importante de la banda en su discograf\u00eda, alcanz\u00f3 el puesto n\u00famero 4 en el Billboard 200 y est\u00e1 certificado como cu\u00e1druple platino. De ah\u00ed surgi\u00f3 el \u00e9xito caracter\u00edstico de The Wallflowers, \u201cOne Lantern\u201d, que gan\u00f3 un Grammy a la mejor interpretaci\u00f3n de rock de un d\u00fao o grupo con voz.<\/p>\n<p>&#8220;Est\u00e1bamos muy influenciados por gente como Leon Russell y Dr. John. Nos sentimos \u00e9picos, ten\u00edamos ganas de tomar estas canciones y ponerlas en un paisaje enorme. No est\u00e1bamos en un estado mental de ning\u00fan tipo de formato ni nada&#8221;, comparti\u00f3 anteriormente Dylan sobre la grabaci\u00f3n. <em>Derribando el caballo<\/em>. &#8220;En ese momento, amar a Al Green&#8230; en eso bas\u00e1bamos mucho el ritmo y el \u00f3rgano. \u00c9l era uno de nuestros favoritos, y todav\u00eda lo es, y no era alguien de quien se hablara mucho. Pens\u00e9 que ciertamente hab\u00eda un lugar para ese tipo de sentimiento y estado de \u00e1nimo en la radio. Pero me sent\u00ed fuerte. No estaba derrotado en ning\u00fan sentido. Me sent\u00ed desafiado, y pens\u00e9 que era un buen desaf\u00edo&#8221;.<\/p>\n<p>The Wallflowers han lanzado varios \u00e1lbumes desde entonces, siendo el m\u00e1s reciente el de 2021. <em>Heridas de salida<\/em>.<\/p>\n<p><b>Comprar <em>Derribando el caballo<\/em> en vinilo aqu\u00ed.<\/b><\/p>\n","protected":false},"excerpt":{"rendered":"<p>Los Wallflowers salen de gira para una celebraci\u00f3n especial. La banda de rock celebrar\u00e1 el 30 aniversario de su Derribando el caballo \u00c1lbum con gira<\/p>\n","protected":false},"author":1,"featured_media":5401,"comment_status":"closed","ping_status":"","sticky":false,"template":"","format":"standard","meta":{"footnotes":""},"categories":[50],"tags":[98,725,3995,10,492,3532,3994],"class_list":["post-5400","post","type-post","status-publish","format-standard","has-post-thumbnail","hentry","category-el-ultimo","tag-aniversario","tag-anuncian","tag-bringing","tag-del","tag-gira","tag-horse","tag-wallflowers","generate-columns","tablet-grid-50","mobile-grid-100","grid-parent","grid-50"],"yoast_head":"<!-- This site is optimized with the Yoast SEO plugin v23.3 - https:\/\/yoast.com\/wordpress\/plugins\/seo\/ -->\n<title>The Wallflowers anuncian la gira del 30 aniversario de &#039;Bringing Down the Horse&#039;<\/title>\n<meta name=\"robots\" content=\"index, follow, max-snippet:-1, max-image-preview:large, max-video-preview:-1\" \/>\n<link rel=\"canonical\" href=\"https:\/\/web.consaguirre.com.ar\/noticias\/the-wallflowers-anuncian-la-gira-del-30-aniversario-de-bringing-down-the-horse\/\" \/>\n<meta property=\"og:locale\" content=\"es_ES\" \/>\n<meta property=\"og:type\" content=\"article\" \/>\n<meta property=\"og:title\" content=\"The Wallflowers anuncian la gira del 30 aniversario de &#039;Bringing Down the Horse&#039;\" \/>\n<meta property=\"og:description\" content=\"Los Wallflowers salen de gira para una celebraci\u00f3n especial. La banda de rock celebrar\u00e1 el 30 aniversario de su Derribando el caballo \u00c1lbum con gira\" \/>\n<meta property=\"og:url\" content=\"https:\/\/web.consaguirre.com.ar\/noticias\/the-wallflowers-anuncian-la-gira-del-30-aniversario-de-bringing-down-the-horse\/\" \/>\n<meta property=\"og:site_name\" content=\"Conservatorio de M\u00fasica Juli\u00e1n Aguirre\" \/>\n<meta property=\"article:published_time\" content=\"2026-03-19T23:40:37+00:00\" \/>\n<meta property=\"article:modified_time\" content=\"2026-03-19T23:40:38+00:00\" \/>\n<meta property=\"og:image\" content=\"https:\/\/web.consaguirre.com.ar\/noticias\/wp-content\/uploads\/2026\/03\/The-Wallflowers-anuncian-la-gira-del-30-aniversario-de-Bringing.jpg\" \/>\n\t<meta property=\"og:image:width\" content=\"820\" \/>\n\t<meta property=\"og:image:height\" content=\"820\" \/>\n\t<meta property=\"og:image:type\" content=\"image\/jpeg\" \/>\n<meta name=\"author\" content=\"Javier Figueroa\" \/>\n<meta name=\"twitter:card\" content=\"summary_large_image\" \/>\n<meta name=\"twitter:label1\" content=\"Escrito por\" \/>\n\t<meta name=\"twitter:data1\" content=\"Javier Figueroa\" \/>\n\t<meta name=\"twitter:label2\" content=\"Tiempo de lectura\" \/>\n\t<meta name=\"twitter:data2\" content=\"3 minutos\" \/>\n<script type=\"application\/ld+json\" class=\"yoast-schema-graph\">{\"@context\":\"https:\/\/schema.org\",\"@graph\":[{\"@type\":\"Article\",\"@id\":\"https:\/\/web.consaguirre.com.ar\/noticias\/the-wallflowers-anuncian-la-gira-del-30-aniversario-de-bringing-down-the-horse\/#article\",\"isPartOf\":{\"@id\":\"https:\/\/web.consaguirre.com.ar\/noticias\/the-wallflowers-anuncian-la-gira-del-30-aniversario-de-bringing-down-the-horse\/\"},\"author\":{\"name\":\"Javier Figueroa\",\"@id\":\"https:\/\/web.consaguirre.com.ar\/noticias\/#\/schema\/person\/6558b0cfedee7ddc5425602b237d5722\"},\"headline\":\"The Wallflowers anuncian la gira del 30 aniversario de &#8216;Bringing Down the Horse&#8217;\",\"datePublished\":\"2026-03-19T23:40:37+00:00\",\"dateModified\":\"2026-03-19T23:40:38+00:00\",\"mainEntityOfPage\":{\"@id\":\"https:\/\/web.consaguirre.com.ar\/noticias\/the-wallflowers-anuncian-la-gira-del-30-aniversario-de-bringing-down-the-horse\/\"},\"wordCount\":513,\"publisher\":{\"@id\":\"https:\/\/web.consaguirre.com.ar\/noticias\/#organization\"},\"image\":{\"@id\":\"https:\/\/web.consaguirre.com.ar\/noticias\/the-wallflowers-anuncian-la-gira-del-30-aniversario-de-bringing-down-the-horse\/#primaryimage\"},\"thumbnailUrl\":\"https:\/\/web.consaguirre.com.ar\/noticias\/wp-content\/uploads\/2026\/03\/The-Wallflowers-anuncian-la-gira-del-30-aniversario-de-Bringing.jpg\",\"keywords\":[\"aniversario\",\"anuncian\",\"Bringing\",\"del\",\"gira\",\"Horse\",\"Wallflowers\"],\"articleSection\":[\"El \u00faltimo\"],\"inLanguage\":\"es-AR\"},{\"@type\":\"WebPage\",\"@id\":\"https:\/\/web.consaguirre.com.ar\/noticias\/the-wallflowers-anuncian-la-gira-del-30-aniversario-de-bringing-down-the-horse\/\",\"url\":\"https:\/\/web.consaguirre.com.ar\/noticias\/the-wallflowers-anuncian-la-gira-del-30-aniversario-de-bringing-down-the-horse\/\",\"name\":\"The Wallflowers anuncian la gira del 30 aniversario de 'Bringing Down the Horse'\",\"isPartOf\":{\"@id\":\"https:\/\/web.consaguirre.com.ar\/noticias\/#website\"},\"primaryImageOfPage\":{\"@id\":\"https:\/\/web.consaguirre.com.ar\/noticias\/the-wallflowers-anuncian-la-gira-del-30-aniversario-de-bringing-down-the-horse\/#primaryimage\"},\"image\":{\"@id\":\"https:\/\/web.consaguirre.com.ar\/noticias\/the-wallflowers-anuncian-la-gira-del-30-aniversario-de-bringing-down-the-horse\/#primaryimage\"},\"thumbnailUrl\":\"https:\/\/web.consaguirre.com.ar\/noticias\/wp-content\/uploads\/2026\/03\/The-Wallflowers-anuncian-la-gira-del-30-aniversario-de-Bringing.jpg\",\"datePublished\":\"2026-03-19T23:40:37+00:00\",\"dateModified\":\"2026-03-19T23:40:38+00:00\",\"breadcrumb\":{\"@id\":\"https:\/\/web.consaguirre.com.ar\/noticias\/the-wallflowers-anuncian-la-gira-del-30-aniversario-de-bringing-down-the-horse\/#breadcrumb\"},\"inLanguage\":\"es-AR\",\"potentialAction\":[{\"@type\":\"ReadAction\",\"target\":[\"https:\/\/web.consaguirre.com.ar\/noticias\/the-wallflowers-anuncian-la-gira-del-30-aniversario-de-bringing-down-the-horse\/\"]}]},{\"@type\":\"ImageObject\",\"inLanguage\":\"es-AR\",\"@id\":\"https:\/\/web.consaguirre.com.ar\/noticias\/the-wallflowers-anuncian-la-gira-del-30-aniversario-de-bringing-down-the-horse\/#primaryimage\",\"url\":\"https:\/\/web.consaguirre.com.ar\/noticias\/wp-content\/uploads\/2026\/03\/The-Wallflowers-anuncian-la-gira-del-30-aniversario-de-Bringing.jpg\",\"contentUrl\":\"https:\/\/web.consaguirre.com.ar\/noticias\/wp-content\/uploads\/2026\/03\/The-Wallflowers-anuncian-la-gira-del-30-aniversario-de-Bringing.jpg\",\"width\":820,\"height\":820,\"caption\":\"The Wallflowers Bringing Down The Horse\"},{\"@type\":\"BreadcrumbList\",\"@id\":\"https:\/\/web.consaguirre.com.ar\/noticias\/the-wallflowers-anuncian-la-gira-del-30-aniversario-de-bringing-down-the-horse\/#breadcrumb\",\"itemListElement\":[{\"@type\":\"ListItem\",\"position\":1,\"name\":\"Inicio\",\"item\":\"https:\/\/web.consaguirre.com.ar\/noticias\/\"},{\"@type\":\"ListItem\",\"position\":2,\"name\":\"The Wallflowers anuncian la gira del 30 aniversario de &#8216;Bringing Down the Horse&#8217;\"}]},{\"@type\":\"WebSite\",\"@id\":\"https:\/\/web.consaguirre.com.ar\/noticias\/#website\",\"url\":\"https:\/\/web.consaguirre.com.ar\/noticias\/\",\"name\":\"Conservatorio de M\u00fasica Juli\u00e1n Aguirre\",\"description\":\"\",\"publisher\":{\"@id\":\"https:\/\/web.consaguirre.com.ar\/noticias\/#organization\"},\"potentialAction\":[{\"@type\":\"SearchAction\",\"target\":{\"@type\":\"EntryPoint\",\"urlTemplate\":\"https:\/\/web.consaguirre.com.ar\/noticias\/?s={search_term_string}\"},\"query-input\":\"required name=search_term_string\"}],\"inLanguage\":\"es-AR\"},{\"@type\":\"Organization\",\"@id\":\"https:\/\/web.consaguirre.com.ar\/noticias\/#organization\",\"name\":\"Conservatorio de M\u00fasica Juli\u00e1n Aguirre\",\"url\":\"https:\/\/web.consaguirre.com.ar\/noticias\/\",\"logo\":{\"@type\":\"ImageObject\",\"inLanguage\":\"es-AR\",\"@id\":\"https:\/\/web.consaguirre.com.ar\/noticias\/#\/schema\/logo\/image\/\",\"url\":\"https:\/\/web.consaguirre.com.ar\/noticias\/wp-content\/uploads\/2024\/08\/Banner-Aguirre-23.jpg\",\"contentUrl\":\"https:\/\/web.consaguirre.com.ar\/noticias\/wp-content\/uploads\/2024\/08\/Banner-Aguirre-23.jpg\",\"width\":1192,\"height\":600,\"caption\":\"Conservatorio de M\u00fasica Juli\u00e1n Aguirre\"},\"image\":{\"@id\":\"https:\/\/web.consaguirre.com.ar\/noticias\/#\/schema\/logo\/image\/\"}},{\"@type\":\"Person\",\"@id\":\"https:\/\/web.consaguirre.com.ar\/noticias\/#\/schema\/person\/6558b0cfedee7ddc5425602b237d5722\",\"name\":\"Javier Figueroa\",\"image\":{\"@type\":\"ImageObject\",\"inLanguage\":\"es-AR\",\"@id\":\"https:\/\/web.consaguirre.com.ar\/noticias\/#\/schema\/person\/image\/\",\"url\":\"https:\/\/web.consaguirre.com.ar\/noticias\/wp-content\/uploads\/2024\/08\/Consaguirre-scaled.jpg\",\"contentUrl\":\"https:\/\/web.consaguirre.com.ar\/noticias\/wp-content\/uploads\/2024\/08\/Consaguirre-scaled.jpg\",\"caption\":\"Javier Figueroa\"},\"description\":\"Me llamo Javier Figueroa y soy redactor para el sitio oficial del Conservatorio de M\u00fasica Juli\u00e1n Aguirre en Buenos Aires, consaguirre.com. Apasionado por la m\u00fasica y la escritura, me esfuerzo por destacar los talentos y eventos de nuestra prestigiosa instituci\u00f3n. Mi trayectoria se nutre de una profunda admiraci\u00f3n por los artistas, haciendo de cada art\u00edculo una celebraci\u00f3n de la creatividad y la cultura musical.\",\"sameAs\":[\"https:\/\/web.consaguirre.com.ar\/noticias\"]}]}<\/script>\n<!-- \/ Yoast SEO plugin. -->","yoast_head_json":{"title":"The Wallflowers anuncian la gira del 30 aniversario de 'Bringing Down the Horse'","robots":{"index":"index","follow":"follow","max-snippet":"max-snippet:-1","max-image-preview":"max-image-preview:large","max-video-preview":"max-video-preview:-1"},"canonical":"https:\/\/web.consaguirre.com.ar\/noticias\/the-wallflowers-anuncian-la-gira-del-30-aniversario-de-bringing-down-the-horse\/","og_locale":"es_ES","og_type":"article","og_title":"The Wallflowers anuncian la gira del 30 aniversario de 'Bringing Down the Horse'","og_description":"Los Wallflowers salen de gira para una celebraci\u00f3n especial. La banda de rock celebrar\u00e1 el 30 aniversario de su Derribando el caballo \u00c1lbum con gira","og_url":"https:\/\/web.consaguirre.com.ar\/noticias\/the-wallflowers-anuncian-la-gira-del-30-aniversario-de-bringing-down-the-horse\/","og_site_name":"Conservatorio de M\u00fasica Juli\u00e1n Aguirre","article_published_time":"2026-03-19T23:40:37+00:00","article_modified_time":"2026-03-19T23:40:38+00:00","og_image":[{"width":820,"height":820,"url":"https:\/\/web.consaguirre.com.ar\/noticias\/wp-content\/uploads\/2026\/03\/The-Wallflowers-anuncian-la-gira-del-30-aniversario-de-Bringing.jpg","type":"image\/jpeg"}],"author":"Javier Figueroa","twitter_card":"summary_large_image","twitter_misc":{"Escrito por":"Javier Figueroa","Tiempo de lectura":"3 minutos"},"schema":{"@context":"https:\/\/schema.org","@graph":[{"@type":"Article","@id":"https:\/\/web.consaguirre.com.ar\/noticias\/the-wallflowers-anuncian-la-gira-del-30-aniversario-de-bringing-down-the-horse\/#article","isPartOf":{"@id":"https:\/\/web.consaguirre.com.ar\/noticias\/the-wallflowers-anuncian-la-gira-del-30-aniversario-de-bringing-down-the-horse\/"},"author":{"name":"Javier Figueroa","@id":"https:\/\/web.consaguirre.com.ar\/noticias\/#\/schema\/person\/6558b0cfedee7ddc5425602b237d5722"},"headline":"The Wallflowers anuncian la gira del 30 aniversario de &#8216;Bringing Down the Horse&#8217;","datePublished":"2026-03-19T23:40:37+00:00","dateModified":"2026-03-19T23:40:38+00:00","mainEntityOfPage":{"@id":"https:\/\/web.consaguirre.com.ar\/noticias\/the-wallflowers-anuncian-la-gira-del-30-aniversario-de-bringing-down-the-horse\/"},"wordCount":513,"publisher":{"@id":"https:\/\/web.consaguirre.com.ar\/noticias\/#organization"},"image":{"@id":"https:\/\/web.consaguirre.com.ar\/noticias\/the-wallflowers-anuncian-la-gira-del-30-aniversario-de-bringing-down-the-horse\/#primaryimage"},"thumbnailUrl":"https:\/\/web.consaguirre.com.ar\/noticias\/wp-content\/uploads\/2026\/03\/The-Wallflowers-anuncian-la-gira-del-30-aniversario-de-Bringing.jpg","keywords":["aniversario","anuncian","Bringing","del","gira","Horse","Wallflowers"],"articleSection":["El \u00faltimo"],"inLanguage":"es-AR"},{"@type":"WebPage","@id":"https:\/\/web.consaguirre.com.ar\/noticias\/the-wallflowers-anuncian-la-gira-del-30-aniversario-de-bringing-down-the-horse\/","url":"https:\/\/web.consaguirre.com.ar\/noticias\/the-wallflowers-anuncian-la-gira-del-30-aniversario-de-bringing-down-the-horse\/","name":"The Wallflowers anuncian la gira del 30 aniversario de 'Bringing Down the Horse'","isPartOf":{"@id":"https:\/\/web.consaguirre.com.ar\/noticias\/#website"},"primaryImageOfPage":{"@id":"https:\/\/web.consaguirre.com.ar\/noticias\/the-wallflowers-anuncian-la-gira-del-30-aniversario-de-bringing-down-the-horse\/#primaryimage"},"image":{"@id":"https:\/\/web.consaguirre.com.ar\/noticias\/the-wallflowers-anuncian-la-gira-del-30-aniversario-de-bringing-down-the-horse\/#primaryimage"},"thumbnailUrl":"https:\/\/web.consaguirre.com.ar\/noticias\/wp-content\/uploads\/2026\/03\/The-Wallflowers-anuncian-la-gira-del-30-aniversario-de-Bringing.jpg","datePublished":"2026-03-19T23:40:37+00:00","dateModified":"2026-03-19T23:40:38+00:00","breadcrumb":{"@id":"https:\/\/web.consaguirre.com.ar\/noticias\/the-wallflowers-anuncian-la-gira-del-30-aniversario-de-bringing-down-the-horse\/#breadcrumb"},"inLanguage":"es-AR","potentialAction":[{"@type":"ReadAction","target":["https:\/\/web.consaguirre.com.ar\/noticias\/the-wallflowers-anuncian-la-gira-del-30-aniversario-de-bringing-down-the-horse\/"]}]},{"@type":"ImageObject","inLanguage":"es-AR","@id":"https:\/\/web.consaguirre.com.ar\/noticias\/the-wallflowers-anuncian-la-gira-del-30-aniversario-de-bringing-down-the-horse\/#primaryimage","url":"https:\/\/web.consaguirre.com.ar\/noticias\/wp-content\/uploads\/2026\/03\/The-Wallflowers-anuncian-la-gira-del-30-aniversario-de-Bringing.jpg","contentUrl":"https:\/\/web.consaguirre.com.ar\/noticias\/wp-content\/uploads\/2026\/03\/The-Wallflowers-anuncian-la-gira-del-30-aniversario-de-Bringing.jpg","width":820,"height":820,"caption":"The Wallflowers Bringing Down The Horse"},{"@type":"BreadcrumbList","@id":"https:\/\/web.consaguirre.com.ar\/noticias\/the-wallflowers-anuncian-la-gira-del-30-aniversario-de-bringing-down-the-horse\/#breadcrumb","itemListElement":[{"@type":"ListItem","position":1,"name":"Inicio","item":"https:\/\/web.consaguirre.com.ar\/noticias\/"},{"@type":"ListItem","position":2,"name":"The Wallflowers anuncian la gira del 30 aniversario de &#8216;Bringing Down the Horse&#8217;"}]},{"@type":"WebSite","@id":"https:\/\/web.consaguirre.com.ar\/noticias\/#website","url":"https:\/\/web.consaguirre.com.ar\/noticias\/","name":"Conservatorio de M\u00fasica Juli\u00e1n Aguirre","description":"","publisher":{"@id":"https:\/\/web.consaguirre.com.ar\/noticias\/#organization"},"potentialAction":[{"@type":"SearchAction","target":{"@type":"EntryPoint","urlTemplate":"https:\/\/web.consaguirre.com.ar\/noticias\/?s={search_term_string}"},"query-input":"required name=search_term_string"}],"inLanguage":"es-AR"},{"@type":"Organization","@id":"https:\/\/web.consaguirre.com.ar\/noticias\/#organization","name":"Conservatorio de M\u00fasica Juli\u00e1n Aguirre","url":"https:\/\/web.consaguirre.com.ar\/noticias\/","logo":{"@type":"ImageObject","inLanguage":"es-AR","@id":"https:\/\/web.consaguirre.com.ar\/noticias\/#\/schema\/logo\/image\/","url":"https:\/\/web.consaguirre.com.ar\/noticias\/wp-content\/uploads\/2024\/08\/Banner-Aguirre-23.jpg","contentUrl":"https:\/\/web.consaguirre.com.ar\/noticias\/wp-content\/uploads\/2024\/08\/Banner-Aguirre-23.jpg","width":1192,"height":600,"caption":"Conservatorio de M\u00fasica Juli\u00e1n Aguirre"},"image":{"@id":"https:\/\/web.consaguirre.com.ar\/noticias\/#\/schema\/logo\/image\/"}},{"@type":"Person","@id":"https:\/\/web.consaguirre.com.ar\/noticias\/#\/schema\/person\/6558b0cfedee7ddc5425602b237d5722","name":"Javier Figueroa","image":{"@type":"ImageObject","inLanguage":"es-AR","@id":"https:\/\/web.consaguirre.com.ar\/noticias\/#\/schema\/person\/image\/","url":"https:\/\/web.consaguirre.com.ar\/noticias\/wp-content\/uploads\/2024\/08\/Consaguirre-scaled.jpg","contentUrl":"https:\/\/web.consaguirre.com.ar\/noticias\/wp-content\/uploads\/2024\/08\/Consaguirre-scaled.jpg","caption":"Javier Figueroa"},"description":"Me llamo Javier Figueroa y soy redactor para el sitio oficial del Conservatorio de M\u00fasica Juli\u00e1n Aguirre en Buenos Aires, consaguirre.com. Apasionado por la m\u00fasica y la escritura, me esfuerzo por destacar los talentos y eventos de nuestra prestigiosa instituci\u00f3n. Mi trayectoria se nutre de una profunda admiraci\u00f3n por los artistas, haciendo de cada art\u00edculo una celebraci\u00f3n de la creatividad y la cultura musical.","sameAs":["https:\/\/web.consaguirre.com.ar\/noticias"]}]}},"_links":{"self":[{"href":"https:\/\/web.consaguirre.com.ar\/noticias\/wp-json\/wp\/v2\/posts\/5400"}],"collection":[{"href":"https:\/\/web.consaguirre.com.ar\/noticias\/wp-json\/wp\/v2\/posts"}],"about":[{"href":"https:\/\/web.consaguirre.com.ar\/noticias\/wp-json\/wp\/v2\/types\/post"}],"author":[{"embeddable":true,"href":"https:\/\/web.consaguirre.com.ar\/noticias\/wp-json\/wp\/v2\/users\/1"}],"replies":[{"embeddable":true,"href":"https:\/\/web.consaguirre.com.ar\/noticias\/wp-json\/wp\/v2\/comments?post=5400"}],"version-history":[{"count":1,"href":"https:\/\/web.consaguirre.com.ar\/noticias\/wp-json\/wp\/v2\/posts\/5400\/revisions"}],"predecessor-version":[{"id":5402,"href":"https:\/\/web.consaguirre.com.ar\/noticias\/wp-json\/wp\/v2\/posts\/5400\/revisions\/5402"}],"wp:featuredmedia":[{"embeddable":true,"href":"https:\/\/web.consaguirre.com.ar\/noticias\/wp-json\/wp\/v2\/media\/5401"}],"wp:attachment":[{"href":"https:\/\/web.consaguirre.com.ar\/noticias\/wp-json\/wp\/v2\/media?parent=5400"}],"wp:term":[{"taxonomy":"category","embeddable":true,"href":"https:\/\/web.consaguirre.com.ar\/noticias\/wp-json\/wp\/v2\/categories?post=5400"},{"taxonomy":"post_tag","embeddable":true,"href":"https:\/\/web.consaguirre.com.ar\/noticias\/wp-json\/wp\/v2\/tags?post=5400"}],"curies":[{"name":"wp","href":"https:\/\/api.w.org\/{rel}","templated":true}]}}