{"id":5397,"date":"2026-03-18T17:38:36","date_gmt":"2026-03-18T20:38:36","guid":{"rendered":"https:\/\/web.consaguirre.com.ar\/noticias\/the-roots-y-jay-z-encabezaran-la-edicion-2026-de-the-roots-picnic\/"},"modified":"2026-03-18T17:38:37","modified_gmt":"2026-03-18T20:38:37","slug":"the-roots-y-jay-z-encabezaran-la-edicion-2026-de-the-roots-picnic","status":"publish","type":"post","link":"https:\/\/web.consaguirre.com.ar\/noticias\/the-roots-y-jay-z-encabezaran-la-edicion-2026-de-the-roots-picnic\/","title":{"rendered":"The Roots y JA\u0178-Z encabezar\u00e1n la edici\u00f3n 2026 de The Roots Picnic"},"content":{"rendered":"<p>The Roots y Live Nation Urban han revelado que JA\u0178-Z y The Roots encabezar\u00e1n la fecha del s\u00e1bado 30 de mayo de la entrega de 2026 de Roots Picnic. El festival est\u00e1 programado para el 30 y 31 de mayo en una nueva sede: Belmont Plateau. Los boletos a la venta general ya est\u00e1n disponibles para su compra y pronto se revelar\u00e1n m\u00e1s detalles sobre la programaci\u00f3n.<\/p>\n<p>Belmont Plateau est\u00e1 ubicado en el parque Fairmount de Filadelfia. El lugar es conocido por tener excelentes vistas de la ciudad y es conocido como un hito del hip-hop y la cultura negra en la ciudad.<\/p>\n<div align=\"center\">\n<div class=\"udiscover-store-container\">\n<div id='udiscover-store-two-product'><\/div>\n<\/div>\n<p>\/*<!(CDATA(*\/(function (){var scriptURL='https:\/\/sdks.shopifycdn.com\/buy-button\/latest\/buy-button-storefront.min.js';if(window.ShopifyBuy){if(window.ShopifyBuy.UI){ShopifyBuyInit();}else{loadScript();}}else{loadScript();}funci\u00f3n loadScript(){var script=document.createElement('script');script.async=true;script.src=scriptURL;(document.getElementsByTagName('head')(0)|| document.getElementsByTagName('body')(0)).appendChild(script);script.onload=ShopifyBuyInit;} function ShopifyBuyInit(){var cliente=ShopifyBuy.buildClient({dominio:'udiscover.myshopify.com',storefrontAccessToken: 'bdc89f347d2ce61c1feeb9f8c60b2b98',}); ShopifyBuy.UI.onReady(cliente).luego(funci\u00f3n(ui){ ui.createComponent('productSet',{ id:(7453981147213,3958913630278), nodo:document.getElementById('udiscover-store-two-product'), moneyFormat:'%24%7B%7Bamount%7D%7D', opciones:{&quot;producto&quot;:{&quot;marco flotante&quot;:FALSO,&quot;bot\u00f3nDestino&quot;:&quot;modal&quot;,&quot;contenido&quot;:{&quot;opciones&quot;:verdadero},&quot;texto&quot;:{&quot;bot\u00f3n&quot;:&quot;PEDIR AHORA&quot;,&quot;Agotado&quot;:&quot;Lo sentimos, esto est\u00e1 agotado.&quot;}},&quot;conjunto de productos&quot;:{&quot;marco flotante&quot;:FALSO},&quot;modalProducto&quot;:{&quot;marco flotante&quot;:FALSO,&quot;contenido&quot;:{&quot;imagen&quot;:FALSO,&quot;imgConCarrusel&quot;:verdadero,&quot;bot\u00f3n&quot;:FALSO,&quot;bot\u00f3nConCantidad&quot;:verdadero}},&quot;modal&quot;:{&quot;marco flotante&quot;:FALSO},&quot;opci\u00f3n&quot;:{&quot;marco flotante&quot;:FALSO},&quot;carro&quot;:{&quot;marco flotante&quot;:FALSO},&quot;palanca&quot;:{&quot;marco flotante&quot;:FALSO,&quot;contenido&quot;:{&quot;icono&quot;:FALSO}},&quot;art\u00edculo de l\u00ednea&quot;:{&quot;marco flotante&quot;:FALSO}}, }); }); } })(); \/*))>*\/ <\/div>\n<\/p>\n<p>\u201cTrasladar el Roots Picnic a Belmont Plateau y reunir a JA\u0178-Z y The Roots para actuar son momentos de nuestra lista de deseos\u201d, exclam\u00f3 el gerente de The Roots y presidente de Live Nation, Urban Shawn Gee. &#8220;Despu\u00e9s de reunirnos con la alcaldesa Cherelle Parker y escuchar su visi\u00f3n para Philadelphia 250, ella realmente nos inspir\u00f3 a so\u00f1ar a\u00fan m\u00e1s grande, y estamos agradecidos con ella, con la comisionada Susan Slawson, con Jazelle Jones y con todos los que ayudaron a hacerlo realidad. Estamos ansiosos por verlos a todos en mayo en el Plat&#8221;.<\/p>\n<p>El Roots Picnic 2025 cont\u00f3 con actuaciones de The Roots, Maxwell, Miguel, Tems, Latto, Glorilla, Jeezy, Meek Mill, Lenny Kravitz, Kaytranada y m\u00e1s.<\/p>\n<p>Los Roots estuvieron en las noticias el mes pasado cuando Eve finalmente recibi\u00f3 su merecido por su contribuci\u00f3n crucial a \u201cYou Got Me\u201d de los Roots. The track, el sencillo principal del aclamado \u00e1lbum de 1999. <em>Las cosas se desmoronan<\/em>presenta a Erykah Badu y Eve junto a los \u00edconos de Filadelfia. Pero Eve, que entonces actuaba como Eve of Destruction, no estaba incluida en los cr\u00e9ditos de la canci\u00f3n, por lo que no recibi\u00f3 un Grammy cuando \u201cYou Got Me\u201d gan\u00f3 el premio a la Mejor interpretaci\u00f3n de rap de un d\u00fao o grupo en 2000.<\/p>\n<p>Eso cambi\u00f3 a finales de enero durante los Recording Academy Honors, un evento de la semana de los Grammy organizado por el Black Music Collective de la academia en el Fairmont Century Plaza en Santa M\u00f3nica. En el evento, la academia solucion\u00f3 su error original. El director ejecutivo de la Academia de Grabaci\u00f3n, Harvey Mason Jr., estuvo presente para entregarle a Eve un Grammy 26 a\u00f1os despu\u00e9s de la gran victoria de la canci\u00f3n.<\/p>\n<p><b>Compre la m\u00fasica de The Roots en vinilo y CD de edici\u00f3n limitada aqu\u00ed.<\/b><\/p>\n","protected":false},"excerpt":{"rendered":"<p>The Roots y Live Nation Urban han revelado que JA\u0178-Z y The Roots encabezar\u00e1n la fecha del s\u00e1bado 30 de mayo de la entrega de<\/p>\n","protected":false},"author":1,"featured_media":5398,"comment_status":"closed","ping_status":"","sticky":false,"template":"","format":"standard","meta":{"footnotes":""},"categories":[50],"tags":[160,1319,3992,3993,3815],"class_list":["post-5397","post","type-post","status-publish","format-standard","has-post-thumbnail","hentry","category-el-ultimo","tag-edicion","tag-encabezaran","tag-jayz","tag-picnic","tag-roots","generate-columns","tablet-grid-50","mobile-grid-100","grid-parent","grid-50"],"yoast_head":"<!-- This site is optimized with the Yoast SEO plugin v23.3 - https:\/\/yoast.com\/wordpress\/plugins\/seo\/ -->\n<title>The Roots y JA\u0178-Z encabezar\u00e1n la edici\u00f3n 2026 de The Roots Picnic<\/title>\n<meta name=\"robots\" content=\"index, follow, max-snippet:-1, max-image-preview:large, max-video-preview:-1\" \/>\n<link rel=\"canonical\" href=\"https:\/\/web.consaguirre.com.ar\/noticias\/the-roots-y-jay-z-encabezaran-la-edicion-2026-de-the-roots-picnic\/\" \/>\n<meta property=\"og:locale\" content=\"es_ES\" \/>\n<meta property=\"og:type\" content=\"article\" \/>\n<meta property=\"og:title\" content=\"The Roots y JA\u0178-Z encabezar\u00e1n la edici\u00f3n 2026 de The Roots Picnic\" \/>\n<meta property=\"og:description\" content=\"The Roots y Live Nation Urban han revelado que JA\u0178-Z y The Roots encabezar\u00e1n la fecha del s\u00e1bado 30 de mayo de la entrega de\" \/>\n<meta property=\"og:url\" content=\"https:\/\/web.consaguirre.com.ar\/noticias\/the-roots-y-jay-z-encabezaran-la-edicion-2026-de-the-roots-picnic\/\" \/>\n<meta property=\"og:site_name\" content=\"Conservatorio de M\u00fasica Juli\u00e1n Aguirre\" \/>\n<meta property=\"article:published_time\" content=\"2026-03-18T20:38:36+00:00\" \/>\n<meta property=\"article:modified_time\" content=\"2026-03-18T20:38:37+00:00\" \/>\n<meta property=\"og:image\" content=\"https:\/\/web.consaguirre.com.ar\/noticias\/wp-content\/uploads\/2026\/03\/The-Roots-y-JAY-Z-encabezaran-la-edicion-2026-de-The.jpg\" \/>\n\t<meta property=\"og:image:width\" content=\"820\" \/>\n\t<meta property=\"og:image:height\" content=\"820\" \/>\n\t<meta property=\"og:image:type\" content=\"image\/jpeg\" \/>\n<meta name=\"author\" content=\"Javier Figueroa\" \/>\n<meta name=\"twitter:card\" content=\"summary_large_image\" \/>\n<meta name=\"twitter:label1\" content=\"Escrito por\" \/>\n\t<meta name=\"twitter:data1\" content=\"Javier Figueroa\" \/>\n\t<meta name=\"twitter:label2\" content=\"Tiempo de lectura\" \/>\n\t<meta name=\"twitter:data2\" content=\"2 minutos\" \/>\n<script type=\"application\/ld+json\" class=\"yoast-schema-graph\">{\"@context\":\"https:\/\/schema.org\",\"@graph\":[{\"@type\":\"Article\",\"@id\":\"https:\/\/web.consaguirre.com.ar\/noticias\/the-roots-y-jay-z-encabezaran-la-edicion-2026-de-the-roots-picnic\/#article\",\"isPartOf\":{\"@id\":\"https:\/\/web.consaguirre.com.ar\/noticias\/the-roots-y-jay-z-encabezaran-la-edicion-2026-de-the-roots-picnic\/\"},\"author\":{\"name\":\"Javier Figueroa\",\"@id\":\"https:\/\/web.consaguirre.com.ar\/noticias\/#\/schema\/person\/6558b0cfedee7ddc5425602b237d5722\"},\"headline\":\"The Roots y JA\u0178-Z encabezar\u00e1n la edici\u00f3n 2026 de The Roots Picnic\",\"datePublished\":\"2026-03-18T20:38:36+00:00\",\"dateModified\":\"2026-03-18T20:38:37+00:00\",\"mainEntityOfPage\":{\"@id\":\"https:\/\/web.consaguirre.com.ar\/noticias\/the-roots-y-jay-z-encabezaran-la-edicion-2026-de-the-roots-picnic\/\"},\"wordCount\":435,\"publisher\":{\"@id\":\"https:\/\/web.consaguirre.com.ar\/noticias\/#organization\"},\"image\":{\"@id\":\"https:\/\/web.consaguirre.com.ar\/noticias\/the-roots-y-jay-z-encabezaran-la-edicion-2026-de-the-roots-picnic\/#primaryimage\"},\"thumbnailUrl\":\"https:\/\/web.consaguirre.com.ar\/noticias\/wp-content\/uploads\/2026\/03\/The-Roots-y-JAY-Z-encabezaran-la-edicion-2026-de-The.jpg\",\"keywords\":[\"edici\u00f3n\",\"encabezar\u00e1n\",\"JA\u0178Z\",\"Picnic\",\"Roots\"],\"articleSection\":[\"El \u00faltimo\"],\"inLanguage\":\"es-AR\"},{\"@type\":\"WebPage\",\"@id\":\"https:\/\/web.consaguirre.com.ar\/noticias\/the-roots-y-jay-z-encabezaran-la-edicion-2026-de-the-roots-picnic\/\",\"url\":\"https:\/\/web.consaguirre.com.ar\/noticias\/the-roots-y-jay-z-encabezaran-la-edicion-2026-de-the-roots-picnic\/\",\"name\":\"The Roots y JA\u0178-Z encabezar\u00e1n la edici\u00f3n 2026 de The Roots Picnic\",\"isPartOf\":{\"@id\":\"https:\/\/web.consaguirre.com.ar\/noticias\/#website\"},\"primaryImageOfPage\":{\"@id\":\"https:\/\/web.consaguirre.com.ar\/noticias\/the-roots-y-jay-z-encabezaran-la-edicion-2026-de-the-roots-picnic\/#primaryimage\"},\"image\":{\"@id\":\"https:\/\/web.consaguirre.com.ar\/noticias\/the-roots-y-jay-z-encabezaran-la-edicion-2026-de-the-roots-picnic\/#primaryimage\"},\"thumbnailUrl\":\"https:\/\/web.consaguirre.com.ar\/noticias\/wp-content\/uploads\/2026\/03\/The-Roots-y-JAY-Z-encabezaran-la-edicion-2026-de-The.jpg\",\"datePublished\":\"2026-03-18T20:38:36+00:00\",\"dateModified\":\"2026-03-18T20:38:37+00:00\",\"breadcrumb\":{\"@id\":\"https:\/\/web.consaguirre.com.ar\/noticias\/the-roots-y-jay-z-encabezaran-la-edicion-2026-de-the-roots-picnic\/#breadcrumb\"},\"inLanguage\":\"es-AR\",\"potentialAction\":[{\"@type\":\"ReadAction\",\"target\":[\"https:\/\/web.consaguirre.com.ar\/noticias\/the-roots-y-jay-z-encabezaran-la-edicion-2026-de-the-roots-picnic\/\"]}]},{\"@type\":\"ImageObject\",\"inLanguage\":\"es-AR\",\"@id\":\"https:\/\/web.consaguirre.com.ar\/noticias\/the-roots-y-jay-z-encabezaran-la-edicion-2026-de-the-roots-picnic\/#primaryimage\",\"url\":\"https:\/\/web.consaguirre.com.ar\/noticias\/wp-content\/uploads\/2026\/03\/The-Roots-y-JAY-Z-encabezaran-la-edicion-2026-de-The.jpg\",\"contentUrl\":\"https:\/\/web.consaguirre.com.ar\/noticias\/wp-content\/uploads\/2026\/03\/The-Roots-y-JAY-Z-encabezaran-la-edicion-2026-de-The.jpg\",\"width\":820,\"height\":820,\"caption\":\"The Roots Things Fall Apart\"},{\"@type\":\"BreadcrumbList\",\"@id\":\"https:\/\/web.consaguirre.com.ar\/noticias\/the-roots-y-jay-z-encabezaran-la-edicion-2026-de-the-roots-picnic\/#breadcrumb\",\"itemListElement\":[{\"@type\":\"ListItem\",\"position\":1,\"name\":\"Inicio\",\"item\":\"https:\/\/web.consaguirre.com.ar\/noticias\/\"},{\"@type\":\"ListItem\",\"position\":2,\"name\":\"The Roots y JA\u0178-Z encabezar\u00e1n la edici\u00f3n 2026 de The Roots Picnic\"}]},{\"@type\":\"WebSite\",\"@id\":\"https:\/\/web.consaguirre.com.ar\/noticias\/#website\",\"url\":\"https:\/\/web.consaguirre.com.ar\/noticias\/\",\"name\":\"Conservatorio de M\u00fasica Juli\u00e1n Aguirre\",\"description\":\"\",\"publisher\":{\"@id\":\"https:\/\/web.consaguirre.com.ar\/noticias\/#organization\"},\"potentialAction\":[{\"@type\":\"SearchAction\",\"target\":{\"@type\":\"EntryPoint\",\"urlTemplate\":\"https:\/\/web.consaguirre.com.ar\/noticias\/?s={search_term_string}\"},\"query-input\":\"required name=search_term_string\"}],\"inLanguage\":\"es-AR\"},{\"@type\":\"Organization\",\"@id\":\"https:\/\/web.consaguirre.com.ar\/noticias\/#organization\",\"name\":\"Conservatorio de M\u00fasica Juli\u00e1n Aguirre\",\"url\":\"https:\/\/web.consaguirre.com.ar\/noticias\/\",\"logo\":{\"@type\":\"ImageObject\",\"inLanguage\":\"es-AR\",\"@id\":\"https:\/\/web.consaguirre.com.ar\/noticias\/#\/schema\/logo\/image\/\",\"url\":\"https:\/\/web.consaguirre.com.ar\/noticias\/wp-content\/uploads\/2024\/08\/Banner-Aguirre-23.jpg\",\"contentUrl\":\"https:\/\/web.consaguirre.com.ar\/noticias\/wp-content\/uploads\/2024\/08\/Banner-Aguirre-23.jpg\",\"width\":1192,\"height\":600,\"caption\":\"Conservatorio de M\u00fasica Juli\u00e1n Aguirre\"},\"image\":{\"@id\":\"https:\/\/web.consaguirre.com.ar\/noticias\/#\/schema\/logo\/image\/\"}},{\"@type\":\"Person\",\"@id\":\"https:\/\/web.consaguirre.com.ar\/noticias\/#\/schema\/person\/6558b0cfedee7ddc5425602b237d5722\",\"name\":\"Javier Figueroa\",\"image\":{\"@type\":\"ImageObject\",\"inLanguage\":\"es-AR\",\"@id\":\"https:\/\/web.consaguirre.com.ar\/noticias\/#\/schema\/person\/image\/\",\"url\":\"https:\/\/web.consaguirre.com.ar\/noticias\/wp-content\/uploads\/2024\/08\/Consaguirre-scaled.jpg\",\"contentUrl\":\"https:\/\/web.consaguirre.com.ar\/noticias\/wp-content\/uploads\/2024\/08\/Consaguirre-scaled.jpg\",\"caption\":\"Javier Figueroa\"},\"description\":\"Me llamo Javier Figueroa y soy redactor para el sitio oficial del Conservatorio de M\u00fasica Juli\u00e1n Aguirre en Buenos Aires, consaguirre.com. Apasionado por la m\u00fasica y la escritura, me esfuerzo por destacar los talentos y eventos de nuestra prestigiosa instituci\u00f3n. Mi trayectoria se nutre de una profunda admiraci\u00f3n por los artistas, haciendo de cada art\u00edculo una celebraci\u00f3n de la creatividad y la cultura musical.\",\"sameAs\":[\"https:\/\/web.consaguirre.com.ar\/noticias\"]}]}<\/script>\n<!-- \/ Yoast SEO plugin. -->","yoast_head_json":{"title":"The Roots y JA\u0178-Z encabezar\u00e1n la edici\u00f3n 2026 de The Roots Picnic","robots":{"index":"index","follow":"follow","max-snippet":"max-snippet:-1","max-image-preview":"max-image-preview:large","max-video-preview":"max-video-preview:-1"},"canonical":"https:\/\/web.consaguirre.com.ar\/noticias\/the-roots-y-jay-z-encabezaran-la-edicion-2026-de-the-roots-picnic\/","og_locale":"es_ES","og_type":"article","og_title":"The Roots y JA\u0178-Z encabezar\u00e1n la edici\u00f3n 2026 de The Roots Picnic","og_description":"The Roots y Live Nation Urban han revelado que JA\u0178-Z y The Roots encabezar\u00e1n la fecha del s\u00e1bado 30 de mayo de la entrega de","og_url":"https:\/\/web.consaguirre.com.ar\/noticias\/the-roots-y-jay-z-encabezaran-la-edicion-2026-de-the-roots-picnic\/","og_site_name":"Conservatorio de M\u00fasica Juli\u00e1n Aguirre","article_published_time":"2026-03-18T20:38:36+00:00","article_modified_time":"2026-03-18T20:38:37+00:00","og_image":[{"width":820,"height":820,"url":"https:\/\/web.consaguirre.com.ar\/noticias\/wp-content\/uploads\/2026\/03\/The-Roots-y-JAY-Z-encabezaran-la-edicion-2026-de-The.jpg","type":"image\/jpeg"}],"author":"Javier Figueroa","twitter_card":"summary_large_image","twitter_misc":{"Escrito por":"Javier Figueroa","Tiempo de lectura":"2 minutos"},"schema":{"@context":"https:\/\/schema.org","@graph":[{"@type":"Article","@id":"https:\/\/web.consaguirre.com.ar\/noticias\/the-roots-y-jay-z-encabezaran-la-edicion-2026-de-the-roots-picnic\/#article","isPartOf":{"@id":"https:\/\/web.consaguirre.com.ar\/noticias\/the-roots-y-jay-z-encabezaran-la-edicion-2026-de-the-roots-picnic\/"},"author":{"name":"Javier Figueroa","@id":"https:\/\/web.consaguirre.com.ar\/noticias\/#\/schema\/person\/6558b0cfedee7ddc5425602b237d5722"},"headline":"The Roots y JA\u0178-Z encabezar\u00e1n la edici\u00f3n 2026 de The Roots Picnic","datePublished":"2026-03-18T20:38:36+00:00","dateModified":"2026-03-18T20:38:37+00:00","mainEntityOfPage":{"@id":"https:\/\/web.consaguirre.com.ar\/noticias\/the-roots-y-jay-z-encabezaran-la-edicion-2026-de-the-roots-picnic\/"},"wordCount":435,"publisher":{"@id":"https:\/\/web.consaguirre.com.ar\/noticias\/#organization"},"image":{"@id":"https:\/\/web.consaguirre.com.ar\/noticias\/the-roots-y-jay-z-encabezaran-la-edicion-2026-de-the-roots-picnic\/#primaryimage"},"thumbnailUrl":"https:\/\/web.consaguirre.com.ar\/noticias\/wp-content\/uploads\/2026\/03\/The-Roots-y-JAY-Z-encabezaran-la-edicion-2026-de-The.jpg","keywords":["edici\u00f3n","encabezar\u00e1n","JA\u0178Z","Picnic","Roots"],"articleSection":["El \u00faltimo"],"inLanguage":"es-AR"},{"@type":"WebPage","@id":"https:\/\/web.consaguirre.com.ar\/noticias\/the-roots-y-jay-z-encabezaran-la-edicion-2026-de-the-roots-picnic\/","url":"https:\/\/web.consaguirre.com.ar\/noticias\/the-roots-y-jay-z-encabezaran-la-edicion-2026-de-the-roots-picnic\/","name":"The Roots y JA\u0178-Z encabezar\u00e1n la edici\u00f3n 2026 de The Roots Picnic","isPartOf":{"@id":"https:\/\/web.consaguirre.com.ar\/noticias\/#website"},"primaryImageOfPage":{"@id":"https:\/\/web.consaguirre.com.ar\/noticias\/the-roots-y-jay-z-encabezaran-la-edicion-2026-de-the-roots-picnic\/#primaryimage"},"image":{"@id":"https:\/\/web.consaguirre.com.ar\/noticias\/the-roots-y-jay-z-encabezaran-la-edicion-2026-de-the-roots-picnic\/#primaryimage"},"thumbnailUrl":"https:\/\/web.consaguirre.com.ar\/noticias\/wp-content\/uploads\/2026\/03\/The-Roots-y-JAY-Z-encabezaran-la-edicion-2026-de-The.jpg","datePublished":"2026-03-18T20:38:36+00:00","dateModified":"2026-03-18T20:38:37+00:00","breadcrumb":{"@id":"https:\/\/web.consaguirre.com.ar\/noticias\/the-roots-y-jay-z-encabezaran-la-edicion-2026-de-the-roots-picnic\/#breadcrumb"},"inLanguage":"es-AR","potentialAction":[{"@type":"ReadAction","target":["https:\/\/web.consaguirre.com.ar\/noticias\/the-roots-y-jay-z-encabezaran-la-edicion-2026-de-the-roots-picnic\/"]}]},{"@type":"ImageObject","inLanguage":"es-AR","@id":"https:\/\/web.consaguirre.com.ar\/noticias\/the-roots-y-jay-z-encabezaran-la-edicion-2026-de-the-roots-picnic\/#primaryimage","url":"https:\/\/web.consaguirre.com.ar\/noticias\/wp-content\/uploads\/2026\/03\/The-Roots-y-JAY-Z-encabezaran-la-edicion-2026-de-The.jpg","contentUrl":"https:\/\/web.consaguirre.com.ar\/noticias\/wp-content\/uploads\/2026\/03\/The-Roots-y-JAY-Z-encabezaran-la-edicion-2026-de-The.jpg","width":820,"height":820,"caption":"The Roots Things Fall Apart"},{"@type":"BreadcrumbList","@id":"https:\/\/web.consaguirre.com.ar\/noticias\/the-roots-y-jay-z-encabezaran-la-edicion-2026-de-the-roots-picnic\/#breadcrumb","itemListElement":[{"@type":"ListItem","position":1,"name":"Inicio","item":"https:\/\/web.consaguirre.com.ar\/noticias\/"},{"@type":"ListItem","position":2,"name":"The Roots y JA\u0178-Z encabezar\u00e1n la edici\u00f3n 2026 de The Roots Picnic"}]},{"@type":"WebSite","@id":"https:\/\/web.consaguirre.com.ar\/noticias\/#website","url":"https:\/\/web.consaguirre.com.ar\/noticias\/","name":"Conservatorio de M\u00fasica Juli\u00e1n Aguirre","description":"","publisher":{"@id":"https:\/\/web.consaguirre.com.ar\/noticias\/#organization"},"potentialAction":[{"@type":"SearchAction","target":{"@type":"EntryPoint","urlTemplate":"https:\/\/web.consaguirre.com.ar\/noticias\/?s={search_term_string}"},"query-input":"required name=search_term_string"}],"inLanguage":"es-AR"},{"@type":"Organization","@id":"https:\/\/web.consaguirre.com.ar\/noticias\/#organization","name":"Conservatorio de M\u00fasica Juli\u00e1n Aguirre","url":"https:\/\/web.consaguirre.com.ar\/noticias\/","logo":{"@type":"ImageObject","inLanguage":"es-AR","@id":"https:\/\/web.consaguirre.com.ar\/noticias\/#\/schema\/logo\/image\/","url":"https:\/\/web.consaguirre.com.ar\/noticias\/wp-content\/uploads\/2024\/08\/Banner-Aguirre-23.jpg","contentUrl":"https:\/\/web.consaguirre.com.ar\/noticias\/wp-content\/uploads\/2024\/08\/Banner-Aguirre-23.jpg","width":1192,"height":600,"caption":"Conservatorio de M\u00fasica Juli\u00e1n Aguirre"},"image":{"@id":"https:\/\/web.consaguirre.com.ar\/noticias\/#\/schema\/logo\/image\/"}},{"@type":"Person","@id":"https:\/\/web.consaguirre.com.ar\/noticias\/#\/schema\/person\/6558b0cfedee7ddc5425602b237d5722","name":"Javier Figueroa","image":{"@type":"ImageObject","inLanguage":"es-AR","@id":"https:\/\/web.consaguirre.com.ar\/noticias\/#\/schema\/person\/image\/","url":"https:\/\/web.consaguirre.com.ar\/noticias\/wp-content\/uploads\/2024\/08\/Consaguirre-scaled.jpg","contentUrl":"https:\/\/web.consaguirre.com.ar\/noticias\/wp-content\/uploads\/2024\/08\/Consaguirre-scaled.jpg","caption":"Javier Figueroa"},"description":"Me llamo Javier Figueroa y soy redactor para el sitio oficial del Conservatorio de M\u00fasica Juli\u00e1n Aguirre en Buenos Aires, consaguirre.com. Apasionado por la m\u00fasica y la escritura, me esfuerzo por destacar los talentos y eventos de nuestra prestigiosa instituci\u00f3n. Mi trayectoria se nutre de una profunda admiraci\u00f3n por los artistas, haciendo de cada art\u00edculo una celebraci\u00f3n de la creatividad y la cultura musical.","sameAs":["https:\/\/web.consaguirre.com.ar\/noticias"]}]}},"_links":{"self":[{"href":"https:\/\/web.consaguirre.com.ar\/noticias\/wp-json\/wp\/v2\/posts\/5397"}],"collection":[{"href":"https:\/\/web.consaguirre.com.ar\/noticias\/wp-json\/wp\/v2\/posts"}],"about":[{"href":"https:\/\/web.consaguirre.com.ar\/noticias\/wp-json\/wp\/v2\/types\/post"}],"author":[{"embeddable":true,"href":"https:\/\/web.consaguirre.com.ar\/noticias\/wp-json\/wp\/v2\/users\/1"}],"replies":[{"embeddable":true,"href":"https:\/\/web.consaguirre.com.ar\/noticias\/wp-json\/wp\/v2\/comments?post=5397"}],"version-history":[{"count":1,"href":"https:\/\/web.consaguirre.com.ar\/noticias\/wp-json\/wp\/v2\/posts\/5397\/revisions"}],"predecessor-version":[{"id":5399,"href":"https:\/\/web.consaguirre.com.ar\/noticias\/wp-json\/wp\/v2\/posts\/5397\/revisions\/5399"}],"wp:featuredmedia":[{"embeddable":true,"href":"https:\/\/web.consaguirre.com.ar\/noticias\/wp-json\/wp\/v2\/media\/5398"}],"wp:attachment":[{"href":"https:\/\/web.consaguirre.com.ar\/noticias\/wp-json\/wp\/v2\/media?parent=5397"}],"wp:term":[{"taxonomy":"category","embeddable":true,"href":"https:\/\/web.consaguirre.com.ar\/noticias\/wp-json\/wp\/v2\/categories?post=5397"},{"taxonomy":"post_tag","embeddable":true,"href":"https:\/\/web.consaguirre.com.ar\/noticias\/wp-json\/wp\/v2\/tags?post=5397"}],"curies":[{"name":"wp","href":"https:\/\/api.w.org\/{rel}","templated":true}]}}