{"id":5394,"date":"2026-03-18T14:38:18","date_gmt":"2026-03-18T17:38:18","guid":{"rendered":"https:\/\/web.consaguirre.com.ar\/noticias\/ann-wilson-anuncia-gira-de-proyecciones-por-norteamerica-junto-con-un-nuevo-documental\/"},"modified":"2026-03-18T14:38:19","modified_gmt":"2026-03-18T17:38:19","slug":"ann-wilson-anuncia-gira-de-proyecciones-por-norteamerica-junto-con-un-nuevo-documental","status":"publish","type":"post","link":"https:\/\/web.consaguirre.com.ar\/noticias\/ann-wilson-anuncia-gira-de-proyecciones-por-norteamerica-junto-con-un-nuevo-documental\/","title":{"rendered":"Ann Wilson anuncia gira de proyecciones por Norteam\u00e9rica junto con un nuevo documental"},"content":{"rendered":"<p>Ann Wilson, la legendaria compositora y fundadora del grupo de rock Heart, ha anunciado una gira de proyecci\u00f3n por 10 ciudades de Norteam\u00e9rica que acompa\u00f1ar\u00e1 el nuevo documental. <em>En mi voz<\/em>.<\/p>\n<p>Cada proyecci\u00f3n incluir\u00e1 una proyecci\u00f3n de la pel\u00edcula seguida de una sesi\u00f3n de preguntas y respuestas con Wilson y la directora Barbara Hall. Los asistentes tambi\u00e9n tendr\u00e1n acceso a productos exclusivos disponibles \u00fanicamente en las proyecciones.<\/p>\n<p>La pel\u00edcula se basa en el gran archivo personal de Wilson de pel\u00edculas caseras, fotograf\u00edas, diarios y metraje nunca antes visto. El documental tambi\u00e9n incluye comentarios de familiares, compa\u00f1eros de banda, compa\u00f1eros artistas y figuras de la industria.<\/p>\n<div align=\"center\">\n<div class=\"udiscover-store-container\">\n<div id='udiscover-store-two-product'><\/div>\n<\/div>\n<p>\/*<!(CDATA(*\/(function (){var scriptURL='https:\/\/sdks.shopifycdn.com\/buy-button\/latest\/buy-button-storefront.min.js';if(window.ShopifyBuy){if(window.ShopifyBuy.UI){ShopifyBuyInit();}else{loadScript();}}else{loadScript();}funci\u00f3n loadScript(){var script=document.createElement('script');script.async=true;script.src=scriptURL;(document.getElementsByTagName('head')(0)|| document.getElementsByTagName('body')(0)).appendChild(script);script.onload=ShopifyBuyInit;} function ShopifyBuyInit(){var cliente=ShopifyBuy.buildClient({dominio:'udiscover.myshopify.com',storefrontAccessToken: 'bdc89f347d2ce61c1feeb9f8c60b2b98',}); ShopifyBuy.UI.onReady(cliente).luego(funci\u00f3n(ui){ ui.createComponent('productSet',{ id:(7645611589709,7409408770125), nodo:document.getElementById('udiscover-store-two-product'), moneyFormat:'%24%7B%7Bamount%7D%7D', opciones:{&quot;producto&quot;:{&quot;marco flotante&quot;:FALSO,&quot;bot\u00f3nDestino&quot;:&quot;modal&quot;,&quot;contenido&quot;:{&quot;opciones&quot;:verdadero},&quot;texto&quot;:{&quot;bot\u00f3n&quot;:&quot;PEDIR AHORA&quot;,&quot;Agotado&quot;:&quot;Lo sentimos, esto est\u00e1 agotado.&quot;}},&quot;conjunto de productos&quot;:{&quot;marco flotante&quot;:FALSO},&quot;modalProducto&quot;:{&quot;marco flotante&quot;:FALSO,&quot;contenido&quot;:{&quot;imagen&quot;:FALSO,&quot;imgConCarrusel&quot;:verdadero,&quot;bot\u00f3n&quot;:FALSO,&quot;bot\u00f3nConCantidad&quot;:verdadero}},&quot;modal&quot;:{&quot;marco flotante&quot;:FALSO},&quot;opci\u00f3n&quot;:{&quot;marco flotante&quot;:FALSO},&quot;carro&quot;:{&quot;marco flotante&quot;:FALSO},&quot;palanca&quot;:{&quot;marco flotante&quot;:FALSO,&quot;contenido&quot;:{&quot;icono&quot;:FALSO}},&quot;art\u00edculo de l\u00ednea&quot;:{&quot;marco flotante&quot;:FALSO}}, }); }); } })(); \/*))>*\/ <\/div>\n<\/p>\n<p>\u201cEsta pel\u00edcula es mi historia en mis propias palabras, contada como siempre quise contarla\u201d, dijo Ann Wilson. &#8220;Se trata de encontrar mi voz, mantenerla viva y compartir el viaje con las personas que han sido parte de \u00e9l todo el tiempo&#8221;.<\/p>\n<p>El director de la pel\u00edcula a\u00f1adi\u00f3: &#8220;Qu\u00e9 honor contar la historia de una de nuestras mejores voces de la m\u00fasica rock de todos los tiempos. A pesar de su voz, su historia supera la imaginaci\u00f3n de un guionista y su valent\u00eda para compartir su historia es inspiradora&#8221;.<\/p>\n<p>La gira comenzar\u00e1 el 11 de mayo en Seattle, WA antes de dirigirse a Vancouver, BC; Chicago, Illinois; Nueva York, Nueva York; y m\u00e1s, antes de concluir el 1 de junio en Boston, MA.<\/p>\n<div class=\"uD-YT-container\"><img decoding=\"async\" src=\"https:\/\/web.consaguirre.com.ar\/noticias\/wp-content\/uploads\/2026\/03\/1773855498_646_Ann-Wilson-anuncia-gira-de-proyecciones-por-Norteamerica-junto-con.jpg\" alt=\"V\u00eddeo de YouTube\"><br \/>Haga clic para cargar v\u00eddeo<\/div>\n<p>En otras noticias de Heart, el mes pasado se revel\u00f3 que el cl\u00e1sico \u00e1lbum debut de la banda <em>Annie, la so\u00f1adora<\/em> recibir\u00e1 una reedici\u00f3n especial del 50 aniversario cortes\u00eda de la serie Vinylphyle de UMe. La nueva edici\u00f3n se imprimi\u00f3 en el plan de prensado de discos de vinilo para audi\u00f3filos RTI, de clase mundial, con sede en el sur de California, en vinilo negro de 180 g. El lanzamiento fue cortado de cintas anal\u00f3gicas originales por Joe Nino-Hernes en Sterling Sound. Esta edici\u00f3n limitada remasterizada presenta una cubierta desplegable y un inserto de cuatro paneles con notas. <em>Annie, la so\u00f1adora<\/em>que se lanz\u00f3 originalmente en Canad\u00e1 en agosto de 1975, hizo su debut en Estados Unidos el 14 de febrero de 1976. Destacada por \u00e9xitos como \u201cCrazy on You\u201d y \u201cMagic Man\u201d, la banda con sede en Vancouver liderada por las hermanas Nancy y Ann Wilson, logr\u00f3 sencillos consecutivos en el Billboard Hot 100 con esos dos \u00e9xitos monumentales.<\/p>\n<p><b>Compra la edici\u00f3n exclusiva Vinylphyle de Heart&#8217;s <em>Annie, la so\u00f1adora<\/em> aqu\u00ed.<\/b><\/p>\n","protected":false},"excerpt":{"rendered":"<p>Ann Wilson, la legendaria compositora y fundadora del grupo de rock Heart, ha anunciado una gira de proyecci\u00f3n por 10 ciudades de Norteam\u00e9rica que acompa\u00f1ar\u00e1<\/p>\n","protected":false},"author":1,"featured_media":5395,"comment_status":"closed","ping_status":"","sticky":false,"template":"","format":"standard","meta":{"footnotes":""},"categories":[50],"tags":[2470,56,32,419,492,1770,1377,146,96,3991,2471],"class_list":["post-5394","post","type-post","status-publish","format-standard","has-post-thumbnail","hentry","category-el-ultimo","tag-ann","tag-anuncia","tag-con","tag-documental","tag-gira","tag-junto","tag-norteamerica","tag-nuevo","tag-por","tag-proyecciones","tag-wilson","generate-columns","tablet-grid-50","mobile-grid-100","grid-parent","grid-50"],"yoast_head":"<!-- This site is optimized with the Yoast SEO plugin v23.3 - https:\/\/yoast.com\/wordpress\/plugins\/seo\/ -->\n<title>Ann Wilson anuncia gira de proyecciones por Norteam\u00e9rica junto con un nuevo documental<\/title>\n<meta name=\"robots\" content=\"index, follow, max-snippet:-1, max-image-preview:large, max-video-preview:-1\" \/>\n<link rel=\"canonical\" href=\"https:\/\/web.consaguirre.com.ar\/noticias\/ann-wilson-anuncia-gira-de-proyecciones-por-norteamerica-junto-con-un-nuevo-documental\/\" \/>\n<meta property=\"og:locale\" content=\"es_ES\" \/>\n<meta property=\"og:type\" content=\"article\" \/>\n<meta property=\"og:title\" content=\"Ann Wilson anuncia gira de proyecciones por Norteam\u00e9rica junto con un nuevo documental\" \/>\n<meta property=\"og:description\" content=\"Ann Wilson, la legendaria compositora y fundadora del grupo de rock Heart, ha anunciado una gira de proyecci\u00f3n por 10 ciudades de Norteam\u00e9rica que acompa\u00f1ar\u00e1\" \/>\n<meta property=\"og:url\" content=\"https:\/\/web.consaguirre.com.ar\/noticias\/ann-wilson-anuncia-gira-de-proyecciones-por-norteamerica-junto-con-un-nuevo-documental\/\" \/>\n<meta property=\"og:site_name\" content=\"Conservatorio de M\u00fasica Juli\u00e1n Aguirre\" \/>\n<meta property=\"article:published_time\" content=\"2026-03-18T17:38:18+00:00\" \/>\n<meta property=\"article:modified_time\" content=\"2026-03-18T17:38:19+00:00\" \/>\n<meta property=\"og:image\" content=\"https:\/\/web.consaguirre.com.ar\/noticias\/wp-content\/uploads\/2026\/03\/Ann-Wilson-anuncia-gira-de-proyecciones-por-Norteamerica-junto-con.jpg\" \/>\n\t<meta property=\"og:image:width\" content=\"820\" \/>\n\t<meta property=\"og:image:height\" content=\"820\" \/>\n\t<meta property=\"og:image:type\" content=\"image\/jpeg\" \/>\n<meta name=\"author\" content=\"Javier Figueroa\" \/>\n<meta name=\"twitter:card\" content=\"summary_large_image\" \/>\n<meta name=\"twitter:label1\" content=\"Escrito por\" \/>\n\t<meta name=\"twitter:data1\" content=\"Javier Figueroa\" \/>\n\t<meta name=\"twitter:label2\" content=\"Tiempo de lectura\" \/>\n\t<meta name=\"twitter:data2\" content=\"2 minutos\" \/>\n<script type=\"application\/ld+json\" class=\"yoast-schema-graph\">{\"@context\":\"https:\/\/schema.org\",\"@graph\":[{\"@type\":\"Article\",\"@id\":\"https:\/\/web.consaguirre.com.ar\/noticias\/ann-wilson-anuncia-gira-de-proyecciones-por-norteamerica-junto-con-un-nuevo-documental\/#article\",\"isPartOf\":{\"@id\":\"https:\/\/web.consaguirre.com.ar\/noticias\/ann-wilson-anuncia-gira-de-proyecciones-por-norteamerica-junto-con-un-nuevo-documental\/\"},\"author\":{\"name\":\"Javier Figueroa\",\"@id\":\"https:\/\/web.consaguirre.com.ar\/noticias\/#\/schema\/person\/6558b0cfedee7ddc5425602b237d5722\"},\"headline\":\"Ann Wilson anuncia gira de proyecciones por Norteam\u00e9rica junto con un nuevo documental\",\"datePublished\":\"2026-03-18T17:38:18+00:00\",\"dateModified\":\"2026-03-18T17:38:19+00:00\",\"mainEntityOfPage\":{\"@id\":\"https:\/\/web.consaguirre.com.ar\/noticias\/ann-wilson-anuncia-gira-de-proyecciones-por-norteamerica-junto-con-un-nuevo-documental\/\"},\"wordCount\":442,\"publisher\":{\"@id\":\"https:\/\/web.consaguirre.com.ar\/noticias\/#organization\"},\"image\":{\"@id\":\"https:\/\/web.consaguirre.com.ar\/noticias\/ann-wilson-anuncia-gira-de-proyecciones-por-norteamerica-junto-con-un-nuevo-documental\/#primaryimage\"},\"thumbnailUrl\":\"https:\/\/web.consaguirre.com.ar\/noticias\/wp-content\/uploads\/2026\/03\/Ann-Wilson-anuncia-gira-de-proyecciones-por-Norteamerica-junto-con.jpg\",\"keywords\":[\"Ann\",\"anuncia\",\"con\",\"documental\",\"gira\",\"junto\",\"Norteam\u00e9rica\",\"nuevo\",\"por\",\"proyecciones\",\"Wilson\"],\"articleSection\":[\"El \u00faltimo\"],\"inLanguage\":\"es-AR\"},{\"@type\":\"WebPage\",\"@id\":\"https:\/\/web.consaguirre.com.ar\/noticias\/ann-wilson-anuncia-gira-de-proyecciones-por-norteamerica-junto-con-un-nuevo-documental\/\",\"url\":\"https:\/\/web.consaguirre.com.ar\/noticias\/ann-wilson-anuncia-gira-de-proyecciones-por-norteamerica-junto-con-un-nuevo-documental\/\",\"name\":\"Ann Wilson anuncia gira de proyecciones por Norteam\u00e9rica junto con un nuevo documental\",\"isPartOf\":{\"@id\":\"https:\/\/web.consaguirre.com.ar\/noticias\/#website\"},\"primaryImageOfPage\":{\"@id\":\"https:\/\/web.consaguirre.com.ar\/noticias\/ann-wilson-anuncia-gira-de-proyecciones-por-norteamerica-junto-con-un-nuevo-documental\/#primaryimage\"},\"image\":{\"@id\":\"https:\/\/web.consaguirre.com.ar\/noticias\/ann-wilson-anuncia-gira-de-proyecciones-por-norteamerica-junto-con-un-nuevo-documental\/#primaryimage\"},\"thumbnailUrl\":\"https:\/\/web.consaguirre.com.ar\/noticias\/wp-content\/uploads\/2026\/03\/Ann-Wilson-anuncia-gira-de-proyecciones-por-Norteamerica-junto-con.jpg\",\"datePublished\":\"2026-03-18T17:38:18+00:00\",\"dateModified\":\"2026-03-18T17:38:19+00:00\",\"breadcrumb\":{\"@id\":\"https:\/\/web.consaguirre.com.ar\/noticias\/ann-wilson-anuncia-gira-de-proyecciones-por-norteamerica-junto-con-un-nuevo-documental\/#breadcrumb\"},\"inLanguage\":\"es-AR\",\"potentialAction\":[{\"@type\":\"ReadAction\",\"target\":[\"https:\/\/web.consaguirre.com.ar\/noticias\/ann-wilson-anuncia-gira-de-proyecciones-por-norteamerica-junto-con-un-nuevo-documental\/\"]}]},{\"@type\":\"ImageObject\",\"inLanguage\":\"es-AR\",\"@id\":\"https:\/\/web.consaguirre.com.ar\/noticias\/ann-wilson-anuncia-gira-de-proyecciones-por-norteamerica-junto-con-un-nuevo-documental\/#primaryimage\",\"url\":\"https:\/\/web.consaguirre.com.ar\/noticias\/wp-content\/uploads\/2026\/03\/Ann-Wilson-anuncia-gira-de-proyecciones-por-Norteamerica-junto-con.jpg\",\"contentUrl\":\"https:\/\/web.consaguirre.com.ar\/noticias\/wp-content\/uploads\/2026\/03\/Ann-Wilson-anuncia-gira-de-proyecciones-por-Norteamerica-junto-con.jpg\",\"width\":820,\"height\":820,\"caption\":\"Heart Dreamboat Annie album cover web optimised 820\"},{\"@type\":\"BreadcrumbList\",\"@id\":\"https:\/\/web.consaguirre.com.ar\/noticias\/ann-wilson-anuncia-gira-de-proyecciones-por-norteamerica-junto-con-un-nuevo-documental\/#breadcrumb\",\"itemListElement\":[{\"@type\":\"ListItem\",\"position\":1,\"name\":\"Inicio\",\"item\":\"https:\/\/web.consaguirre.com.ar\/noticias\/\"},{\"@type\":\"ListItem\",\"position\":2,\"name\":\"Ann Wilson anuncia gira de proyecciones por Norteam\u00e9rica junto con un nuevo documental\"}]},{\"@type\":\"WebSite\",\"@id\":\"https:\/\/web.consaguirre.com.ar\/noticias\/#website\",\"url\":\"https:\/\/web.consaguirre.com.ar\/noticias\/\",\"name\":\"Conservatorio de M\u00fasica Juli\u00e1n Aguirre\",\"description\":\"\",\"publisher\":{\"@id\":\"https:\/\/web.consaguirre.com.ar\/noticias\/#organization\"},\"potentialAction\":[{\"@type\":\"SearchAction\",\"target\":{\"@type\":\"EntryPoint\",\"urlTemplate\":\"https:\/\/web.consaguirre.com.ar\/noticias\/?s={search_term_string}\"},\"query-input\":\"required name=search_term_string\"}],\"inLanguage\":\"es-AR\"},{\"@type\":\"Organization\",\"@id\":\"https:\/\/web.consaguirre.com.ar\/noticias\/#organization\",\"name\":\"Conservatorio de M\u00fasica Juli\u00e1n Aguirre\",\"url\":\"https:\/\/web.consaguirre.com.ar\/noticias\/\",\"logo\":{\"@type\":\"ImageObject\",\"inLanguage\":\"es-AR\",\"@id\":\"https:\/\/web.consaguirre.com.ar\/noticias\/#\/schema\/logo\/image\/\",\"url\":\"https:\/\/web.consaguirre.com.ar\/noticias\/wp-content\/uploads\/2024\/08\/Banner-Aguirre-23.jpg\",\"contentUrl\":\"https:\/\/web.consaguirre.com.ar\/noticias\/wp-content\/uploads\/2024\/08\/Banner-Aguirre-23.jpg\",\"width\":1192,\"height\":600,\"caption\":\"Conservatorio de M\u00fasica Juli\u00e1n Aguirre\"},\"image\":{\"@id\":\"https:\/\/web.consaguirre.com.ar\/noticias\/#\/schema\/logo\/image\/\"}},{\"@type\":\"Person\",\"@id\":\"https:\/\/web.consaguirre.com.ar\/noticias\/#\/schema\/person\/6558b0cfedee7ddc5425602b237d5722\",\"name\":\"Javier Figueroa\",\"image\":{\"@type\":\"ImageObject\",\"inLanguage\":\"es-AR\",\"@id\":\"https:\/\/web.consaguirre.com.ar\/noticias\/#\/schema\/person\/image\/\",\"url\":\"https:\/\/web.consaguirre.com.ar\/noticias\/wp-content\/uploads\/2024\/08\/Consaguirre-scaled.jpg\",\"contentUrl\":\"https:\/\/web.consaguirre.com.ar\/noticias\/wp-content\/uploads\/2024\/08\/Consaguirre-scaled.jpg\",\"caption\":\"Javier Figueroa\"},\"description\":\"Me llamo Javier Figueroa y soy redactor para el sitio oficial del Conservatorio de M\u00fasica Juli\u00e1n Aguirre en Buenos Aires, consaguirre.com. Apasionado por la m\u00fasica y la escritura, me esfuerzo por destacar los talentos y eventos de nuestra prestigiosa instituci\u00f3n. Mi trayectoria se nutre de una profunda admiraci\u00f3n por los artistas, haciendo de cada art\u00edculo una celebraci\u00f3n de la creatividad y la cultura musical.\",\"sameAs\":[\"https:\/\/web.consaguirre.com.ar\/noticias\"]}]}<\/script>\n<!-- \/ Yoast SEO plugin. -->","yoast_head_json":{"title":"Ann Wilson anuncia gira de proyecciones por Norteam\u00e9rica junto con un nuevo documental","robots":{"index":"index","follow":"follow","max-snippet":"max-snippet:-1","max-image-preview":"max-image-preview:large","max-video-preview":"max-video-preview:-1"},"canonical":"https:\/\/web.consaguirre.com.ar\/noticias\/ann-wilson-anuncia-gira-de-proyecciones-por-norteamerica-junto-con-un-nuevo-documental\/","og_locale":"es_ES","og_type":"article","og_title":"Ann Wilson anuncia gira de proyecciones por Norteam\u00e9rica junto con un nuevo documental","og_description":"Ann Wilson, la legendaria compositora y fundadora del grupo de rock Heart, ha anunciado una gira de proyecci\u00f3n por 10 ciudades de Norteam\u00e9rica que acompa\u00f1ar\u00e1","og_url":"https:\/\/web.consaguirre.com.ar\/noticias\/ann-wilson-anuncia-gira-de-proyecciones-por-norteamerica-junto-con-un-nuevo-documental\/","og_site_name":"Conservatorio de M\u00fasica Juli\u00e1n Aguirre","article_published_time":"2026-03-18T17:38:18+00:00","article_modified_time":"2026-03-18T17:38:19+00:00","og_image":[{"width":820,"height":820,"url":"https:\/\/web.consaguirre.com.ar\/noticias\/wp-content\/uploads\/2026\/03\/Ann-Wilson-anuncia-gira-de-proyecciones-por-Norteamerica-junto-con.jpg","type":"image\/jpeg"}],"author":"Javier Figueroa","twitter_card":"summary_large_image","twitter_misc":{"Escrito por":"Javier Figueroa","Tiempo de lectura":"2 minutos"},"schema":{"@context":"https:\/\/schema.org","@graph":[{"@type":"Article","@id":"https:\/\/web.consaguirre.com.ar\/noticias\/ann-wilson-anuncia-gira-de-proyecciones-por-norteamerica-junto-con-un-nuevo-documental\/#article","isPartOf":{"@id":"https:\/\/web.consaguirre.com.ar\/noticias\/ann-wilson-anuncia-gira-de-proyecciones-por-norteamerica-junto-con-un-nuevo-documental\/"},"author":{"name":"Javier Figueroa","@id":"https:\/\/web.consaguirre.com.ar\/noticias\/#\/schema\/person\/6558b0cfedee7ddc5425602b237d5722"},"headline":"Ann Wilson anuncia gira de proyecciones por Norteam\u00e9rica junto con un nuevo documental","datePublished":"2026-03-18T17:38:18+00:00","dateModified":"2026-03-18T17:38:19+00:00","mainEntityOfPage":{"@id":"https:\/\/web.consaguirre.com.ar\/noticias\/ann-wilson-anuncia-gira-de-proyecciones-por-norteamerica-junto-con-un-nuevo-documental\/"},"wordCount":442,"publisher":{"@id":"https:\/\/web.consaguirre.com.ar\/noticias\/#organization"},"image":{"@id":"https:\/\/web.consaguirre.com.ar\/noticias\/ann-wilson-anuncia-gira-de-proyecciones-por-norteamerica-junto-con-un-nuevo-documental\/#primaryimage"},"thumbnailUrl":"https:\/\/web.consaguirre.com.ar\/noticias\/wp-content\/uploads\/2026\/03\/Ann-Wilson-anuncia-gira-de-proyecciones-por-Norteamerica-junto-con.jpg","keywords":["Ann","anuncia","con","documental","gira","junto","Norteam\u00e9rica","nuevo","por","proyecciones","Wilson"],"articleSection":["El \u00faltimo"],"inLanguage":"es-AR"},{"@type":"WebPage","@id":"https:\/\/web.consaguirre.com.ar\/noticias\/ann-wilson-anuncia-gira-de-proyecciones-por-norteamerica-junto-con-un-nuevo-documental\/","url":"https:\/\/web.consaguirre.com.ar\/noticias\/ann-wilson-anuncia-gira-de-proyecciones-por-norteamerica-junto-con-un-nuevo-documental\/","name":"Ann Wilson anuncia gira de proyecciones por Norteam\u00e9rica junto con un nuevo documental","isPartOf":{"@id":"https:\/\/web.consaguirre.com.ar\/noticias\/#website"},"primaryImageOfPage":{"@id":"https:\/\/web.consaguirre.com.ar\/noticias\/ann-wilson-anuncia-gira-de-proyecciones-por-norteamerica-junto-con-un-nuevo-documental\/#primaryimage"},"image":{"@id":"https:\/\/web.consaguirre.com.ar\/noticias\/ann-wilson-anuncia-gira-de-proyecciones-por-norteamerica-junto-con-un-nuevo-documental\/#primaryimage"},"thumbnailUrl":"https:\/\/web.consaguirre.com.ar\/noticias\/wp-content\/uploads\/2026\/03\/Ann-Wilson-anuncia-gira-de-proyecciones-por-Norteamerica-junto-con.jpg","datePublished":"2026-03-18T17:38:18+00:00","dateModified":"2026-03-18T17:38:19+00:00","breadcrumb":{"@id":"https:\/\/web.consaguirre.com.ar\/noticias\/ann-wilson-anuncia-gira-de-proyecciones-por-norteamerica-junto-con-un-nuevo-documental\/#breadcrumb"},"inLanguage":"es-AR","potentialAction":[{"@type":"ReadAction","target":["https:\/\/web.consaguirre.com.ar\/noticias\/ann-wilson-anuncia-gira-de-proyecciones-por-norteamerica-junto-con-un-nuevo-documental\/"]}]},{"@type":"ImageObject","inLanguage":"es-AR","@id":"https:\/\/web.consaguirre.com.ar\/noticias\/ann-wilson-anuncia-gira-de-proyecciones-por-norteamerica-junto-con-un-nuevo-documental\/#primaryimage","url":"https:\/\/web.consaguirre.com.ar\/noticias\/wp-content\/uploads\/2026\/03\/Ann-Wilson-anuncia-gira-de-proyecciones-por-Norteamerica-junto-con.jpg","contentUrl":"https:\/\/web.consaguirre.com.ar\/noticias\/wp-content\/uploads\/2026\/03\/Ann-Wilson-anuncia-gira-de-proyecciones-por-Norteamerica-junto-con.jpg","width":820,"height":820,"caption":"Heart Dreamboat Annie album cover web optimised 820"},{"@type":"BreadcrumbList","@id":"https:\/\/web.consaguirre.com.ar\/noticias\/ann-wilson-anuncia-gira-de-proyecciones-por-norteamerica-junto-con-un-nuevo-documental\/#breadcrumb","itemListElement":[{"@type":"ListItem","position":1,"name":"Inicio","item":"https:\/\/web.consaguirre.com.ar\/noticias\/"},{"@type":"ListItem","position":2,"name":"Ann Wilson anuncia gira de proyecciones por Norteam\u00e9rica junto con un nuevo documental"}]},{"@type":"WebSite","@id":"https:\/\/web.consaguirre.com.ar\/noticias\/#website","url":"https:\/\/web.consaguirre.com.ar\/noticias\/","name":"Conservatorio de M\u00fasica Juli\u00e1n Aguirre","description":"","publisher":{"@id":"https:\/\/web.consaguirre.com.ar\/noticias\/#organization"},"potentialAction":[{"@type":"SearchAction","target":{"@type":"EntryPoint","urlTemplate":"https:\/\/web.consaguirre.com.ar\/noticias\/?s={search_term_string}"},"query-input":"required name=search_term_string"}],"inLanguage":"es-AR"},{"@type":"Organization","@id":"https:\/\/web.consaguirre.com.ar\/noticias\/#organization","name":"Conservatorio de M\u00fasica Juli\u00e1n Aguirre","url":"https:\/\/web.consaguirre.com.ar\/noticias\/","logo":{"@type":"ImageObject","inLanguage":"es-AR","@id":"https:\/\/web.consaguirre.com.ar\/noticias\/#\/schema\/logo\/image\/","url":"https:\/\/web.consaguirre.com.ar\/noticias\/wp-content\/uploads\/2024\/08\/Banner-Aguirre-23.jpg","contentUrl":"https:\/\/web.consaguirre.com.ar\/noticias\/wp-content\/uploads\/2024\/08\/Banner-Aguirre-23.jpg","width":1192,"height":600,"caption":"Conservatorio de M\u00fasica Juli\u00e1n Aguirre"},"image":{"@id":"https:\/\/web.consaguirre.com.ar\/noticias\/#\/schema\/logo\/image\/"}},{"@type":"Person","@id":"https:\/\/web.consaguirre.com.ar\/noticias\/#\/schema\/person\/6558b0cfedee7ddc5425602b237d5722","name":"Javier Figueroa","image":{"@type":"ImageObject","inLanguage":"es-AR","@id":"https:\/\/web.consaguirre.com.ar\/noticias\/#\/schema\/person\/image\/","url":"https:\/\/web.consaguirre.com.ar\/noticias\/wp-content\/uploads\/2024\/08\/Consaguirre-scaled.jpg","contentUrl":"https:\/\/web.consaguirre.com.ar\/noticias\/wp-content\/uploads\/2024\/08\/Consaguirre-scaled.jpg","caption":"Javier Figueroa"},"description":"Me llamo Javier Figueroa y soy redactor para el sitio oficial del Conservatorio de M\u00fasica Juli\u00e1n Aguirre en Buenos Aires, consaguirre.com. Apasionado por la m\u00fasica y la escritura, me esfuerzo por destacar los talentos y eventos de nuestra prestigiosa instituci\u00f3n. Mi trayectoria se nutre de una profunda admiraci\u00f3n por los artistas, haciendo de cada art\u00edculo una celebraci\u00f3n de la creatividad y la cultura musical.","sameAs":["https:\/\/web.consaguirre.com.ar\/noticias"]}]}},"_links":{"self":[{"href":"https:\/\/web.consaguirre.com.ar\/noticias\/wp-json\/wp\/v2\/posts\/5394"}],"collection":[{"href":"https:\/\/web.consaguirre.com.ar\/noticias\/wp-json\/wp\/v2\/posts"}],"about":[{"href":"https:\/\/web.consaguirre.com.ar\/noticias\/wp-json\/wp\/v2\/types\/post"}],"author":[{"embeddable":true,"href":"https:\/\/web.consaguirre.com.ar\/noticias\/wp-json\/wp\/v2\/users\/1"}],"replies":[{"embeddable":true,"href":"https:\/\/web.consaguirre.com.ar\/noticias\/wp-json\/wp\/v2\/comments?post=5394"}],"version-history":[{"count":1,"href":"https:\/\/web.consaguirre.com.ar\/noticias\/wp-json\/wp\/v2\/posts\/5394\/revisions"}],"predecessor-version":[{"id":5396,"href":"https:\/\/web.consaguirre.com.ar\/noticias\/wp-json\/wp\/v2\/posts\/5394\/revisions\/5396"}],"wp:featuredmedia":[{"embeddable":true,"href":"https:\/\/web.consaguirre.com.ar\/noticias\/wp-json\/wp\/v2\/media\/5395"}],"wp:attachment":[{"href":"https:\/\/web.consaguirre.com.ar\/noticias\/wp-json\/wp\/v2\/media?parent=5394"}],"wp:term":[{"taxonomy":"category","embeddable":true,"href":"https:\/\/web.consaguirre.com.ar\/noticias\/wp-json\/wp\/v2\/categories?post=5394"},{"taxonomy":"post_tag","embeddable":true,"href":"https:\/\/web.consaguirre.com.ar\/noticias\/wp-json\/wp\/v2\/tags?post=5394"}],"curies":[{"name":"wp","href":"https:\/\/api.w.org\/{rel}","templated":true}]}}