{"id":5383,"date":"2026-03-17T11:39:15","date_gmt":"2026-03-17T14:39:15","guid":{"rendered":"https:\/\/web.consaguirre.com.ar\/noticias\/peter-frampton-anuncia-nuevo-album-carry-the-light\/"},"modified":"2026-03-17T11:39:16","modified_gmt":"2026-03-17T14:39:16","slug":"peter-frampton-anuncia-nuevo-album-carry-the-light","status":"publish","type":"post","link":"https:\/\/web.consaguirre.com.ar\/noticias\/peter-frampton-anuncia-nuevo-album-carry-the-light\/","title":{"rendered":"Peter Frampton anuncia nuevo \u00e1lbum, &#8216;Carry The Light&#8217;"},"content":{"rendered":"<p>Peter Frampton ha anunciado un nuevo \u00e1lbum, <em>llevar la luz<\/em>. El disco marca su primer \u00e1lbum de material de rock completamente nuevo en muchos a\u00f1os. Coescrita y producida con su hijo Julian Frampton, la colecci\u00f3n cuenta con apariciones especiales de Sheryl Crow, Bill Evans, HER, Tom Morello y Graham Nash. <em>llevar la luz<\/em> saldr\u00e1 el 15 de mayo a trav\u00e9s de UME.<\/p>\n<p>&#8220;El <em>llevar la luz<\/em> El \u00e1lbum es mi primera m\u00fasica nueva en 16 a\u00f1os. Fue uno de mis proyectos m\u00e1s divertidos. Pude trabajar con mi hijo Julian, escribiendo y produciendo juntos. Estoy seguro que es el primero de muchos para nosotros\u201d, dijo Frampton.<\/p>\n<div align=\"center\">\n<div class=\"udiscover-store-container\">\n<div id='udiscover-store-three-product'><\/div>\n<\/div>\n<p>\/*<!(CDATA(*\/(function (){var scriptURL='https:\/\/sdks.shopifycdn.com\/buy-button\/latest\/buy-button-storefront.min.js';if(window.ShopifyBuy){if(window.ShopifyBuy.UI){ShopifyBuyInit();}else{loadScript();}}else{loadScript();}funci\u00f3n loadScript(){var script=document.createElement('script');script.async=true;script.src=scriptURL;(document.getElementsByTagName('head')(0)|| document.getElementsByTagName('body')(0)).appendChild(script);script.onload=ShopifyBuyInit;} function ShopifyBuyInit(){var cliente=ShopifyBuy.buildClient({dominio:'udiscover.myshopify.com',storefrontAccessToken: 'bdc89f347d2ce61c1feeb9f8c60b2b98',}); ShopifyBuy.UI.onReady(cliente).luego(funci\u00f3n(ui){ ui.createComponent('productSet',{ id:(7738979483725,7738979385421,7670105112653), nodo:document.getElementById('udiscover-store-tres-productos'), moneyFormat:'%24%7B%7Bamount%7D%7D', opciones:{&quot;producto&quot;:{&quot;marco flotante&quot;:FALSO,&quot;bot\u00f3nDestino&quot;:&quot;modal&quot;,&quot;contenido&quot;:{&quot;opciones&quot;:verdadero},&quot;texto&quot;:{&quot;bot\u00f3n&quot;:&quot;PEDIR AHORA&quot;,&quot;Agotado&quot;:&quot;Lo sentimos, esto est\u00e1 agotado.&quot;}},&quot;conjunto de productos&quot;:{&quot;marco flotante&quot;:FALSO},&quot;modalProducto&quot;:{&quot;marco flotante&quot;:FALSO,&quot;contenido&quot;:{&quot;imagen&quot;:FALSO,&quot;imgConCarrusel&quot;:verdadero,&quot;bot\u00f3n&quot;:FALSO,&quot;bot\u00f3nConCantidad&quot;:verdadero}},&quot;modal&quot;:{&quot;marco flotante&quot;:FALSO},&quot;opci\u00f3n&quot;:{&quot;marco flotante&quot;:FALSO},&quot;carro&quot;:{&quot;marco flotante&quot;:FALSO},&quot;palanca&quot;:{&quot;marco flotante&quot;:FALSO,&quot;contenido&quot;:{&quot;icono&quot;:FALSO}},&quot;art\u00edculo de l\u00ednea&quot;:{&quot;marco flotante&quot;:FALSO}}, }); }); } })(); \/*))>*\/ <\/div>\n<\/p>\n<p>El anuncio llega con una nueva canci\u00f3n titulada \u201cBuried Treasure\u201d, que cuenta con la participaci\u00f3n del teclista Benmont Tench de Tom Petty &#038; The Heartbreakers. La canci\u00f3n rinde homenaje al programa de radio SiriusXM del mismo nombre que Petty fue curador y presentador durante 15 a\u00f1os, con letras elaboradas enteramente a partir de los t\u00edtulos de las canciones de Petty. Frampton busc\u00f3 personalmente a Tench para agregar su estilo caracter\u00edstico al tributo a Petty.<\/p>\n<div class=\"uD-YT-container\"><img decoding=\"async\" src=\"https:\/\/web.consaguirre.com.ar\/noticias\/wp-content\/uploads\/2026\/03\/1773758355_122_Peter-Frampton-anuncia-nuevo-album-Carry-The-Light.jpg\" alt=\"V\u00eddeo de YouTube\"><br \/>Haga clic para cargar v\u00eddeo<\/div>\n<p>El t\u00edtulo del disco es una declaraci\u00f3n de prop\u00f3sito, donde la luz representa la sabidur\u00eda y el avance. &#8220;Este puede ser el mejor \u00e1lbum que Peter haya hecho jam\u00e1s&#8221;, dijo el ingeniero y coproductor Chuck Ainlay (Mark Knopfler, Miranda Lambert, George Strait). &#8220;Las canciones son muy conmovedoras y su voz ha madurado de una manera que realmente transmite lo que est\u00e1 tratando de transmitir&#8221;.<\/p>\n<p>A principios de este a\u00f1o, Peter celebr\u00f3 el 50 aniversario de su \u00e1lbum. <em>\u00a1Framton cobra vida!<\/em> con una edici\u00f3n especial Vinylphyle del hist\u00f3rico \u00e1lbum, que sigue siendo uno de los \u00e1lbumes en vivo m\u00e1s vendidos de todos los tiempos. La edici\u00f3n limitada de LP doble de Vinylphyle proviene del master de producci\u00f3n original de Doug Sax de 1\/4 \u2033 de 1975, con lacas cortadas por Joe Nino-Hernes y prensada en vinilo negro de 180 g en RTI. El paquete presenta un inserto de cuatro paneles que incluye una nueva entrevista con Frampton y Anthony Fantano de <em>La ca\u00edda de la aguja<\/em>.<\/p>\n<p><b>Compre aqu\u00ed la m\u00fasica de Peter Frampton en vinilos y CD de edici\u00f3n limitada.<\/b><\/p>\n","protected":false},"excerpt":{"rendered":"<p>Peter Frampton ha anunciado un nuevo \u00e1lbum, llevar la luz. El disco marca su primer \u00e1lbum de material de rock completamente nuevo en muchos a\u00f1os.<\/p>\n","protected":false},"author":1,"featured_media":5384,"comment_status":"closed","ping_status":"","sticky":false,"template":"","format":"standard","meta":{"footnotes":""},"categories":[50],"tags":[147,56,3987,490,1088,146,489],"class_list":["post-5383","post","type-post","status-publish","format-standard","has-post-thumbnail","hentry","category-el-ultimo","tag-album","tag-anuncia","tag-carry","tag-frampton","tag-light","tag-nuevo","tag-peter","generate-columns","tablet-grid-50","mobile-grid-100","grid-parent","grid-50"],"yoast_head":"<!-- This site is optimized with the Yoast SEO plugin v23.3 - https:\/\/yoast.com\/wordpress\/plugins\/seo\/ -->\n<title>Peter Frampton anuncia nuevo \u00e1lbum, &#039;Carry The Light&#039;<\/title>\n<meta name=\"robots\" content=\"index, follow, max-snippet:-1, max-image-preview:large, max-video-preview:-1\" \/>\n<link rel=\"canonical\" href=\"https:\/\/web.consaguirre.com.ar\/noticias\/peter-frampton-anuncia-nuevo-album-carry-the-light\/\" \/>\n<meta property=\"og:locale\" content=\"es_ES\" \/>\n<meta property=\"og:type\" content=\"article\" \/>\n<meta property=\"og:title\" content=\"Peter Frampton anuncia nuevo \u00e1lbum, &#039;Carry The Light&#039;\" \/>\n<meta property=\"og:description\" content=\"Peter Frampton ha anunciado un nuevo \u00e1lbum, llevar la luz. El disco marca su primer \u00e1lbum de material de rock completamente nuevo en muchos a\u00f1os.\" \/>\n<meta property=\"og:url\" content=\"https:\/\/web.consaguirre.com.ar\/noticias\/peter-frampton-anuncia-nuevo-album-carry-the-light\/\" \/>\n<meta property=\"og:site_name\" content=\"Conservatorio de M\u00fasica Juli\u00e1n Aguirre\" \/>\n<meta property=\"article:published_time\" content=\"2026-03-17T14:39:15+00:00\" \/>\n<meta property=\"article:modified_time\" content=\"2026-03-17T14:39:16+00:00\" \/>\n<meta property=\"og:image\" content=\"https:\/\/web.consaguirre.com.ar\/noticias\/wp-content\/uploads\/2026\/03\/Peter-Frampton-anuncia-nuevo-album-Carry-The-Light.jpg\" \/>\n\t<meta property=\"og:image:width\" content=\"820\" \/>\n\t<meta property=\"og:image:height\" content=\"820\" \/>\n\t<meta property=\"og:image:type\" content=\"image\/jpeg\" \/>\n<meta name=\"author\" content=\"Javier Figueroa\" \/>\n<meta name=\"twitter:card\" content=\"summary_large_image\" \/>\n<meta name=\"twitter:label1\" content=\"Escrito por\" \/>\n\t<meta name=\"twitter:data1\" content=\"Javier Figueroa\" \/>\n\t<meta name=\"twitter:label2\" content=\"Tiempo de lectura\" \/>\n\t<meta name=\"twitter:data2\" content=\"2 minutos\" \/>\n<script type=\"application\/ld+json\" class=\"yoast-schema-graph\">{\"@context\":\"https:\/\/schema.org\",\"@graph\":[{\"@type\":\"Article\",\"@id\":\"https:\/\/web.consaguirre.com.ar\/noticias\/peter-frampton-anuncia-nuevo-album-carry-the-light\/#article\",\"isPartOf\":{\"@id\":\"https:\/\/web.consaguirre.com.ar\/noticias\/peter-frampton-anuncia-nuevo-album-carry-the-light\/\"},\"author\":{\"name\":\"Javier Figueroa\",\"@id\":\"https:\/\/web.consaguirre.com.ar\/noticias\/#\/schema\/person\/6558b0cfedee7ddc5425602b237d5722\"},\"headline\":\"Peter Frampton anuncia nuevo \u00e1lbum, &#8216;Carry The Light&#8217;\",\"datePublished\":\"2026-03-17T14:39:15+00:00\",\"dateModified\":\"2026-03-17T14:39:16+00:00\",\"mainEntityOfPage\":{\"@id\":\"https:\/\/web.consaguirre.com.ar\/noticias\/peter-frampton-anuncia-nuevo-album-carry-the-light\/\"},\"wordCount\":389,\"publisher\":{\"@id\":\"https:\/\/web.consaguirre.com.ar\/noticias\/#organization\"},\"image\":{\"@id\":\"https:\/\/web.consaguirre.com.ar\/noticias\/peter-frampton-anuncia-nuevo-album-carry-the-light\/#primaryimage\"},\"thumbnailUrl\":\"https:\/\/web.consaguirre.com.ar\/noticias\/wp-content\/uploads\/2026\/03\/Peter-Frampton-anuncia-nuevo-album-Carry-The-Light.jpg\",\"keywords\":[\"\u00e1lbum\",\"anuncia\",\"Carry\",\"Frampton\",\"Light\",\"nuevo\",\"Peter\"],\"articleSection\":[\"El \u00faltimo\"],\"inLanguage\":\"es-AR\"},{\"@type\":\"WebPage\",\"@id\":\"https:\/\/web.consaguirre.com.ar\/noticias\/peter-frampton-anuncia-nuevo-album-carry-the-light\/\",\"url\":\"https:\/\/web.consaguirre.com.ar\/noticias\/peter-frampton-anuncia-nuevo-album-carry-the-light\/\",\"name\":\"Peter Frampton anuncia nuevo \u00e1lbum, 'Carry The Light'\",\"isPartOf\":{\"@id\":\"https:\/\/web.consaguirre.com.ar\/noticias\/#website\"},\"primaryImageOfPage\":{\"@id\":\"https:\/\/web.consaguirre.com.ar\/noticias\/peter-frampton-anuncia-nuevo-album-carry-the-light\/#primaryimage\"},\"image\":{\"@id\":\"https:\/\/web.consaguirre.com.ar\/noticias\/peter-frampton-anuncia-nuevo-album-carry-the-light\/#primaryimage\"},\"thumbnailUrl\":\"https:\/\/web.consaguirre.com.ar\/noticias\/wp-content\/uploads\/2026\/03\/Peter-Frampton-anuncia-nuevo-album-Carry-The-Light.jpg\",\"datePublished\":\"2026-03-17T14:39:15+00:00\",\"dateModified\":\"2026-03-17T14:39:16+00:00\",\"breadcrumb\":{\"@id\":\"https:\/\/web.consaguirre.com.ar\/noticias\/peter-frampton-anuncia-nuevo-album-carry-the-light\/#breadcrumb\"},\"inLanguage\":\"es-AR\",\"potentialAction\":[{\"@type\":\"ReadAction\",\"target\":[\"https:\/\/web.consaguirre.com.ar\/noticias\/peter-frampton-anuncia-nuevo-album-carry-the-light\/\"]}]},{\"@type\":\"ImageObject\",\"inLanguage\":\"es-AR\",\"@id\":\"https:\/\/web.consaguirre.com.ar\/noticias\/peter-frampton-anuncia-nuevo-album-carry-the-light\/#primaryimage\",\"url\":\"https:\/\/web.consaguirre.com.ar\/noticias\/wp-content\/uploads\/2026\/03\/Peter-Frampton-anuncia-nuevo-album-Carry-The-Light.jpg\",\"contentUrl\":\"https:\/\/web.consaguirre.com.ar\/noticias\/wp-content\/uploads\/2026\/03\/Peter-Frampton-anuncia-nuevo-album-Carry-The-Light.jpg\",\"width\":820,\"height\":820,\"caption\":\"Peter Frampton Carry The Light album cover\"},{\"@type\":\"BreadcrumbList\",\"@id\":\"https:\/\/web.consaguirre.com.ar\/noticias\/peter-frampton-anuncia-nuevo-album-carry-the-light\/#breadcrumb\",\"itemListElement\":[{\"@type\":\"ListItem\",\"position\":1,\"name\":\"Inicio\",\"item\":\"https:\/\/web.consaguirre.com.ar\/noticias\/\"},{\"@type\":\"ListItem\",\"position\":2,\"name\":\"Peter Frampton anuncia nuevo \u00e1lbum, &#8216;Carry The Light&#8217;\"}]},{\"@type\":\"WebSite\",\"@id\":\"https:\/\/web.consaguirre.com.ar\/noticias\/#website\",\"url\":\"https:\/\/web.consaguirre.com.ar\/noticias\/\",\"name\":\"Conservatorio de M\u00fasica Juli\u00e1n Aguirre\",\"description\":\"\",\"publisher\":{\"@id\":\"https:\/\/web.consaguirre.com.ar\/noticias\/#organization\"},\"potentialAction\":[{\"@type\":\"SearchAction\",\"target\":{\"@type\":\"EntryPoint\",\"urlTemplate\":\"https:\/\/web.consaguirre.com.ar\/noticias\/?s={search_term_string}\"},\"query-input\":\"required name=search_term_string\"}],\"inLanguage\":\"es-AR\"},{\"@type\":\"Organization\",\"@id\":\"https:\/\/web.consaguirre.com.ar\/noticias\/#organization\",\"name\":\"Conservatorio de M\u00fasica Juli\u00e1n Aguirre\",\"url\":\"https:\/\/web.consaguirre.com.ar\/noticias\/\",\"logo\":{\"@type\":\"ImageObject\",\"inLanguage\":\"es-AR\",\"@id\":\"https:\/\/web.consaguirre.com.ar\/noticias\/#\/schema\/logo\/image\/\",\"url\":\"https:\/\/web.consaguirre.com.ar\/noticias\/wp-content\/uploads\/2024\/08\/Banner-Aguirre-23.jpg\",\"contentUrl\":\"https:\/\/web.consaguirre.com.ar\/noticias\/wp-content\/uploads\/2024\/08\/Banner-Aguirre-23.jpg\",\"width\":1192,\"height\":600,\"caption\":\"Conservatorio de M\u00fasica Juli\u00e1n Aguirre\"},\"image\":{\"@id\":\"https:\/\/web.consaguirre.com.ar\/noticias\/#\/schema\/logo\/image\/\"}},{\"@type\":\"Person\",\"@id\":\"https:\/\/web.consaguirre.com.ar\/noticias\/#\/schema\/person\/6558b0cfedee7ddc5425602b237d5722\",\"name\":\"Javier Figueroa\",\"image\":{\"@type\":\"ImageObject\",\"inLanguage\":\"es-AR\",\"@id\":\"https:\/\/web.consaguirre.com.ar\/noticias\/#\/schema\/person\/image\/\",\"url\":\"https:\/\/web.consaguirre.com.ar\/noticias\/wp-content\/uploads\/2024\/08\/Consaguirre-scaled.jpg\",\"contentUrl\":\"https:\/\/web.consaguirre.com.ar\/noticias\/wp-content\/uploads\/2024\/08\/Consaguirre-scaled.jpg\",\"caption\":\"Javier Figueroa\"},\"description\":\"Me llamo Javier Figueroa y soy redactor para el sitio oficial del Conservatorio de M\u00fasica Juli\u00e1n Aguirre en Buenos Aires, consaguirre.com. Apasionado por la m\u00fasica y la escritura, me esfuerzo por destacar los talentos y eventos de nuestra prestigiosa instituci\u00f3n. Mi trayectoria se nutre de una profunda admiraci\u00f3n por los artistas, haciendo de cada art\u00edculo una celebraci\u00f3n de la creatividad y la cultura musical.\",\"sameAs\":[\"https:\/\/web.consaguirre.com.ar\/noticias\"]}]}<\/script>\n<!-- \/ Yoast SEO plugin. -->","yoast_head_json":{"title":"Peter Frampton anuncia nuevo \u00e1lbum, 'Carry The Light'","robots":{"index":"index","follow":"follow","max-snippet":"max-snippet:-1","max-image-preview":"max-image-preview:large","max-video-preview":"max-video-preview:-1"},"canonical":"https:\/\/web.consaguirre.com.ar\/noticias\/peter-frampton-anuncia-nuevo-album-carry-the-light\/","og_locale":"es_ES","og_type":"article","og_title":"Peter Frampton anuncia nuevo \u00e1lbum, 'Carry The Light'","og_description":"Peter Frampton ha anunciado un nuevo \u00e1lbum, llevar la luz. El disco marca su primer \u00e1lbum de material de rock completamente nuevo en muchos a\u00f1os.","og_url":"https:\/\/web.consaguirre.com.ar\/noticias\/peter-frampton-anuncia-nuevo-album-carry-the-light\/","og_site_name":"Conservatorio de M\u00fasica Juli\u00e1n Aguirre","article_published_time":"2026-03-17T14:39:15+00:00","article_modified_time":"2026-03-17T14:39:16+00:00","og_image":[{"width":820,"height":820,"url":"https:\/\/web.consaguirre.com.ar\/noticias\/wp-content\/uploads\/2026\/03\/Peter-Frampton-anuncia-nuevo-album-Carry-The-Light.jpg","type":"image\/jpeg"}],"author":"Javier Figueroa","twitter_card":"summary_large_image","twitter_misc":{"Escrito por":"Javier Figueroa","Tiempo de lectura":"2 minutos"},"schema":{"@context":"https:\/\/schema.org","@graph":[{"@type":"Article","@id":"https:\/\/web.consaguirre.com.ar\/noticias\/peter-frampton-anuncia-nuevo-album-carry-the-light\/#article","isPartOf":{"@id":"https:\/\/web.consaguirre.com.ar\/noticias\/peter-frampton-anuncia-nuevo-album-carry-the-light\/"},"author":{"name":"Javier Figueroa","@id":"https:\/\/web.consaguirre.com.ar\/noticias\/#\/schema\/person\/6558b0cfedee7ddc5425602b237d5722"},"headline":"Peter Frampton anuncia nuevo \u00e1lbum, &#8216;Carry The Light&#8217;","datePublished":"2026-03-17T14:39:15+00:00","dateModified":"2026-03-17T14:39:16+00:00","mainEntityOfPage":{"@id":"https:\/\/web.consaguirre.com.ar\/noticias\/peter-frampton-anuncia-nuevo-album-carry-the-light\/"},"wordCount":389,"publisher":{"@id":"https:\/\/web.consaguirre.com.ar\/noticias\/#organization"},"image":{"@id":"https:\/\/web.consaguirre.com.ar\/noticias\/peter-frampton-anuncia-nuevo-album-carry-the-light\/#primaryimage"},"thumbnailUrl":"https:\/\/web.consaguirre.com.ar\/noticias\/wp-content\/uploads\/2026\/03\/Peter-Frampton-anuncia-nuevo-album-Carry-The-Light.jpg","keywords":["\u00e1lbum","anuncia","Carry","Frampton","Light","nuevo","Peter"],"articleSection":["El \u00faltimo"],"inLanguage":"es-AR"},{"@type":"WebPage","@id":"https:\/\/web.consaguirre.com.ar\/noticias\/peter-frampton-anuncia-nuevo-album-carry-the-light\/","url":"https:\/\/web.consaguirre.com.ar\/noticias\/peter-frampton-anuncia-nuevo-album-carry-the-light\/","name":"Peter Frampton anuncia nuevo \u00e1lbum, 'Carry The Light'","isPartOf":{"@id":"https:\/\/web.consaguirre.com.ar\/noticias\/#website"},"primaryImageOfPage":{"@id":"https:\/\/web.consaguirre.com.ar\/noticias\/peter-frampton-anuncia-nuevo-album-carry-the-light\/#primaryimage"},"image":{"@id":"https:\/\/web.consaguirre.com.ar\/noticias\/peter-frampton-anuncia-nuevo-album-carry-the-light\/#primaryimage"},"thumbnailUrl":"https:\/\/web.consaguirre.com.ar\/noticias\/wp-content\/uploads\/2026\/03\/Peter-Frampton-anuncia-nuevo-album-Carry-The-Light.jpg","datePublished":"2026-03-17T14:39:15+00:00","dateModified":"2026-03-17T14:39:16+00:00","breadcrumb":{"@id":"https:\/\/web.consaguirre.com.ar\/noticias\/peter-frampton-anuncia-nuevo-album-carry-the-light\/#breadcrumb"},"inLanguage":"es-AR","potentialAction":[{"@type":"ReadAction","target":["https:\/\/web.consaguirre.com.ar\/noticias\/peter-frampton-anuncia-nuevo-album-carry-the-light\/"]}]},{"@type":"ImageObject","inLanguage":"es-AR","@id":"https:\/\/web.consaguirre.com.ar\/noticias\/peter-frampton-anuncia-nuevo-album-carry-the-light\/#primaryimage","url":"https:\/\/web.consaguirre.com.ar\/noticias\/wp-content\/uploads\/2026\/03\/Peter-Frampton-anuncia-nuevo-album-Carry-The-Light.jpg","contentUrl":"https:\/\/web.consaguirre.com.ar\/noticias\/wp-content\/uploads\/2026\/03\/Peter-Frampton-anuncia-nuevo-album-Carry-The-Light.jpg","width":820,"height":820,"caption":"Peter Frampton Carry The Light album cover"},{"@type":"BreadcrumbList","@id":"https:\/\/web.consaguirre.com.ar\/noticias\/peter-frampton-anuncia-nuevo-album-carry-the-light\/#breadcrumb","itemListElement":[{"@type":"ListItem","position":1,"name":"Inicio","item":"https:\/\/web.consaguirre.com.ar\/noticias\/"},{"@type":"ListItem","position":2,"name":"Peter Frampton anuncia nuevo \u00e1lbum, &#8216;Carry The Light&#8217;"}]},{"@type":"WebSite","@id":"https:\/\/web.consaguirre.com.ar\/noticias\/#website","url":"https:\/\/web.consaguirre.com.ar\/noticias\/","name":"Conservatorio de M\u00fasica Juli\u00e1n Aguirre","description":"","publisher":{"@id":"https:\/\/web.consaguirre.com.ar\/noticias\/#organization"},"potentialAction":[{"@type":"SearchAction","target":{"@type":"EntryPoint","urlTemplate":"https:\/\/web.consaguirre.com.ar\/noticias\/?s={search_term_string}"},"query-input":"required name=search_term_string"}],"inLanguage":"es-AR"},{"@type":"Organization","@id":"https:\/\/web.consaguirre.com.ar\/noticias\/#organization","name":"Conservatorio de M\u00fasica Juli\u00e1n Aguirre","url":"https:\/\/web.consaguirre.com.ar\/noticias\/","logo":{"@type":"ImageObject","inLanguage":"es-AR","@id":"https:\/\/web.consaguirre.com.ar\/noticias\/#\/schema\/logo\/image\/","url":"https:\/\/web.consaguirre.com.ar\/noticias\/wp-content\/uploads\/2024\/08\/Banner-Aguirre-23.jpg","contentUrl":"https:\/\/web.consaguirre.com.ar\/noticias\/wp-content\/uploads\/2024\/08\/Banner-Aguirre-23.jpg","width":1192,"height":600,"caption":"Conservatorio de M\u00fasica Juli\u00e1n Aguirre"},"image":{"@id":"https:\/\/web.consaguirre.com.ar\/noticias\/#\/schema\/logo\/image\/"}},{"@type":"Person","@id":"https:\/\/web.consaguirre.com.ar\/noticias\/#\/schema\/person\/6558b0cfedee7ddc5425602b237d5722","name":"Javier Figueroa","image":{"@type":"ImageObject","inLanguage":"es-AR","@id":"https:\/\/web.consaguirre.com.ar\/noticias\/#\/schema\/person\/image\/","url":"https:\/\/web.consaguirre.com.ar\/noticias\/wp-content\/uploads\/2024\/08\/Consaguirre-scaled.jpg","contentUrl":"https:\/\/web.consaguirre.com.ar\/noticias\/wp-content\/uploads\/2024\/08\/Consaguirre-scaled.jpg","caption":"Javier Figueroa"},"description":"Me llamo Javier Figueroa y soy redactor para el sitio oficial del Conservatorio de M\u00fasica Juli\u00e1n Aguirre en Buenos Aires, consaguirre.com. Apasionado por la m\u00fasica y la escritura, me esfuerzo por destacar los talentos y eventos de nuestra prestigiosa instituci\u00f3n. Mi trayectoria se nutre de una profunda admiraci\u00f3n por los artistas, haciendo de cada art\u00edculo una celebraci\u00f3n de la creatividad y la cultura musical.","sameAs":["https:\/\/web.consaguirre.com.ar\/noticias"]}]}},"_links":{"self":[{"href":"https:\/\/web.consaguirre.com.ar\/noticias\/wp-json\/wp\/v2\/posts\/5383"}],"collection":[{"href":"https:\/\/web.consaguirre.com.ar\/noticias\/wp-json\/wp\/v2\/posts"}],"about":[{"href":"https:\/\/web.consaguirre.com.ar\/noticias\/wp-json\/wp\/v2\/types\/post"}],"author":[{"embeddable":true,"href":"https:\/\/web.consaguirre.com.ar\/noticias\/wp-json\/wp\/v2\/users\/1"}],"replies":[{"embeddable":true,"href":"https:\/\/web.consaguirre.com.ar\/noticias\/wp-json\/wp\/v2\/comments?post=5383"}],"version-history":[{"count":1,"href":"https:\/\/web.consaguirre.com.ar\/noticias\/wp-json\/wp\/v2\/posts\/5383\/revisions"}],"predecessor-version":[{"id":5385,"href":"https:\/\/web.consaguirre.com.ar\/noticias\/wp-json\/wp\/v2\/posts\/5383\/revisions\/5385"}],"wp:featuredmedia":[{"embeddable":true,"href":"https:\/\/web.consaguirre.com.ar\/noticias\/wp-json\/wp\/v2\/media\/5384"}],"wp:attachment":[{"href":"https:\/\/web.consaguirre.com.ar\/noticias\/wp-json\/wp\/v2\/media?parent=5383"}],"wp:term":[{"taxonomy":"category","embeddable":true,"href":"https:\/\/web.consaguirre.com.ar\/noticias\/wp-json\/wp\/v2\/categories?post=5383"},{"taxonomy":"post_tag","embeddable":true,"href":"https:\/\/web.consaguirre.com.ar\/noticias\/wp-json\/wp\/v2\/tags?post=5383"}],"curies":[{"name":"wp","href":"https:\/\/api.w.org\/{rel}","templated":true}]}}