{"id":538,"date":"2024-09-10T19:38:06","date_gmt":"2024-09-10T22:38:06","guid":{"rendered":"https:\/\/web.consaguirre.com.ar\/noticias\/kendrick-lamar-encabezara-el-espectaculo-de-medio-tiempo-del-super-bowl\/"},"modified":"2024-09-10T19:38:08","modified_gmt":"2024-09-10T22:38:08","slug":"kendrick-lamar-encabezara-el-espectaculo-de-medio-tiempo-del-super-bowl","status":"publish","type":"post","link":"https:\/\/web.consaguirre.com.ar\/noticias\/kendrick-lamar-encabezara-el-espectaculo-de-medio-tiempo-del-super-bowl\/","title":{"rendered":"Kendrick Lamar encabezar\u00e1 el espect\u00e1culo de medio tiempo del Super Bowl"},"content":{"rendered":"<p><strong>Kendrick Lamar<\/strong> ser\u00e1 el artista principal del espect\u00e1culo de medio tiempo del Super Bowl LIX. El gran partido se llevar\u00e1 a cabo el 9 de febrero de 2025 en el Caesars Superdome de Nueva Orleans, y Apple Music volver\u00e1 a ser el patrocinador del espect\u00e1culo de medio tiempo.<\/p>\n<p><strong>En una promoci\u00f3n de la actuaci\u00f3n<\/strong>En el programa, dirigido por el socio creativo de Lamar, Dave Free, se puede ver al rapero frente a una bandera estadounidense gigante, introduciendo balones de f\u00fatbol en una m\u00e1quina lanzadora. Despu\u00e9s de invitar a los espectadores a ver el espect\u00e1culo, Lamar se\u00f1ala: &#8220;Sabes que solo hay una oportunidad de ganar un campeonato. No hay segundas rondas&#8221;. En una declaraci\u00f3n que acompa\u00f1a al anuncio, Lamar agreg\u00f3: &#8220;La m\u00fasica rap sigue siendo el g\u00e9nero m\u00e1s impactante hasta la fecha. Y estar\u00e9 all\u00ed para recordarle al mundo por qu\u00e9. Eligieron la correcta&#8221;.<\/p>\n<p>Jay-Z, cuya compa\u00f1\u00eda Roc Nation ha estado trabajando con la NFL para reservar entretenimiento de medio tiempo para el Super Bowl desde 2019, comparti\u00f3 su propia declaraci\u00f3n sobre la selecci\u00f3n de Lamar. \u201cKendrick Lamar es verdaderamente un artista e int\u00e9rprete \u00fanico en su generaci\u00f3n\u201d, dijo Jay-Z. \u201cSu profundo amor por el hip-hop y la cultura informa su visi\u00f3n art\u00edstica. Tiene una capacidad incomparable para definir e influir en la cultura a nivel mundial. El trabajo de Kendrick trasciende la m\u00fasica y su impacto se sentir\u00e1 en los a\u00f1os venideros\u201d.<\/p>\n<div class=\"uD-YT-container\"><img decoding=\"async\" src=\"https:\/\/web.consaguirre.com.ar\/noticias\/wp-content\/uploads\/2024\/09\/1726007886_972_Kendrick-Lamar-encabezara-el-espectaculo-de-medio-tiempo-del-Super.jpg\" alt=\"V\u00eddeo de YouTube\"><\/p>\n<\/div>\n<p>El concierto del Super Bowl contin\u00faa una racha de \u00e9xitos masivos para Lamar, quien cautiv\u00f3 a los oyentes este a\u00f1o con una serie de canciones que criticaban a Drake, su rival y ex colaborador. Las cosas culminaron con &#8220;Not Like Us&#8221;, un \u00e9xito que encabez\u00f3 la lista Hot 100 y alcanz\u00f3 el estatus no oficial de canci\u00f3n del verano. &#8220;Not Like Us&#8221; continu\u00f3 siendo un evento durante meses despu\u00e9s de su lanzamiento el 4 de mayo. Lamar interpret\u00f3 la canci\u00f3n cinco veces seguidas para cerrar The Pop Out, su concierto transmitido en vivo por Juneteenth desde el Kia Forum en Inglewood, California. El D\u00eda de la Independencia, lanz\u00f3 un video musical de &#8220;Not Like Us&#8221; que continu\u00f3 su vuelta de la victoria.<\/p>\n<p>Lamar apareci\u00f3 previamente en el espect\u00e1culo de medio tiempo del Super Bowl LVI junto a Dr. Dre, Snoop Dogg, Eminem y Mary J. Blige.<\/p>\n<p><strong>Compra la m\u00fasica de Kendrick Lamar en vinilo ahora.<\/strong><\/p>\n","protected":false},"excerpt":{"rendered":"<p>Kendrick Lamar ser\u00e1 el artista principal del espect\u00e1culo de medio tiempo del Super Bowl LIX. El gran partido se llevar\u00e1 a cabo el 9 de<\/p>\n","protected":false},"author":1,"featured_media":539,"comment_status":"closed","ping_status":"","sticky":false,"template":"","format":"standard","meta":{"footnotes":""},"categories":[50],"tags":[616,10,612,613,610,611,614,615,383],"class_list":["post-538","post","type-post","status-publish","format-standard","has-post-thumbnail","hentry","category-el-ultimo","tag-bowl","tag-del","tag-encabezara","tag-espectaculo","tag-kendrick","tag-lamar","tag-medio","tag-super","tag-tiempo","generate-columns","tablet-grid-50","mobile-grid-100","grid-parent","grid-50"],"yoast_head":"<!-- This site is optimized with the Yoast SEO plugin v23.3 - https:\/\/yoast.com\/wordpress\/plugins\/seo\/ -->\n<title>Kendrick Lamar encabezar\u00e1 el espect\u00e1culo de medio tiempo del Super Bowl<\/title>\n<meta name=\"robots\" content=\"index, follow, max-snippet:-1, max-image-preview:large, max-video-preview:-1\" \/>\n<link rel=\"canonical\" href=\"https:\/\/web.consaguirre.com.ar\/noticias\/kendrick-lamar-encabezara-el-espectaculo-de-medio-tiempo-del-super-bowl\/\" \/>\n<meta property=\"og:locale\" content=\"es_ES\" \/>\n<meta property=\"og:type\" content=\"article\" \/>\n<meta property=\"og:title\" content=\"Kendrick Lamar encabezar\u00e1 el espect\u00e1culo de medio tiempo del Super Bowl\" \/>\n<meta property=\"og:description\" content=\"Kendrick Lamar ser\u00e1 el artista principal del espect\u00e1culo de medio tiempo del Super Bowl LIX. El gran partido se llevar\u00e1 a cabo el 9 de\" \/>\n<meta property=\"og:url\" content=\"https:\/\/web.consaguirre.com.ar\/noticias\/kendrick-lamar-encabezara-el-espectaculo-de-medio-tiempo-del-super-bowl\/\" \/>\n<meta property=\"og:site_name\" content=\"Conservatorio de M\u00fasica Juli\u00e1n Aguirre\" \/>\n<meta property=\"article:published_time\" content=\"2024-09-10T22:38:06+00:00\" \/>\n<meta property=\"article:modified_time\" content=\"2024-09-10T22:38:08+00:00\" \/>\n<meta property=\"og:image\" content=\"https:\/\/web.consaguirre.com.ar\/noticias\/wp-content\/uploads\/2024\/09\/Kendrick-Lamar-encabezara-el-espectaculo-de-medio-tiempo-del-Super.jpg\" \/>\n\t<meta property=\"og:image:width\" content=\"1440\" \/>\n\t<meta property=\"og:image:height\" content=\"864\" \/>\n\t<meta property=\"og:image:type\" content=\"image\/jpeg\" \/>\n<meta name=\"author\" content=\"Javier Figueroa\" \/>\n<meta name=\"twitter:card\" content=\"summary_large_image\" \/>\n<meta name=\"twitter:label1\" content=\"Escrito por\" \/>\n\t<meta name=\"twitter:data1\" content=\"Javier Figueroa\" \/>\n\t<meta name=\"twitter:label2\" content=\"Tiempo de lectura\" \/>\n\t<meta name=\"twitter:data2\" content=\"2 minutos\" \/>\n<script type=\"application\/ld+json\" class=\"yoast-schema-graph\">{\"@context\":\"https:\/\/schema.org\",\"@graph\":[{\"@type\":\"Article\",\"@id\":\"https:\/\/web.consaguirre.com.ar\/noticias\/kendrick-lamar-encabezara-el-espectaculo-de-medio-tiempo-del-super-bowl\/#article\",\"isPartOf\":{\"@id\":\"https:\/\/web.consaguirre.com.ar\/noticias\/kendrick-lamar-encabezara-el-espectaculo-de-medio-tiempo-del-super-bowl\/\"},\"author\":{\"name\":\"Javier Figueroa\",\"@id\":\"https:\/\/web.consaguirre.com.ar\/noticias\/#\/schema\/person\/6558b0cfedee7ddc5425602b237d5722\"},\"headline\":\"Kendrick Lamar encabezar\u00e1 el espect\u00e1culo de medio tiempo del Super Bowl\",\"datePublished\":\"2024-09-10T22:38:06+00:00\",\"dateModified\":\"2024-09-10T22:38:08+00:00\",\"mainEntityOfPage\":{\"@id\":\"https:\/\/web.consaguirre.com.ar\/noticias\/kendrick-lamar-encabezara-el-espectaculo-de-medio-tiempo-del-super-bowl\/\"},\"wordCount\":425,\"publisher\":{\"@id\":\"https:\/\/web.consaguirre.com.ar\/noticias\/#organization\"},\"image\":{\"@id\":\"https:\/\/web.consaguirre.com.ar\/noticias\/kendrick-lamar-encabezara-el-espectaculo-de-medio-tiempo-del-super-bowl\/#primaryimage\"},\"thumbnailUrl\":\"https:\/\/web.consaguirre.com.ar\/noticias\/wp-content\/uploads\/2024\/09\/Kendrick-Lamar-encabezara-el-espectaculo-de-medio-tiempo-del-Super.jpg\",\"keywords\":[\"Bowl\",\"del\",\"encabezar\u00e1\",\"espect\u00e1culo\",\"Kendrick\",\"Lamar\",\"medio\",\"Super\",\"tiempo\"],\"articleSection\":[\"El \u00faltimo\"],\"inLanguage\":\"es-AR\"},{\"@type\":\"WebPage\",\"@id\":\"https:\/\/web.consaguirre.com.ar\/noticias\/kendrick-lamar-encabezara-el-espectaculo-de-medio-tiempo-del-super-bowl\/\",\"url\":\"https:\/\/web.consaguirre.com.ar\/noticias\/kendrick-lamar-encabezara-el-espectaculo-de-medio-tiempo-del-super-bowl\/\",\"name\":\"Kendrick Lamar encabezar\u00e1 el espect\u00e1culo de medio tiempo del Super Bowl\",\"isPartOf\":{\"@id\":\"https:\/\/web.consaguirre.com.ar\/noticias\/#website\"},\"primaryImageOfPage\":{\"@id\":\"https:\/\/web.consaguirre.com.ar\/noticias\/kendrick-lamar-encabezara-el-espectaculo-de-medio-tiempo-del-super-bowl\/#primaryimage\"},\"image\":{\"@id\":\"https:\/\/web.consaguirre.com.ar\/noticias\/kendrick-lamar-encabezara-el-espectaculo-de-medio-tiempo-del-super-bowl\/#primaryimage\"},\"thumbnailUrl\":\"https:\/\/web.consaguirre.com.ar\/noticias\/wp-content\/uploads\/2024\/09\/Kendrick-Lamar-encabezara-el-espectaculo-de-medio-tiempo-del-Super.jpg\",\"datePublished\":\"2024-09-10T22:38:06+00:00\",\"dateModified\":\"2024-09-10T22:38:08+00:00\",\"breadcrumb\":{\"@id\":\"https:\/\/web.consaguirre.com.ar\/noticias\/kendrick-lamar-encabezara-el-espectaculo-de-medio-tiempo-del-super-bowl\/#breadcrumb\"},\"inLanguage\":\"es-AR\",\"potentialAction\":[{\"@type\":\"ReadAction\",\"target\":[\"https:\/\/web.consaguirre.com.ar\/noticias\/kendrick-lamar-encabezara-el-espectaculo-de-medio-tiempo-del-super-bowl\/\"]}]},{\"@type\":\"ImageObject\",\"inLanguage\":\"es-AR\",\"@id\":\"https:\/\/web.consaguirre.com.ar\/noticias\/kendrick-lamar-encabezara-el-espectaculo-de-medio-tiempo-del-super-bowl\/#primaryimage\",\"url\":\"https:\/\/web.consaguirre.com.ar\/noticias\/wp-content\/uploads\/2024\/09\/Kendrick-Lamar-encabezara-el-espectaculo-de-medio-tiempo-del-Super.jpg\",\"contentUrl\":\"https:\/\/web.consaguirre.com.ar\/noticias\/wp-content\/uploads\/2024\/09\/Kendrick-Lamar-encabezara-el-espectaculo-de-medio-tiempo-del-Super.jpg\",\"width\":1440,\"height\":864,\"caption\":\"Kendrick Lamar encabezar\u00e1 el espect\u00e1culo de medio tiempo del Super Bowl\"},{\"@type\":\"BreadcrumbList\",\"@id\":\"https:\/\/web.consaguirre.com.ar\/noticias\/kendrick-lamar-encabezara-el-espectaculo-de-medio-tiempo-del-super-bowl\/#breadcrumb\",\"itemListElement\":[{\"@type\":\"ListItem\",\"position\":1,\"name\":\"Inicio\",\"item\":\"https:\/\/web.consaguirre.com.ar\/noticias\/\"},{\"@type\":\"ListItem\",\"position\":2,\"name\":\"Kendrick Lamar encabezar\u00e1 el espect\u00e1culo de medio tiempo del Super Bowl\"}]},{\"@type\":\"WebSite\",\"@id\":\"https:\/\/web.consaguirre.com.ar\/noticias\/#website\",\"url\":\"https:\/\/web.consaguirre.com.ar\/noticias\/\",\"name\":\"Conservatorio de M\u00fasica Juli\u00e1n Aguirre\",\"description\":\"\",\"publisher\":{\"@id\":\"https:\/\/web.consaguirre.com.ar\/noticias\/#organization\"},\"potentialAction\":[{\"@type\":\"SearchAction\",\"target\":{\"@type\":\"EntryPoint\",\"urlTemplate\":\"https:\/\/web.consaguirre.com.ar\/noticias\/?s={search_term_string}\"},\"query-input\":\"required name=search_term_string\"}],\"inLanguage\":\"es-AR\"},{\"@type\":\"Organization\",\"@id\":\"https:\/\/web.consaguirre.com.ar\/noticias\/#organization\",\"name\":\"Conservatorio de M\u00fasica Juli\u00e1n Aguirre\",\"url\":\"https:\/\/web.consaguirre.com.ar\/noticias\/\",\"logo\":{\"@type\":\"ImageObject\",\"inLanguage\":\"es-AR\",\"@id\":\"https:\/\/web.consaguirre.com.ar\/noticias\/#\/schema\/logo\/image\/\",\"url\":\"https:\/\/web.consaguirre.com.ar\/noticias\/wp-content\/uploads\/2024\/08\/Banner-Aguirre-23.jpg\",\"contentUrl\":\"https:\/\/web.consaguirre.com.ar\/noticias\/wp-content\/uploads\/2024\/08\/Banner-Aguirre-23.jpg\",\"width\":1192,\"height\":600,\"caption\":\"Conservatorio de M\u00fasica Juli\u00e1n Aguirre\"},\"image\":{\"@id\":\"https:\/\/web.consaguirre.com.ar\/noticias\/#\/schema\/logo\/image\/\"}},{\"@type\":\"Person\",\"@id\":\"https:\/\/web.consaguirre.com.ar\/noticias\/#\/schema\/person\/6558b0cfedee7ddc5425602b237d5722\",\"name\":\"Javier Figueroa\",\"image\":{\"@type\":\"ImageObject\",\"inLanguage\":\"es-AR\",\"@id\":\"https:\/\/web.consaguirre.com.ar\/noticias\/#\/schema\/person\/image\/\",\"url\":\"https:\/\/web.consaguirre.com.ar\/noticias\/wp-content\/uploads\/2024\/08\/Consaguirre-scaled.jpg\",\"contentUrl\":\"https:\/\/web.consaguirre.com.ar\/noticias\/wp-content\/uploads\/2024\/08\/Consaguirre-scaled.jpg\",\"caption\":\"Javier Figueroa\"},\"description\":\"Me llamo Javier Figueroa y soy redactor para el sitio oficial del Conservatorio de M\u00fasica Juli\u00e1n Aguirre en Buenos Aires, consaguirre.com. Apasionado por la m\u00fasica y la escritura, me esfuerzo por destacar los talentos y eventos de nuestra prestigiosa instituci\u00f3n. Mi trayectoria se nutre de una profunda admiraci\u00f3n por los artistas, haciendo de cada art\u00edculo una celebraci\u00f3n de la creatividad y la cultura musical.\",\"sameAs\":[\"https:\/\/web.consaguirre.com.ar\/noticias\"]}]}<\/script>\n<!-- \/ Yoast SEO plugin. -->","yoast_head_json":{"title":"Kendrick Lamar encabezar\u00e1 el espect\u00e1culo de medio tiempo del Super Bowl","robots":{"index":"index","follow":"follow","max-snippet":"max-snippet:-1","max-image-preview":"max-image-preview:large","max-video-preview":"max-video-preview:-1"},"canonical":"https:\/\/web.consaguirre.com.ar\/noticias\/kendrick-lamar-encabezara-el-espectaculo-de-medio-tiempo-del-super-bowl\/","og_locale":"es_ES","og_type":"article","og_title":"Kendrick Lamar encabezar\u00e1 el espect\u00e1culo de medio tiempo del Super Bowl","og_description":"Kendrick Lamar ser\u00e1 el artista principal del espect\u00e1culo de medio tiempo del Super Bowl LIX. El gran partido se llevar\u00e1 a cabo el 9 de","og_url":"https:\/\/web.consaguirre.com.ar\/noticias\/kendrick-lamar-encabezara-el-espectaculo-de-medio-tiempo-del-super-bowl\/","og_site_name":"Conservatorio de M\u00fasica Juli\u00e1n Aguirre","article_published_time":"2024-09-10T22:38:06+00:00","article_modified_time":"2024-09-10T22:38:08+00:00","og_image":[{"width":1440,"height":864,"url":"https:\/\/web.consaguirre.com.ar\/noticias\/wp-content\/uploads\/2024\/09\/Kendrick-Lamar-encabezara-el-espectaculo-de-medio-tiempo-del-Super.jpg","type":"image\/jpeg"}],"author":"Javier Figueroa","twitter_card":"summary_large_image","twitter_misc":{"Escrito por":"Javier Figueroa","Tiempo de lectura":"2 minutos"},"schema":{"@context":"https:\/\/schema.org","@graph":[{"@type":"Article","@id":"https:\/\/web.consaguirre.com.ar\/noticias\/kendrick-lamar-encabezara-el-espectaculo-de-medio-tiempo-del-super-bowl\/#article","isPartOf":{"@id":"https:\/\/web.consaguirre.com.ar\/noticias\/kendrick-lamar-encabezara-el-espectaculo-de-medio-tiempo-del-super-bowl\/"},"author":{"name":"Javier Figueroa","@id":"https:\/\/web.consaguirre.com.ar\/noticias\/#\/schema\/person\/6558b0cfedee7ddc5425602b237d5722"},"headline":"Kendrick Lamar encabezar\u00e1 el espect\u00e1culo de medio tiempo del Super Bowl","datePublished":"2024-09-10T22:38:06+00:00","dateModified":"2024-09-10T22:38:08+00:00","mainEntityOfPage":{"@id":"https:\/\/web.consaguirre.com.ar\/noticias\/kendrick-lamar-encabezara-el-espectaculo-de-medio-tiempo-del-super-bowl\/"},"wordCount":425,"publisher":{"@id":"https:\/\/web.consaguirre.com.ar\/noticias\/#organization"},"image":{"@id":"https:\/\/web.consaguirre.com.ar\/noticias\/kendrick-lamar-encabezara-el-espectaculo-de-medio-tiempo-del-super-bowl\/#primaryimage"},"thumbnailUrl":"https:\/\/web.consaguirre.com.ar\/noticias\/wp-content\/uploads\/2024\/09\/Kendrick-Lamar-encabezara-el-espectaculo-de-medio-tiempo-del-Super.jpg","keywords":["Bowl","del","encabezar\u00e1","espect\u00e1culo","Kendrick","Lamar","medio","Super","tiempo"],"articleSection":["El \u00faltimo"],"inLanguage":"es-AR"},{"@type":"WebPage","@id":"https:\/\/web.consaguirre.com.ar\/noticias\/kendrick-lamar-encabezara-el-espectaculo-de-medio-tiempo-del-super-bowl\/","url":"https:\/\/web.consaguirre.com.ar\/noticias\/kendrick-lamar-encabezara-el-espectaculo-de-medio-tiempo-del-super-bowl\/","name":"Kendrick Lamar encabezar\u00e1 el espect\u00e1culo de medio tiempo del Super Bowl","isPartOf":{"@id":"https:\/\/web.consaguirre.com.ar\/noticias\/#website"},"primaryImageOfPage":{"@id":"https:\/\/web.consaguirre.com.ar\/noticias\/kendrick-lamar-encabezara-el-espectaculo-de-medio-tiempo-del-super-bowl\/#primaryimage"},"image":{"@id":"https:\/\/web.consaguirre.com.ar\/noticias\/kendrick-lamar-encabezara-el-espectaculo-de-medio-tiempo-del-super-bowl\/#primaryimage"},"thumbnailUrl":"https:\/\/web.consaguirre.com.ar\/noticias\/wp-content\/uploads\/2024\/09\/Kendrick-Lamar-encabezara-el-espectaculo-de-medio-tiempo-del-Super.jpg","datePublished":"2024-09-10T22:38:06+00:00","dateModified":"2024-09-10T22:38:08+00:00","breadcrumb":{"@id":"https:\/\/web.consaguirre.com.ar\/noticias\/kendrick-lamar-encabezara-el-espectaculo-de-medio-tiempo-del-super-bowl\/#breadcrumb"},"inLanguage":"es-AR","potentialAction":[{"@type":"ReadAction","target":["https:\/\/web.consaguirre.com.ar\/noticias\/kendrick-lamar-encabezara-el-espectaculo-de-medio-tiempo-del-super-bowl\/"]}]},{"@type":"ImageObject","inLanguage":"es-AR","@id":"https:\/\/web.consaguirre.com.ar\/noticias\/kendrick-lamar-encabezara-el-espectaculo-de-medio-tiempo-del-super-bowl\/#primaryimage","url":"https:\/\/web.consaguirre.com.ar\/noticias\/wp-content\/uploads\/2024\/09\/Kendrick-Lamar-encabezara-el-espectaculo-de-medio-tiempo-del-Super.jpg","contentUrl":"https:\/\/web.consaguirre.com.ar\/noticias\/wp-content\/uploads\/2024\/09\/Kendrick-Lamar-encabezara-el-espectaculo-de-medio-tiempo-del-Super.jpg","width":1440,"height":864,"caption":"Kendrick Lamar encabezar\u00e1 el espect\u00e1culo de medio tiempo del Super Bowl"},{"@type":"BreadcrumbList","@id":"https:\/\/web.consaguirre.com.ar\/noticias\/kendrick-lamar-encabezara-el-espectaculo-de-medio-tiempo-del-super-bowl\/#breadcrumb","itemListElement":[{"@type":"ListItem","position":1,"name":"Inicio","item":"https:\/\/web.consaguirre.com.ar\/noticias\/"},{"@type":"ListItem","position":2,"name":"Kendrick Lamar encabezar\u00e1 el espect\u00e1culo de medio tiempo del Super Bowl"}]},{"@type":"WebSite","@id":"https:\/\/web.consaguirre.com.ar\/noticias\/#website","url":"https:\/\/web.consaguirre.com.ar\/noticias\/","name":"Conservatorio de M\u00fasica Juli\u00e1n Aguirre","description":"","publisher":{"@id":"https:\/\/web.consaguirre.com.ar\/noticias\/#organization"},"potentialAction":[{"@type":"SearchAction","target":{"@type":"EntryPoint","urlTemplate":"https:\/\/web.consaguirre.com.ar\/noticias\/?s={search_term_string}"},"query-input":"required name=search_term_string"}],"inLanguage":"es-AR"},{"@type":"Organization","@id":"https:\/\/web.consaguirre.com.ar\/noticias\/#organization","name":"Conservatorio de M\u00fasica Juli\u00e1n Aguirre","url":"https:\/\/web.consaguirre.com.ar\/noticias\/","logo":{"@type":"ImageObject","inLanguage":"es-AR","@id":"https:\/\/web.consaguirre.com.ar\/noticias\/#\/schema\/logo\/image\/","url":"https:\/\/web.consaguirre.com.ar\/noticias\/wp-content\/uploads\/2024\/08\/Banner-Aguirre-23.jpg","contentUrl":"https:\/\/web.consaguirre.com.ar\/noticias\/wp-content\/uploads\/2024\/08\/Banner-Aguirre-23.jpg","width":1192,"height":600,"caption":"Conservatorio de M\u00fasica Juli\u00e1n Aguirre"},"image":{"@id":"https:\/\/web.consaguirre.com.ar\/noticias\/#\/schema\/logo\/image\/"}},{"@type":"Person","@id":"https:\/\/web.consaguirre.com.ar\/noticias\/#\/schema\/person\/6558b0cfedee7ddc5425602b237d5722","name":"Javier Figueroa","image":{"@type":"ImageObject","inLanguage":"es-AR","@id":"https:\/\/web.consaguirre.com.ar\/noticias\/#\/schema\/person\/image\/","url":"https:\/\/web.consaguirre.com.ar\/noticias\/wp-content\/uploads\/2024\/08\/Consaguirre-scaled.jpg","contentUrl":"https:\/\/web.consaguirre.com.ar\/noticias\/wp-content\/uploads\/2024\/08\/Consaguirre-scaled.jpg","caption":"Javier Figueroa"},"description":"Me llamo Javier Figueroa y soy redactor para el sitio oficial del Conservatorio de M\u00fasica Juli\u00e1n Aguirre en Buenos Aires, consaguirre.com. Apasionado por la m\u00fasica y la escritura, me esfuerzo por destacar los talentos y eventos de nuestra prestigiosa instituci\u00f3n. Mi trayectoria se nutre de una profunda admiraci\u00f3n por los artistas, haciendo de cada art\u00edculo una celebraci\u00f3n de la creatividad y la cultura musical.","sameAs":["https:\/\/web.consaguirre.com.ar\/noticias"]}]}},"_links":{"self":[{"href":"https:\/\/web.consaguirre.com.ar\/noticias\/wp-json\/wp\/v2\/posts\/538"}],"collection":[{"href":"https:\/\/web.consaguirre.com.ar\/noticias\/wp-json\/wp\/v2\/posts"}],"about":[{"href":"https:\/\/web.consaguirre.com.ar\/noticias\/wp-json\/wp\/v2\/types\/post"}],"author":[{"embeddable":true,"href":"https:\/\/web.consaguirre.com.ar\/noticias\/wp-json\/wp\/v2\/users\/1"}],"replies":[{"embeddable":true,"href":"https:\/\/web.consaguirre.com.ar\/noticias\/wp-json\/wp\/v2\/comments?post=538"}],"version-history":[{"count":1,"href":"https:\/\/web.consaguirre.com.ar\/noticias\/wp-json\/wp\/v2\/posts\/538\/revisions"}],"predecessor-version":[{"id":540,"href":"https:\/\/web.consaguirre.com.ar\/noticias\/wp-json\/wp\/v2\/posts\/538\/revisions\/540"}],"wp:featuredmedia":[{"embeddable":true,"href":"https:\/\/web.consaguirre.com.ar\/noticias\/wp-json\/wp\/v2\/media\/539"}],"wp:attachment":[{"href":"https:\/\/web.consaguirre.com.ar\/noticias\/wp-json\/wp\/v2\/media?parent=538"}],"wp:term":[{"taxonomy":"category","embeddable":true,"href":"https:\/\/web.consaguirre.com.ar\/noticias\/wp-json\/wp\/v2\/categories?post=538"},{"taxonomy":"post_tag","embeddable":true,"href":"https:\/\/web.consaguirre.com.ar\/noticias\/wp-json\/wp\/v2\/tags?post=538"}],"curies":[{"name":"wp","href":"https:\/\/api.w.org\/{rel}","templated":true}]}}