{"id":5377,"date":"2026-03-17T05:43:55","date_gmt":"2026-03-17T08:43:55","guid":{"rendered":"https:\/\/web.consaguirre.com.ar\/noticias\/blue-note-records-reedita-en-vinilo-the-cat-walk-de-donald-byrd\/"},"modified":"2026-03-17T05:43:56","modified_gmt":"2026-03-17T08:43:56","slug":"blue-note-records-reedita-en-vinilo-the-cat-walk-de-donald-byrd","status":"publish","type":"post","link":"https:\/\/web.consaguirre.com.ar\/noticias\/blue-note-records-reedita-en-vinilo-the-cat-walk-de-donald-byrd\/","title":{"rendered":"Blue Note Records reedita en vinilo &#8216;The Cat Walk&#8217; de Donald Byrd"},"content":{"rendered":"<p>Los primeros a\u00f1os de la d\u00e9cada de 1960 fueron una \u00e9poca prol\u00edfica para Donald Byrd y Blue Note Records, y entre las muchas grabaciones de esa \u00e9poca, Blue Note est\u00e1 reeditando 1961. <em>El paseo del gato<\/em> en vinilo. El disco se lanzar\u00e1 el 15 de mayo.<\/p>\n<p><em>El paseo del gato<\/em> se reedita como parte de la serie Classic Vinyl de Blue Note, que lleva a\u00f1os explorando el extenso cat\u00e1logo del sello. Al igual que con los otros discos de la serie, esta edici\u00f3n est\u00e9reo y totalmente anal\u00f3gica de <em>El paseo del gato<\/em> Ha sido masterizado por Kevin Gray a partir de las cintas maestras originales y prensado en vinilo de 180 g en Optimal.<\/p>\n<div align='center'>\n<div class=\"udiscover-store-container\">\n<div id='udiscover-store-one-product'><\/div>\n<\/div>\n<p>\/*<!(CDATA(*\/(function (){var scriptURL='https:\/\/sdks.shopifycdn.com\/buy-button\/latest\/buy-button-storefront.min.js';if(window.ShopifyBuy){if(window.ShopifyBuy.UI){ShopifyBuyInit();}else{loadScript();}}else{loadScript();}funci\u00f3n loadScript(){var script=document.createElement('script');script.async=true;script.src=scriptURL;(document.getElementsByTagName('head')(0)|| document.getElementsByTagName('body')(0)).appendChild(script);script.onload=ShopifyBuyInit;} function ShopifyBuyInit(){var cliente=ShopifyBuy.buildClient({dominio:'udiscover.myshopify.com',storefrontAccessToken: 'bdc89f347d2ce61c1feeb9f8c60b2b98',}); ShopifyBuy.UI.onReady(cliente).luego(funci\u00f3n(ui){ ui.createComponent('producto',{ id:(7736354766925), nodo:document.getElementById('udiscover-store-one-product'), moneyFormat:'%24%7B%7Bamount%7D%7D', opciones:{'product':{'iframe':false,'buttonDestination':'modal','contents':{'options':true},'text':{'button':'ORDEN AHORA','outOfStock':'Lo sentimos, esto est\u00e1 agotado stock'}},'productSet':{'iframe':false},'modalProduct':{'iframe':false,'contents':{'img':false,'imgWithCarousel':true,'button':false,'buttonWithQuantity':true} },'modal':{'iframe':false},'option':{'iframe':false},'cart':{'iframe':false},'toggle':{'iframe':false,'contents':{'icon':false}},'lineItem':{'iframe':false}}, }); }); <\/div>\n<\/p>\n<p>El cl\u00e1sico hard bop de Byrd fue grabado con su quinteto, con Pepper Adams al saxo bar\u00edtono, Duke Pearson al piano, Laymon Jackson al bajo y Philly Joe Jones a la bater\u00eda. Las seis pistas del disco son composiciones originales de Byrd y Pearson. El lado A incluye &#8220;Say You&#8217;re Mine&#8221;, &#8220;Duke&#8217;s Mixture&#8221; y &#8220;Cada vez que pienso en ti&#8221;. La cara B incluye la canci\u00f3n principal \u201cThe Cat Walk\u201d, \u201cCute\u201d y el cierre del \u00e1lbum \u201cHello Bright Girasol\u201d.<\/p>\n<p>En 1958, Byrd firm\u00f3 un contrato de grabaci\u00f3n exclusivo con Blue Note. Este fue el mismo a\u00f1o en que form\u00f3 una banda con Adams, quien seguir\u00eda siendo el socio habitual de Byrd hasta 1961. El debut de Byrd en Blue Note fue en 1958. <em>A las carreras<\/em>que inici\u00f3 numerosas colaboraciones con Adams durante los siguientes tres a\u00f1os. Estos incluyen <em>Byrd en mano<\/em> (1959), <em>En el Half Note Caf\u00e9, vols. 1-2<\/em> (1960), <em>El paseo del gato<\/em> (1961), y <em>Escalera Real<\/em> (1961), entre otros. Otra grabaci\u00f3n de 1961, <em>Formulario libre<\/em>vio a Byrd dando al joven Herbie Hancock algunas de sus primeras exposiciones.<\/p>\n<p>Tras este estallido de actividad, Byrd se tom\u00f3 un a\u00f1o sab\u00e1tico para continuar sus estudios en Europa, donde pas\u00f3 alg\u00fan tiempo bajo la tutela de la legendaria educadora musical francesa Nadia Boulanger.<\/p>\n<p><b>Compre ahora la serie de vinilos Blue Note Classic.<\/b><\/p>\n","protected":false},"excerpt":{"rendered":"<p>Los primeros a\u00f1os de la d\u00e9cada de 1960 fueron una \u00e9poca prol\u00edfica para Donald Byrd y Blue Note Records, y entre las muchas grabaciones de<\/p>\n","protected":false},"author":1,"featured_media":5378,"comment_status":"closed","ping_status":"","sticky":false,"template":"","format":"standard","meta":{"footnotes":""},"categories":[50],"tags":[498,2571,1178,2570,1238,256,95,87,856],"class_list":["post-5377","post","type-post","status-publish","format-standard","has-post-thumbnail","hentry","category-el-ultimo","tag-blue","tag-byrd","tag-cat","tag-donald","tag-note","tag-records","tag-reedita","tag-vinilo","tag-walk","generate-columns","tablet-grid-50","mobile-grid-100","grid-parent","grid-50"],"yoast_head":"<!-- This site is optimized with the Yoast SEO plugin v23.3 - https:\/\/yoast.com\/wordpress\/plugins\/seo\/ -->\n<title>Blue Note Records reedita en vinilo &#039;The Cat Walk&#039; de Donald Byrd<\/title>\n<meta name=\"robots\" content=\"index, follow, max-snippet:-1, max-image-preview:large, max-video-preview:-1\" \/>\n<link rel=\"canonical\" href=\"https:\/\/web.consaguirre.com.ar\/noticias\/blue-note-records-reedita-en-vinilo-the-cat-walk-de-donald-byrd\/\" \/>\n<meta property=\"og:locale\" content=\"es_ES\" \/>\n<meta property=\"og:type\" content=\"article\" \/>\n<meta property=\"og:title\" content=\"Blue Note Records reedita en vinilo &#039;The Cat Walk&#039; de Donald Byrd\" \/>\n<meta property=\"og:description\" content=\"Los primeros a\u00f1os de la d\u00e9cada de 1960 fueron una \u00e9poca prol\u00edfica para Donald Byrd y Blue Note Records, y entre las muchas grabaciones de\" \/>\n<meta property=\"og:url\" content=\"https:\/\/web.consaguirre.com.ar\/noticias\/blue-note-records-reedita-en-vinilo-the-cat-walk-de-donald-byrd\/\" \/>\n<meta property=\"og:site_name\" content=\"Conservatorio de M\u00fasica Juli\u00e1n Aguirre\" \/>\n<meta property=\"article:published_time\" content=\"2026-03-17T08:43:55+00:00\" \/>\n<meta property=\"article:modified_time\" content=\"2026-03-17T08:43:56+00:00\" \/>\n<meta property=\"og:image\" content=\"https:\/\/web.consaguirre.com.ar\/noticias\/wp-content\/uploads\/2026\/03\/Blue-Note-Records-reedita-en-vinilo-The-Cat-Walk-de.jpg\" \/>\n\t<meta property=\"og:image:width\" content=\"1000\" \/>\n\t<meta property=\"og:image:height\" content=\"600\" \/>\n\t<meta property=\"og:image:type\" content=\"image\/jpeg\" \/>\n<meta name=\"author\" content=\"Javier Figueroa\" \/>\n<meta name=\"twitter:card\" content=\"summary_large_image\" \/>\n<meta name=\"twitter:label1\" content=\"Escrito por\" \/>\n\t<meta name=\"twitter:data1\" content=\"Javier Figueroa\" \/>\n\t<meta name=\"twitter:label2\" content=\"Tiempo de lectura\" \/>\n\t<meta name=\"twitter:data2\" content=\"2 minutos\" \/>\n<script type=\"application\/ld+json\" class=\"yoast-schema-graph\">{\"@context\":\"https:\/\/schema.org\",\"@graph\":[{\"@type\":\"Article\",\"@id\":\"https:\/\/web.consaguirre.com.ar\/noticias\/blue-note-records-reedita-en-vinilo-the-cat-walk-de-donald-byrd\/#article\",\"isPartOf\":{\"@id\":\"https:\/\/web.consaguirre.com.ar\/noticias\/blue-note-records-reedita-en-vinilo-the-cat-walk-de-donald-byrd\/\"},\"author\":{\"name\":\"Javier Figueroa\",\"@id\":\"https:\/\/web.consaguirre.com.ar\/noticias\/#\/schema\/person\/6558b0cfedee7ddc5425602b237d5722\"},\"headline\":\"Blue Note Records reedita en vinilo &#8216;The Cat Walk&#8217; de Donald Byrd\",\"datePublished\":\"2026-03-17T08:43:55+00:00\",\"dateModified\":\"2026-03-17T08:43:56+00:00\",\"mainEntityOfPage\":{\"@id\":\"https:\/\/web.consaguirre.com.ar\/noticias\/blue-note-records-reedita-en-vinilo-the-cat-walk-de-donald-byrd\/\"},\"wordCount\":356,\"publisher\":{\"@id\":\"https:\/\/web.consaguirre.com.ar\/noticias\/#organization\"},\"image\":{\"@id\":\"https:\/\/web.consaguirre.com.ar\/noticias\/blue-note-records-reedita-en-vinilo-the-cat-walk-de-donald-byrd\/#primaryimage\"},\"thumbnailUrl\":\"https:\/\/web.consaguirre.com.ar\/noticias\/wp-content\/uploads\/2026\/03\/Blue-Note-Records-reedita-en-vinilo-The-Cat-Walk-de.jpg\",\"keywords\":[\"Blue\",\"Byrd\",\"Cat\",\"Donald\",\"Note\",\"Records\",\"reedita\",\"vinilo\",\"Walk\"],\"articleSection\":[\"El \u00faltimo\"],\"inLanguage\":\"es-AR\"},{\"@type\":\"WebPage\",\"@id\":\"https:\/\/web.consaguirre.com.ar\/noticias\/blue-note-records-reedita-en-vinilo-the-cat-walk-de-donald-byrd\/\",\"url\":\"https:\/\/web.consaguirre.com.ar\/noticias\/blue-note-records-reedita-en-vinilo-the-cat-walk-de-donald-byrd\/\",\"name\":\"Blue Note Records reedita en vinilo 'The Cat Walk' de Donald Byrd\",\"isPartOf\":{\"@id\":\"https:\/\/web.consaguirre.com.ar\/noticias\/#website\"},\"primaryImageOfPage\":{\"@id\":\"https:\/\/web.consaguirre.com.ar\/noticias\/blue-note-records-reedita-en-vinilo-the-cat-walk-de-donald-byrd\/#primaryimage\"},\"image\":{\"@id\":\"https:\/\/web.consaguirre.com.ar\/noticias\/blue-note-records-reedita-en-vinilo-the-cat-walk-de-donald-byrd\/#primaryimage\"},\"thumbnailUrl\":\"https:\/\/web.consaguirre.com.ar\/noticias\/wp-content\/uploads\/2026\/03\/Blue-Note-Records-reedita-en-vinilo-The-Cat-Walk-de.jpg\",\"datePublished\":\"2026-03-17T08:43:55+00:00\",\"dateModified\":\"2026-03-17T08:43:56+00:00\",\"breadcrumb\":{\"@id\":\"https:\/\/web.consaguirre.com.ar\/noticias\/blue-note-records-reedita-en-vinilo-the-cat-walk-de-donald-byrd\/#breadcrumb\"},\"inLanguage\":\"es-AR\",\"potentialAction\":[{\"@type\":\"ReadAction\",\"target\":[\"https:\/\/web.consaguirre.com.ar\/noticias\/blue-note-records-reedita-en-vinilo-the-cat-walk-de-donald-byrd\/\"]}]},{\"@type\":\"ImageObject\",\"inLanguage\":\"es-AR\",\"@id\":\"https:\/\/web.consaguirre.com.ar\/noticias\/blue-note-records-reedita-en-vinilo-the-cat-walk-de-donald-byrd\/#primaryimage\",\"url\":\"https:\/\/web.consaguirre.com.ar\/noticias\/wp-content\/uploads\/2026\/03\/Blue-Note-Records-reedita-en-vinilo-The-Cat-Walk-de.jpg\",\"contentUrl\":\"https:\/\/web.consaguirre.com.ar\/noticias\/wp-content\/uploads\/2026\/03\/Blue-Note-Records-reedita-en-vinilo-The-Cat-Walk-de.jpg\",\"width\":1000,\"height\":600,\"caption\":\"Donald Byrd The Cat Walk cover Blue Note Classic Vinyl Series\"},{\"@type\":\"BreadcrumbList\",\"@id\":\"https:\/\/web.consaguirre.com.ar\/noticias\/blue-note-records-reedita-en-vinilo-the-cat-walk-de-donald-byrd\/#breadcrumb\",\"itemListElement\":[{\"@type\":\"ListItem\",\"position\":1,\"name\":\"Inicio\",\"item\":\"https:\/\/web.consaguirre.com.ar\/noticias\/\"},{\"@type\":\"ListItem\",\"position\":2,\"name\":\"Blue Note Records reedita en vinilo &#8216;The Cat Walk&#8217; de Donald Byrd\"}]},{\"@type\":\"WebSite\",\"@id\":\"https:\/\/web.consaguirre.com.ar\/noticias\/#website\",\"url\":\"https:\/\/web.consaguirre.com.ar\/noticias\/\",\"name\":\"Conservatorio de M\u00fasica Juli\u00e1n Aguirre\",\"description\":\"\",\"publisher\":{\"@id\":\"https:\/\/web.consaguirre.com.ar\/noticias\/#organization\"},\"potentialAction\":[{\"@type\":\"SearchAction\",\"target\":{\"@type\":\"EntryPoint\",\"urlTemplate\":\"https:\/\/web.consaguirre.com.ar\/noticias\/?s={search_term_string}\"},\"query-input\":\"required name=search_term_string\"}],\"inLanguage\":\"es-AR\"},{\"@type\":\"Organization\",\"@id\":\"https:\/\/web.consaguirre.com.ar\/noticias\/#organization\",\"name\":\"Conservatorio de M\u00fasica Juli\u00e1n Aguirre\",\"url\":\"https:\/\/web.consaguirre.com.ar\/noticias\/\",\"logo\":{\"@type\":\"ImageObject\",\"inLanguage\":\"es-AR\",\"@id\":\"https:\/\/web.consaguirre.com.ar\/noticias\/#\/schema\/logo\/image\/\",\"url\":\"https:\/\/web.consaguirre.com.ar\/noticias\/wp-content\/uploads\/2024\/08\/Banner-Aguirre-23.jpg\",\"contentUrl\":\"https:\/\/web.consaguirre.com.ar\/noticias\/wp-content\/uploads\/2024\/08\/Banner-Aguirre-23.jpg\",\"width\":1192,\"height\":600,\"caption\":\"Conservatorio de M\u00fasica Juli\u00e1n Aguirre\"},\"image\":{\"@id\":\"https:\/\/web.consaguirre.com.ar\/noticias\/#\/schema\/logo\/image\/\"}},{\"@type\":\"Person\",\"@id\":\"https:\/\/web.consaguirre.com.ar\/noticias\/#\/schema\/person\/6558b0cfedee7ddc5425602b237d5722\",\"name\":\"Javier Figueroa\",\"image\":{\"@type\":\"ImageObject\",\"inLanguage\":\"es-AR\",\"@id\":\"https:\/\/web.consaguirre.com.ar\/noticias\/#\/schema\/person\/image\/\",\"url\":\"https:\/\/web.consaguirre.com.ar\/noticias\/wp-content\/uploads\/2024\/08\/Consaguirre-scaled.jpg\",\"contentUrl\":\"https:\/\/web.consaguirre.com.ar\/noticias\/wp-content\/uploads\/2024\/08\/Consaguirre-scaled.jpg\",\"caption\":\"Javier Figueroa\"},\"description\":\"Me llamo Javier Figueroa y soy redactor para el sitio oficial del Conservatorio de M\u00fasica Juli\u00e1n Aguirre en Buenos Aires, consaguirre.com. Apasionado por la m\u00fasica y la escritura, me esfuerzo por destacar los talentos y eventos de nuestra prestigiosa instituci\u00f3n. Mi trayectoria se nutre de una profunda admiraci\u00f3n por los artistas, haciendo de cada art\u00edculo una celebraci\u00f3n de la creatividad y la cultura musical.\",\"sameAs\":[\"https:\/\/web.consaguirre.com.ar\/noticias\"]}]}<\/script>\n<!-- \/ Yoast SEO plugin. -->","yoast_head_json":{"title":"Blue Note Records reedita en vinilo 'The Cat Walk' de Donald Byrd","robots":{"index":"index","follow":"follow","max-snippet":"max-snippet:-1","max-image-preview":"max-image-preview:large","max-video-preview":"max-video-preview:-1"},"canonical":"https:\/\/web.consaguirre.com.ar\/noticias\/blue-note-records-reedita-en-vinilo-the-cat-walk-de-donald-byrd\/","og_locale":"es_ES","og_type":"article","og_title":"Blue Note Records reedita en vinilo 'The Cat Walk' de Donald Byrd","og_description":"Los primeros a\u00f1os de la d\u00e9cada de 1960 fueron una \u00e9poca prol\u00edfica para Donald Byrd y Blue Note Records, y entre las muchas grabaciones de","og_url":"https:\/\/web.consaguirre.com.ar\/noticias\/blue-note-records-reedita-en-vinilo-the-cat-walk-de-donald-byrd\/","og_site_name":"Conservatorio de M\u00fasica Juli\u00e1n Aguirre","article_published_time":"2026-03-17T08:43:55+00:00","article_modified_time":"2026-03-17T08:43:56+00:00","og_image":[{"width":1000,"height":600,"url":"https:\/\/web.consaguirre.com.ar\/noticias\/wp-content\/uploads\/2026\/03\/Blue-Note-Records-reedita-en-vinilo-The-Cat-Walk-de.jpg","type":"image\/jpeg"}],"author":"Javier Figueroa","twitter_card":"summary_large_image","twitter_misc":{"Escrito por":"Javier Figueroa","Tiempo de lectura":"2 minutos"},"schema":{"@context":"https:\/\/schema.org","@graph":[{"@type":"Article","@id":"https:\/\/web.consaguirre.com.ar\/noticias\/blue-note-records-reedita-en-vinilo-the-cat-walk-de-donald-byrd\/#article","isPartOf":{"@id":"https:\/\/web.consaguirre.com.ar\/noticias\/blue-note-records-reedita-en-vinilo-the-cat-walk-de-donald-byrd\/"},"author":{"name":"Javier Figueroa","@id":"https:\/\/web.consaguirre.com.ar\/noticias\/#\/schema\/person\/6558b0cfedee7ddc5425602b237d5722"},"headline":"Blue Note Records reedita en vinilo &#8216;The Cat Walk&#8217; de Donald Byrd","datePublished":"2026-03-17T08:43:55+00:00","dateModified":"2026-03-17T08:43:56+00:00","mainEntityOfPage":{"@id":"https:\/\/web.consaguirre.com.ar\/noticias\/blue-note-records-reedita-en-vinilo-the-cat-walk-de-donald-byrd\/"},"wordCount":356,"publisher":{"@id":"https:\/\/web.consaguirre.com.ar\/noticias\/#organization"},"image":{"@id":"https:\/\/web.consaguirre.com.ar\/noticias\/blue-note-records-reedita-en-vinilo-the-cat-walk-de-donald-byrd\/#primaryimage"},"thumbnailUrl":"https:\/\/web.consaguirre.com.ar\/noticias\/wp-content\/uploads\/2026\/03\/Blue-Note-Records-reedita-en-vinilo-The-Cat-Walk-de.jpg","keywords":["Blue","Byrd","Cat","Donald","Note","Records","reedita","vinilo","Walk"],"articleSection":["El \u00faltimo"],"inLanguage":"es-AR"},{"@type":"WebPage","@id":"https:\/\/web.consaguirre.com.ar\/noticias\/blue-note-records-reedita-en-vinilo-the-cat-walk-de-donald-byrd\/","url":"https:\/\/web.consaguirre.com.ar\/noticias\/blue-note-records-reedita-en-vinilo-the-cat-walk-de-donald-byrd\/","name":"Blue Note Records reedita en vinilo 'The Cat Walk' de Donald Byrd","isPartOf":{"@id":"https:\/\/web.consaguirre.com.ar\/noticias\/#website"},"primaryImageOfPage":{"@id":"https:\/\/web.consaguirre.com.ar\/noticias\/blue-note-records-reedita-en-vinilo-the-cat-walk-de-donald-byrd\/#primaryimage"},"image":{"@id":"https:\/\/web.consaguirre.com.ar\/noticias\/blue-note-records-reedita-en-vinilo-the-cat-walk-de-donald-byrd\/#primaryimage"},"thumbnailUrl":"https:\/\/web.consaguirre.com.ar\/noticias\/wp-content\/uploads\/2026\/03\/Blue-Note-Records-reedita-en-vinilo-The-Cat-Walk-de.jpg","datePublished":"2026-03-17T08:43:55+00:00","dateModified":"2026-03-17T08:43:56+00:00","breadcrumb":{"@id":"https:\/\/web.consaguirre.com.ar\/noticias\/blue-note-records-reedita-en-vinilo-the-cat-walk-de-donald-byrd\/#breadcrumb"},"inLanguage":"es-AR","potentialAction":[{"@type":"ReadAction","target":["https:\/\/web.consaguirre.com.ar\/noticias\/blue-note-records-reedita-en-vinilo-the-cat-walk-de-donald-byrd\/"]}]},{"@type":"ImageObject","inLanguage":"es-AR","@id":"https:\/\/web.consaguirre.com.ar\/noticias\/blue-note-records-reedita-en-vinilo-the-cat-walk-de-donald-byrd\/#primaryimage","url":"https:\/\/web.consaguirre.com.ar\/noticias\/wp-content\/uploads\/2026\/03\/Blue-Note-Records-reedita-en-vinilo-The-Cat-Walk-de.jpg","contentUrl":"https:\/\/web.consaguirre.com.ar\/noticias\/wp-content\/uploads\/2026\/03\/Blue-Note-Records-reedita-en-vinilo-The-Cat-Walk-de.jpg","width":1000,"height":600,"caption":"Donald Byrd The Cat Walk cover Blue Note Classic Vinyl Series"},{"@type":"BreadcrumbList","@id":"https:\/\/web.consaguirre.com.ar\/noticias\/blue-note-records-reedita-en-vinilo-the-cat-walk-de-donald-byrd\/#breadcrumb","itemListElement":[{"@type":"ListItem","position":1,"name":"Inicio","item":"https:\/\/web.consaguirre.com.ar\/noticias\/"},{"@type":"ListItem","position":2,"name":"Blue Note Records reedita en vinilo &#8216;The Cat Walk&#8217; de Donald Byrd"}]},{"@type":"WebSite","@id":"https:\/\/web.consaguirre.com.ar\/noticias\/#website","url":"https:\/\/web.consaguirre.com.ar\/noticias\/","name":"Conservatorio de M\u00fasica Juli\u00e1n Aguirre","description":"","publisher":{"@id":"https:\/\/web.consaguirre.com.ar\/noticias\/#organization"},"potentialAction":[{"@type":"SearchAction","target":{"@type":"EntryPoint","urlTemplate":"https:\/\/web.consaguirre.com.ar\/noticias\/?s={search_term_string}"},"query-input":"required name=search_term_string"}],"inLanguage":"es-AR"},{"@type":"Organization","@id":"https:\/\/web.consaguirre.com.ar\/noticias\/#organization","name":"Conservatorio de M\u00fasica Juli\u00e1n Aguirre","url":"https:\/\/web.consaguirre.com.ar\/noticias\/","logo":{"@type":"ImageObject","inLanguage":"es-AR","@id":"https:\/\/web.consaguirre.com.ar\/noticias\/#\/schema\/logo\/image\/","url":"https:\/\/web.consaguirre.com.ar\/noticias\/wp-content\/uploads\/2024\/08\/Banner-Aguirre-23.jpg","contentUrl":"https:\/\/web.consaguirre.com.ar\/noticias\/wp-content\/uploads\/2024\/08\/Banner-Aguirre-23.jpg","width":1192,"height":600,"caption":"Conservatorio de M\u00fasica Juli\u00e1n Aguirre"},"image":{"@id":"https:\/\/web.consaguirre.com.ar\/noticias\/#\/schema\/logo\/image\/"}},{"@type":"Person","@id":"https:\/\/web.consaguirre.com.ar\/noticias\/#\/schema\/person\/6558b0cfedee7ddc5425602b237d5722","name":"Javier Figueroa","image":{"@type":"ImageObject","inLanguage":"es-AR","@id":"https:\/\/web.consaguirre.com.ar\/noticias\/#\/schema\/person\/image\/","url":"https:\/\/web.consaguirre.com.ar\/noticias\/wp-content\/uploads\/2024\/08\/Consaguirre-scaled.jpg","contentUrl":"https:\/\/web.consaguirre.com.ar\/noticias\/wp-content\/uploads\/2024\/08\/Consaguirre-scaled.jpg","caption":"Javier Figueroa"},"description":"Me llamo Javier Figueroa y soy redactor para el sitio oficial del Conservatorio de M\u00fasica Juli\u00e1n Aguirre en Buenos Aires, consaguirre.com. Apasionado por la m\u00fasica y la escritura, me esfuerzo por destacar los talentos y eventos de nuestra prestigiosa instituci\u00f3n. Mi trayectoria se nutre de una profunda admiraci\u00f3n por los artistas, haciendo de cada art\u00edculo una celebraci\u00f3n de la creatividad y la cultura musical.","sameAs":["https:\/\/web.consaguirre.com.ar\/noticias"]}]}},"_links":{"self":[{"href":"https:\/\/web.consaguirre.com.ar\/noticias\/wp-json\/wp\/v2\/posts\/5377"}],"collection":[{"href":"https:\/\/web.consaguirre.com.ar\/noticias\/wp-json\/wp\/v2\/posts"}],"about":[{"href":"https:\/\/web.consaguirre.com.ar\/noticias\/wp-json\/wp\/v2\/types\/post"}],"author":[{"embeddable":true,"href":"https:\/\/web.consaguirre.com.ar\/noticias\/wp-json\/wp\/v2\/users\/1"}],"replies":[{"embeddable":true,"href":"https:\/\/web.consaguirre.com.ar\/noticias\/wp-json\/wp\/v2\/comments?post=5377"}],"version-history":[{"count":1,"href":"https:\/\/web.consaguirre.com.ar\/noticias\/wp-json\/wp\/v2\/posts\/5377\/revisions"}],"predecessor-version":[{"id":5379,"href":"https:\/\/web.consaguirre.com.ar\/noticias\/wp-json\/wp\/v2\/posts\/5377\/revisions\/5379"}],"wp:featuredmedia":[{"embeddable":true,"href":"https:\/\/web.consaguirre.com.ar\/noticias\/wp-json\/wp\/v2\/media\/5378"}],"wp:attachment":[{"href":"https:\/\/web.consaguirre.com.ar\/noticias\/wp-json\/wp\/v2\/media?parent=5377"}],"wp:term":[{"taxonomy":"category","embeddable":true,"href":"https:\/\/web.consaguirre.com.ar\/noticias\/wp-json\/wp\/v2\/categories?post=5377"},{"taxonomy":"post_tag","embeddable":true,"href":"https:\/\/web.consaguirre.com.ar\/noticias\/wp-json\/wp\/v2\/tags?post=5377"}],"curies":[{"name":"wp","href":"https:\/\/api.w.org\/{rel}","templated":true}]}}