{"id":5372,"date":"2026-03-16T23:38:47","date_gmt":"2026-03-17T02:38:47","guid":{"rendered":"https:\/\/web.consaguirre.com.ar\/noticias\/needtobreathe-anuncia-la-gira-long-surrender\/"},"modified":"2026-03-16T23:38:47","modified_gmt":"2026-03-17T02:38:47","slug":"needtobreathe-anuncia-la-gira-long-surrender","status":"publish","type":"post","link":"https:\/\/web.consaguirre.com.ar\/noticias\/needtobreathe-anuncia-la-gira-long-surrender\/","title":{"rendered":"NEEDTOBREATHE anuncia la gira Long Surrender"},"content":{"rendered":"<p>NEEDTOBREATHE ha anunciado la primera etapa de su gira principal The Long Surrender Tour. La carrera de 25 fechas comienza el 12 de agosto en el Saint Louis Music Park en Maryland Heights, MO, y se dirigir\u00e1 a anfiteatros de todo el pa\u00eds. Los espect\u00e1culos finalizar\u00e1n el 20 de septiembre en el Bon Secours Wellness Arena en Greenville, Carolina del Sur.<\/p>\n<p>La banda estar\u00e1 acompa\u00f1ada por viejos amigos y colaboradores, el d\u00fao de indie-folk formado por marido y mujer, Drew &#038; Ellie Holcomb. En los pr\u00f3ximos meses se anunciar\u00e1n fechas adicionales de la gira.<\/p>\n<div align=\"center\">\n<div class=\"udiscover-store-container\">\n<div id='udiscover-store-two-product'><\/div>\n<\/div>\n<p>\/*<!(CDATA(*\/(function (){var scriptURL='https:\/\/sdks.shopifycdn.com\/buy-button\/latest\/buy-button-storefront.min.js';if(window.ShopifyBuy){if(window.ShopifyBuy.UI){ShopifyBuyInit();}else{loadScript();}}else{loadScript();}funci\u00f3n loadScript(){var script=document.createElement('script');script.async=true;script.src=scriptURL;(document.getElementsByTagName('head')(0)|| document.getElementsByTagName('body')(0)).appendChild(script);script.onload=ShopifyBuyInit;} function ShopifyBuyInit(){var cliente=ShopifyBuy.buildClient({dominio:'udiscover.myshopify.com',storefrontAccessToken: 'bdc89f347d2ce61c1feeb9f8c60b2b98',}); ShopifyBuy.UI.onReady(cliente).luego(funci\u00f3n(ui){ ui.createComponent('productSet',{ id:(7697963778125,7697963810893), nodo:document.getElementById('udiscover-store-two-product'), moneyFormat:'%24%7B%7Bamount%7D%7D', opciones:{&quot;producto&quot;:{&quot;marco flotante&quot;:FALSO,&quot;bot\u00f3nDestino&quot;:&quot;modal&quot;,&quot;contenido&quot;:{&quot;opciones&quot;:verdadero},&quot;texto&quot;:{&quot;bot\u00f3n&quot;:&quot;PEDIR AHORA&quot;,&quot;Agotado&quot;:&quot;Lo sentimos, esto est\u00e1 agotado.&quot;}},&quot;conjunto de productos&quot;:{&quot;marco flotante&quot;:FALSO},&quot;modalProducto&quot;:{&quot;marco flotante&quot;:FALSO,&quot;contenido&quot;:{&quot;imagen&quot;:FALSO,&quot;imgConCarrusel&quot;:verdadero,&quot;bot\u00f3n&quot;:FALSO,&quot;bot\u00f3nConCantidad&quot;:verdadero}},&quot;modal&quot;:{&quot;marco flotante&quot;:FALSO},&quot;opci\u00f3n&quot;:{&quot;marco flotante&quot;:FALSO},&quot;carro&quot;:{&quot;marco flotante&quot;:FALSO},&quot;palanca&quot;:{&quot;marco flotante&quot;:FALSO,&quot;contenido&quot;:{&quot;icono&quot;:FALSO}},&quot;art\u00edculo de l\u00ednea&quot;:{&quot;marco flotante&quot;:FALSO}}, }); }); } })(); \/*))>*\/ <\/div>\n<\/p>\n<p>El Insiders Fanclub de NEEDTOBREATHE tendr\u00e1 acceso a la preventa el lunes 16 de marzo a las 12:00 p. m. ET, la preventa de artistas comienza el martes 17 de marzo a las 10:00 a. m. hora local, la preventa local comienza el mi\u00e9rcoles 18 de marzo a las 10:00 a. m. hora local y la preventa de Spotify comienza el jueves 19 de marzo a las 10:00 a. m. hora local. Todas las preventas se cerrar\u00e1n a las 11:59 p. m. hora local el jueves 19 de marzo y los boletos estar\u00e1n disponibles al p\u00fablico el 20 de marzo a las 10:00 a. m. hora local.<\/p>\n<div class=\"uD-YT-container\"><img decoding=\"async\" src=\"https:\/\/web.consaguirre.com.ar\/noticias\/wp-content\/uploads\/2026\/02\/1771663102_828_NEEDTOBREATHE-anuncia-su-decimo-album-de-estudio-The-Long-Surrender.jpg\" alt=\"V\u00eddeo de YouTube\"><br \/>Haga clic para cargar v\u00eddeo<\/div>\n<p>NEEDTOBREATHE lanzar\u00e1 un nuevo \u00e1lbum, titulado <em>La larga rendici\u00f3n<\/em>el 27 de marzo v\u00eda MCA. El d\u00e9cimo \u00e1lbum de estudio de la banda nominada al Grammy fue producido por David Cobb y grabado el a\u00f1o pasado en su estudio en Savannah, GA.<\/p>\n<p>&#8220;Al principio, ni siquiera pens\u00e9 que estaba escribiendo para un disco; simplemente estaba escribiendo de una manera terap\u00e9utica, tratando de entender c\u00f3mo quer\u00eda que fuera mi vida en el futuro&#8221;, comparti\u00f3 el cantante Bear Rinehart en un comunicado de prensa. &#8220;Siempre ha habido cautela en cuanto a lo personal que soy en las canciones, o cu\u00e1n abiertamente expreso ciertas cosas, pero esta vez estaba escribiendo todo a medida que lo iba repasando. Sent\u00ed como si las canciones vinieran de un lugar diferente, y el lugar donde terminamos casi se siente como una banda completamente nueva&#8221;.<\/p>\n<p><b>Escuche la canci\u00f3n principal de NNEDTOBREATHE desde <em>La larga rendici\u00f3n<\/em> aqu\u00ed.<\/b><\/p>\n","protected":false},"excerpt":{"rendered":"<p>NEEDTOBREATHE ha anunciado la primera etapa de su gira principal The Long Surrender Tour. La carrera de 25 fechas comienza el 12 de agosto en<\/p>\n","protected":false},"author":1,"featured_media":5177,"comment_status":"closed","ping_status":"","sticky":false,"template":"","format":"standard","meta":{"footnotes":""},"categories":[50],"tags":[56,492,274,3899,3900],"class_list":["post-5372","post","type-post","status-publish","format-standard","has-post-thumbnail","hentry","category-el-ultimo","tag-anuncia","tag-gira","tag-long","tag-needtobreathe","tag-surrender","generate-columns","tablet-grid-50","mobile-grid-100","grid-parent","grid-50"],"yoast_head":"<!-- This site is optimized with the Yoast SEO plugin v23.3 - https:\/\/yoast.com\/wordpress\/plugins\/seo\/ -->\n<title>NEEDTOBREATHE anuncia la gira Long Surrender<\/title>\n<meta name=\"robots\" content=\"index, follow, max-snippet:-1, max-image-preview:large, max-video-preview:-1\" \/>\n<link rel=\"canonical\" href=\"https:\/\/web.consaguirre.com.ar\/noticias\/needtobreathe-anuncia-la-gira-long-surrender\/\" \/>\n<meta property=\"og:locale\" content=\"es_ES\" \/>\n<meta property=\"og:type\" content=\"article\" \/>\n<meta property=\"og:title\" content=\"NEEDTOBREATHE anuncia la gira Long Surrender\" \/>\n<meta property=\"og:description\" content=\"NEEDTOBREATHE ha anunciado la primera etapa de su gira principal The Long Surrender Tour. La carrera de 25 fechas comienza el 12 de agosto en\" \/>\n<meta property=\"og:url\" content=\"https:\/\/web.consaguirre.com.ar\/noticias\/needtobreathe-anuncia-la-gira-long-surrender\/\" \/>\n<meta property=\"og:site_name\" content=\"Conservatorio de M\u00fasica Juli\u00e1n Aguirre\" \/>\n<meta property=\"article:published_time\" content=\"2026-03-17T02:38:47+00:00\" \/>\n<meta property=\"og:image\" content=\"https:\/\/web.consaguirre.com.ar\/noticias\/wp-content\/uploads\/2026\/02\/NEEDTOBREATHE-anuncia-su-decimo-album-de-estudio-The-Long-Surrender.jpg\" \/>\n\t<meta property=\"og:image:width\" content=\"820\" \/>\n\t<meta property=\"og:image:height\" content=\"820\" \/>\n\t<meta property=\"og:image:type\" content=\"image\/jpeg\" \/>\n<meta name=\"author\" content=\"Javier Figueroa\" \/>\n<meta name=\"twitter:card\" content=\"summary_large_image\" \/>\n<meta name=\"twitter:label1\" content=\"Escrito por\" \/>\n\t<meta name=\"twitter:data1\" content=\"Javier Figueroa\" \/>\n\t<meta name=\"twitter:label2\" content=\"Tiempo de lectura\" \/>\n\t<meta name=\"twitter:data2\" content=\"2 minutos\" \/>\n<script type=\"application\/ld+json\" class=\"yoast-schema-graph\">{\"@context\":\"https:\/\/schema.org\",\"@graph\":[{\"@type\":\"Article\",\"@id\":\"https:\/\/web.consaguirre.com.ar\/noticias\/needtobreathe-anuncia-la-gira-long-surrender\/#article\",\"isPartOf\":{\"@id\":\"https:\/\/web.consaguirre.com.ar\/noticias\/needtobreathe-anuncia-la-gira-long-surrender\/\"},\"author\":{\"name\":\"Javier Figueroa\",\"@id\":\"https:\/\/web.consaguirre.com.ar\/noticias\/#\/schema\/person\/6558b0cfedee7ddc5425602b237d5722\"},\"headline\":\"NEEDTOBREATHE anuncia la gira Long Surrender\",\"datePublished\":\"2026-03-17T02:38:47+00:00\",\"dateModified\":\"2026-03-17T02:38:47+00:00\",\"mainEntityOfPage\":{\"@id\":\"https:\/\/web.consaguirre.com.ar\/noticias\/needtobreathe-anuncia-la-gira-long-surrender\/\"},\"wordCount\":364,\"publisher\":{\"@id\":\"https:\/\/web.consaguirre.com.ar\/noticias\/#organization\"},\"image\":{\"@id\":\"https:\/\/web.consaguirre.com.ar\/noticias\/needtobreathe-anuncia-la-gira-long-surrender\/#primaryimage\"},\"thumbnailUrl\":\"https:\/\/web.consaguirre.com.ar\/noticias\/wp-content\/uploads\/2026\/02\/NEEDTOBREATHE-anuncia-su-decimo-album-de-estudio-The-Long-Surrender.jpg\",\"keywords\":[\"anuncia\",\"gira\",\"Long\",\"NEEDTOBREATHE\",\"Surrender\"],\"articleSection\":[\"El \u00faltimo\"],\"inLanguage\":\"es-AR\"},{\"@type\":\"WebPage\",\"@id\":\"https:\/\/web.consaguirre.com.ar\/noticias\/needtobreathe-anuncia-la-gira-long-surrender\/\",\"url\":\"https:\/\/web.consaguirre.com.ar\/noticias\/needtobreathe-anuncia-la-gira-long-surrender\/\",\"name\":\"NEEDTOBREATHE anuncia la gira Long Surrender\",\"isPartOf\":{\"@id\":\"https:\/\/web.consaguirre.com.ar\/noticias\/#website\"},\"primaryImageOfPage\":{\"@id\":\"https:\/\/web.consaguirre.com.ar\/noticias\/needtobreathe-anuncia-la-gira-long-surrender\/#primaryimage\"},\"image\":{\"@id\":\"https:\/\/web.consaguirre.com.ar\/noticias\/needtobreathe-anuncia-la-gira-long-surrender\/#primaryimage\"},\"thumbnailUrl\":\"https:\/\/web.consaguirre.com.ar\/noticias\/wp-content\/uploads\/2026\/02\/NEEDTOBREATHE-anuncia-su-decimo-album-de-estudio-The-Long-Surrender.jpg\",\"datePublished\":\"2026-03-17T02:38:47+00:00\",\"dateModified\":\"2026-03-17T02:38:47+00:00\",\"breadcrumb\":{\"@id\":\"https:\/\/web.consaguirre.com.ar\/noticias\/needtobreathe-anuncia-la-gira-long-surrender\/#breadcrumb\"},\"inLanguage\":\"es-AR\",\"potentialAction\":[{\"@type\":\"ReadAction\",\"target\":[\"https:\/\/web.consaguirre.com.ar\/noticias\/needtobreathe-anuncia-la-gira-long-surrender\/\"]}]},{\"@type\":\"ImageObject\",\"inLanguage\":\"es-AR\",\"@id\":\"https:\/\/web.consaguirre.com.ar\/noticias\/needtobreathe-anuncia-la-gira-long-surrender\/#primaryimage\",\"url\":\"https:\/\/web.consaguirre.com.ar\/noticias\/wp-content\/uploads\/2026\/02\/NEEDTOBREATHE-anuncia-su-decimo-album-de-estudio-The-Long-Surrender.jpg\",\"contentUrl\":\"https:\/\/web.consaguirre.com.ar\/noticias\/wp-content\/uploads\/2026\/02\/NEEDTOBREATHE-anuncia-su-decimo-album-de-estudio-The-Long-Surrender.jpg\",\"width\":820,\"height\":820,\"caption\":\"NEEDTOBREATHE The Long Surrender\"},{\"@type\":\"BreadcrumbList\",\"@id\":\"https:\/\/web.consaguirre.com.ar\/noticias\/needtobreathe-anuncia-la-gira-long-surrender\/#breadcrumb\",\"itemListElement\":[{\"@type\":\"ListItem\",\"position\":1,\"name\":\"Inicio\",\"item\":\"https:\/\/web.consaguirre.com.ar\/noticias\/\"},{\"@type\":\"ListItem\",\"position\":2,\"name\":\"NEEDTOBREATHE anuncia la gira Long Surrender\"}]},{\"@type\":\"WebSite\",\"@id\":\"https:\/\/web.consaguirre.com.ar\/noticias\/#website\",\"url\":\"https:\/\/web.consaguirre.com.ar\/noticias\/\",\"name\":\"Conservatorio de M\u00fasica Juli\u00e1n Aguirre\",\"description\":\"\",\"publisher\":{\"@id\":\"https:\/\/web.consaguirre.com.ar\/noticias\/#organization\"},\"potentialAction\":[{\"@type\":\"SearchAction\",\"target\":{\"@type\":\"EntryPoint\",\"urlTemplate\":\"https:\/\/web.consaguirre.com.ar\/noticias\/?s={search_term_string}\"},\"query-input\":\"required name=search_term_string\"}],\"inLanguage\":\"es-AR\"},{\"@type\":\"Organization\",\"@id\":\"https:\/\/web.consaguirre.com.ar\/noticias\/#organization\",\"name\":\"Conservatorio de M\u00fasica Juli\u00e1n Aguirre\",\"url\":\"https:\/\/web.consaguirre.com.ar\/noticias\/\",\"logo\":{\"@type\":\"ImageObject\",\"inLanguage\":\"es-AR\",\"@id\":\"https:\/\/web.consaguirre.com.ar\/noticias\/#\/schema\/logo\/image\/\",\"url\":\"https:\/\/web.consaguirre.com.ar\/noticias\/wp-content\/uploads\/2024\/08\/Banner-Aguirre-23.jpg\",\"contentUrl\":\"https:\/\/web.consaguirre.com.ar\/noticias\/wp-content\/uploads\/2024\/08\/Banner-Aguirre-23.jpg\",\"width\":1192,\"height\":600,\"caption\":\"Conservatorio de M\u00fasica Juli\u00e1n Aguirre\"},\"image\":{\"@id\":\"https:\/\/web.consaguirre.com.ar\/noticias\/#\/schema\/logo\/image\/\"}},{\"@type\":\"Person\",\"@id\":\"https:\/\/web.consaguirre.com.ar\/noticias\/#\/schema\/person\/6558b0cfedee7ddc5425602b237d5722\",\"name\":\"Javier Figueroa\",\"image\":{\"@type\":\"ImageObject\",\"inLanguage\":\"es-AR\",\"@id\":\"https:\/\/web.consaguirre.com.ar\/noticias\/#\/schema\/person\/image\/\",\"url\":\"https:\/\/web.consaguirre.com.ar\/noticias\/wp-content\/uploads\/2024\/08\/Consaguirre-scaled.jpg\",\"contentUrl\":\"https:\/\/web.consaguirre.com.ar\/noticias\/wp-content\/uploads\/2024\/08\/Consaguirre-scaled.jpg\",\"caption\":\"Javier Figueroa\"},\"description\":\"Me llamo Javier Figueroa y soy redactor para el sitio oficial del Conservatorio de M\u00fasica Juli\u00e1n Aguirre en Buenos Aires, consaguirre.com. Apasionado por la m\u00fasica y la escritura, me esfuerzo por destacar los talentos y eventos de nuestra prestigiosa instituci\u00f3n. Mi trayectoria se nutre de una profunda admiraci\u00f3n por los artistas, haciendo de cada art\u00edculo una celebraci\u00f3n de la creatividad y la cultura musical.\",\"sameAs\":[\"https:\/\/web.consaguirre.com.ar\/noticias\"]}]}<\/script>\n<!-- \/ Yoast SEO plugin. -->","yoast_head_json":{"title":"NEEDTOBREATHE anuncia la gira Long Surrender","robots":{"index":"index","follow":"follow","max-snippet":"max-snippet:-1","max-image-preview":"max-image-preview:large","max-video-preview":"max-video-preview:-1"},"canonical":"https:\/\/web.consaguirre.com.ar\/noticias\/needtobreathe-anuncia-la-gira-long-surrender\/","og_locale":"es_ES","og_type":"article","og_title":"NEEDTOBREATHE anuncia la gira Long Surrender","og_description":"NEEDTOBREATHE ha anunciado la primera etapa de su gira principal The Long Surrender Tour. La carrera de 25 fechas comienza el 12 de agosto en","og_url":"https:\/\/web.consaguirre.com.ar\/noticias\/needtobreathe-anuncia-la-gira-long-surrender\/","og_site_name":"Conservatorio de M\u00fasica Juli\u00e1n Aguirre","article_published_time":"2026-03-17T02:38:47+00:00","og_image":[{"width":820,"height":820,"url":"https:\/\/web.consaguirre.com.ar\/noticias\/wp-content\/uploads\/2026\/02\/NEEDTOBREATHE-anuncia-su-decimo-album-de-estudio-The-Long-Surrender.jpg","type":"image\/jpeg"}],"author":"Javier Figueroa","twitter_card":"summary_large_image","twitter_misc":{"Escrito por":"Javier Figueroa","Tiempo de lectura":"2 minutos"},"schema":{"@context":"https:\/\/schema.org","@graph":[{"@type":"Article","@id":"https:\/\/web.consaguirre.com.ar\/noticias\/needtobreathe-anuncia-la-gira-long-surrender\/#article","isPartOf":{"@id":"https:\/\/web.consaguirre.com.ar\/noticias\/needtobreathe-anuncia-la-gira-long-surrender\/"},"author":{"name":"Javier Figueroa","@id":"https:\/\/web.consaguirre.com.ar\/noticias\/#\/schema\/person\/6558b0cfedee7ddc5425602b237d5722"},"headline":"NEEDTOBREATHE anuncia la gira Long Surrender","datePublished":"2026-03-17T02:38:47+00:00","dateModified":"2026-03-17T02:38:47+00:00","mainEntityOfPage":{"@id":"https:\/\/web.consaguirre.com.ar\/noticias\/needtobreathe-anuncia-la-gira-long-surrender\/"},"wordCount":364,"publisher":{"@id":"https:\/\/web.consaguirre.com.ar\/noticias\/#organization"},"image":{"@id":"https:\/\/web.consaguirre.com.ar\/noticias\/needtobreathe-anuncia-la-gira-long-surrender\/#primaryimage"},"thumbnailUrl":"https:\/\/web.consaguirre.com.ar\/noticias\/wp-content\/uploads\/2026\/02\/NEEDTOBREATHE-anuncia-su-decimo-album-de-estudio-The-Long-Surrender.jpg","keywords":["anuncia","gira","Long","NEEDTOBREATHE","Surrender"],"articleSection":["El \u00faltimo"],"inLanguage":"es-AR"},{"@type":"WebPage","@id":"https:\/\/web.consaguirre.com.ar\/noticias\/needtobreathe-anuncia-la-gira-long-surrender\/","url":"https:\/\/web.consaguirre.com.ar\/noticias\/needtobreathe-anuncia-la-gira-long-surrender\/","name":"NEEDTOBREATHE anuncia la gira Long Surrender","isPartOf":{"@id":"https:\/\/web.consaguirre.com.ar\/noticias\/#website"},"primaryImageOfPage":{"@id":"https:\/\/web.consaguirre.com.ar\/noticias\/needtobreathe-anuncia-la-gira-long-surrender\/#primaryimage"},"image":{"@id":"https:\/\/web.consaguirre.com.ar\/noticias\/needtobreathe-anuncia-la-gira-long-surrender\/#primaryimage"},"thumbnailUrl":"https:\/\/web.consaguirre.com.ar\/noticias\/wp-content\/uploads\/2026\/02\/NEEDTOBREATHE-anuncia-su-decimo-album-de-estudio-The-Long-Surrender.jpg","datePublished":"2026-03-17T02:38:47+00:00","dateModified":"2026-03-17T02:38:47+00:00","breadcrumb":{"@id":"https:\/\/web.consaguirre.com.ar\/noticias\/needtobreathe-anuncia-la-gira-long-surrender\/#breadcrumb"},"inLanguage":"es-AR","potentialAction":[{"@type":"ReadAction","target":["https:\/\/web.consaguirre.com.ar\/noticias\/needtobreathe-anuncia-la-gira-long-surrender\/"]}]},{"@type":"ImageObject","inLanguage":"es-AR","@id":"https:\/\/web.consaguirre.com.ar\/noticias\/needtobreathe-anuncia-la-gira-long-surrender\/#primaryimage","url":"https:\/\/web.consaguirre.com.ar\/noticias\/wp-content\/uploads\/2026\/02\/NEEDTOBREATHE-anuncia-su-decimo-album-de-estudio-The-Long-Surrender.jpg","contentUrl":"https:\/\/web.consaguirre.com.ar\/noticias\/wp-content\/uploads\/2026\/02\/NEEDTOBREATHE-anuncia-su-decimo-album-de-estudio-The-Long-Surrender.jpg","width":820,"height":820,"caption":"NEEDTOBREATHE The Long Surrender"},{"@type":"BreadcrumbList","@id":"https:\/\/web.consaguirre.com.ar\/noticias\/needtobreathe-anuncia-la-gira-long-surrender\/#breadcrumb","itemListElement":[{"@type":"ListItem","position":1,"name":"Inicio","item":"https:\/\/web.consaguirre.com.ar\/noticias\/"},{"@type":"ListItem","position":2,"name":"NEEDTOBREATHE anuncia la gira Long Surrender"}]},{"@type":"WebSite","@id":"https:\/\/web.consaguirre.com.ar\/noticias\/#website","url":"https:\/\/web.consaguirre.com.ar\/noticias\/","name":"Conservatorio de M\u00fasica Juli\u00e1n Aguirre","description":"","publisher":{"@id":"https:\/\/web.consaguirre.com.ar\/noticias\/#organization"},"potentialAction":[{"@type":"SearchAction","target":{"@type":"EntryPoint","urlTemplate":"https:\/\/web.consaguirre.com.ar\/noticias\/?s={search_term_string}"},"query-input":"required name=search_term_string"}],"inLanguage":"es-AR"},{"@type":"Organization","@id":"https:\/\/web.consaguirre.com.ar\/noticias\/#organization","name":"Conservatorio de M\u00fasica Juli\u00e1n Aguirre","url":"https:\/\/web.consaguirre.com.ar\/noticias\/","logo":{"@type":"ImageObject","inLanguage":"es-AR","@id":"https:\/\/web.consaguirre.com.ar\/noticias\/#\/schema\/logo\/image\/","url":"https:\/\/web.consaguirre.com.ar\/noticias\/wp-content\/uploads\/2024\/08\/Banner-Aguirre-23.jpg","contentUrl":"https:\/\/web.consaguirre.com.ar\/noticias\/wp-content\/uploads\/2024\/08\/Banner-Aguirre-23.jpg","width":1192,"height":600,"caption":"Conservatorio de M\u00fasica Juli\u00e1n Aguirre"},"image":{"@id":"https:\/\/web.consaguirre.com.ar\/noticias\/#\/schema\/logo\/image\/"}},{"@type":"Person","@id":"https:\/\/web.consaguirre.com.ar\/noticias\/#\/schema\/person\/6558b0cfedee7ddc5425602b237d5722","name":"Javier Figueroa","image":{"@type":"ImageObject","inLanguage":"es-AR","@id":"https:\/\/web.consaguirre.com.ar\/noticias\/#\/schema\/person\/image\/","url":"https:\/\/web.consaguirre.com.ar\/noticias\/wp-content\/uploads\/2024\/08\/Consaguirre-scaled.jpg","contentUrl":"https:\/\/web.consaguirre.com.ar\/noticias\/wp-content\/uploads\/2024\/08\/Consaguirre-scaled.jpg","caption":"Javier Figueroa"},"description":"Me llamo Javier Figueroa y soy redactor para el sitio oficial del Conservatorio de M\u00fasica Juli\u00e1n Aguirre en Buenos Aires, consaguirre.com. Apasionado por la m\u00fasica y la escritura, me esfuerzo por destacar los talentos y eventos de nuestra prestigiosa instituci\u00f3n. Mi trayectoria se nutre de una profunda admiraci\u00f3n por los artistas, haciendo de cada art\u00edculo una celebraci\u00f3n de la creatividad y la cultura musical.","sameAs":["https:\/\/web.consaguirre.com.ar\/noticias"]}]}},"_links":{"self":[{"href":"https:\/\/web.consaguirre.com.ar\/noticias\/wp-json\/wp\/v2\/posts\/5372"}],"collection":[{"href":"https:\/\/web.consaguirre.com.ar\/noticias\/wp-json\/wp\/v2\/posts"}],"about":[{"href":"https:\/\/web.consaguirre.com.ar\/noticias\/wp-json\/wp\/v2\/types\/post"}],"author":[{"embeddable":true,"href":"https:\/\/web.consaguirre.com.ar\/noticias\/wp-json\/wp\/v2\/users\/1"}],"replies":[{"embeddable":true,"href":"https:\/\/web.consaguirre.com.ar\/noticias\/wp-json\/wp\/v2\/comments?post=5372"}],"version-history":[{"count":1,"href":"https:\/\/web.consaguirre.com.ar\/noticias\/wp-json\/wp\/v2\/posts\/5372\/revisions"}],"predecessor-version":[{"id":5373,"href":"https:\/\/web.consaguirre.com.ar\/noticias\/wp-json\/wp\/v2\/posts\/5372\/revisions\/5373"}],"wp:featuredmedia":[{"embeddable":true,"href":"https:\/\/web.consaguirre.com.ar\/noticias\/wp-json\/wp\/v2\/media\/5177"}],"wp:attachment":[{"href":"https:\/\/web.consaguirre.com.ar\/noticias\/wp-json\/wp\/v2\/media?parent=5372"}],"wp:term":[{"taxonomy":"category","embeddable":true,"href":"https:\/\/web.consaguirre.com.ar\/noticias\/wp-json\/wp\/v2\/categories?post=5372"},{"taxonomy":"post_tag","embeddable":true,"href":"https:\/\/web.consaguirre.com.ar\/noticias\/wp-json\/wp\/v2\/tags?post=5372"}],"curies":[{"name":"wp","href":"https:\/\/api.w.org\/{rel}","templated":true}]}}