{"id":5369,"date":"2026-03-16T20:38:37","date_gmt":"2026-03-16T23:38:37","guid":{"rendered":"https:\/\/web.consaguirre.com.ar\/noticias\/marcos-valle-samba-68-se-une-a-la-serie-verve-vault\/"},"modified":"2026-03-16T20:38:38","modified_gmt":"2026-03-16T23:38:38","slug":"marcos-valle-samba-68-se-une-a-la-serie-verve-vault","status":"publish","type":"post","link":"https:\/\/web.consaguirre.com.ar\/noticias\/marcos-valle-samba-68-se-une-a-la-serie-verve-vault\/","title":{"rendered":"Marcos Valle &#8216;Samba &#8217;68&#8217; se une a la serie Verve Vault"},"content":{"rendered":"<p><em>Samba &#8217;68<\/em>lanzado por Verve en 1968, present\u00f3 al cantante, compositor y multiinstrumentista brasile\u00f1o Marcos Valle a una audiencia internacional m\u00e1s amplia. Verve Records pronto rendir\u00e1 homenaje al incre\u00edble legado del disco reedit\u00e1ndolo en vinilo como parte de la serie Verve Vault.<\/p>\n<p>Ya establecida en Brasil a trav\u00e9s de canciones como \u201cSamba de Ver\u00e3o\u201d (\u201cSummer Samba\u201d), Valle trabaj\u00f3 con los productores Bob Morgan y Ray Gilbert en <em>Samba &#8217;68<\/em><em>. <\/em>El \u00e1lbum combina formas r\u00edtmicas brasile\u00f1as con orquestaci\u00f3n de estudio estadounidense contempor\u00e1nea. Las sesiones incluyen voces de Anamaria Valle y arreglos de Eumir Deodato, cuya escritura coloca la guitarra y la voz de Valle en escenarios para cuerdas, metales y secci\u00f3n r\u00edtmica t\u00edpicos de las producciones de Verve de finales de los a\u00f1os 1960.<\/p>\n<div align='center'>\n<div class=\"udiscover-store-container\">\n<div id='udiscover-store-one-product'><\/div>\n<\/div>\n<p>\/*<!(CDATA(*\/(function (){var scriptURL='https:\/\/sdks.shopifycdn.com\/buy-button\/latest\/buy-button-storefront.min.js';if(window.ShopifyBuy){if(window.ShopifyBuy.UI){ShopifyBuyInit();}else{loadScript();}}else{loadScript();}funci\u00f3n loadScript(){var script=document.createElement('script');script.async=true;script.src=scriptURL;(document.getElementsByTagName('head')(0)|| document.getElementsByTagName('body')(0)).appendChild(script);script.onload=ShopifyBuyInit;} function ShopifyBuyInit(){var cliente=ShopifyBuy.buildClient({dominio:'udiscover.myshopify.com',storefrontAccessToken: 'bdc89f347d2ce61c1feeb9f8c60b2b98',}); ShopifyBuy.UI.onReady(cliente).luego(funci\u00f3n(ui){ ui.createComponent('producto',{ id:(7738902577229), nodo:document.getElementById('udiscover-store-one-product'), moneyFormat:'%24%7B%7Bamount%7D%7D', opciones:{'product':{'iframe':false,'buttonDestination':'modal','contents':{'options':true},'text':{'button':'ORDEN AHORA','outOfStock':'Lo sentimos, esto est\u00e1 agotado stock'}},'productSet':{'iframe':false},'modalProduct':{'iframe':false,'contents':{'img':false,'imgWithCarousel':true,'button':false,'buttonWithQuantity':true} },'modal':{'iframe':false},'option':{'iframe':false},'cart':{'iframe':false},'toggle':{'iframe':false,'contents':{'icon':false}},'lineItem':{'iframe':false}}, }); }); <\/div>\n<\/p>\n<p>El repertorio aqu\u00ed incluye versiones en ingl\u00e9s de composiciones coescritas por Valle, incluidas \u201cSo Nice (Summer Samba)\u201d, \u201cChup Chup, I Got Away\u201d y \u201cSafely In Your Arms\u201d, junto con material adicional que refleja su escritura econ\u00f3mica y su enfoque r\u00edtmico ligero. El \u00e1lbum documenta un punto de encuentro entre la m\u00fasica popular brasile\u00f1a y la pr\u00e1ctica internacional de estudio de pop-jazz a finales de los a\u00f1os 1960.<\/p>\n<p>La serie Verve Vault presenta reediciones en vinilo totalmente anal\u00f3gico de 180 gramos de \u00e1lbumes esenciales de Verve, Impulse!, Mercury y cat\u00e1logos asociados. Masterizado por Ryan K. Smith a partir de las cintas anal\u00f3gicas originales y prensado en Optimal, cada lanzamiento combina una fidelidad de audio excepcional con una atenci\u00f3n meticulosa al detalle, desde la masterizaci\u00f3n hasta la reproducci\u00f3n de la cubierta. La serie destaca tanto t\u00edtulos ic\u00f3nicos como joyas pasadas por alto desde los a\u00f1os cincuenta hasta los setenta.<\/p>\n<p>Compre la serie Verve Vault ahora.<\/p>\n","protected":false},"excerpt":{"rendered":"<p>Samba &#8217;68lanzado por Verve en 1968, present\u00f3 al cantante, compositor y multiinstrumentista brasile\u00f1o Marcos Valle a una audiencia internacional m\u00e1s amplia. Verve Records pronto rendir\u00e1<\/p>\n","protected":false},"author":1,"featured_media":5370,"comment_status":"closed","ping_status":"","sticky":false,"template":"","format":"standard","meta":{"footnotes":""},"categories":[50],"tags":[3983,3829,220,455,3984,718,1182],"class_list":["post-5369","post","type-post","status-publish","format-standard","has-post-thumbnail","hentry","category-el-ultimo","tag-marcos","tag-samba","tag-serie","tag-une","tag-valle","tag-vault","tag-verve","generate-columns","tablet-grid-50","mobile-grid-100","grid-parent","grid-50"],"yoast_head":"<!-- This site is optimized with the Yoast SEO plugin v23.3 - https:\/\/yoast.com\/wordpress\/plugins\/seo\/ -->\n<title>Marcos Valle &#039;Samba &#039;68&#039; se une a la serie Verve Vault<\/title>\n<meta name=\"robots\" content=\"index, follow, max-snippet:-1, max-image-preview:large, max-video-preview:-1\" \/>\n<link rel=\"canonical\" href=\"https:\/\/web.consaguirre.com.ar\/noticias\/marcos-valle-samba-68-se-une-a-la-serie-verve-vault\/\" \/>\n<meta property=\"og:locale\" content=\"es_ES\" \/>\n<meta property=\"og:type\" content=\"article\" \/>\n<meta property=\"og:title\" content=\"Marcos Valle &#039;Samba &#039;68&#039; se une a la serie Verve Vault\" \/>\n<meta property=\"og:description\" content=\"Samba &#8217;68lanzado por Verve en 1968, present\u00f3 al cantante, compositor y multiinstrumentista brasile\u00f1o Marcos Valle a una audiencia internacional m\u00e1s amplia. Verve Records pronto rendir\u00e1\" \/>\n<meta property=\"og:url\" content=\"https:\/\/web.consaguirre.com.ar\/noticias\/marcos-valle-samba-68-se-une-a-la-serie-verve-vault\/\" \/>\n<meta property=\"og:site_name\" content=\"Conservatorio de M\u00fasica Juli\u00e1n Aguirre\" \/>\n<meta property=\"article:published_time\" content=\"2026-03-16T23:38:37+00:00\" \/>\n<meta property=\"article:modified_time\" content=\"2026-03-16T23:38:38+00:00\" \/>\n<meta property=\"og:image\" content=\"https:\/\/web.consaguirre.com.ar\/noticias\/wp-content\/uploads\/2026\/03\/Marcos-Valle-Samba-68-se-une-a-la-serie-Verve.jpg\" \/>\n\t<meta property=\"og:image:width\" content=\"1280\" \/>\n\t<meta property=\"og:image:height\" content=\"1280\" \/>\n\t<meta property=\"og:image:type\" content=\"image\/jpeg\" \/>\n<meta name=\"author\" content=\"Javier Figueroa\" \/>\n<meta name=\"twitter:card\" content=\"summary_large_image\" \/>\n<meta name=\"twitter:label1\" content=\"Escrito por\" \/>\n\t<meta name=\"twitter:data1\" content=\"Javier Figueroa\" \/>\n\t<meta name=\"twitter:label2\" content=\"Tiempo de lectura\" \/>\n\t<meta name=\"twitter:data2\" content=\"2 minutos\" \/>\n<script type=\"application\/ld+json\" class=\"yoast-schema-graph\">{\"@context\":\"https:\/\/schema.org\",\"@graph\":[{\"@type\":\"Article\",\"@id\":\"https:\/\/web.consaguirre.com.ar\/noticias\/marcos-valle-samba-68-se-une-a-la-serie-verve-vault\/#article\",\"isPartOf\":{\"@id\":\"https:\/\/web.consaguirre.com.ar\/noticias\/marcos-valle-samba-68-se-une-a-la-serie-verve-vault\/\"},\"author\":{\"name\":\"Javier Figueroa\",\"@id\":\"https:\/\/web.consaguirre.com.ar\/noticias\/#\/schema\/person\/6558b0cfedee7ddc5425602b237d5722\"},\"headline\":\"Marcos Valle &#8216;Samba &#8217;68&#8217; se une a la serie Verve Vault\",\"datePublished\":\"2026-03-16T23:38:37+00:00\",\"dateModified\":\"2026-03-16T23:38:38+00:00\",\"mainEntityOfPage\":{\"@id\":\"https:\/\/web.consaguirre.com.ar\/noticias\/marcos-valle-samba-68-se-une-a-la-serie-verve-vault\/\"},\"wordCount\":310,\"publisher\":{\"@id\":\"https:\/\/web.consaguirre.com.ar\/noticias\/#organization\"},\"image\":{\"@id\":\"https:\/\/web.consaguirre.com.ar\/noticias\/marcos-valle-samba-68-se-une-a-la-serie-verve-vault\/#primaryimage\"},\"thumbnailUrl\":\"https:\/\/web.consaguirre.com.ar\/noticias\/wp-content\/uploads\/2026\/03\/Marcos-Valle-Samba-68-se-une-a-la-serie-Verve.jpg\",\"keywords\":[\"Marcos\",\"Samba\",\"serie\",\"une\",\"Valle\",\"Vault\",\"Verve\"],\"articleSection\":[\"El \u00faltimo\"],\"inLanguage\":\"es-AR\"},{\"@type\":\"WebPage\",\"@id\":\"https:\/\/web.consaguirre.com.ar\/noticias\/marcos-valle-samba-68-se-une-a-la-serie-verve-vault\/\",\"url\":\"https:\/\/web.consaguirre.com.ar\/noticias\/marcos-valle-samba-68-se-une-a-la-serie-verve-vault\/\",\"name\":\"Marcos Valle 'Samba '68' se une a la serie Verve Vault\",\"isPartOf\":{\"@id\":\"https:\/\/web.consaguirre.com.ar\/noticias\/#website\"},\"primaryImageOfPage\":{\"@id\":\"https:\/\/web.consaguirre.com.ar\/noticias\/marcos-valle-samba-68-se-une-a-la-serie-verve-vault\/#primaryimage\"},\"image\":{\"@id\":\"https:\/\/web.consaguirre.com.ar\/noticias\/marcos-valle-samba-68-se-une-a-la-serie-verve-vault\/#primaryimage\"},\"thumbnailUrl\":\"https:\/\/web.consaguirre.com.ar\/noticias\/wp-content\/uploads\/2026\/03\/Marcos-Valle-Samba-68-se-une-a-la-serie-Verve.jpg\",\"datePublished\":\"2026-03-16T23:38:37+00:00\",\"dateModified\":\"2026-03-16T23:38:38+00:00\",\"breadcrumb\":{\"@id\":\"https:\/\/web.consaguirre.com.ar\/noticias\/marcos-valle-samba-68-se-une-a-la-serie-verve-vault\/#breadcrumb\"},\"inLanguage\":\"es-AR\",\"potentialAction\":[{\"@type\":\"ReadAction\",\"target\":[\"https:\/\/web.consaguirre.com.ar\/noticias\/marcos-valle-samba-68-se-une-a-la-serie-verve-vault\/\"]}]},{\"@type\":\"ImageObject\",\"inLanguage\":\"es-AR\",\"@id\":\"https:\/\/web.consaguirre.com.ar\/noticias\/marcos-valle-samba-68-se-une-a-la-serie-verve-vault\/#primaryimage\",\"url\":\"https:\/\/web.consaguirre.com.ar\/noticias\/wp-content\/uploads\/2026\/03\/Marcos-Valle-Samba-68-se-une-a-la-serie-Verve.jpg\",\"contentUrl\":\"https:\/\/web.consaguirre.com.ar\/noticias\/wp-content\/uploads\/2026\/03\/Marcos-Valle-Samba-68-se-une-a-la-serie-Verve.jpg\",\"width\":1280,\"height\":1280,\"caption\":\"Marcos Valle 'Samba '68' se une a la serie Verve Vault\"},{\"@type\":\"BreadcrumbList\",\"@id\":\"https:\/\/web.consaguirre.com.ar\/noticias\/marcos-valle-samba-68-se-une-a-la-serie-verve-vault\/#breadcrumb\",\"itemListElement\":[{\"@type\":\"ListItem\",\"position\":1,\"name\":\"Inicio\",\"item\":\"https:\/\/web.consaguirre.com.ar\/noticias\/\"},{\"@type\":\"ListItem\",\"position\":2,\"name\":\"Marcos Valle &#8216;Samba &#8217;68&#8217; se une a la serie Verve Vault\"}]},{\"@type\":\"WebSite\",\"@id\":\"https:\/\/web.consaguirre.com.ar\/noticias\/#website\",\"url\":\"https:\/\/web.consaguirre.com.ar\/noticias\/\",\"name\":\"Conservatorio de M\u00fasica Juli\u00e1n Aguirre\",\"description\":\"\",\"publisher\":{\"@id\":\"https:\/\/web.consaguirre.com.ar\/noticias\/#organization\"},\"potentialAction\":[{\"@type\":\"SearchAction\",\"target\":{\"@type\":\"EntryPoint\",\"urlTemplate\":\"https:\/\/web.consaguirre.com.ar\/noticias\/?s={search_term_string}\"},\"query-input\":\"required name=search_term_string\"}],\"inLanguage\":\"es-AR\"},{\"@type\":\"Organization\",\"@id\":\"https:\/\/web.consaguirre.com.ar\/noticias\/#organization\",\"name\":\"Conservatorio de M\u00fasica Juli\u00e1n Aguirre\",\"url\":\"https:\/\/web.consaguirre.com.ar\/noticias\/\",\"logo\":{\"@type\":\"ImageObject\",\"inLanguage\":\"es-AR\",\"@id\":\"https:\/\/web.consaguirre.com.ar\/noticias\/#\/schema\/logo\/image\/\",\"url\":\"https:\/\/web.consaguirre.com.ar\/noticias\/wp-content\/uploads\/2024\/08\/Banner-Aguirre-23.jpg\",\"contentUrl\":\"https:\/\/web.consaguirre.com.ar\/noticias\/wp-content\/uploads\/2024\/08\/Banner-Aguirre-23.jpg\",\"width\":1192,\"height\":600,\"caption\":\"Conservatorio de M\u00fasica Juli\u00e1n Aguirre\"},\"image\":{\"@id\":\"https:\/\/web.consaguirre.com.ar\/noticias\/#\/schema\/logo\/image\/\"}},{\"@type\":\"Person\",\"@id\":\"https:\/\/web.consaguirre.com.ar\/noticias\/#\/schema\/person\/6558b0cfedee7ddc5425602b237d5722\",\"name\":\"Javier Figueroa\",\"image\":{\"@type\":\"ImageObject\",\"inLanguage\":\"es-AR\",\"@id\":\"https:\/\/web.consaguirre.com.ar\/noticias\/#\/schema\/person\/image\/\",\"url\":\"https:\/\/web.consaguirre.com.ar\/noticias\/wp-content\/uploads\/2024\/08\/Consaguirre-scaled.jpg\",\"contentUrl\":\"https:\/\/web.consaguirre.com.ar\/noticias\/wp-content\/uploads\/2024\/08\/Consaguirre-scaled.jpg\",\"caption\":\"Javier Figueroa\"},\"description\":\"Me llamo Javier Figueroa y soy redactor para el sitio oficial del Conservatorio de M\u00fasica Juli\u00e1n Aguirre en Buenos Aires, consaguirre.com. Apasionado por la m\u00fasica y la escritura, me esfuerzo por destacar los talentos y eventos de nuestra prestigiosa instituci\u00f3n. Mi trayectoria se nutre de una profunda admiraci\u00f3n por los artistas, haciendo de cada art\u00edculo una celebraci\u00f3n de la creatividad y la cultura musical.\",\"sameAs\":[\"https:\/\/web.consaguirre.com.ar\/noticias\"]}]}<\/script>\n<!-- \/ Yoast SEO plugin. -->","yoast_head_json":{"title":"Marcos Valle 'Samba '68' se une a la serie Verve Vault","robots":{"index":"index","follow":"follow","max-snippet":"max-snippet:-1","max-image-preview":"max-image-preview:large","max-video-preview":"max-video-preview:-1"},"canonical":"https:\/\/web.consaguirre.com.ar\/noticias\/marcos-valle-samba-68-se-une-a-la-serie-verve-vault\/","og_locale":"es_ES","og_type":"article","og_title":"Marcos Valle 'Samba '68' se une a la serie Verve Vault","og_description":"Samba &#8217;68lanzado por Verve en 1968, present\u00f3 al cantante, compositor y multiinstrumentista brasile\u00f1o Marcos Valle a una audiencia internacional m\u00e1s amplia. Verve Records pronto rendir\u00e1","og_url":"https:\/\/web.consaguirre.com.ar\/noticias\/marcos-valle-samba-68-se-une-a-la-serie-verve-vault\/","og_site_name":"Conservatorio de M\u00fasica Juli\u00e1n Aguirre","article_published_time":"2026-03-16T23:38:37+00:00","article_modified_time":"2026-03-16T23:38:38+00:00","og_image":[{"width":1280,"height":1280,"url":"https:\/\/web.consaguirre.com.ar\/noticias\/wp-content\/uploads\/2026\/03\/Marcos-Valle-Samba-68-se-une-a-la-serie-Verve.jpg","type":"image\/jpeg"}],"author":"Javier Figueroa","twitter_card":"summary_large_image","twitter_misc":{"Escrito por":"Javier Figueroa","Tiempo de lectura":"2 minutos"},"schema":{"@context":"https:\/\/schema.org","@graph":[{"@type":"Article","@id":"https:\/\/web.consaguirre.com.ar\/noticias\/marcos-valle-samba-68-se-une-a-la-serie-verve-vault\/#article","isPartOf":{"@id":"https:\/\/web.consaguirre.com.ar\/noticias\/marcos-valle-samba-68-se-une-a-la-serie-verve-vault\/"},"author":{"name":"Javier Figueroa","@id":"https:\/\/web.consaguirre.com.ar\/noticias\/#\/schema\/person\/6558b0cfedee7ddc5425602b237d5722"},"headline":"Marcos Valle &#8216;Samba &#8217;68&#8217; se une a la serie Verve Vault","datePublished":"2026-03-16T23:38:37+00:00","dateModified":"2026-03-16T23:38:38+00:00","mainEntityOfPage":{"@id":"https:\/\/web.consaguirre.com.ar\/noticias\/marcos-valle-samba-68-se-une-a-la-serie-verve-vault\/"},"wordCount":310,"publisher":{"@id":"https:\/\/web.consaguirre.com.ar\/noticias\/#organization"},"image":{"@id":"https:\/\/web.consaguirre.com.ar\/noticias\/marcos-valle-samba-68-se-une-a-la-serie-verve-vault\/#primaryimage"},"thumbnailUrl":"https:\/\/web.consaguirre.com.ar\/noticias\/wp-content\/uploads\/2026\/03\/Marcos-Valle-Samba-68-se-une-a-la-serie-Verve.jpg","keywords":["Marcos","Samba","serie","une","Valle","Vault","Verve"],"articleSection":["El \u00faltimo"],"inLanguage":"es-AR"},{"@type":"WebPage","@id":"https:\/\/web.consaguirre.com.ar\/noticias\/marcos-valle-samba-68-se-une-a-la-serie-verve-vault\/","url":"https:\/\/web.consaguirre.com.ar\/noticias\/marcos-valle-samba-68-se-une-a-la-serie-verve-vault\/","name":"Marcos Valle 'Samba '68' se une a la serie Verve Vault","isPartOf":{"@id":"https:\/\/web.consaguirre.com.ar\/noticias\/#website"},"primaryImageOfPage":{"@id":"https:\/\/web.consaguirre.com.ar\/noticias\/marcos-valle-samba-68-se-une-a-la-serie-verve-vault\/#primaryimage"},"image":{"@id":"https:\/\/web.consaguirre.com.ar\/noticias\/marcos-valle-samba-68-se-une-a-la-serie-verve-vault\/#primaryimage"},"thumbnailUrl":"https:\/\/web.consaguirre.com.ar\/noticias\/wp-content\/uploads\/2026\/03\/Marcos-Valle-Samba-68-se-une-a-la-serie-Verve.jpg","datePublished":"2026-03-16T23:38:37+00:00","dateModified":"2026-03-16T23:38:38+00:00","breadcrumb":{"@id":"https:\/\/web.consaguirre.com.ar\/noticias\/marcos-valle-samba-68-se-une-a-la-serie-verve-vault\/#breadcrumb"},"inLanguage":"es-AR","potentialAction":[{"@type":"ReadAction","target":["https:\/\/web.consaguirre.com.ar\/noticias\/marcos-valle-samba-68-se-une-a-la-serie-verve-vault\/"]}]},{"@type":"ImageObject","inLanguage":"es-AR","@id":"https:\/\/web.consaguirre.com.ar\/noticias\/marcos-valle-samba-68-se-une-a-la-serie-verve-vault\/#primaryimage","url":"https:\/\/web.consaguirre.com.ar\/noticias\/wp-content\/uploads\/2026\/03\/Marcos-Valle-Samba-68-se-une-a-la-serie-Verve.jpg","contentUrl":"https:\/\/web.consaguirre.com.ar\/noticias\/wp-content\/uploads\/2026\/03\/Marcos-Valle-Samba-68-se-une-a-la-serie-Verve.jpg","width":1280,"height":1280,"caption":"Marcos Valle 'Samba '68' se une a la serie Verve Vault"},{"@type":"BreadcrumbList","@id":"https:\/\/web.consaguirre.com.ar\/noticias\/marcos-valle-samba-68-se-une-a-la-serie-verve-vault\/#breadcrumb","itemListElement":[{"@type":"ListItem","position":1,"name":"Inicio","item":"https:\/\/web.consaguirre.com.ar\/noticias\/"},{"@type":"ListItem","position":2,"name":"Marcos Valle &#8216;Samba &#8217;68&#8217; se une a la serie Verve Vault"}]},{"@type":"WebSite","@id":"https:\/\/web.consaguirre.com.ar\/noticias\/#website","url":"https:\/\/web.consaguirre.com.ar\/noticias\/","name":"Conservatorio de M\u00fasica Juli\u00e1n Aguirre","description":"","publisher":{"@id":"https:\/\/web.consaguirre.com.ar\/noticias\/#organization"},"potentialAction":[{"@type":"SearchAction","target":{"@type":"EntryPoint","urlTemplate":"https:\/\/web.consaguirre.com.ar\/noticias\/?s={search_term_string}"},"query-input":"required name=search_term_string"}],"inLanguage":"es-AR"},{"@type":"Organization","@id":"https:\/\/web.consaguirre.com.ar\/noticias\/#organization","name":"Conservatorio de M\u00fasica Juli\u00e1n Aguirre","url":"https:\/\/web.consaguirre.com.ar\/noticias\/","logo":{"@type":"ImageObject","inLanguage":"es-AR","@id":"https:\/\/web.consaguirre.com.ar\/noticias\/#\/schema\/logo\/image\/","url":"https:\/\/web.consaguirre.com.ar\/noticias\/wp-content\/uploads\/2024\/08\/Banner-Aguirre-23.jpg","contentUrl":"https:\/\/web.consaguirre.com.ar\/noticias\/wp-content\/uploads\/2024\/08\/Banner-Aguirre-23.jpg","width":1192,"height":600,"caption":"Conservatorio de M\u00fasica Juli\u00e1n Aguirre"},"image":{"@id":"https:\/\/web.consaguirre.com.ar\/noticias\/#\/schema\/logo\/image\/"}},{"@type":"Person","@id":"https:\/\/web.consaguirre.com.ar\/noticias\/#\/schema\/person\/6558b0cfedee7ddc5425602b237d5722","name":"Javier Figueroa","image":{"@type":"ImageObject","inLanguage":"es-AR","@id":"https:\/\/web.consaguirre.com.ar\/noticias\/#\/schema\/person\/image\/","url":"https:\/\/web.consaguirre.com.ar\/noticias\/wp-content\/uploads\/2024\/08\/Consaguirre-scaled.jpg","contentUrl":"https:\/\/web.consaguirre.com.ar\/noticias\/wp-content\/uploads\/2024\/08\/Consaguirre-scaled.jpg","caption":"Javier Figueroa"},"description":"Me llamo Javier Figueroa y soy redactor para el sitio oficial del Conservatorio de M\u00fasica Juli\u00e1n Aguirre en Buenos Aires, consaguirre.com. Apasionado por la m\u00fasica y la escritura, me esfuerzo por destacar los talentos y eventos de nuestra prestigiosa instituci\u00f3n. Mi trayectoria se nutre de una profunda admiraci\u00f3n por los artistas, haciendo de cada art\u00edculo una celebraci\u00f3n de la creatividad y la cultura musical.","sameAs":["https:\/\/web.consaguirre.com.ar\/noticias"]}]}},"_links":{"self":[{"href":"https:\/\/web.consaguirre.com.ar\/noticias\/wp-json\/wp\/v2\/posts\/5369"}],"collection":[{"href":"https:\/\/web.consaguirre.com.ar\/noticias\/wp-json\/wp\/v2\/posts"}],"about":[{"href":"https:\/\/web.consaguirre.com.ar\/noticias\/wp-json\/wp\/v2\/types\/post"}],"author":[{"embeddable":true,"href":"https:\/\/web.consaguirre.com.ar\/noticias\/wp-json\/wp\/v2\/users\/1"}],"replies":[{"embeddable":true,"href":"https:\/\/web.consaguirre.com.ar\/noticias\/wp-json\/wp\/v2\/comments?post=5369"}],"version-history":[{"count":1,"href":"https:\/\/web.consaguirre.com.ar\/noticias\/wp-json\/wp\/v2\/posts\/5369\/revisions"}],"predecessor-version":[{"id":5371,"href":"https:\/\/web.consaguirre.com.ar\/noticias\/wp-json\/wp\/v2\/posts\/5369\/revisions\/5371"}],"wp:featuredmedia":[{"embeddable":true,"href":"https:\/\/web.consaguirre.com.ar\/noticias\/wp-json\/wp\/v2\/media\/5370"}],"wp:attachment":[{"href":"https:\/\/web.consaguirre.com.ar\/noticias\/wp-json\/wp\/v2\/media?parent=5369"}],"wp:term":[{"taxonomy":"category","embeddable":true,"href":"https:\/\/web.consaguirre.com.ar\/noticias\/wp-json\/wp\/v2\/categories?post=5369"},{"taxonomy":"post_tag","embeddable":true,"href":"https:\/\/web.consaguirre.com.ar\/noticias\/wp-json\/wp\/v2\/tags?post=5369"}],"curies":[{"name":"wp","href":"https:\/\/api.w.org\/{rel}","templated":true}]}}