{"id":5362,"date":"2026-03-16T11:39:02","date_gmt":"2026-03-16T14:39:02","guid":{"rendered":"https:\/\/web.consaguirre.com.ar\/noticias\/i-want-you-de-marvin-gaye-sera-reeditado-por-su-50-aniversario\/"},"modified":"2026-03-16T11:39:03","modified_gmt":"2026-03-16T14:39:03","slug":"i-want-you-de-marvin-gaye-sera-reeditado-por-su-50-aniversario","status":"publish","type":"post","link":"https:\/\/web.consaguirre.com.ar\/noticias\/i-want-you-de-marvin-gaye-sera-reeditado-por-su-50-aniversario\/","title":{"rendered":"&#8216;I Want You&#8217; de Marvin Gaye ser\u00e1 reeditado por su 50 aniversario"},"content":{"rendered":"<p>Descrito por Pitchfork como \u201cuno de los \u00e1lbumes m\u00e1s sexys de la historia de la m\u00fasica\u201d, el disco n\u00famero uno de Marvin Gaye. <em>Te deseo<\/em> celebra este a\u00f1o su 50 aniversario. Para celebrarlo, UMe ha planeado m\u00faltiples lanzamientos en vinilo.<\/p>\n<p>Lo primero que destaca es una reedici\u00f3n premium en Vinylphyle del \u00e1lbum original; la \u00faltima entrada de una serie de lanzamientos para audi\u00f3filos aclamados por la cr\u00edtica. Como ocurre con todos los lanzamientos de la serie Vinylphyle, las lacas se cortaron de las cintas anal\u00f3gicas originales y se prensaron a 180 g en RTI. El paquete presenta una sobrecubierta plegable con la ahora ic\u00f3nica portada de Ernie Barnes, reproducciones de las cajas de cinta originales y notas del productor y compositor SaLaAM ReMi.<\/p>\n<div align=\"center\">\n<div class=\"udiscover-store-container\">\n<div id='udiscover-store-three-product'><\/div>\n<\/div>\n<p>\/*<!(CDATA(*\/(function (){var scriptURL='https:\/\/sdks.shopifycdn.com\/buy-button\/latest\/buy-button-storefront.min.js';if(window.ShopifyBuy){if(window.ShopifyBuy.UI){ShopifyBuyInit();}else{loadScript();}}else{loadScript();}funci\u00f3n loadScript(){var script=document.createElement('script');script.async=true;script.src=scriptURL;(document.getElementsByTagName('head')(0)|| document.getElementsByTagName('body')(0)).appendChild(script);script.onload=ShopifyBuyInit;} function ShopifyBuyInit(){var cliente=ShopifyBuy.buildClient({dominio:'udiscover.myshopify.com',storefrontAccessToken: 'bdc89f347d2ce61c1feeb9f8c60b2b98',}); ShopifyBuy.UI.onReady(cliente).luego(funci\u00f3n(ui){ ui.createComponent('productSet',{ id:(7733197570125,7676106080333,7733290664013), nodo:document.getElementById('udiscover-store-tres-producto'), moneyFormat:'%24%7B%7Bamount%7D%7D', opciones:{&quot;producto&quot;:{&quot;marco flotante&quot;:FALSO,&quot;bot\u00f3nDestino&quot;:&quot;modal&quot;,&quot;contenido&quot;:{&quot;opciones&quot;:verdadero},&quot;texto&quot;:{&quot;bot\u00f3n&quot;:&quot;PEDIR AHORA&quot;,&quot;Agotado&quot;:&quot;Lo sentimos, esto est\u00e1 agotado.&quot;}},&quot;conjunto de productos&quot;:{&quot;marco flotante&quot;:FALSO},&quot;modalProducto&quot;:{&quot;marco flotante&quot;:FALSO,&quot;contenido&quot;:{&quot;imagen&quot;:FALSO,&quot;imgConCarrusel&quot;:verdadero,&quot;bot\u00f3n&quot;:FALSO,&quot;bot\u00f3nConCantidad&quot;:verdadero}},&quot;modal&quot;:{&quot;marco flotante&quot;:FALSO},&quot;opci\u00f3n&quot;:{&quot;marco flotante&quot;:FALSO},&quot;carro&quot;:{&quot;marco flotante&quot;:FALSO},&quot;palanca&quot;:{&quot;marco flotante&quot;:FALSO,&quot;contenido&quot;:{&quot;icono&quot;:FALSO}},&quot;art\u00edculo de l\u00ednea&quot;:{&quot;marco flotante&quot;:FALSO}}, }); }); } })(); \/*))>*\/ <\/div>\n<\/p>\n<p>&#8220;He estado escuchando &#8216;I Want You&#8217; repetidamente de diferentes maneras durante la mayor parte de mi vida y con el tiempo he adquirido una perspectiva de ello&#8221;, escribe ReMi en las notas. &#8220;Me di cuenta de que este \u00e1lbum fue cuando me di cuenta de que mi edad adulta&#8230; me brinda todas las cosas que busco en la m\u00fasica&#8221;.<\/p>\n<p>La celebraci\u00f3n contin\u00faa con <em>te quiero 2<\/em>un conjunto especial de 2LP con pistas adicionales, tomas alternativas y rarezas publicado por primera vez en CD en 2003. Impreso en vinilo de 180 g, el empaque contiene una litograf\u00eda exclusiva y notas introductorias del artista y compositor de R&#038;B Arin Ray.<\/p>\n<p>Gaye tuvo una gran tarea despu\u00e9s del \u00e1lbum del Sal\u00f3n de la Fama de los Grammy de 1973 <em>Vamos a seguir adelante<\/em>. Encontr\u00f3 un colaborador en Leon Ware, conocido por su trabajo con Michael Jackson, The Miracles y Minnie Ripperton, entre otros, y los dos trabajaron en el disco en el nuevo estudio personalizado de Marvin, ahora conocido como \u201cMarvin&#8217;s Room\u201d, en Sunset Boulevard en Los \u00c1ngeles.<\/p>\n<p>Esas sesiones produjeron temas b\u00e1sicos como \u201cCome Live With Me Angel\u201d, \u201cI Wanna Be Where You Are\u201d (una reelaboraci\u00f3n del \u00e9xito de Michael Jackson), \u201cSince I Had You\u201d y \u201cAfter The Dance\u201d.<\/p>\n<p><b>Comprar Marvin Gaye <em>Te deseo<\/em> y <em>te quiero 2<\/em> aqu\u00ed<em>.<\/em><\/b><\/p>\n","protected":false},"excerpt":{"rendered":"<p>Descrito por Pitchfork como \u201cuno de los \u00e1lbumes m\u00e1s sexys de la historia de la m\u00fasica\u201d, el disco n\u00famero uno de Marvin Gaye. Te deseo<\/p>\n","protected":false},"author":1,"featured_media":5363,"comment_status":"closed","ping_status":"","sticky":false,"template":"","format":"standard","meta":{"footnotes":""},"categories":[50],"tags":[98,1338,1337,96,3173,683],"class_list":["post-5362","post","type-post","status-publish","format-standard","has-post-thumbnail","hentry","category-el-ultimo","tag-aniversario","tag-gaye","tag-marvin","tag-por","tag-reeditado","tag-sera","generate-columns","tablet-grid-50","mobile-grid-100","grid-parent","grid-50"],"yoast_head":"<!-- This site is optimized with the Yoast SEO plugin v23.3 - https:\/\/yoast.com\/wordpress\/plugins\/seo\/ -->\n<title>&#039;I Want You&#039; de Marvin Gaye ser\u00e1 reeditado por su 50 aniversario<\/title>\n<meta name=\"robots\" content=\"index, follow, max-snippet:-1, max-image-preview:large, max-video-preview:-1\" \/>\n<link rel=\"canonical\" href=\"https:\/\/web.consaguirre.com.ar\/noticias\/i-want-you-de-marvin-gaye-sera-reeditado-por-su-50-aniversario\/\" \/>\n<meta property=\"og:locale\" content=\"es_ES\" \/>\n<meta property=\"og:type\" content=\"article\" \/>\n<meta property=\"og:title\" content=\"&#039;I Want You&#039; de Marvin Gaye ser\u00e1 reeditado por su 50 aniversario\" \/>\n<meta property=\"og:description\" content=\"Descrito por Pitchfork como \u201cuno de los \u00e1lbumes m\u00e1s sexys de la historia de la m\u00fasica\u201d, el disco n\u00famero uno de Marvin Gaye. Te deseo\" \/>\n<meta property=\"og:url\" content=\"https:\/\/web.consaguirre.com.ar\/noticias\/i-want-you-de-marvin-gaye-sera-reeditado-por-su-50-aniversario\/\" \/>\n<meta property=\"og:site_name\" content=\"Conservatorio de M\u00fasica Juli\u00e1n Aguirre\" \/>\n<meta property=\"article:published_time\" content=\"2026-03-16T14:39:02+00:00\" \/>\n<meta property=\"article:modified_time\" content=\"2026-03-16T14:39:03+00:00\" \/>\n<meta property=\"og:image\" content=\"https:\/\/web.consaguirre.com.ar\/noticias\/wp-content\/uploads\/2026\/03\/I-Want-You-de-Marvin-Gaye-sera-reeditado-por-su.jpg\" \/>\n\t<meta property=\"og:image:width\" content=\"820\" \/>\n\t<meta property=\"og:image:height\" content=\"820\" \/>\n\t<meta property=\"og:image:type\" content=\"image\/jpeg\" \/>\n<meta name=\"author\" content=\"Javier Figueroa\" \/>\n<meta name=\"twitter:card\" content=\"summary_large_image\" \/>\n<meta name=\"twitter:label1\" content=\"Escrito por\" \/>\n\t<meta name=\"twitter:data1\" content=\"Javier Figueroa\" \/>\n\t<meta name=\"twitter:label2\" content=\"Tiempo de lectura\" \/>\n\t<meta name=\"twitter:data2\" content=\"2 minutos\" \/>\n<script type=\"application\/ld+json\" class=\"yoast-schema-graph\">{\"@context\":\"https:\/\/schema.org\",\"@graph\":[{\"@type\":\"Article\",\"@id\":\"https:\/\/web.consaguirre.com.ar\/noticias\/i-want-you-de-marvin-gaye-sera-reeditado-por-su-50-aniversario\/#article\",\"isPartOf\":{\"@id\":\"https:\/\/web.consaguirre.com.ar\/noticias\/i-want-you-de-marvin-gaye-sera-reeditado-por-su-50-aniversario\/\"},\"author\":{\"name\":\"Javier Figueroa\",\"@id\":\"https:\/\/web.consaguirre.com.ar\/noticias\/#\/schema\/person\/6558b0cfedee7ddc5425602b237d5722\"},\"headline\":\"&#8216;I Want You&#8217; de Marvin Gaye ser\u00e1 reeditado por su 50 aniversario\",\"datePublished\":\"2026-03-16T14:39:02+00:00\",\"dateModified\":\"2026-03-16T14:39:03+00:00\",\"mainEntityOfPage\":{\"@id\":\"https:\/\/web.consaguirre.com.ar\/noticias\/i-want-you-de-marvin-gaye-sera-reeditado-por-su-50-aniversario\/\"},\"wordCount\":365,\"publisher\":{\"@id\":\"https:\/\/web.consaguirre.com.ar\/noticias\/#organization\"},\"image\":{\"@id\":\"https:\/\/web.consaguirre.com.ar\/noticias\/i-want-you-de-marvin-gaye-sera-reeditado-por-su-50-aniversario\/#primaryimage\"},\"thumbnailUrl\":\"https:\/\/web.consaguirre.com.ar\/noticias\/wp-content\/uploads\/2026\/03\/I-Want-You-de-Marvin-Gaye-sera-reeditado-por-su.jpg\",\"keywords\":[\"aniversario\",\"Gaye\",\"Marvin\",\"por\",\"reeditado\",\"Sera\"],\"articleSection\":[\"El \u00faltimo\"],\"inLanguage\":\"es-AR\"},{\"@type\":\"WebPage\",\"@id\":\"https:\/\/web.consaguirre.com.ar\/noticias\/i-want-you-de-marvin-gaye-sera-reeditado-por-su-50-aniversario\/\",\"url\":\"https:\/\/web.consaguirre.com.ar\/noticias\/i-want-you-de-marvin-gaye-sera-reeditado-por-su-50-aniversario\/\",\"name\":\"'I Want You' de Marvin Gaye ser\u00e1 reeditado por su 50 aniversario\",\"isPartOf\":{\"@id\":\"https:\/\/web.consaguirre.com.ar\/noticias\/#website\"},\"primaryImageOfPage\":{\"@id\":\"https:\/\/web.consaguirre.com.ar\/noticias\/i-want-you-de-marvin-gaye-sera-reeditado-por-su-50-aniversario\/#primaryimage\"},\"image\":{\"@id\":\"https:\/\/web.consaguirre.com.ar\/noticias\/i-want-you-de-marvin-gaye-sera-reeditado-por-su-50-aniversario\/#primaryimage\"},\"thumbnailUrl\":\"https:\/\/web.consaguirre.com.ar\/noticias\/wp-content\/uploads\/2026\/03\/I-Want-You-de-Marvin-Gaye-sera-reeditado-por-su.jpg\",\"datePublished\":\"2026-03-16T14:39:02+00:00\",\"dateModified\":\"2026-03-16T14:39:03+00:00\",\"breadcrumb\":{\"@id\":\"https:\/\/web.consaguirre.com.ar\/noticias\/i-want-you-de-marvin-gaye-sera-reeditado-por-su-50-aniversario\/#breadcrumb\"},\"inLanguage\":\"es-AR\",\"potentialAction\":[{\"@type\":\"ReadAction\",\"target\":[\"https:\/\/web.consaguirre.com.ar\/noticias\/i-want-you-de-marvin-gaye-sera-reeditado-por-su-50-aniversario\/\"]}]},{\"@type\":\"ImageObject\",\"inLanguage\":\"es-AR\",\"@id\":\"https:\/\/web.consaguirre.com.ar\/noticias\/i-want-you-de-marvin-gaye-sera-reeditado-por-su-50-aniversario\/#primaryimage\",\"url\":\"https:\/\/web.consaguirre.com.ar\/noticias\/wp-content\/uploads\/2026\/03\/I-Want-You-de-Marvin-Gaye-sera-reeditado-por-su.jpg\",\"contentUrl\":\"https:\/\/web.consaguirre.com.ar\/noticias\/wp-content\/uploads\/2026\/03\/I-Want-You-de-Marvin-Gaye-sera-reeditado-por-su.jpg\",\"width\":820,\"height\":820,\"caption\":\"Marvin Gaye I Want You\"},{\"@type\":\"BreadcrumbList\",\"@id\":\"https:\/\/web.consaguirre.com.ar\/noticias\/i-want-you-de-marvin-gaye-sera-reeditado-por-su-50-aniversario\/#breadcrumb\",\"itemListElement\":[{\"@type\":\"ListItem\",\"position\":1,\"name\":\"Inicio\",\"item\":\"https:\/\/web.consaguirre.com.ar\/noticias\/\"},{\"@type\":\"ListItem\",\"position\":2,\"name\":\"&#8216;I Want You&#8217; de Marvin Gaye ser\u00e1 reeditado por su 50 aniversario\"}]},{\"@type\":\"WebSite\",\"@id\":\"https:\/\/web.consaguirre.com.ar\/noticias\/#website\",\"url\":\"https:\/\/web.consaguirre.com.ar\/noticias\/\",\"name\":\"Conservatorio de M\u00fasica Juli\u00e1n Aguirre\",\"description\":\"\",\"publisher\":{\"@id\":\"https:\/\/web.consaguirre.com.ar\/noticias\/#organization\"},\"potentialAction\":[{\"@type\":\"SearchAction\",\"target\":{\"@type\":\"EntryPoint\",\"urlTemplate\":\"https:\/\/web.consaguirre.com.ar\/noticias\/?s={search_term_string}\"},\"query-input\":\"required name=search_term_string\"}],\"inLanguage\":\"es-AR\"},{\"@type\":\"Organization\",\"@id\":\"https:\/\/web.consaguirre.com.ar\/noticias\/#organization\",\"name\":\"Conservatorio de M\u00fasica Juli\u00e1n Aguirre\",\"url\":\"https:\/\/web.consaguirre.com.ar\/noticias\/\",\"logo\":{\"@type\":\"ImageObject\",\"inLanguage\":\"es-AR\",\"@id\":\"https:\/\/web.consaguirre.com.ar\/noticias\/#\/schema\/logo\/image\/\",\"url\":\"https:\/\/web.consaguirre.com.ar\/noticias\/wp-content\/uploads\/2024\/08\/Banner-Aguirre-23.jpg\",\"contentUrl\":\"https:\/\/web.consaguirre.com.ar\/noticias\/wp-content\/uploads\/2024\/08\/Banner-Aguirre-23.jpg\",\"width\":1192,\"height\":600,\"caption\":\"Conservatorio de M\u00fasica Juli\u00e1n Aguirre\"},\"image\":{\"@id\":\"https:\/\/web.consaguirre.com.ar\/noticias\/#\/schema\/logo\/image\/\"}},{\"@type\":\"Person\",\"@id\":\"https:\/\/web.consaguirre.com.ar\/noticias\/#\/schema\/person\/6558b0cfedee7ddc5425602b237d5722\",\"name\":\"Javier Figueroa\",\"image\":{\"@type\":\"ImageObject\",\"inLanguage\":\"es-AR\",\"@id\":\"https:\/\/web.consaguirre.com.ar\/noticias\/#\/schema\/person\/image\/\",\"url\":\"https:\/\/web.consaguirre.com.ar\/noticias\/wp-content\/uploads\/2024\/08\/Consaguirre-scaled.jpg\",\"contentUrl\":\"https:\/\/web.consaguirre.com.ar\/noticias\/wp-content\/uploads\/2024\/08\/Consaguirre-scaled.jpg\",\"caption\":\"Javier Figueroa\"},\"description\":\"Me llamo Javier Figueroa y soy redactor para el sitio oficial del Conservatorio de M\u00fasica Juli\u00e1n Aguirre en Buenos Aires, consaguirre.com. Apasionado por la m\u00fasica y la escritura, me esfuerzo por destacar los talentos y eventos de nuestra prestigiosa instituci\u00f3n. Mi trayectoria se nutre de una profunda admiraci\u00f3n por los artistas, haciendo de cada art\u00edculo una celebraci\u00f3n de la creatividad y la cultura musical.\",\"sameAs\":[\"https:\/\/web.consaguirre.com.ar\/noticias\"]}]}<\/script>\n<!-- \/ Yoast SEO plugin. -->","yoast_head_json":{"title":"'I Want You' de Marvin Gaye ser\u00e1 reeditado por su 50 aniversario","robots":{"index":"index","follow":"follow","max-snippet":"max-snippet:-1","max-image-preview":"max-image-preview:large","max-video-preview":"max-video-preview:-1"},"canonical":"https:\/\/web.consaguirre.com.ar\/noticias\/i-want-you-de-marvin-gaye-sera-reeditado-por-su-50-aniversario\/","og_locale":"es_ES","og_type":"article","og_title":"'I Want You' de Marvin Gaye ser\u00e1 reeditado por su 50 aniversario","og_description":"Descrito por Pitchfork como \u201cuno de los \u00e1lbumes m\u00e1s sexys de la historia de la m\u00fasica\u201d, el disco n\u00famero uno de Marvin Gaye. Te deseo","og_url":"https:\/\/web.consaguirre.com.ar\/noticias\/i-want-you-de-marvin-gaye-sera-reeditado-por-su-50-aniversario\/","og_site_name":"Conservatorio de M\u00fasica Juli\u00e1n Aguirre","article_published_time":"2026-03-16T14:39:02+00:00","article_modified_time":"2026-03-16T14:39:03+00:00","og_image":[{"width":820,"height":820,"url":"https:\/\/web.consaguirre.com.ar\/noticias\/wp-content\/uploads\/2026\/03\/I-Want-You-de-Marvin-Gaye-sera-reeditado-por-su.jpg","type":"image\/jpeg"}],"author":"Javier Figueroa","twitter_card":"summary_large_image","twitter_misc":{"Escrito por":"Javier Figueroa","Tiempo de lectura":"2 minutos"},"schema":{"@context":"https:\/\/schema.org","@graph":[{"@type":"Article","@id":"https:\/\/web.consaguirre.com.ar\/noticias\/i-want-you-de-marvin-gaye-sera-reeditado-por-su-50-aniversario\/#article","isPartOf":{"@id":"https:\/\/web.consaguirre.com.ar\/noticias\/i-want-you-de-marvin-gaye-sera-reeditado-por-su-50-aniversario\/"},"author":{"name":"Javier Figueroa","@id":"https:\/\/web.consaguirre.com.ar\/noticias\/#\/schema\/person\/6558b0cfedee7ddc5425602b237d5722"},"headline":"&#8216;I Want You&#8217; de Marvin Gaye ser\u00e1 reeditado por su 50 aniversario","datePublished":"2026-03-16T14:39:02+00:00","dateModified":"2026-03-16T14:39:03+00:00","mainEntityOfPage":{"@id":"https:\/\/web.consaguirre.com.ar\/noticias\/i-want-you-de-marvin-gaye-sera-reeditado-por-su-50-aniversario\/"},"wordCount":365,"publisher":{"@id":"https:\/\/web.consaguirre.com.ar\/noticias\/#organization"},"image":{"@id":"https:\/\/web.consaguirre.com.ar\/noticias\/i-want-you-de-marvin-gaye-sera-reeditado-por-su-50-aniversario\/#primaryimage"},"thumbnailUrl":"https:\/\/web.consaguirre.com.ar\/noticias\/wp-content\/uploads\/2026\/03\/I-Want-You-de-Marvin-Gaye-sera-reeditado-por-su.jpg","keywords":["aniversario","Gaye","Marvin","por","reeditado","Sera"],"articleSection":["El \u00faltimo"],"inLanguage":"es-AR"},{"@type":"WebPage","@id":"https:\/\/web.consaguirre.com.ar\/noticias\/i-want-you-de-marvin-gaye-sera-reeditado-por-su-50-aniversario\/","url":"https:\/\/web.consaguirre.com.ar\/noticias\/i-want-you-de-marvin-gaye-sera-reeditado-por-su-50-aniversario\/","name":"'I Want You' de Marvin Gaye ser\u00e1 reeditado por su 50 aniversario","isPartOf":{"@id":"https:\/\/web.consaguirre.com.ar\/noticias\/#website"},"primaryImageOfPage":{"@id":"https:\/\/web.consaguirre.com.ar\/noticias\/i-want-you-de-marvin-gaye-sera-reeditado-por-su-50-aniversario\/#primaryimage"},"image":{"@id":"https:\/\/web.consaguirre.com.ar\/noticias\/i-want-you-de-marvin-gaye-sera-reeditado-por-su-50-aniversario\/#primaryimage"},"thumbnailUrl":"https:\/\/web.consaguirre.com.ar\/noticias\/wp-content\/uploads\/2026\/03\/I-Want-You-de-Marvin-Gaye-sera-reeditado-por-su.jpg","datePublished":"2026-03-16T14:39:02+00:00","dateModified":"2026-03-16T14:39:03+00:00","breadcrumb":{"@id":"https:\/\/web.consaguirre.com.ar\/noticias\/i-want-you-de-marvin-gaye-sera-reeditado-por-su-50-aniversario\/#breadcrumb"},"inLanguage":"es-AR","potentialAction":[{"@type":"ReadAction","target":["https:\/\/web.consaguirre.com.ar\/noticias\/i-want-you-de-marvin-gaye-sera-reeditado-por-su-50-aniversario\/"]}]},{"@type":"ImageObject","inLanguage":"es-AR","@id":"https:\/\/web.consaguirre.com.ar\/noticias\/i-want-you-de-marvin-gaye-sera-reeditado-por-su-50-aniversario\/#primaryimage","url":"https:\/\/web.consaguirre.com.ar\/noticias\/wp-content\/uploads\/2026\/03\/I-Want-You-de-Marvin-Gaye-sera-reeditado-por-su.jpg","contentUrl":"https:\/\/web.consaguirre.com.ar\/noticias\/wp-content\/uploads\/2026\/03\/I-Want-You-de-Marvin-Gaye-sera-reeditado-por-su.jpg","width":820,"height":820,"caption":"Marvin Gaye I Want You"},{"@type":"BreadcrumbList","@id":"https:\/\/web.consaguirre.com.ar\/noticias\/i-want-you-de-marvin-gaye-sera-reeditado-por-su-50-aniversario\/#breadcrumb","itemListElement":[{"@type":"ListItem","position":1,"name":"Inicio","item":"https:\/\/web.consaguirre.com.ar\/noticias\/"},{"@type":"ListItem","position":2,"name":"&#8216;I Want You&#8217; de Marvin Gaye ser\u00e1 reeditado por su 50 aniversario"}]},{"@type":"WebSite","@id":"https:\/\/web.consaguirre.com.ar\/noticias\/#website","url":"https:\/\/web.consaguirre.com.ar\/noticias\/","name":"Conservatorio de M\u00fasica Juli\u00e1n Aguirre","description":"","publisher":{"@id":"https:\/\/web.consaguirre.com.ar\/noticias\/#organization"},"potentialAction":[{"@type":"SearchAction","target":{"@type":"EntryPoint","urlTemplate":"https:\/\/web.consaguirre.com.ar\/noticias\/?s={search_term_string}"},"query-input":"required name=search_term_string"}],"inLanguage":"es-AR"},{"@type":"Organization","@id":"https:\/\/web.consaguirre.com.ar\/noticias\/#organization","name":"Conservatorio de M\u00fasica Juli\u00e1n Aguirre","url":"https:\/\/web.consaguirre.com.ar\/noticias\/","logo":{"@type":"ImageObject","inLanguage":"es-AR","@id":"https:\/\/web.consaguirre.com.ar\/noticias\/#\/schema\/logo\/image\/","url":"https:\/\/web.consaguirre.com.ar\/noticias\/wp-content\/uploads\/2024\/08\/Banner-Aguirre-23.jpg","contentUrl":"https:\/\/web.consaguirre.com.ar\/noticias\/wp-content\/uploads\/2024\/08\/Banner-Aguirre-23.jpg","width":1192,"height":600,"caption":"Conservatorio de M\u00fasica Juli\u00e1n Aguirre"},"image":{"@id":"https:\/\/web.consaguirre.com.ar\/noticias\/#\/schema\/logo\/image\/"}},{"@type":"Person","@id":"https:\/\/web.consaguirre.com.ar\/noticias\/#\/schema\/person\/6558b0cfedee7ddc5425602b237d5722","name":"Javier Figueroa","image":{"@type":"ImageObject","inLanguage":"es-AR","@id":"https:\/\/web.consaguirre.com.ar\/noticias\/#\/schema\/person\/image\/","url":"https:\/\/web.consaguirre.com.ar\/noticias\/wp-content\/uploads\/2024\/08\/Consaguirre-scaled.jpg","contentUrl":"https:\/\/web.consaguirre.com.ar\/noticias\/wp-content\/uploads\/2024\/08\/Consaguirre-scaled.jpg","caption":"Javier Figueroa"},"description":"Me llamo Javier Figueroa y soy redactor para el sitio oficial del Conservatorio de M\u00fasica Juli\u00e1n Aguirre en Buenos Aires, consaguirre.com. Apasionado por la m\u00fasica y la escritura, me esfuerzo por destacar los talentos y eventos de nuestra prestigiosa instituci\u00f3n. Mi trayectoria se nutre de una profunda admiraci\u00f3n por los artistas, haciendo de cada art\u00edculo una celebraci\u00f3n de la creatividad y la cultura musical.","sameAs":["https:\/\/web.consaguirre.com.ar\/noticias"]}]}},"_links":{"self":[{"href":"https:\/\/web.consaguirre.com.ar\/noticias\/wp-json\/wp\/v2\/posts\/5362"}],"collection":[{"href":"https:\/\/web.consaguirre.com.ar\/noticias\/wp-json\/wp\/v2\/posts"}],"about":[{"href":"https:\/\/web.consaguirre.com.ar\/noticias\/wp-json\/wp\/v2\/types\/post"}],"author":[{"embeddable":true,"href":"https:\/\/web.consaguirre.com.ar\/noticias\/wp-json\/wp\/v2\/users\/1"}],"replies":[{"embeddable":true,"href":"https:\/\/web.consaguirre.com.ar\/noticias\/wp-json\/wp\/v2\/comments?post=5362"}],"version-history":[{"count":1,"href":"https:\/\/web.consaguirre.com.ar\/noticias\/wp-json\/wp\/v2\/posts\/5362\/revisions"}],"predecessor-version":[{"id":5364,"href":"https:\/\/web.consaguirre.com.ar\/noticias\/wp-json\/wp\/v2\/posts\/5362\/revisions\/5364"}],"wp:featuredmedia":[{"embeddable":true,"href":"https:\/\/web.consaguirre.com.ar\/noticias\/wp-json\/wp\/v2\/media\/5363"}],"wp:attachment":[{"href":"https:\/\/web.consaguirre.com.ar\/noticias\/wp-json\/wp\/v2\/media?parent=5362"}],"wp:term":[{"taxonomy":"category","embeddable":true,"href":"https:\/\/web.consaguirre.com.ar\/noticias\/wp-json\/wp\/v2\/categories?post=5362"},{"taxonomy":"post_tag","embeddable":true,"href":"https:\/\/web.consaguirre.com.ar\/noticias\/wp-json\/wp\/v2\/tags?post=5362"}],"curies":[{"name":"wp","href":"https:\/\/api.w.org\/{rel}","templated":true}]}}