{"id":5359,"date":"2026-03-13T23:40:48","date_gmt":"2026-03-14T02:40:48","guid":{"rendered":"https:\/\/web.consaguirre.com.ar\/noticias\/se-estrenaran-las-grabaciones-del-trio-oscar-peterson-de-1960-perdidas-hace-mucho-tiempo\/"},"modified":"2026-03-13T23:40:49","modified_gmt":"2026-03-14T02:40:49","slug":"se-estrenaran-las-grabaciones-del-trio-oscar-peterson-de-1960-perdidas-hace-mucho-tiempo","status":"publish","type":"post","link":"https:\/\/web.consaguirre.com.ar\/noticias\/se-estrenaran-las-grabaciones-del-trio-oscar-peterson-de-1960-perdidas-hace-mucho-tiempo\/","title":{"rendered":"Se estrenar\u00e1n las grabaciones del tr\u00edo Oscar Peterson de 1960, perdidas hace mucho tiempo"},"content":{"rendered":"<p>Una de las grabaciones cl\u00e1sicas de jazz de Oscar Peterson se lanzar\u00e1 hace mucho tiempo. <em>Oscar Peterson Trio: en vivo en Baker&#8217;s Keyboard Lounge<\/em> consta de grabaciones en vivo de 1960, pero nunca se ha publicado hasta ahora. El \u00e1lbum saldr\u00e1 el 17 de abril a trav\u00e9s de Verve Records y estar\u00e1 disponible en CD, vinilo y digital. El primer single \u201cS&#8217;posing\u201d ya est\u00e1 disponible.<\/p>\n<div align=\"center\">\n<div class=\"udiscover-store-container\">\n<div id='udiscover-store-two-product'><\/div>\n<\/div>\n<p>\/*<!(CDATA(*\/(function (){var scriptURL='https:\/\/sdks.shopifycdn.com\/buy-button\/latest\/buy-button-storefront.min.js';if(window.ShopifyBuy){if(window.ShopifyBuy.UI){ShopifyBuyInit();}else{loadScript();}}else{loadScript();}funci\u00f3n loadScript(){var script=document.createElement('script');script.async=true;script.src=scriptURL;(document.getElementsByTagName('head')(0)|| document.getElementsByTagName('body')(0)).appendChild(script);script.onload=ShopifyBuyInit;} function ShopifyBuyInit(){var cliente=ShopifyBuy.buildClient({dominio:'udiscover.myshopify.com',storefrontAccessToken: 'bdc89f347d2ce61c1feeb9f8c60b2b98',}); ShopifyBuy.UI.onReady(cliente).luego(funci\u00f3n(ui){ ui.createComponent('productSet',{ id:(7734993715277,7734993748045), nodo:document.getElementById('udiscover-store-two-product'), moneyFormat:'%24%7B%7Bamount%7D%7D', opciones:{&quot;producto&quot;:{&quot;marco flotante&quot;:FALSO,&quot;bot\u00f3nDestino&quot;:&quot;modal&quot;,&quot;contenido&quot;:{&quot;opciones&quot;:verdadero},&quot;texto&quot;:{&quot;bot\u00f3n&quot;:&quot;PEDIR AHORA&quot;,&quot;Agotado&quot;:&quot;Lo sentimos, esto est\u00e1 agotado.&quot;}},&quot;conjunto de productos&quot;:{&quot;marco flotante&quot;:FALSO},&quot;modalProducto&quot;:{&quot;marco flotante&quot;:FALSO,&quot;contenido&quot;:{&quot;imagen&quot;:FALSO,&quot;imgConCarrusel&quot;:verdadero,&quot;bot\u00f3n&quot;:FALSO,&quot;bot\u00f3nConCantidad&quot;:verdadero}},&quot;modal&quot;:{&quot;marco flotante&quot;:FALSO},&quot;opci\u00f3n&quot;:{&quot;marco flotante&quot;:FALSO},&quot;carro&quot;:{&quot;marco flotante&quot;:FALSO},&quot;palanca&quot;:{&quot;marco flotante&quot;:FALSO,&quot;contenido&quot;:{&quot;icono&quot;:FALSO}},&quot;art\u00edculo de l\u00ednea&quot;:{&quot;marco flotante&quot;:FALSO}}, }); }); } })(); \/*))>*\/ <\/div>\n<\/p>\n<p>Grabado en Detroit hace 66 a\u00f1os, <em>Oscar Peterson Trio: en vivo en Baker&#8217;s Keyboard Lounge<\/em> Comprende cinco conjuntos diferentes, todos realizados durante el compromiso. La versi\u00f3n est\u00e1ndar del trabajo, que se lanzar\u00e1 en CD y 1LP, incluye selecciones de los cinco conjuntos. Las grabaciones completas incluyen los cinco sets en el orden en que fueron reproducidos y se lanzar\u00e1n en una versi\u00f3n 3LP y digitalmente. La versi\u00f3n 3LP incluye extensas notas escritas por Mark Stryker, un historiador del jazz de Detroit. Las grabaciones finalmente estar\u00e1n disponibles despu\u00e9s de que fueron descubiertas en una caja mal etiquetada en las b\u00f3vedas de Verve.<\/p>\n<div class=\"uD-YT-container\"><img decoding=\"async\" src=\"https:\/\/web.consaguirre.com.ar\/noticias\/wp-content\/uploads\/2026\/03\/1773456048_159_Se-estrenaran-las-grabaciones-del-trio-Oscar-Peterson-de-1960.jpg\" alt=\"V\u00eddeo de YouTube\"><br \/>Haga clic para cargar v\u00eddeo<\/div>\n<p>Peterson, que act\u00faa aqu\u00ed con el bajista Ray Brown y el baterista Ed Thigpen, es uno de los artistas de jazz m\u00e1s destacados de su \u00e9poca y uno de los mejores pianistas de todos los tiempos. A lo largo de su carrera, Peterson cre\u00f3 m\u00e1s de 200 grabaciones. Nacido en Canad\u00e1 en 1925, Peterson actu\u00f3 en d\u00faos, tr\u00edos y cuartetos a lo largo de su larga carrera, actuando en clubes m\u00e1s peque\u00f1os, como el Baker&#8217;s Keyboard Lounge, con capacidad para 99 personas, antes de pasar a salas de conciertos m\u00e1s grandes. &#8220;En los clubes nuestro juego siempre ser\u00eda mucho m\u00e1s relajado y nos mirar\u00edamos unos a otros de otra manera, m\u00e1s contacto visual, tal vez un tipo diferente de desaf\u00edo&#8221;, reflexion\u00f3 Peterson a\u00f1os m\u00e1s tarde en una entrevista con <em>jazzwise<\/em>. &#8220;Podr\u00edamos llevar la m\u00fasica en diferentes direcciones de una manera que no lo har\u00edamos en el escenario del concierto&#8221;.<\/p>\n<p>Peterson actu\u00f3 en el Baker&#8217;s Keyboard Lounge 18 veces entre 1957 y 1972, pero <em>Oscar Peterson Trio: en vivo en Baker&#8217;s Keyboard Lounge<\/em> es una grabaci\u00f3n poco com\u00fan del hist\u00f3rico club, capturada en un momento en que Detroit estaba en el centro del mundo del jazz.<\/p>\n<p><b>Compra el tr\u00edo de Oscar Peterson <em>En vivo en Baker&#8217;s Keyboard Lounge<\/em> en vinilo y CD aqu\u00ed.<\/b><\/p>\n","protected":false},"excerpt":{"rendered":"<p>Una de las grabaciones cl\u00e1sicas de jazz de Oscar Peterson se lanzar\u00e1 hace mucho tiempo. Oscar Peterson Trio: en vivo en Baker&#8217;s Keyboard Lounge consta<\/p>\n","protected":false},"author":1,"featured_media":5360,"comment_status":"closed","ping_status":"","sticky":false,"template":"","format":"standard","meta":{"footnotes":""},"categories":[50],"tags":[10,3980,3858,1440,18,2316,1737,3981,3647,383,2765],"class_list":["post-5359","post","type-post","status-publish","format-standard","has-post-thumbnail","hentry","category-el-ultimo","tag-del","tag-estrenaran","tag-grabaciones","tag-hace","tag-las","tag-mucho","tag-oscar","tag-perdidas","tag-peterson","tag-tiempo","tag-trio","generate-columns","tablet-grid-50","mobile-grid-100","grid-parent","grid-50"],"yoast_head":"<!-- This site is optimized with the Yoast SEO plugin v23.3 - https:\/\/yoast.com\/wordpress\/plugins\/seo\/ -->\n<title>Se estrenar\u00e1n las grabaciones del tr\u00edo Oscar Peterson de 1960, perdidas hace mucho tiempo<\/title>\n<meta name=\"robots\" content=\"index, follow, max-snippet:-1, max-image-preview:large, max-video-preview:-1\" \/>\n<link rel=\"canonical\" href=\"https:\/\/web.consaguirre.com.ar\/noticias\/se-estrenaran-las-grabaciones-del-trio-oscar-peterson-de-1960-perdidas-hace-mucho-tiempo\/\" \/>\n<meta property=\"og:locale\" content=\"es_ES\" \/>\n<meta property=\"og:type\" content=\"article\" \/>\n<meta property=\"og:title\" content=\"Se estrenar\u00e1n las grabaciones del tr\u00edo Oscar Peterson de 1960, perdidas hace mucho tiempo\" \/>\n<meta property=\"og:description\" content=\"Una de las grabaciones cl\u00e1sicas de jazz de Oscar Peterson se lanzar\u00e1 hace mucho tiempo. Oscar Peterson Trio: en vivo en Baker&#8217;s Keyboard Lounge consta\" \/>\n<meta property=\"og:url\" content=\"https:\/\/web.consaguirre.com.ar\/noticias\/se-estrenaran-las-grabaciones-del-trio-oscar-peterson-de-1960-perdidas-hace-mucho-tiempo\/\" \/>\n<meta property=\"og:site_name\" content=\"Conservatorio de M\u00fasica Juli\u00e1n Aguirre\" \/>\n<meta property=\"article:published_time\" content=\"2026-03-14T02:40:48+00:00\" \/>\n<meta property=\"article:modified_time\" content=\"2026-03-14T02:40:49+00:00\" \/>\n<meta property=\"og:image\" content=\"https:\/\/web.consaguirre.com.ar\/noticias\/wp-content\/uploads\/2026\/03\/Se-estrenaran-las-grabaciones-del-trio-Oscar-Peterson-de-1960.jpg\" \/>\n\t<meta property=\"og:image:width\" content=\"820\" \/>\n\t<meta property=\"og:image:height\" content=\"820\" \/>\n\t<meta property=\"og:image:type\" content=\"image\/jpeg\" \/>\n<meta name=\"author\" content=\"Javier Figueroa\" \/>\n<meta name=\"twitter:card\" content=\"summary_large_image\" \/>\n<meta name=\"twitter:label1\" content=\"Escrito por\" \/>\n\t<meta name=\"twitter:data1\" content=\"Javier Figueroa\" \/>\n\t<meta name=\"twitter:label2\" content=\"Tiempo de lectura\" \/>\n\t<meta name=\"twitter:data2\" content=\"2 minutos\" \/>\n<script type=\"application\/ld+json\" class=\"yoast-schema-graph\">{\"@context\":\"https:\/\/schema.org\",\"@graph\":[{\"@type\":\"Article\",\"@id\":\"https:\/\/web.consaguirre.com.ar\/noticias\/se-estrenaran-las-grabaciones-del-trio-oscar-peterson-de-1960-perdidas-hace-mucho-tiempo\/#article\",\"isPartOf\":{\"@id\":\"https:\/\/web.consaguirre.com.ar\/noticias\/se-estrenaran-las-grabaciones-del-trio-oscar-peterson-de-1960-perdidas-hace-mucho-tiempo\/\"},\"author\":{\"name\":\"Javier Figueroa\",\"@id\":\"https:\/\/web.consaguirre.com.ar\/noticias\/#\/schema\/person\/6558b0cfedee7ddc5425602b237d5722\"},\"headline\":\"Se estrenar\u00e1n las grabaciones del tr\u00edo Oscar Peterson de 1960, perdidas hace mucho tiempo\",\"datePublished\":\"2026-03-14T02:40:48+00:00\",\"dateModified\":\"2026-03-14T02:40:49+00:00\",\"mainEntityOfPage\":{\"@id\":\"https:\/\/web.consaguirre.com.ar\/noticias\/se-estrenaran-las-grabaciones-del-trio-oscar-peterson-de-1960-perdidas-hace-mucho-tiempo\/\"},\"wordCount\":430,\"publisher\":{\"@id\":\"https:\/\/web.consaguirre.com.ar\/noticias\/#organization\"},\"image\":{\"@id\":\"https:\/\/web.consaguirre.com.ar\/noticias\/se-estrenaran-las-grabaciones-del-trio-oscar-peterson-de-1960-perdidas-hace-mucho-tiempo\/#primaryimage\"},\"thumbnailUrl\":\"https:\/\/web.consaguirre.com.ar\/noticias\/wp-content\/uploads\/2026\/03\/Se-estrenaran-las-grabaciones-del-trio-Oscar-Peterson-de-1960.jpg\",\"keywords\":[\"del\",\"estrenar\u00e1n\",\"Grabaciones\",\"hace\",\"las\",\"mucho\",\"Oscar\",\"perdidas\",\"Peterson\",\"tiempo\",\"tr\u00edo\"],\"articleSection\":[\"El \u00faltimo\"],\"inLanguage\":\"es-AR\"},{\"@type\":\"WebPage\",\"@id\":\"https:\/\/web.consaguirre.com.ar\/noticias\/se-estrenaran-las-grabaciones-del-trio-oscar-peterson-de-1960-perdidas-hace-mucho-tiempo\/\",\"url\":\"https:\/\/web.consaguirre.com.ar\/noticias\/se-estrenaran-las-grabaciones-del-trio-oscar-peterson-de-1960-perdidas-hace-mucho-tiempo\/\",\"name\":\"Se estrenar\u00e1n las grabaciones del tr\u00edo Oscar Peterson de 1960, perdidas hace mucho tiempo\",\"isPartOf\":{\"@id\":\"https:\/\/web.consaguirre.com.ar\/noticias\/#website\"},\"primaryImageOfPage\":{\"@id\":\"https:\/\/web.consaguirre.com.ar\/noticias\/se-estrenaran-las-grabaciones-del-trio-oscar-peterson-de-1960-perdidas-hace-mucho-tiempo\/#primaryimage\"},\"image\":{\"@id\":\"https:\/\/web.consaguirre.com.ar\/noticias\/se-estrenaran-las-grabaciones-del-trio-oscar-peterson-de-1960-perdidas-hace-mucho-tiempo\/#primaryimage\"},\"thumbnailUrl\":\"https:\/\/web.consaguirre.com.ar\/noticias\/wp-content\/uploads\/2026\/03\/Se-estrenaran-las-grabaciones-del-trio-Oscar-Peterson-de-1960.jpg\",\"datePublished\":\"2026-03-14T02:40:48+00:00\",\"dateModified\":\"2026-03-14T02:40:49+00:00\",\"breadcrumb\":{\"@id\":\"https:\/\/web.consaguirre.com.ar\/noticias\/se-estrenaran-las-grabaciones-del-trio-oscar-peterson-de-1960-perdidas-hace-mucho-tiempo\/#breadcrumb\"},\"inLanguage\":\"es-AR\",\"potentialAction\":[{\"@type\":\"ReadAction\",\"target\":[\"https:\/\/web.consaguirre.com.ar\/noticias\/se-estrenaran-las-grabaciones-del-trio-oscar-peterson-de-1960-perdidas-hace-mucho-tiempo\/\"]}]},{\"@type\":\"ImageObject\",\"inLanguage\":\"es-AR\",\"@id\":\"https:\/\/web.consaguirre.com.ar\/noticias\/se-estrenaran-las-grabaciones-del-trio-oscar-peterson-de-1960-perdidas-hace-mucho-tiempo\/#primaryimage\",\"url\":\"https:\/\/web.consaguirre.com.ar\/noticias\/wp-content\/uploads\/2026\/03\/Se-estrenaran-las-grabaciones-del-trio-Oscar-Peterson-de-1960.jpg\",\"contentUrl\":\"https:\/\/web.consaguirre.com.ar\/noticias\/wp-content\/uploads\/2026\/03\/Se-estrenaran-las-grabaciones-del-trio-Oscar-Peterson-de-1960.jpg\",\"width\":820,\"height\":820,\"caption\":\"Oscar Peterson At Baker\u2019s Keyboard Lounge\"},{\"@type\":\"BreadcrumbList\",\"@id\":\"https:\/\/web.consaguirre.com.ar\/noticias\/se-estrenaran-las-grabaciones-del-trio-oscar-peterson-de-1960-perdidas-hace-mucho-tiempo\/#breadcrumb\",\"itemListElement\":[{\"@type\":\"ListItem\",\"position\":1,\"name\":\"Inicio\",\"item\":\"https:\/\/web.consaguirre.com.ar\/noticias\/\"},{\"@type\":\"ListItem\",\"position\":2,\"name\":\"Se estrenar\u00e1n las grabaciones del tr\u00edo Oscar Peterson de 1960, perdidas hace mucho tiempo\"}]},{\"@type\":\"WebSite\",\"@id\":\"https:\/\/web.consaguirre.com.ar\/noticias\/#website\",\"url\":\"https:\/\/web.consaguirre.com.ar\/noticias\/\",\"name\":\"Conservatorio de M\u00fasica Juli\u00e1n Aguirre\",\"description\":\"\",\"publisher\":{\"@id\":\"https:\/\/web.consaguirre.com.ar\/noticias\/#organization\"},\"potentialAction\":[{\"@type\":\"SearchAction\",\"target\":{\"@type\":\"EntryPoint\",\"urlTemplate\":\"https:\/\/web.consaguirre.com.ar\/noticias\/?s={search_term_string}\"},\"query-input\":\"required name=search_term_string\"}],\"inLanguage\":\"es-AR\"},{\"@type\":\"Organization\",\"@id\":\"https:\/\/web.consaguirre.com.ar\/noticias\/#organization\",\"name\":\"Conservatorio de M\u00fasica Juli\u00e1n Aguirre\",\"url\":\"https:\/\/web.consaguirre.com.ar\/noticias\/\",\"logo\":{\"@type\":\"ImageObject\",\"inLanguage\":\"es-AR\",\"@id\":\"https:\/\/web.consaguirre.com.ar\/noticias\/#\/schema\/logo\/image\/\",\"url\":\"https:\/\/web.consaguirre.com.ar\/noticias\/wp-content\/uploads\/2024\/08\/Banner-Aguirre-23.jpg\",\"contentUrl\":\"https:\/\/web.consaguirre.com.ar\/noticias\/wp-content\/uploads\/2024\/08\/Banner-Aguirre-23.jpg\",\"width\":1192,\"height\":600,\"caption\":\"Conservatorio de M\u00fasica Juli\u00e1n Aguirre\"},\"image\":{\"@id\":\"https:\/\/web.consaguirre.com.ar\/noticias\/#\/schema\/logo\/image\/\"}},{\"@type\":\"Person\",\"@id\":\"https:\/\/web.consaguirre.com.ar\/noticias\/#\/schema\/person\/6558b0cfedee7ddc5425602b237d5722\",\"name\":\"Javier Figueroa\",\"image\":{\"@type\":\"ImageObject\",\"inLanguage\":\"es-AR\",\"@id\":\"https:\/\/web.consaguirre.com.ar\/noticias\/#\/schema\/person\/image\/\",\"url\":\"https:\/\/web.consaguirre.com.ar\/noticias\/wp-content\/uploads\/2024\/08\/Consaguirre-scaled.jpg\",\"contentUrl\":\"https:\/\/web.consaguirre.com.ar\/noticias\/wp-content\/uploads\/2024\/08\/Consaguirre-scaled.jpg\",\"caption\":\"Javier Figueroa\"},\"description\":\"Me llamo Javier Figueroa y soy redactor para el sitio oficial del Conservatorio de M\u00fasica Juli\u00e1n Aguirre en Buenos Aires, consaguirre.com. Apasionado por la m\u00fasica y la escritura, me esfuerzo por destacar los talentos y eventos de nuestra prestigiosa instituci\u00f3n. Mi trayectoria se nutre de una profunda admiraci\u00f3n por los artistas, haciendo de cada art\u00edculo una celebraci\u00f3n de la creatividad y la cultura musical.\",\"sameAs\":[\"https:\/\/web.consaguirre.com.ar\/noticias\"]}]}<\/script>\n<!-- \/ Yoast SEO plugin. -->","yoast_head_json":{"title":"Se estrenar\u00e1n las grabaciones del tr\u00edo Oscar Peterson de 1960, perdidas hace mucho tiempo","robots":{"index":"index","follow":"follow","max-snippet":"max-snippet:-1","max-image-preview":"max-image-preview:large","max-video-preview":"max-video-preview:-1"},"canonical":"https:\/\/web.consaguirre.com.ar\/noticias\/se-estrenaran-las-grabaciones-del-trio-oscar-peterson-de-1960-perdidas-hace-mucho-tiempo\/","og_locale":"es_ES","og_type":"article","og_title":"Se estrenar\u00e1n las grabaciones del tr\u00edo Oscar Peterson de 1960, perdidas hace mucho tiempo","og_description":"Una de las grabaciones cl\u00e1sicas de jazz de Oscar Peterson se lanzar\u00e1 hace mucho tiempo. Oscar Peterson Trio: en vivo en Baker&#8217;s Keyboard Lounge consta","og_url":"https:\/\/web.consaguirre.com.ar\/noticias\/se-estrenaran-las-grabaciones-del-trio-oscar-peterson-de-1960-perdidas-hace-mucho-tiempo\/","og_site_name":"Conservatorio de M\u00fasica Juli\u00e1n Aguirre","article_published_time":"2026-03-14T02:40:48+00:00","article_modified_time":"2026-03-14T02:40:49+00:00","og_image":[{"width":820,"height":820,"url":"https:\/\/web.consaguirre.com.ar\/noticias\/wp-content\/uploads\/2026\/03\/Se-estrenaran-las-grabaciones-del-trio-Oscar-Peterson-de-1960.jpg","type":"image\/jpeg"}],"author":"Javier Figueroa","twitter_card":"summary_large_image","twitter_misc":{"Escrito por":"Javier Figueroa","Tiempo de lectura":"2 minutos"},"schema":{"@context":"https:\/\/schema.org","@graph":[{"@type":"Article","@id":"https:\/\/web.consaguirre.com.ar\/noticias\/se-estrenaran-las-grabaciones-del-trio-oscar-peterson-de-1960-perdidas-hace-mucho-tiempo\/#article","isPartOf":{"@id":"https:\/\/web.consaguirre.com.ar\/noticias\/se-estrenaran-las-grabaciones-del-trio-oscar-peterson-de-1960-perdidas-hace-mucho-tiempo\/"},"author":{"name":"Javier Figueroa","@id":"https:\/\/web.consaguirre.com.ar\/noticias\/#\/schema\/person\/6558b0cfedee7ddc5425602b237d5722"},"headline":"Se estrenar\u00e1n las grabaciones del tr\u00edo Oscar Peterson de 1960, perdidas hace mucho tiempo","datePublished":"2026-03-14T02:40:48+00:00","dateModified":"2026-03-14T02:40:49+00:00","mainEntityOfPage":{"@id":"https:\/\/web.consaguirre.com.ar\/noticias\/se-estrenaran-las-grabaciones-del-trio-oscar-peterson-de-1960-perdidas-hace-mucho-tiempo\/"},"wordCount":430,"publisher":{"@id":"https:\/\/web.consaguirre.com.ar\/noticias\/#organization"},"image":{"@id":"https:\/\/web.consaguirre.com.ar\/noticias\/se-estrenaran-las-grabaciones-del-trio-oscar-peterson-de-1960-perdidas-hace-mucho-tiempo\/#primaryimage"},"thumbnailUrl":"https:\/\/web.consaguirre.com.ar\/noticias\/wp-content\/uploads\/2026\/03\/Se-estrenaran-las-grabaciones-del-trio-Oscar-Peterson-de-1960.jpg","keywords":["del","estrenar\u00e1n","Grabaciones","hace","las","mucho","Oscar","perdidas","Peterson","tiempo","tr\u00edo"],"articleSection":["El \u00faltimo"],"inLanguage":"es-AR"},{"@type":"WebPage","@id":"https:\/\/web.consaguirre.com.ar\/noticias\/se-estrenaran-las-grabaciones-del-trio-oscar-peterson-de-1960-perdidas-hace-mucho-tiempo\/","url":"https:\/\/web.consaguirre.com.ar\/noticias\/se-estrenaran-las-grabaciones-del-trio-oscar-peterson-de-1960-perdidas-hace-mucho-tiempo\/","name":"Se estrenar\u00e1n las grabaciones del tr\u00edo Oscar Peterson de 1960, perdidas hace mucho tiempo","isPartOf":{"@id":"https:\/\/web.consaguirre.com.ar\/noticias\/#website"},"primaryImageOfPage":{"@id":"https:\/\/web.consaguirre.com.ar\/noticias\/se-estrenaran-las-grabaciones-del-trio-oscar-peterson-de-1960-perdidas-hace-mucho-tiempo\/#primaryimage"},"image":{"@id":"https:\/\/web.consaguirre.com.ar\/noticias\/se-estrenaran-las-grabaciones-del-trio-oscar-peterson-de-1960-perdidas-hace-mucho-tiempo\/#primaryimage"},"thumbnailUrl":"https:\/\/web.consaguirre.com.ar\/noticias\/wp-content\/uploads\/2026\/03\/Se-estrenaran-las-grabaciones-del-trio-Oscar-Peterson-de-1960.jpg","datePublished":"2026-03-14T02:40:48+00:00","dateModified":"2026-03-14T02:40:49+00:00","breadcrumb":{"@id":"https:\/\/web.consaguirre.com.ar\/noticias\/se-estrenaran-las-grabaciones-del-trio-oscar-peterson-de-1960-perdidas-hace-mucho-tiempo\/#breadcrumb"},"inLanguage":"es-AR","potentialAction":[{"@type":"ReadAction","target":["https:\/\/web.consaguirre.com.ar\/noticias\/se-estrenaran-las-grabaciones-del-trio-oscar-peterson-de-1960-perdidas-hace-mucho-tiempo\/"]}]},{"@type":"ImageObject","inLanguage":"es-AR","@id":"https:\/\/web.consaguirre.com.ar\/noticias\/se-estrenaran-las-grabaciones-del-trio-oscar-peterson-de-1960-perdidas-hace-mucho-tiempo\/#primaryimage","url":"https:\/\/web.consaguirre.com.ar\/noticias\/wp-content\/uploads\/2026\/03\/Se-estrenaran-las-grabaciones-del-trio-Oscar-Peterson-de-1960.jpg","contentUrl":"https:\/\/web.consaguirre.com.ar\/noticias\/wp-content\/uploads\/2026\/03\/Se-estrenaran-las-grabaciones-del-trio-Oscar-Peterson-de-1960.jpg","width":820,"height":820,"caption":"Oscar Peterson At Baker\u2019s Keyboard Lounge"},{"@type":"BreadcrumbList","@id":"https:\/\/web.consaguirre.com.ar\/noticias\/se-estrenaran-las-grabaciones-del-trio-oscar-peterson-de-1960-perdidas-hace-mucho-tiempo\/#breadcrumb","itemListElement":[{"@type":"ListItem","position":1,"name":"Inicio","item":"https:\/\/web.consaguirre.com.ar\/noticias\/"},{"@type":"ListItem","position":2,"name":"Se estrenar\u00e1n las grabaciones del tr\u00edo Oscar Peterson de 1960, perdidas hace mucho tiempo"}]},{"@type":"WebSite","@id":"https:\/\/web.consaguirre.com.ar\/noticias\/#website","url":"https:\/\/web.consaguirre.com.ar\/noticias\/","name":"Conservatorio de M\u00fasica Juli\u00e1n Aguirre","description":"","publisher":{"@id":"https:\/\/web.consaguirre.com.ar\/noticias\/#organization"},"potentialAction":[{"@type":"SearchAction","target":{"@type":"EntryPoint","urlTemplate":"https:\/\/web.consaguirre.com.ar\/noticias\/?s={search_term_string}"},"query-input":"required name=search_term_string"}],"inLanguage":"es-AR"},{"@type":"Organization","@id":"https:\/\/web.consaguirre.com.ar\/noticias\/#organization","name":"Conservatorio de M\u00fasica Juli\u00e1n Aguirre","url":"https:\/\/web.consaguirre.com.ar\/noticias\/","logo":{"@type":"ImageObject","inLanguage":"es-AR","@id":"https:\/\/web.consaguirre.com.ar\/noticias\/#\/schema\/logo\/image\/","url":"https:\/\/web.consaguirre.com.ar\/noticias\/wp-content\/uploads\/2024\/08\/Banner-Aguirre-23.jpg","contentUrl":"https:\/\/web.consaguirre.com.ar\/noticias\/wp-content\/uploads\/2024\/08\/Banner-Aguirre-23.jpg","width":1192,"height":600,"caption":"Conservatorio de M\u00fasica Juli\u00e1n Aguirre"},"image":{"@id":"https:\/\/web.consaguirre.com.ar\/noticias\/#\/schema\/logo\/image\/"}},{"@type":"Person","@id":"https:\/\/web.consaguirre.com.ar\/noticias\/#\/schema\/person\/6558b0cfedee7ddc5425602b237d5722","name":"Javier Figueroa","image":{"@type":"ImageObject","inLanguage":"es-AR","@id":"https:\/\/web.consaguirre.com.ar\/noticias\/#\/schema\/person\/image\/","url":"https:\/\/web.consaguirre.com.ar\/noticias\/wp-content\/uploads\/2024\/08\/Consaguirre-scaled.jpg","contentUrl":"https:\/\/web.consaguirre.com.ar\/noticias\/wp-content\/uploads\/2024\/08\/Consaguirre-scaled.jpg","caption":"Javier Figueroa"},"description":"Me llamo Javier Figueroa y soy redactor para el sitio oficial del Conservatorio de M\u00fasica Juli\u00e1n Aguirre en Buenos Aires, consaguirre.com. Apasionado por la m\u00fasica y la escritura, me esfuerzo por destacar los talentos y eventos de nuestra prestigiosa instituci\u00f3n. Mi trayectoria se nutre de una profunda admiraci\u00f3n por los artistas, haciendo de cada art\u00edculo una celebraci\u00f3n de la creatividad y la cultura musical.","sameAs":["https:\/\/web.consaguirre.com.ar\/noticias"]}]}},"_links":{"self":[{"href":"https:\/\/web.consaguirre.com.ar\/noticias\/wp-json\/wp\/v2\/posts\/5359"}],"collection":[{"href":"https:\/\/web.consaguirre.com.ar\/noticias\/wp-json\/wp\/v2\/posts"}],"about":[{"href":"https:\/\/web.consaguirre.com.ar\/noticias\/wp-json\/wp\/v2\/types\/post"}],"author":[{"embeddable":true,"href":"https:\/\/web.consaguirre.com.ar\/noticias\/wp-json\/wp\/v2\/users\/1"}],"replies":[{"embeddable":true,"href":"https:\/\/web.consaguirre.com.ar\/noticias\/wp-json\/wp\/v2\/comments?post=5359"}],"version-history":[{"count":1,"href":"https:\/\/web.consaguirre.com.ar\/noticias\/wp-json\/wp\/v2\/posts\/5359\/revisions"}],"predecessor-version":[{"id":5361,"href":"https:\/\/web.consaguirre.com.ar\/noticias\/wp-json\/wp\/v2\/posts\/5359\/revisions\/5361"}],"wp:featuredmedia":[{"embeddable":true,"href":"https:\/\/web.consaguirre.com.ar\/noticias\/wp-json\/wp\/v2\/media\/5360"}],"wp:attachment":[{"href":"https:\/\/web.consaguirre.com.ar\/noticias\/wp-json\/wp\/v2\/media?parent=5359"}],"wp:term":[{"taxonomy":"category","embeddable":true,"href":"https:\/\/web.consaguirre.com.ar\/noticias\/wp-json\/wp\/v2\/categories?post=5359"},{"taxonomy":"post_tag","embeddable":true,"href":"https:\/\/web.consaguirre.com.ar\/noticias\/wp-json\/wp\/v2\/tags?post=5359"}],"curies":[{"name":"wp","href":"https:\/\/api.w.org\/{rel}","templated":true}]}}