{"id":5344,"date":"2026-03-12T20:39:29","date_gmt":"2026-03-12T23:39:29","guid":{"rendered":"https:\/\/web.consaguirre.com.ar\/noticias\/bahamas-anuncia-gira-por-norteamerica\/"},"modified":"2026-03-12T20:39:30","modified_gmt":"2026-03-12T23:39:30","slug":"bahamas-anuncia-gira-por-norteamerica","status":"publish","type":"post","link":"https:\/\/web.consaguirre.com.ar\/noticias\/bahamas-anuncia-gira-por-norteamerica\/","title":{"rendered":"Bahamas anuncia gira por Norteam\u00e9rica"},"content":{"rendered":"<p>Bahamas, el proyecto de la compositora canadiense Afie Jurvanen, ha anunciado una gira por Norteam\u00e9rica en 2026 en apoyo del \u00faltimo \u00e1lbum de Bahamas, <em>Mi pen\u00faltimo \u00e1lbum<\/em>. Jurvanen y su banda saldr\u00e1n de gira este oto\u00f1o en The Industrial Sport &#038; Sound Tour.<\/p>\n<p>La carrera comienza en Canad\u00e1 con el primer espect\u00e1culo programado para el 18 de septiembre en Victoria, BC en el Royal Theatre. Despu\u00e9s de m\u00e1s shows en Canad\u00e1, Bahamas viajar\u00e1 a los Estados Unidos para una serie de fechas en el Medio Oeste en Minneapolis, Milwaukee, Chicago y Detroit. Desde all\u00ed, la banda regresar\u00e1 a Canad\u00e1 antes de dirigirse a la costa oeste de los Estados Unidos y hacer escala en ciudades de todo el oeste como Los \u00c1ngeles, Denver, Kansas City y m\u00e1s, antes de concluir en Austin, TX, el 21 de noviembre en Emo&#8217;s East.<\/p>\n<p>Las noticias sobre la gira llegan justo despu\u00e9s de Bahamas. <em>Mi pen\u00faltimo \u00e1lbum<\/em> fue nominado en los Premios JUNO al Mejor \u00c1lbum Alternativo para Adultos del A\u00f1o, marcando la d\u00e9cima nominaci\u00f3n en la carrera del artista cinco veces ganador de JUNO.<\/p>\n<div class=\"uD-YT-container\"><img decoding=\"async\" src=\"https:\/\/web.consaguirre.com.ar\/noticias\/wp-content\/uploads\/2026\/03\/1773358769_794_Bahamas-anuncia-gira-por-Norteamerica.jpg\" alt=\"V\u00eddeo de YouTube\"><br \/>Haga clic para cargar v\u00eddeo<\/div>\n<p>El s\u00e9ptimo \u00e1lbum de estudio de Afie Jurvanen como Bahamas lleg\u00f3 como continuaci\u00f3n del \u00e1lbum de inspiraci\u00f3n country de 2023. <em>corte de bota<\/em>. El disco obtuvo elogios de <em>Piedra rodante<\/em>que dec\u00eda sobre el \u00e1lbum: &#8220;&#8230;la creativa canadiense Afie Jurvanen no podr\u00eda ser m\u00e1s genuina. O como les encanta decir en la m\u00fasica country, &#8216;aut\u00e9ntica'&#8221;. <em>Sin depresi\u00f3n<\/em> a\u00f1adi\u00f3: &#8220;&#8230; uno de los dos o tres mejores \u00e1lbumes que he escuchado este a\u00f1o&#8221;.<\/p>\n<p>En una entrevista de 2025 con <em>\u00a1Exclamar!<\/em> justo antes de que Jurvanen fuera liberado <em>Mi pen\u00faltimo \u00e1lbum<\/em>el compositor explic\u00f3 su perspectiva sobre el t\u00edtulo. &#8220;He estado haciendo m\u00fasica en Bahamas durante m\u00e1s de 15 a\u00f1os y siento que he tenido una buena racha. Me siento muy halagado de que a alguien todav\u00eda le importen las canciones que escrib\u00ed hace 10 o 15 a\u00f1os&#8221;. Y a\u00f1adi\u00f3: &#8220;Siento que me estoy acercando al final de algo. No s\u00e9 qu\u00e9 es eso. No s\u00e9 si es el fin de Bahamas como proyecto musical o algo as\u00ed, pero es una forma divertida de hacer referencia a las cosas que est\u00e1n cambiando&#8221;.<\/p>\n<p><b>Compre aqu\u00ed la m\u00fasica de Bahamas en vinilo y CD de edici\u00f3n limitada.<\/b><\/p>\n","protected":false},"excerpt":{"rendered":"<p>Bahamas, el proyecto de la compositora canadiense Afie Jurvanen, ha anunciado una gira por Norteam\u00e9rica en 2026 en apoyo del \u00faltimo \u00e1lbum de Bahamas, Mi<\/p>\n","protected":false},"author":1,"featured_media":5345,"comment_status":"closed","ping_status":"","sticky":false,"template":"","format":"standard","meta":{"footnotes":""},"categories":[50],"tags":[56,3977,492,1377,96],"class_list":["post-5344","post","type-post","status-publish","format-standard","has-post-thumbnail","hentry","category-el-ultimo","tag-anuncia","tag-bahamas","tag-gira","tag-norteamerica","tag-por","generate-columns","tablet-grid-50","mobile-grid-100","grid-parent","grid-50"],"yoast_head":"<!-- This site is optimized with the Yoast SEO plugin v23.3 - https:\/\/yoast.com\/wordpress\/plugins\/seo\/ -->\n<title>Bahamas anuncia gira por Norteam\u00e9rica<\/title>\n<meta name=\"robots\" content=\"index, follow, max-snippet:-1, max-image-preview:large, max-video-preview:-1\" \/>\n<link rel=\"canonical\" href=\"https:\/\/web.consaguirre.com.ar\/noticias\/bahamas-anuncia-gira-por-norteamerica\/\" \/>\n<meta property=\"og:locale\" content=\"es_ES\" \/>\n<meta property=\"og:type\" content=\"article\" \/>\n<meta property=\"og:title\" content=\"Bahamas anuncia gira por Norteam\u00e9rica\" \/>\n<meta property=\"og:description\" content=\"Bahamas, el proyecto de la compositora canadiense Afie Jurvanen, ha anunciado una gira por Norteam\u00e9rica en 2026 en apoyo del \u00faltimo \u00e1lbum de Bahamas, Mi\" \/>\n<meta property=\"og:url\" content=\"https:\/\/web.consaguirre.com.ar\/noticias\/bahamas-anuncia-gira-por-norteamerica\/\" \/>\n<meta property=\"og:site_name\" content=\"Conservatorio de M\u00fasica Juli\u00e1n Aguirre\" \/>\n<meta property=\"article:published_time\" content=\"2026-03-12T23:39:29+00:00\" \/>\n<meta property=\"article:modified_time\" content=\"2026-03-12T23:39:30+00:00\" \/>\n<meta property=\"og:image\" content=\"https:\/\/web.consaguirre.com.ar\/noticias\/wp-content\/uploads\/2026\/03\/1773358770_Bahamas-anuncia-gira-por-Norteamerica.jpg\" \/>\n\t<meta property=\"og:image:width\" content=\"820\" \/>\n\t<meta property=\"og:image:height\" content=\"820\" \/>\n\t<meta property=\"og:image:type\" content=\"image\/jpeg\" \/>\n<meta name=\"author\" content=\"Javier Figueroa\" \/>\n<meta name=\"twitter:card\" content=\"summary_large_image\" \/>\n<meta name=\"twitter:label1\" content=\"Escrito por\" \/>\n\t<meta name=\"twitter:data1\" content=\"Javier Figueroa\" \/>\n\t<meta name=\"twitter:label2\" content=\"Tiempo de lectura\" \/>\n\t<meta name=\"twitter:data2\" content=\"2 minutos\" \/>\n<script type=\"application\/ld+json\" class=\"yoast-schema-graph\">{\"@context\":\"https:\/\/schema.org\",\"@graph\":[{\"@type\":\"Article\",\"@id\":\"https:\/\/web.consaguirre.com.ar\/noticias\/bahamas-anuncia-gira-por-norteamerica\/#article\",\"isPartOf\":{\"@id\":\"https:\/\/web.consaguirre.com.ar\/noticias\/bahamas-anuncia-gira-por-norteamerica\/\"},\"author\":{\"name\":\"Javier Figueroa\",\"@id\":\"https:\/\/web.consaguirre.com.ar\/noticias\/#\/schema\/person\/6558b0cfedee7ddc5425602b237d5722\"},\"headline\":\"Bahamas anuncia gira por Norteam\u00e9rica\",\"datePublished\":\"2026-03-12T23:39:29+00:00\",\"dateModified\":\"2026-03-12T23:39:30+00:00\",\"mainEntityOfPage\":{\"@id\":\"https:\/\/web.consaguirre.com.ar\/noticias\/bahamas-anuncia-gira-por-norteamerica\/\"},\"wordCount\":410,\"publisher\":{\"@id\":\"https:\/\/web.consaguirre.com.ar\/noticias\/#organization\"},\"image\":{\"@id\":\"https:\/\/web.consaguirre.com.ar\/noticias\/bahamas-anuncia-gira-por-norteamerica\/#primaryimage\"},\"thumbnailUrl\":\"https:\/\/web.consaguirre.com.ar\/noticias\/wp-content\/uploads\/2026\/03\/1773358770_Bahamas-anuncia-gira-por-Norteamerica.jpg\",\"keywords\":[\"anuncia\",\"Bahamas\",\"gira\",\"Norteam\u00e9rica\",\"por\"],\"articleSection\":[\"El \u00faltimo\"],\"inLanguage\":\"es-AR\"},{\"@type\":\"WebPage\",\"@id\":\"https:\/\/web.consaguirre.com.ar\/noticias\/bahamas-anuncia-gira-por-norteamerica\/\",\"url\":\"https:\/\/web.consaguirre.com.ar\/noticias\/bahamas-anuncia-gira-por-norteamerica\/\",\"name\":\"Bahamas anuncia gira por Norteam\u00e9rica\",\"isPartOf\":{\"@id\":\"https:\/\/web.consaguirre.com.ar\/noticias\/#website\"},\"primaryImageOfPage\":{\"@id\":\"https:\/\/web.consaguirre.com.ar\/noticias\/bahamas-anuncia-gira-por-norteamerica\/#primaryimage\"},\"image\":{\"@id\":\"https:\/\/web.consaguirre.com.ar\/noticias\/bahamas-anuncia-gira-por-norteamerica\/#primaryimage\"},\"thumbnailUrl\":\"https:\/\/web.consaguirre.com.ar\/noticias\/wp-content\/uploads\/2026\/03\/1773358770_Bahamas-anuncia-gira-por-Norteamerica.jpg\",\"datePublished\":\"2026-03-12T23:39:29+00:00\",\"dateModified\":\"2026-03-12T23:39:30+00:00\",\"breadcrumb\":{\"@id\":\"https:\/\/web.consaguirre.com.ar\/noticias\/bahamas-anuncia-gira-por-norteamerica\/#breadcrumb\"},\"inLanguage\":\"es-AR\",\"potentialAction\":[{\"@type\":\"ReadAction\",\"target\":[\"https:\/\/web.consaguirre.com.ar\/noticias\/bahamas-anuncia-gira-por-norteamerica\/\"]}]},{\"@type\":\"ImageObject\",\"inLanguage\":\"es-AR\",\"@id\":\"https:\/\/web.consaguirre.com.ar\/noticias\/bahamas-anuncia-gira-por-norteamerica\/#primaryimage\",\"url\":\"https:\/\/web.consaguirre.com.ar\/noticias\/wp-content\/uploads\/2026\/03\/1773358770_Bahamas-anuncia-gira-por-Norteamerica.jpg\",\"contentUrl\":\"https:\/\/web.consaguirre.com.ar\/noticias\/wp-content\/uploads\/2026\/03\/1773358770_Bahamas-anuncia-gira-por-Norteamerica.jpg\",\"width\":820,\"height\":820,\"caption\":\"Bahamas My Second Last Tour\"},{\"@type\":\"BreadcrumbList\",\"@id\":\"https:\/\/web.consaguirre.com.ar\/noticias\/bahamas-anuncia-gira-por-norteamerica\/#breadcrumb\",\"itemListElement\":[{\"@type\":\"ListItem\",\"position\":1,\"name\":\"Inicio\",\"item\":\"https:\/\/web.consaguirre.com.ar\/noticias\/\"},{\"@type\":\"ListItem\",\"position\":2,\"name\":\"Bahamas anuncia gira por Norteam\u00e9rica\"}]},{\"@type\":\"WebSite\",\"@id\":\"https:\/\/web.consaguirre.com.ar\/noticias\/#website\",\"url\":\"https:\/\/web.consaguirre.com.ar\/noticias\/\",\"name\":\"Conservatorio de M\u00fasica Juli\u00e1n Aguirre\",\"description\":\"\",\"publisher\":{\"@id\":\"https:\/\/web.consaguirre.com.ar\/noticias\/#organization\"},\"potentialAction\":[{\"@type\":\"SearchAction\",\"target\":{\"@type\":\"EntryPoint\",\"urlTemplate\":\"https:\/\/web.consaguirre.com.ar\/noticias\/?s={search_term_string}\"},\"query-input\":\"required name=search_term_string\"}],\"inLanguage\":\"es-AR\"},{\"@type\":\"Organization\",\"@id\":\"https:\/\/web.consaguirre.com.ar\/noticias\/#organization\",\"name\":\"Conservatorio de M\u00fasica Juli\u00e1n Aguirre\",\"url\":\"https:\/\/web.consaguirre.com.ar\/noticias\/\",\"logo\":{\"@type\":\"ImageObject\",\"inLanguage\":\"es-AR\",\"@id\":\"https:\/\/web.consaguirre.com.ar\/noticias\/#\/schema\/logo\/image\/\",\"url\":\"https:\/\/web.consaguirre.com.ar\/noticias\/wp-content\/uploads\/2024\/08\/Banner-Aguirre-23.jpg\",\"contentUrl\":\"https:\/\/web.consaguirre.com.ar\/noticias\/wp-content\/uploads\/2024\/08\/Banner-Aguirre-23.jpg\",\"width\":1192,\"height\":600,\"caption\":\"Conservatorio de M\u00fasica Juli\u00e1n Aguirre\"},\"image\":{\"@id\":\"https:\/\/web.consaguirre.com.ar\/noticias\/#\/schema\/logo\/image\/\"}},{\"@type\":\"Person\",\"@id\":\"https:\/\/web.consaguirre.com.ar\/noticias\/#\/schema\/person\/6558b0cfedee7ddc5425602b237d5722\",\"name\":\"Javier Figueroa\",\"image\":{\"@type\":\"ImageObject\",\"inLanguage\":\"es-AR\",\"@id\":\"https:\/\/web.consaguirre.com.ar\/noticias\/#\/schema\/person\/image\/\",\"url\":\"https:\/\/web.consaguirre.com.ar\/noticias\/wp-content\/uploads\/2024\/08\/Consaguirre-scaled.jpg\",\"contentUrl\":\"https:\/\/web.consaguirre.com.ar\/noticias\/wp-content\/uploads\/2024\/08\/Consaguirre-scaled.jpg\",\"caption\":\"Javier Figueroa\"},\"description\":\"Me llamo Javier Figueroa y soy redactor para el sitio oficial del Conservatorio de M\u00fasica Juli\u00e1n Aguirre en Buenos Aires, consaguirre.com. Apasionado por la m\u00fasica y la escritura, me esfuerzo por destacar los talentos y eventos de nuestra prestigiosa instituci\u00f3n. Mi trayectoria se nutre de una profunda admiraci\u00f3n por los artistas, haciendo de cada art\u00edculo una celebraci\u00f3n de la creatividad y la cultura musical.\",\"sameAs\":[\"https:\/\/web.consaguirre.com.ar\/noticias\"]}]}<\/script>\n<!-- \/ Yoast SEO plugin. -->","yoast_head_json":{"title":"Bahamas anuncia gira por Norteam\u00e9rica","robots":{"index":"index","follow":"follow","max-snippet":"max-snippet:-1","max-image-preview":"max-image-preview:large","max-video-preview":"max-video-preview:-1"},"canonical":"https:\/\/web.consaguirre.com.ar\/noticias\/bahamas-anuncia-gira-por-norteamerica\/","og_locale":"es_ES","og_type":"article","og_title":"Bahamas anuncia gira por Norteam\u00e9rica","og_description":"Bahamas, el proyecto de la compositora canadiense Afie Jurvanen, ha anunciado una gira por Norteam\u00e9rica en 2026 en apoyo del \u00faltimo \u00e1lbum de Bahamas, Mi","og_url":"https:\/\/web.consaguirre.com.ar\/noticias\/bahamas-anuncia-gira-por-norteamerica\/","og_site_name":"Conservatorio de M\u00fasica Juli\u00e1n Aguirre","article_published_time":"2026-03-12T23:39:29+00:00","article_modified_time":"2026-03-12T23:39:30+00:00","og_image":[{"width":820,"height":820,"url":"https:\/\/web.consaguirre.com.ar\/noticias\/wp-content\/uploads\/2026\/03\/1773358770_Bahamas-anuncia-gira-por-Norteamerica.jpg","type":"image\/jpeg"}],"author":"Javier Figueroa","twitter_card":"summary_large_image","twitter_misc":{"Escrito por":"Javier Figueroa","Tiempo de lectura":"2 minutos"},"schema":{"@context":"https:\/\/schema.org","@graph":[{"@type":"Article","@id":"https:\/\/web.consaguirre.com.ar\/noticias\/bahamas-anuncia-gira-por-norteamerica\/#article","isPartOf":{"@id":"https:\/\/web.consaguirre.com.ar\/noticias\/bahamas-anuncia-gira-por-norteamerica\/"},"author":{"name":"Javier Figueroa","@id":"https:\/\/web.consaguirre.com.ar\/noticias\/#\/schema\/person\/6558b0cfedee7ddc5425602b237d5722"},"headline":"Bahamas anuncia gira por Norteam\u00e9rica","datePublished":"2026-03-12T23:39:29+00:00","dateModified":"2026-03-12T23:39:30+00:00","mainEntityOfPage":{"@id":"https:\/\/web.consaguirre.com.ar\/noticias\/bahamas-anuncia-gira-por-norteamerica\/"},"wordCount":410,"publisher":{"@id":"https:\/\/web.consaguirre.com.ar\/noticias\/#organization"},"image":{"@id":"https:\/\/web.consaguirre.com.ar\/noticias\/bahamas-anuncia-gira-por-norteamerica\/#primaryimage"},"thumbnailUrl":"https:\/\/web.consaguirre.com.ar\/noticias\/wp-content\/uploads\/2026\/03\/1773358770_Bahamas-anuncia-gira-por-Norteamerica.jpg","keywords":["anuncia","Bahamas","gira","Norteam\u00e9rica","por"],"articleSection":["El \u00faltimo"],"inLanguage":"es-AR"},{"@type":"WebPage","@id":"https:\/\/web.consaguirre.com.ar\/noticias\/bahamas-anuncia-gira-por-norteamerica\/","url":"https:\/\/web.consaguirre.com.ar\/noticias\/bahamas-anuncia-gira-por-norteamerica\/","name":"Bahamas anuncia gira por Norteam\u00e9rica","isPartOf":{"@id":"https:\/\/web.consaguirre.com.ar\/noticias\/#website"},"primaryImageOfPage":{"@id":"https:\/\/web.consaguirre.com.ar\/noticias\/bahamas-anuncia-gira-por-norteamerica\/#primaryimage"},"image":{"@id":"https:\/\/web.consaguirre.com.ar\/noticias\/bahamas-anuncia-gira-por-norteamerica\/#primaryimage"},"thumbnailUrl":"https:\/\/web.consaguirre.com.ar\/noticias\/wp-content\/uploads\/2026\/03\/1773358770_Bahamas-anuncia-gira-por-Norteamerica.jpg","datePublished":"2026-03-12T23:39:29+00:00","dateModified":"2026-03-12T23:39:30+00:00","breadcrumb":{"@id":"https:\/\/web.consaguirre.com.ar\/noticias\/bahamas-anuncia-gira-por-norteamerica\/#breadcrumb"},"inLanguage":"es-AR","potentialAction":[{"@type":"ReadAction","target":["https:\/\/web.consaguirre.com.ar\/noticias\/bahamas-anuncia-gira-por-norteamerica\/"]}]},{"@type":"ImageObject","inLanguage":"es-AR","@id":"https:\/\/web.consaguirre.com.ar\/noticias\/bahamas-anuncia-gira-por-norteamerica\/#primaryimage","url":"https:\/\/web.consaguirre.com.ar\/noticias\/wp-content\/uploads\/2026\/03\/1773358770_Bahamas-anuncia-gira-por-Norteamerica.jpg","contentUrl":"https:\/\/web.consaguirre.com.ar\/noticias\/wp-content\/uploads\/2026\/03\/1773358770_Bahamas-anuncia-gira-por-Norteamerica.jpg","width":820,"height":820,"caption":"Bahamas My Second Last Tour"},{"@type":"BreadcrumbList","@id":"https:\/\/web.consaguirre.com.ar\/noticias\/bahamas-anuncia-gira-por-norteamerica\/#breadcrumb","itemListElement":[{"@type":"ListItem","position":1,"name":"Inicio","item":"https:\/\/web.consaguirre.com.ar\/noticias\/"},{"@type":"ListItem","position":2,"name":"Bahamas anuncia gira por Norteam\u00e9rica"}]},{"@type":"WebSite","@id":"https:\/\/web.consaguirre.com.ar\/noticias\/#website","url":"https:\/\/web.consaguirre.com.ar\/noticias\/","name":"Conservatorio de M\u00fasica Juli\u00e1n Aguirre","description":"","publisher":{"@id":"https:\/\/web.consaguirre.com.ar\/noticias\/#organization"},"potentialAction":[{"@type":"SearchAction","target":{"@type":"EntryPoint","urlTemplate":"https:\/\/web.consaguirre.com.ar\/noticias\/?s={search_term_string}"},"query-input":"required name=search_term_string"}],"inLanguage":"es-AR"},{"@type":"Organization","@id":"https:\/\/web.consaguirre.com.ar\/noticias\/#organization","name":"Conservatorio de M\u00fasica Juli\u00e1n Aguirre","url":"https:\/\/web.consaguirre.com.ar\/noticias\/","logo":{"@type":"ImageObject","inLanguage":"es-AR","@id":"https:\/\/web.consaguirre.com.ar\/noticias\/#\/schema\/logo\/image\/","url":"https:\/\/web.consaguirre.com.ar\/noticias\/wp-content\/uploads\/2024\/08\/Banner-Aguirre-23.jpg","contentUrl":"https:\/\/web.consaguirre.com.ar\/noticias\/wp-content\/uploads\/2024\/08\/Banner-Aguirre-23.jpg","width":1192,"height":600,"caption":"Conservatorio de M\u00fasica Juli\u00e1n Aguirre"},"image":{"@id":"https:\/\/web.consaguirre.com.ar\/noticias\/#\/schema\/logo\/image\/"}},{"@type":"Person","@id":"https:\/\/web.consaguirre.com.ar\/noticias\/#\/schema\/person\/6558b0cfedee7ddc5425602b237d5722","name":"Javier Figueroa","image":{"@type":"ImageObject","inLanguage":"es-AR","@id":"https:\/\/web.consaguirre.com.ar\/noticias\/#\/schema\/person\/image\/","url":"https:\/\/web.consaguirre.com.ar\/noticias\/wp-content\/uploads\/2024\/08\/Consaguirre-scaled.jpg","contentUrl":"https:\/\/web.consaguirre.com.ar\/noticias\/wp-content\/uploads\/2024\/08\/Consaguirre-scaled.jpg","caption":"Javier Figueroa"},"description":"Me llamo Javier Figueroa y soy redactor para el sitio oficial del Conservatorio de M\u00fasica Juli\u00e1n Aguirre en Buenos Aires, consaguirre.com. Apasionado por la m\u00fasica y la escritura, me esfuerzo por destacar los talentos y eventos de nuestra prestigiosa instituci\u00f3n. Mi trayectoria se nutre de una profunda admiraci\u00f3n por los artistas, haciendo de cada art\u00edculo una celebraci\u00f3n de la creatividad y la cultura musical.","sameAs":["https:\/\/web.consaguirre.com.ar\/noticias"]}]}},"_links":{"self":[{"href":"https:\/\/web.consaguirre.com.ar\/noticias\/wp-json\/wp\/v2\/posts\/5344"}],"collection":[{"href":"https:\/\/web.consaguirre.com.ar\/noticias\/wp-json\/wp\/v2\/posts"}],"about":[{"href":"https:\/\/web.consaguirre.com.ar\/noticias\/wp-json\/wp\/v2\/types\/post"}],"author":[{"embeddable":true,"href":"https:\/\/web.consaguirre.com.ar\/noticias\/wp-json\/wp\/v2\/users\/1"}],"replies":[{"embeddable":true,"href":"https:\/\/web.consaguirre.com.ar\/noticias\/wp-json\/wp\/v2\/comments?post=5344"}],"version-history":[{"count":1,"href":"https:\/\/web.consaguirre.com.ar\/noticias\/wp-json\/wp\/v2\/posts\/5344\/revisions"}],"predecessor-version":[{"id":5346,"href":"https:\/\/web.consaguirre.com.ar\/noticias\/wp-json\/wp\/v2\/posts\/5344\/revisions\/5346"}],"wp:featuredmedia":[{"embeddable":true,"href":"https:\/\/web.consaguirre.com.ar\/noticias\/wp-json\/wp\/v2\/media\/5345"}],"wp:attachment":[{"href":"https:\/\/web.consaguirre.com.ar\/noticias\/wp-json\/wp\/v2\/media?parent=5344"}],"wp:term":[{"taxonomy":"category","embeddable":true,"href":"https:\/\/web.consaguirre.com.ar\/noticias\/wp-json\/wp\/v2\/categories?post=5344"},{"taxonomy":"post_tag","embeddable":true,"href":"https:\/\/web.consaguirre.com.ar\/noticias\/wp-json\/wp\/v2\/tags?post=5344"}],"curies":[{"name":"wp","href":"https:\/\/api.w.org\/{rel}","templated":true}]}}