{"id":5333,"date":"2026-03-11T17:41:17","date_gmt":"2026-03-11T20:41:17","guid":{"rendered":"https:\/\/web.consaguirre.com.ar\/noticias\/mgk-comparte-video-para-el-corte-de-lost-americana-goddamn\/"},"modified":"2026-03-11T17:41:18","modified_gmt":"2026-03-11T20:41:18","slug":"mgk-comparte-video-para-el-corte-de-lost-americana-goddamn","status":"publish","type":"post","link":"https:\/\/web.consaguirre.com.ar\/noticias\/mgk-comparte-video-para-el-corte-de-lost-americana-goddamn\/","title":{"rendered":"mgk comparte video para el corte de &#8216;lost americana&#8217; &#8216;goddamn&#8217;"},"content":{"rendered":"<p>mgk ha compartido un v\u00eddeo musical de \u201cgoddamn\u201d, una de las muchas canciones destacadas de su celebrado LP de 2025. <em>americana perdida<\/em>.<\/p>\n<p>Dirigido por Sam Cahill, el clip ofrece una mirada detr\u00e1s de escena de estilo documental de mgk y su banda mientras se preparan para un espect\u00e1culo en la gira Lost Americana en Europa. Estas tomas de la vida, que todav\u00eda incluyen a mgk interpretando la canci\u00f3n, se intercalan con el cantante atravesando tejados y actuando en la naturaleza abandonada.<\/p>\n<p>La canci\u00f3n fue escrita e interpretada con los antiguos colaboradores de mgk SlimXX, BazeXX, Nick Long y No Love For The Middle Child. En la pista, mgk rinde homenaje al estilo de vida que le ha cautivado todos estos a\u00f1os. Canta: \u201cA\u00f1os desperdiciados, pero conserv\u00e9 mi alma\/ Siempre supe que mi hogar era rock &#8216;n&#8217; rollin&#8217;\/ Los d\u00edas son cortos, antes de irme\/ Quiero mi ata\u00fad adornado con pistolas y rosas\u201d.<\/p>\n<div class=\"uD-YT-container\"><img decoding=\"async\" src=\"https:\/\/web.consaguirre.com.ar\/noticias\/wp-content\/uploads\/2026\/03\/mgk-comparte-video-para-el-corte-de-lost-americana-goddamn.jpg\" alt=\"V\u00eddeo de YouTube\"><br \/>Haga clic para cargar v\u00eddeo<\/div>\n<p>mgk se encuentra actualmente en medio de su extensa gira Lost Americana. Su \u00faltima fecha en Europa est\u00e1 fijada para el 12 de marzo en Dubl\u00edn, Irlanda. Desde all\u00ed, se dirigir\u00e1 a Australia y Nueva Zelanda en abril, antes de concluir la aventura de m\u00e1s de un a\u00f1o con varias fechas en Am\u00e9rica del Norte este verano.<\/p>\n<p>Aunque <em>americana perdida<\/em> fue lanzado en agosto de 2025, ha estado promocionando el disco con nuevos videos musicales durante los \u00faltimos meses. En febrero, comparti\u00f3 un clip de la canci\u00f3n del \u00e1lbum \u201cstarman\u201d, que tambi\u00e9n fue dirigida por Sam Cahill. Ese v\u00eddeo tambi\u00e9n incorpora elementos de la gira mundial de Lost Americana, aunque en el clip de \u201cstarman\u201d el director hace uso del escenario de la Estatua de la Libertad que mgk ha tra\u00eddo consigo de gira.<\/p>\n<p>El v\u00eddeo de &#8220;Starman&#8221; sigue al lanzamiento en enero de &#8220;times of my life&#8221;, una balada que se remonta a las sesiones de Tickets To My Downfall. Tras su lanzamiento, <em>americana perdida<\/em> aterriz\u00f3 en el Billboard 200 Top 5 y se convirti\u00f3 en el tercer n\u00famero 1 consecutivo de mgk en la lista Top Rock &#038; Alternative Albums de Billboard.<\/p>\n<p><b>Compre m\u00fasica de mgk en vinilo y CD aqu\u00ed.<\/b><\/p>\n","protected":false},"excerpt":{"rendered":"<p>mgk ha compartido un v\u00eddeo musical de \u201cgoddamn\u201d, una de las muchas canciones destacadas de su celebrado LP de 2025. americana perdida. Dirigido por Sam<\/p>\n","protected":false},"author":1,"featured_media":4736,"comment_status":"closed","ping_status":"","sticky":false,"template":"","format":"standard","meta":{"footnotes":""},"categories":[50],"tags":[2727,201,3973,3974,1354,2726,154,202],"class_list":["post-5333","post","type-post","status-publish","format-standard","has-post-thumbnail","hentry","category-el-ultimo","tag-americana","tag-comparte","tag-corte","tag-goddamn","tag-lost","tag-mgk","tag-para","tag-video","generate-columns","tablet-grid-50","mobile-grid-100","grid-parent","grid-50"],"yoast_head":"<!-- This site is optimized with the Yoast SEO plugin v23.3 - https:\/\/yoast.com\/wordpress\/plugins\/seo\/ -->\n<title>mgk comparte video para el corte de &#039;lost americana&#039; &#039;goddamn&#039;<\/title>\n<meta name=\"robots\" content=\"index, follow, max-snippet:-1, max-image-preview:large, max-video-preview:-1\" \/>\n<link rel=\"canonical\" href=\"https:\/\/web.consaguirre.com.ar\/noticias\/mgk-comparte-video-para-el-corte-de-lost-americana-goddamn\/\" \/>\n<meta property=\"og:locale\" content=\"es_ES\" \/>\n<meta property=\"og:type\" content=\"article\" \/>\n<meta property=\"og:title\" content=\"mgk comparte video para el corte de &#039;lost americana&#039; &#039;goddamn&#039;\" \/>\n<meta property=\"og:description\" content=\"mgk ha compartido un v\u00eddeo musical de \u201cgoddamn\u201d, una de las muchas canciones destacadas de su celebrado LP de 2025. americana perdida. Dirigido por Sam\" \/>\n<meta property=\"og:url\" content=\"https:\/\/web.consaguirre.com.ar\/noticias\/mgk-comparte-video-para-el-corte-de-lost-americana-goddamn\/\" \/>\n<meta property=\"og:site_name\" content=\"Conservatorio de M\u00fasica Juli\u00e1n Aguirre\" \/>\n<meta property=\"article:published_time\" content=\"2026-03-11T20:41:17+00:00\" \/>\n<meta property=\"article:modified_time\" content=\"2026-03-11T20:41:18+00:00\" \/>\n<meta property=\"og:image\" content=\"https:\/\/web.consaguirre.com.ar\/noticias\/wp-content\/uploads\/2026\/01\/mgk-comparte-momentos-de-mi-vida.jpg\" \/>\n\t<meta property=\"og:image:width\" content=\"820\" \/>\n\t<meta property=\"og:image:height\" content=\"820\" \/>\n\t<meta property=\"og:image:type\" content=\"image\/jpeg\" \/>\n<meta name=\"author\" content=\"Javier Figueroa\" \/>\n<meta name=\"twitter:card\" content=\"summary_large_image\" \/>\n<meta name=\"twitter:label1\" content=\"Escrito por\" \/>\n\t<meta name=\"twitter:data1\" content=\"Javier Figueroa\" \/>\n\t<meta name=\"twitter:label2\" content=\"Tiempo de lectura\" \/>\n\t<meta name=\"twitter:data2\" content=\"2 minutos\" \/>\n<script type=\"application\/ld+json\" class=\"yoast-schema-graph\">{\"@context\":\"https:\/\/schema.org\",\"@graph\":[{\"@type\":\"Article\",\"@id\":\"https:\/\/web.consaguirre.com.ar\/noticias\/mgk-comparte-video-para-el-corte-de-lost-americana-goddamn\/#article\",\"isPartOf\":{\"@id\":\"https:\/\/web.consaguirre.com.ar\/noticias\/mgk-comparte-video-para-el-corte-de-lost-americana-goddamn\/\"},\"author\":{\"name\":\"Javier Figueroa\",\"@id\":\"https:\/\/web.consaguirre.com.ar\/noticias\/#\/schema\/person\/6558b0cfedee7ddc5425602b237d5722\"},\"headline\":\"mgk comparte video para el corte de &#8216;lost americana&#8217; &#8216;goddamn&#8217;\",\"datePublished\":\"2026-03-11T20:41:17+00:00\",\"dateModified\":\"2026-03-11T20:41:18+00:00\",\"mainEntityOfPage\":{\"@id\":\"https:\/\/web.consaguirre.com.ar\/noticias\/mgk-comparte-video-para-el-corte-de-lost-americana-goddamn\/\"},\"wordCount\":386,\"publisher\":{\"@id\":\"https:\/\/web.consaguirre.com.ar\/noticias\/#organization\"},\"image\":{\"@id\":\"https:\/\/web.consaguirre.com.ar\/noticias\/mgk-comparte-video-para-el-corte-de-lost-americana-goddamn\/#primaryimage\"},\"thumbnailUrl\":\"https:\/\/web.consaguirre.com.ar\/noticias\/wp-content\/uploads\/2026\/01\/mgk-comparte-momentos-de-mi-vida.jpg\",\"keywords\":[\"Americana\",\"comparte\",\"corte\",\"goddamn\",\"Lost\",\"MGK\",\"para\",\"v\u00eddeo\"],\"articleSection\":[\"El \u00faltimo\"],\"inLanguage\":\"es-AR\"},{\"@type\":\"WebPage\",\"@id\":\"https:\/\/web.consaguirre.com.ar\/noticias\/mgk-comparte-video-para-el-corte-de-lost-americana-goddamn\/\",\"url\":\"https:\/\/web.consaguirre.com.ar\/noticias\/mgk-comparte-video-para-el-corte-de-lost-americana-goddamn\/\",\"name\":\"mgk comparte video para el corte de 'lost americana' 'goddamn'\",\"isPartOf\":{\"@id\":\"https:\/\/web.consaguirre.com.ar\/noticias\/#website\"},\"primaryImageOfPage\":{\"@id\":\"https:\/\/web.consaguirre.com.ar\/noticias\/mgk-comparte-video-para-el-corte-de-lost-americana-goddamn\/#primaryimage\"},\"image\":{\"@id\":\"https:\/\/web.consaguirre.com.ar\/noticias\/mgk-comparte-video-para-el-corte-de-lost-americana-goddamn\/#primaryimage\"},\"thumbnailUrl\":\"https:\/\/web.consaguirre.com.ar\/noticias\/wp-content\/uploads\/2026\/01\/mgk-comparte-momentos-de-mi-vida.jpg\",\"datePublished\":\"2026-03-11T20:41:17+00:00\",\"dateModified\":\"2026-03-11T20:41:18+00:00\",\"breadcrumb\":{\"@id\":\"https:\/\/web.consaguirre.com.ar\/noticias\/mgk-comparte-video-para-el-corte-de-lost-americana-goddamn\/#breadcrumb\"},\"inLanguage\":\"es-AR\",\"potentialAction\":[{\"@type\":\"ReadAction\",\"target\":[\"https:\/\/web.consaguirre.com.ar\/noticias\/mgk-comparte-video-para-el-corte-de-lost-americana-goddamn\/\"]}]},{\"@type\":\"ImageObject\",\"inLanguage\":\"es-AR\",\"@id\":\"https:\/\/web.consaguirre.com.ar\/noticias\/mgk-comparte-video-para-el-corte-de-lost-americana-goddamn\/#primaryimage\",\"url\":\"https:\/\/web.consaguirre.com.ar\/noticias\/wp-content\/uploads\/2026\/01\/mgk-comparte-momentos-de-mi-vida.jpg\",\"contentUrl\":\"https:\/\/web.consaguirre.com.ar\/noticias\/wp-content\/uploads\/2026\/01\/mgk-comparte-momentos-de-mi-vida.jpg\",\"width\":820,\"height\":820,\"caption\":\"mgk Lost Americana\"},{\"@type\":\"BreadcrumbList\",\"@id\":\"https:\/\/web.consaguirre.com.ar\/noticias\/mgk-comparte-video-para-el-corte-de-lost-americana-goddamn\/#breadcrumb\",\"itemListElement\":[{\"@type\":\"ListItem\",\"position\":1,\"name\":\"Inicio\",\"item\":\"https:\/\/web.consaguirre.com.ar\/noticias\/\"},{\"@type\":\"ListItem\",\"position\":2,\"name\":\"mgk comparte video para el corte de &#8216;lost americana&#8217; &#8216;goddamn&#8217;\"}]},{\"@type\":\"WebSite\",\"@id\":\"https:\/\/web.consaguirre.com.ar\/noticias\/#website\",\"url\":\"https:\/\/web.consaguirre.com.ar\/noticias\/\",\"name\":\"Conservatorio de M\u00fasica Juli\u00e1n Aguirre\",\"description\":\"\",\"publisher\":{\"@id\":\"https:\/\/web.consaguirre.com.ar\/noticias\/#organization\"},\"potentialAction\":[{\"@type\":\"SearchAction\",\"target\":{\"@type\":\"EntryPoint\",\"urlTemplate\":\"https:\/\/web.consaguirre.com.ar\/noticias\/?s={search_term_string}\"},\"query-input\":\"required name=search_term_string\"}],\"inLanguage\":\"es-AR\"},{\"@type\":\"Organization\",\"@id\":\"https:\/\/web.consaguirre.com.ar\/noticias\/#organization\",\"name\":\"Conservatorio de M\u00fasica Juli\u00e1n Aguirre\",\"url\":\"https:\/\/web.consaguirre.com.ar\/noticias\/\",\"logo\":{\"@type\":\"ImageObject\",\"inLanguage\":\"es-AR\",\"@id\":\"https:\/\/web.consaguirre.com.ar\/noticias\/#\/schema\/logo\/image\/\",\"url\":\"https:\/\/web.consaguirre.com.ar\/noticias\/wp-content\/uploads\/2024\/08\/Banner-Aguirre-23.jpg\",\"contentUrl\":\"https:\/\/web.consaguirre.com.ar\/noticias\/wp-content\/uploads\/2024\/08\/Banner-Aguirre-23.jpg\",\"width\":1192,\"height\":600,\"caption\":\"Conservatorio de M\u00fasica Juli\u00e1n Aguirre\"},\"image\":{\"@id\":\"https:\/\/web.consaguirre.com.ar\/noticias\/#\/schema\/logo\/image\/\"}},{\"@type\":\"Person\",\"@id\":\"https:\/\/web.consaguirre.com.ar\/noticias\/#\/schema\/person\/6558b0cfedee7ddc5425602b237d5722\",\"name\":\"Javier Figueroa\",\"image\":{\"@type\":\"ImageObject\",\"inLanguage\":\"es-AR\",\"@id\":\"https:\/\/web.consaguirre.com.ar\/noticias\/#\/schema\/person\/image\/\",\"url\":\"https:\/\/web.consaguirre.com.ar\/noticias\/wp-content\/uploads\/2024\/08\/Consaguirre-scaled.jpg\",\"contentUrl\":\"https:\/\/web.consaguirre.com.ar\/noticias\/wp-content\/uploads\/2024\/08\/Consaguirre-scaled.jpg\",\"caption\":\"Javier Figueroa\"},\"description\":\"Me llamo Javier Figueroa y soy redactor para el sitio oficial del Conservatorio de M\u00fasica Juli\u00e1n Aguirre en Buenos Aires, consaguirre.com. Apasionado por la m\u00fasica y la escritura, me esfuerzo por destacar los talentos y eventos de nuestra prestigiosa instituci\u00f3n. Mi trayectoria se nutre de una profunda admiraci\u00f3n por los artistas, haciendo de cada art\u00edculo una celebraci\u00f3n de la creatividad y la cultura musical.\",\"sameAs\":[\"https:\/\/web.consaguirre.com.ar\/noticias\"]}]}<\/script>\n<!-- \/ Yoast SEO plugin. -->","yoast_head_json":{"title":"mgk comparte video para el corte de 'lost americana' 'goddamn'","robots":{"index":"index","follow":"follow","max-snippet":"max-snippet:-1","max-image-preview":"max-image-preview:large","max-video-preview":"max-video-preview:-1"},"canonical":"https:\/\/web.consaguirre.com.ar\/noticias\/mgk-comparte-video-para-el-corte-de-lost-americana-goddamn\/","og_locale":"es_ES","og_type":"article","og_title":"mgk comparte video para el corte de 'lost americana' 'goddamn'","og_description":"mgk ha compartido un v\u00eddeo musical de \u201cgoddamn\u201d, una de las muchas canciones destacadas de su celebrado LP de 2025. americana perdida. Dirigido por Sam","og_url":"https:\/\/web.consaguirre.com.ar\/noticias\/mgk-comparte-video-para-el-corte-de-lost-americana-goddamn\/","og_site_name":"Conservatorio de M\u00fasica Juli\u00e1n Aguirre","article_published_time":"2026-03-11T20:41:17+00:00","article_modified_time":"2026-03-11T20:41:18+00:00","og_image":[{"width":820,"height":820,"url":"https:\/\/web.consaguirre.com.ar\/noticias\/wp-content\/uploads\/2026\/01\/mgk-comparte-momentos-de-mi-vida.jpg","type":"image\/jpeg"}],"author":"Javier Figueroa","twitter_card":"summary_large_image","twitter_misc":{"Escrito por":"Javier Figueroa","Tiempo de lectura":"2 minutos"},"schema":{"@context":"https:\/\/schema.org","@graph":[{"@type":"Article","@id":"https:\/\/web.consaguirre.com.ar\/noticias\/mgk-comparte-video-para-el-corte-de-lost-americana-goddamn\/#article","isPartOf":{"@id":"https:\/\/web.consaguirre.com.ar\/noticias\/mgk-comparte-video-para-el-corte-de-lost-americana-goddamn\/"},"author":{"name":"Javier Figueroa","@id":"https:\/\/web.consaguirre.com.ar\/noticias\/#\/schema\/person\/6558b0cfedee7ddc5425602b237d5722"},"headline":"mgk comparte video para el corte de &#8216;lost americana&#8217; &#8216;goddamn&#8217;","datePublished":"2026-03-11T20:41:17+00:00","dateModified":"2026-03-11T20:41:18+00:00","mainEntityOfPage":{"@id":"https:\/\/web.consaguirre.com.ar\/noticias\/mgk-comparte-video-para-el-corte-de-lost-americana-goddamn\/"},"wordCount":386,"publisher":{"@id":"https:\/\/web.consaguirre.com.ar\/noticias\/#organization"},"image":{"@id":"https:\/\/web.consaguirre.com.ar\/noticias\/mgk-comparte-video-para-el-corte-de-lost-americana-goddamn\/#primaryimage"},"thumbnailUrl":"https:\/\/web.consaguirre.com.ar\/noticias\/wp-content\/uploads\/2026\/01\/mgk-comparte-momentos-de-mi-vida.jpg","keywords":["Americana","comparte","corte","goddamn","Lost","MGK","para","v\u00eddeo"],"articleSection":["El \u00faltimo"],"inLanguage":"es-AR"},{"@type":"WebPage","@id":"https:\/\/web.consaguirre.com.ar\/noticias\/mgk-comparte-video-para-el-corte-de-lost-americana-goddamn\/","url":"https:\/\/web.consaguirre.com.ar\/noticias\/mgk-comparte-video-para-el-corte-de-lost-americana-goddamn\/","name":"mgk comparte video para el corte de 'lost americana' 'goddamn'","isPartOf":{"@id":"https:\/\/web.consaguirre.com.ar\/noticias\/#website"},"primaryImageOfPage":{"@id":"https:\/\/web.consaguirre.com.ar\/noticias\/mgk-comparte-video-para-el-corte-de-lost-americana-goddamn\/#primaryimage"},"image":{"@id":"https:\/\/web.consaguirre.com.ar\/noticias\/mgk-comparte-video-para-el-corte-de-lost-americana-goddamn\/#primaryimage"},"thumbnailUrl":"https:\/\/web.consaguirre.com.ar\/noticias\/wp-content\/uploads\/2026\/01\/mgk-comparte-momentos-de-mi-vida.jpg","datePublished":"2026-03-11T20:41:17+00:00","dateModified":"2026-03-11T20:41:18+00:00","breadcrumb":{"@id":"https:\/\/web.consaguirre.com.ar\/noticias\/mgk-comparte-video-para-el-corte-de-lost-americana-goddamn\/#breadcrumb"},"inLanguage":"es-AR","potentialAction":[{"@type":"ReadAction","target":["https:\/\/web.consaguirre.com.ar\/noticias\/mgk-comparte-video-para-el-corte-de-lost-americana-goddamn\/"]}]},{"@type":"ImageObject","inLanguage":"es-AR","@id":"https:\/\/web.consaguirre.com.ar\/noticias\/mgk-comparte-video-para-el-corte-de-lost-americana-goddamn\/#primaryimage","url":"https:\/\/web.consaguirre.com.ar\/noticias\/wp-content\/uploads\/2026\/01\/mgk-comparte-momentos-de-mi-vida.jpg","contentUrl":"https:\/\/web.consaguirre.com.ar\/noticias\/wp-content\/uploads\/2026\/01\/mgk-comparte-momentos-de-mi-vida.jpg","width":820,"height":820,"caption":"mgk Lost Americana"},{"@type":"BreadcrumbList","@id":"https:\/\/web.consaguirre.com.ar\/noticias\/mgk-comparte-video-para-el-corte-de-lost-americana-goddamn\/#breadcrumb","itemListElement":[{"@type":"ListItem","position":1,"name":"Inicio","item":"https:\/\/web.consaguirre.com.ar\/noticias\/"},{"@type":"ListItem","position":2,"name":"mgk comparte video para el corte de &#8216;lost americana&#8217; &#8216;goddamn&#8217;"}]},{"@type":"WebSite","@id":"https:\/\/web.consaguirre.com.ar\/noticias\/#website","url":"https:\/\/web.consaguirre.com.ar\/noticias\/","name":"Conservatorio de M\u00fasica Juli\u00e1n Aguirre","description":"","publisher":{"@id":"https:\/\/web.consaguirre.com.ar\/noticias\/#organization"},"potentialAction":[{"@type":"SearchAction","target":{"@type":"EntryPoint","urlTemplate":"https:\/\/web.consaguirre.com.ar\/noticias\/?s={search_term_string}"},"query-input":"required name=search_term_string"}],"inLanguage":"es-AR"},{"@type":"Organization","@id":"https:\/\/web.consaguirre.com.ar\/noticias\/#organization","name":"Conservatorio de M\u00fasica Juli\u00e1n Aguirre","url":"https:\/\/web.consaguirre.com.ar\/noticias\/","logo":{"@type":"ImageObject","inLanguage":"es-AR","@id":"https:\/\/web.consaguirre.com.ar\/noticias\/#\/schema\/logo\/image\/","url":"https:\/\/web.consaguirre.com.ar\/noticias\/wp-content\/uploads\/2024\/08\/Banner-Aguirre-23.jpg","contentUrl":"https:\/\/web.consaguirre.com.ar\/noticias\/wp-content\/uploads\/2024\/08\/Banner-Aguirre-23.jpg","width":1192,"height":600,"caption":"Conservatorio de M\u00fasica Juli\u00e1n Aguirre"},"image":{"@id":"https:\/\/web.consaguirre.com.ar\/noticias\/#\/schema\/logo\/image\/"}},{"@type":"Person","@id":"https:\/\/web.consaguirre.com.ar\/noticias\/#\/schema\/person\/6558b0cfedee7ddc5425602b237d5722","name":"Javier Figueroa","image":{"@type":"ImageObject","inLanguage":"es-AR","@id":"https:\/\/web.consaguirre.com.ar\/noticias\/#\/schema\/person\/image\/","url":"https:\/\/web.consaguirre.com.ar\/noticias\/wp-content\/uploads\/2024\/08\/Consaguirre-scaled.jpg","contentUrl":"https:\/\/web.consaguirre.com.ar\/noticias\/wp-content\/uploads\/2024\/08\/Consaguirre-scaled.jpg","caption":"Javier Figueroa"},"description":"Me llamo Javier Figueroa y soy redactor para el sitio oficial del Conservatorio de M\u00fasica Juli\u00e1n Aguirre en Buenos Aires, consaguirre.com. Apasionado por la m\u00fasica y la escritura, me esfuerzo por destacar los talentos y eventos de nuestra prestigiosa instituci\u00f3n. Mi trayectoria se nutre de una profunda admiraci\u00f3n por los artistas, haciendo de cada art\u00edculo una celebraci\u00f3n de la creatividad y la cultura musical.","sameAs":["https:\/\/web.consaguirre.com.ar\/noticias"]}]}},"_links":{"self":[{"href":"https:\/\/web.consaguirre.com.ar\/noticias\/wp-json\/wp\/v2\/posts\/5333"}],"collection":[{"href":"https:\/\/web.consaguirre.com.ar\/noticias\/wp-json\/wp\/v2\/posts"}],"about":[{"href":"https:\/\/web.consaguirre.com.ar\/noticias\/wp-json\/wp\/v2\/types\/post"}],"author":[{"embeddable":true,"href":"https:\/\/web.consaguirre.com.ar\/noticias\/wp-json\/wp\/v2\/users\/1"}],"replies":[{"embeddable":true,"href":"https:\/\/web.consaguirre.com.ar\/noticias\/wp-json\/wp\/v2\/comments?post=5333"}],"version-history":[{"count":1,"href":"https:\/\/web.consaguirre.com.ar\/noticias\/wp-json\/wp\/v2\/posts\/5333\/revisions"}],"predecessor-version":[{"id":5334,"href":"https:\/\/web.consaguirre.com.ar\/noticias\/wp-json\/wp\/v2\/posts\/5333\/revisions\/5334"}],"wp:featuredmedia":[{"embeddable":true,"href":"https:\/\/web.consaguirre.com.ar\/noticias\/wp-json\/wp\/v2\/media\/4736"}],"wp:attachment":[{"href":"https:\/\/web.consaguirre.com.ar\/noticias\/wp-json\/wp\/v2\/media?parent=5333"}],"wp:term":[{"taxonomy":"category","embeddable":true,"href":"https:\/\/web.consaguirre.com.ar\/noticias\/wp-json\/wp\/v2\/categories?post=5333"},{"taxonomy":"post_tag","embeddable":true,"href":"https:\/\/web.consaguirre.com.ar\/noticias\/wp-json\/wp\/v2\/tags?post=5333"}],"curies":[{"name":"wp","href":"https:\/\/api.w.org\/{rel}","templated":true}]}}