{"id":5330,"date":"2026-03-11T14:38:36","date_gmt":"2026-03-11T17:38:36","guid":{"rendered":"https:\/\/web.consaguirre.com.ar\/noticias\/headsend-anuncia-la-fecha-de-lanzamiento-del-ep-debut-angel-glands\/"},"modified":"2026-03-11T14:38:37","modified_gmt":"2026-03-11T17:38:37","slug":"headsend-anuncia-la-fecha-de-lanzamiento-del-ep-debut-angel-glands","status":"publish","type":"post","link":"https:\/\/web.consaguirre.com.ar\/noticias\/headsend-anuncia-la-fecha-de-lanzamiento-del-ep-debut-angel-glands\/","title":{"rendered":"HEADSEND anuncia la fecha de lanzamiento del EP debut &#8216;ANGEL GLANDS&#8217;"},"content":{"rendered":"<p>HEADSEND, el tr\u00edo formado por Rasmus King, su hermano Kyuss King y Bon Soric, ha anunciado que su EP debut, <em>GL\u00c1NDULAS DE \u00c1NGEL<\/em>se lanzar\u00e1 el 27 de marzo a trav\u00e9s de Universal Music Australia.<\/p>\n<p>El EP incluir\u00e1 temas muy populares ya lanzados como \u201cStove\u201d, \u201cChugg\u201d y \u201cAnd Angel\u201d. El disco se completar\u00e1 con dos canciones m\u00e1s, \u201cDo Do\u201d y \u201cDie No\u201d. El EP est\u00e1 inspirado en el estridente y celebrado show en vivo de la banda y fue grabado en vivo en el estudio con Nick DiDia.<\/p>\n<p>La banda fue formada por Rasmus en 2022 e invit\u00f3 a su hermano Kyuss a unirse al bajo. El poderoso tr\u00edo lo completa su compa\u00f1ero de escuela Bon Soric a la bater\u00eda. La banda, oriunda de Byron Bay en Australia, se ha convertido en una de las favoritas locales gracias a su incesante agenda de giras. Ellos apoyaron a Wunderhorse en la reciente gira australiana de la banda y han actuado como teloneros de estrellas internacionales como Tool y AC\/DC.<\/p>\n<div class=\"uD-YT-container\"><img decoding=\"async\" src=\"https:\/\/web.consaguirre.com.ar\/noticias\/wp-content\/uploads\/2026\/03\/1773250716_337_HEADSEND-anuncia-la-fecha-de-lanzamiento-del-EP-debut-ANGEL.jpg\" alt=\"V\u00eddeo de YouTube\"><br \/>Haga clic para cargar v\u00eddeo<\/div>\n<p>Tras la noticia de la firma, Mark Holland, director general de EMI Music Australia, dijo: &#8220;He tenido la suerte de verlos tocar en clubes, teatros y estadios, y sus actuaciones siempre atraen completamente al p\u00fablico. El equipo de EMI Music Australia est\u00e1 encantado de ser parte de su viaje, apoy\u00e1ndolos a medida que crecen y evolucionan en sus propios t\u00e9rminos&#8221;.<\/p>\n<p>Sean Warner, presidente y director ejecutivo de Universal Music Australia + presidente y director ejecutivo de Nueva Zelanda, agreg\u00f3: &#8220;HEADSEND es una nueva y emocionante fuerza en la m\u00fasica, y su reputaci\u00f3n como un poderoso acto en vivo ya est\u00e1 resonando internacionalmente. Estamos encantados de asociarnos con ellos y con nuestra red global de sellos discogr\u00e1ficos a medida que contin\u00faan creciendo internacionalmente&#8221;.<\/p>\n<p>Adem\u00e1s de las noticias del EP, HEADSEND tambi\u00e9n ha confirmado una serie de nuevas fechas de gira, incluida su primera aparici\u00f3n en The Great Escape UK.<\/p>\n<p>La banda habl\u00f3 con <em>Buena m\u00fasica para llamar<\/em> el mes pasado para hablar sobre su emocionante ascenso, y Rasmus explic\u00f3 que nunca imagin\u00f3 otra carrera para s\u00ed mismo. \u201cNo recuerdo un momento espec\u00edfico, pero recuerdo que desde muy peque\u00f1o quer\u00eda estar en una banda\u201d. Kyuss, sin embargo, record\u00f3 el momento en que se enamor\u00f3 de la m\u00fasica: \u201cPap\u00e1 me llev\u00f3 a ver la gira Kyuss Lives en Australia cuando ten\u00eda unos 12 a\u00f1os. Vi a John Garc\u00eda y Brant Bjork tocar &#8216;Thumb&#8217; en vivo y desde ese momento quise hacer m\u00fasica\u201d.<\/p>\n<p><b>Escuche el sencillo \u201cAnd Angel\u201d de HEADSEND aqu\u00ed.<\/b><\/p>\n","protected":false},"excerpt":{"rendered":"<p>HEADSEND, el tr\u00edo formado por Rasmus King, su hermano Kyuss King y Bon Soric, ha anunciado que su EP debut, GL\u00c1NDULAS DE \u00c1NGELse lanzar\u00e1 el<\/p>\n","protected":false},"author":1,"featured_media":5331,"comment_status":"closed","ping_status":"","sticky":false,"template":"","format":"standard","meta":{"footnotes":""},"categories":[50],"tags":[601,56,257,10,288,3972,3971,237],"class_list":["post-5330","post","type-post","status-publish","format-standard","has-post-thumbnail","hentry","category-el-ultimo","tag-angel","tag-anuncia","tag-debut","tag-del","tag-fecha","tag-glands","tag-headsend","tag-lanzamiento","generate-columns","tablet-grid-50","mobile-grid-100","grid-parent","grid-50"],"yoast_head":"<!-- This site is optimized with the Yoast SEO plugin v23.3 - https:\/\/yoast.com\/wordpress\/plugins\/seo\/ -->\n<title>HEADSEND anuncia la fecha de lanzamiento del EP debut &#039;ANGEL GLANDS&#039;<\/title>\n<meta name=\"robots\" content=\"index, follow, max-snippet:-1, max-image-preview:large, max-video-preview:-1\" \/>\n<link rel=\"canonical\" href=\"https:\/\/web.consaguirre.com.ar\/noticias\/headsend-anuncia-la-fecha-de-lanzamiento-del-ep-debut-angel-glands\/\" \/>\n<meta property=\"og:locale\" content=\"es_ES\" \/>\n<meta property=\"og:type\" content=\"article\" \/>\n<meta property=\"og:title\" content=\"HEADSEND anuncia la fecha de lanzamiento del EP debut &#039;ANGEL GLANDS&#039;\" \/>\n<meta property=\"og:description\" content=\"HEADSEND, el tr\u00edo formado por Rasmus King, su hermano Kyuss King y Bon Soric, ha anunciado que su EP debut, GL\u00c1NDULAS DE \u00c1NGELse lanzar\u00e1 el\" \/>\n<meta property=\"og:url\" content=\"https:\/\/web.consaguirre.com.ar\/noticias\/headsend-anuncia-la-fecha-de-lanzamiento-del-ep-debut-angel-glands\/\" \/>\n<meta property=\"og:site_name\" content=\"Conservatorio de M\u00fasica Juli\u00e1n Aguirre\" \/>\n<meta property=\"article:published_time\" content=\"2026-03-11T17:38:36+00:00\" \/>\n<meta property=\"article:modified_time\" content=\"2026-03-11T17:38:37+00:00\" \/>\n<meta property=\"og:image\" content=\"https:\/\/web.consaguirre.com.ar\/noticias\/wp-content\/uploads\/2026\/03\/1773250716_HEADSEND-anuncia-la-fecha-de-lanzamiento-del-EP-debut-ANGEL.jpg\" \/>\n\t<meta property=\"og:image:width\" content=\"1000\" \/>\n\t<meta property=\"og:image:height\" content=\"600\" \/>\n\t<meta property=\"og:image:type\" content=\"image\/jpeg\" \/>\n<meta name=\"author\" content=\"Javier Figueroa\" \/>\n<meta name=\"twitter:card\" content=\"summary_large_image\" \/>\n<meta name=\"twitter:label1\" content=\"Escrito por\" \/>\n\t<meta name=\"twitter:data1\" content=\"Javier Figueroa\" \/>\n\t<meta name=\"twitter:label2\" content=\"Tiempo de lectura\" \/>\n\t<meta name=\"twitter:data2\" content=\"2 minutos\" \/>\n<script type=\"application\/ld+json\" class=\"yoast-schema-graph\">{\"@context\":\"https:\/\/schema.org\",\"@graph\":[{\"@type\":\"Article\",\"@id\":\"https:\/\/web.consaguirre.com.ar\/noticias\/headsend-anuncia-la-fecha-de-lanzamiento-del-ep-debut-angel-glands\/#article\",\"isPartOf\":{\"@id\":\"https:\/\/web.consaguirre.com.ar\/noticias\/headsend-anuncia-la-fecha-de-lanzamiento-del-ep-debut-angel-glands\/\"},\"author\":{\"name\":\"Javier Figueroa\",\"@id\":\"https:\/\/web.consaguirre.com.ar\/noticias\/#\/schema\/person\/6558b0cfedee7ddc5425602b237d5722\"},\"headline\":\"HEADSEND anuncia la fecha de lanzamiento del EP debut &#8216;ANGEL GLANDS&#8217;\",\"datePublished\":\"2026-03-11T17:38:36+00:00\",\"dateModified\":\"2026-03-11T17:38:37+00:00\",\"mainEntityOfPage\":{\"@id\":\"https:\/\/web.consaguirre.com.ar\/noticias\/headsend-anuncia-la-fecha-de-lanzamiento-del-ep-debut-angel-glands\/\"},\"wordCount\":454,\"publisher\":{\"@id\":\"https:\/\/web.consaguirre.com.ar\/noticias\/#organization\"},\"image\":{\"@id\":\"https:\/\/web.consaguirre.com.ar\/noticias\/headsend-anuncia-la-fecha-de-lanzamiento-del-ep-debut-angel-glands\/#primaryimage\"},\"thumbnailUrl\":\"https:\/\/web.consaguirre.com.ar\/noticias\/wp-content\/uploads\/2026\/03\/1773250716_HEADSEND-anuncia-la-fecha-de-lanzamiento-del-EP-debut-ANGEL.jpg\",\"keywords\":[\"Angel\",\"anuncia\",\"debut\",\"del\",\"fecha\",\"GLANDS\",\"HEADSEND\",\"lanzamiento\"],\"articleSection\":[\"El \u00faltimo\"],\"inLanguage\":\"es-AR\"},{\"@type\":\"WebPage\",\"@id\":\"https:\/\/web.consaguirre.com.ar\/noticias\/headsend-anuncia-la-fecha-de-lanzamiento-del-ep-debut-angel-glands\/\",\"url\":\"https:\/\/web.consaguirre.com.ar\/noticias\/headsend-anuncia-la-fecha-de-lanzamiento-del-ep-debut-angel-glands\/\",\"name\":\"HEADSEND anuncia la fecha de lanzamiento del EP debut 'ANGEL GLANDS'\",\"isPartOf\":{\"@id\":\"https:\/\/web.consaguirre.com.ar\/noticias\/#website\"},\"primaryImageOfPage\":{\"@id\":\"https:\/\/web.consaguirre.com.ar\/noticias\/headsend-anuncia-la-fecha-de-lanzamiento-del-ep-debut-angel-glands\/#primaryimage\"},\"image\":{\"@id\":\"https:\/\/web.consaguirre.com.ar\/noticias\/headsend-anuncia-la-fecha-de-lanzamiento-del-ep-debut-angel-glands\/#primaryimage\"},\"thumbnailUrl\":\"https:\/\/web.consaguirre.com.ar\/noticias\/wp-content\/uploads\/2026\/03\/1773250716_HEADSEND-anuncia-la-fecha-de-lanzamiento-del-EP-debut-ANGEL.jpg\",\"datePublished\":\"2026-03-11T17:38:36+00:00\",\"dateModified\":\"2026-03-11T17:38:37+00:00\",\"breadcrumb\":{\"@id\":\"https:\/\/web.consaguirre.com.ar\/noticias\/headsend-anuncia-la-fecha-de-lanzamiento-del-ep-debut-angel-glands\/#breadcrumb\"},\"inLanguage\":\"es-AR\",\"potentialAction\":[{\"@type\":\"ReadAction\",\"target\":[\"https:\/\/web.consaguirre.com.ar\/noticias\/headsend-anuncia-la-fecha-de-lanzamiento-del-ep-debut-angel-glands\/\"]}]},{\"@type\":\"ImageObject\",\"inLanguage\":\"es-AR\",\"@id\":\"https:\/\/web.consaguirre.com.ar\/noticias\/headsend-anuncia-la-fecha-de-lanzamiento-del-ep-debut-angel-glands\/#primaryimage\",\"url\":\"https:\/\/web.consaguirre.com.ar\/noticias\/wp-content\/uploads\/2026\/03\/1773250716_HEADSEND-anuncia-la-fecha-de-lanzamiento-del-EP-debut-ANGEL.jpg\",\"contentUrl\":\"https:\/\/web.consaguirre.com.ar\/noticias\/wp-content\/uploads\/2026\/03\/1773250716_HEADSEND-anuncia-la-fecha-de-lanzamiento-del-EP-debut-ANGEL.jpg\",\"width\":1000,\"height\":600,\"caption\":\"Headsend photo by Maclay Heriot\"},{\"@type\":\"BreadcrumbList\",\"@id\":\"https:\/\/web.consaguirre.com.ar\/noticias\/headsend-anuncia-la-fecha-de-lanzamiento-del-ep-debut-angel-glands\/#breadcrumb\",\"itemListElement\":[{\"@type\":\"ListItem\",\"position\":1,\"name\":\"Inicio\",\"item\":\"https:\/\/web.consaguirre.com.ar\/noticias\/\"},{\"@type\":\"ListItem\",\"position\":2,\"name\":\"HEADSEND anuncia la fecha de lanzamiento del EP debut &#8216;ANGEL GLANDS&#8217;\"}]},{\"@type\":\"WebSite\",\"@id\":\"https:\/\/web.consaguirre.com.ar\/noticias\/#website\",\"url\":\"https:\/\/web.consaguirre.com.ar\/noticias\/\",\"name\":\"Conservatorio de M\u00fasica Juli\u00e1n Aguirre\",\"description\":\"\",\"publisher\":{\"@id\":\"https:\/\/web.consaguirre.com.ar\/noticias\/#organization\"},\"potentialAction\":[{\"@type\":\"SearchAction\",\"target\":{\"@type\":\"EntryPoint\",\"urlTemplate\":\"https:\/\/web.consaguirre.com.ar\/noticias\/?s={search_term_string}\"},\"query-input\":\"required name=search_term_string\"}],\"inLanguage\":\"es-AR\"},{\"@type\":\"Organization\",\"@id\":\"https:\/\/web.consaguirre.com.ar\/noticias\/#organization\",\"name\":\"Conservatorio de M\u00fasica Juli\u00e1n Aguirre\",\"url\":\"https:\/\/web.consaguirre.com.ar\/noticias\/\",\"logo\":{\"@type\":\"ImageObject\",\"inLanguage\":\"es-AR\",\"@id\":\"https:\/\/web.consaguirre.com.ar\/noticias\/#\/schema\/logo\/image\/\",\"url\":\"https:\/\/web.consaguirre.com.ar\/noticias\/wp-content\/uploads\/2024\/08\/Banner-Aguirre-23.jpg\",\"contentUrl\":\"https:\/\/web.consaguirre.com.ar\/noticias\/wp-content\/uploads\/2024\/08\/Banner-Aguirre-23.jpg\",\"width\":1192,\"height\":600,\"caption\":\"Conservatorio de M\u00fasica Juli\u00e1n Aguirre\"},\"image\":{\"@id\":\"https:\/\/web.consaguirre.com.ar\/noticias\/#\/schema\/logo\/image\/\"}},{\"@type\":\"Person\",\"@id\":\"https:\/\/web.consaguirre.com.ar\/noticias\/#\/schema\/person\/6558b0cfedee7ddc5425602b237d5722\",\"name\":\"Javier Figueroa\",\"image\":{\"@type\":\"ImageObject\",\"inLanguage\":\"es-AR\",\"@id\":\"https:\/\/web.consaguirre.com.ar\/noticias\/#\/schema\/person\/image\/\",\"url\":\"https:\/\/web.consaguirre.com.ar\/noticias\/wp-content\/uploads\/2024\/08\/Consaguirre-scaled.jpg\",\"contentUrl\":\"https:\/\/web.consaguirre.com.ar\/noticias\/wp-content\/uploads\/2024\/08\/Consaguirre-scaled.jpg\",\"caption\":\"Javier Figueroa\"},\"description\":\"Me llamo Javier Figueroa y soy redactor para el sitio oficial del Conservatorio de M\u00fasica Juli\u00e1n Aguirre en Buenos Aires, consaguirre.com. Apasionado por la m\u00fasica y la escritura, me esfuerzo por destacar los talentos y eventos de nuestra prestigiosa instituci\u00f3n. Mi trayectoria se nutre de una profunda admiraci\u00f3n por los artistas, haciendo de cada art\u00edculo una celebraci\u00f3n de la creatividad y la cultura musical.\",\"sameAs\":[\"https:\/\/web.consaguirre.com.ar\/noticias\"]}]}<\/script>\n<!-- \/ Yoast SEO plugin. -->","yoast_head_json":{"title":"HEADSEND anuncia la fecha de lanzamiento del EP debut 'ANGEL GLANDS'","robots":{"index":"index","follow":"follow","max-snippet":"max-snippet:-1","max-image-preview":"max-image-preview:large","max-video-preview":"max-video-preview:-1"},"canonical":"https:\/\/web.consaguirre.com.ar\/noticias\/headsend-anuncia-la-fecha-de-lanzamiento-del-ep-debut-angel-glands\/","og_locale":"es_ES","og_type":"article","og_title":"HEADSEND anuncia la fecha de lanzamiento del EP debut 'ANGEL GLANDS'","og_description":"HEADSEND, el tr\u00edo formado por Rasmus King, su hermano Kyuss King y Bon Soric, ha anunciado que su EP debut, GL\u00c1NDULAS DE \u00c1NGELse lanzar\u00e1 el","og_url":"https:\/\/web.consaguirre.com.ar\/noticias\/headsend-anuncia-la-fecha-de-lanzamiento-del-ep-debut-angel-glands\/","og_site_name":"Conservatorio de M\u00fasica Juli\u00e1n Aguirre","article_published_time":"2026-03-11T17:38:36+00:00","article_modified_time":"2026-03-11T17:38:37+00:00","og_image":[{"width":1000,"height":600,"url":"https:\/\/web.consaguirre.com.ar\/noticias\/wp-content\/uploads\/2026\/03\/1773250716_HEADSEND-anuncia-la-fecha-de-lanzamiento-del-EP-debut-ANGEL.jpg","type":"image\/jpeg"}],"author":"Javier Figueroa","twitter_card":"summary_large_image","twitter_misc":{"Escrito por":"Javier Figueroa","Tiempo de lectura":"2 minutos"},"schema":{"@context":"https:\/\/schema.org","@graph":[{"@type":"Article","@id":"https:\/\/web.consaguirre.com.ar\/noticias\/headsend-anuncia-la-fecha-de-lanzamiento-del-ep-debut-angel-glands\/#article","isPartOf":{"@id":"https:\/\/web.consaguirre.com.ar\/noticias\/headsend-anuncia-la-fecha-de-lanzamiento-del-ep-debut-angel-glands\/"},"author":{"name":"Javier Figueroa","@id":"https:\/\/web.consaguirre.com.ar\/noticias\/#\/schema\/person\/6558b0cfedee7ddc5425602b237d5722"},"headline":"HEADSEND anuncia la fecha de lanzamiento del EP debut &#8216;ANGEL GLANDS&#8217;","datePublished":"2026-03-11T17:38:36+00:00","dateModified":"2026-03-11T17:38:37+00:00","mainEntityOfPage":{"@id":"https:\/\/web.consaguirre.com.ar\/noticias\/headsend-anuncia-la-fecha-de-lanzamiento-del-ep-debut-angel-glands\/"},"wordCount":454,"publisher":{"@id":"https:\/\/web.consaguirre.com.ar\/noticias\/#organization"},"image":{"@id":"https:\/\/web.consaguirre.com.ar\/noticias\/headsend-anuncia-la-fecha-de-lanzamiento-del-ep-debut-angel-glands\/#primaryimage"},"thumbnailUrl":"https:\/\/web.consaguirre.com.ar\/noticias\/wp-content\/uploads\/2026\/03\/1773250716_HEADSEND-anuncia-la-fecha-de-lanzamiento-del-EP-debut-ANGEL.jpg","keywords":["Angel","anuncia","debut","del","fecha","GLANDS","HEADSEND","lanzamiento"],"articleSection":["El \u00faltimo"],"inLanguage":"es-AR"},{"@type":"WebPage","@id":"https:\/\/web.consaguirre.com.ar\/noticias\/headsend-anuncia-la-fecha-de-lanzamiento-del-ep-debut-angel-glands\/","url":"https:\/\/web.consaguirre.com.ar\/noticias\/headsend-anuncia-la-fecha-de-lanzamiento-del-ep-debut-angel-glands\/","name":"HEADSEND anuncia la fecha de lanzamiento del EP debut 'ANGEL GLANDS'","isPartOf":{"@id":"https:\/\/web.consaguirre.com.ar\/noticias\/#website"},"primaryImageOfPage":{"@id":"https:\/\/web.consaguirre.com.ar\/noticias\/headsend-anuncia-la-fecha-de-lanzamiento-del-ep-debut-angel-glands\/#primaryimage"},"image":{"@id":"https:\/\/web.consaguirre.com.ar\/noticias\/headsend-anuncia-la-fecha-de-lanzamiento-del-ep-debut-angel-glands\/#primaryimage"},"thumbnailUrl":"https:\/\/web.consaguirre.com.ar\/noticias\/wp-content\/uploads\/2026\/03\/1773250716_HEADSEND-anuncia-la-fecha-de-lanzamiento-del-EP-debut-ANGEL.jpg","datePublished":"2026-03-11T17:38:36+00:00","dateModified":"2026-03-11T17:38:37+00:00","breadcrumb":{"@id":"https:\/\/web.consaguirre.com.ar\/noticias\/headsend-anuncia-la-fecha-de-lanzamiento-del-ep-debut-angel-glands\/#breadcrumb"},"inLanguage":"es-AR","potentialAction":[{"@type":"ReadAction","target":["https:\/\/web.consaguirre.com.ar\/noticias\/headsend-anuncia-la-fecha-de-lanzamiento-del-ep-debut-angel-glands\/"]}]},{"@type":"ImageObject","inLanguage":"es-AR","@id":"https:\/\/web.consaguirre.com.ar\/noticias\/headsend-anuncia-la-fecha-de-lanzamiento-del-ep-debut-angel-glands\/#primaryimage","url":"https:\/\/web.consaguirre.com.ar\/noticias\/wp-content\/uploads\/2026\/03\/1773250716_HEADSEND-anuncia-la-fecha-de-lanzamiento-del-EP-debut-ANGEL.jpg","contentUrl":"https:\/\/web.consaguirre.com.ar\/noticias\/wp-content\/uploads\/2026\/03\/1773250716_HEADSEND-anuncia-la-fecha-de-lanzamiento-del-EP-debut-ANGEL.jpg","width":1000,"height":600,"caption":"Headsend photo by Maclay Heriot"},{"@type":"BreadcrumbList","@id":"https:\/\/web.consaguirre.com.ar\/noticias\/headsend-anuncia-la-fecha-de-lanzamiento-del-ep-debut-angel-glands\/#breadcrumb","itemListElement":[{"@type":"ListItem","position":1,"name":"Inicio","item":"https:\/\/web.consaguirre.com.ar\/noticias\/"},{"@type":"ListItem","position":2,"name":"HEADSEND anuncia la fecha de lanzamiento del EP debut &#8216;ANGEL GLANDS&#8217;"}]},{"@type":"WebSite","@id":"https:\/\/web.consaguirre.com.ar\/noticias\/#website","url":"https:\/\/web.consaguirre.com.ar\/noticias\/","name":"Conservatorio de M\u00fasica Juli\u00e1n Aguirre","description":"","publisher":{"@id":"https:\/\/web.consaguirre.com.ar\/noticias\/#organization"},"potentialAction":[{"@type":"SearchAction","target":{"@type":"EntryPoint","urlTemplate":"https:\/\/web.consaguirre.com.ar\/noticias\/?s={search_term_string}"},"query-input":"required name=search_term_string"}],"inLanguage":"es-AR"},{"@type":"Organization","@id":"https:\/\/web.consaguirre.com.ar\/noticias\/#organization","name":"Conservatorio de M\u00fasica Juli\u00e1n Aguirre","url":"https:\/\/web.consaguirre.com.ar\/noticias\/","logo":{"@type":"ImageObject","inLanguage":"es-AR","@id":"https:\/\/web.consaguirre.com.ar\/noticias\/#\/schema\/logo\/image\/","url":"https:\/\/web.consaguirre.com.ar\/noticias\/wp-content\/uploads\/2024\/08\/Banner-Aguirre-23.jpg","contentUrl":"https:\/\/web.consaguirre.com.ar\/noticias\/wp-content\/uploads\/2024\/08\/Banner-Aguirre-23.jpg","width":1192,"height":600,"caption":"Conservatorio de M\u00fasica Juli\u00e1n Aguirre"},"image":{"@id":"https:\/\/web.consaguirre.com.ar\/noticias\/#\/schema\/logo\/image\/"}},{"@type":"Person","@id":"https:\/\/web.consaguirre.com.ar\/noticias\/#\/schema\/person\/6558b0cfedee7ddc5425602b237d5722","name":"Javier Figueroa","image":{"@type":"ImageObject","inLanguage":"es-AR","@id":"https:\/\/web.consaguirre.com.ar\/noticias\/#\/schema\/person\/image\/","url":"https:\/\/web.consaguirre.com.ar\/noticias\/wp-content\/uploads\/2024\/08\/Consaguirre-scaled.jpg","contentUrl":"https:\/\/web.consaguirre.com.ar\/noticias\/wp-content\/uploads\/2024\/08\/Consaguirre-scaled.jpg","caption":"Javier Figueroa"},"description":"Me llamo Javier Figueroa y soy redactor para el sitio oficial del Conservatorio de M\u00fasica Juli\u00e1n Aguirre en Buenos Aires, consaguirre.com. Apasionado por la m\u00fasica y la escritura, me esfuerzo por destacar los talentos y eventos de nuestra prestigiosa instituci\u00f3n. Mi trayectoria se nutre de una profunda admiraci\u00f3n por los artistas, haciendo de cada art\u00edculo una celebraci\u00f3n de la creatividad y la cultura musical.","sameAs":["https:\/\/web.consaguirre.com.ar\/noticias"]}]}},"_links":{"self":[{"href":"https:\/\/web.consaguirre.com.ar\/noticias\/wp-json\/wp\/v2\/posts\/5330"}],"collection":[{"href":"https:\/\/web.consaguirre.com.ar\/noticias\/wp-json\/wp\/v2\/posts"}],"about":[{"href":"https:\/\/web.consaguirre.com.ar\/noticias\/wp-json\/wp\/v2\/types\/post"}],"author":[{"embeddable":true,"href":"https:\/\/web.consaguirre.com.ar\/noticias\/wp-json\/wp\/v2\/users\/1"}],"replies":[{"embeddable":true,"href":"https:\/\/web.consaguirre.com.ar\/noticias\/wp-json\/wp\/v2\/comments?post=5330"}],"version-history":[{"count":1,"href":"https:\/\/web.consaguirre.com.ar\/noticias\/wp-json\/wp\/v2\/posts\/5330\/revisions"}],"predecessor-version":[{"id":5332,"href":"https:\/\/web.consaguirre.com.ar\/noticias\/wp-json\/wp\/v2\/posts\/5330\/revisions\/5332"}],"wp:featuredmedia":[{"embeddable":true,"href":"https:\/\/web.consaguirre.com.ar\/noticias\/wp-json\/wp\/v2\/media\/5331"}],"wp:attachment":[{"href":"https:\/\/web.consaguirre.com.ar\/noticias\/wp-json\/wp\/v2\/media?parent=5330"}],"wp:term":[{"taxonomy":"category","embeddable":true,"href":"https:\/\/web.consaguirre.com.ar\/noticias\/wp-json\/wp\/v2\/categories?post=5330"},{"taxonomy":"post_tag","embeddable":true,"href":"https:\/\/web.consaguirre.com.ar\/noticias\/wp-json\/wp\/v2\/tags?post=5330"}],"curies":[{"name":"wp","href":"https:\/\/api.w.org\/{rel}","templated":true}]}}