{"id":5314,"date":"2026-03-10T11:43:15","date_gmt":"2026-03-10T14:43:15","guid":{"rendered":"https:\/\/web.consaguirre.com.ar\/noticias\/the-marcus-king-band-amplia-su-gira-2026\/"},"modified":"2026-03-10T11:43:17","modified_gmt":"2026-03-10T14:43:17","slug":"the-marcus-king-band-amplia-su-gira-2026","status":"publish","type":"post","link":"https:\/\/web.consaguirre.com.ar\/noticias\/the-marcus-king-band-amplia-su-gira-2026\/","title":{"rendered":"The Marcus King Band ampl\u00eda su gira 2026"},"content":{"rendered":"<p>La Marcus King Band est\u00e1 a punto de tener un verano muy ocupado. La querida unidad de rock sure\u00f1o ha ampliado su Darling Blue Pt. 2 con 39 fechas, una serie de shows que mantendr\u00e1n a King y sus compa\u00f1eros de banda de gira durante gran parte de mayo, junio y julio, adem\u00e1s de algunos conciertos m\u00e1s en septiembre por si acaso.<\/p>\n<p>La gira, llamada as\u00ed por el aclamado \u00e1lbum 2025 de Marcus King Band. <em>Querido azul<\/em>contar\u00e1 con el apoyo de los invitados especiales Penelope Road y Willow Avalon en fechas seleccionadas. King y sus compatriotas recorrer\u00e1n los principales mercados, incluidos Nueva York, Chicago, Boston y Atlanta. El 27 de mayo, regresar\u00e1n a su casa en Nashville para encabezar Marcus King Band and Friends, una presentaci\u00f3n especial en el Auditorio Municipal.<\/p>\n<div align=\"center\">\n<div class=\"udiscover-store-container\">\n<div id='udiscover-store-two-product'><\/div>\n<\/div>\n<p>\/*<!(CDATA(*\/(function (){var scriptURL='https:\/\/sdks.shopifycdn.com\/buy-button\/latest\/buy-button-storefront.min.js';if(window.ShopifyBuy){if(window.ShopifyBuy.UI){ShopifyBuyInit();}else{loadScript();}}else{loadScript();}funci\u00f3n loadScript(){var script=document.createElement('script');script.async=true;script.src=scriptURL;(document.getElementsByTagName('head')(0)|| document.getElementsByTagName('body')(0)).appendChild(script);script.onload=ShopifyBuyInit;} function ShopifyBuyInit(){var cliente=ShopifyBuy.buildClient({dominio:'udiscover.myshopify.com',storefrontAccessToken: 'bdc89f347d2ce61c1feeb9f8c60b2b98',}); ShopifyBuy.UI.onReady(cliente).luego(funci\u00f3n(ui){ ui.createComponent('productSet',{ id:(7572830027853,7572829995085), nodo:document.getElementById('udiscover-store-two-product'), moneyFormat:'%24%7B%7Bamount%7D%7D', opciones:{&quot;producto&quot;:{&quot;marco flotante&quot;:FALSO,&quot;bot\u00f3nDestino&quot;:&quot;modal&quot;,&quot;contenido&quot;:{&quot;opciones&quot;:verdadero},&quot;texto&quot;:{&quot;bot\u00f3n&quot;:&quot;PEDIR AHORA&quot;,&quot;Agotado&quot;:&quot;Lo sentimos, esto est\u00e1 agotado.&quot;}},&quot;conjunto de productos&quot;:{&quot;marco flotante&quot;:FALSO},&quot;modalProducto&quot;:{&quot;marco flotante&quot;:FALSO,&quot;contenido&quot;:{&quot;imagen&quot;:FALSO,&quot;imgConCarrusel&quot;:verdadero,&quot;bot\u00f3n&quot;:FALSO,&quot;bot\u00f3nConCantidad&quot;:verdadero}},&quot;modal&quot;:{&quot;marco flotante&quot;:FALSO},&quot;opci\u00f3n&quot;:{&quot;marco flotante&quot;:FALSO},&quot;carro&quot;:{&quot;marco flotante&quot;:FALSO},&quot;palanca&quot;:{&quot;marco flotante&quot;:FALSO,&quot;contenido&quot;:{&quot;icono&quot;:FALSO}},&quot;art\u00edculo de l\u00ednea&quot;:{&quot;marco flotante&quot;:FALSO}}, }); }); } })(); \/*))>*\/ <\/div>\n<\/p>\n<p>La preventa comienza este mi\u00e9rcoles 11 de marzo a las 10 a. m. hora local, seguida de la venta general a partir de este viernes 13 de marzo a las 10 a. m. hora local. Los boletos estar\u00e1n a la venta en el sitio web de King, marcuskingofficial.com. Antes de la gira, Marcus King Band se presentar\u00e1 en el famoso Blue Note Jazz Club de Nueva York para una residencia de una semana del 13 al 19 de marzo. Luego realizar\u00e1n una gira por Australia y regresar\u00e1n a Norteam\u00e9rica para aparecer en festivales como Stagecoach, Bourbon &#038; Beyond y Gulf Coast Jam.<\/p>\n<p>Despu\u00e9s de tres esfuerzos en solitario consecutivos, <em>Querido azul<\/em> fue el primer \u00e1lbum de King facturado conjuntamente a sus compa\u00f1eros de banda desde 2018. Para grabarlo, se trasladaron a Macon, Capricorn Studios de Georgia, lugar de grabaciones fundamentales de antepasados \u200b\u200bdel rock sure\u00f1o como Allman Brothers Band. Los Allman tambi\u00e9n influyeron en el \u00e1lbum en peque\u00f1a medida, ya que Richard Brent del The Big House Allman Brothers Band Museum ofreci\u00f3 como voluntario el bajo Guild Starfire del 66 de Gregg Allman para usarlo en una pista.<\/p>\n<div class=\"uD-YT-container\"><img decoding=\"async\" src=\"https:\/\/web.consaguirre.com.ar\/noticias\/wp-content\/uploads\/2026\/03\/1773153795_437_The-Marcus-King-Band-amplia-su-gira-2026.jpg\" alt=\"V\u00eddeo de YouTube\"><br \/>Haga clic para cargar v\u00eddeo<\/div>\n<p><em>Querido azul<\/em> fue recibido con entusiasmo tras su lanzamiento en septiembre pasado y fue nombrado uno de los mejores \u00e1lbumes de Nashville de 2025 por The Tennessean a finales de a\u00f1o. En una cr\u00edtica entusiasta, <em>Salvando la m\u00fasica country<\/em> elogi\u00f3 el equilibrio de excursiones country del \u00e1lbum y la combinaci\u00f3n caracter\u00edstica del grupo de rock sure\u00f1o, soul y R&#038;B cl\u00e1sico: \u201cCompromiso, agradecimiento, adulaci\u00f3n y maduraci\u00f3n a trav\u00e9s de su sobriedad es la historia que cuenta este conmovedor \u00e1lbum de rock sure\u00f1o, al tiempo que utiliza influencias de la m\u00fasica country para darle esa sensaci\u00f3n acogedora y hogare\u00f1a\u201d.<\/p>\n<p><b>Comprar Marcus King&#8217;s <em>Querido azul<\/em> aqu\u00ed.<\/b><\/p>\n","protected":false},"excerpt":{"rendered":"<p>La Marcus King Band est\u00e1 a punto de tener un verano muy ocupado. La querida unidad de rock sure\u00f1o ha ampliado su Darling Blue Pt.<\/p>\n","protected":false},"author":1,"featured_media":5315,"comment_status":"closed","ping_status":"","sticky":false,"template":"","format":"standard","meta":{"footnotes":""},"categories":[50],"tags":[957,1247,492,654,3967],"class_list":["post-5314","post","type-post","status-publish","format-standard","has-post-thumbnail","hentry","category-el-ultimo","tag-amplia","tag-band","tag-gira","tag-king","tag-marcus","generate-columns","tablet-grid-50","mobile-grid-100","grid-parent","grid-50"],"yoast_head":"<!-- This site is optimized with the Yoast SEO plugin v23.3 - https:\/\/yoast.com\/wordpress\/plugins\/seo\/ -->\n<title>The Marcus King Band ampl\u00eda su gira 2026<\/title>\n<meta name=\"robots\" content=\"index, follow, max-snippet:-1, max-image-preview:large, max-video-preview:-1\" \/>\n<link rel=\"canonical\" href=\"https:\/\/web.consaguirre.com.ar\/noticias\/the-marcus-king-band-amplia-su-gira-2026\/\" \/>\n<meta property=\"og:locale\" content=\"es_ES\" \/>\n<meta property=\"og:type\" content=\"article\" \/>\n<meta property=\"og:title\" content=\"The Marcus King Band ampl\u00eda su gira 2026\" \/>\n<meta property=\"og:description\" content=\"La Marcus King Band est\u00e1 a punto de tener un verano muy ocupado. La querida unidad de rock sure\u00f1o ha ampliado su Darling Blue Pt.\" \/>\n<meta property=\"og:url\" content=\"https:\/\/web.consaguirre.com.ar\/noticias\/the-marcus-king-band-amplia-su-gira-2026\/\" \/>\n<meta property=\"og:site_name\" content=\"Conservatorio de M\u00fasica Juli\u00e1n Aguirre\" \/>\n<meta property=\"article:published_time\" content=\"2026-03-10T14:43:15+00:00\" \/>\n<meta property=\"article:modified_time\" content=\"2026-03-10T14:43:17+00:00\" \/>\n<meta property=\"og:image\" content=\"https:\/\/web.consaguirre.com.ar\/noticias\/wp-content\/uploads\/2026\/03\/The-Marcus-King-Band-amplia-su-gira-2026.jpg\" \/>\n\t<meta property=\"og:image:width\" content=\"820\" \/>\n\t<meta property=\"og:image:height\" content=\"820\" \/>\n\t<meta property=\"og:image:type\" content=\"image\/jpeg\" \/>\n<meta name=\"author\" content=\"Javier Figueroa\" \/>\n<meta name=\"twitter:card\" content=\"summary_large_image\" \/>\n<meta name=\"twitter:label1\" content=\"Escrito por\" \/>\n\t<meta name=\"twitter:data1\" content=\"Javier Figueroa\" \/>\n\t<meta name=\"twitter:label2\" content=\"Tiempo de lectura\" \/>\n\t<meta name=\"twitter:data2\" content=\"2 minutos\" \/>\n<script type=\"application\/ld+json\" class=\"yoast-schema-graph\">{\"@context\":\"https:\/\/schema.org\",\"@graph\":[{\"@type\":\"Article\",\"@id\":\"https:\/\/web.consaguirre.com.ar\/noticias\/the-marcus-king-band-amplia-su-gira-2026\/#article\",\"isPartOf\":{\"@id\":\"https:\/\/web.consaguirre.com.ar\/noticias\/the-marcus-king-band-amplia-su-gira-2026\/\"},\"author\":{\"name\":\"Javier Figueroa\",\"@id\":\"https:\/\/web.consaguirre.com.ar\/noticias\/#\/schema\/person\/6558b0cfedee7ddc5425602b237d5722\"},\"headline\":\"The Marcus King Band ampl\u00eda su gira 2026\",\"datePublished\":\"2026-03-10T14:43:15+00:00\",\"dateModified\":\"2026-03-10T14:43:17+00:00\",\"mainEntityOfPage\":{\"@id\":\"https:\/\/web.consaguirre.com.ar\/noticias\/the-marcus-king-band-amplia-su-gira-2026\/\"},\"wordCount\":457,\"publisher\":{\"@id\":\"https:\/\/web.consaguirre.com.ar\/noticias\/#organization\"},\"image\":{\"@id\":\"https:\/\/web.consaguirre.com.ar\/noticias\/the-marcus-king-band-amplia-su-gira-2026\/#primaryimage\"},\"thumbnailUrl\":\"https:\/\/web.consaguirre.com.ar\/noticias\/wp-content\/uploads\/2026\/03\/The-Marcus-King-Band-amplia-su-gira-2026.jpg\",\"keywords\":[\"ampl\u00eda\",\"Band\",\"gira\",\"King\",\"Marcus\"],\"articleSection\":[\"El \u00faltimo\"],\"inLanguage\":\"es-AR\"},{\"@type\":\"WebPage\",\"@id\":\"https:\/\/web.consaguirre.com.ar\/noticias\/the-marcus-king-band-amplia-su-gira-2026\/\",\"url\":\"https:\/\/web.consaguirre.com.ar\/noticias\/the-marcus-king-band-amplia-su-gira-2026\/\",\"name\":\"The Marcus King Band ampl\u00eda su gira 2026\",\"isPartOf\":{\"@id\":\"https:\/\/web.consaguirre.com.ar\/noticias\/#website\"},\"primaryImageOfPage\":{\"@id\":\"https:\/\/web.consaguirre.com.ar\/noticias\/the-marcus-king-band-amplia-su-gira-2026\/#primaryimage\"},\"image\":{\"@id\":\"https:\/\/web.consaguirre.com.ar\/noticias\/the-marcus-king-band-amplia-su-gira-2026\/#primaryimage\"},\"thumbnailUrl\":\"https:\/\/web.consaguirre.com.ar\/noticias\/wp-content\/uploads\/2026\/03\/The-Marcus-King-Band-amplia-su-gira-2026.jpg\",\"datePublished\":\"2026-03-10T14:43:15+00:00\",\"dateModified\":\"2026-03-10T14:43:17+00:00\",\"breadcrumb\":{\"@id\":\"https:\/\/web.consaguirre.com.ar\/noticias\/the-marcus-king-band-amplia-su-gira-2026\/#breadcrumb\"},\"inLanguage\":\"es-AR\",\"potentialAction\":[{\"@type\":\"ReadAction\",\"target\":[\"https:\/\/web.consaguirre.com.ar\/noticias\/the-marcus-king-band-amplia-su-gira-2026\/\"]}]},{\"@type\":\"ImageObject\",\"inLanguage\":\"es-AR\",\"@id\":\"https:\/\/web.consaguirre.com.ar\/noticias\/the-marcus-king-band-amplia-su-gira-2026\/#primaryimage\",\"url\":\"https:\/\/web.consaguirre.com.ar\/noticias\/wp-content\/uploads\/2026\/03\/The-Marcus-King-Band-amplia-su-gira-2026.jpg\",\"contentUrl\":\"https:\/\/web.consaguirre.com.ar\/noticias\/wp-content\/uploads\/2026\/03\/The-Marcus-King-Band-amplia-su-gira-2026.jpg\",\"width\":820,\"height\":820,\"caption\":\"Marcus King Darling Blue\"},{\"@type\":\"BreadcrumbList\",\"@id\":\"https:\/\/web.consaguirre.com.ar\/noticias\/the-marcus-king-band-amplia-su-gira-2026\/#breadcrumb\",\"itemListElement\":[{\"@type\":\"ListItem\",\"position\":1,\"name\":\"Inicio\",\"item\":\"https:\/\/web.consaguirre.com.ar\/noticias\/\"},{\"@type\":\"ListItem\",\"position\":2,\"name\":\"The Marcus King Band ampl\u00eda su gira 2026\"}]},{\"@type\":\"WebSite\",\"@id\":\"https:\/\/web.consaguirre.com.ar\/noticias\/#website\",\"url\":\"https:\/\/web.consaguirre.com.ar\/noticias\/\",\"name\":\"Conservatorio de M\u00fasica Juli\u00e1n Aguirre\",\"description\":\"\",\"publisher\":{\"@id\":\"https:\/\/web.consaguirre.com.ar\/noticias\/#organization\"},\"potentialAction\":[{\"@type\":\"SearchAction\",\"target\":{\"@type\":\"EntryPoint\",\"urlTemplate\":\"https:\/\/web.consaguirre.com.ar\/noticias\/?s={search_term_string}\"},\"query-input\":\"required name=search_term_string\"}],\"inLanguage\":\"es-AR\"},{\"@type\":\"Organization\",\"@id\":\"https:\/\/web.consaguirre.com.ar\/noticias\/#organization\",\"name\":\"Conservatorio de M\u00fasica Juli\u00e1n Aguirre\",\"url\":\"https:\/\/web.consaguirre.com.ar\/noticias\/\",\"logo\":{\"@type\":\"ImageObject\",\"inLanguage\":\"es-AR\",\"@id\":\"https:\/\/web.consaguirre.com.ar\/noticias\/#\/schema\/logo\/image\/\",\"url\":\"https:\/\/web.consaguirre.com.ar\/noticias\/wp-content\/uploads\/2024\/08\/Banner-Aguirre-23.jpg\",\"contentUrl\":\"https:\/\/web.consaguirre.com.ar\/noticias\/wp-content\/uploads\/2024\/08\/Banner-Aguirre-23.jpg\",\"width\":1192,\"height\":600,\"caption\":\"Conservatorio de M\u00fasica Juli\u00e1n Aguirre\"},\"image\":{\"@id\":\"https:\/\/web.consaguirre.com.ar\/noticias\/#\/schema\/logo\/image\/\"}},{\"@type\":\"Person\",\"@id\":\"https:\/\/web.consaguirre.com.ar\/noticias\/#\/schema\/person\/6558b0cfedee7ddc5425602b237d5722\",\"name\":\"Javier Figueroa\",\"image\":{\"@type\":\"ImageObject\",\"inLanguage\":\"es-AR\",\"@id\":\"https:\/\/web.consaguirre.com.ar\/noticias\/#\/schema\/person\/image\/\",\"url\":\"https:\/\/web.consaguirre.com.ar\/noticias\/wp-content\/uploads\/2024\/08\/Consaguirre-scaled.jpg\",\"contentUrl\":\"https:\/\/web.consaguirre.com.ar\/noticias\/wp-content\/uploads\/2024\/08\/Consaguirre-scaled.jpg\",\"caption\":\"Javier Figueroa\"},\"description\":\"Me llamo Javier Figueroa y soy redactor para el sitio oficial del Conservatorio de M\u00fasica Juli\u00e1n Aguirre en Buenos Aires, consaguirre.com. Apasionado por la m\u00fasica y la escritura, me esfuerzo por destacar los talentos y eventos de nuestra prestigiosa instituci\u00f3n. Mi trayectoria se nutre de una profunda admiraci\u00f3n por los artistas, haciendo de cada art\u00edculo una celebraci\u00f3n de la creatividad y la cultura musical.\",\"sameAs\":[\"https:\/\/web.consaguirre.com.ar\/noticias\"]}]}<\/script>\n<!-- \/ Yoast SEO plugin. -->","yoast_head_json":{"title":"The Marcus King Band ampl\u00eda su gira 2026","robots":{"index":"index","follow":"follow","max-snippet":"max-snippet:-1","max-image-preview":"max-image-preview:large","max-video-preview":"max-video-preview:-1"},"canonical":"https:\/\/web.consaguirre.com.ar\/noticias\/the-marcus-king-band-amplia-su-gira-2026\/","og_locale":"es_ES","og_type":"article","og_title":"The Marcus King Band ampl\u00eda su gira 2026","og_description":"La Marcus King Band est\u00e1 a punto de tener un verano muy ocupado. La querida unidad de rock sure\u00f1o ha ampliado su Darling Blue Pt.","og_url":"https:\/\/web.consaguirre.com.ar\/noticias\/the-marcus-king-band-amplia-su-gira-2026\/","og_site_name":"Conservatorio de M\u00fasica Juli\u00e1n Aguirre","article_published_time":"2026-03-10T14:43:15+00:00","article_modified_time":"2026-03-10T14:43:17+00:00","og_image":[{"width":820,"height":820,"url":"https:\/\/web.consaguirre.com.ar\/noticias\/wp-content\/uploads\/2026\/03\/The-Marcus-King-Band-amplia-su-gira-2026.jpg","type":"image\/jpeg"}],"author":"Javier Figueroa","twitter_card":"summary_large_image","twitter_misc":{"Escrito por":"Javier Figueroa","Tiempo de lectura":"2 minutos"},"schema":{"@context":"https:\/\/schema.org","@graph":[{"@type":"Article","@id":"https:\/\/web.consaguirre.com.ar\/noticias\/the-marcus-king-band-amplia-su-gira-2026\/#article","isPartOf":{"@id":"https:\/\/web.consaguirre.com.ar\/noticias\/the-marcus-king-band-amplia-su-gira-2026\/"},"author":{"name":"Javier Figueroa","@id":"https:\/\/web.consaguirre.com.ar\/noticias\/#\/schema\/person\/6558b0cfedee7ddc5425602b237d5722"},"headline":"The Marcus King Band ampl\u00eda su gira 2026","datePublished":"2026-03-10T14:43:15+00:00","dateModified":"2026-03-10T14:43:17+00:00","mainEntityOfPage":{"@id":"https:\/\/web.consaguirre.com.ar\/noticias\/the-marcus-king-band-amplia-su-gira-2026\/"},"wordCount":457,"publisher":{"@id":"https:\/\/web.consaguirre.com.ar\/noticias\/#organization"},"image":{"@id":"https:\/\/web.consaguirre.com.ar\/noticias\/the-marcus-king-band-amplia-su-gira-2026\/#primaryimage"},"thumbnailUrl":"https:\/\/web.consaguirre.com.ar\/noticias\/wp-content\/uploads\/2026\/03\/The-Marcus-King-Band-amplia-su-gira-2026.jpg","keywords":["ampl\u00eda","Band","gira","King","Marcus"],"articleSection":["El \u00faltimo"],"inLanguage":"es-AR"},{"@type":"WebPage","@id":"https:\/\/web.consaguirre.com.ar\/noticias\/the-marcus-king-band-amplia-su-gira-2026\/","url":"https:\/\/web.consaguirre.com.ar\/noticias\/the-marcus-king-band-amplia-su-gira-2026\/","name":"The Marcus King Band ampl\u00eda su gira 2026","isPartOf":{"@id":"https:\/\/web.consaguirre.com.ar\/noticias\/#website"},"primaryImageOfPage":{"@id":"https:\/\/web.consaguirre.com.ar\/noticias\/the-marcus-king-band-amplia-su-gira-2026\/#primaryimage"},"image":{"@id":"https:\/\/web.consaguirre.com.ar\/noticias\/the-marcus-king-band-amplia-su-gira-2026\/#primaryimage"},"thumbnailUrl":"https:\/\/web.consaguirre.com.ar\/noticias\/wp-content\/uploads\/2026\/03\/The-Marcus-King-Band-amplia-su-gira-2026.jpg","datePublished":"2026-03-10T14:43:15+00:00","dateModified":"2026-03-10T14:43:17+00:00","breadcrumb":{"@id":"https:\/\/web.consaguirre.com.ar\/noticias\/the-marcus-king-band-amplia-su-gira-2026\/#breadcrumb"},"inLanguage":"es-AR","potentialAction":[{"@type":"ReadAction","target":["https:\/\/web.consaguirre.com.ar\/noticias\/the-marcus-king-band-amplia-su-gira-2026\/"]}]},{"@type":"ImageObject","inLanguage":"es-AR","@id":"https:\/\/web.consaguirre.com.ar\/noticias\/the-marcus-king-band-amplia-su-gira-2026\/#primaryimage","url":"https:\/\/web.consaguirre.com.ar\/noticias\/wp-content\/uploads\/2026\/03\/The-Marcus-King-Band-amplia-su-gira-2026.jpg","contentUrl":"https:\/\/web.consaguirre.com.ar\/noticias\/wp-content\/uploads\/2026\/03\/The-Marcus-King-Band-amplia-su-gira-2026.jpg","width":820,"height":820,"caption":"Marcus King Darling Blue"},{"@type":"BreadcrumbList","@id":"https:\/\/web.consaguirre.com.ar\/noticias\/the-marcus-king-band-amplia-su-gira-2026\/#breadcrumb","itemListElement":[{"@type":"ListItem","position":1,"name":"Inicio","item":"https:\/\/web.consaguirre.com.ar\/noticias\/"},{"@type":"ListItem","position":2,"name":"The Marcus King Band ampl\u00eda su gira 2026"}]},{"@type":"WebSite","@id":"https:\/\/web.consaguirre.com.ar\/noticias\/#website","url":"https:\/\/web.consaguirre.com.ar\/noticias\/","name":"Conservatorio de M\u00fasica Juli\u00e1n Aguirre","description":"","publisher":{"@id":"https:\/\/web.consaguirre.com.ar\/noticias\/#organization"},"potentialAction":[{"@type":"SearchAction","target":{"@type":"EntryPoint","urlTemplate":"https:\/\/web.consaguirre.com.ar\/noticias\/?s={search_term_string}"},"query-input":"required name=search_term_string"}],"inLanguage":"es-AR"},{"@type":"Organization","@id":"https:\/\/web.consaguirre.com.ar\/noticias\/#organization","name":"Conservatorio de M\u00fasica Juli\u00e1n Aguirre","url":"https:\/\/web.consaguirre.com.ar\/noticias\/","logo":{"@type":"ImageObject","inLanguage":"es-AR","@id":"https:\/\/web.consaguirre.com.ar\/noticias\/#\/schema\/logo\/image\/","url":"https:\/\/web.consaguirre.com.ar\/noticias\/wp-content\/uploads\/2024\/08\/Banner-Aguirre-23.jpg","contentUrl":"https:\/\/web.consaguirre.com.ar\/noticias\/wp-content\/uploads\/2024\/08\/Banner-Aguirre-23.jpg","width":1192,"height":600,"caption":"Conservatorio de M\u00fasica Juli\u00e1n Aguirre"},"image":{"@id":"https:\/\/web.consaguirre.com.ar\/noticias\/#\/schema\/logo\/image\/"}},{"@type":"Person","@id":"https:\/\/web.consaguirre.com.ar\/noticias\/#\/schema\/person\/6558b0cfedee7ddc5425602b237d5722","name":"Javier Figueroa","image":{"@type":"ImageObject","inLanguage":"es-AR","@id":"https:\/\/web.consaguirre.com.ar\/noticias\/#\/schema\/person\/image\/","url":"https:\/\/web.consaguirre.com.ar\/noticias\/wp-content\/uploads\/2024\/08\/Consaguirre-scaled.jpg","contentUrl":"https:\/\/web.consaguirre.com.ar\/noticias\/wp-content\/uploads\/2024\/08\/Consaguirre-scaled.jpg","caption":"Javier Figueroa"},"description":"Me llamo Javier Figueroa y soy redactor para el sitio oficial del Conservatorio de M\u00fasica Juli\u00e1n Aguirre en Buenos Aires, consaguirre.com. Apasionado por la m\u00fasica y la escritura, me esfuerzo por destacar los talentos y eventos de nuestra prestigiosa instituci\u00f3n. Mi trayectoria se nutre de una profunda admiraci\u00f3n por los artistas, haciendo de cada art\u00edculo una celebraci\u00f3n de la creatividad y la cultura musical.","sameAs":["https:\/\/web.consaguirre.com.ar\/noticias"]}]}},"_links":{"self":[{"href":"https:\/\/web.consaguirre.com.ar\/noticias\/wp-json\/wp\/v2\/posts\/5314"}],"collection":[{"href":"https:\/\/web.consaguirre.com.ar\/noticias\/wp-json\/wp\/v2\/posts"}],"about":[{"href":"https:\/\/web.consaguirre.com.ar\/noticias\/wp-json\/wp\/v2\/types\/post"}],"author":[{"embeddable":true,"href":"https:\/\/web.consaguirre.com.ar\/noticias\/wp-json\/wp\/v2\/users\/1"}],"replies":[{"embeddable":true,"href":"https:\/\/web.consaguirre.com.ar\/noticias\/wp-json\/wp\/v2\/comments?post=5314"}],"version-history":[{"count":1,"href":"https:\/\/web.consaguirre.com.ar\/noticias\/wp-json\/wp\/v2\/posts\/5314\/revisions"}],"predecessor-version":[{"id":5316,"href":"https:\/\/web.consaguirre.com.ar\/noticias\/wp-json\/wp\/v2\/posts\/5314\/revisions\/5316"}],"wp:featuredmedia":[{"embeddable":true,"href":"https:\/\/web.consaguirre.com.ar\/noticias\/wp-json\/wp\/v2\/media\/5315"}],"wp:attachment":[{"href":"https:\/\/web.consaguirre.com.ar\/noticias\/wp-json\/wp\/v2\/media?parent=5314"}],"wp:term":[{"taxonomy":"category","embeddable":true,"href":"https:\/\/web.consaguirre.com.ar\/noticias\/wp-json\/wp\/v2\/categories?post=5314"},{"taxonomy":"post_tag","embeddable":true,"href":"https:\/\/web.consaguirre.com.ar\/noticias\/wp-json\/wp\/v2\/tags?post=5314"}],"curies":[{"name":"wp","href":"https:\/\/api.w.org\/{rel}","templated":true}]}}