{"id":5306,"date":"2026-03-10T02:38:41","date_gmt":"2026-03-10T05:38:41","guid":{"rendered":"https:\/\/web.consaguirre.com.ar\/noticias\/deutsche-grammophon-reedita-en-vinilo-dos-piezas-clasicas-de-toru-takemitsu\/"},"modified":"2026-03-10T02:38:44","modified_gmt":"2026-03-10T05:38:44","slug":"deutsche-grammophon-reedita-en-vinilo-dos-piezas-clasicas-de-toru-takemitsu","status":"publish","type":"post","link":"https:\/\/web.consaguirre.com.ar\/noticias\/deutsche-grammophon-reedita-en-vinilo-dos-piezas-clasicas-de-toru-takemitsu\/","title":{"rendered":"Deutsche Grammophon reedita en vinilo dos piezas cl\u00e1sicas de T\u014dru Takemitsu"},"content":{"rendered":"<p>Deutsche Grammophon reedita sus grabaciones de 1980 de T\u014dru Takemitsu <em>Cuarteto<\/em> y <em>Un reba\u00f1o desciende al jard\u00edn pentagonal<\/em> en vinilo. Lanzado originalmente como parte de la serie Avantgarde de Deutsche, la combinaci\u00f3n de Takemitsu de modernismo occidental y tradici\u00f3n japonesa ejemplifica una idea vanguardista de la m\u00fasica cl\u00e1sica. Seiji Ozama dirige la Orquesta Sinf\u00f3nica de Boston en estas interpretaciones inmortalizadas de la obra de Takemitsu.<\/p>\n<p>En <em>Cuarteto<\/em>compuesta para clarinete, viol\u00edn, violonchelo, piano y orquesta, Takemitsu evoca el concepto japon\u00e9s de ma (el espacio entre las cosas) a trav\u00e9s de cambios fluidos de timbre y atm\u00f3sfera. Compar\u00f3 la obra con un emaki, un rollo de im\u00e1genes que se desarrolla escena por escena, donde cada idea musical es independiente pero entretejida.<\/p>\n<div align='center'>\n<div class=\"udiscover-store-container\">\n<div id='udiscover-store-one-product'><\/div>\n<\/div>\n<p>\/*<!(CDATA(*\/(function (){var scriptURL='https:\/\/sdks.shopifycdn.com\/buy-button\/latest\/buy-button-storefront.min.js';if(window.ShopifyBuy){if(window.ShopifyBuy.UI){ShopifyBuyInit();}else{loadScript();}}else{loadScript();}funci\u00f3n loadScript(){var script=document.createElement('script');script.async=true;script.src=scriptURL;(document.getElementsByTagName('head')(0)|| document.getElementsByTagName('body')(0)).appendChild(script);script.onload=ShopifyBuyInit;} function ShopifyBuyInit(){var cliente=ShopifyBuy.buildClient({dominio:'udiscover.myshopify.com',storefrontAccessToken: 'bdc89f347d2ce61c1feeb9f8c60b2b98',}); ShopifyBuy.UI.onReady(cliente).luego(funci\u00f3n(ui){ ui.createComponent('producto',{ id:(7717303943245), nodo:document.getElementById('udiscover-store-one-product'), moneyFormat:'%24%7B%7Bamount%7D%7D', opciones:{'product':{'iframe':false,'buttonDestination':'modal','contents':{'options':true},'text':{'button':'ORDEN AHORA','outOfStock':'Lo sentimos, esto est\u00e1 agotado stock'}},'productSet':{'iframe':false},'modalProduct':{'iframe':false,'contents':{'img':false,'imgWithCarousel':true,'button':false,'buttonWithQuantity':true} },'modal':{'iframe':false},'option':{'iframe':false},'cart':{'iframe':false},'toggle':{'iframe':false,'contents':{'icon':false}},'lineItem':{'iframe':false}}, }); }); <\/div>\n<\/p>\n<p><em>Un reba\u00f1o desciende al jard\u00edn pentagonal<\/em> se inspir\u00f3 en un sue\u00f1o que tuvo el compositor despu\u00e9s de ver una fotograf\u00eda tomada por su colega innovador art\u00edstico Man Ray. El motivo &#8220;reba\u00f1o&#8221; de la pieza, escuchado por primera vez en el oboe, desciende a un campo arm\u00f3nico brillante creado por las cuerdas: el &#8220;jard\u00edn&#8221;. Aqu\u00ed, el sentido del tiempo y el espacio de Takemitsu se vuelve inmersivo y c\u00edclico.<\/p>\n<p>&#8220;Mi m\u00fasica es como un jard\u00edn, y yo soy el jardinero&#8221;, dijo una vez Takemitsu. &#8220;Escuchar mi m\u00fasica se puede comparar con caminar por un jard\u00edn y experimentar los cambios de luz, patrones y texturas&#8221;.<\/p>\n<p>La edici\u00f3n en vinilo de 180 g se lanzar\u00e1 en ediciones limitadas y numeradas, con ilustraciones originales, una funda de coleccionista de nuevo dise\u00f1o y nuevas notas de Bradford Bailey. Las grabaciones han sido mezcladas y cortadas a partir de cintas maestras originales anal\u00f3gicas de 1 pulgada y 8 pistas por Rainer Maillard y Sidney Claire Meyer en Emil Berliner Studios.<\/p>\n<p>Hace casi seis d\u00e9cadas, Deutsche Grammophon inici\u00f3 la serie Avantgarde, que presentaba la m\u00fasica m\u00e1s vanguardista y atrevida de la \u00e9poca. La serie pionera alcanz\u00f3 un estatus de culto y ahora muchos de los t\u00edtulos volver\u00e1n al vinilo por primera vez.<\/p>\n<p><b>Comprar T\u014dru Takemitsu <em>Cuarteto \/ Un reba\u00f1o desciende al jard\u00edn pentagonal<\/em> aqu\u00ed.<\/b><\/p>\n","protected":false},"excerpt":{"rendered":"<p>Deutsche Grammophon reedita sus grabaciones de 1980 de T\u014dru Takemitsu Cuarteto y Un reba\u00f1o desciende al jard\u00edn pentagonal en vinilo. Lanzado originalmente como parte de<\/p>\n","protected":false},"author":1,"featured_media":5307,"comment_status":"closed","ping_status":"","sticky":false,"template":"","format":"standard","meta":{"footnotes":""},"categories":[50],"tags":[1348,3958,103,3959,3960,95,3962,3961,87],"class_list":["post-5306","post","type-post","status-publish","format-standard","has-post-thumbnail","hentry","category-el-ultimo","tag-clasicas","tag-deutsche","tag-dos","tag-grammophon","tag-piezas","tag-reedita","tag-takemitsu","tag-toru","tag-vinilo","generate-columns","tablet-grid-50","mobile-grid-100","grid-parent","grid-50"],"yoast_head":"<!-- This site is optimized with the Yoast SEO plugin v23.3 - https:\/\/yoast.com\/wordpress\/plugins\/seo\/ -->\n<title>Deutsche Grammophon reedita en vinilo dos piezas cl\u00e1sicas de T\u014dru Takemitsu<\/title>\n<meta name=\"robots\" content=\"index, follow, max-snippet:-1, max-image-preview:large, max-video-preview:-1\" \/>\n<link rel=\"canonical\" href=\"https:\/\/web.consaguirre.com.ar\/noticias\/deutsche-grammophon-reedita-en-vinilo-dos-piezas-clasicas-de-toru-takemitsu\/\" \/>\n<meta property=\"og:locale\" content=\"es_ES\" \/>\n<meta property=\"og:type\" content=\"article\" \/>\n<meta property=\"og:title\" content=\"Deutsche Grammophon reedita en vinilo dos piezas cl\u00e1sicas de T\u014dru Takemitsu\" \/>\n<meta property=\"og:description\" content=\"Deutsche Grammophon reedita sus grabaciones de 1980 de T\u014dru Takemitsu Cuarteto y Un reba\u00f1o desciende al jard\u00edn pentagonal en vinilo. Lanzado originalmente como parte de\" \/>\n<meta property=\"og:url\" content=\"https:\/\/web.consaguirre.com.ar\/noticias\/deutsche-grammophon-reedita-en-vinilo-dos-piezas-clasicas-de-toru-takemitsu\/\" \/>\n<meta property=\"og:site_name\" content=\"Conservatorio de M\u00fasica Juli\u00e1n Aguirre\" \/>\n<meta property=\"article:published_time\" content=\"2026-03-10T05:38:41+00:00\" \/>\n<meta property=\"article:modified_time\" content=\"2026-03-10T05:38:44+00:00\" \/>\n<meta property=\"og:image\" content=\"https:\/\/web.consaguirre.com.ar\/noticias\/wp-content\/uploads\/2026\/03\/Deutsche-Grammophon-reedita-en-vinilo-dos-piezas-clasicas-de-Toru.jpg\" \/>\n\t<meta property=\"og:image:width\" content=\"1200\" \/>\n\t<meta property=\"og:image:height\" content=\"1200\" \/>\n\t<meta property=\"og:image:type\" content=\"image\/jpeg\" \/>\n<meta name=\"author\" content=\"Javier Figueroa\" \/>\n<meta name=\"twitter:card\" content=\"summary_large_image\" \/>\n<meta name=\"twitter:label1\" content=\"Escrito por\" \/>\n\t<meta name=\"twitter:data1\" content=\"Javier Figueroa\" \/>\n\t<meta name=\"twitter:label2\" content=\"Tiempo de lectura\" \/>\n\t<meta name=\"twitter:data2\" content=\"2 minutos\" \/>\n<script type=\"application\/ld+json\" class=\"yoast-schema-graph\">{\"@context\":\"https:\/\/schema.org\",\"@graph\":[{\"@type\":\"Article\",\"@id\":\"https:\/\/web.consaguirre.com.ar\/noticias\/deutsche-grammophon-reedita-en-vinilo-dos-piezas-clasicas-de-toru-takemitsu\/#article\",\"isPartOf\":{\"@id\":\"https:\/\/web.consaguirre.com.ar\/noticias\/deutsche-grammophon-reedita-en-vinilo-dos-piezas-clasicas-de-toru-takemitsu\/\"},\"author\":{\"name\":\"Javier Figueroa\",\"@id\":\"https:\/\/web.consaguirre.com.ar\/noticias\/#\/schema\/person\/6558b0cfedee7ddc5425602b237d5722\"},\"headline\":\"Deutsche Grammophon reedita en vinilo dos piezas cl\u00e1sicas de T\u014dru Takemitsu\",\"datePublished\":\"2026-03-10T05:38:41+00:00\",\"dateModified\":\"2026-03-10T05:38:44+00:00\",\"mainEntityOfPage\":{\"@id\":\"https:\/\/web.consaguirre.com.ar\/noticias\/deutsche-grammophon-reedita-en-vinilo-dos-piezas-clasicas-de-toru-takemitsu\/\"},\"wordCount\":382,\"publisher\":{\"@id\":\"https:\/\/web.consaguirre.com.ar\/noticias\/#organization\"},\"image\":{\"@id\":\"https:\/\/web.consaguirre.com.ar\/noticias\/deutsche-grammophon-reedita-en-vinilo-dos-piezas-clasicas-de-toru-takemitsu\/#primaryimage\"},\"thumbnailUrl\":\"https:\/\/web.consaguirre.com.ar\/noticias\/wp-content\/uploads\/2026\/03\/Deutsche-Grammophon-reedita-en-vinilo-dos-piezas-clasicas-de-Toru.jpg\",\"keywords\":[\"cl\u00e1sicas\",\"Deutsche\",\"dos\",\"Grammophon\",\"piezas\",\"reedita\",\"Takemitsu\",\"T\u014dru\",\"vinilo\"],\"articleSection\":[\"El \u00faltimo\"],\"inLanguage\":\"es-AR\"},{\"@type\":\"WebPage\",\"@id\":\"https:\/\/web.consaguirre.com.ar\/noticias\/deutsche-grammophon-reedita-en-vinilo-dos-piezas-clasicas-de-toru-takemitsu\/\",\"url\":\"https:\/\/web.consaguirre.com.ar\/noticias\/deutsche-grammophon-reedita-en-vinilo-dos-piezas-clasicas-de-toru-takemitsu\/\",\"name\":\"Deutsche Grammophon reedita en vinilo dos piezas cl\u00e1sicas de T\u014dru Takemitsu\",\"isPartOf\":{\"@id\":\"https:\/\/web.consaguirre.com.ar\/noticias\/#website\"},\"primaryImageOfPage\":{\"@id\":\"https:\/\/web.consaguirre.com.ar\/noticias\/deutsche-grammophon-reedita-en-vinilo-dos-piezas-clasicas-de-toru-takemitsu\/#primaryimage\"},\"image\":{\"@id\":\"https:\/\/web.consaguirre.com.ar\/noticias\/deutsche-grammophon-reedita-en-vinilo-dos-piezas-clasicas-de-toru-takemitsu\/#primaryimage\"},\"thumbnailUrl\":\"https:\/\/web.consaguirre.com.ar\/noticias\/wp-content\/uploads\/2026\/03\/Deutsche-Grammophon-reedita-en-vinilo-dos-piezas-clasicas-de-Toru.jpg\",\"datePublished\":\"2026-03-10T05:38:41+00:00\",\"dateModified\":\"2026-03-10T05:38:44+00:00\",\"breadcrumb\":{\"@id\":\"https:\/\/web.consaguirre.com.ar\/noticias\/deutsche-grammophon-reedita-en-vinilo-dos-piezas-clasicas-de-toru-takemitsu\/#breadcrumb\"},\"inLanguage\":\"es-AR\",\"potentialAction\":[{\"@type\":\"ReadAction\",\"target\":[\"https:\/\/web.consaguirre.com.ar\/noticias\/deutsche-grammophon-reedita-en-vinilo-dos-piezas-clasicas-de-toru-takemitsu\/\"]}]},{\"@type\":\"ImageObject\",\"inLanguage\":\"es-AR\",\"@id\":\"https:\/\/web.consaguirre.com.ar\/noticias\/deutsche-grammophon-reedita-en-vinilo-dos-piezas-clasicas-de-toru-takemitsu\/#primaryimage\",\"url\":\"https:\/\/web.consaguirre.com.ar\/noticias\/wp-content\/uploads\/2026\/03\/Deutsche-Grammophon-reedita-en-vinilo-dos-piezas-clasicas-de-Toru.jpg\",\"contentUrl\":\"https:\/\/web.consaguirre.com.ar\/noticias\/wp-content\/uploads\/2026\/03\/Deutsche-Grammophon-reedita-en-vinilo-dos-piezas-clasicas-de-Toru.jpg\",\"width\":1200,\"height\":1200,\"caption\":\"Toru Takemitsu Quatrain\"},{\"@type\":\"BreadcrumbList\",\"@id\":\"https:\/\/web.consaguirre.com.ar\/noticias\/deutsche-grammophon-reedita-en-vinilo-dos-piezas-clasicas-de-toru-takemitsu\/#breadcrumb\",\"itemListElement\":[{\"@type\":\"ListItem\",\"position\":1,\"name\":\"Inicio\",\"item\":\"https:\/\/web.consaguirre.com.ar\/noticias\/\"},{\"@type\":\"ListItem\",\"position\":2,\"name\":\"Deutsche Grammophon reedita en vinilo dos piezas cl\u00e1sicas de T\u014dru Takemitsu\"}]},{\"@type\":\"WebSite\",\"@id\":\"https:\/\/web.consaguirre.com.ar\/noticias\/#website\",\"url\":\"https:\/\/web.consaguirre.com.ar\/noticias\/\",\"name\":\"Conservatorio de M\u00fasica Juli\u00e1n Aguirre\",\"description\":\"\",\"publisher\":{\"@id\":\"https:\/\/web.consaguirre.com.ar\/noticias\/#organization\"},\"potentialAction\":[{\"@type\":\"SearchAction\",\"target\":{\"@type\":\"EntryPoint\",\"urlTemplate\":\"https:\/\/web.consaguirre.com.ar\/noticias\/?s={search_term_string}\"},\"query-input\":\"required name=search_term_string\"}],\"inLanguage\":\"es-AR\"},{\"@type\":\"Organization\",\"@id\":\"https:\/\/web.consaguirre.com.ar\/noticias\/#organization\",\"name\":\"Conservatorio de M\u00fasica Juli\u00e1n Aguirre\",\"url\":\"https:\/\/web.consaguirre.com.ar\/noticias\/\",\"logo\":{\"@type\":\"ImageObject\",\"inLanguage\":\"es-AR\",\"@id\":\"https:\/\/web.consaguirre.com.ar\/noticias\/#\/schema\/logo\/image\/\",\"url\":\"https:\/\/web.consaguirre.com.ar\/noticias\/wp-content\/uploads\/2024\/08\/Banner-Aguirre-23.jpg\",\"contentUrl\":\"https:\/\/web.consaguirre.com.ar\/noticias\/wp-content\/uploads\/2024\/08\/Banner-Aguirre-23.jpg\",\"width\":1192,\"height\":600,\"caption\":\"Conservatorio de M\u00fasica Juli\u00e1n Aguirre\"},\"image\":{\"@id\":\"https:\/\/web.consaguirre.com.ar\/noticias\/#\/schema\/logo\/image\/\"}},{\"@type\":\"Person\",\"@id\":\"https:\/\/web.consaguirre.com.ar\/noticias\/#\/schema\/person\/6558b0cfedee7ddc5425602b237d5722\",\"name\":\"Javier Figueroa\",\"image\":{\"@type\":\"ImageObject\",\"inLanguage\":\"es-AR\",\"@id\":\"https:\/\/web.consaguirre.com.ar\/noticias\/#\/schema\/person\/image\/\",\"url\":\"https:\/\/web.consaguirre.com.ar\/noticias\/wp-content\/uploads\/2024\/08\/Consaguirre-scaled.jpg\",\"contentUrl\":\"https:\/\/web.consaguirre.com.ar\/noticias\/wp-content\/uploads\/2024\/08\/Consaguirre-scaled.jpg\",\"caption\":\"Javier Figueroa\"},\"description\":\"Me llamo Javier Figueroa y soy redactor para el sitio oficial del Conservatorio de M\u00fasica Juli\u00e1n Aguirre en Buenos Aires, consaguirre.com. Apasionado por la m\u00fasica y la escritura, me esfuerzo por destacar los talentos y eventos de nuestra prestigiosa instituci\u00f3n. Mi trayectoria se nutre de una profunda admiraci\u00f3n por los artistas, haciendo de cada art\u00edculo una celebraci\u00f3n de la creatividad y la cultura musical.\",\"sameAs\":[\"https:\/\/web.consaguirre.com.ar\/noticias\"]}]}<\/script>\n<!-- \/ Yoast SEO plugin. -->","yoast_head_json":{"title":"Deutsche Grammophon reedita en vinilo dos piezas cl\u00e1sicas de T\u014dru Takemitsu","robots":{"index":"index","follow":"follow","max-snippet":"max-snippet:-1","max-image-preview":"max-image-preview:large","max-video-preview":"max-video-preview:-1"},"canonical":"https:\/\/web.consaguirre.com.ar\/noticias\/deutsche-grammophon-reedita-en-vinilo-dos-piezas-clasicas-de-toru-takemitsu\/","og_locale":"es_ES","og_type":"article","og_title":"Deutsche Grammophon reedita en vinilo dos piezas cl\u00e1sicas de T\u014dru Takemitsu","og_description":"Deutsche Grammophon reedita sus grabaciones de 1980 de T\u014dru Takemitsu Cuarteto y Un reba\u00f1o desciende al jard\u00edn pentagonal en vinilo. Lanzado originalmente como parte de","og_url":"https:\/\/web.consaguirre.com.ar\/noticias\/deutsche-grammophon-reedita-en-vinilo-dos-piezas-clasicas-de-toru-takemitsu\/","og_site_name":"Conservatorio de M\u00fasica Juli\u00e1n Aguirre","article_published_time":"2026-03-10T05:38:41+00:00","article_modified_time":"2026-03-10T05:38:44+00:00","og_image":[{"width":1200,"height":1200,"url":"https:\/\/web.consaguirre.com.ar\/noticias\/wp-content\/uploads\/2026\/03\/Deutsche-Grammophon-reedita-en-vinilo-dos-piezas-clasicas-de-Toru.jpg","type":"image\/jpeg"}],"author":"Javier Figueroa","twitter_card":"summary_large_image","twitter_misc":{"Escrito por":"Javier Figueroa","Tiempo de lectura":"2 minutos"},"schema":{"@context":"https:\/\/schema.org","@graph":[{"@type":"Article","@id":"https:\/\/web.consaguirre.com.ar\/noticias\/deutsche-grammophon-reedita-en-vinilo-dos-piezas-clasicas-de-toru-takemitsu\/#article","isPartOf":{"@id":"https:\/\/web.consaguirre.com.ar\/noticias\/deutsche-grammophon-reedita-en-vinilo-dos-piezas-clasicas-de-toru-takemitsu\/"},"author":{"name":"Javier Figueroa","@id":"https:\/\/web.consaguirre.com.ar\/noticias\/#\/schema\/person\/6558b0cfedee7ddc5425602b237d5722"},"headline":"Deutsche Grammophon reedita en vinilo dos piezas cl\u00e1sicas de T\u014dru Takemitsu","datePublished":"2026-03-10T05:38:41+00:00","dateModified":"2026-03-10T05:38:44+00:00","mainEntityOfPage":{"@id":"https:\/\/web.consaguirre.com.ar\/noticias\/deutsche-grammophon-reedita-en-vinilo-dos-piezas-clasicas-de-toru-takemitsu\/"},"wordCount":382,"publisher":{"@id":"https:\/\/web.consaguirre.com.ar\/noticias\/#organization"},"image":{"@id":"https:\/\/web.consaguirre.com.ar\/noticias\/deutsche-grammophon-reedita-en-vinilo-dos-piezas-clasicas-de-toru-takemitsu\/#primaryimage"},"thumbnailUrl":"https:\/\/web.consaguirre.com.ar\/noticias\/wp-content\/uploads\/2026\/03\/Deutsche-Grammophon-reedita-en-vinilo-dos-piezas-clasicas-de-Toru.jpg","keywords":["cl\u00e1sicas","Deutsche","dos","Grammophon","piezas","reedita","Takemitsu","T\u014dru","vinilo"],"articleSection":["El \u00faltimo"],"inLanguage":"es-AR"},{"@type":"WebPage","@id":"https:\/\/web.consaguirre.com.ar\/noticias\/deutsche-grammophon-reedita-en-vinilo-dos-piezas-clasicas-de-toru-takemitsu\/","url":"https:\/\/web.consaguirre.com.ar\/noticias\/deutsche-grammophon-reedita-en-vinilo-dos-piezas-clasicas-de-toru-takemitsu\/","name":"Deutsche Grammophon reedita en vinilo dos piezas cl\u00e1sicas de T\u014dru Takemitsu","isPartOf":{"@id":"https:\/\/web.consaguirre.com.ar\/noticias\/#website"},"primaryImageOfPage":{"@id":"https:\/\/web.consaguirre.com.ar\/noticias\/deutsche-grammophon-reedita-en-vinilo-dos-piezas-clasicas-de-toru-takemitsu\/#primaryimage"},"image":{"@id":"https:\/\/web.consaguirre.com.ar\/noticias\/deutsche-grammophon-reedita-en-vinilo-dos-piezas-clasicas-de-toru-takemitsu\/#primaryimage"},"thumbnailUrl":"https:\/\/web.consaguirre.com.ar\/noticias\/wp-content\/uploads\/2026\/03\/Deutsche-Grammophon-reedita-en-vinilo-dos-piezas-clasicas-de-Toru.jpg","datePublished":"2026-03-10T05:38:41+00:00","dateModified":"2026-03-10T05:38:44+00:00","breadcrumb":{"@id":"https:\/\/web.consaguirre.com.ar\/noticias\/deutsche-grammophon-reedita-en-vinilo-dos-piezas-clasicas-de-toru-takemitsu\/#breadcrumb"},"inLanguage":"es-AR","potentialAction":[{"@type":"ReadAction","target":["https:\/\/web.consaguirre.com.ar\/noticias\/deutsche-grammophon-reedita-en-vinilo-dos-piezas-clasicas-de-toru-takemitsu\/"]}]},{"@type":"ImageObject","inLanguage":"es-AR","@id":"https:\/\/web.consaguirre.com.ar\/noticias\/deutsche-grammophon-reedita-en-vinilo-dos-piezas-clasicas-de-toru-takemitsu\/#primaryimage","url":"https:\/\/web.consaguirre.com.ar\/noticias\/wp-content\/uploads\/2026\/03\/Deutsche-Grammophon-reedita-en-vinilo-dos-piezas-clasicas-de-Toru.jpg","contentUrl":"https:\/\/web.consaguirre.com.ar\/noticias\/wp-content\/uploads\/2026\/03\/Deutsche-Grammophon-reedita-en-vinilo-dos-piezas-clasicas-de-Toru.jpg","width":1200,"height":1200,"caption":"Toru Takemitsu Quatrain"},{"@type":"BreadcrumbList","@id":"https:\/\/web.consaguirre.com.ar\/noticias\/deutsche-grammophon-reedita-en-vinilo-dos-piezas-clasicas-de-toru-takemitsu\/#breadcrumb","itemListElement":[{"@type":"ListItem","position":1,"name":"Inicio","item":"https:\/\/web.consaguirre.com.ar\/noticias\/"},{"@type":"ListItem","position":2,"name":"Deutsche Grammophon reedita en vinilo dos piezas cl\u00e1sicas de T\u014dru Takemitsu"}]},{"@type":"WebSite","@id":"https:\/\/web.consaguirre.com.ar\/noticias\/#website","url":"https:\/\/web.consaguirre.com.ar\/noticias\/","name":"Conservatorio de M\u00fasica Juli\u00e1n Aguirre","description":"","publisher":{"@id":"https:\/\/web.consaguirre.com.ar\/noticias\/#organization"},"potentialAction":[{"@type":"SearchAction","target":{"@type":"EntryPoint","urlTemplate":"https:\/\/web.consaguirre.com.ar\/noticias\/?s={search_term_string}"},"query-input":"required name=search_term_string"}],"inLanguage":"es-AR"},{"@type":"Organization","@id":"https:\/\/web.consaguirre.com.ar\/noticias\/#organization","name":"Conservatorio de M\u00fasica Juli\u00e1n Aguirre","url":"https:\/\/web.consaguirre.com.ar\/noticias\/","logo":{"@type":"ImageObject","inLanguage":"es-AR","@id":"https:\/\/web.consaguirre.com.ar\/noticias\/#\/schema\/logo\/image\/","url":"https:\/\/web.consaguirre.com.ar\/noticias\/wp-content\/uploads\/2024\/08\/Banner-Aguirre-23.jpg","contentUrl":"https:\/\/web.consaguirre.com.ar\/noticias\/wp-content\/uploads\/2024\/08\/Banner-Aguirre-23.jpg","width":1192,"height":600,"caption":"Conservatorio de M\u00fasica Juli\u00e1n Aguirre"},"image":{"@id":"https:\/\/web.consaguirre.com.ar\/noticias\/#\/schema\/logo\/image\/"}},{"@type":"Person","@id":"https:\/\/web.consaguirre.com.ar\/noticias\/#\/schema\/person\/6558b0cfedee7ddc5425602b237d5722","name":"Javier Figueroa","image":{"@type":"ImageObject","inLanguage":"es-AR","@id":"https:\/\/web.consaguirre.com.ar\/noticias\/#\/schema\/person\/image\/","url":"https:\/\/web.consaguirre.com.ar\/noticias\/wp-content\/uploads\/2024\/08\/Consaguirre-scaled.jpg","contentUrl":"https:\/\/web.consaguirre.com.ar\/noticias\/wp-content\/uploads\/2024\/08\/Consaguirre-scaled.jpg","caption":"Javier Figueroa"},"description":"Me llamo Javier Figueroa y soy redactor para el sitio oficial del Conservatorio de M\u00fasica Juli\u00e1n Aguirre en Buenos Aires, consaguirre.com. Apasionado por la m\u00fasica y la escritura, me esfuerzo por destacar los talentos y eventos de nuestra prestigiosa instituci\u00f3n. Mi trayectoria se nutre de una profunda admiraci\u00f3n por los artistas, haciendo de cada art\u00edculo una celebraci\u00f3n de la creatividad y la cultura musical.","sameAs":["https:\/\/web.consaguirre.com.ar\/noticias"]}]}},"_links":{"self":[{"href":"https:\/\/web.consaguirre.com.ar\/noticias\/wp-json\/wp\/v2\/posts\/5306"}],"collection":[{"href":"https:\/\/web.consaguirre.com.ar\/noticias\/wp-json\/wp\/v2\/posts"}],"about":[{"href":"https:\/\/web.consaguirre.com.ar\/noticias\/wp-json\/wp\/v2\/types\/post"}],"author":[{"embeddable":true,"href":"https:\/\/web.consaguirre.com.ar\/noticias\/wp-json\/wp\/v2\/users\/1"}],"replies":[{"embeddable":true,"href":"https:\/\/web.consaguirre.com.ar\/noticias\/wp-json\/wp\/v2\/comments?post=5306"}],"version-history":[{"count":1,"href":"https:\/\/web.consaguirre.com.ar\/noticias\/wp-json\/wp\/v2\/posts\/5306\/revisions"}],"predecessor-version":[{"id":5308,"href":"https:\/\/web.consaguirre.com.ar\/noticias\/wp-json\/wp\/v2\/posts\/5306\/revisions\/5308"}],"wp:featuredmedia":[{"embeddable":true,"href":"https:\/\/web.consaguirre.com.ar\/noticias\/wp-json\/wp\/v2\/media\/5307"}],"wp:attachment":[{"href":"https:\/\/web.consaguirre.com.ar\/noticias\/wp-json\/wp\/v2\/media?parent=5306"}],"wp:term":[{"taxonomy":"category","embeddable":true,"href":"https:\/\/web.consaguirre.com.ar\/noticias\/wp-json\/wp\/v2\/categories?post=5306"},{"taxonomy":"post_tag","embeddable":true,"href":"https:\/\/web.consaguirre.com.ar\/noticias\/wp-json\/wp\/v2\/tags?post=5306"}],"curies":[{"name":"wp","href":"https:\/\/api.w.org\/{rel}","templated":true}]}}