{"id":5303,"date":"2026-03-09T23:39:53","date_gmt":"2026-03-10T02:39:53","guid":{"rendered":"https:\/\/web.consaguirre.com.ar\/noticias\/el-album-debut-de-flore-benguigui-y-the-sensible-notes-i-330-ya-casi-esta-aqui\/"},"modified":"2026-03-09T23:39:54","modified_gmt":"2026-03-10T02:39:54","slug":"el-album-debut-de-flore-benguigui-y-the-sensible-notes-i-330-ya-casi-esta-aqui","status":"publish","type":"post","link":"https:\/\/web.consaguirre.com.ar\/noticias\/el-album-debut-de-flore-benguigui-y-the-sensible-notes-i-330-ya-casi-esta-aqui\/","title":{"rendered":"El \u00e1lbum debut de Flore Benguigui y The Sensible Notes, &#8216;i-330&#8217;, ya casi est\u00e1 aqu\u00ed"},"content":{"rendered":"<p>Flore Benguigui, ex cantante de L&#8217;Imp\u00e9ratrice, y su grupo The Sensible Notes lanzan su \u00e1lbum debut <em>i-330<\/em> el 13 de marzo a trav\u00e9s de Decca Records France. El disco rinde homenaje a \u00e9pocas ic\u00f3nicas del jazz cl\u00e1sico y el pop franc\u00e9s, uniendo influencias pasadas y presentes. Dos sencillos, &#8220;\u00bfNo te lo dije?&#8221; y \u201cGoody Goody\u201d ya est\u00e1n disponibles.<\/p>\n<div align='center'>\n<div class=\"udiscover-store-container\">\n<div id='udiscover-store-one-product'><\/div>\n<\/div>\n<p>\/*<!(CDATA(*\/(function (){var scriptURL='https:\/\/sdks.shopifycdn.com\/buy-button\/latest\/buy-button-storefront.min.js';if(window.ShopifyBuy){if(window.ShopifyBuy.UI){ShopifyBuyInit();}else{loadScript();}}else{loadScript();}funci\u00f3n loadScript(){var script=document.createElement('script');script.async=true;script.src=scriptURL;(document.getElementsByTagName('head')(0)|| document.getElementsByTagName('body')(0)).appendChild(script);script.onload=ShopifyBuyInit;} function ShopifyBuyInit(){var cliente=ShopifyBuy.buildClient({dominio:'udiscover.myshopify.com',storefrontAccessToken: 'bdc89f347d2ce61c1feeb9f8c60b2b98',}); ShopifyBuy.UI.onReady(cliente).luego(funci\u00f3n(ui){ ui.createComponent('producto',{ id:(7722441080909), nodo:document.getElementById('udiscover-store-one-product'), moneyFormat:'%24%7B%7Bamount%7D%7D', opciones:{'product':{'iframe':false,'buttonDestination':'modal','contents':{'options':true},'text':{'button':'ORDEN AHORA','outOfStock':'Lo sentimos, esto est\u00e1 agotado stock'}},'productSet':{'iframe':false},'modalProduct':{'iframe':false,'contents':{'img':false,'imgWithCarousel':true,'button':false,'buttonWithQuantity':true} },'modal':{'iframe':false},'option':{'iframe':false},'cart':{'iframe':false},'toggle':{'iframe':false,'contents':{'icon':false}},'lineItem':{'iframe':false}}, }); }); <\/div>\n<\/p>\n<p>El t\u00edtulo del \u00e1lbum se inspira en la novela dist\u00f3pica futurista de Yevgeny Zamyatin. <em>Nosotros<\/em>publicado en Rusia durante la era del jazz estadounidense. Flore rinde homenaje al inter\u00e9s amoroso de la novela, una mujer rebelde llamada i-330, con el tema que abre el \u00e1lbum, que mezcla \u00e9pocas, \u201ci-330 Machine \u00e0 remuer le temps\u201d, o una \u201cm\u00e1quina para agitar el tiempo\u201d.<\/p>\n<p>Flore cree que el jazz pertenece a nuestra era moderna: \u201cS\u00f3lo porque tocas jazz no significa que tengas que ser cerebral o elitista\u201d, enfatiza. &#8220;Este \u00e1lbum es exactamente lo contrario: fue hecho con alegr\u00eda y amabilidad&#8221;.<\/p>\n<p>Tras el final de su cap\u00edtulo con L&#8217;Imp\u00e9ratrice, Flore redescubri\u00f3 su pasi\u00f3n por los locales \u00edntimos de jazz. Ahora se le unen tres compa\u00f1eros de toda la vida: Pierre-Fran\u00e7ois Maurin (contrabajo), Charles Tois (piano) y Maxime Mary (bater\u00eda). Rozann B\u00e9ziers se encarga de arreglos de tromb\u00f3n y metales. Julie Varlet toca la trompeta, Jeanne Michard brilla en el saxof\u00f3n tenor y Aur\u00e9lie Tropez aparece en el clarinete.<\/p>\n<div class=\"uD-YT-container\"><img decoding=\"async\" src=\"https:\/\/web.consaguirre.com.ar\/noticias\/wp-content\/uploads\/2026\/03\/1773110393_873_El-album-debut-de-Flore-Benguigui-y-The-Sensible-Notes.jpg\" alt=\"V\u00eddeo de YouTube\"><br \/>Haga clic para cargar v\u00eddeo<\/div>\n<p>El nombre The Sensible Notes es una referencia a la s\u00e9ptima mayor, una nota de tensi\u00f3n que se utiliza frecuentemente en el jazz para colorear los acordes y pedir resoluci\u00f3n. En franc\u00e9s, este intervalo se llama nota sensible, t\u00e9rmino que no existe en ingl\u00e9s, donde &#8220;sensible&#8221; significa &#8220;razonable&#8221;.<\/p>\n<p>El \u00e1lbum presenta cl\u00e1sicos que alguna vez fueron grabados por divas del jazz y el soul como Ella Fitzgerald, Billie Holiday y Dionne Warwick. Flore tambi\u00e9n le da un toque femenino a los n\u00fameros de Chet Baker, Nat King Cole y Benny Goodman.<\/p>\n<p><b>Escuche \u201cGoody Goody\u201d aqu\u00ed.<\/b><\/p>\n","protected":false},"excerpt":{"rendered":"<p>Flore Benguigui, ex cantante de L&#8217;Imp\u00e9ratrice, y su grupo The Sensible Notes lanzan su \u00e1lbum debut i-330 el 13 de marzo a trav\u00e9s de Decca<\/p>\n","protected":false},"author":1,"featured_media":5304,"comment_status":"closed","ping_status":"","sticky":false,"template":"","format":"standard","meta":{"footnotes":""},"categories":[50],"tags":[147,1104,3956,540,257,302,3955,3957,3641],"class_list":["post-5303","post","type-post","status-publish","format-standard","has-post-thumbnail","hentry","category-el-ultimo","tag-album","tag-aqui","tag-benguigui","tag-casi","tag-debut","tag-esta","tag-flore","tag-i330","tag-notes","generate-columns","tablet-grid-50","mobile-grid-100","grid-parent","grid-50"],"yoast_head":"<!-- This site is optimized with the Yoast SEO plugin v23.3 - https:\/\/yoast.com\/wordpress\/plugins\/seo\/ -->\n<title>El \u00e1lbum debut de Flore Benguigui y The Sensible Notes, &#039;i-330&#039;, ya casi est\u00e1 aqu\u00ed<\/title>\n<meta name=\"robots\" content=\"index, follow, max-snippet:-1, max-image-preview:large, max-video-preview:-1\" \/>\n<link rel=\"canonical\" href=\"https:\/\/web.consaguirre.com.ar\/noticias\/el-album-debut-de-flore-benguigui-y-the-sensible-notes-i-330-ya-casi-esta-aqui\/\" \/>\n<meta property=\"og:locale\" content=\"es_ES\" \/>\n<meta property=\"og:type\" content=\"article\" \/>\n<meta property=\"og:title\" content=\"El \u00e1lbum debut de Flore Benguigui y The Sensible Notes, &#039;i-330&#039;, ya casi est\u00e1 aqu\u00ed\" \/>\n<meta property=\"og:description\" content=\"Flore Benguigui, ex cantante de L&#8217;Imp\u00e9ratrice, y su grupo The Sensible Notes lanzan su \u00e1lbum debut i-330 el 13 de marzo a trav\u00e9s de Decca\" \/>\n<meta property=\"og:url\" content=\"https:\/\/web.consaguirre.com.ar\/noticias\/el-album-debut-de-flore-benguigui-y-the-sensible-notes-i-330-ya-casi-esta-aqui\/\" \/>\n<meta property=\"og:site_name\" content=\"Conservatorio de M\u00fasica Juli\u00e1n Aguirre\" \/>\n<meta property=\"article:published_time\" content=\"2026-03-10T02:39:53+00:00\" \/>\n<meta property=\"article:modified_time\" content=\"2026-03-10T02:39:54+00:00\" \/>\n<meta property=\"og:image\" content=\"https:\/\/web.consaguirre.com.ar\/noticias\/wp-content\/uploads\/2026\/03\/El-album-debut-de-Flore-Benguigui-y-The-Sensible-Notes.jpg\" \/>\n\t<meta property=\"og:image:width\" content=\"820\" \/>\n\t<meta property=\"og:image:height\" content=\"820\" \/>\n\t<meta property=\"og:image:type\" content=\"image\/jpeg\" \/>\n<meta name=\"author\" content=\"Javier Figueroa\" \/>\n<meta name=\"twitter:card\" content=\"summary_large_image\" \/>\n<meta name=\"twitter:label1\" content=\"Escrito por\" \/>\n\t<meta name=\"twitter:data1\" content=\"Javier Figueroa\" \/>\n\t<meta name=\"twitter:label2\" content=\"Tiempo de lectura\" \/>\n\t<meta name=\"twitter:data2\" content=\"2 minutos\" \/>\n<script type=\"application\/ld+json\" class=\"yoast-schema-graph\">{\"@context\":\"https:\/\/schema.org\",\"@graph\":[{\"@type\":\"Article\",\"@id\":\"https:\/\/web.consaguirre.com.ar\/noticias\/el-album-debut-de-flore-benguigui-y-the-sensible-notes-i-330-ya-casi-esta-aqui\/#article\",\"isPartOf\":{\"@id\":\"https:\/\/web.consaguirre.com.ar\/noticias\/el-album-debut-de-flore-benguigui-y-the-sensible-notes-i-330-ya-casi-esta-aqui\/\"},\"author\":{\"name\":\"Javier Figueroa\",\"@id\":\"https:\/\/web.consaguirre.com.ar\/noticias\/#\/schema\/person\/6558b0cfedee7ddc5425602b237d5722\"},\"headline\":\"El \u00e1lbum debut de Flore Benguigui y The Sensible Notes, &#8216;i-330&#8217;, ya casi est\u00e1 aqu\u00ed\",\"datePublished\":\"2026-03-10T02:39:53+00:00\",\"dateModified\":\"2026-03-10T02:39:54+00:00\",\"mainEntityOfPage\":{\"@id\":\"https:\/\/web.consaguirre.com.ar\/noticias\/el-album-debut-de-flore-benguigui-y-the-sensible-notes-i-330-ya-casi-esta-aqui\/\"},\"wordCount\":368,\"publisher\":{\"@id\":\"https:\/\/web.consaguirre.com.ar\/noticias\/#organization\"},\"image\":{\"@id\":\"https:\/\/web.consaguirre.com.ar\/noticias\/el-album-debut-de-flore-benguigui-y-the-sensible-notes-i-330-ya-casi-esta-aqui\/#primaryimage\"},\"thumbnailUrl\":\"https:\/\/web.consaguirre.com.ar\/noticias\/wp-content\/uploads\/2026\/03\/El-album-debut-de-Flore-Benguigui-y-The-Sensible-Notes.jpg\",\"keywords\":[\"\u00e1lbum\",\"aqu\u00ed\",\"Benguigui\",\"casi\",\"debut\",\"est\u00e1\",\"Flore\",\"i330\",\"Notes\"],\"articleSection\":[\"El \u00faltimo\"],\"inLanguage\":\"es-AR\"},{\"@type\":\"WebPage\",\"@id\":\"https:\/\/web.consaguirre.com.ar\/noticias\/el-album-debut-de-flore-benguigui-y-the-sensible-notes-i-330-ya-casi-esta-aqui\/\",\"url\":\"https:\/\/web.consaguirre.com.ar\/noticias\/el-album-debut-de-flore-benguigui-y-the-sensible-notes-i-330-ya-casi-esta-aqui\/\",\"name\":\"El \u00e1lbum debut de Flore Benguigui y The Sensible Notes, 'i-330', ya casi est\u00e1 aqu\u00ed\",\"isPartOf\":{\"@id\":\"https:\/\/web.consaguirre.com.ar\/noticias\/#website\"},\"primaryImageOfPage\":{\"@id\":\"https:\/\/web.consaguirre.com.ar\/noticias\/el-album-debut-de-flore-benguigui-y-the-sensible-notes-i-330-ya-casi-esta-aqui\/#primaryimage\"},\"image\":{\"@id\":\"https:\/\/web.consaguirre.com.ar\/noticias\/el-album-debut-de-flore-benguigui-y-the-sensible-notes-i-330-ya-casi-esta-aqui\/#primaryimage\"},\"thumbnailUrl\":\"https:\/\/web.consaguirre.com.ar\/noticias\/wp-content\/uploads\/2026\/03\/El-album-debut-de-Flore-Benguigui-y-The-Sensible-Notes.jpg\",\"datePublished\":\"2026-03-10T02:39:53+00:00\",\"dateModified\":\"2026-03-10T02:39:54+00:00\",\"breadcrumb\":{\"@id\":\"https:\/\/web.consaguirre.com.ar\/noticias\/el-album-debut-de-flore-benguigui-y-the-sensible-notes-i-330-ya-casi-esta-aqui\/#breadcrumb\"},\"inLanguage\":\"es-AR\",\"potentialAction\":[{\"@type\":\"ReadAction\",\"target\":[\"https:\/\/web.consaguirre.com.ar\/noticias\/el-album-debut-de-flore-benguigui-y-the-sensible-notes-i-330-ya-casi-esta-aqui\/\"]}]},{\"@type\":\"ImageObject\",\"inLanguage\":\"es-AR\",\"@id\":\"https:\/\/web.consaguirre.com.ar\/noticias\/el-album-debut-de-flore-benguigui-y-the-sensible-notes-i-330-ya-casi-esta-aqui\/#primaryimage\",\"url\":\"https:\/\/web.consaguirre.com.ar\/noticias\/wp-content\/uploads\/2026\/03\/El-album-debut-de-Flore-Benguigui-y-The-Sensible-Notes.jpg\",\"contentUrl\":\"https:\/\/web.consaguirre.com.ar\/noticias\/wp-content\/uploads\/2026\/03\/El-album-debut-de-Flore-Benguigui-y-The-Sensible-Notes.jpg\",\"width\":820,\"height\":820,\"caption\":\"Flore Benguigui and the Sensible Notes i-330 album cover\"},{\"@type\":\"BreadcrumbList\",\"@id\":\"https:\/\/web.consaguirre.com.ar\/noticias\/el-album-debut-de-flore-benguigui-y-the-sensible-notes-i-330-ya-casi-esta-aqui\/#breadcrumb\",\"itemListElement\":[{\"@type\":\"ListItem\",\"position\":1,\"name\":\"Inicio\",\"item\":\"https:\/\/web.consaguirre.com.ar\/noticias\/\"},{\"@type\":\"ListItem\",\"position\":2,\"name\":\"El \u00e1lbum debut de Flore Benguigui y The Sensible Notes, &#8216;i-330&#8217;, ya casi est\u00e1 aqu\u00ed\"}]},{\"@type\":\"WebSite\",\"@id\":\"https:\/\/web.consaguirre.com.ar\/noticias\/#website\",\"url\":\"https:\/\/web.consaguirre.com.ar\/noticias\/\",\"name\":\"Conservatorio de M\u00fasica Juli\u00e1n Aguirre\",\"description\":\"\",\"publisher\":{\"@id\":\"https:\/\/web.consaguirre.com.ar\/noticias\/#organization\"},\"potentialAction\":[{\"@type\":\"SearchAction\",\"target\":{\"@type\":\"EntryPoint\",\"urlTemplate\":\"https:\/\/web.consaguirre.com.ar\/noticias\/?s={search_term_string}\"},\"query-input\":\"required name=search_term_string\"}],\"inLanguage\":\"es-AR\"},{\"@type\":\"Organization\",\"@id\":\"https:\/\/web.consaguirre.com.ar\/noticias\/#organization\",\"name\":\"Conservatorio de M\u00fasica Juli\u00e1n Aguirre\",\"url\":\"https:\/\/web.consaguirre.com.ar\/noticias\/\",\"logo\":{\"@type\":\"ImageObject\",\"inLanguage\":\"es-AR\",\"@id\":\"https:\/\/web.consaguirre.com.ar\/noticias\/#\/schema\/logo\/image\/\",\"url\":\"https:\/\/web.consaguirre.com.ar\/noticias\/wp-content\/uploads\/2024\/08\/Banner-Aguirre-23.jpg\",\"contentUrl\":\"https:\/\/web.consaguirre.com.ar\/noticias\/wp-content\/uploads\/2024\/08\/Banner-Aguirre-23.jpg\",\"width\":1192,\"height\":600,\"caption\":\"Conservatorio de M\u00fasica Juli\u00e1n Aguirre\"},\"image\":{\"@id\":\"https:\/\/web.consaguirre.com.ar\/noticias\/#\/schema\/logo\/image\/\"}},{\"@type\":\"Person\",\"@id\":\"https:\/\/web.consaguirre.com.ar\/noticias\/#\/schema\/person\/6558b0cfedee7ddc5425602b237d5722\",\"name\":\"Javier Figueroa\",\"image\":{\"@type\":\"ImageObject\",\"inLanguage\":\"es-AR\",\"@id\":\"https:\/\/web.consaguirre.com.ar\/noticias\/#\/schema\/person\/image\/\",\"url\":\"https:\/\/web.consaguirre.com.ar\/noticias\/wp-content\/uploads\/2024\/08\/Consaguirre-scaled.jpg\",\"contentUrl\":\"https:\/\/web.consaguirre.com.ar\/noticias\/wp-content\/uploads\/2024\/08\/Consaguirre-scaled.jpg\",\"caption\":\"Javier Figueroa\"},\"description\":\"Me llamo Javier Figueroa y soy redactor para el sitio oficial del Conservatorio de M\u00fasica Juli\u00e1n Aguirre en Buenos Aires, consaguirre.com. Apasionado por la m\u00fasica y la escritura, me esfuerzo por destacar los talentos y eventos de nuestra prestigiosa instituci\u00f3n. Mi trayectoria se nutre de una profunda admiraci\u00f3n por los artistas, haciendo de cada art\u00edculo una celebraci\u00f3n de la creatividad y la cultura musical.\",\"sameAs\":[\"https:\/\/web.consaguirre.com.ar\/noticias\"]}]}<\/script>\n<!-- \/ Yoast SEO plugin. -->","yoast_head_json":{"title":"El \u00e1lbum debut de Flore Benguigui y The Sensible Notes, 'i-330', ya casi est\u00e1 aqu\u00ed","robots":{"index":"index","follow":"follow","max-snippet":"max-snippet:-1","max-image-preview":"max-image-preview:large","max-video-preview":"max-video-preview:-1"},"canonical":"https:\/\/web.consaguirre.com.ar\/noticias\/el-album-debut-de-flore-benguigui-y-the-sensible-notes-i-330-ya-casi-esta-aqui\/","og_locale":"es_ES","og_type":"article","og_title":"El \u00e1lbum debut de Flore Benguigui y The Sensible Notes, 'i-330', ya casi est\u00e1 aqu\u00ed","og_description":"Flore Benguigui, ex cantante de L&#8217;Imp\u00e9ratrice, y su grupo The Sensible Notes lanzan su \u00e1lbum debut i-330 el 13 de marzo a trav\u00e9s de Decca","og_url":"https:\/\/web.consaguirre.com.ar\/noticias\/el-album-debut-de-flore-benguigui-y-the-sensible-notes-i-330-ya-casi-esta-aqui\/","og_site_name":"Conservatorio de M\u00fasica Juli\u00e1n Aguirre","article_published_time":"2026-03-10T02:39:53+00:00","article_modified_time":"2026-03-10T02:39:54+00:00","og_image":[{"width":820,"height":820,"url":"https:\/\/web.consaguirre.com.ar\/noticias\/wp-content\/uploads\/2026\/03\/El-album-debut-de-Flore-Benguigui-y-The-Sensible-Notes.jpg","type":"image\/jpeg"}],"author":"Javier Figueroa","twitter_card":"summary_large_image","twitter_misc":{"Escrito por":"Javier Figueroa","Tiempo de lectura":"2 minutos"},"schema":{"@context":"https:\/\/schema.org","@graph":[{"@type":"Article","@id":"https:\/\/web.consaguirre.com.ar\/noticias\/el-album-debut-de-flore-benguigui-y-the-sensible-notes-i-330-ya-casi-esta-aqui\/#article","isPartOf":{"@id":"https:\/\/web.consaguirre.com.ar\/noticias\/el-album-debut-de-flore-benguigui-y-the-sensible-notes-i-330-ya-casi-esta-aqui\/"},"author":{"name":"Javier Figueroa","@id":"https:\/\/web.consaguirre.com.ar\/noticias\/#\/schema\/person\/6558b0cfedee7ddc5425602b237d5722"},"headline":"El \u00e1lbum debut de Flore Benguigui y The Sensible Notes, &#8216;i-330&#8217;, ya casi est\u00e1 aqu\u00ed","datePublished":"2026-03-10T02:39:53+00:00","dateModified":"2026-03-10T02:39:54+00:00","mainEntityOfPage":{"@id":"https:\/\/web.consaguirre.com.ar\/noticias\/el-album-debut-de-flore-benguigui-y-the-sensible-notes-i-330-ya-casi-esta-aqui\/"},"wordCount":368,"publisher":{"@id":"https:\/\/web.consaguirre.com.ar\/noticias\/#organization"},"image":{"@id":"https:\/\/web.consaguirre.com.ar\/noticias\/el-album-debut-de-flore-benguigui-y-the-sensible-notes-i-330-ya-casi-esta-aqui\/#primaryimage"},"thumbnailUrl":"https:\/\/web.consaguirre.com.ar\/noticias\/wp-content\/uploads\/2026\/03\/El-album-debut-de-Flore-Benguigui-y-The-Sensible-Notes.jpg","keywords":["\u00e1lbum","aqu\u00ed","Benguigui","casi","debut","est\u00e1","Flore","i330","Notes"],"articleSection":["El \u00faltimo"],"inLanguage":"es-AR"},{"@type":"WebPage","@id":"https:\/\/web.consaguirre.com.ar\/noticias\/el-album-debut-de-flore-benguigui-y-the-sensible-notes-i-330-ya-casi-esta-aqui\/","url":"https:\/\/web.consaguirre.com.ar\/noticias\/el-album-debut-de-flore-benguigui-y-the-sensible-notes-i-330-ya-casi-esta-aqui\/","name":"El \u00e1lbum debut de Flore Benguigui y The Sensible Notes, 'i-330', ya casi est\u00e1 aqu\u00ed","isPartOf":{"@id":"https:\/\/web.consaguirre.com.ar\/noticias\/#website"},"primaryImageOfPage":{"@id":"https:\/\/web.consaguirre.com.ar\/noticias\/el-album-debut-de-flore-benguigui-y-the-sensible-notes-i-330-ya-casi-esta-aqui\/#primaryimage"},"image":{"@id":"https:\/\/web.consaguirre.com.ar\/noticias\/el-album-debut-de-flore-benguigui-y-the-sensible-notes-i-330-ya-casi-esta-aqui\/#primaryimage"},"thumbnailUrl":"https:\/\/web.consaguirre.com.ar\/noticias\/wp-content\/uploads\/2026\/03\/El-album-debut-de-Flore-Benguigui-y-The-Sensible-Notes.jpg","datePublished":"2026-03-10T02:39:53+00:00","dateModified":"2026-03-10T02:39:54+00:00","breadcrumb":{"@id":"https:\/\/web.consaguirre.com.ar\/noticias\/el-album-debut-de-flore-benguigui-y-the-sensible-notes-i-330-ya-casi-esta-aqui\/#breadcrumb"},"inLanguage":"es-AR","potentialAction":[{"@type":"ReadAction","target":["https:\/\/web.consaguirre.com.ar\/noticias\/el-album-debut-de-flore-benguigui-y-the-sensible-notes-i-330-ya-casi-esta-aqui\/"]}]},{"@type":"ImageObject","inLanguage":"es-AR","@id":"https:\/\/web.consaguirre.com.ar\/noticias\/el-album-debut-de-flore-benguigui-y-the-sensible-notes-i-330-ya-casi-esta-aqui\/#primaryimage","url":"https:\/\/web.consaguirre.com.ar\/noticias\/wp-content\/uploads\/2026\/03\/El-album-debut-de-Flore-Benguigui-y-The-Sensible-Notes.jpg","contentUrl":"https:\/\/web.consaguirre.com.ar\/noticias\/wp-content\/uploads\/2026\/03\/El-album-debut-de-Flore-Benguigui-y-The-Sensible-Notes.jpg","width":820,"height":820,"caption":"Flore Benguigui and the Sensible Notes i-330 album cover"},{"@type":"BreadcrumbList","@id":"https:\/\/web.consaguirre.com.ar\/noticias\/el-album-debut-de-flore-benguigui-y-the-sensible-notes-i-330-ya-casi-esta-aqui\/#breadcrumb","itemListElement":[{"@type":"ListItem","position":1,"name":"Inicio","item":"https:\/\/web.consaguirre.com.ar\/noticias\/"},{"@type":"ListItem","position":2,"name":"El \u00e1lbum debut de Flore Benguigui y The Sensible Notes, &#8216;i-330&#8217;, ya casi est\u00e1 aqu\u00ed"}]},{"@type":"WebSite","@id":"https:\/\/web.consaguirre.com.ar\/noticias\/#website","url":"https:\/\/web.consaguirre.com.ar\/noticias\/","name":"Conservatorio de M\u00fasica Juli\u00e1n Aguirre","description":"","publisher":{"@id":"https:\/\/web.consaguirre.com.ar\/noticias\/#organization"},"potentialAction":[{"@type":"SearchAction","target":{"@type":"EntryPoint","urlTemplate":"https:\/\/web.consaguirre.com.ar\/noticias\/?s={search_term_string}"},"query-input":"required name=search_term_string"}],"inLanguage":"es-AR"},{"@type":"Organization","@id":"https:\/\/web.consaguirre.com.ar\/noticias\/#organization","name":"Conservatorio de M\u00fasica Juli\u00e1n Aguirre","url":"https:\/\/web.consaguirre.com.ar\/noticias\/","logo":{"@type":"ImageObject","inLanguage":"es-AR","@id":"https:\/\/web.consaguirre.com.ar\/noticias\/#\/schema\/logo\/image\/","url":"https:\/\/web.consaguirre.com.ar\/noticias\/wp-content\/uploads\/2024\/08\/Banner-Aguirre-23.jpg","contentUrl":"https:\/\/web.consaguirre.com.ar\/noticias\/wp-content\/uploads\/2024\/08\/Banner-Aguirre-23.jpg","width":1192,"height":600,"caption":"Conservatorio de M\u00fasica Juli\u00e1n Aguirre"},"image":{"@id":"https:\/\/web.consaguirre.com.ar\/noticias\/#\/schema\/logo\/image\/"}},{"@type":"Person","@id":"https:\/\/web.consaguirre.com.ar\/noticias\/#\/schema\/person\/6558b0cfedee7ddc5425602b237d5722","name":"Javier Figueroa","image":{"@type":"ImageObject","inLanguage":"es-AR","@id":"https:\/\/web.consaguirre.com.ar\/noticias\/#\/schema\/person\/image\/","url":"https:\/\/web.consaguirre.com.ar\/noticias\/wp-content\/uploads\/2024\/08\/Consaguirre-scaled.jpg","contentUrl":"https:\/\/web.consaguirre.com.ar\/noticias\/wp-content\/uploads\/2024\/08\/Consaguirre-scaled.jpg","caption":"Javier Figueroa"},"description":"Me llamo Javier Figueroa y soy redactor para el sitio oficial del Conservatorio de M\u00fasica Juli\u00e1n Aguirre en Buenos Aires, consaguirre.com. Apasionado por la m\u00fasica y la escritura, me esfuerzo por destacar los talentos y eventos de nuestra prestigiosa instituci\u00f3n. Mi trayectoria se nutre de una profunda admiraci\u00f3n por los artistas, haciendo de cada art\u00edculo una celebraci\u00f3n de la creatividad y la cultura musical.","sameAs":["https:\/\/web.consaguirre.com.ar\/noticias"]}]}},"_links":{"self":[{"href":"https:\/\/web.consaguirre.com.ar\/noticias\/wp-json\/wp\/v2\/posts\/5303"}],"collection":[{"href":"https:\/\/web.consaguirre.com.ar\/noticias\/wp-json\/wp\/v2\/posts"}],"about":[{"href":"https:\/\/web.consaguirre.com.ar\/noticias\/wp-json\/wp\/v2\/types\/post"}],"author":[{"embeddable":true,"href":"https:\/\/web.consaguirre.com.ar\/noticias\/wp-json\/wp\/v2\/users\/1"}],"replies":[{"embeddable":true,"href":"https:\/\/web.consaguirre.com.ar\/noticias\/wp-json\/wp\/v2\/comments?post=5303"}],"version-history":[{"count":1,"href":"https:\/\/web.consaguirre.com.ar\/noticias\/wp-json\/wp\/v2\/posts\/5303\/revisions"}],"predecessor-version":[{"id":5305,"href":"https:\/\/web.consaguirre.com.ar\/noticias\/wp-json\/wp\/v2\/posts\/5303\/revisions\/5305"}],"wp:featuredmedia":[{"embeddable":true,"href":"https:\/\/web.consaguirre.com.ar\/noticias\/wp-json\/wp\/v2\/media\/5304"}],"wp:attachment":[{"href":"https:\/\/web.consaguirre.com.ar\/noticias\/wp-json\/wp\/v2\/media?parent=5303"}],"wp:term":[{"taxonomy":"category","embeddable":true,"href":"https:\/\/web.consaguirre.com.ar\/noticias\/wp-json\/wp\/v2\/categories?post=5303"},{"taxonomy":"post_tag","embeddable":true,"href":"https:\/\/web.consaguirre.com.ar\/noticias\/wp-json\/wp\/v2\/tags?post=5303"}],"curies":[{"name":"wp","href":"https:\/\/api.w.org\/{rel}","templated":true}]}}