{"id":5300,"date":"2026-03-09T20:39:51","date_gmt":"2026-03-09T23:39:51","guid":{"rendered":"https:\/\/web.consaguirre.com.ar\/noticias\/sam-smith-y-sienna-spiro-dueto-en-die-on-this-hill\/"},"modified":"2026-03-09T20:39:52","modified_gmt":"2026-03-09T23:39:52","slug":"sam-smith-y-sienna-spiro-dueto-en-die-on-this-hill","status":"publish","type":"post","link":"https:\/\/web.consaguirre.com.ar\/noticias\/sam-smith-y-sienna-spiro-dueto-en-die-on-this-hill\/","title":{"rendered":"Sam Smith y Sienna Spiro dueto en &#8216;Die On This Hill&#8217;"},"content":{"rendered":"<p>Sam Smith sorprendi\u00f3 a los fan\u00e1ticos durante su residencia de 20 fechas \u201cTo Be Free: San Francisco\u201d en el Teatro Castro con la aparici\u00f3n de Sienna Spiro. Los dos artistas interpretaron una versi\u00f3n a d\u00fao del gran \u00e9xito de Spiro, \u201cDie On This Hill\u201d, en el lugar emblem\u00e1tico recientemente reabierto en el coraz\u00f3n del epicentro cultural LGTBQ+ de la ciudad.<\/p>\n<p>&#8220;AMO San Francisco y Castro, especialmente, ha sido tan central para la comunidad queer aqu\u00ed a lo largo de los a\u00f1os&#8221;, dijo Smith en un comunicado sobre la residencia. &#8220;Estos espect\u00e1culos tambi\u00e9n celebrar\u00e1n la reapertura oficial, por lo que es realmente un honor formar parte de la historia de este lugar ic\u00f3nico&#8221;.<\/p>\n<div align=\"center\">\n<div class=\"udiscover-store-container\">\n<div id='udiscover-store-two-product'><\/div>\n<\/div>\n<p>\/*<!(CDATA(*\/(function (){var scriptURL='https:\/\/sdks.shopifycdn.com\/buy-button\/latest\/buy-button-storefront.min.js';if(window.ShopifyBuy){if(window.ShopifyBuy.UI){ShopifyBuyInit();}else{loadScript();}}else{loadScript();}funci\u00f3n loadScript(){var script=document.createElement('script');script.async=true;script.src=scriptURL;(document.getElementsByTagName('head')(0)|| document.getElementsByTagName('body')(0)).appendChild(script);script.onload=ShopifyBuyInit;} function ShopifyBuyInit(){var cliente=ShopifyBuy.buildClient({dominio:'udiscover.myshopify.com',storefrontAccessToken: 'bdc89f347d2ce61c1feeb9f8c60b2b98',}); ShopifyBuy.UI.onReady(cliente).luego(funci\u00f3n(ui){ ui.createComponent('productSet',{ id:(7697965383757,7461552619597), nodo:document.getElementById('udiscover-store-two-product'), moneyFormat:'%24%7B%7Bamount%7D%7D', opciones:{&quot;producto&quot;:{&quot;marco flotante&quot;:FALSO,&quot;bot\u00f3nDestino&quot;:&quot;modal&quot;,&quot;contenido&quot;:{&quot;opciones&quot;:verdadero},&quot;texto&quot;:{&quot;bot\u00f3n&quot;:&quot;PEDIR AHORA&quot;,&quot;Agotado&quot;:&quot;Lo sentimos, esto est\u00e1 agotado.&quot;}},&quot;conjunto de productos&quot;:{&quot;marco flotante&quot;:FALSO},&quot;modalProducto&quot;:{&quot;marco flotante&quot;:FALSO,&quot;contenido&quot;:{&quot;imagen&quot;:FALSO,&quot;imgConCarrusel&quot;:verdadero,&quot;bot\u00f3n&quot;:FALSO,&quot;bot\u00f3nConCantidad&quot;:verdadero}},&quot;modal&quot;:{&quot;marco flotante&quot;:FALSO},&quot;opci\u00f3n&quot;:{&quot;marco flotante&quot;:FALSO},&quot;carro&quot;:{&quot;marco flotante&quot;:FALSO},&quot;palanca&quot;:{&quot;marco flotante&quot;:FALSO,&quot;contenido&quot;:{&quot;icono&quot;:FALSO}},&quot;art\u00edculo de l\u00ednea&quot;:{&quot;marco flotante&quot;:FALSO}}, }); }); } })(); \/*))>*\/ <\/div>\n<\/p>\n<p>Spiro fue recientemente el acto de apertura durante la residencia de Smith \u201cTo Be Free: New York City\u201d, que tuvo lugar a finales de 2025 en el hist\u00f3rico club Varsovia de Brooklyn. La pareja deleit\u00f3 a los fans con un dueto de \u201cLay Me Down\u201d de Smith, que apareci\u00f3 en su \u00e1lbum de estudio debut de 2014. <em>En la hora solitaria<\/em>.<\/p>\n<p>La residencia toma su nombre del sencillo de Smith \u201cTo Be Free\u201d, que presenta al TwoCity Chorus, un colectivo de artistas discogr\u00e1ficos de Filadelfia y la ciudad de Nueva York curado por Brandon Pain y Ant Clemons.<\/p>\n<div class=\"uD-YT-container\"><img decoding=\"async\" src=\"https:\/\/web.consaguirre.com.ar\/noticias\/wp-content\/uploads\/2026\/01\/1768531145_831_Sienna-Spiro-agota-las-entradas-para-la-gira-mundial-en.jpg\" alt=\"V\u00eddeo de YouTube\"><br \/>Haga clic para cargar v\u00eddeo<\/div>\n<p>Spiro, de 20 a\u00f1os, se embarc\u00f3 recientemente en \u201cThe Visitor Tour\u201d, su primera gira como cabeza de cartel en Norteam\u00e9rica. Despu\u00e9s de agotarse las entradas en cuesti\u00f3n de segundos, se agregaron fechas adicionales. Las fechas de la gira en Estados Unidos concluyen a finales de este mes con noches consecutivas en el Bowery Ballroom de Nueva York. El 13 de marzo, Spiro lanzar\u00e1 su nuevo sencillo \u201cThe Visitor\u201d a trav\u00e9s de Capitol Records.<\/p>\n<p>\u201cDie On This Hill\u201d le dio a la cantautora brit\u00e1nica su primera entrada al Billboard Hot 100. Spiro, quien primero construy\u00f3 su audiencia en TikTok, ha disfrutado de un gran \u00e9xito en los \u00faltimos a\u00f1os gracias al \u00e9xito de sencillos como \u201cMaybe\u201d, \u201cYou Stole The Show\u201d y ahora \u201cDie On This Hill\u201d. Fue nominada al premio Critics&#8217; Choice Award en los BRIT Awards de este a\u00f1o.<\/p>\n<p><b>Comprar Sienna Spiro&#8217;s <em>Muere en esta colina<\/em> en vinilo aqu\u00ed.<\/b><\/p>\n","protected":false},"excerpt":{"rendered":"<p>Sam Smith sorprendi\u00f3 a los fan\u00e1ticos durante su residencia de 20 fechas \u201cTo Be Free: San Francisco\u201d en el Teatro Castro con la aparici\u00f3n de<\/p>\n","protected":false},"author":1,"featured_media":5301,"comment_status":"closed","ping_status":"","sticky":false,"template":"","format":"standard","meta":{"footnotes":""},"categories":[50],"tags":[1328,3954,198,519,3743,520,3744],"class_list":["post-5300","post","type-post","status-publish","format-standard","has-post-thumbnail","hentry","category-el-ultimo","tag-die","tag-dueto","tag-hill","tag-sam","tag-sienna","tag-smith","tag-spiro","generate-columns","tablet-grid-50","mobile-grid-100","grid-parent","grid-50"],"yoast_head":"<!-- This site is optimized with the Yoast SEO plugin v23.3 - https:\/\/yoast.com\/wordpress\/plugins\/seo\/ -->\n<title>Sam Smith y Sienna Spiro dueto en &#039;Die On This Hill&#039;<\/title>\n<meta name=\"robots\" content=\"index, follow, max-snippet:-1, max-image-preview:large, max-video-preview:-1\" \/>\n<link rel=\"canonical\" href=\"https:\/\/web.consaguirre.com.ar\/noticias\/sam-smith-y-sienna-spiro-dueto-en-die-on-this-hill\/\" \/>\n<meta property=\"og:locale\" content=\"es_ES\" \/>\n<meta property=\"og:type\" content=\"article\" \/>\n<meta property=\"og:title\" content=\"Sam Smith y Sienna Spiro dueto en &#039;Die On This Hill&#039;\" \/>\n<meta property=\"og:description\" content=\"Sam Smith sorprendi\u00f3 a los fan\u00e1ticos durante su residencia de 20 fechas \u201cTo Be Free: San Francisco\u201d en el Teatro Castro con la aparici\u00f3n de\" \/>\n<meta property=\"og:url\" content=\"https:\/\/web.consaguirre.com.ar\/noticias\/sam-smith-y-sienna-spiro-dueto-en-die-on-this-hill\/\" \/>\n<meta property=\"og:site_name\" content=\"Conservatorio de M\u00fasica Juli\u00e1n Aguirre\" \/>\n<meta property=\"article:published_time\" content=\"2026-03-09T23:39:51+00:00\" \/>\n<meta property=\"article:modified_time\" content=\"2026-03-09T23:39:52+00:00\" \/>\n<meta property=\"og:image\" content=\"https:\/\/web.consaguirre.com.ar\/noticias\/wp-content\/uploads\/2026\/03\/Sam-Smith-y-Sienna-Spiro-dueto-en-Die-On-This.jpg\" \/>\n\t<meta property=\"og:image:width\" content=\"1000\" \/>\n\t<meta property=\"og:image:height\" content=\"600\" \/>\n\t<meta property=\"og:image:type\" content=\"image\/jpeg\" \/>\n<meta name=\"author\" content=\"Javier Figueroa\" \/>\n<meta name=\"twitter:card\" content=\"summary_large_image\" \/>\n<meta name=\"twitter:label1\" content=\"Escrito por\" \/>\n\t<meta name=\"twitter:data1\" content=\"Javier Figueroa\" \/>\n\t<meta name=\"twitter:label2\" content=\"Tiempo de lectura\" \/>\n\t<meta name=\"twitter:data2\" content=\"2 minutos\" \/>\n<script type=\"application\/ld+json\" class=\"yoast-schema-graph\">{\"@context\":\"https:\/\/schema.org\",\"@graph\":[{\"@type\":\"Article\",\"@id\":\"https:\/\/web.consaguirre.com.ar\/noticias\/sam-smith-y-sienna-spiro-dueto-en-die-on-this-hill\/#article\",\"isPartOf\":{\"@id\":\"https:\/\/web.consaguirre.com.ar\/noticias\/sam-smith-y-sienna-spiro-dueto-en-die-on-this-hill\/\"},\"author\":{\"name\":\"Javier Figueroa\",\"@id\":\"https:\/\/web.consaguirre.com.ar\/noticias\/#\/schema\/person\/6558b0cfedee7ddc5425602b237d5722\"},\"headline\":\"Sam Smith y Sienna Spiro dueto en &#8216;Die On This Hill&#8217;\",\"datePublished\":\"2026-03-09T23:39:51+00:00\",\"dateModified\":\"2026-03-09T23:39:52+00:00\",\"mainEntityOfPage\":{\"@id\":\"https:\/\/web.consaguirre.com.ar\/noticias\/sam-smith-y-sienna-spiro-dueto-en-die-on-this-hill\/\"},\"wordCount\":392,\"publisher\":{\"@id\":\"https:\/\/web.consaguirre.com.ar\/noticias\/#organization\"},\"image\":{\"@id\":\"https:\/\/web.consaguirre.com.ar\/noticias\/sam-smith-y-sienna-spiro-dueto-en-die-on-this-hill\/#primaryimage\"},\"thumbnailUrl\":\"https:\/\/web.consaguirre.com.ar\/noticias\/wp-content\/uploads\/2026\/03\/Sam-Smith-y-Sienna-Spiro-dueto-en-Die-On-This.jpg\",\"keywords\":[\"Die\",\"dueto\",\"Hill\",\"Sam\",\"Sienna\",\"Smith\",\"Spiro\"],\"articleSection\":[\"El \u00faltimo\"],\"inLanguage\":\"es-AR\"},{\"@type\":\"WebPage\",\"@id\":\"https:\/\/web.consaguirre.com.ar\/noticias\/sam-smith-y-sienna-spiro-dueto-en-die-on-this-hill\/\",\"url\":\"https:\/\/web.consaguirre.com.ar\/noticias\/sam-smith-y-sienna-spiro-dueto-en-die-on-this-hill\/\",\"name\":\"Sam Smith y Sienna Spiro dueto en 'Die On This Hill'\",\"isPartOf\":{\"@id\":\"https:\/\/web.consaguirre.com.ar\/noticias\/#website\"},\"primaryImageOfPage\":{\"@id\":\"https:\/\/web.consaguirre.com.ar\/noticias\/sam-smith-y-sienna-spiro-dueto-en-die-on-this-hill\/#primaryimage\"},\"image\":{\"@id\":\"https:\/\/web.consaguirre.com.ar\/noticias\/sam-smith-y-sienna-spiro-dueto-en-die-on-this-hill\/#primaryimage\"},\"thumbnailUrl\":\"https:\/\/web.consaguirre.com.ar\/noticias\/wp-content\/uploads\/2026\/03\/Sam-Smith-y-Sienna-Spiro-dueto-en-Die-On-This.jpg\",\"datePublished\":\"2026-03-09T23:39:51+00:00\",\"dateModified\":\"2026-03-09T23:39:52+00:00\",\"breadcrumb\":{\"@id\":\"https:\/\/web.consaguirre.com.ar\/noticias\/sam-smith-y-sienna-spiro-dueto-en-die-on-this-hill\/#breadcrumb\"},\"inLanguage\":\"es-AR\",\"potentialAction\":[{\"@type\":\"ReadAction\",\"target\":[\"https:\/\/web.consaguirre.com.ar\/noticias\/sam-smith-y-sienna-spiro-dueto-en-die-on-this-hill\/\"]}]},{\"@type\":\"ImageObject\",\"inLanguage\":\"es-AR\",\"@id\":\"https:\/\/web.consaguirre.com.ar\/noticias\/sam-smith-y-sienna-spiro-dueto-en-die-on-this-hill\/#primaryimage\",\"url\":\"https:\/\/web.consaguirre.com.ar\/noticias\/wp-content\/uploads\/2026\/03\/Sam-Smith-y-Sienna-Spiro-dueto-en-Die-On-This.jpg\",\"contentUrl\":\"https:\/\/web.consaguirre.com.ar\/noticias\/wp-content\/uploads\/2026\/03\/Sam-Smith-y-Sienna-Spiro-dueto-en-Die-On-This.jpg\",\"width\":1000,\"height\":600,\"caption\":\"Sam Smith and Sienna Spiro photo courtesy of Capitol Records\"},{\"@type\":\"BreadcrumbList\",\"@id\":\"https:\/\/web.consaguirre.com.ar\/noticias\/sam-smith-y-sienna-spiro-dueto-en-die-on-this-hill\/#breadcrumb\",\"itemListElement\":[{\"@type\":\"ListItem\",\"position\":1,\"name\":\"Inicio\",\"item\":\"https:\/\/web.consaguirre.com.ar\/noticias\/\"},{\"@type\":\"ListItem\",\"position\":2,\"name\":\"Sam Smith y Sienna Spiro dueto en &#8216;Die On This Hill&#8217;\"}]},{\"@type\":\"WebSite\",\"@id\":\"https:\/\/web.consaguirre.com.ar\/noticias\/#website\",\"url\":\"https:\/\/web.consaguirre.com.ar\/noticias\/\",\"name\":\"Conservatorio de M\u00fasica Juli\u00e1n Aguirre\",\"description\":\"\",\"publisher\":{\"@id\":\"https:\/\/web.consaguirre.com.ar\/noticias\/#organization\"},\"potentialAction\":[{\"@type\":\"SearchAction\",\"target\":{\"@type\":\"EntryPoint\",\"urlTemplate\":\"https:\/\/web.consaguirre.com.ar\/noticias\/?s={search_term_string}\"},\"query-input\":\"required name=search_term_string\"}],\"inLanguage\":\"es-AR\"},{\"@type\":\"Organization\",\"@id\":\"https:\/\/web.consaguirre.com.ar\/noticias\/#organization\",\"name\":\"Conservatorio de M\u00fasica Juli\u00e1n Aguirre\",\"url\":\"https:\/\/web.consaguirre.com.ar\/noticias\/\",\"logo\":{\"@type\":\"ImageObject\",\"inLanguage\":\"es-AR\",\"@id\":\"https:\/\/web.consaguirre.com.ar\/noticias\/#\/schema\/logo\/image\/\",\"url\":\"https:\/\/web.consaguirre.com.ar\/noticias\/wp-content\/uploads\/2024\/08\/Banner-Aguirre-23.jpg\",\"contentUrl\":\"https:\/\/web.consaguirre.com.ar\/noticias\/wp-content\/uploads\/2024\/08\/Banner-Aguirre-23.jpg\",\"width\":1192,\"height\":600,\"caption\":\"Conservatorio de M\u00fasica Juli\u00e1n Aguirre\"},\"image\":{\"@id\":\"https:\/\/web.consaguirre.com.ar\/noticias\/#\/schema\/logo\/image\/\"}},{\"@type\":\"Person\",\"@id\":\"https:\/\/web.consaguirre.com.ar\/noticias\/#\/schema\/person\/6558b0cfedee7ddc5425602b237d5722\",\"name\":\"Javier Figueroa\",\"image\":{\"@type\":\"ImageObject\",\"inLanguage\":\"es-AR\",\"@id\":\"https:\/\/web.consaguirre.com.ar\/noticias\/#\/schema\/person\/image\/\",\"url\":\"https:\/\/web.consaguirre.com.ar\/noticias\/wp-content\/uploads\/2024\/08\/Consaguirre-scaled.jpg\",\"contentUrl\":\"https:\/\/web.consaguirre.com.ar\/noticias\/wp-content\/uploads\/2024\/08\/Consaguirre-scaled.jpg\",\"caption\":\"Javier Figueroa\"},\"description\":\"Me llamo Javier Figueroa y soy redactor para el sitio oficial del Conservatorio de M\u00fasica Juli\u00e1n Aguirre en Buenos Aires, consaguirre.com. Apasionado por la m\u00fasica y la escritura, me esfuerzo por destacar los talentos y eventos de nuestra prestigiosa instituci\u00f3n. Mi trayectoria se nutre de una profunda admiraci\u00f3n por los artistas, haciendo de cada art\u00edculo una celebraci\u00f3n de la creatividad y la cultura musical.\",\"sameAs\":[\"https:\/\/web.consaguirre.com.ar\/noticias\"]}]}<\/script>\n<!-- \/ Yoast SEO plugin. -->","yoast_head_json":{"title":"Sam Smith y Sienna Spiro dueto en 'Die On This Hill'","robots":{"index":"index","follow":"follow","max-snippet":"max-snippet:-1","max-image-preview":"max-image-preview:large","max-video-preview":"max-video-preview:-1"},"canonical":"https:\/\/web.consaguirre.com.ar\/noticias\/sam-smith-y-sienna-spiro-dueto-en-die-on-this-hill\/","og_locale":"es_ES","og_type":"article","og_title":"Sam Smith y Sienna Spiro dueto en 'Die On This Hill'","og_description":"Sam Smith sorprendi\u00f3 a los fan\u00e1ticos durante su residencia de 20 fechas \u201cTo Be Free: San Francisco\u201d en el Teatro Castro con la aparici\u00f3n de","og_url":"https:\/\/web.consaguirre.com.ar\/noticias\/sam-smith-y-sienna-spiro-dueto-en-die-on-this-hill\/","og_site_name":"Conservatorio de M\u00fasica Juli\u00e1n Aguirre","article_published_time":"2026-03-09T23:39:51+00:00","article_modified_time":"2026-03-09T23:39:52+00:00","og_image":[{"width":1000,"height":600,"url":"https:\/\/web.consaguirre.com.ar\/noticias\/wp-content\/uploads\/2026\/03\/Sam-Smith-y-Sienna-Spiro-dueto-en-Die-On-This.jpg","type":"image\/jpeg"}],"author":"Javier Figueroa","twitter_card":"summary_large_image","twitter_misc":{"Escrito por":"Javier Figueroa","Tiempo de lectura":"2 minutos"},"schema":{"@context":"https:\/\/schema.org","@graph":[{"@type":"Article","@id":"https:\/\/web.consaguirre.com.ar\/noticias\/sam-smith-y-sienna-spiro-dueto-en-die-on-this-hill\/#article","isPartOf":{"@id":"https:\/\/web.consaguirre.com.ar\/noticias\/sam-smith-y-sienna-spiro-dueto-en-die-on-this-hill\/"},"author":{"name":"Javier Figueroa","@id":"https:\/\/web.consaguirre.com.ar\/noticias\/#\/schema\/person\/6558b0cfedee7ddc5425602b237d5722"},"headline":"Sam Smith y Sienna Spiro dueto en &#8216;Die On This Hill&#8217;","datePublished":"2026-03-09T23:39:51+00:00","dateModified":"2026-03-09T23:39:52+00:00","mainEntityOfPage":{"@id":"https:\/\/web.consaguirre.com.ar\/noticias\/sam-smith-y-sienna-spiro-dueto-en-die-on-this-hill\/"},"wordCount":392,"publisher":{"@id":"https:\/\/web.consaguirre.com.ar\/noticias\/#organization"},"image":{"@id":"https:\/\/web.consaguirre.com.ar\/noticias\/sam-smith-y-sienna-spiro-dueto-en-die-on-this-hill\/#primaryimage"},"thumbnailUrl":"https:\/\/web.consaguirre.com.ar\/noticias\/wp-content\/uploads\/2026\/03\/Sam-Smith-y-Sienna-Spiro-dueto-en-Die-On-This.jpg","keywords":["Die","dueto","Hill","Sam","Sienna","Smith","Spiro"],"articleSection":["El \u00faltimo"],"inLanguage":"es-AR"},{"@type":"WebPage","@id":"https:\/\/web.consaguirre.com.ar\/noticias\/sam-smith-y-sienna-spiro-dueto-en-die-on-this-hill\/","url":"https:\/\/web.consaguirre.com.ar\/noticias\/sam-smith-y-sienna-spiro-dueto-en-die-on-this-hill\/","name":"Sam Smith y Sienna Spiro dueto en 'Die On This Hill'","isPartOf":{"@id":"https:\/\/web.consaguirre.com.ar\/noticias\/#website"},"primaryImageOfPage":{"@id":"https:\/\/web.consaguirre.com.ar\/noticias\/sam-smith-y-sienna-spiro-dueto-en-die-on-this-hill\/#primaryimage"},"image":{"@id":"https:\/\/web.consaguirre.com.ar\/noticias\/sam-smith-y-sienna-spiro-dueto-en-die-on-this-hill\/#primaryimage"},"thumbnailUrl":"https:\/\/web.consaguirre.com.ar\/noticias\/wp-content\/uploads\/2026\/03\/Sam-Smith-y-Sienna-Spiro-dueto-en-Die-On-This.jpg","datePublished":"2026-03-09T23:39:51+00:00","dateModified":"2026-03-09T23:39:52+00:00","breadcrumb":{"@id":"https:\/\/web.consaguirre.com.ar\/noticias\/sam-smith-y-sienna-spiro-dueto-en-die-on-this-hill\/#breadcrumb"},"inLanguage":"es-AR","potentialAction":[{"@type":"ReadAction","target":["https:\/\/web.consaguirre.com.ar\/noticias\/sam-smith-y-sienna-spiro-dueto-en-die-on-this-hill\/"]}]},{"@type":"ImageObject","inLanguage":"es-AR","@id":"https:\/\/web.consaguirre.com.ar\/noticias\/sam-smith-y-sienna-spiro-dueto-en-die-on-this-hill\/#primaryimage","url":"https:\/\/web.consaguirre.com.ar\/noticias\/wp-content\/uploads\/2026\/03\/Sam-Smith-y-Sienna-Spiro-dueto-en-Die-On-This.jpg","contentUrl":"https:\/\/web.consaguirre.com.ar\/noticias\/wp-content\/uploads\/2026\/03\/Sam-Smith-y-Sienna-Spiro-dueto-en-Die-On-This.jpg","width":1000,"height":600,"caption":"Sam Smith and Sienna Spiro photo courtesy of Capitol Records"},{"@type":"BreadcrumbList","@id":"https:\/\/web.consaguirre.com.ar\/noticias\/sam-smith-y-sienna-spiro-dueto-en-die-on-this-hill\/#breadcrumb","itemListElement":[{"@type":"ListItem","position":1,"name":"Inicio","item":"https:\/\/web.consaguirre.com.ar\/noticias\/"},{"@type":"ListItem","position":2,"name":"Sam Smith y Sienna Spiro dueto en &#8216;Die On This Hill&#8217;"}]},{"@type":"WebSite","@id":"https:\/\/web.consaguirre.com.ar\/noticias\/#website","url":"https:\/\/web.consaguirre.com.ar\/noticias\/","name":"Conservatorio de M\u00fasica Juli\u00e1n Aguirre","description":"","publisher":{"@id":"https:\/\/web.consaguirre.com.ar\/noticias\/#organization"},"potentialAction":[{"@type":"SearchAction","target":{"@type":"EntryPoint","urlTemplate":"https:\/\/web.consaguirre.com.ar\/noticias\/?s={search_term_string}"},"query-input":"required name=search_term_string"}],"inLanguage":"es-AR"},{"@type":"Organization","@id":"https:\/\/web.consaguirre.com.ar\/noticias\/#organization","name":"Conservatorio de M\u00fasica Juli\u00e1n Aguirre","url":"https:\/\/web.consaguirre.com.ar\/noticias\/","logo":{"@type":"ImageObject","inLanguage":"es-AR","@id":"https:\/\/web.consaguirre.com.ar\/noticias\/#\/schema\/logo\/image\/","url":"https:\/\/web.consaguirre.com.ar\/noticias\/wp-content\/uploads\/2024\/08\/Banner-Aguirre-23.jpg","contentUrl":"https:\/\/web.consaguirre.com.ar\/noticias\/wp-content\/uploads\/2024\/08\/Banner-Aguirre-23.jpg","width":1192,"height":600,"caption":"Conservatorio de M\u00fasica Juli\u00e1n Aguirre"},"image":{"@id":"https:\/\/web.consaguirre.com.ar\/noticias\/#\/schema\/logo\/image\/"}},{"@type":"Person","@id":"https:\/\/web.consaguirre.com.ar\/noticias\/#\/schema\/person\/6558b0cfedee7ddc5425602b237d5722","name":"Javier Figueroa","image":{"@type":"ImageObject","inLanguage":"es-AR","@id":"https:\/\/web.consaguirre.com.ar\/noticias\/#\/schema\/person\/image\/","url":"https:\/\/web.consaguirre.com.ar\/noticias\/wp-content\/uploads\/2024\/08\/Consaguirre-scaled.jpg","contentUrl":"https:\/\/web.consaguirre.com.ar\/noticias\/wp-content\/uploads\/2024\/08\/Consaguirre-scaled.jpg","caption":"Javier Figueroa"},"description":"Me llamo Javier Figueroa y soy redactor para el sitio oficial del Conservatorio de M\u00fasica Juli\u00e1n Aguirre en Buenos Aires, consaguirre.com. Apasionado por la m\u00fasica y la escritura, me esfuerzo por destacar los talentos y eventos de nuestra prestigiosa instituci\u00f3n. Mi trayectoria se nutre de una profunda admiraci\u00f3n por los artistas, haciendo de cada art\u00edculo una celebraci\u00f3n de la creatividad y la cultura musical.","sameAs":["https:\/\/web.consaguirre.com.ar\/noticias"]}]}},"_links":{"self":[{"href":"https:\/\/web.consaguirre.com.ar\/noticias\/wp-json\/wp\/v2\/posts\/5300"}],"collection":[{"href":"https:\/\/web.consaguirre.com.ar\/noticias\/wp-json\/wp\/v2\/posts"}],"about":[{"href":"https:\/\/web.consaguirre.com.ar\/noticias\/wp-json\/wp\/v2\/types\/post"}],"author":[{"embeddable":true,"href":"https:\/\/web.consaguirre.com.ar\/noticias\/wp-json\/wp\/v2\/users\/1"}],"replies":[{"embeddable":true,"href":"https:\/\/web.consaguirre.com.ar\/noticias\/wp-json\/wp\/v2\/comments?post=5300"}],"version-history":[{"count":1,"href":"https:\/\/web.consaguirre.com.ar\/noticias\/wp-json\/wp\/v2\/posts\/5300\/revisions"}],"predecessor-version":[{"id":5302,"href":"https:\/\/web.consaguirre.com.ar\/noticias\/wp-json\/wp\/v2\/posts\/5300\/revisions\/5302"}],"wp:featuredmedia":[{"embeddable":true,"href":"https:\/\/web.consaguirre.com.ar\/noticias\/wp-json\/wp\/v2\/media\/5301"}],"wp:attachment":[{"href":"https:\/\/web.consaguirre.com.ar\/noticias\/wp-json\/wp\/v2\/media?parent=5300"}],"wp:term":[{"taxonomy":"category","embeddable":true,"href":"https:\/\/web.consaguirre.com.ar\/noticias\/wp-json\/wp\/v2\/categories?post=5300"},{"taxonomy":"post_tag","embeddable":true,"href":"https:\/\/web.consaguirre.com.ar\/noticias\/wp-json\/wp\/v2\/tags?post=5300"}],"curies":[{"name":"wp","href":"https:\/\/api.w.org\/{rel}","templated":true}]}}