{"id":5297,"date":"2026-03-09T17:38:41","date_gmt":"2026-03-09T20:38:41","guid":{"rendered":"https:\/\/web.consaguirre.com.ar\/noticias\/anitta-comparte-nueva-cancion-pinterest\/"},"modified":"2026-03-09T17:38:42","modified_gmt":"2026-03-09T20:38:42","slug":"anitta-comparte-nueva-cancion-pinterest","status":"publish","type":"post","link":"https:\/\/web.consaguirre.com.ar\/noticias\/anitta-comparte-nueva-cancion-pinterest\/","title":{"rendered":"Anitta comparte nueva canci\u00f3n, &#8216;Pinterest&#8217;"},"content":{"rendered":"<p>Anitta ha compartido una canci\u00f3n titulada &#8220;Pinterest&#8221;. La primera canci\u00f3n de su pr\u00f3ximo \u00e1lbum, <em>Equilibrio<\/em>\u201cPinterest\u201d hace un gui\u00f1o al sonido brasile\u00f1o de la samba y MPB, mientras se entrega al romance, comenzando por el amor a s\u00ed misma. El nuevo tema fue revelado en versi\u00f3n ac\u00fastica en la sesi\u00f3n COLORS de Anitta.<\/p>\n<p>&#8220;La canci\u00f3n narra este momento de amor que es ligero, placentero y sorprendente. Pero eso s\u00f3lo es posible cuando estamos en paz con nosotros mismos&#8221;, dice Anitta.<\/p>\n<div class=\"uD-YT-container\"><img decoding=\"async\" src=\"https:\/\/web.consaguirre.com.ar\/noticias\/wp-content\/uploads\/2026\/03\/1773088721_690_Anitta-comparte-nueva-cancion-Pinterest.jpg\" alt=\"V\u00eddeo de YouTube\"><br \/>Haga clic para cargar v\u00eddeo<\/div>\n<p>\u201cPinterest\u201d est\u00e1 producida por un tr\u00edo de artistas internacionales: el nigeriano Daramola, el venezolano Mazzari (Kali Uchis, Danny Ocean) y el colombiano JonTheProducer (Christina Aguilera, Jennifer Lopez). El multiinstrumentista Thiago da Serrinha, que colabor\u00f3 \u200b\u200bcon Maria Beth\u00e2nia y Caetano Veloso en el \u00e1lbum ganador del Grammy Caetano e Beth\u00e2nia Ao Vivo, toc\u00f3 el cavaquinho en el arreglo. La propia Anitta coescribi\u00f3 la canci\u00f3n.<\/p>\n<p>&#8220;La m\u00fasica popular brasile\u00f1a y la samba siempre estuvieron muy presentes en mi vida. Fueron parte de mi formaci\u00f3n cultural. Crec\u00ed en la zona norte de R\u00edo de Janeiro, una regi\u00f3n conocida como la cuna de la samba. Viv\u00ed muchos carnavales y c\u00edrculos de samba incluso antes de comenzar a actuar en el escenario&#8221;, dice Anitta. &#8220;Y no s\u00f3lo eso. Fue cantando Jo\u00e3o Gilberto con lo que Gil, Caetano y yo participamos en la inauguraci\u00f3n de los Juegos Ol\u00edmpicos. Y cantando Dona Ivone Lara me un\u00ed a Alcione y Zeca Pagodinho para celebrar los 40 a\u00f1os del Marqu\u00eas de Sapuca\u00ed. La bossa nova, la samba y todas sus variaciones estuvieron presentes en momentos inolvidables de mi carrera, en espect\u00e1culos, \u00e1lbumes y videos musicales&#8221;, agrega.<\/p>\n<p>La portada del sencillo presenta una foto de la infancia de Anitta en la que lleva un conjunto hecho con peque\u00f1os vasos de pl\u00e1stico.<\/p>\n<p>&#8220;La portada recuerda mi look para el Desfile de Primavera en el que compet\u00ed cuando ten\u00eda 10 a\u00f1os. Mi madre me hizo este conjunto, con tazas de caf\u00e9&#8221;, explica. &#8220;En esta canci\u00f3n, revelo un lado m\u00e1s vulnerable, m\u00e1s Larissa. Como si tambi\u00e9n me hubiera abierto un poco sobre mis ra\u00edces. De ah\u00ed el redescubrimiento que hicimos con la foto de portada&#8221;.<\/p>\n<p><b>Escuche \u201cPinterest\u201d de Anitta aqu\u00ed.<\/b><\/p>\n","protected":false},"excerpt":{"rendered":"<p>Anitta ha compartido una canci\u00f3n titulada &#8220;Pinterest&#8221;. La primera canci\u00f3n de su pr\u00f3ximo \u00e1lbum, Equilibrio\u201cPinterest\u201d hace un gui\u00f1o al sonido brasile\u00f1o de la samba y<\/p>\n","protected":false},"author":1,"featured_media":5298,"comment_status":"closed","ping_status":"","sticky":false,"template":"","format":"standard","meta":{"footnotes":""},"categories":[50],"tags":[1127,460,201,116,3953],"class_list":["post-5297","post","type-post","status-publish","format-standard","has-post-thumbnail","hentry","category-el-ultimo","tag-anitta","tag-cancion","tag-comparte","tag-nueva","tag-pinterest","generate-columns","tablet-grid-50","mobile-grid-100","grid-parent","grid-50"],"yoast_head":"<!-- This site is optimized with the Yoast SEO plugin v23.3 - https:\/\/yoast.com\/wordpress\/plugins\/seo\/ -->\n<title>Anitta comparte nueva canci\u00f3n, &#039;Pinterest&#039;<\/title>\n<meta name=\"robots\" content=\"index, follow, max-snippet:-1, max-image-preview:large, max-video-preview:-1\" \/>\n<link rel=\"canonical\" href=\"https:\/\/web.consaguirre.com.ar\/noticias\/anitta-comparte-nueva-cancion-pinterest\/\" \/>\n<meta property=\"og:locale\" content=\"es_ES\" \/>\n<meta property=\"og:type\" content=\"article\" \/>\n<meta property=\"og:title\" content=\"Anitta comparte nueva canci\u00f3n, &#039;Pinterest&#039;\" \/>\n<meta property=\"og:description\" content=\"Anitta ha compartido una canci\u00f3n titulada &#8220;Pinterest&#8221;. La primera canci\u00f3n de su pr\u00f3ximo \u00e1lbum, Equilibrio\u201cPinterest\u201d hace un gui\u00f1o al sonido brasile\u00f1o de la samba y\" \/>\n<meta property=\"og:url\" content=\"https:\/\/web.consaguirre.com.ar\/noticias\/anitta-comparte-nueva-cancion-pinterest\/\" \/>\n<meta property=\"og:site_name\" content=\"Conservatorio de M\u00fasica Juli\u00e1n Aguirre\" \/>\n<meta property=\"article:published_time\" content=\"2026-03-09T20:38:41+00:00\" \/>\n<meta property=\"article:modified_time\" content=\"2026-03-09T20:38:42+00:00\" \/>\n<meta property=\"og:image\" content=\"https:\/\/web.consaguirre.com.ar\/noticias\/wp-content\/uploads\/2026\/03\/Anitta-comparte-nueva-cancion-Pinterest.jpg\" \/>\n\t<meta property=\"og:image:width\" content=\"820\" \/>\n\t<meta property=\"og:image:height\" content=\"820\" \/>\n\t<meta property=\"og:image:type\" content=\"image\/jpeg\" \/>\n<meta name=\"author\" content=\"Javier Figueroa\" \/>\n<meta name=\"twitter:card\" content=\"summary_large_image\" \/>\n<meta name=\"twitter:label1\" content=\"Escrito por\" \/>\n\t<meta name=\"twitter:data1\" content=\"Javier Figueroa\" \/>\n\t<meta name=\"twitter:label2\" content=\"Tiempo de lectura\" \/>\n\t<meta name=\"twitter:data2\" content=\"2 minutos\" \/>\n<script type=\"application\/ld+json\" class=\"yoast-schema-graph\">{\"@context\":\"https:\/\/schema.org\",\"@graph\":[{\"@type\":\"Article\",\"@id\":\"https:\/\/web.consaguirre.com.ar\/noticias\/anitta-comparte-nueva-cancion-pinterest\/#article\",\"isPartOf\":{\"@id\":\"https:\/\/web.consaguirre.com.ar\/noticias\/anitta-comparte-nueva-cancion-pinterest\/\"},\"author\":{\"name\":\"Javier Figueroa\",\"@id\":\"https:\/\/web.consaguirre.com.ar\/noticias\/#\/schema\/person\/6558b0cfedee7ddc5425602b237d5722\"},\"headline\":\"Anitta comparte nueva canci\u00f3n, &#8216;Pinterest&#8217;\",\"datePublished\":\"2026-03-09T20:38:41+00:00\",\"dateModified\":\"2026-03-09T20:38:42+00:00\",\"mainEntityOfPage\":{\"@id\":\"https:\/\/web.consaguirre.com.ar\/noticias\/anitta-comparte-nueva-cancion-pinterest\/\"},\"wordCount\":403,\"publisher\":{\"@id\":\"https:\/\/web.consaguirre.com.ar\/noticias\/#organization\"},\"image\":{\"@id\":\"https:\/\/web.consaguirre.com.ar\/noticias\/anitta-comparte-nueva-cancion-pinterest\/#primaryimage\"},\"thumbnailUrl\":\"https:\/\/web.consaguirre.com.ar\/noticias\/wp-content\/uploads\/2026\/03\/Anitta-comparte-nueva-cancion-Pinterest.jpg\",\"keywords\":[\"Anitta\",\"canci\u00f3n\",\"comparte\",\"nueva\",\"Pinterest\"],\"articleSection\":[\"El \u00faltimo\"],\"inLanguage\":\"es-AR\"},{\"@type\":\"WebPage\",\"@id\":\"https:\/\/web.consaguirre.com.ar\/noticias\/anitta-comparte-nueva-cancion-pinterest\/\",\"url\":\"https:\/\/web.consaguirre.com.ar\/noticias\/anitta-comparte-nueva-cancion-pinterest\/\",\"name\":\"Anitta comparte nueva canci\u00f3n, 'Pinterest'\",\"isPartOf\":{\"@id\":\"https:\/\/web.consaguirre.com.ar\/noticias\/#website\"},\"primaryImageOfPage\":{\"@id\":\"https:\/\/web.consaguirre.com.ar\/noticias\/anitta-comparte-nueva-cancion-pinterest\/#primaryimage\"},\"image\":{\"@id\":\"https:\/\/web.consaguirre.com.ar\/noticias\/anitta-comparte-nueva-cancion-pinterest\/#primaryimage\"},\"thumbnailUrl\":\"https:\/\/web.consaguirre.com.ar\/noticias\/wp-content\/uploads\/2026\/03\/Anitta-comparte-nueva-cancion-Pinterest.jpg\",\"datePublished\":\"2026-03-09T20:38:41+00:00\",\"dateModified\":\"2026-03-09T20:38:42+00:00\",\"breadcrumb\":{\"@id\":\"https:\/\/web.consaguirre.com.ar\/noticias\/anitta-comparte-nueva-cancion-pinterest\/#breadcrumb\"},\"inLanguage\":\"es-AR\",\"potentialAction\":[{\"@type\":\"ReadAction\",\"target\":[\"https:\/\/web.consaguirre.com.ar\/noticias\/anitta-comparte-nueva-cancion-pinterest\/\"]}]},{\"@type\":\"ImageObject\",\"inLanguage\":\"es-AR\",\"@id\":\"https:\/\/web.consaguirre.com.ar\/noticias\/anitta-comparte-nueva-cancion-pinterest\/#primaryimage\",\"url\":\"https:\/\/web.consaguirre.com.ar\/noticias\/wp-content\/uploads\/2026\/03\/Anitta-comparte-nueva-cancion-Pinterest.jpg\",\"contentUrl\":\"https:\/\/web.consaguirre.com.ar\/noticias\/wp-content\/uploads\/2026\/03\/Anitta-comparte-nueva-cancion-Pinterest.jpg\",\"width\":820,\"height\":820,\"caption\":\"Anitta Pinterest album cover\"},{\"@type\":\"BreadcrumbList\",\"@id\":\"https:\/\/web.consaguirre.com.ar\/noticias\/anitta-comparte-nueva-cancion-pinterest\/#breadcrumb\",\"itemListElement\":[{\"@type\":\"ListItem\",\"position\":1,\"name\":\"Inicio\",\"item\":\"https:\/\/web.consaguirre.com.ar\/noticias\/\"},{\"@type\":\"ListItem\",\"position\":2,\"name\":\"Anitta comparte nueva canci\u00f3n, &#8216;Pinterest&#8217;\"}]},{\"@type\":\"WebSite\",\"@id\":\"https:\/\/web.consaguirre.com.ar\/noticias\/#website\",\"url\":\"https:\/\/web.consaguirre.com.ar\/noticias\/\",\"name\":\"Conservatorio de M\u00fasica Juli\u00e1n Aguirre\",\"description\":\"\",\"publisher\":{\"@id\":\"https:\/\/web.consaguirre.com.ar\/noticias\/#organization\"},\"potentialAction\":[{\"@type\":\"SearchAction\",\"target\":{\"@type\":\"EntryPoint\",\"urlTemplate\":\"https:\/\/web.consaguirre.com.ar\/noticias\/?s={search_term_string}\"},\"query-input\":\"required name=search_term_string\"}],\"inLanguage\":\"es-AR\"},{\"@type\":\"Organization\",\"@id\":\"https:\/\/web.consaguirre.com.ar\/noticias\/#organization\",\"name\":\"Conservatorio de M\u00fasica Juli\u00e1n Aguirre\",\"url\":\"https:\/\/web.consaguirre.com.ar\/noticias\/\",\"logo\":{\"@type\":\"ImageObject\",\"inLanguage\":\"es-AR\",\"@id\":\"https:\/\/web.consaguirre.com.ar\/noticias\/#\/schema\/logo\/image\/\",\"url\":\"https:\/\/web.consaguirre.com.ar\/noticias\/wp-content\/uploads\/2024\/08\/Banner-Aguirre-23.jpg\",\"contentUrl\":\"https:\/\/web.consaguirre.com.ar\/noticias\/wp-content\/uploads\/2024\/08\/Banner-Aguirre-23.jpg\",\"width\":1192,\"height\":600,\"caption\":\"Conservatorio de M\u00fasica Juli\u00e1n Aguirre\"},\"image\":{\"@id\":\"https:\/\/web.consaguirre.com.ar\/noticias\/#\/schema\/logo\/image\/\"}},{\"@type\":\"Person\",\"@id\":\"https:\/\/web.consaguirre.com.ar\/noticias\/#\/schema\/person\/6558b0cfedee7ddc5425602b237d5722\",\"name\":\"Javier Figueroa\",\"image\":{\"@type\":\"ImageObject\",\"inLanguage\":\"es-AR\",\"@id\":\"https:\/\/web.consaguirre.com.ar\/noticias\/#\/schema\/person\/image\/\",\"url\":\"https:\/\/web.consaguirre.com.ar\/noticias\/wp-content\/uploads\/2024\/08\/Consaguirre-scaled.jpg\",\"contentUrl\":\"https:\/\/web.consaguirre.com.ar\/noticias\/wp-content\/uploads\/2024\/08\/Consaguirre-scaled.jpg\",\"caption\":\"Javier Figueroa\"},\"description\":\"Me llamo Javier Figueroa y soy redactor para el sitio oficial del Conservatorio de M\u00fasica Juli\u00e1n Aguirre en Buenos Aires, consaguirre.com. Apasionado por la m\u00fasica y la escritura, me esfuerzo por destacar los talentos y eventos de nuestra prestigiosa instituci\u00f3n. Mi trayectoria se nutre de una profunda admiraci\u00f3n por los artistas, haciendo de cada art\u00edculo una celebraci\u00f3n de la creatividad y la cultura musical.\",\"sameAs\":[\"https:\/\/web.consaguirre.com.ar\/noticias\"]}]}<\/script>\n<!-- \/ Yoast SEO plugin. -->","yoast_head_json":{"title":"Anitta comparte nueva canci\u00f3n, 'Pinterest'","robots":{"index":"index","follow":"follow","max-snippet":"max-snippet:-1","max-image-preview":"max-image-preview:large","max-video-preview":"max-video-preview:-1"},"canonical":"https:\/\/web.consaguirre.com.ar\/noticias\/anitta-comparte-nueva-cancion-pinterest\/","og_locale":"es_ES","og_type":"article","og_title":"Anitta comparte nueva canci\u00f3n, 'Pinterest'","og_description":"Anitta ha compartido una canci\u00f3n titulada &#8220;Pinterest&#8221;. La primera canci\u00f3n de su pr\u00f3ximo \u00e1lbum, Equilibrio\u201cPinterest\u201d hace un gui\u00f1o al sonido brasile\u00f1o de la samba y","og_url":"https:\/\/web.consaguirre.com.ar\/noticias\/anitta-comparte-nueva-cancion-pinterest\/","og_site_name":"Conservatorio de M\u00fasica Juli\u00e1n Aguirre","article_published_time":"2026-03-09T20:38:41+00:00","article_modified_time":"2026-03-09T20:38:42+00:00","og_image":[{"width":820,"height":820,"url":"https:\/\/web.consaguirre.com.ar\/noticias\/wp-content\/uploads\/2026\/03\/Anitta-comparte-nueva-cancion-Pinterest.jpg","type":"image\/jpeg"}],"author":"Javier Figueroa","twitter_card":"summary_large_image","twitter_misc":{"Escrito por":"Javier Figueroa","Tiempo de lectura":"2 minutos"},"schema":{"@context":"https:\/\/schema.org","@graph":[{"@type":"Article","@id":"https:\/\/web.consaguirre.com.ar\/noticias\/anitta-comparte-nueva-cancion-pinterest\/#article","isPartOf":{"@id":"https:\/\/web.consaguirre.com.ar\/noticias\/anitta-comparte-nueva-cancion-pinterest\/"},"author":{"name":"Javier Figueroa","@id":"https:\/\/web.consaguirre.com.ar\/noticias\/#\/schema\/person\/6558b0cfedee7ddc5425602b237d5722"},"headline":"Anitta comparte nueva canci\u00f3n, &#8216;Pinterest&#8217;","datePublished":"2026-03-09T20:38:41+00:00","dateModified":"2026-03-09T20:38:42+00:00","mainEntityOfPage":{"@id":"https:\/\/web.consaguirre.com.ar\/noticias\/anitta-comparte-nueva-cancion-pinterest\/"},"wordCount":403,"publisher":{"@id":"https:\/\/web.consaguirre.com.ar\/noticias\/#organization"},"image":{"@id":"https:\/\/web.consaguirre.com.ar\/noticias\/anitta-comparte-nueva-cancion-pinterest\/#primaryimage"},"thumbnailUrl":"https:\/\/web.consaguirre.com.ar\/noticias\/wp-content\/uploads\/2026\/03\/Anitta-comparte-nueva-cancion-Pinterest.jpg","keywords":["Anitta","canci\u00f3n","comparte","nueva","Pinterest"],"articleSection":["El \u00faltimo"],"inLanguage":"es-AR"},{"@type":"WebPage","@id":"https:\/\/web.consaguirre.com.ar\/noticias\/anitta-comparte-nueva-cancion-pinterest\/","url":"https:\/\/web.consaguirre.com.ar\/noticias\/anitta-comparte-nueva-cancion-pinterest\/","name":"Anitta comparte nueva canci\u00f3n, 'Pinterest'","isPartOf":{"@id":"https:\/\/web.consaguirre.com.ar\/noticias\/#website"},"primaryImageOfPage":{"@id":"https:\/\/web.consaguirre.com.ar\/noticias\/anitta-comparte-nueva-cancion-pinterest\/#primaryimage"},"image":{"@id":"https:\/\/web.consaguirre.com.ar\/noticias\/anitta-comparte-nueva-cancion-pinterest\/#primaryimage"},"thumbnailUrl":"https:\/\/web.consaguirre.com.ar\/noticias\/wp-content\/uploads\/2026\/03\/Anitta-comparte-nueva-cancion-Pinterest.jpg","datePublished":"2026-03-09T20:38:41+00:00","dateModified":"2026-03-09T20:38:42+00:00","breadcrumb":{"@id":"https:\/\/web.consaguirre.com.ar\/noticias\/anitta-comparte-nueva-cancion-pinterest\/#breadcrumb"},"inLanguage":"es-AR","potentialAction":[{"@type":"ReadAction","target":["https:\/\/web.consaguirre.com.ar\/noticias\/anitta-comparte-nueva-cancion-pinterest\/"]}]},{"@type":"ImageObject","inLanguage":"es-AR","@id":"https:\/\/web.consaguirre.com.ar\/noticias\/anitta-comparte-nueva-cancion-pinterest\/#primaryimage","url":"https:\/\/web.consaguirre.com.ar\/noticias\/wp-content\/uploads\/2026\/03\/Anitta-comparte-nueva-cancion-Pinterest.jpg","contentUrl":"https:\/\/web.consaguirre.com.ar\/noticias\/wp-content\/uploads\/2026\/03\/Anitta-comparte-nueva-cancion-Pinterest.jpg","width":820,"height":820,"caption":"Anitta Pinterest album cover"},{"@type":"BreadcrumbList","@id":"https:\/\/web.consaguirre.com.ar\/noticias\/anitta-comparte-nueva-cancion-pinterest\/#breadcrumb","itemListElement":[{"@type":"ListItem","position":1,"name":"Inicio","item":"https:\/\/web.consaguirre.com.ar\/noticias\/"},{"@type":"ListItem","position":2,"name":"Anitta comparte nueva canci\u00f3n, &#8216;Pinterest&#8217;"}]},{"@type":"WebSite","@id":"https:\/\/web.consaguirre.com.ar\/noticias\/#website","url":"https:\/\/web.consaguirre.com.ar\/noticias\/","name":"Conservatorio de M\u00fasica Juli\u00e1n Aguirre","description":"","publisher":{"@id":"https:\/\/web.consaguirre.com.ar\/noticias\/#organization"},"potentialAction":[{"@type":"SearchAction","target":{"@type":"EntryPoint","urlTemplate":"https:\/\/web.consaguirre.com.ar\/noticias\/?s={search_term_string}"},"query-input":"required name=search_term_string"}],"inLanguage":"es-AR"},{"@type":"Organization","@id":"https:\/\/web.consaguirre.com.ar\/noticias\/#organization","name":"Conservatorio de M\u00fasica Juli\u00e1n Aguirre","url":"https:\/\/web.consaguirre.com.ar\/noticias\/","logo":{"@type":"ImageObject","inLanguage":"es-AR","@id":"https:\/\/web.consaguirre.com.ar\/noticias\/#\/schema\/logo\/image\/","url":"https:\/\/web.consaguirre.com.ar\/noticias\/wp-content\/uploads\/2024\/08\/Banner-Aguirre-23.jpg","contentUrl":"https:\/\/web.consaguirre.com.ar\/noticias\/wp-content\/uploads\/2024\/08\/Banner-Aguirre-23.jpg","width":1192,"height":600,"caption":"Conservatorio de M\u00fasica Juli\u00e1n Aguirre"},"image":{"@id":"https:\/\/web.consaguirre.com.ar\/noticias\/#\/schema\/logo\/image\/"}},{"@type":"Person","@id":"https:\/\/web.consaguirre.com.ar\/noticias\/#\/schema\/person\/6558b0cfedee7ddc5425602b237d5722","name":"Javier Figueroa","image":{"@type":"ImageObject","inLanguage":"es-AR","@id":"https:\/\/web.consaguirre.com.ar\/noticias\/#\/schema\/person\/image\/","url":"https:\/\/web.consaguirre.com.ar\/noticias\/wp-content\/uploads\/2024\/08\/Consaguirre-scaled.jpg","contentUrl":"https:\/\/web.consaguirre.com.ar\/noticias\/wp-content\/uploads\/2024\/08\/Consaguirre-scaled.jpg","caption":"Javier Figueroa"},"description":"Me llamo Javier Figueroa y soy redactor para el sitio oficial del Conservatorio de M\u00fasica Juli\u00e1n Aguirre en Buenos Aires, consaguirre.com. Apasionado por la m\u00fasica y la escritura, me esfuerzo por destacar los talentos y eventos de nuestra prestigiosa instituci\u00f3n. Mi trayectoria se nutre de una profunda admiraci\u00f3n por los artistas, haciendo de cada art\u00edculo una celebraci\u00f3n de la creatividad y la cultura musical.","sameAs":["https:\/\/web.consaguirre.com.ar\/noticias"]}]}},"_links":{"self":[{"href":"https:\/\/web.consaguirre.com.ar\/noticias\/wp-json\/wp\/v2\/posts\/5297"}],"collection":[{"href":"https:\/\/web.consaguirre.com.ar\/noticias\/wp-json\/wp\/v2\/posts"}],"about":[{"href":"https:\/\/web.consaguirre.com.ar\/noticias\/wp-json\/wp\/v2\/types\/post"}],"author":[{"embeddable":true,"href":"https:\/\/web.consaguirre.com.ar\/noticias\/wp-json\/wp\/v2\/users\/1"}],"replies":[{"embeddable":true,"href":"https:\/\/web.consaguirre.com.ar\/noticias\/wp-json\/wp\/v2\/comments?post=5297"}],"version-history":[{"count":1,"href":"https:\/\/web.consaguirre.com.ar\/noticias\/wp-json\/wp\/v2\/posts\/5297\/revisions"}],"predecessor-version":[{"id":5299,"href":"https:\/\/web.consaguirre.com.ar\/noticias\/wp-json\/wp\/v2\/posts\/5297\/revisions\/5299"}],"wp:featuredmedia":[{"embeddable":true,"href":"https:\/\/web.consaguirre.com.ar\/noticias\/wp-json\/wp\/v2\/media\/5298"}],"wp:attachment":[{"href":"https:\/\/web.consaguirre.com.ar\/noticias\/wp-json\/wp\/v2\/media?parent=5297"}],"wp:term":[{"taxonomy":"category","embeddable":true,"href":"https:\/\/web.consaguirre.com.ar\/noticias\/wp-json\/wp\/v2\/categories?post=5297"},{"taxonomy":"post_tag","embeddable":true,"href":"https:\/\/web.consaguirre.com.ar\/noticias\/wp-json\/wp\/v2\/tags?post=5297"}],"curies":[{"name":"wp","href":"https:\/\/api.w.org\/{rel}","templated":true}]}}