{"id":5291,"date":"2026-03-09T11:38:52","date_gmt":"2026-03-09T14:38:52","guid":{"rendered":"https:\/\/web.consaguirre.com.ar\/noticias\/arya-starr-comparte-a-donde-vamos\/"},"modified":"2026-03-09T11:38:53","modified_gmt":"2026-03-09T14:38:53","slug":"arya-starr-comparte-a-donde-vamos","status":"publish","type":"post","link":"https:\/\/web.consaguirre.com.ar\/noticias\/arya-starr-comparte-a-donde-vamos\/","title":{"rendered":"Arya Starr comparte &#8216;\u00bfA d\u00f3nde vamos?&#8217;"},"content":{"rendered":"<p>Arya Starr ha compartido un nuevo sencillo titulado &#8220;Where Do We Go&#8221;. Producida por ILYA, \u201cWhere Do We Go\u201d es una oda sensual a una relaci\u00f3n fuera de horario. Bailable y vibrante, la canci\u00f3n afirma que Starr es, bueno, una estrella. La \u00faltima canci\u00f3n del artista de Afrobeats ya est\u00e1 disponible a trav\u00e9s de Mavin Records.<\/p>\n<p>\u201cWhere Do We Go\u201d es el primer lanzamiento de Starr desde el gran \u00e9xito del a\u00f1o pasado \u201cWho&#8217;s Dat Girl\u201d, en el que intercambia versos con Rema. Tambi\u00e9n en 2025, su colaboraci\u00f3n con Wizkid, \u201cGimme Dat\u201d, le vali\u00f3 a Starr su segunda nominaci\u00f3n al Grammy a la Mejor Interpretaci\u00f3n de M\u00fasica Africana en la 68\u00aa Entrega Anual de los GRAMMY.<\/p>\n<div align='center'>\n<div class=\"udiscover-store-container\">\n<div id='udiscover-store-one-product'><\/div>\n<\/div>\n<p>\/*<!(CDATA(*\/(function (){var scriptURL='https:\/\/sdks.shopifycdn.com\/buy-button\/latest\/buy-button-storefront.min.js';if(window.ShopifyBuy){if(window.ShopifyBuy.UI){ShopifyBuyInit();}else{loadScript();}}else{loadScript();}funci\u00f3n loadScript(){var script=document.createElement('script');script.async=true;script.src=scriptURL;(document.getElementsByTagName('head')(0)|| document.getElementsByTagName('body')(0)).appendChild(script);script.onload=ShopifyBuyInit;} function ShopifyBuyInit(){var cliente=ShopifyBuy.buildClient({dominio:'udiscover.myshopify.com',storefrontAccessToken: 'bdc89f347d2ce61c1feeb9f8c60b2b98',}); ShopifyBuy.UI.onReady(cliente).luego(funci\u00f3n(ui){ ui.createComponent('producto',{ id:(7543112761421), nodo:document.getElementById('udiscover-store-one-product'), moneyFormat:'%24%7B%7Bamount%7D%7D', opciones:{'product':{'iframe':false,'buttonDestination':'modal','contents':{'options':true},'text':{'button':'ORDEN AHORA','outOfStock':'Lo sentimos, esto est\u00e1 agotado stock'}},'productSet':{'iframe':false},'modalProduct':{'iframe':false,'contents':{'img':false,'imgWithCarousel':true,'button':false,'buttonWithQuantity':true} },'modal':{'iframe':false},'option':{'iframe':false},'cart':{'iframe':false},'toggle':{'iframe':false,'contents':{'icon':false}},'lineItem':{'iframe':false}}, }); }); <\/div>\n<\/p>\n<p>La artista beninesa-nigeriana obtuvo su primera nominaci\u00f3n al Grammy hace unos a\u00f1os por su enorme sencillo de 2022 \u201cRush\u201d, consolid\u00e1ndola como la primera y m\u00e1s joven artista nigeriana nominada en esa categor\u00eda. La canci\u00f3n convirti\u00f3 a Starr en la primera artista africana en tener dos canciones que alcanzaron m\u00e1s de 500 millones de reproducciones en Spotify. &#8220;Rush&#8221; apareci\u00f3 inicialmente en una edici\u00f3n de lujo del \u00e1lbum debut de Starr, <em>19 y peligroso<\/em>y tambi\u00e9n tiene un remix con Kelly Rowland.<\/p>\n<p>Segundo r\u00e9cord de Starr, 2024 <em>El a\u00f1o en que cumpl\u00ed 21<\/em>incluy\u00f3 los sencillos \u201cRhythm and Blues\u201d y \u201cCommas\u201d. El \u00e1lbum cuenta con invitados como Asake, Anitta, Coco Jones, Giveon, Seyi Vibez y m\u00e1s. El tema \u201cSanta\u201d con Rvssian y Rauw Alejandro convirti\u00f3 a Starr en la primera artista nigeriana en recibir una certificaci\u00f3n Diamante Latino de la RIAA.<\/p>\n<div class=\"uD-YT-container\"><img decoding=\"async\" src=\"https:\/\/web.consaguirre.com.ar\/noticias\/wp-content\/uploads\/2026\/03\/1773067132_923_Arya-Starr-comparte-\u00bfA-donde-vamos.jpg\" alt=\"V\u00eddeo de YouTube\"><br \/>Haga clic para cargar v\u00eddeo<\/div>\n<p>Tambi\u00e9n en 2025, Starr gan\u00f3 dos premios MOBO (Music of Black Origin). Adem\u00e1s de ser nombrada Mejor Actuaci\u00f3n Internacional, fue la primera artista femenina en 16 a\u00f1os en ganar el trofeo a la Mejor Actuaci\u00f3n de M\u00fasica Africana. Tambi\u00e9n obtuvo nominaciones en los premios BET (Mejor Actuaci\u00f3n Internacional), los Premios Soul Train (Mejor Artista Nuevo) y los MTV VMA, donde sus temas \u201cRush\u201d y la colaboraci\u00f3n de WizKid \u201c2 Sugar\u201d compitieron por Mejor Canci\u00f3n Afrobeats.<\/p>\n<p><b>Escuche \u201cAd\u00f3nde vamos\u201d de Ayra Starr aqu\u00ed.<\/b><\/p>\n","protected":false},"excerpt":{"rendered":"<p>Arya Starr ha compartido un nuevo sencillo titulado &#8220;Where Do We Go&#8221;. Producida por ILYA, \u201cWhere Do We Go\u201d es una oda sensual a una<\/p>\n","protected":false},"author":1,"featured_media":5292,"comment_status":"closed","ping_status":"","sticky":false,"template":"","format":"standard","meta":{"footnotes":""},"categories":[50],"tags":[3951,201,2706,1010,3952],"class_list":["post-5291","post","type-post","status-publish","format-standard","has-post-thumbnail","hentry","category-el-ultimo","tag-arya","tag-comparte","tag-donde","tag-starr","tag-vamos","generate-columns","tablet-grid-50","mobile-grid-100","grid-parent","grid-50"],"yoast_head":"<!-- This site is optimized with the Yoast SEO plugin v23.3 - https:\/\/yoast.com\/wordpress\/plugins\/seo\/ -->\n<title>Arya Starr comparte &#039;\u00bfA d\u00f3nde vamos?&#039;<\/title>\n<meta name=\"robots\" content=\"index, follow, max-snippet:-1, max-image-preview:large, max-video-preview:-1\" \/>\n<link rel=\"canonical\" href=\"https:\/\/web.consaguirre.com.ar\/noticias\/arya-starr-comparte-a-donde-vamos\/\" \/>\n<meta property=\"og:locale\" content=\"es_ES\" \/>\n<meta property=\"og:type\" content=\"article\" \/>\n<meta property=\"og:title\" content=\"Arya Starr comparte &#039;\u00bfA d\u00f3nde vamos?&#039;\" \/>\n<meta property=\"og:description\" content=\"Arya Starr ha compartido un nuevo sencillo titulado &#8220;Where Do We Go&#8221;. Producida por ILYA, \u201cWhere Do We Go\u201d es una oda sensual a una\" \/>\n<meta property=\"og:url\" content=\"https:\/\/web.consaguirre.com.ar\/noticias\/arya-starr-comparte-a-donde-vamos\/\" \/>\n<meta property=\"og:site_name\" content=\"Conservatorio de M\u00fasica Juli\u00e1n Aguirre\" \/>\n<meta property=\"article:published_time\" content=\"2026-03-09T14:38:52+00:00\" \/>\n<meta property=\"article:modified_time\" content=\"2026-03-09T14:38:53+00:00\" \/>\n<meta property=\"og:image\" content=\"https:\/\/web.consaguirre.com.ar\/noticias\/wp-content\/uploads\/2026\/03\/1773067132_Arya-Starr-comparte-\u00bfA-donde-vamos.jpg\" \/>\n\t<meta property=\"og:image:width\" content=\"820\" \/>\n\t<meta property=\"og:image:height\" content=\"820\" \/>\n\t<meta property=\"og:image:type\" content=\"image\/jpeg\" \/>\n<meta name=\"author\" content=\"Javier Figueroa\" \/>\n<meta name=\"twitter:card\" content=\"summary_large_image\" \/>\n<meta name=\"twitter:label1\" content=\"Escrito por\" \/>\n\t<meta name=\"twitter:data1\" content=\"Javier Figueroa\" \/>\n\t<meta name=\"twitter:label2\" content=\"Tiempo de lectura\" \/>\n\t<meta name=\"twitter:data2\" content=\"2 minutos\" \/>\n<script type=\"application\/ld+json\" class=\"yoast-schema-graph\">{\"@context\":\"https:\/\/schema.org\",\"@graph\":[{\"@type\":\"Article\",\"@id\":\"https:\/\/web.consaguirre.com.ar\/noticias\/arya-starr-comparte-a-donde-vamos\/#article\",\"isPartOf\":{\"@id\":\"https:\/\/web.consaguirre.com.ar\/noticias\/arya-starr-comparte-a-donde-vamos\/\"},\"author\":{\"name\":\"Javier Figueroa\",\"@id\":\"https:\/\/web.consaguirre.com.ar\/noticias\/#\/schema\/person\/6558b0cfedee7ddc5425602b237d5722\"},\"headline\":\"Arya Starr comparte &#8216;\u00bfA d\u00f3nde vamos?&#8217;\",\"datePublished\":\"2026-03-09T14:38:52+00:00\",\"dateModified\":\"2026-03-09T14:38:53+00:00\",\"mainEntityOfPage\":{\"@id\":\"https:\/\/web.consaguirre.com.ar\/noticias\/arya-starr-comparte-a-donde-vamos\/\"},\"wordCount\":374,\"publisher\":{\"@id\":\"https:\/\/web.consaguirre.com.ar\/noticias\/#organization\"},\"image\":{\"@id\":\"https:\/\/web.consaguirre.com.ar\/noticias\/arya-starr-comparte-a-donde-vamos\/#primaryimage\"},\"thumbnailUrl\":\"https:\/\/web.consaguirre.com.ar\/noticias\/wp-content\/uploads\/2026\/03\/1773067132_Arya-Starr-comparte-\u00bfA-donde-vamos.jpg\",\"keywords\":[\"Arya\",\"comparte\",\"D\u00f3nde\",\"Starr\",\"vamos\"],\"articleSection\":[\"El \u00faltimo\"],\"inLanguage\":\"es-AR\"},{\"@type\":\"WebPage\",\"@id\":\"https:\/\/web.consaguirre.com.ar\/noticias\/arya-starr-comparte-a-donde-vamos\/\",\"url\":\"https:\/\/web.consaguirre.com.ar\/noticias\/arya-starr-comparte-a-donde-vamos\/\",\"name\":\"Arya Starr comparte '\u00bfA d\u00f3nde vamos?'\",\"isPartOf\":{\"@id\":\"https:\/\/web.consaguirre.com.ar\/noticias\/#website\"},\"primaryImageOfPage\":{\"@id\":\"https:\/\/web.consaguirre.com.ar\/noticias\/arya-starr-comparte-a-donde-vamos\/#primaryimage\"},\"image\":{\"@id\":\"https:\/\/web.consaguirre.com.ar\/noticias\/arya-starr-comparte-a-donde-vamos\/#primaryimage\"},\"thumbnailUrl\":\"https:\/\/web.consaguirre.com.ar\/noticias\/wp-content\/uploads\/2026\/03\/1773067132_Arya-Starr-comparte-\u00bfA-donde-vamos.jpg\",\"datePublished\":\"2026-03-09T14:38:52+00:00\",\"dateModified\":\"2026-03-09T14:38:53+00:00\",\"breadcrumb\":{\"@id\":\"https:\/\/web.consaguirre.com.ar\/noticias\/arya-starr-comparte-a-donde-vamos\/#breadcrumb\"},\"inLanguage\":\"es-AR\",\"potentialAction\":[{\"@type\":\"ReadAction\",\"target\":[\"https:\/\/web.consaguirre.com.ar\/noticias\/arya-starr-comparte-a-donde-vamos\/\"]}]},{\"@type\":\"ImageObject\",\"inLanguage\":\"es-AR\",\"@id\":\"https:\/\/web.consaguirre.com.ar\/noticias\/arya-starr-comparte-a-donde-vamos\/#primaryimage\",\"url\":\"https:\/\/web.consaguirre.com.ar\/noticias\/wp-content\/uploads\/2026\/03\/1773067132_Arya-Starr-comparte-\u00bfA-donde-vamos.jpg\",\"contentUrl\":\"https:\/\/web.consaguirre.com.ar\/noticias\/wp-content\/uploads\/2026\/03\/1773067132_Arya-Starr-comparte-\u00bfA-donde-vamos.jpg\",\"width\":820,\"height\":820,\"caption\":\"Ayra Starr Where Do We Go\"},{\"@type\":\"BreadcrumbList\",\"@id\":\"https:\/\/web.consaguirre.com.ar\/noticias\/arya-starr-comparte-a-donde-vamos\/#breadcrumb\",\"itemListElement\":[{\"@type\":\"ListItem\",\"position\":1,\"name\":\"Inicio\",\"item\":\"https:\/\/web.consaguirre.com.ar\/noticias\/\"},{\"@type\":\"ListItem\",\"position\":2,\"name\":\"Arya Starr comparte &#8216;\u00bfA d\u00f3nde vamos?&#8217;\"}]},{\"@type\":\"WebSite\",\"@id\":\"https:\/\/web.consaguirre.com.ar\/noticias\/#website\",\"url\":\"https:\/\/web.consaguirre.com.ar\/noticias\/\",\"name\":\"Conservatorio de M\u00fasica Juli\u00e1n Aguirre\",\"description\":\"\",\"publisher\":{\"@id\":\"https:\/\/web.consaguirre.com.ar\/noticias\/#organization\"},\"potentialAction\":[{\"@type\":\"SearchAction\",\"target\":{\"@type\":\"EntryPoint\",\"urlTemplate\":\"https:\/\/web.consaguirre.com.ar\/noticias\/?s={search_term_string}\"},\"query-input\":\"required name=search_term_string\"}],\"inLanguage\":\"es-AR\"},{\"@type\":\"Organization\",\"@id\":\"https:\/\/web.consaguirre.com.ar\/noticias\/#organization\",\"name\":\"Conservatorio de M\u00fasica Juli\u00e1n Aguirre\",\"url\":\"https:\/\/web.consaguirre.com.ar\/noticias\/\",\"logo\":{\"@type\":\"ImageObject\",\"inLanguage\":\"es-AR\",\"@id\":\"https:\/\/web.consaguirre.com.ar\/noticias\/#\/schema\/logo\/image\/\",\"url\":\"https:\/\/web.consaguirre.com.ar\/noticias\/wp-content\/uploads\/2024\/08\/Banner-Aguirre-23.jpg\",\"contentUrl\":\"https:\/\/web.consaguirre.com.ar\/noticias\/wp-content\/uploads\/2024\/08\/Banner-Aguirre-23.jpg\",\"width\":1192,\"height\":600,\"caption\":\"Conservatorio de M\u00fasica Juli\u00e1n Aguirre\"},\"image\":{\"@id\":\"https:\/\/web.consaguirre.com.ar\/noticias\/#\/schema\/logo\/image\/\"}},{\"@type\":\"Person\",\"@id\":\"https:\/\/web.consaguirre.com.ar\/noticias\/#\/schema\/person\/6558b0cfedee7ddc5425602b237d5722\",\"name\":\"Javier Figueroa\",\"image\":{\"@type\":\"ImageObject\",\"inLanguage\":\"es-AR\",\"@id\":\"https:\/\/web.consaguirre.com.ar\/noticias\/#\/schema\/person\/image\/\",\"url\":\"https:\/\/web.consaguirre.com.ar\/noticias\/wp-content\/uploads\/2024\/08\/Consaguirre-scaled.jpg\",\"contentUrl\":\"https:\/\/web.consaguirre.com.ar\/noticias\/wp-content\/uploads\/2024\/08\/Consaguirre-scaled.jpg\",\"caption\":\"Javier Figueroa\"},\"description\":\"Me llamo Javier Figueroa y soy redactor para el sitio oficial del Conservatorio de M\u00fasica Juli\u00e1n Aguirre en Buenos Aires, consaguirre.com. Apasionado por la m\u00fasica y la escritura, me esfuerzo por destacar los talentos y eventos de nuestra prestigiosa instituci\u00f3n. Mi trayectoria se nutre de una profunda admiraci\u00f3n por los artistas, haciendo de cada art\u00edculo una celebraci\u00f3n de la creatividad y la cultura musical.\",\"sameAs\":[\"https:\/\/web.consaguirre.com.ar\/noticias\"]}]}<\/script>\n<!-- \/ Yoast SEO plugin. -->","yoast_head_json":{"title":"Arya Starr comparte '\u00bfA d\u00f3nde vamos?'","robots":{"index":"index","follow":"follow","max-snippet":"max-snippet:-1","max-image-preview":"max-image-preview:large","max-video-preview":"max-video-preview:-1"},"canonical":"https:\/\/web.consaguirre.com.ar\/noticias\/arya-starr-comparte-a-donde-vamos\/","og_locale":"es_ES","og_type":"article","og_title":"Arya Starr comparte '\u00bfA d\u00f3nde vamos?'","og_description":"Arya Starr ha compartido un nuevo sencillo titulado &#8220;Where Do We Go&#8221;. Producida por ILYA, \u201cWhere Do We Go\u201d es una oda sensual a una","og_url":"https:\/\/web.consaguirre.com.ar\/noticias\/arya-starr-comparte-a-donde-vamos\/","og_site_name":"Conservatorio de M\u00fasica Juli\u00e1n Aguirre","article_published_time":"2026-03-09T14:38:52+00:00","article_modified_time":"2026-03-09T14:38:53+00:00","og_image":[{"width":820,"height":820,"url":"https:\/\/web.consaguirre.com.ar\/noticias\/wp-content\/uploads\/2026\/03\/1773067132_Arya-Starr-comparte-\u00bfA-donde-vamos.jpg","type":"image\/jpeg"}],"author":"Javier Figueroa","twitter_card":"summary_large_image","twitter_misc":{"Escrito por":"Javier Figueroa","Tiempo de lectura":"2 minutos"},"schema":{"@context":"https:\/\/schema.org","@graph":[{"@type":"Article","@id":"https:\/\/web.consaguirre.com.ar\/noticias\/arya-starr-comparte-a-donde-vamos\/#article","isPartOf":{"@id":"https:\/\/web.consaguirre.com.ar\/noticias\/arya-starr-comparte-a-donde-vamos\/"},"author":{"name":"Javier Figueroa","@id":"https:\/\/web.consaguirre.com.ar\/noticias\/#\/schema\/person\/6558b0cfedee7ddc5425602b237d5722"},"headline":"Arya Starr comparte &#8216;\u00bfA d\u00f3nde vamos?&#8217;","datePublished":"2026-03-09T14:38:52+00:00","dateModified":"2026-03-09T14:38:53+00:00","mainEntityOfPage":{"@id":"https:\/\/web.consaguirre.com.ar\/noticias\/arya-starr-comparte-a-donde-vamos\/"},"wordCount":374,"publisher":{"@id":"https:\/\/web.consaguirre.com.ar\/noticias\/#organization"},"image":{"@id":"https:\/\/web.consaguirre.com.ar\/noticias\/arya-starr-comparte-a-donde-vamos\/#primaryimage"},"thumbnailUrl":"https:\/\/web.consaguirre.com.ar\/noticias\/wp-content\/uploads\/2026\/03\/1773067132_Arya-Starr-comparte-\u00bfA-donde-vamos.jpg","keywords":["Arya","comparte","D\u00f3nde","Starr","vamos"],"articleSection":["El \u00faltimo"],"inLanguage":"es-AR"},{"@type":"WebPage","@id":"https:\/\/web.consaguirre.com.ar\/noticias\/arya-starr-comparte-a-donde-vamos\/","url":"https:\/\/web.consaguirre.com.ar\/noticias\/arya-starr-comparte-a-donde-vamos\/","name":"Arya Starr comparte '\u00bfA d\u00f3nde vamos?'","isPartOf":{"@id":"https:\/\/web.consaguirre.com.ar\/noticias\/#website"},"primaryImageOfPage":{"@id":"https:\/\/web.consaguirre.com.ar\/noticias\/arya-starr-comparte-a-donde-vamos\/#primaryimage"},"image":{"@id":"https:\/\/web.consaguirre.com.ar\/noticias\/arya-starr-comparte-a-donde-vamos\/#primaryimage"},"thumbnailUrl":"https:\/\/web.consaguirre.com.ar\/noticias\/wp-content\/uploads\/2026\/03\/1773067132_Arya-Starr-comparte-\u00bfA-donde-vamos.jpg","datePublished":"2026-03-09T14:38:52+00:00","dateModified":"2026-03-09T14:38:53+00:00","breadcrumb":{"@id":"https:\/\/web.consaguirre.com.ar\/noticias\/arya-starr-comparte-a-donde-vamos\/#breadcrumb"},"inLanguage":"es-AR","potentialAction":[{"@type":"ReadAction","target":["https:\/\/web.consaguirre.com.ar\/noticias\/arya-starr-comparte-a-donde-vamos\/"]}]},{"@type":"ImageObject","inLanguage":"es-AR","@id":"https:\/\/web.consaguirre.com.ar\/noticias\/arya-starr-comparte-a-donde-vamos\/#primaryimage","url":"https:\/\/web.consaguirre.com.ar\/noticias\/wp-content\/uploads\/2026\/03\/1773067132_Arya-Starr-comparte-\u00bfA-donde-vamos.jpg","contentUrl":"https:\/\/web.consaguirre.com.ar\/noticias\/wp-content\/uploads\/2026\/03\/1773067132_Arya-Starr-comparte-\u00bfA-donde-vamos.jpg","width":820,"height":820,"caption":"Ayra Starr Where Do We Go"},{"@type":"BreadcrumbList","@id":"https:\/\/web.consaguirre.com.ar\/noticias\/arya-starr-comparte-a-donde-vamos\/#breadcrumb","itemListElement":[{"@type":"ListItem","position":1,"name":"Inicio","item":"https:\/\/web.consaguirre.com.ar\/noticias\/"},{"@type":"ListItem","position":2,"name":"Arya Starr comparte &#8216;\u00bfA d\u00f3nde vamos?&#8217;"}]},{"@type":"WebSite","@id":"https:\/\/web.consaguirre.com.ar\/noticias\/#website","url":"https:\/\/web.consaguirre.com.ar\/noticias\/","name":"Conservatorio de M\u00fasica Juli\u00e1n Aguirre","description":"","publisher":{"@id":"https:\/\/web.consaguirre.com.ar\/noticias\/#organization"},"potentialAction":[{"@type":"SearchAction","target":{"@type":"EntryPoint","urlTemplate":"https:\/\/web.consaguirre.com.ar\/noticias\/?s={search_term_string}"},"query-input":"required name=search_term_string"}],"inLanguage":"es-AR"},{"@type":"Organization","@id":"https:\/\/web.consaguirre.com.ar\/noticias\/#organization","name":"Conservatorio de M\u00fasica Juli\u00e1n Aguirre","url":"https:\/\/web.consaguirre.com.ar\/noticias\/","logo":{"@type":"ImageObject","inLanguage":"es-AR","@id":"https:\/\/web.consaguirre.com.ar\/noticias\/#\/schema\/logo\/image\/","url":"https:\/\/web.consaguirre.com.ar\/noticias\/wp-content\/uploads\/2024\/08\/Banner-Aguirre-23.jpg","contentUrl":"https:\/\/web.consaguirre.com.ar\/noticias\/wp-content\/uploads\/2024\/08\/Banner-Aguirre-23.jpg","width":1192,"height":600,"caption":"Conservatorio de M\u00fasica Juli\u00e1n Aguirre"},"image":{"@id":"https:\/\/web.consaguirre.com.ar\/noticias\/#\/schema\/logo\/image\/"}},{"@type":"Person","@id":"https:\/\/web.consaguirre.com.ar\/noticias\/#\/schema\/person\/6558b0cfedee7ddc5425602b237d5722","name":"Javier Figueroa","image":{"@type":"ImageObject","inLanguage":"es-AR","@id":"https:\/\/web.consaguirre.com.ar\/noticias\/#\/schema\/person\/image\/","url":"https:\/\/web.consaguirre.com.ar\/noticias\/wp-content\/uploads\/2024\/08\/Consaguirre-scaled.jpg","contentUrl":"https:\/\/web.consaguirre.com.ar\/noticias\/wp-content\/uploads\/2024\/08\/Consaguirre-scaled.jpg","caption":"Javier Figueroa"},"description":"Me llamo Javier Figueroa y soy redactor para el sitio oficial del Conservatorio de M\u00fasica Juli\u00e1n Aguirre en Buenos Aires, consaguirre.com. Apasionado por la m\u00fasica y la escritura, me esfuerzo por destacar los talentos y eventos de nuestra prestigiosa instituci\u00f3n. Mi trayectoria se nutre de una profunda admiraci\u00f3n por los artistas, haciendo de cada art\u00edculo una celebraci\u00f3n de la creatividad y la cultura musical.","sameAs":["https:\/\/web.consaguirre.com.ar\/noticias"]}]}},"_links":{"self":[{"href":"https:\/\/web.consaguirre.com.ar\/noticias\/wp-json\/wp\/v2\/posts\/5291"}],"collection":[{"href":"https:\/\/web.consaguirre.com.ar\/noticias\/wp-json\/wp\/v2\/posts"}],"about":[{"href":"https:\/\/web.consaguirre.com.ar\/noticias\/wp-json\/wp\/v2\/types\/post"}],"author":[{"embeddable":true,"href":"https:\/\/web.consaguirre.com.ar\/noticias\/wp-json\/wp\/v2\/users\/1"}],"replies":[{"embeddable":true,"href":"https:\/\/web.consaguirre.com.ar\/noticias\/wp-json\/wp\/v2\/comments?post=5291"}],"version-history":[{"count":1,"href":"https:\/\/web.consaguirre.com.ar\/noticias\/wp-json\/wp\/v2\/posts\/5291\/revisions"}],"predecessor-version":[{"id":5293,"href":"https:\/\/web.consaguirre.com.ar\/noticias\/wp-json\/wp\/v2\/posts\/5291\/revisions\/5293"}],"wp:featuredmedia":[{"embeddable":true,"href":"https:\/\/web.consaguirre.com.ar\/noticias\/wp-json\/wp\/v2\/media\/5292"}],"wp:attachment":[{"href":"https:\/\/web.consaguirre.com.ar\/noticias\/wp-json\/wp\/v2\/media?parent=5291"}],"wp:term":[{"taxonomy":"category","embeddable":true,"href":"https:\/\/web.consaguirre.com.ar\/noticias\/wp-json\/wp\/v2\/categories?post=5291"},{"taxonomy":"post_tag","embeddable":true,"href":"https:\/\/web.consaguirre.com.ar\/noticias\/wp-json\/wp\/v2\/tags?post=5291"}],"curies":[{"name":"wp","href":"https:\/\/api.w.org\/{rel}","templated":true}]}}