{"id":5288,"date":"2026-03-06T17:38:52","date_gmt":"2026-03-06T20:38:52","guid":{"rendered":"https:\/\/web.consaguirre.com.ar\/noticias\/eve-celebra-25-anos-de-scorpion-con-una-reedicion-de-edicion-limitada\/"},"modified":"2026-03-06T17:38:53","modified_gmt":"2026-03-06T20:38:53","slug":"eve-celebra-25-anos-de-scorpion-con-una-reedicion-de-edicion-limitada","status":"publish","type":"post","link":"https:\/\/web.consaguirre.com.ar\/noticias\/eve-celebra-25-anos-de-scorpion-con-una-reedicion-de-edicion-limitada\/","title":{"rendered":"Eve celebra 25 a\u00f1os de &#8216;Scorpion&#8217; con una reedici\u00f3n de edici\u00f3n limitada"},"content":{"rendered":"<p>Han pasado 25 a\u00f1os desde que Eve fue liberada. <em>Escorpi\u00f3n<\/em>su exitoso segundo \u00e1lbum. Ahora, la Primera Dama de los Ruff Ryders celebra el importante aniversario con una <em>Complejo<\/em> Exclusiva edici\u00f3n limitada del 25 aniversario con inserto firmado, versi\u00f3n 2LP con salpicaduras rojas y negras de <em>Escorpi\u00f3n<\/em>. El \u00e1lbum ya est\u00e1 disponible y puedes comprarlo a continuaci\u00f3n.<\/p>\n<div align=\"center\">\n<div class=\"udiscover-store-container\">\n<div id=\"udiscover-store-one-product\"><\/div>\n<\/div>\n<p>\/*<!(CDATA(*\/(function (){var scriptURL='https:\/\/sdks.shopifycdn.com\/buy-button\/latest\/buy-button-storefront.min.js';if(window.ShopifyBuy){if(window.ShopifyBuy.UI){ShopifyBuyInit();}else{loadScript();}}else{loadScript();}funci\u00f3n loadScript(){var script=document.createElement('script');script.async=true;script.src=scriptURL;(document.getElementsByTagName('head')(0)|| document.getElementsByTagName('body')(0)).appendChild(script);script.onload=ShopifyBuyInit;} function ShopifyBuyInit(){var cliente=ShopifyBuy.buildClient({dominio:'sean-wotherspoon-ntwrk.myshopify.com',storefrontAccessToken: '708b00696b47bb1232fa33ded9e9db9c',}); ShopifyBuy.UI.onReady(cliente).luego(funci\u00f3n(ui){ ui.createComponent('producto',{ id:(9138083037406), nodo:document.getElementById('udiscover-store-one-product'), moneyFormat:'%24%7B%7Bamount%7D%7D', opciones:{'product':{'iframe':false,'buttonDestination':'modal','contents':{'options':true},'text':{'button':'ORDEN AHORA','outOfStock':'Lo sentimos, esto est\u00e1 agotado stock'}},'productSet':{'iframe':false},'modalProduct':{'iframe':false,'contents':{'img':false,'imgWithCarousel':true,'button':fa lse,'buttonWithQuantity':true}},'modal':{'iframe':false},'option':{'iframe':false},'cart':{'iframe':false,'text':{'notice':'Esto la venta est\u00e1 a cargo de nuestra asociaci\u00f3n con complex.com. Los costos de env\u00edo y los c\u00f3digos de descuento se agregan al finalizar la compra.'}},'toggle':{'iframe':false,'contents':{'icon':false}},'lineItem':{'iframe':false}}, } } })();<\/div>\n<p>Publicado el 6 de marzo de 2001, <em>Escorpi\u00f3n<\/em> incluye los sencillos &#8220;\u00bfQui\u00e9n es esa chica?&#8221; y el \u00e9xito internacional ganador del Grammy &#8220;Let Me Blow Ya Mind&#8221;, que presenta a Gwen Stefani y alcanz\u00f3 el n\u00famero 2 en el Billboard Hot 100. &#8220;Es la \u00fanica canci\u00f3n que escrib\u00ed en su totalidad, literalmente cada cosa, cada palabra. Escribo mis propias cosas, pero generalmente me da pereza despu\u00e9s de escribir versos&#8221;, reflexion\u00f3 el rapero en una entrevista del 20 aniversario con <em>Glamour<\/em>. \u201cNo quiero escribir los acordes, y Dre me dijo: &#8216;No saldr\u00e1s del estudio hasta que termines esta canci\u00f3n&#8217;. Lo odi\u00e9 ese d\u00eda, pero estoy muy feliz de que me haya hecho quedarme\u201d. Eve tambi\u00e9n dijo que la gente dudaba que la pista funcionara. \u201cMe dijeron&#8230; que la gente dec\u00eda: &#8216;\u00bfPor qu\u00e9 est\u00e1n estas dos chicas juntas?&#8217;\u201d, record\u00f3. &#8220;Pens\u00e9: &#8216;Mira, intent\u00e9moslo. Si apesta, nadie tendr\u00e1 que escucharlo&#8217;. Pero por supuesto que no fue as\u00ed. Sab\u00eda que no lo har\u00eda\u201d. La canci\u00f3n termin\u00f3 ganando el primer Grammy a la Mejor Colaboraci\u00f3n Rap\/Cantada.<\/p>\n<p>&#8220;Todav\u00eda amo ese \u00e1lbum. Cuando miro las fotos de \u00e9l y de esa \u00e9poca, todav\u00eda amo su creatividad&#8221;, record\u00f3 Eve. <em>Escorpi\u00f3n<\/em> en una entrevista con <em>HuffPost<\/em>. &#8220;Y me divert\u00ed haciendo ese \u00e1lbum, pero definitivamente sent\u00ed la presi\u00f3n de la industria, como, &#8216;Oh, \u00bfpodemos hacer que esto suceda de nuevo? Como, est\u00e1 bien, la primera vez, genial. \u00bfPero puede durar? \u00bfNos va a dar \u00e9xitos otra vez?&#8217; Hubo muchos, fue un poco como estar bajo un microscopio\u201d. Si bien la presi\u00f3n que sinti\u00f3 la artista tiene sentido, Eve ciertamente demostr\u00f3 su longevidad con <em>Escorpi\u00f3n<\/em>. El \u00e1lbum fue nominado como Mejor \u00c1lbum de Rap en la 44\u00aa edici\u00f3n de los Grammy, desde entonces ha sido certificado platino en Estados Unidos y Canad\u00e1 y sigue siendo un trabajo destacado en la discograf\u00eda de Eve.<\/p>\n<p>Compre la edici\u00f3n limitada firmada del 25 aniversario de Eve&#8217;s <em>Escorpi\u00f3n<\/em> ahora.<\/p>\n","protected":false},"excerpt":{"rendered":"<p>Han pasado 25 a\u00f1os desde que Eve fue liberada. Escorpi\u00f3nsu exitoso segundo \u00e1lbum. Ahora, la Primera Dama de los Ruff Ryders celebra el importante aniversario<\/p>\n","protected":false},"author":1,"featured_media":5289,"comment_status":"closed","ping_status":"","sticky":false,"template":"","format":"standard","meta":{"footnotes":""},"categories":[50],"tags":[115,114,32,160,930,335,117,3950,191],"class_list":["post-5288","post","type-post","status-publish","format-standard","has-post-thumbnail","hentry","category-el-ultimo","tag-anos","tag-celebra","tag-con","tag-edicion","tag-eve","tag-limitada","tag-reedicion","tag-scorpion","tag-una","generate-columns","tablet-grid-50","mobile-grid-100","grid-parent","grid-50"],"yoast_head":"<!-- This site is optimized with the Yoast SEO plugin v23.3 - https:\/\/yoast.com\/wordpress\/plugins\/seo\/ -->\n<title>Eve celebra 25 a\u00f1os de &#039;Scorpion&#039; con una reedici\u00f3n de edici\u00f3n limitada<\/title>\n<meta name=\"robots\" content=\"index, follow, max-snippet:-1, max-image-preview:large, max-video-preview:-1\" \/>\n<link rel=\"canonical\" href=\"https:\/\/web.consaguirre.com.ar\/noticias\/eve-celebra-25-anos-de-scorpion-con-una-reedicion-de-edicion-limitada\/\" \/>\n<meta property=\"og:locale\" content=\"es_ES\" \/>\n<meta property=\"og:type\" content=\"article\" \/>\n<meta property=\"og:title\" content=\"Eve celebra 25 a\u00f1os de &#039;Scorpion&#039; con una reedici\u00f3n de edici\u00f3n limitada\" \/>\n<meta property=\"og:description\" content=\"Han pasado 25 a\u00f1os desde que Eve fue liberada. Escorpi\u00f3nsu exitoso segundo \u00e1lbum. Ahora, la Primera Dama de los Ruff Ryders celebra el importante aniversario\" \/>\n<meta property=\"og:url\" content=\"https:\/\/web.consaguirre.com.ar\/noticias\/eve-celebra-25-anos-de-scorpion-con-una-reedicion-de-edicion-limitada\/\" \/>\n<meta property=\"og:site_name\" content=\"Conservatorio de M\u00fasica Juli\u00e1n Aguirre\" \/>\n<meta property=\"article:published_time\" content=\"2026-03-06T20:38:52+00:00\" \/>\n<meta property=\"article:modified_time\" content=\"2026-03-06T20:38:53+00:00\" \/>\n<meta property=\"og:image\" content=\"https:\/\/web.consaguirre.com.ar\/noticias\/wp-content\/uploads\/2026\/03\/Eve-celebra-25-anos-de-Scorpion-con-una-reedicion-de.jpg\" \/>\n\t<meta property=\"og:image:width\" content=\"820\" \/>\n\t<meta property=\"og:image:height\" content=\"820\" \/>\n\t<meta property=\"og:image:type\" content=\"image\/jpeg\" \/>\n<meta name=\"author\" content=\"Javier Figueroa\" \/>\n<meta name=\"twitter:card\" content=\"summary_large_image\" \/>\n<meta name=\"twitter:label1\" content=\"Escrito por\" \/>\n\t<meta name=\"twitter:data1\" content=\"Javier Figueroa\" \/>\n\t<meta name=\"twitter:label2\" content=\"Tiempo de lectura\" \/>\n\t<meta name=\"twitter:data2\" content=\"2 minutos\" \/>\n<script type=\"application\/ld+json\" class=\"yoast-schema-graph\">{\"@context\":\"https:\/\/schema.org\",\"@graph\":[{\"@type\":\"Article\",\"@id\":\"https:\/\/web.consaguirre.com.ar\/noticias\/eve-celebra-25-anos-de-scorpion-con-una-reedicion-de-edicion-limitada\/#article\",\"isPartOf\":{\"@id\":\"https:\/\/web.consaguirre.com.ar\/noticias\/eve-celebra-25-anos-de-scorpion-con-una-reedicion-de-edicion-limitada\/\"},\"author\":{\"name\":\"Javier Figueroa\",\"@id\":\"https:\/\/web.consaguirre.com.ar\/noticias\/#\/schema\/person\/6558b0cfedee7ddc5425602b237d5722\"},\"headline\":\"Eve celebra 25 a\u00f1os de &#8216;Scorpion&#8217; con una reedici\u00f3n de edici\u00f3n limitada\",\"datePublished\":\"2026-03-06T20:38:52+00:00\",\"dateModified\":\"2026-03-06T20:38:53+00:00\",\"mainEntityOfPage\":{\"@id\":\"https:\/\/web.consaguirre.com.ar\/noticias\/eve-celebra-25-anos-de-scorpion-con-una-reedicion-de-edicion-limitada\/\"},\"wordCount\":408,\"publisher\":{\"@id\":\"https:\/\/web.consaguirre.com.ar\/noticias\/#organization\"},\"image\":{\"@id\":\"https:\/\/web.consaguirre.com.ar\/noticias\/eve-celebra-25-anos-de-scorpion-con-una-reedicion-de-edicion-limitada\/#primaryimage\"},\"thumbnailUrl\":\"https:\/\/web.consaguirre.com.ar\/noticias\/wp-content\/uploads\/2026\/03\/Eve-celebra-25-anos-de-Scorpion-con-una-reedicion-de.jpg\",\"keywords\":[\"a\u00f1os\",\"celebra\",\"con\",\"edici\u00f3n\",\"Eve\",\"limitada\",\"reedici\u00f3n\",\"Scorpion\",\"una\"],\"articleSection\":[\"El \u00faltimo\"],\"inLanguage\":\"es-AR\"},{\"@type\":\"WebPage\",\"@id\":\"https:\/\/web.consaguirre.com.ar\/noticias\/eve-celebra-25-anos-de-scorpion-con-una-reedicion-de-edicion-limitada\/\",\"url\":\"https:\/\/web.consaguirre.com.ar\/noticias\/eve-celebra-25-anos-de-scorpion-con-una-reedicion-de-edicion-limitada\/\",\"name\":\"Eve celebra 25 a\u00f1os de 'Scorpion' con una reedici\u00f3n de edici\u00f3n limitada\",\"isPartOf\":{\"@id\":\"https:\/\/web.consaguirre.com.ar\/noticias\/#website\"},\"primaryImageOfPage\":{\"@id\":\"https:\/\/web.consaguirre.com.ar\/noticias\/eve-celebra-25-anos-de-scorpion-con-una-reedicion-de-edicion-limitada\/#primaryimage\"},\"image\":{\"@id\":\"https:\/\/web.consaguirre.com.ar\/noticias\/eve-celebra-25-anos-de-scorpion-con-una-reedicion-de-edicion-limitada\/#primaryimage\"},\"thumbnailUrl\":\"https:\/\/web.consaguirre.com.ar\/noticias\/wp-content\/uploads\/2026\/03\/Eve-celebra-25-anos-de-Scorpion-con-una-reedicion-de.jpg\",\"datePublished\":\"2026-03-06T20:38:52+00:00\",\"dateModified\":\"2026-03-06T20:38:53+00:00\",\"breadcrumb\":{\"@id\":\"https:\/\/web.consaguirre.com.ar\/noticias\/eve-celebra-25-anos-de-scorpion-con-una-reedicion-de-edicion-limitada\/#breadcrumb\"},\"inLanguage\":\"es-AR\",\"potentialAction\":[{\"@type\":\"ReadAction\",\"target\":[\"https:\/\/web.consaguirre.com.ar\/noticias\/eve-celebra-25-anos-de-scorpion-con-una-reedicion-de-edicion-limitada\/\"]}]},{\"@type\":\"ImageObject\",\"inLanguage\":\"es-AR\",\"@id\":\"https:\/\/web.consaguirre.com.ar\/noticias\/eve-celebra-25-anos-de-scorpion-con-una-reedicion-de-edicion-limitada\/#primaryimage\",\"url\":\"https:\/\/web.consaguirre.com.ar\/noticias\/wp-content\/uploads\/2026\/03\/Eve-celebra-25-anos-de-Scorpion-con-una-reedicion-de.jpg\",\"contentUrl\":\"https:\/\/web.consaguirre.com.ar\/noticias\/wp-content\/uploads\/2026\/03\/Eve-celebra-25-anos-de-Scorpion-con-una-reedicion-de.jpg\",\"width\":820,\"height\":820,\"caption\":\"Eve Scoprion cover\"},{\"@type\":\"BreadcrumbList\",\"@id\":\"https:\/\/web.consaguirre.com.ar\/noticias\/eve-celebra-25-anos-de-scorpion-con-una-reedicion-de-edicion-limitada\/#breadcrumb\",\"itemListElement\":[{\"@type\":\"ListItem\",\"position\":1,\"name\":\"Inicio\",\"item\":\"https:\/\/web.consaguirre.com.ar\/noticias\/\"},{\"@type\":\"ListItem\",\"position\":2,\"name\":\"Eve celebra 25 a\u00f1os de &#8216;Scorpion&#8217; con una reedici\u00f3n de edici\u00f3n limitada\"}]},{\"@type\":\"WebSite\",\"@id\":\"https:\/\/web.consaguirre.com.ar\/noticias\/#website\",\"url\":\"https:\/\/web.consaguirre.com.ar\/noticias\/\",\"name\":\"Conservatorio de M\u00fasica Juli\u00e1n Aguirre\",\"description\":\"\",\"publisher\":{\"@id\":\"https:\/\/web.consaguirre.com.ar\/noticias\/#organization\"},\"potentialAction\":[{\"@type\":\"SearchAction\",\"target\":{\"@type\":\"EntryPoint\",\"urlTemplate\":\"https:\/\/web.consaguirre.com.ar\/noticias\/?s={search_term_string}\"},\"query-input\":\"required name=search_term_string\"}],\"inLanguage\":\"es-AR\"},{\"@type\":\"Organization\",\"@id\":\"https:\/\/web.consaguirre.com.ar\/noticias\/#organization\",\"name\":\"Conservatorio de M\u00fasica Juli\u00e1n Aguirre\",\"url\":\"https:\/\/web.consaguirre.com.ar\/noticias\/\",\"logo\":{\"@type\":\"ImageObject\",\"inLanguage\":\"es-AR\",\"@id\":\"https:\/\/web.consaguirre.com.ar\/noticias\/#\/schema\/logo\/image\/\",\"url\":\"https:\/\/web.consaguirre.com.ar\/noticias\/wp-content\/uploads\/2024\/08\/Banner-Aguirre-23.jpg\",\"contentUrl\":\"https:\/\/web.consaguirre.com.ar\/noticias\/wp-content\/uploads\/2024\/08\/Banner-Aguirre-23.jpg\",\"width\":1192,\"height\":600,\"caption\":\"Conservatorio de M\u00fasica Juli\u00e1n Aguirre\"},\"image\":{\"@id\":\"https:\/\/web.consaguirre.com.ar\/noticias\/#\/schema\/logo\/image\/\"}},{\"@type\":\"Person\",\"@id\":\"https:\/\/web.consaguirre.com.ar\/noticias\/#\/schema\/person\/6558b0cfedee7ddc5425602b237d5722\",\"name\":\"Javier Figueroa\",\"image\":{\"@type\":\"ImageObject\",\"inLanguage\":\"es-AR\",\"@id\":\"https:\/\/web.consaguirre.com.ar\/noticias\/#\/schema\/person\/image\/\",\"url\":\"https:\/\/web.consaguirre.com.ar\/noticias\/wp-content\/uploads\/2024\/08\/Consaguirre-scaled.jpg\",\"contentUrl\":\"https:\/\/web.consaguirre.com.ar\/noticias\/wp-content\/uploads\/2024\/08\/Consaguirre-scaled.jpg\",\"caption\":\"Javier Figueroa\"},\"description\":\"Me llamo Javier Figueroa y soy redactor para el sitio oficial del Conservatorio de M\u00fasica Juli\u00e1n Aguirre en Buenos Aires, consaguirre.com. Apasionado por la m\u00fasica y la escritura, me esfuerzo por destacar los talentos y eventos de nuestra prestigiosa instituci\u00f3n. Mi trayectoria se nutre de una profunda admiraci\u00f3n por los artistas, haciendo de cada art\u00edculo una celebraci\u00f3n de la creatividad y la cultura musical.\",\"sameAs\":[\"https:\/\/web.consaguirre.com.ar\/noticias\"]}]}<\/script>\n<!-- \/ Yoast SEO plugin. -->","yoast_head_json":{"title":"Eve celebra 25 a\u00f1os de 'Scorpion' con una reedici\u00f3n de edici\u00f3n limitada","robots":{"index":"index","follow":"follow","max-snippet":"max-snippet:-1","max-image-preview":"max-image-preview:large","max-video-preview":"max-video-preview:-1"},"canonical":"https:\/\/web.consaguirre.com.ar\/noticias\/eve-celebra-25-anos-de-scorpion-con-una-reedicion-de-edicion-limitada\/","og_locale":"es_ES","og_type":"article","og_title":"Eve celebra 25 a\u00f1os de 'Scorpion' con una reedici\u00f3n de edici\u00f3n limitada","og_description":"Han pasado 25 a\u00f1os desde que Eve fue liberada. Escorpi\u00f3nsu exitoso segundo \u00e1lbum. Ahora, la Primera Dama de los Ruff Ryders celebra el importante aniversario","og_url":"https:\/\/web.consaguirre.com.ar\/noticias\/eve-celebra-25-anos-de-scorpion-con-una-reedicion-de-edicion-limitada\/","og_site_name":"Conservatorio de M\u00fasica Juli\u00e1n Aguirre","article_published_time":"2026-03-06T20:38:52+00:00","article_modified_time":"2026-03-06T20:38:53+00:00","og_image":[{"width":820,"height":820,"url":"https:\/\/web.consaguirre.com.ar\/noticias\/wp-content\/uploads\/2026\/03\/Eve-celebra-25-anos-de-Scorpion-con-una-reedicion-de.jpg","type":"image\/jpeg"}],"author":"Javier Figueroa","twitter_card":"summary_large_image","twitter_misc":{"Escrito por":"Javier Figueroa","Tiempo de lectura":"2 minutos"},"schema":{"@context":"https:\/\/schema.org","@graph":[{"@type":"Article","@id":"https:\/\/web.consaguirre.com.ar\/noticias\/eve-celebra-25-anos-de-scorpion-con-una-reedicion-de-edicion-limitada\/#article","isPartOf":{"@id":"https:\/\/web.consaguirre.com.ar\/noticias\/eve-celebra-25-anos-de-scorpion-con-una-reedicion-de-edicion-limitada\/"},"author":{"name":"Javier Figueroa","@id":"https:\/\/web.consaguirre.com.ar\/noticias\/#\/schema\/person\/6558b0cfedee7ddc5425602b237d5722"},"headline":"Eve celebra 25 a\u00f1os de &#8216;Scorpion&#8217; con una reedici\u00f3n de edici\u00f3n limitada","datePublished":"2026-03-06T20:38:52+00:00","dateModified":"2026-03-06T20:38:53+00:00","mainEntityOfPage":{"@id":"https:\/\/web.consaguirre.com.ar\/noticias\/eve-celebra-25-anos-de-scorpion-con-una-reedicion-de-edicion-limitada\/"},"wordCount":408,"publisher":{"@id":"https:\/\/web.consaguirre.com.ar\/noticias\/#organization"},"image":{"@id":"https:\/\/web.consaguirre.com.ar\/noticias\/eve-celebra-25-anos-de-scorpion-con-una-reedicion-de-edicion-limitada\/#primaryimage"},"thumbnailUrl":"https:\/\/web.consaguirre.com.ar\/noticias\/wp-content\/uploads\/2026\/03\/Eve-celebra-25-anos-de-Scorpion-con-una-reedicion-de.jpg","keywords":["a\u00f1os","celebra","con","edici\u00f3n","Eve","limitada","reedici\u00f3n","Scorpion","una"],"articleSection":["El \u00faltimo"],"inLanguage":"es-AR"},{"@type":"WebPage","@id":"https:\/\/web.consaguirre.com.ar\/noticias\/eve-celebra-25-anos-de-scorpion-con-una-reedicion-de-edicion-limitada\/","url":"https:\/\/web.consaguirre.com.ar\/noticias\/eve-celebra-25-anos-de-scorpion-con-una-reedicion-de-edicion-limitada\/","name":"Eve celebra 25 a\u00f1os de 'Scorpion' con una reedici\u00f3n de edici\u00f3n limitada","isPartOf":{"@id":"https:\/\/web.consaguirre.com.ar\/noticias\/#website"},"primaryImageOfPage":{"@id":"https:\/\/web.consaguirre.com.ar\/noticias\/eve-celebra-25-anos-de-scorpion-con-una-reedicion-de-edicion-limitada\/#primaryimage"},"image":{"@id":"https:\/\/web.consaguirre.com.ar\/noticias\/eve-celebra-25-anos-de-scorpion-con-una-reedicion-de-edicion-limitada\/#primaryimage"},"thumbnailUrl":"https:\/\/web.consaguirre.com.ar\/noticias\/wp-content\/uploads\/2026\/03\/Eve-celebra-25-anos-de-Scorpion-con-una-reedicion-de.jpg","datePublished":"2026-03-06T20:38:52+00:00","dateModified":"2026-03-06T20:38:53+00:00","breadcrumb":{"@id":"https:\/\/web.consaguirre.com.ar\/noticias\/eve-celebra-25-anos-de-scorpion-con-una-reedicion-de-edicion-limitada\/#breadcrumb"},"inLanguage":"es-AR","potentialAction":[{"@type":"ReadAction","target":["https:\/\/web.consaguirre.com.ar\/noticias\/eve-celebra-25-anos-de-scorpion-con-una-reedicion-de-edicion-limitada\/"]}]},{"@type":"ImageObject","inLanguage":"es-AR","@id":"https:\/\/web.consaguirre.com.ar\/noticias\/eve-celebra-25-anos-de-scorpion-con-una-reedicion-de-edicion-limitada\/#primaryimage","url":"https:\/\/web.consaguirre.com.ar\/noticias\/wp-content\/uploads\/2026\/03\/Eve-celebra-25-anos-de-Scorpion-con-una-reedicion-de.jpg","contentUrl":"https:\/\/web.consaguirre.com.ar\/noticias\/wp-content\/uploads\/2026\/03\/Eve-celebra-25-anos-de-Scorpion-con-una-reedicion-de.jpg","width":820,"height":820,"caption":"Eve Scoprion cover"},{"@type":"BreadcrumbList","@id":"https:\/\/web.consaguirre.com.ar\/noticias\/eve-celebra-25-anos-de-scorpion-con-una-reedicion-de-edicion-limitada\/#breadcrumb","itemListElement":[{"@type":"ListItem","position":1,"name":"Inicio","item":"https:\/\/web.consaguirre.com.ar\/noticias\/"},{"@type":"ListItem","position":2,"name":"Eve celebra 25 a\u00f1os de &#8216;Scorpion&#8217; con una reedici\u00f3n de edici\u00f3n limitada"}]},{"@type":"WebSite","@id":"https:\/\/web.consaguirre.com.ar\/noticias\/#website","url":"https:\/\/web.consaguirre.com.ar\/noticias\/","name":"Conservatorio de M\u00fasica Juli\u00e1n Aguirre","description":"","publisher":{"@id":"https:\/\/web.consaguirre.com.ar\/noticias\/#organization"},"potentialAction":[{"@type":"SearchAction","target":{"@type":"EntryPoint","urlTemplate":"https:\/\/web.consaguirre.com.ar\/noticias\/?s={search_term_string}"},"query-input":"required name=search_term_string"}],"inLanguage":"es-AR"},{"@type":"Organization","@id":"https:\/\/web.consaguirre.com.ar\/noticias\/#organization","name":"Conservatorio de M\u00fasica Juli\u00e1n Aguirre","url":"https:\/\/web.consaguirre.com.ar\/noticias\/","logo":{"@type":"ImageObject","inLanguage":"es-AR","@id":"https:\/\/web.consaguirre.com.ar\/noticias\/#\/schema\/logo\/image\/","url":"https:\/\/web.consaguirre.com.ar\/noticias\/wp-content\/uploads\/2024\/08\/Banner-Aguirre-23.jpg","contentUrl":"https:\/\/web.consaguirre.com.ar\/noticias\/wp-content\/uploads\/2024\/08\/Banner-Aguirre-23.jpg","width":1192,"height":600,"caption":"Conservatorio de M\u00fasica Juli\u00e1n Aguirre"},"image":{"@id":"https:\/\/web.consaguirre.com.ar\/noticias\/#\/schema\/logo\/image\/"}},{"@type":"Person","@id":"https:\/\/web.consaguirre.com.ar\/noticias\/#\/schema\/person\/6558b0cfedee7ddc5425602b237d5722","name":"Javier Figueroa","image":{"@type":"ImageObject","inLanguage":"es-AR","@id":"https:\/\/web.consaguirre.com.ar\/noticias\/#\/schema\/person\/image\/","url":"https:\/\/web.consaguirre.com.ar\/noticias\/wp-content\/uploads\/2024\/08\/Consaguirre-scaled.jpg","contentUrl":"https:\/\/web.consaguirre.com.ar\/noticias\/wp-content\/uploads\/2024\/08\/Consaguirre-scaled.jpg","caption":"Javier Figueroa"},"description":"Me llamo Javier Figueroa y soy redactor para el sitio oficial del Conservatorio de M\u00fasica Juli\u00e1n Aguirre en Buenos Aires, consaguirre.com. Apasionado por la m\u00fasica y la escritura, me esfuerzo por destacar los talentos y eventos de nuestra prestigiosa instituci\u00f3n. Mi trayectoria se nutre de una profunda admiraci\u00f3n por los artistas, haciendo de cada art\u00edculo una celebraci\u00f3n de la creatividad y la cultura musical.","sameAs":["https:\/\/web.consaguirre.com.ar\/noticias"]}]}},"_links":{"self":[{"href":"https:\/\/web.consaguirre.com.ar\/noticias\/wp-json\/wp\/v2\/posts\/5288"}],"collection":[{"href":"https:\/\/web.consaguirre.com.ar\/noticias\/wp-json\/wp\/v2\/posts"}],"about":[{"href":"https:\/\/web.consaguirre.com.ar\/noticias\/wp-json\/wp\/v2\/types\/post"}],"author":[{"embeddable":true,"href":"https:\/\/web.consaguirre.com.ar\/noticias\/wp-json\/wp\/v2\/users\/1"}],"replies":[{"embeddable":true,"href":"https:\/\/web.consaguirre.com.ar\/noticias\/wp-json\/wp\/v2\/comments?post=5288"}],"version-history":[{"count":1,"href":"https:\/\/web.consaguirre.com.ar\/noticias\/wp-json\/wp\/v2\/posts\/5288\/revisions"}],"predecessor-version":[{"id":5290,"href":"https:\/\/web.consaguirre.com.ar\/noticias\/wp-json\/wp\/v2\/posts\/5288\/revisions\/5290"}],"wp:featuredmedia":[{"embeddable":true,"href":"https:\/\/web.consaguirre.com.ar\/noticias\/wp-json\/wp\/v2\/media\/5289"}],"wp:attachment":[{"href":"https:\/\/web.consaguirre.com.ar\/noticias\/wp-json\/wp\/v2\/media?parent=5288"}],"wp:term":[{"taxonomy":"category","embeddable":true,"href":"https:\/\/web.consaguirre.com.ar\/noticias\/wp-json\/wp\/v2\/categories?post=5288"},{"taxonomy":"post_tag","embeddable":true,"href":"https:\/\/web.consaguirre.com.ar\/noticias\/wp-json\/wp\/v2\/tags?post=5288"}],"curies":[{"name":"wp","href":"https:\/\/api.w.org\/{rel}","templated":true}]}}