{"id":5282,"date":"2026-03-06T11:42:23","date_gmt":"2026-03-06T14:42:23","guid":{"rendered":"https:\/\/web.consaguirre.com.ar\/noticias\/too-high-to-riot-de-bas-recibe-prensa-por-su-decimo-aniversario\/"},"modified":"2026-03-06T11:42:24","modified_gmt":"2026-03-06T14:42:24","slug":"too-high-to-riot-de-bas-recibe-prensa-por-su-decimo-aniversario","status":"publish","type":"post","link":"https:\/\/web.consaguirre.com.ar\/noticias\/too-high-to-riot-de-bas-recibe-prensa-por-su-decimo-aniversario\/","title":{"rendered":"&#8216;Too High To Riot&#8217; de Bas recibe prensa por su d\u00e9cimo aniversario"},"content":{"rendered":"<p>Uno de los lanzamientos fundamentales del cat\u00e1logo de Dreamville, Bas&#8217;s <em>Demasiado alto para alborotar<\/em> celebra su d\u00e9cimo aniversario por todo lo alto. Publicado originalmente el 4 de marzo de 2016, <em>Demasiado alto para alborotar<\/em> ahora recibir\u00e1 una reedici\u00f3n de edici\u00f3n estrictamente limitada en vinilo Sunset Glass.<\/p>\n<p><em>Demasiado alto para alborotar<\/em> se convirti\u00f3 en el segundo lanzamiento de Bas en Dreamville Records, que fue fundada por J. Cole, despu\u00e9s de 2014. <em>El invierno pasado<\/em>. En el \u00e1lbum, Bas forma equipo con sus compa\u00f1eros de agencia Cole y Cozz en las canciones \u201cNight Job\u201d y \u201cDopamine\u201d, respectivamente, as\u00ed como con el d\u00fao de rap The Hics para la canci\u00f3n \u201cMatches\u201d. Ella Mai tambi\u00e9n contribuye con los coros de la canci\u00f3n \u201cClouds Never Get Old\u201d.<\/p>\n<div align='center'>\n<div class=\"udiscover-store-container\">\n<div id='udiscover-store-one-product'><\/div>\n<\/div>\n<p>\/*<!(CDATA(*\/(function (){var scriptURL='https:\/\/sdks.shopifycdn.com\/buy-button\/latest\/buy-button-storefront.min.js';if(window.ShopifyBuy){if(window.ShopifyBuy.UI){ShopifyBuyInit();}else{loadScript();}}else{loadScript();}funci\u00f3n loadScript(){var script=document.createElement('script');script.async=true;script.src=scriptURL;(document.getElementsByTagName('head')(0)|| document.getElementsByTagName('body')(0)).appendChild(script);script.onload=ShopifyBuyInit;} function ShopifyBuyInit(){var cliente=ShopifyBuy.buildClient({dominio:'udiscover.myshopify.com',storefrontAccessToken: 'bdc89f347d2ce61c1feeb9f8c60b2b98',}); ShopifyBuy.UI.onReady(cliente).luego(funci\u00f3n(ui){ ui.createComponent('producto',{ id:(7725598801997), nodo:document.getElementById('udiscover-store-one-product'), moneyFormat:'%24%7B%7Bamount%7D%7D', opciones:{'product':{'iframe':false,'buttonDestination':'modal','contents':{'options':true},'text':{'button':'ORDEN AHORA','outOfStock':'Lo sentimos, esto est\u00e1 agotado stock'}},'productSet':{'iframe':false},'modalProduct':{'iframe':false,'contents':{'img':false,'imgWithCarousel':true,'button':false,'buttonWithQuantity':true} },'modal':{'iframe':false},'option':{'iframe':false},'cart':{'iframe':false},'toggle':{'iframe':false,'contents':{'icon':false}},'lineItem':{'iframe':false}}, }); }); <\/div>\n<\/p>\n<p>&#8220;En realidad se trata de esos momentos aleccionadores&#8221;, describi\u00f3 Bas sobre el tema y la letra del disco en una entrevista con <em>Complejo<\/em> en 2016. &#8220;Creo que vivimos casi en un mundo de fantas\u00eda. Viajas por el mundo, recibes todo el amor de tus fans, recibes todo el apoyo de la gente, ganas dinero. Vives este estilo de vida de fantas\u00eda y luego puedes salir de \u00e9l con una llamada telef\u00f3nica&#8221;. Bas tambi\u00e9n describi\u00f3 el crecimiento que experiment\u00f3 personalmente entre el lanzamiento de <em>El invierno pasado<\/em>diciendo que los a\u00f1os le ense\u00f1aron que el \u00e9xito &#8220;tendr\u00e1 que hacer algunos efectos secundarios (y) sacrificios&#8221;.<\/p>\n<p>&#8220;Creo que los fan\u00e1ticos ac\u00e9rrimos se sintieron atra\u00eddos porque pod\u00edan ver la progresi\u00f3n y escucharme encontrarme a m\u00ed mismo&#8221;, dijo el rapero. <em>El atenuador<\/em> en los meses posteriores al lanzamiento del \u00e1lbum. &#8220;Al mismo tiempo, hab\u00eda personas que nunca antes me hab\u00edan escuchado, que no ten\u00edan idea de que ten\u00eda otros proyectos, que dec\u00edan: &#8216;\u00bfQu\u00e9 es esto? Esta mierda es genial. La jodo'&#8221;. <em>Demasiado alto para alborotar<\/em> Termin\u00f3 duplicando las ventas de la primera semana del primer \u00e1lbum del artista y ubic\u00e1ndose dos veces m\u00e1s alto en el Billboard 200. \u201cEn este \u00e1lbum, me desafi\u00e9 a m\u00ed mismo a ser m\u00e1s honesto y veraz\u201d, continu\u00f3. &#8220;Simplemente me importaba un carajo y escrib\u00ed exactamente sobre lo que ten\u00eda en mente&#8221;. Claramente, la estrategia contin\u00faa resonando entre los fan\u00e1ticos.<\/p>\n<p><b>comprar bas&#8217; <em>Demasiado alto para alborotar<\/em> en vinilo de edici\u00f3n limitada.<\/b><\/p>\n","protected":false},"excerpt":{"rendered":"<p>Uno de los lanzamientos fundamentales del cat\u00e1logo de Dreamville, Bas&#8217;s Demasiado alto para alborotar celebra su d\u00e9cimo aniversario por todo lo alto. Publicado originalmente el<\/p>\n","protected":false},"author":1,"featured_media":5283,"comment_status":"closed","ping_status":"","sticky":false,"template":"","format":"standard","meta":{"footnotes":""},"categories":[50],"tags":[98,3947,161,1385,96,3948,177,3946],"class_list":["post-5282","post","type-post","status-publish","format-standard","has-post-thumbnail","hentry","category-el-ultimo","tag-aniversario","tag-bas","tag-decimo","tag-high","tag-por","tag-prensa","tag-recibe","tag-riot","generate-columns","tablet-grid-50","mobile-grid-100","grid-parent","grid-50"],"yoast_head":"<!-- This site is optimized with the Yoast SEO plugin v23.3 - https:\/\/yoast.com\/wordpress\/plugins\/seo\/ -->\n<title>&#039;Too High To Riot&#039; de Bas recibe prensa por su d\u00e9cimo aniversario<\/title>\n<meta name=\"robots\" content=\"index, follow, max-snippet:-1, max-image-preview:large, max-video-preview:-1\" \/>\n<link rel=\"canonical\" href=\"https:\/\/web.consaguirre.com.ar\/noticias\/too-high-to-riot-de-bas-recibe-prensa-por-su-decimo-aniversario\/\" \/>\n<meta property=\"og:locale\" content=\"es_ES\" \/>\n<meta property=\"og:type\" content=\"article\" \/>\n<meta property=\"og:title\" content=\"&#039;Too High To Riot&#039; de Bas recibe prensa por su d\u00e9cimo aniversario\" \/>\n<meta property=\"og:description\" content=\"Uno de los lanzamientos fundamentales del cat\u00e1logo de Dreamville, Bas&#8217;s Demasiado alto para alborotar celebra su d\u00e9cimo aniversario por todo lo alto. Publicado originalmente el\" \/>\n<meta property=\"og:url\" content=\"https:\/\/web.consaguirre.com.ar\/noticias\/too-high-to-riot-de-bas-recibe-prensa-por-su-decimo-aniversario\/\" \/>\n<meta property=\"og:site_name\" content=\"Conservatorio de M\u00fasica Juli\u00e1n Aguirre\" \/>\n<meta property=\"article:published_time\" content=\"2026-03-06T14:42:23+00:00\" \/>\n<meta property=\"article:modified_time\" content=\"2026-03-06T14:42:24+00:00\" \/>\n<meta property=\"og:image\" content=\"https:\/\/web.consaguirre.com.ar\/noticias\/wp-content\/uploads\/2026\/03\/Too-High-To-Riot-de-Bas-recibe-prensa-por-su.jpg\" \/>\n\t<meta property=\"og:image:width\" content=\"1000\" \/>\n\t<meta property=\"og:image:height\" content=\"600\" \/>\n\t<meta property=\"og:image:type\" content=\"image\/jpeg\" \/>\n<meta name=\"author\" content=\"Javier Figueroa\" \/>\n<meta name=\"twitter:card\" content=\"summary_large_image\" \/>\n<meta name=\"twitter:label1\" content=\"Escrito por\" \/>\n\t<meta name=\"twitter:data1\" content=\"Javier Figueroa\" \/>\n\t<meta name=\"twitter:label2\" content=\"Tiempo de lectura\" \/>\n\t<meta name=\"twitter:data2\" content=\"2 minutos\" \/>\n<script type=\"application\/ld+json\" class=\"yoast-schema-graph\">{\"@context\":\"https:\/\/schema.org\",\"@graph\":[{\"@type\":\"Article\",\"@id\":\"https:\/\/web.consaguirre.com.ar\/noticias\/too-high-to-riot-de-bas-recibe-prensa-por-su-decimo-aniversario\/#article\",\"isPartOf\":{\"@id\":\"https:\/\/web.consaguirre.com.ar\/noticias\/too-high-to-riot-de-bas-recibe-prensa-por-su-decimo-aniversario\/\"},\"author\":{\"name\":\"Javier Figueroa\",\"@id\":\"https:\/\/web.consaguirre.com.ar\/noticias\/#\/schema\/person\/6558b0cfedee7ddc5425602b237d5722\"},\"headline\":\"&#8216;Too High To Riot&#8217; de Bas recibe prensa por su d\u00e9cimo aniversario\",\"datePublished\":\"2026-03-06T14:42:23+00:00\",\"dateModified\":\"2026-03-06T14:42:24+00:00\",\"mainEntityOfPage\":{\"@id\":\"https:\/\/web.consaguirre.com.ar\/noticias\/too-high-to-riot-de-bas-recibe-prensa-por-su-decimo-aniversario\/\"},\"wordCount\":404,\"publisher\":{\"@id\":\"https:\/\/web.consaguirre.com.ar\/noticias\/#organization\"},\"image\":{\"@id\":\"https:\/\/web.consaguirre.com.ar\/noticias\/too-high-to-riot-de-bas-recibe-prensa-por-su-decimo-aniversario\/#primaryimage\"},\"thumbnailUrl\":\"https:\/\/web.consaguirre.com.ar\/noticias\/wp-content\/uploads\/2026\/03\/Too-High-To-Riot-de-Bas-recibe-prensa-por-su.jpg\",\"keywords\":[\"aniversario\",\"Bas\",\"d\u00e9cimo\",\"High\",\"por\",\"prensa\",\"recibe\",\"Riot\"],\"articleSection\":[\"El \u00faltimo\"],\"inLanguage\":\"es-AR\"},{\"@type\":\"WebPage\",\"@id\":\"https:\/\/web.consaguirre.com.ar\/noticias\/too-high-to-riot-de-bas-recibe-prensa-por-su-decimo-aniversario\/\",\"url\":\"https:\/\/web.consaguirre.com.ar\/noticias\/too-high-to-riot-de-bas-recibe-prensa-por-su-decimo-aniversario\/\",\"name\":\"'Too High To Riot' de Bas recibe prensa por su d\u00e9cimo aniversario\",\"isPartOf\":{\"@id\":\"https:\/\/web.consaguirre.com.ar\/noticias\/#website\"},\"primaryImageOfPage\":{\"@id\":\"https:\/\/web.consaguirre.com.ar\/noticias\/too-high-to-riot-de-bas-recibe-prensa-por-su-decimo-aniversario\/#primaryimage\"},\"image\":{\"@id\":\"https:\/\/web.consaguirre.com.ar\/noticias\/too-high-to-riot-de-bas-recibe-prensa-por-su-decimo-aniversario\/#primaryimage\"},\"thumbnailUrl\":\"https:\/\/web.consaguirre.com.ar\/noticias\/wp-content\/uploads\/2026\/03\/Too-High-To-Riot-de-Bas-recibe-prensa-por-su.jpg\",\"datePublished\":\"2026-03-06T14:42:23+00:00\",\"dateModified\":\"2026-03-06T14:42:24+00:00\",\"breadcrumb\":{\"@id\":\"https:\/\/web.consaguirre.com.ar\/noticias\/too-high-to-riot-de-bas-recibe-prensa-por-su-decimo-aniversario\/#breadcrumb\"},\"inLanguage\":\"es-AR\",\"potentialAction\":[{\"@type\":\"ReadAction\",\"target\":[\"https:\/\/web.consaguirre.com.ar\/noticias\/too-high-to-riot-de-bas-recibe-prensa-por-su-decimo-aniversario\/\"]}]},{\"@type\":\"ImageObject\",\"inLanguage\":\"es-AR\",\"@id\":\"https:\/\/web.consaguirre.com.ar\/noticias\/too-high-to-riot-de-bas-recibe-prensa-por-su-decimo-aniversario\/#primaryimage\",\"url\":\"https:\/\/web.consaguirre.com.ar\/noticias\/wp-content\/uploads\/2026\/03\/Too-High-To-Riot-de-Bas-recibe-prensa-por-su.jpg\",\"contentUrl\":\"https:\/\/web.consaguirre.com.ar\/noticias\/wp-content\/uploads\/2026\/03\/Too-High-To-Riot-de-Bas-recibe-prensa-por-su.jpg\",\"width\":1000,\"height\":600,\"caption\":\"Bas Too High To Riot vinyl\"},{\"@type\":\"BreadcrumbList\",\"@id\":\"https:\/\/web.consaguirre.com.ar\/noticias\/too-high-to-riot-de-bas-recibe-prensa-por-su-decimo-aniversario\/#breadcrumb\",\"itemListElement\":[{\"@type\":\"ListItem\",\"position\":1,\"name\":\"Inicio\",\"item\":\"https:\/\/web.consaguirre.com.ar\/noticias\/\"},{\"@type\":\"ListItem\",\"position\":2,\"name\":\"&#8216;Too High To Riot&#8217; de Bas recibe prensa por su d\u00e9cimo aniversario\"}]},{\"@type\":\"WebSite\",\"@id\":\"https:\/\/web.consaguirre.com.ar\/noticias\/#website\",\"url\":\"https:\/\/web.consaguirre.com.ar\/noticias\/\",\"name\":\"Conservatorio de M\u00fasica Juli\u00e1n Aguirre\",\"description\":\"\",\"publisher\":{\"@id\":\"https:\/\/web.consaguirre.com.ar\/noticias\/#organization\"},\"potentialAction\":[{\"@type\":\"SearchAction\",\"target\":{\"@type\":\"EntryPoint\",\"urlTemplate\":\"https:\/\/web.consaguirre.com.ar\/noticias\/?s={search_term_string}\"},\"query-input\":\"required name=search_term_string\"}],\"inLanguage\":\"es-AR\"},{\"@type\":\"Organization\",\"@id\":\"https:\/\/web.consaguirre.com.ar\/noticias\/#organization\",\"name\":\"Conservatorio de M\u00fasica Juli\u00e1n Aguirre\",\"url\":\"https:\/\/web.consaguirre.com.ar\/noticias\/\",\"logo\":{\"@type\":\"ImageObject\",\"inLanguage\":\"es-AR\",\"@id\":\"https:\/\/web.consaguirre.com.ar\/noticias\/#\/schema\/logo\/image\/\",\"url\":\"https:\/\/web.consaguirre.com.ar\/noticias\/wp-content\/uploads\/2024\/08\/Banner-Aguirre-23.jpg\",\"contentUrl\":\"https:\/\/web.consaguirre.com.ar\/noticias\/wp-content\/uploads\/2024\/08\/Banner-Aguirre-23.jpg\",\"width\":1192,\"height\":600,\"caption\":\"Conservatorio de M\u00fasica Juli\u00e1n Aguirre\"},\"image\":{\"@id\":\"https:\/\/web.consaguirre.com.ar\/noticias\/#\/schema\/logo\/image\/\"}},{\"@type\":\"Person\",\"@id\":\"https:\/\/web.consaguirre.com.ar\/noticias\/#\/schema\/person\/6558b0cfedee7ddc5425602b237d5722\",\"name\":\"Javier Figueroa\",\"image\":{\"@type\":\"ImageObject\",\"inLanguage\":\"es-AR\",\"@id\":\"https:\/\/web.consaguirre.com.ar\/noticias\/#\/schema\/person\/image\/\",\"url\":\"https:\/\/web.consaguirre.com.ar\/noticias\/wp-content\/uploads\/2024\/08\/Consaguirre-scaled.jpg\",\"contentUrl\":\"https:\/\/web.consaguirre.com.ar\/noticias\/wp-content\/uploads\/2024\/08\/Consaguirre-scaled.jpg\",\"caption\":\"Javier Figueroa\"},\"description\":\"Me llamo Javier Figueroa y soy redactor para el sitio oficial del Conservatorio de M\u00fasica Juli\u00e1n Aguirre en Buenos Aires, consaguirre.com. Apasionado por la m\u00fasica y la escritura, me esfuerzo por destacar los talentos y eventos de nuestra prestigiosa instituci\u00f3n. Mi trayectoria se nutre de una profunda admiraci\u00f3n por los artistas, haciendo de cada art\u00edculo una celebraci\u00f3n de la creatividad y la cultura musical.\",\"sameAs\":[\"https:\/\/web.consaguirre.com.ar\/noticias\"]}]}<\/script>\n<!-- \/ Yoast SEO plugin. -->","yoast_head_json":{"title":"'Too High To Riot' de Bas recibe prensa por su d\u00e9cimo aniversario","robots":{"index":"index","follow":"follow","max-snippet":"max-snippet:-1","max-image-preview":"max-image-preview:large","max-video-preview":"max-video-preview:-1"},"canonical":"https:\/\/web.consaguirre.com.ar\/noticias\/too-high-to-riot-de-bas-recibe-prensa-por-su-decimo-aniversario\/","og_locale":"es_ES","og_type":"article","og_title":"'Too High To Riot' de Bas recibe prensa por su d\u00e9cimo aniversario","og_description":"Uno de los lanzamientos fundamentales del cat\u00e1logo de Dreamville, Bas&#8217;s Demasiado alto para alborotar celebra su d\u00e9cimo aniversario por todo lo alto. Publicado originalmente el","og_url":"https:\/\/web.consaguirre.com.ar\/noticias\/too-high-to-riot-de-bas-recibe-prensa-por-su-decimo-aniversario\/","og_site_name":"Conservatorio de M\u00fasica Juli\u00e1n Aguirre","article_published_time":"2026-03-06T14:42:23+00:00","article_modified_time":"2026-03-06T14:42:24+00:00","og_image":[{"width":1000,"height":600,"url":"https:\/\/web.consaguirre.com.ar\/noticias\/wp-content\/uploads\/2026\/03\/Too-High-To-Riot-de-Bas-recibe-prensa-por-su.jpg","type":"image\/jpeg"}],"author":"Javier Figueroa","twitter_card":"summary_large_image","twitter_misc":{"Escrito por":"Javier Figueroa","Tiempo de lectura":"2 minutos"},"schema":{"@context":"https:\/\/schema.org","@graph":[{"@type":"Article","@id":"https:\/\/web.consaguirre.com.ar\/noticias\/too-high-to-riot-de-bas-recibe-prensa-por-su-decimo-aniversario\/#article","isPartOf":{"@id":"https:\/\/web.consaguirre.com.ar\/noticias\/too-high-to-riot-de-bas-recibe-prensa-por-su-decimo-aniversario\/"},"author":{"name":"Javier Figueroa","@id":"https:\/\/web.consaguirre.com.ar\/noticias\/#\/schema\/person\/6558b0cfedee7ddc5425602b237d5722"},"headline":"&#8216;Too High To Riot&#8217; de Bas recibe prensa por su d\u00e9cimo aniversario","datePublished":"2026-03-06T14:42:23+00:00","dateModified":"2026-03-06T14:42:24+00:00","mainEntityOfPage":{"@id":"https:\/\/web.consaguirre.com.ar\/noticias\/too-high-to-riot-de-bas-recibe-prensa-por-su-decimo-aniversario\/"},"wordCount":404,"publisher":{"@id":"https:\/\/web.consaguirre.com.ar\/noticias\/#organization"},"image":{"@id":"https:\/\/web.consaguirre.com.ar\/noticias\/too-high-to-riot-de-bas-recibe-prensa-por-su-decimo-aniversario\/#primaryimage"},"thumbnailUrl":"https:\/\/web.consaguirre.com.ar\/noticias\/wp-content\/uploads\/2026\/03\/Too-High-To-Riot-de-Bas-recibe-prensa-por-su.jpg","keywords":["aniversario","Bas","d\u00e9cimo","High","por","prensa","recibe","Riot"],"articleSection":["El \u00faltimo"],"inLanguage":"es-AR"},{"@type":"WebPage","@id":"https:\/\/web.consaguirre.com.ar\/noticias\/too-high-to-riot-de-bas-recibe-prensa-por-su-decimo-aniversario\/","url":"https:\/\/web.consaguirre.com.ar\/noticias\/too-high-to-riot-de-bas-recibe-prensa-por-su-decimo-aniversario\/","name":"'Too High To Riot' de Bas recibe prensa por su d\u00e9cimo aniversario","isPartOf":{"@id":"https:\/\/web.consaguirre.com.ar\/noticias\/#website"},"primaryImageOfPage":{"@id":"https:\/\/web.consaguirre.com.ar\/noticias\/too-high-to-riot-de-bas-recibe-prensa-por-su-decimo-aniversario\/#primaryimage"},"image":{"@id":"https:\/\/web.consaguirre.com.ar\/noticias\/too-high-to-riot-de-bas-recibe-prensa-por-su-decimo-aniversario\/#primaryimage"},"thumbnailUrl":"https:\/\/web.consaguirre.com.ar\/noticias\/wp-content\/uploads\/2026\/03\/Too-High-To-Riot-de-Bas-recibe-prensa-por-su.jpg","datePublished":"2026-03-06T14:42:23+00:00","dateModified":"2026-03-06T14:42:24+00:00","breadcrumb":{"@id":"https:\/\/web.consaguirre.com.ar\/noticias\/too-high-to-riot-de-bas-recibe-prensa-por-su-decimo-aniversario\/#breadcrumb"},"inLanguage":"es-AR","potentialAction":[{"@type":"ReadAction","target":["https:\/\/web.consaguirre.com.ar\/noticias\/too-high-to-riot-de-bas-recibe-prensa-por-su-decimo-aniversario\/"]}]},{"@type":"ImageObject","inLanguage":"es-AR","@id":"https:\/\/web.consaguirre.com.ar\/noticias\/too-high-to-riot-de-bas-recibe-prensa-por-su-decimo-aniversario\/#primaryimage","url":"https:\/\/web.consaguirre.com.ar\/noticias\/wp-content\/uploads\/2026\/03\/Too-High-To-Riot-de-Bas-recibe-prensa-por-su.jpg","contentUrl":"https:\/\/web.consaguirre.com.ar\/noticias\/wp-content\/uploads\/2026\/03\/Too-High-To-Riot-de-Bas-recibe-prensa-por-su.jpg","width":1000,"height":600,"caption":"Bas Too High To Riot vinyl"},{"@type":"BreadcrumbList","@id":"https:\/\/web.consaguirre.com.ar\/noticias\/too-high-to-riot-de-bas-recibe-prensa-por-su-decimo-aniversario\/#breadcrumb","itemListElement":[{"@type":"ListItem","position":1,"name":"Inicio","item":"https:\/\/web.consaguirre.com.ar\/noticias\/"},{"@type":"ListItem","position":2,"name":"&#8216;Too High To Riot&#8217; de Bas recibe prensa por su d\u00e9cimo aniversario"}]},{"@type":"WebSite","@id":"https:\/\/web.consaguirre.com.ar\/noticias\/#website","url":"https:\/\/web.consaguirre.com.ar\/noticias\/","name":"Conservatorio de M\u00fasica Juli\u00e1n Aguirre","description":"","publisher":{"@id":"https:\/\/web.consaguirre.com.ar\/noticias\/#organization"},"potentialAction":[{"@type":"SearchAction","target":{"@type":"EntryPoint","urlTemplate":"https:\/\/web.consaguirre.com.ar\/noticias\/?s={search_term_string}"},"query-input":"required name=search_term_string"}],"inLanguage":"es-AR"},{"@type":"Organization","@id":"https:\/\/web.consaguirre.com.ar\/noticias\/#organization","name":"Conservatorio de M\u00fasica Juli\u00e1n Aguirre","url":"https:\/\/web.consaguirre.com.ar\/noticias\/","logo":{"@type":"ImageObject","inLanguage":"es-AR","@id":"https:\/\/web.consaguirre.com.ar\/noticias\/#\/schema\/logo\/image\/","url":"https:\/\/web.consaguirre.com.ar\/noticias\/wp-content\/uploads\/2024\/08\/Banner-Aguirre-23.jpg","contentUrl":"https:\/\/web.consaguirre.com.ar\/noticias\/wp-content\/uploads\/2024\/08\/Banner-Aguirre-23.jpg","width":1192,"height":600,"caption":"Conservatorio de M\u00fasica Juli\u00e1n Aguirre"},"image":{"@id":"https:\/\/web.consaguirre.com.ar\/noticias\/#\/schema\/logo\/image\/"}},{"@type":"Person","@id":"https:\/\/web.consaguirre.com.ar\/noticias\/#\/schema\/person\/6558b0cfedee7ddc5425602b237d5722","name":"Javier Figueroa","image":{"@type":"ImageObject","inLanguage":"es-AR","@id":"https:\/\/web.consaguirre.com.ar\/noticias\/#\/schema\/person\/image\/","url":"https:\/\/web.consaguirre.com.ar\/noticias\/wp-content\/uploads\/2024\/08\/Consaguirre-scaled.jpg","contentUrl":"https:\/\/web.consaguirre.com.ar\/noticias\/wp-content\/uploads\/2024\/08\/Consaguirre-scaled.jpg","caption":"Javier Figueroa"},"description":"Me llamo Javier Figueroa y soy redactor para el sitio oficial del Conservatorio de M\u00fasica Juli\u00e1n Aguirre en Buenos Aires, consaguirre.com. Apasionado por la m\u00fasica y la escritura, me esfuerzo por destacar los talentos y eventos de nuestra prestigiosa instituci\u00f3n. Mi trayectoria se nutre de una profunda admiraci\u00f3n por los artistas, haciendo de cada art\u00edculo una celebraci\u00f3n de la creatividad y la cultura musical.","sameAs":["https:\/\/web.consaguirre.com.ar\/noticias"]}]}},"_links":{"self":[{"href":"https:\/\/web.consaguirre.com.ar\/noticias\/wp-json\/wp\/v2\/posts\/5282"}],"collection":[{"href":"https:\/\/web.consaguirre.com.ar\/noticias\/wp-json\/wp\/v2\/posts"}],"about":[{"href":"https:\/\/web.consaguirre.com.ar\/noticias\/wp-json\/wp\/v2\/types\/post"}],"author":[{"embeddable":true,"href":"https:\/\/web.consaguirre.com.ar\/noticias\/wp-json\/wp\/v2\/users\/1"}],"replies":[{"embeddable":true,"href":"https:\/\/web.consaguirre.com.ar\/noticias\/wp-json\/wp\/v2\/comments?post=5282"}],"version-history":[{"count":1,"href":"https:\/\/web.consaguirre.com.ar\/noticias\/wp-json\/wp\/v2\/posts\/5282\/revisions"}],"predecessor-version":[{"id":5284,"href":"https:\/\/web.consaguirre.com.ar\/noticias\/wp-json\/wp\/v2\/posts\/5282\/revisions\/5284"}],"wp:featuredmedia":[{"embeddable":true,"href":"https:\/\/web.consaguirre.com.ar\/noticias\/wp-json\/wp\/v2\/media\/5283"}],"wp:attachment":[{"href":"https:\/\/web.consaguirre.com.ar\/noticias\/wp-json\/wp\/v2\/media?parent=5282"}],"wp:term":[{"taxonomy":"category","embeddable":true,"href":"https:\/\/web.consaguirre.com.ar\/noticias\/wp-json\/wp\/v2\/categories?post=5282"},{"taxonomy":"post_tag","embeddable":true,"href":"https:\/\/web.consaguirre.com.ar\/noticias\/wp-json\/wp\/v2\/tags?post=5282"}],"curies":[{"name":"wp","href":"https:\/\/api.w.org\/{rel}","templated":true}]}}