{"id":5276,"date":"2026-03-05T17:38:11","date_gmt":"2026-03-05T20:38:11","guid":{"rendered":"https:\/\/web.consaguirre.com.ar\/noticias\/se-anuncian-nuevas-variantes-de-vinilo-y-cd-de-j-cole-the-fall-off\/"},"modified":"2026-03-05T17:38:13","modified_gmt":"2026-03-05T20:38:13","slug":"se-anuncian-nuevas-variantes-de-vinilo-y-cd-de-j-cole-the-fall-off","status":"publish","type":"post","link":"https:\/\/web.consaguirre.com.ar\/noticias\/se-anuncian-nuevas-variantes-de-vinilo-y-cd-de-j-cole-the-fall-off\/","title":{"rendered":"Se anuncian nuevas variantes de vinilo y CD de J. Cole &#8216;The Fall-Off&#8217;"},"content":{"rendered":"<p>J. Cole mantiene <em>La ca\u00edda<\/em> yendo. El rapero ha lanzado varias variaciones nuevas de su \u00e1lbum que encabez\u00f3 el Billboard 200, llevando el \u00e1lbum doble a nuevas formas en vinilo y CD. <em>La ca\u00edda<\/em> ahora est\u00e1 disponible en vinilo rojo, en vinilo azul exclusivo con una portada alternativa y en vinilo transparente como exclusivo de Target. Tambi\u00e9n hay una nueva versi\u00f3n en CD con una portada alternativa.<\/p>\n<p>Publicado originalmente el 6 de febrero de <em>La ca\u00edda<\/em> es un \u00e9xito que encabeza las listas de uno de los raperos m\u00e1s populares y respetados del juego en este momento. El \u00e1lbum doble se grab\u00f3 a lo largo de diez a\u00f1os y presenta apariciones de Future, PJ, Tems, Erykah Badu, Petey Pablo, Burna Boy y Morray. <em>La ca\u00edda<\/em> debut\u00f3 en la cima de la lista de \u00e1lbumes de Billboard, y casi todas las pistas del \u00e1lbum figuraron en el Hot 100 la semana en que el \u00e1lbum debut\u00f3, y la canci\u00f3n &#8220;Two Six&#8221; alcanz\u00f3 el puesto 16.<\/p>\n<div class=\"uD-YT-container\"><img decoding=\"async\" src=\"https:\/\/web.consaguirre.com.ar\/noticias\/wp-content\/uploads\/2026\/03\/1772743091_119_Se-anuncian-nuevas-variantes-de-vinilo-y-CD-de-J.jpg\" alt=\"V\u00eddeo de YouTube\"><br \/>Haga clic para cargar v\u00eddeo<\/div>\n<p><em>La ca\u00edda<\/em> Ha tardado mucho en llegar, y Cole lo describe como su \u201c\u00faltimo\u201d \u00e1lbum en casi diez a\u00f1os. \u201c<em>La ca\u00edda<\/em>un \u00e1lbum doble realizado con la intenci\u00f3n de ser el \u00faltimo, cierra el c\u00edrculo del concepto de mi primer proyecto. El disco 29 cuenta la historia de mi regreso a mi ciudad natal a los 29 a\u00f1os&#8221;, escribi\u00f3 Cole en Instagram antes del lanzamiento del \u00e1lbum. &#8220;Una d\u00e9cada despu\u00e9s de mudarme a Nueva York, logrando lo que hubiera parecido imposible para la mayor\u00eda, estaba en una encrucijada con los tres amores de mi vida; mi mujer, mi oficio y mi ciudad. El disco 39 da una idea de mi forma de pensar durante un viaje similar a casa, esta vez como un hombre de 39 a\u00f1os. Mayores y un poco m\u00e1s cercanos a la paz\u201d. Continu\u00f3: \u201cHace 2 a\u00f1os, despu\u00e9s de los eventos que a\u00fan alimentan el algoritmo hasta el d\u00eda de hoy, me volv\u00ed a inspirar incre\u00edblemente y el \u00e1lbum poco a poco se convirti\u00f3 en un disco doble a medida que el concepto se expand\u00eda\u201d.<\/p>\n<p><b>Comprar J. Cole&#8217;s <em>La ca\u00edda<\/em> en vinilo y CD aqu\u00ed.<\/b><\/p>\n","protected":false},"excerpt":{"rendered":"<p>J. Cole mantiene La ca\u00edda yendo. El rapero ha lanzado varias variaciones nuevas de su \u00e1lbum que encabez\u00f3 el Billboard 200, llevando el \u00e1lbum doble<\/p>\n","protected":false},"author":1,"featured_media":5277,"comment_status":"closed","ping_status":"","sticky":false,"template":"","format":"standard","meta":{"footnotes":""},"categories":[50],"tags":[725,1373,3881,999,3941,87],"class_list":["post-5276","post","type-post","status-publish","format-standard","has-post-thumbnail","hentry","category-el-ultimo","tag-anuncian","tag-cole","tag-falloff","tag-nuevas","tag-variantes","tag-vinilo","generate-columns","tablet-grid-50","mobile-grid-100","grid-parent","grid-50"],"yoast_head":"<!-- This site is optimized with the Yoast SEO plugin v23.3 - https:\/\/yoast.com\/wordpress\/plugins\/seo\/ -->\n<title>Se anuncian nuevas variantes de vinilo y CD de J. Cole &#039;The Fall-Off&#039;<\/title>\n<meta name=\"robots\" content=\"index, follow, max-snippet:-1, max-image-preview:large, max-video-preview:-1\" \/>\n<link rel=\"canonical\" href=\"https:\/\/web.consaguirre.com.ar\/noticias\/se-anuncian-nuevas-variantes-de-vinilo-y-cd-de-j-cole-the-fall-off\/\" \/>\n<meta property=\"og:locale\" content=\"es_ES\" \/>\n<meta property=\"og:type\" content=\"article\" \/>\n<meta property=\"og:title\" content=\"Se anuncian nuevas variantes de vinilo y CD de J. Cole &#039;The Fall-Off&#039;\" \/>\n<meta property=\"og:description\" content=\"J. Cole mantiene La ca\u00edda yendo. El rapero ha lanzado varias variaciones nuevas de su \u00e1lbum que encabez\u00f3 el Billboard 200, llevando el \u00e1lbum doble\" \/>\n<meta property=\"og:url\" content=\"https:\/\/web.consaguirre.com.ar\/noticias\/se-anuncian-nuevas-variantes-de-vinilo-y-cd-de-j-cole-the-fall-off\/\" \/>\n<meta property=\"og:site_name\" content=\"Conservatorio de M\u00fasica Juli\u00e1n Aguirre\" \/>\n<meta property=\"article:published_time\" content=\"2026-03-05T20:38:11+00:00\" \/>\n<meta property=\"article:modified_time\" content=\"2026-03-05T20:38:13+00:00\" \/>\n<meta property=\"og:image\" content=\"https:\/\/web.consaguirre.com.ar\/noticias\/wp-content\/uploads\/2026\/03\/Se-anuncian-nuevas-variantes-de-vinilo-y-CD-de-J.jpg\" \/>\n\t<meta property=\"og:image:width\" content=\"1200\" \/>\n\t<meta property=\"og:image:height\" content=\"1200\" \/>\n\t<meta property=\"og:image:type\" content=\"image\/jpeg\" \/>\n<meta name=\"author\" content=\"Javier Figueroa\" \/>\n<meta name=\"twitter:card\" content=\"summary_large_image\" \/>\n<meta name=\"twitter:label1\" content=\"Escrito por\" \/>\n\t<meta name=\"twitter:data1\" content=\"Javier Figueroa\" \/>\n\t<meta name=\"twitter:label2\" content=\"Tiempo de lectura\" \/>\n\t<meta name=\"twitter:data2\" content=\"2 minutos\" \/>\n<script type=\"application\/ld+json\" class=\"yoast-schema-graph\">{\"@context\":\"https:\/\/schema.org\",\"@graph\":[{\"@type\":\"Article\",\"@id\":\"https:\/\/web.consaguirre.com.ar\/noticias\/se-anuncian-nuevas-variantes-de-vinilo-y-cd-de-j-cole-the-fall-off\/#article\",\"isPartOf\":{\"@id\":\"https:\/\/web.consaguirre.com.ar\/noticias\/se-anuncian-nuevas-variantes-de-vinilo-y-cd-de-j-cole-the-fall-off\/\"},\"author\":{\"name\":\"Javier Figueroa\",\"@id\":\"https:\/\/web.consaguirre.com.ar\/noticias\/#\/schema\/person\/6558b0cfedee7ddc5425602b237d5722\"},\"headline\":\"Se anuncian nuevas variantes de vinilo y CD de J. Cole &#8216;The Fall-Off&#8217;\",\"datePublished\":\"2026-03-05T20:38:11+00:00\",\"dateModified\":\"2026-03-05T20:38:13+00:00\",\"mainEntityOfPage\":{\"@id\":\"https:\/\/web.consaguirre.com.ar\/noticias\/se-anuncian-nuevas-variantes-de-vinilo-y-cd-de-j-cole-the-fall-off\/\"},\"wordCount\":389,\"publisher\":{\"@id\":\"https:\/\/web.consaguirre.com.ar\/noticias\/#organization\"},\"image\":{\"@id\":\"https:\/\/web.consaguirre.com.ar\/noticias\/se-anuncian-nuevas-variantes-de-vinilo-y-cd-de-j-cole-the-fall-off\/#primaryimage\"},\"thumbnailUrl\":\"https:\/\/web.consaguirre.com.ar\/noticias\/wp-content\/uploads\/2026\/03\/Se-anuncian-nuevas-variantes-de-vinilo-y-CD-de-J.jpg\",\"keywords\":[\"anuncian\",\"Cole\",\"FallOff\",\"nuevas\",\"variantes\",\"vinilo\"],\"articleSection\":[\"El \u00faltimo\"],\"inLanguage\":\"es-AR\"},{\"@type\":\"WebPage\",\"@id\":\"https:\/\/web.consaguirre.com.ar\/noticias\/se-anuncian-nuevas-variantes-de-vinilo-y-cd-de-j-cole-the-fall-off\/\",\"url\":\"https:\/\/web.consaguirre.com.ar\/noticias\/se-anuncian-nuevas-variantes-de-vinilo-y-cd-de-j-cole-the-fall-off\/\",\"name\":\"Se anuncian nuevas variantes de vinilo y CD de J. Cole 'The Fall-Off'\",\"isPartOf\":{\"@id\":\"https:\/\/web.consaguirre.com.ar\/noticias\/#website\"},\"primaryImageOfPage\":{\"@id\":\"https:\/\/web.consaguirre.com.ar\/noticias\/se-anuncian-nuevas-variantes-de-vinilo-y-cd-de-j-cole-the-fall-off\/#primaryimage\"},\"image\":{\"@id\":\"https:\/\/web.consaguirre.com.ar\/noticias\/se-anuncian-nuevas-variantes-de-vinilo-y-cd-de-j-cole-the-fall-off\/#primaryimage\"},\"thumbnailUrl\":\"https:\/\/web.consaguirre.com.ar\/noticias\/wp-content\/uploads\/2026\/03\/Se-anuncian-nuevas-variantes-de-vinilo-y-CD-de-J.jpg\",\"datePublished\":\"2026-03-05T20:38:11+00:00\",\"dateModified\":\"2026-03-05T20:38:13+00:00\",\"breadcrumb\":{\"@id\":\"https:\/\/web.consaguirre.com.ar\/noticias\/se-anuncian-nuevas-variantes-de-vinilo-y-cd-de-j-cole-the-fall-off\/#breadcrumb\"},\"inLanguage\":\"es-AR\",\"potentialAction\":[{\"@type\":\"ReadAction\",\"target\":[\"https:\/\/web.consaguirre.com.ar\/noticias\/se-anuncian-nuevas-variantes-de-vinilo-y-cd-de-j-cole-the-fall-off\/\"]}]},{\"@type\":\"ImageObject\",\"inLanguage\":\"es-AR\",\"@id\":\"https:\/\/web.consaguirre.com.ar\/noticias\/se-anuncian-nuevas-variantes-de-vinilo-y-cd-de-j-cole-the-fall-off\/#primaryimage\",\"url\":\"https:\/\/web.consaguirre.com.ar\/noticias\/wp-content\/uploads\/2026\/03\/Se-anuncian-nuevas-variantes-de-vinilo-y-CD-de-J.jpg\",\"contentUrl\":\"https:\/\/web.consaguirre.com.ar\/noticias\/wp-content\/uploads\/2026\/03\/Se-anuncian-nuevas-variantes-de-vinilo-y-CD-de-J.jpg\",\"width\":1200,\"height\":1200,\"caption\":\"J. Cole The Fall-Off\"},{\"@type\":\"BreadcrumbList\",\"@id\":\"https:\/\/web.consaguirre.com.ar\/noticias\/se-anuncian-nuevas-variantes-de-vinilo-y-cd-de-j-cole-the-fall-off\/#breadcrumb\",\"itemListElement\":[{\"@type\":\"ListItem\",\"position\":1,\"name\":\"Inicio\",\"item\":\"https:\/\/web.consaguirre.com.ar\/noticias\/\"},{\"@type\":\"ListItem\",\"position\":2,\"name\":\"Se anuncian nuevas variantes de vinilo y CD de J. Cole &#8216;The Fall-Off&#8217;\"}]},{\"@type\":\"WebSite\",\"@id\":\"https:\/\/web.consaguirre.com.ar\/noticias\/#website\",\"url\":\"https:\/\/web.consaguirre.com.ar\/noticias\/\",\"name\":\"Conservatorio de M\u00fasica Juli\u00e1n Aguirre\",\"description\":\"\",\"publisher\":{\"@id\":\"https:\/\/web.consaguirre.com.ar\/noticias\/#organization\"},\"potentialAction\":[{\"@type\":\"SearchAction\",\"target\":{\"@type\":\"EntryPoint\",\"urlTemplate\":\"https:\/\/web.consaguirre.com.ar\/noticias\/?s={search_term_string}\"},\"query-input\":\"required name=search_term_string\"}],\"inLanguage\":\"es-AR\"},{\"@type\":\"Organization\",\"@id\":\"https:\/\/web.consaguirre.com.ar\/noticias\/#organization\",\"name\":\"Conservatorio de M\u00fasica Juli\u00e1n Aguirre\",\"url\":\"https:\/\/web.consaguirre.com.ar\/noticias\/\",\"logo\":{\"@type\":\"ImageObject\",\"inLanguage\":\"es-AR\",\"@id\":\"https:\/\/web.consaguirre.com.ar\/noticias\/#\/schema\/logo\/image\/\",\"url\":\"https:\/\/web.consaguirre.com.ar\/noticias\/wp-content\/uploads\/2024\/08\/Banner-Aguirre-23.jpg\",\"contentUrl\":\"https:\/\/web.consaguirre.com.ar\/noticias\/wp-content\/uploads\/2024\/08\/Banner-Aguirre-23.jpg\",\"width\":1192,\"height\":600,\"caption\":\"Conservatorio de M\u00fasica Juli\u00e1n Aguirre\"},\"image\":{\"@id\":\"https:\/\/web.consaguirre.com.ar\/noticias\/#\/schema\/logo\/image\/\"}},{\"@type\":\"Person\",\"@id\":\"https:\/\/web.consaguirre.com.ar\/noticias\/#\/schema\/person\/6558b0cfedee7ddc5425602b237d5722\",\"name\":\"Javier Figueroa\",\"image\":{\"@type\":\"ImageObject\",\"inLanguage\":\"es-AR\",\"@id\":\"https:\/\/web.consaguirre.com.ar\/noticias\/#\/schema\/person\/image\/\",\"url\":\"https:\/\/web.consaguirre.com.ar\/noticias\/wp-content\/uploads\/2024\/08\/Consaguirre-scaled.jpg\",\"contentUrl\":\"https:\/\/web.consaguirre.com.ar\/noticias\/wp-content\/uploads\/2024\/08\/Consaguirre-scaled.jpg\",\"caption\":\"Javier Figueroa\"},\"description\":\"Me llamo Javier Figueroa y soy redactor para el sitio oficial del Conservatorio de M\u00fasica Juli\u00e1n Aguirre en Buenos Aires, consaguirre.com. Apasionado por la m\u00fasica y la escritura, me esfuerzo por destacar los talentos y eventos de nuestra prestigiosa instituci\u00f3n. Mi trayectoria se nutre de una profunda admiraci\u00f3n por los artistas, haciendo de cada art\u00edculo una celebraci\u00f3n de la creatividad y la cultura musical.\",\"sameAs\":[\"https:\/\/web.consaguirre.com.ar\/noticias\"]}]}<\/script>\n<!-- \/ Yoast SEO plugin. -->","yoast_head_json":{"title":"Se anuncian nuevas variantes de vinilo y CD de J. Cole 'The Fall-Off'","robots":{"index":"index","follow":"follow","max-snippet":"max-snippet:-1","max-image-preview":"max-image-preview:large","max-video-preview":"max-video-preview:-1"},"canonical":"https:\/\/web.consaguirre.com.ar\/noticias\/se-anuncian-nuevas-variantes-de-vinilo-y-cd-de-j-cole-the-fall-off\/","og_locale":"es_ES","og_type":"article","og_title":"Se anuncian nuevas variantes de vinilo y CD de J. Cole 'The Fall-Off'","og_description":"J. Cole mantiene La ca\u00edda yendo. El rapero ha lanzado varias variaciones nuevas de su \u00e1lbum que encabez\u00f3 el Billboard 200, llevando el \u00e1lbum doble","og_url":"https:\/\/web.consaguirre.com.ar\/noticias\/se-anuncian-nuevas-variantes-de-vinilo-y-cd-de-j-cole-the-fall-off\/","og_site_name":"Conservatorio de M\u00fasica Juli\u00e1n Aguirre","article_published_time":"2026-03-05T20:38:11+00:00","article_modified_time":"2026-03-05T20:38:13+00:00","og_image":[{"width":1200,"height":1200,"url":"https:\/\/web.consaguirre.com.ar\/noticias\/wp-content\/uploads\/2026\/03\/Se-anuncian-nuevas-variantes-de-vinilo-y-CD-de-J.jpg","type":"image\/jpeg"}],"author":"Javier Figueroa","twitter_card":"summary_large_image","twitter_misc":{"Escrito por":"Javier Figueroa","Tiempo de lectura":"2 minutos"},"schema":{"@context":"https:\/\/schema.org","@graph":[{"@type":"Article","@id":"https:\/\/web.consaguirre.com.ar\/noticias\/se-anuncian-nuevas-variantes-de-vinilo-y-cd-de-j-cole-the-fall-off\/#article","isPartOf":{"@id":"https:\/\/web.consaguirre.com.ar\/noticias\/se-anuncian-nuevas-variantes-de-vinilo-y-cd-de-j-cole-the-fall-off\/"},"author":{"name":"Javier Figueroa","@id":"https:\/\/web.consaguirre.com.ar\/noticias\/#\/schema\/person\/6558b0cfedee7ddc5425602b237d5722"},"headline":"Se anuncian nuevas variantes de vinilo y CD de J. Cole &#8216;The Fall-Off&#8217;","datePublished":"2026-03-05T20:38:11+00:00","dateModified":"2026-03-05T20:38:13+00:00","mainEntityOfPage":{"@id":"https:\/\/web.consaguirre.com.ar\/noticias\/se-anuncian-nuevas-variantes-de-vinilo-y-cd-de-j-cole-the-fall-off\/"},"wordCount":389,"publisher":{"@id":"https:\/\/web.consaguirre.com.ar\/noticias\/#organization"},"image":{"@id":"https:\/\/web.consaguirre.com.ar\/noticias\/se-anuncian-nuevas-variantes-de-vinilo-y-cd-de-j-cole-the-fall-off\/#primaryimage"},"thumbnailUrl":"https:\/\/web.consaguirre.com.ar\/noticias\/wp-content\/uploads\/2026\/03\/Se-anuncian-nuevas-variantes-de-vinilo-y-CD-de-J.jpg","keywords":["anuncian","Cole","FallOff","nuevas","variantes","vinilo"],"articleSection":["El \u00faltimo"],"inLanguage":"es-AR"},{"@type":"WebPage","@id":"https:\/\/web.consaguirre.com.ar\/noticias\/se-anuncian-nuevas-variantes-de-vinilo-y-cd-de-j-cole-the-fall-off\/","url":"https:\/\/web.consaguirre.com.ar\/noticias\/se-anuncian-nuevas-variantes-de-vinilo-y-cd-de-j-cole-the-fall-off\/","name":"Se anuncian nuevas variantes de vinilo y CD de J. Cole 'The Fall-Off'","isPartOf":{"@id":"https:\/\/web.consaguirre.com.ar\/noticias\/#website"},"primaryImageOfPage":{"@id":"https:\/\/web.consaguirre.com.ar\/noticias\/se-anuncian-nuevas-variantes-de-vinilo-y-cd-de-j-cole-the-fall-off\/#primaryimage"},"image":{"@id":"https:\/\/web.consaguirre.com.ar\/noticias\/se-anuncian-nuevas-variantes-de-vinilo-y-cd-de-j-cole-the-fall-off\/#primaryimage"},"thumbnailUrl":"https:\/\/web.consaguirre.com.ar\/noticias\/wp-content\/uploads\/2026\/03\/Se-anuncian-nuevas-variantes-de-vinilo-y-CD-de-J.jpg","datePublished":"2026-03-05T20:38:11+00:00","dateModified":"2026-03-05T20:38:13+00:00","breadcrumb":{"@id":"https:\/\/web.consaguirre.com.ar\/noticias\/se-anuncian-nuevas-variantes-de-vinilo-y-cd-de-j-cole-the-fall-off\/#breadcrumb"},"inLanguage":"es-AR","potentialAction":[{"@type":"ReadAction","target":["https:\/\/web.consaguirre.com.ar\/noticias\/se-anuncian-nuevas-variantes-de-vinilo-y-cd-de-j-cole-the-fall-off\/"]}]},{"@type":"ImageObject","inLanguage":"es-AR","@id":"https:\/\/web.consaguirre.com.ar\/noticias\/se-anuncian-nuevas-variantes-de-vinilo-y-cd-de-j-cole-the-fall-off\/#primaryimage","url":"https:\/\/web.consaguirre.com.ar\/noticias\/wp-content\/uploads\/2026\/03\/Se-anuncian-nuevas-variantes-de-vinilo-y-CD-de-J.jpg","contentUrl":"https:\/\/web.consaguirre.com.ar\/noticias\/wp-content\/uploads\/2026\/03\/Se-anuncian-nuevas-variantes-de-vinilo-y-CD-de-J.jpg","width":1200,"height":1200,"caption":"J. Cole The Fall-Off"},{"@type":"BreadcrumbList","@id":"https:\/\/web.consaguirre.com.ar\/noticias\/se-anuncian-nuevas-variantes-de-vinilo-y-cd-de-j-cole-the-fall-off\/#breadcrumb","itemListElement":[{"@type":"ListItem","position":1,"name":"Inicio","item":"https:\/\/web.consaguirre.com.ar\/noticias\/"},{"@type":"ListItem","position":2,"name":"Se anuncian nuevas variantes de vinilo y CD de J. Cole &#8216;The Fall-Off&#8217;"}]},{"@type":"WebSite","@id":"https:\/\/web.consaguirre.com.ar\/noticias\/#website","url":"https:\/\/web.consaguirre.com.ar\/noticias\/","name":"Conservatorio de M\u00fasica Juli\u00e1n Aguirre","description":"","publisher":{"@id":"https:\/\/web.consaguirre.com.ar\/noticias\/#organization"},"potentialAction":[{"@type":"SearchAction","target":{"@type":"EntryPoint","urlTemplate":"https:\/\/web.consaguirre.com.ar\/noticias\/?s={search_term_string}"},"query-input":"required name=search_term_string"}],"inLanguage":"es-AR"},{"@type":"Organization","@id":"https:\/\/web.consaguirre.com.ar\/noticias\/#organization","name":"Conservatorio de M\u00fasica Juli\u00e1n Aguirre","url":"https:\/\/web.consaguirre.com.ar\/noticias\/","logo":{"@type":"ImageObject","inLanguage":"es-AR","@id":"https:\/\/web.consaguirre.com.ar\/noticias\/#\/schema\/logo\/image\/","url":"https:\/\/web.consaguirre.com.ar\/noticias\/wp-content\/uploads\/2024\/08\/Banner-Aguirre-23.jpg","contentUrl":"https:\/\/web.consaguirre.com.ar\/noticias\/wp-content\/uploads\/2024\/08\/Banner-Aguirre-23.jpg","width":1192,"height":600,"caption":"Conservatorio de M\u00fasica Juli\u00e1n Aguirre"},"image":{"@id":"https:\/\/web.consaguirre.com.ar\/noticias\/#\/schema\/logo\/image\/"}},{"@type":"Person","@id":"https:\/\/web.consaguirre.com.ar\/noticias\/#\/schema\/person\/6558b0cfedee7ddc5425602b237d5722","name":"Javier Figueroa","image":{"@type":"ImageObject","inLanguage":"es-AR","@id":"https:\/\/web.consaguirre.com.ar\/noticias\/#\/schema\/person\/image\/","url":"https:\/\/web.consaguirre.com.ar\/noticias\/wp-content\/uploads\/2024\/08\/Consaguirre-scaled.jpg","contentUrl":"https:\/\/web.consaguirre.com.ar\/noticias\/wp-content\/uploads\/2024\/08\/Consaguirre-scaled.jpg","caption":"Javier Figueroa"},"description":"Me llamo Javier Figueroa y soy redactor para el sitio oficial del Conservatorio de M\u00fasica Juli\u00e1n Aguirre en Buenos Aires, consaguirre.com. Apasionado por la m\u00fasica y la escritura, me esfuerzo por destacar los talentos y eventos de nuestra prestigiosa instituci\u00f3n. Mi trayectoria se nutre de una profunda admiraci\u00f3n por los artistas, haciendo de cada art\u00edculo una celebraci\u00f3n de la creatividad y la cultura musical.","sameAs":["https:\/\/web.consaguirre.com.ar\/noticias"]}]}},"_links":{"self":[{"href":"https:\/\/web.consaguirre.com.ar\/noticias\/wp-json\/wp\/v2\/posts\/5276"}],"collection":[{"href":"https:\/\/web.consaguirre.com.ar\/noticias\/wp-json\/wp\/v2\/posts"}],"about":[{"href":"https:\/\/web.consaguirre.com.ar\/noticias\/wp-json\/wp\/v2\/types\/post"}],"author":[{"embeddable":true,"href":"https:\/\/web.consaguirre.com.ar\/noticias\/wp-json\/wp\/v2\/users\/1"}],"replies":[{"embeddable":true,"href":"https:\/\/web.consaguirre.com.ar\/noticias\/wp-json\/wp\/v2\/comments?post=5276"}],"version-history":[{"count":1,"href":"https:\/\/web.consaguirre.com.ar\/noticias\/wp-json\/wp\/v2\/posts\/5276\/revisions"}],"predecessor-version":[{"id":5278,"href":"https:\/\/web.consaguirre.com.ar\/noticias\/wp-json\/wp\/v2\/posts\/5276\/revisions\/5278"}],"wp:featuredmedia":[{"embeddable":true,"href":"https:\/\/web.consaguirre.com.ar\/noticias\/wp-json\/wp\/v2\/media\/5277"}],"wp:attachment":[{"href":"https:\/\/web.consaguirre.com.ar\/noticias\/wp-json\/wp\/v2\/media?parent=5276"}],"wp:term":[{"taxonomy":"category","embeddable":true,"href":"https:\/\/web.consaguirre.com.ar\/noticias\/wp-json\/wp\/v2\/categories?post=5276"},{"taxonomy":"post_tag","embeddable":true,"href":"https:\/\/web.consaguirre.com.ar\/noticias\/wp-json\/wp\/v2\/tags?post=5276"}],"curies":[{"name":"wp","href":"https:\/\/api.w.org\/{rel}","templated":true}]}}