{"id":5268,"date":"2026-03-04T17:38:18","date_gmt":"2026-03-04T20:38:18","guid":{"rendered":"https:\/\/web.consaguirre.com.ar\/noticias\/charley-crockett-comparte-mas-fechas-de-gira-para-su-carrera-age-of-the-ram\/"},"modified":"2026-03-04T17:38:19","modified_gmt":"2026-03-04T20:38:19","slug":"charley-crockett-comparte-mas-fechas-de-gira-para-su-carrera-age-of-the-ram","status":"publish","type":"post","link":"https:\/\/web.consaguirre.com.ar\/noticias\/charley-crockett-comparte-mas-fechas-de-gira-para-su-carrera-age-of-the-ram\/","title":{"rendered":"Charley Crockett comparte m\u00e1s fechas de gira para su carrera &#8216;Age Of The Ram&#8217;"},"content":{"rendered":"<p>Charley Crockett ha presentado una lista de fechas de gira para finales del verano agregadas a su larga gira Age of the Ram. Los nuevos conciertos incluyen el apoyo de Durand Jones &#038; The Indications, Nat Myers, Sierra Hull, Pony Bradshaw y otros en programas selectos.<\/p>\n<p>La gira Age of the Ram del cantante country comienza el 30 de mayo en Danville, Virginia. Desde all\u00ed, se dirigir\u00e1 a Filadelfia, Detroit, Spokane, Fort Worth y muchas otras ciudades.<\/p>\n<p>A partir del 16 de septiembre en Saint Louis Music Park en St. Louis, Missouri, Durand Jones &#038; The Indications se unir\u00e1n a la carrera. La banda actuar\u00e1 junto a Crockett hasta el 2 de octubre. Juntos, viajar\u00e1n a Kansas City, Charlotte, Atlanta, Nueva York y m\u00e1s, antes de que la gira finalice en el Stone Pony Summer Stage en Asbury Park, Nueva Jersey, el 2 de octubre.<\/p>\n<div align=\"center\">\n<div class=\"udiscover-store-container\">\n<div id='udiscover-store-three-product'><\/div>\n<\/div>\n<p>\/*<!(CDATA(*\/(function (){var scriptURL='https:\/\/sdks.shopifycdn.com\/buy-button\/latest\/buy-button-storefront.min.js';if(window.ShopifyBuy){if(window.ShopifyBuy.UI){ShopifyBuyInit();}else{loadScript();}}else{loadScript();}funci\u00f3n loadScript(){var script=document.createElement('script');script.async=true;script.src=scriptURL;(document.getElementsByTagName('head')(0)|| document.getElementsByTagName('body')(0)).appendChild(script);script.onload=ShopifyBuyInit;} function ShopifyBuyInit(){var cliente=ShopifyBuy.buildClient({dominio:'udiscover.myshopify.com',storefrontAccessToken: 'bdc89f347d2ce61c1feeb9f8c60b2b98',}); ShopifyBuy.UI.onReady(cliente).luego(funci\u00f3n(ui){ ui.createComponent('productSet',{ id:(7708623896653,7708624093261,7708624027725), nodo:document.getElementById('udiscover-store-tres-productos'), moneyFormat:'%24%7B%7Bamount%7D%7D', opciones:{&quot;producto&quot;:{&quot;marco flotante&quot;:FALSO,&quot;bot\u00f3nDestino&quot;:&quot;modal&quot;,&quot;contenido&quot;:{&quot;opciones&quot;:verdadero},&quot;texto&quot;:{&quot;bot\u00f3n&quot;:&quot;PEDIR AHORA&quot;,&quot;Agotado&quot;:&quot;Lo sentimos, esto est\u00e1 agotado.&quot;}},&quot;conjunto de productos&quot;:{&quot;marco flotante&quot;:FALSO},&quot;modalProducto&quot;:{&quot;marco flotante&quot;:FALSO,&quot;contenido&quot;:{&quot;imagen&quot;:FALSO,&quot;imgConCarrusel&quot;:verdadero,&quot;bot\u00f3n&quot;:FALSO,&quot;bot\u00f3nConCantidad&quot;:verdadero}},&quot;modal&quot;:{&quot;marco flotante&quot;:FALSO},&quot;opci\u00f3n&quot;:{&quot;marco flotante&quot;:FALSO},&quot;carro&quot;:{&quot;marco flotante&quot;:FALSO},&quot;palanca&quot;:{&quot;marco flotante&quot;:FALSO,&quot;contenido&quot;:{&quot;icono&quot;:FALSO}},&quot;art\u00edculo de l\u00ednea&quot;:{&quot;marco flotante&quot;:FALSO}}, }); }); } })(); \/*))>*\/ <\/div>\n<\/p>\n<p>En muchos de los espect\u00e1culos de la gira, Crocket se ha asociado con PLUS1 de modo que 1 d\u00f3lar de cada entrada vendida se destinar\u00e1 al Last Prisoner Project, que apoya los esfuerzos para liberar a personas encarceladas por delitos relacionados con el cannabis.<\/p>\n<p>Charley Crockett <em>Edad del carnero<\/em> El LP se lanzar\u00e1 el 3 de abril a trav\u00e9s de Island Records. El proyecto marca su tercer \u00e1lbum en un a\u00f1o y otra colaboraci\u00f3n m\u00e1s con el coproductor Shooter Jennings. El disco marca la tercera y \u00faltima entrega de su Trilog\u00eda Sagebrush.<\/p>\n<div class=\"uD-YT-container\"><img decoding=\"async\" src=\"https:\/\/web.consaguirre.com.ar\/noticias\/wp-content\/uploads\/2026\/03\/1772656698_557_Charley-Crockett-comparte-mas-fechas-de-gira-para-su-carrera.jpg\" alt=\"V\u00eddeo de YouTube\"><br \/>Haga clic para cargar v\u00eddeo<\/div>\n<p>La historia en tres actos se cuenta a lo largo de sus LP de 2025. <em>Vagabundo solitario<\/em> y <em>d\u00f3lar al d\u00eda<\/em>. El Acto I cont\u00f3 la historia de \u201cEL Vagabundo\u201d, el ACTO II trata sobre \u201cEL RUSTLER\u201d y el ACTO III concluye con \u201cEL PROSCRITO\u201d.<\/p>\n<p>Respecto al \u00e1lbum, Crockett dijo: \u201c<em>Edad del carnero<\/em> es la historia de Billy McLane, un ladr\u00f3n de ganado de poca monta que se encuentra en el punto de mira del c\u00edrculo de Santa Fe. Perseguido por asesinos que trabajan para el sindicato en la sombra, Billy Mclane escapa a las monta\u00f1as locas donde el forajido se convertir\u00e1 en una leyenda.<\/p>\n<p><b>Comprar Charley Crockett&#8217;s <em>Edad del carnero<\/em> aqu\u00ed.<\/b><\/p>\n","protected":false},"excerpt":{"rendered":"<p>Charley Crockett ha presentado una lista de fechas de gira para finales del verano agregadas a su larga gira Age of the Ram. Los nuevos<\/p>\n","protected":false},"author":1,"featured_media":5269,"comment_status":"closed","ping_status":"","sticky":false,"template":"","format":"standard","meta":{"footnotes":""},"categories":[50],"tags":[3909,650,1780,201,1781,1299,492,707,154,3938],"class_list":["post-5268","post","type-post","status-publish","format-standard","has-post-thumbnail","hentry","category-el-ultimo","tag-age","tag-carrera","tag-charley","tag-comparte","tag-crockett","tag-fechas","tag-gira","tag-mas","tag-para","tag-ram","generate-columns","tablet-grid-50","mobile-grid-100","grid-parent","grid-50"],"yoast_head":"<!-- This site is optimized with the Yoast SEO plugin v23.3 - https:\/\/yoast.com\/wordpress\/plugins\/seo\/ -->\n<title>Charley Crockett comparte m\u00e1s fechas de gira para su carrera &#039;Age Of The Ram&#039;<\/title>\n<meta name=\"robots\" content=\"index, follow, max-snippet:-1, max-image-preview:large, max-video-preview:-1\" \/>\n<link rel=\"canonical\" href=\"https:\/\/web.consaguirre.com.ar\/noticias\/charley-crockett-comparte-mas-fechas-de-gira-para-su-carrera-age-of-the-ram\/\" \/>\n<meta property=\"og:locale\" content=\"es_ES\" \/>\n<meta property=\"og:type\" content=\"article\" \/>\n<meta property=\"og:title\" content=\"Charley Crockett comparte m\u00e1s fechas de gira para su carrera &#039;Age Of The Ram&#039;\" \/>\n<meta property=\"og:description\" content=\"Charley Crockett ha presentado una lista de fechas de gira para finales del verano agregadas a su larga gira Age of the Ram. Los nuevos\" \/>\n<meta property=\"og:url\" content=\"https:\/\/web.consaguirre.com.ar\/noticias\/charley-crockett-comparte-mas-fechas-de-gira-para-su-carrera-age-of-the-ram\/\" \/>\n<meta property=\"og:site_name\" content=\"Conservatorio de M\u00fasica Juli\u00e1n Aguirre\" \/>\n<meta property=\"article:published_time\" content=\"2026-03-04T20:38:18+00:00\" \/>\n<meta property=\"article:modified_time\" content=\"2026-03-04T20:38:19+00:00\" \/>\n<meta property=\"og:image\" content=\"https:\/\/web.consaguirre.com.ar\/noticias\/wp-content\/uploads\/2026\/03\/1772656698_Charley-Crockett-comparte-mas-fechas-de-gira-para-su-carrera.jpg\" \/>\n\t<meta property=\"og:image:width\" content=\"820\" \/>\n\t<meta property=\"og:image:height\" content=\"820\" \/>\n\t<meta property=\"og:image:type\" content=\"image\/jpeg\" \/>\n<meta name=\"author\" content=\"Javier Figueroa\" \/>\n<meta name=\"twitter:card\" content=\"summary_large_image\" \/>\n<meta name=\"twitter:label1\" content=\"Escrito por\" \/>\n\t<meta name=\"twitter:data1\" content=\"Javier Figueroa\" \/>\n\t<meta name=\"twitter:label2\" content=\"Tiempo de lectura\" \/>\n\t<meta name=\"twitter:data2\" content=\"2 minutos\" \/>\n<script type=\"application\/ld+json\" class=\"yoast-schema-graph\">{\"@context\":\"https:\/\/schema.org\",\"@graph\":[{\"@type\":\"Article\",\"@id\":\"https:\/\/web.consaguirre.com.ar\/noticias\/charley-crockett-comparte-mas-fechas-de-gira-para-su-carrera-age-of-the-ram\/#article\",\"isPartOf\":{\"@id\":\"https:\/\/web.consaguirre.com.ar\/noticias\/charley-crockett-comparte-mas-fechas-de-gira-para-su-carrera-age-of-the-ram\/\"},\"author\":{\"name\":\"Javier Figueroa\",\"@id\":\"https:\/\/web.consaguirre.com.ar\/noticias\/#\/schema\/person\/6558b0cfedee7ddc5425602b237d5722\"},\"headline\":\"Charley Crockett comparte m\u00e1s fechas de gira para su carrera &#8216;Age Of The Ram&#8217;\",\"datePublished\":\"2026-03-04T20:38:18+00:00\",\"dateModified\":\"2026-03-04T20:38:19+00:00\",\"mainEntityOfPage\":{\"@id\":\"https:\/\/web.consaguirre.com.ar\/noticias\/charley-crockett-comparte-mas-fechas-de-gira-para-su-carrera-age-of-the-ram\/\"},\"wordCount\":377,\"publisher\":{\"@id\":\"https:\/\/web.consaguirre.com.ar\/noticias\/#organization\"},\"image\":{\"@id\":\"https:\/\/web.consaguirre.com.ar\/noticias\/charley-crockett-comparte-mas-fechas-de-gira-para-su-carrera-age-of-the-ram\/#primaryimage\"},\"thumbnailUrl\":\"https:\/\/web.consaguirre.com.ar\/noticias\/wp-content\/uploads\/2026\/03\/1772656698_Charley-Crockett-comparte-mas-fechas-de-gira-para-su-carrera.jpg\",\"keywords\":[\"Age\",\"carrera\",\"Charley\",\"comparte\",\"Crockett\",\"fechas\",\"gira\",\"m\u00e1s\",\"para\",\"Ram\"],\"articleSection\":[\"El \u00faltimo\"],\"inLanguage\":\"es-AR\"},{\"@type\":\"WebPage\",\"@id\":\"https:\/\/web.consaguirre.com.ar\/noticias\/charley-crockett-comparte-mas-fechas-de-gira-para-su-carrera-age-of-the-ram\/\",\"url\":\"https:\/\/web.consaguirre.com.ar\/noticias\/charley-crockett-comparte-mas-fechas-de-gira-para-su-carrera-age-of-the-ram\/\",\"name\":\"Charley Crockett comparte m\u00e1s fechas de gira para su carrera 'Age Of The Ram'\",\"isPartOf\":{\"@id\":\"https:\/\/web.consaguirre.com.ar\/noticias\/#website\"},\"primaryImageOfPage\":{\"@id\":\"https:\/\/web.consaguirre.com.ar\/noticias\/charley-crockett-comparte-mas-fechas-de-gira-para-su-carrera-age-of-the-ram\/#primaryimage\"},\"image\":{\"@id\":\"https:\/\/web.consaguirre.com.ar\/noticias\/charley-crockett-comparte-mas-fechas-de-gira-para-su-carrera-age-of-the-ram\/#primaryimage\"},\"thumbnailUrl\":\"https:\/\/web.consaguirre.com.ar\/noticias\/wp-content\/uploads\/2026\/03\/1772656698_Charley-Crockett-comparte-mas-fechas-de-gira-para-su-carrera.jpg\",\"datePublished\":\"2026-03-04T20:38:18+00:00\",\"dateModified\":\"2026-03-04T20:38:19+00:00\",\"breadcrumb\":{\"@id\":\"https:\/\/web.consaguirre.com.ar\/noticias\/charley-crockett-comparte-mas-fechas-de-gira-para-su-carrera-age-of-the-ram\/#breadcrumb\"},\"inLanguage\":\"es-AR\",\"potentialAction\":[{\"@type\":\"ReadAction\",\"target\":[\"https:\/\/web.consaguirre.com.ar\/noticias\/charley-crockett-comparte-mas-fechas-de-gira-para-su-carrera-age-of-the-ram\/\"]}]},{\"@type\":\"ImageObject\",\"inLanguage\":\"es-AR\",\"@id\":\"https:\/\/web.consaguirre.com.ar\/noticias\/charley-crockett-comparte-mas-fechas-de-gira-para-su-carrera-age-of-the-ram\/#primaryimage\",\"url\":\"https:\/\/web.consaguirre.com.ar\/noticias\/wp-content\/uploads\/2026\/03\/1772656698_Charley-Crockett-comparte-mas-fechas-de-gira-para-su-carrera.jpg\",\"contentUrl\":\"https:\/\/web.consaguirre.com.ar\/noticias\/wp-content\/uploads\/2026\/03\/1772656698_Charley-Crockett-comparte-mas-fechas-de-gira-para-su-carrera.jpg\",\"width\":820,\"height\":820,\"caption\":\"Charley Crockett Age of the Ram album cover\"},{\"@type\":\"BreadcrumbList\",\"@id\":\"https:\/\/web.consaguirre.com.ar\/noticias\/charley-crockett-comparte-mas-fechas-de-gira-para-su-carrera-age-of-the-ram\/#breadcrumb\",\"itemListElement\":[{\"@type\":\"ListItem\",\"position\":1,\"name\":\"Inicio\",\"item\":\"https:\/\/web.consaguirre.com.ar\/noticias\/\"},{\"@type\":\"ListItem\",\"position\":2,\"name\":\"Charley Crockett comparte m\u00e1s fechas de gira para su carrera &#8216;Age Of The Ram&#8217;\"}]},{\"@type\":\"WebSite\",\"@id\":\"https:\/\/web.consaguirre.com.ar\/noticias\/#website\",\"url\":\"https:\/\/web.consaguirre.com.ar\/noticias\/\",\"name\":\"Conservatorio de M\u00fasica Juli\u00e1n Aguirre\",\"description\":\"\",\"publisher\":{\"@id\":\"https:\/\/web.consaguirre.com.ar\/noticias\/#organization\"},\"potentialAction\":[{\"@type\":\"SearchAction\",\"target\":{\"@type\":\"EntryPoint\",\"urlTemplate\":\"https:\/\/web.consaguirre.com.ar\/noticias\/?s={search_term_string}\"},\"query-input\":\"required name=search_term_string\"}],\"inLanguage\":\"es-AR\"},{\"@type\":\"Organization\",\"@id\":\"https:\/\/web.consaguirre.com.ar\/noticias\/#organization\",\"name\":\"Conservatorio de M\u00fasica Juli\u00e1n Aguirre\",\"url\":\"https:\/\/web.consaguirre.com.ar\/noticias\/\",\"logo\":{\"@type\":\"ImageObject\",\"inLanguage\":\"es-AR\",\"@id\":\"https:\/\/web.consaguirre.com.ar\/noticias\/#\/schema\/logo\/image\/\",\"url\":\"https:\/\/web.consaguirre.com.ar\/noticias\/wp-content\/uploads\/2024\/08\/Banner-Aguirre-23.jpg\",\"contentUrl\":\"https:\/\/web.consaguirre.com.ar\/noticias\/wp-content\/uploads\/2024\/08\/Banner-Aguirre-23.jpg\",\"width\":1192,\"height\":600,\"caption\":\"Conservatorio de M\u00fasica Juli\u00e1n Aguirre\"},\"image\":{\"@id\":\"https:\/\/web.consaguirre.com.ar\/noticias\/#\/schema\/logo\/image\/\"}},{\"@type\":\"Person\",\"@id\":\"https:\/\/web.consaguirre.com.ar\/noticias\/#\/schema\/person\/6558b0cfedee7ddc5425602b237d5722\",\"name\":\"Javier Figueroa\",\"image\":{\"@type\":\"ImageObject\",\"inLanguage\":\"es-AR\",\"@id\":\"https:\/\/web.consaguirre.com.ar\/noticias\/#\/schema\/person\/image\/\",\"url\":\"https:\/\/web.consaguirre.com.ar\/noticias\/wp-content\/uploads\/2024\/08\/Consaguirre-scaled.jpg\",\"contentUrl\":\"https:\/\/web.consaguirre.com.ar\/noticias\/wp-content\/uploads\/2024\/08\/Consaguirre-scaled.jpg\",\"caption\":\"Javier Figueroa\"},\"description\":\"Me llamo Javier Figueroa y soy redactor para el sitio oficial del Conservatorio de M\u00fasica Juli\u00e1n Aguirre en Buenos Aires, consaguirre.com. Apasionado por la m\u00fasica y la escritura, me esfuerzo por destacar los talentos y eventos de nuestra prestigiosa instituci\u00f3n. Mi trayectoria se nutre de una profunda admiraci\u00f3n por los artistas, haciendo de cada art\u00edculo una celebraci\u00f3n de la creatividad y la cultura musical.\",\"sameAs\":[\"https:\/\/web.consaguirre.com.ar\/noticias\"]}]}<\/script>\n<!-- \/ Yoast SEO plugin. -->","yoast_head_json":{"title":"Charley Crockett comparte m\u00e1s fechas de gira para su carrera 'Age Of The Ram'","robots":{"index":"index","follow":"follow","max-snippet":"max-snippet:-1","max-image-preview":"max-image-preview:large","max-video-preview":"max-video-preview:-1"},"canonical":"https:\/\/web.consaguirre.com.ar\/noticias\/charley-crockett-comparte-mas-fechas-de-gira-para-su-carrera-age-of-the-ram\/","og_locale":"es_ES","og_type":"article","og_title":"Charley Crockett comparte m\u00e1s fechas de gira para su carrera 'Age Of The Ram'","og_description":"Charley Crockett ha presentado una lista de fechas de gira para finales del verano agregadas a su larga gira Age of the Ram. Los nuevos","og_url":"https:\/\/web.consaguirre.com.ar\/noticias\/charley-crockett-comparte-mas-fechas-de-gira-para-su-carrera-age-of-the-ram\/","og_site_name":"Conservatorio de M\u00fasica Juli\u00e1n Aguirre","article_published_time":"2026-03-04T20:38:18+00:00","article_modified_time":"2026-03-04T20:38:19+00:00","og_image":[{"width":820,"height":820,"url":"https:\/\/web.consaguirre.com.ar\/noticias\/wp-content\/uploads\/2026\/03\/1772656698_Charley-Crockett-comparte-mas-fechas-de-gira-para-su-carrera.jpg","type":"image\/jpeg"}],"author":"Javier Figueroa","twitter_card":"summary_large_image","twitter_misc":{"Escrito por":"Javier Figueroa","Tiempo de lectura":"2 minutos"},"schema":{"@context":"https:\/\/schema.org","@graph":[{"@type":"Article","@id":"https:\/\/web.consaguirre.com.ar\/noticias\/charley-crockett-comparte-mas-fechas-de-gira-para-su-carrera-age-of-the-ram\/#article","isPartOf":{"@id":"https:\/\/web.consaguirre.com.ar\/noticias\/charley-crockett-comparte-mas-fechas-de-gira-para-su-carrera-age-of-the-ram\/"},"author":{"name":"Javier Figueroa","@id":"https:\/\/web.consaguirre.com.ar\/noticias\/#\/schema\/person\/6558b0cfedee7ddc5425602b237d5722"},"headline":"Charley Crockett comparte m\u00e1s fechas de gira para su carrera &#8216;Age Of The Ram&#8217;","datePublished":"2026-03-04T20:38:18+00:00","dateModified":"2026-03-04T20:38:19+00:00","mainEntityOfPage":{"@id":"https:\/\/web.consaguirre.com.ar\/noticias\/charley-crockett-comparte-mas-fechas-de-gira-para-su-carrera-age-of-the-ram\/"},"wordCount":377,"publisher":{"@id":"https:\/\/web.consaguirre.com.ar\/noticias\/#organization"},"image":{"@id":"https:\/\/web.consaguirre.com.ar\/noticias\/charley-crockett-comparte-mas-fechas-de-gira-para-su-carrera-age-of-the-ram\/#primaryimage"},"thumbnailUrl":"https:\/\/web.consaguirre.com.ar\/noticias\/wp-content\/uploads\/2026\/03\/1772656698_Charley-Crockett-comparte-mas-fechas-de-gira-para-su-carrera.jpg","keywords":["Age","carrera","Charley","comparte","Crockett","fechas","gira","m\u00e1s","para","Ram"],"articleSection":["El \u00faltimo"],"inLanguage":"es-AR"},{"@type":"WebPage","@id":"https:\/\/web.consaguirre.com.ar\/noticias\/charley-crockett-comparte-mas-fechas-de-gira-para-su-carrera-age-of-the-ram\/","url":"https:\/\/web.consaguirre.com.ar\/noticias\/charley-crockett-comparte-mas-fechas-de-gira-para-su-carrera-age-of-the-ram\/","name":"Charley Crockett comparte m\u00e1s fechas de gira para su carrera 'Age Of The Ram'","isPartOf":{"@id":"https:\/\/web.consaguirre.com.ar\/noticias\/#website"},"primaryImageOfPage":{"@id":"https:\/\/web.consaguirre.com.ar\/noticias\/charley-crockett-comparte-mas-fechas-de-gira-para-su-carrera-age-of-the-ram\/#primaryimage"},"image":{"@id":"https:\/\/web.consaguirre.com.ar\/noticias\/charley-crockett-comparte-mas-fechas-de-gira-para-su-carrera-age-of-the-ram\/#primaryimage"},"thumbnailUrl":"https:\/\/web.consaguirre.com.ar\/noticias\/wp-content\/uploads\/2026\/03\/1772656698_Charley-Crockett-comparte-mas-fechas-de-gira-para-su-carrera.jpg","datePublished":"2026-03-04T20:38:18+00:00","dateModified":"2026-03-04T20:38:19+00:00","breadcrumb":{"@id":"https:\/\/web.consaguirre.com.ar\/noticias\/charley-crockett-comparte-mas-fechas-de-gira-para-su-carrera-age-of-the-ram\/#breadcrumb"},"inLanguage":"es-AR","potentialAction":[{"@type":"ReadAction","target":["https:\/\/web.consaguirre.com.ar\/noticias\/charley-crockett-comparte-mas-fechas-de-gira-para-su-carrera-age-of-the-ram\/"]}]},{"@type":"ImageObject","inLanguage":"es-AR","@id":"https:\/\/web.consaguirre.com.ar\/noticias\/charley-crockett-comparte-mas-fechas-de-gira-para-su-carrera-age-of-the-ram\/#primaryimage","url":"https:\/\/web.consaguirre.com.ar\/noticias\/wp-content\/uploads\/2026\/03\/1772656698_Charley-Crockett-comparte-mas-fechas-de-gira-para-su-carrera.jpg","contentUrl":"https:\/\/web.consaguirre.com.ar\/noticias\/wp-content\/uploads\/2026\/03\/1772656698_Charley-Crockett-comparte-mas-fechas-de-gira-para-su-carrera.jpg","width":820,"height":820,"caption":"Charley Crockett Age of the Ram album cover"},{"@type":"BreadcrumbList","@id":"https:\/\/web.consaguirre.com.ar\/noticias\/charley-crockett-comparte-mas-fechas-de-gira-para-su-carrera-age-of-the-ram\/#breadcrumb","itemListElement":[{"@type":"ListItem","position":1,"name":"Inicio","item":"https:\/\/web.consaguirre.com.ar\/noticias\/"},{"@type":"ListItem","position":2,"name":"Charley Crockett comparte m\u00e1s fechas de gira para su carrera &#8216;Age Of The Ram&#8217;"}]},{"@type":"WebSite","@id":"https:\/\/web.consaguirre.com.ar\/noticias\/#website","url":"https:\/\/web.consaguirre.com.ar\/noticias\/","name":"Conservatorio de M\u00fasica Juli\u00e1n Aguirre","description":"","publisher":{"@id":"https:\/\/web.consaguirre.com.ar\/noticias\/#organization"},"potentialAction":[{"@type":"SearchAction","target":{"@type":"EntryPoint","urlTemplate":"https:\/\/web.consaguirre.com.ar\/noticias\/?s={search_term_string}"},"query-input":"required name=search_term_string"}],"inLanguage":"es-AR"},{"@type":"Organization","@id":"https:\/\/web.consaguirre.com.ar\/noticias\/#organization","name":"Conservatorio de M\u00fasica Juli\u00e1n Aguirre","url":"https:\/\/web.consaguirre.com.ar\/noticias\/","logo":{"@type":"ImageObject","inLanguage":"es-AR","@id":"https:\/\/web.consaguirre.com.ar\/noticias\/#\/schema\/logo\/image\/","url":"https:\/\/web.consaguirre.com.ar\/noticias\/wp-content\/uploads\/2024\/08\/Banner-Aguirre-23.jpg","contentUrl":"https:\/\/web.consaguirre.com.ar\/noticias\/wp-content\/uploads\/2024\/08\/Banner-Aguirre-23.jpg","width":1192,"height":600,"caption":"Conservatorio de M\u00fasica Juli\u00e1n Aguirre"},"image":{"@id":"https:\/\/web.consaguirre.com.ar\/noticias\/#\/schema\/logo\/image\/"}},{"@type":"Person","@id":"https:\/\/web.consaguirre.com.ar\/noticias\/#\/schema\/person\/6558b0cfedee7ddc5425602b237d5722","name":"Javier Figueroa","image":{"@type":"ImageObject","inLanguage":"es-AR","@id":"https:\/\/web.consaguirre.com.ar\/noticias\/#\/schema\/person\/image\/","url":"https:\/\/web.consaguirre.com.ar\/noticias\/wp-content\/uploads\/2024\/08\/Consaguirre-scaled.jpg","contentUrl":"https:\/\/web.consaguirre.com.ar\/noticias\/wp-content\/uploads\/2024\/08\/Consaguirre-scaled.jpg","caption":"Javier Figueroa"},"description":"Me llamo Javier Figueroa y soy redactor para el sitio oficial del Conservatorio de M\u00fasica Juli\u00e1n Aguirre en Buenos Aires, consaguirre.com. Apasionado por la m\u00fasica y la escritura, me esfuerzo por destacar los talentos y eventos de nuestra prestigiosa instituci\u00f3n. Mi trayectoria se nutre de una profunda admiraci\u00f3n por los artistas, haciendo de cada art\u00edculo una celebraci\u00f3n de la creatividad y la cultura musical.","sameAs":["https:\/\/web.consaguirre.com.ar\/noticias"]}]}},"_links":{"self":[{"href":"https:\/\/web.consaguirre.com.ar\/noticias\/wp-json\/wp\/v2\/posts\/5268"}],"collection":[{"href":"https:\/\/web.consaguirre.com.ar\/noticias\/wp-json\/wp\/v2\/posts"}],"about":[{"href":"https:\/\/web.consaguirre.com.ar\/noticias\/wp-json\/wp\/v2\/types\/post"}],"author":[{"embeddable":true,"href":"https:\/\/web.consaguirre.com.ar\/noticias\/wp-json\/wp\/v2\/users\/1"}],"replies":[{"embeddable":true,"href":"https:\/\/web.consaguirre.com.ar\/noticias\/wp-json\/wp\/v2\/comments?post=5268"}],"version-history":[{"count":1,"href":"https:\/\/web.consaguirre.com.ar\/noticias\/wp-json\/wp\/v2\/posts\/5268\/revisions"}],"predecessor-version":[{"id":5270,"href":"https:\/\/web.consaguirre.com.ar\/noticias\/wp-json\/wp\/v2\/posts\/5268\/revisions\/5270"}],"wp:featuredmedia":[{"embeddable":true,"href":"https:\/\/web.consaguirre.com.ar\/noticias\/wp-json\/wp\/v2\/media\/5269"}],"wp:attachment":[{"href":"https:\/\/web.consaguirre.com.ar\/noticias\/wp-json\/wp\/v2\/media?parent=5268"}],"wp:term":[{"taxonomy":"category","embeddable":true,"href":"https:\/\/web.consaguirre.com.ar\/noticias\/wp-json\/wp\/v2\/categories?post=5268"},{"taxonomy":"post_tag","embeddable":true,"href":"https:\/\/web.consaguirre.com.ar\/noticias\/wp-json\/wp\/v2\/tags?post=5268"}],"curies":[{"name":"wp","href":"https:\/\/api.w.org\/{rel}","templated":true}]}}