{"id":523,"date":"2024-09-09T16:44:04","date_gmt":"2024-09-09T19:44:04","guid":{"rendered":"https:\/\/web.consaguirre.com.ar\/noticias\/el-creador-brasileno-de-bossa-nova-sergio-mendes-muere-a-los-83-anos\/"},"modified":"2024-09-09T16:44:06","modified_gmt":"2024-09-09T19:44:06","slug":"el-creador-brasileno-de-bossa-nova-sergio-mendes-muere-a-los-83-anos","status":"publish","type":"post","link":"https:\/\/web.consaguirre.com.ar\/noticias\/el-creador-brasileno-de-bossa-nova-sergio-mendes-muere-a-los-83-anos\/","title":{"rendered":"El creador brasile\u00f1o de bossa nova Sergio Mendes muere a los 83 a\u00f1os"},"content":{"rendered":"<p><strong>Sergio Mendes<\/strong>El cantante brasile\u00f1o de bossa nova falleci\u00f3 en Los \u00c1ngeles el 5 de septiembre. La familia del m\u00fasico public\u00f3 un comunicado en el que dec\u00eda que su \u201csalud se hab\u00eda visto comprometida por los efectos del COVID prolongado\u201d. El cantante, compositor y l\u00edder de la banda detr\u00e1s de los \u00e9xitos \u201cM\u00e1s que nada\u201d y \u201cThe Look of Love\u201d ten\u00eda 83 a\u00f1os.<\/p>\n<p>Mendes naci\u00f3 en la ciudad brasile\u00f1a de Niter\u00f3i, a principios de la d\u00e9cada de 1940. Mendes estudi\u00f3 inicialmente piano cl\u00e1sico, pero cambi\u00f3 de rumbo al descubrir el jazz. Pronto dirigi\u00f3 grupos en R\u00edo y se convirti\u00f3 en parte de una floreciente escena de bossa nova. Lanz\u00f3 su primer \u00e1lbum, <em>Baile Moderno<\/em>en 1961, y al a\u00f1o siguiente se uni\u00f3 a un grupo de estrellas de la bossa nova brasile\u00f1a para una actuaci\u00f3n legendaria en el Carnegie Hall de Nueva York.<\/p>\n<div class=\"uD-YT-container\"><img decoding=\"async\" src=\"https:\/\/web.consaguirre.com.ar\/noticias\/wp-content\/uploads\/2024\/09\/1725911044_452_El-creador-brasileno-de-bossa-nova-Sergio-Mendes-muere-a.jpg\" alt=\"V\u00eddeo de YouTube\"><\/p>\n<\/div>\n<p>A mediados de los a\u00f1os 60, Mendes se mud\u00f3 a los Estados Unidos, donde form\u00f3 Sergio Mendes &#038; Brasil &#8217;65. Al principio, el proyecto tuvo dificultades para encontrar p\u00fablico, ya que la bossa nova a\u00fan no hab\u00eda triunfado en Norteam\u00e9rica. Los fundadores del nuevo sello de Mendes, A&#038;M Records, sugirieron que a\u00f1adiera dos cantantes femeninas, Lani Hall y Bibi Vogel. El \u00e1lbum de 1966 del grupo (rebautizado), <em>Herb Alpert presenta a Sergio Mendes y Brasil &#8217;66<\/em>inclu\u00eda versiones de canciones pop occidentales con tintes brasile\u00f1os. El gran \u00e9xito fue una versi\u00f3n en portugu\u00e9s de \u201cM\u00e1s que nada\u201d de Jorge Ben, una expresi\u00f3n brasile\u00f1a que se podr\u00eda traducir como \u201c\u00a1De ninguna manera!\u201d.<\/p>\n<p>En 1968, Mendes y Brasil &#8217;66 interpretaron una versi\u00f3n de \u201cThe Look of Love\u201d de Burt Bacharach y Hal David en los Premios de la Academia, lo que les dio una mayor difusi\u00f3n. Luego vinieron presentaciones para varios presidentes estadounidenses y una actuaci\u00f3n en los Juegos Ol\u00edmpicos de 1970.<\/p>\n<div class=\"uD-YT-container\"><img decoding=\"async\" src=\"https:\/\/web.consaguirre.com.ar\/noticias\/wp-content\/uploads\/2024\/09\/1725911044_582_El-creador-brasileno-de-bossa-nova-Sergio-Mendes-muere-a.jpg\" alt=\"V\u00eddeo de YouTube\"><\/p>\n<\/div>\n<p>En las d\u00e9cadas siguientes, Mendes sigui\u00f3 cosechando \u00e9xitos, aunque de forma espor\u00e1dica. Su \u00e1lbum hom\u00f3nimo de 1983 inclu\u00eda una versi\u00f3n de \u201cNever Gonna Let You Go\u201d de Dionne Warwick, que alcanz\u00f3 el n\u00famero 4 en el Billboard Hot 100 y encabez\u00f3 la lista de m\u00fasica contempor\u00e1nea para adultos. Ese mismo a\u00f1o, se reuni\u00f3 con la vocalista de Brasil &#8217;66, Lani Hall, para la canci\u00f3n principal de James Bond, \u201cNever Say Never Again\u201d. Su \u00e1lbum de 1992 <em>Brasile\u00f1o<\/em> gan\u00f3 el premio Grammy en 1993 al Mejor \u00c1lbum de M\u00fasica del Mundo.<\/p>\n<p>En 2006, Mendes sorprendi\u00f3 a muchos al lanzar <em>Eterno<\/em>un \u00e1lbum que incluye apariciones de Stevie Wonder, Erykah Badu, Jill Scott, Justin Timberlake y m\u00e1s. El disco fue producido por will.i.am, cuyo grupo Black Eyed Peas reelabor\u00f3 \u200b\u200b\u201cM\u00e1s que nada\u201d. El remix se convirti\u00f3 en un gran \u00e9xito en Europa. En 2012, Mendes fue nominado al Oscar a la Mejor Canci\u00f3n Original como coautor de \u201cReal in Rio\u201d de la pel\u00edcula animada <em>R\u00edo<\/em>.<\/p>\n<p>En 2019, Mendes lanz\u00f3 su \u00faltimo \u00e1lbum, <em>En la clave de la alegr\u00eda<\/em>Al a\u00f1o siguiente se estren\u00f3 un documental sobre su vida, <em>Sergio Mendes en Clave de Alegr\u00eda<\/em>.<\/p>\n","protected":false},"excerpt":{"rendered":"<p>Sergio MendesEl cantante brasile\u00f1o de bossa nova falleci\u00f3 en Los \u00c1ngeles el 5 de septiembre. La familia del m\u00fasico public\u00f3 un comunicado en el que<\/p>\n","protected":false},"author":1,"featured_media":524,"comment_status":"closed","ping_status":"","sticky":false,"template":"","format":"standard","meta":{"footnotes":""},"categories":[50],"tags":[115,587,586,585,180,590,564,588,589],"class_list":["post-523","post","type-post","status-publish","format-standard","has-post-thumbnail","hentry","category-el-ultimo","tag-anos","tag-bossa","tag-brasileno","tag-creador","tag-los","tag-mendes","tag-muere","tag-nova","tag-sergio","generate-columns","tablet-grid-50","mobile-grid-100","grid-parent","grid-50"],"yoast_head":"<!-- This site is optimized with the Yoast SEO plugin v23.3 - https:\/\/yoast.com\/wordpress\/plugins\/seo\/ -->\n<title>El creador brasile\u00f1o de bossa nova Sergio Mendes muere a los 83 a\u00f1os<\/title>\n<meta name=\"robots\" content=\"index, follow, max-snippet:-1, max-image-preview:large, max-video-preview:-1\" \/>\n<link rel=\"canonical\" href=\"https:\/\/web.consaguirre.com.ar\/noticias\/el-creador-brasileno-de-bossa-nova-sergio-mendes-muere-a-los-83-anos\/\" \/>\n<meta property=\"og:locale\" content=\"es_ES\" \/>\n<meta property=\"og:type\" content=\"article\" \/>\n<meta property=\"og:title\" content=\"El creador brasile\u00f1o de bossa nova Sergio Mendes muere a los 83 a\u00f1os\" \/>\n<meta property=\"og:description\" content=\"Sergio MendesEl cantante brasile\u00f1o de bossa nova falleci\u00f3 en Los \u00c1ngeles el 5 de septiembre. La familia del m\u00fasico public\u00f3 un comunicado en el que\" \/>\n<meta property=\"og:url\" content=\"https:\/\/web.consaguirre.com.ar\/noticias\/el-creador-brasileno-de-bossa-nova-sergio-mendes-muere-a-los-83-anos\/\" \/>\n<meta property=\"og:site_name\" content=\"Conservatorio de M\u00fasica Juli\u00e1n Aguirre\" \/>\n<meta property=\"article:published_time\" content=\"2024-09-09T19:44:04+00:00\" \/>\n<meta property=\"article:modified_time\" content=\"2024-09-09T19:44:06+00:00\" \/>\n<meta property=\"og:image\" content=\"https:\/\/web.consaguirre.com.ar\/noticias\/wp-content\/uploads\/2024\/09\/El-creador-brasileno-de-bossa-nova-Sergio-Mendes-muere-a.jpg\" \/>\n\t<meta property=\"og:image:width\" content=\"1440\" \/>\n\t<meta property=\"og:image:height\" content=\"864\" \/>\n\t<meta property=\"og:image:type\" content=\"image\/jpeg\" \/>\n<meta name=\"author\" content=\"Javier Figueroa\" \/>\n<meta name=\"twitter:card\" content=\"summary_large_image\" \/>\n<meta name=\"twitter:label1\" content=\"Escrito por\" \/>\n\t<meta name=\"twitter:data1\" content=\"Javier Figueroa\" \/>\n\t<meta name=\"twitter:label2\" content=\"Tiempo de lectura\" \/>\n\t<meta name=\"twitter:data2\" content=\"3 minutos\" \/>\n<script type=\"application\/ld+json\" class=\"yoast-schema-graph\">{\"@context\":\"https:\/\/schema.org\",\"@graph\":[{\"@type\":\"Article\",\"@id\":\"https:\/\/web.consaguirre.com.ar\/noticias\/el-creador-brasileno-de-bossa-nova-sergio-mendes-muere-a-los-83-anos\/#article\",\"isPartOf\":{\"@id\":\"https:\/\/web.consaguirre.com.ar\/noticias\/el-creador-brasileno-de-bossa-nova-sergio-mendes-muere-a-los-83-anos\/\"},\"author\":{\"name\":\"Javier Figueroa\",\"@id\":\"https:\/\/web.consaguirre.com.ar\/noticias\/#\/schema\/person\/6558b0cfedee7ddc5425602b237d5722\"},\"headline\":\"El creador brasile\u00f1o de bossa nova Sergio Mendes muere a los 83 a\u00f1os\",\"datePublished\":\"2024-09-09T19:44:04+00:00\",\"dateModified\":\"2024-09-09T19:44:06+00:00\",\"mainEntityOfPage\":{\"@id\":\"https:\/\/web.consaguirre.com.ar\/noticias\/el-creador-brasileno-de-bossa-nova-sergio-mendes-muere-a-los-83-anos\/\"},\"wordCount\":542,\"publisher\":{\"@id\":\"https:\/\/web.consaguirre.com.ar\/noticias\/#organization\"},\"image\":{\"@id\":\"https:\/\/web.consaguirre.com.ar\/noticias\/el-creador-brasileno-de-bossa-nova-sergio-mendes-muere-a-los-83-anos\/#primaryimage\"},\"thumbnailUrl\":\"https:\/\/web.consaguirre.com.ar\/noticias\/wp-content\/uploads\/2024\/09\/El-creador-brasileno-de-bossa-nova-Sergio-Mendes-muere-a.jpg\",\"keywords\":[\"a\u00f1os\",\"bossa\",\"brasile\u00f1o\",\"creador\",\"los\",\"Mendes\",\"muere\",\"nova\",\"Sergio\"],\"articleSection\":[\"El \u00faltimo\"],\"inLanguage\":\"es-AR\"},{\"@type\":\"WebPage\",\"@id\":\"https:\/\/web.consaguirre.com.ar\/noticias\/el-creador-brasileno-de-bossa-nova-sergio-mendes-muere-a-los-83-anos\/\",\"url\":\"https:\/\/web.consaguirre.com.ar\/noticias\/el-creador-brasileno-de-bossa-nova-sergio-mendes-muere-a-los-83-anos\/\",\"name\":\"El creador brasile\u00f1o de bossa nova Sergio Mendes muere a los 83 a\u00f1os\",\"isPartOf\":{\"@id\":\"https:\/\/web.consaguirre.com.ar\/noticias\/#website\"},\"primaryImageOfPage\":{\"@id\":\"https:\/\/web.consaguirre.com.ar\/noticias\/el-creador-brasileno-de-bossa-nova-sergio-mendes-muere-a-los-83-anos\/#primaryimage\"},\"image\":{\"@id\":\"https:\/\/web.consaguirre.com.ar\/noticias\/el-creador-brasileno-de-bossa-nova-sergio-mendes-muere-a-los-83-anos\/#primaryimage\"},\"thumbnailUrl\":\"https:\/\/web.consaguirre.com.ar\/noticias\/wp-content\/uploads\/2024\/09\/El-creador-brasileno-de-bossa-nova-Sergio-Mendes-muere-a.jpg\",\"datePublished\":\"2024-09-09T19:44:04+00:00\",\"dateModified\":\"2024-09-09T19:44:06+00:00\",\"breadcrumb\":{\"@id\":\"https:\/\/web.consaguirre.com.ar\/noticias\/el-creador-brasileno-de-bossa-nova-sergio-mendes-muere-a-los-83-anos\/#breadcrumb\"},\"inLanguage\":\"es-AR\",\"potentialAction\":[{\"@type\":\"ReadAction\",\"target\":[\"https:\/\/web.consaguirre.com.ar\/noticias\/el-creador-brasileno-de-bossa-nova-sergio-mendes-muere-a-los-83-anos\/\"]}]},{\"@type\":\"ImageObject\",\"inLanguage\":\"es-AR\",\"@id\":\"https:\/\/web.consaguirre.com.ar\/noticias\/el-creador-brasileno-de-bossa-nova-sergio-mendes-muere-a-los-83-anos\/#primaryimage\",\"url\":\"https:\/\/web.consaguirre.com.ar\/noticias\/wp-content\/uploads\/2024\/09\/El-creador-brasileno-de-bossa-nova-Sergio-Mendes-muere-a.jpg\",\"contentUrl\":\"https:\/\/web.consaguirre.com.ar\/noticias\/wp-content\/uploads\/2024\/09\/El-creador-brasileno-de-bossa-nova-Sergio-Mendes-muere-a.jpg\",\"width\":1440,\"height\":864,\"caption\":\"El creador brasile\u00f1o de bossa nova Sergio Mendes muere a los 83 a\u00f1os\"},{\"@type\":\"BreadcrumbList\",\"@id\":\"https:\/\/web.consaguirre.com.ar\/noticias\/el-creador-brasileno-de-bossa-nova-sergio-mendes-muere-a-los-83-anos\/#breadcrumb\",\"itemListElement\":[{\"@type\":\"ListItem\",\"position\":1,\"name\":\"Inicio\",\"item\":\"https:\/\/web.consaguirre.com.ar\/noticias\/\"},{\"@type\":\"ListItem\",\"position\":2,\"name\":\"El creador brasile\u00f1o de bossa nova Sergio Mendes muere a los 83 a\u00f1os\"}]},{\"@type\":\"WebSite\",\"@id\":\"https:\/\/web.consaguirre.com.ar\/noticias\/#website\",\"url\":\"https:\/\/web.consaguirre.com.ar\/noticias\/\",\"name\":\"Conservatorio de M\u00fasica Juli\u00e1n Aguirre\",\"description\":\"\",\"publisher\":{\"@id\":\"https:\/\/web.consaguirre.com.ar\/noticias\/#organization\"},\"potentialAction\":[{\"@type\":\"SearchAction\",\"target\":{\"@type\":\"EntryPoint\",\"urlTemplate\":\"https:\/\/web.consaguirre.com.ar\/noticias\/?s={search_term_string}\"},\"query-input\":\"required name=search_term_string\"}],\"inLanguage\":\"es-AR\"},{\"@type\":\"Organization\",\"@id\":\"https:\/\/web.consaguirre.com.ar\/noticias\/#organization\",\"name\":\"Conservatorio de M\u00fasica Juli\u00e1n Aguirre\",\"url\":\"https:\/\/web.consaguirre.com.ar\/noticias\/\",\"logo\":{\"@type\":\"ImageObject\",\"inLanguage\":\"es-AR\",\"@id\":\"https:\/\/web.consaguirre.com.ar\/noticias\/#\/schema\/logo\/image\/\",\"url\":\"https:\/\/web.consaguirre.com.ar\/noticias\/wp-content\/uploads\/2024\/08\/Banner-Aguirre-23.jpg\",\"contentUrl\":\"https:\/\/web.consaguirre.com.ar\/noticias\/wp-content\/uploads\/2024\/08\/Banner-Aguirre-23.jpg\",\"width\":1192,\"height\":600,\"caption\":\"Conservatorio de M\u00fasica Juli\u00e1n Aguirre\"},\"image\":{\"@id\":\"https:\/\/web.consaguirre.com.ar\/noticias\/#\/schema\/logo\/image\/\"}},{\"@type\":\"Person\",\"@id\":\"https:\/\/web.consaguirre.com.ar\/noticias\/#\/schema\/person\/6558b0cfedee7ddc5425602b237d5722\",\"name\":\"Javier Figueroa\",\"image\":{\"@type\":\"ImageObject\",\"inLanguage\":\"es-AR\",\"@id\":\"https:\/\/web.consaguirre.com.ar\/noticias\/#\/schema\/person\/image\/\",\"url\":\"https:\/\/web.consaguirre.com.ar\/noticias\/wp-content\/uploads\/2024\/08\/Consaguirre-scaled.jpg\",\"contentUrl\":\"https:\/\/web.consaguirre.com.ar\/noticias\/wp-content\/uploads\/2024\/08\/Consaguirre-scaled.jpg\",\"caption\":\"Javier Figueroa\"},\"description\":\"Me llamo Javier Figueroa y soy redactor para el sitio oficial del Conservatorio de M\u00fasica Juli\u00e1n Aguirre en Buenos Aires, consaguirre.com. Apasionado por la m\u00fasica y la escritura, me esfuerzo por destacar los talentos y eventos de nuestra prestigiosa instituci\u00f3n. Mi trayectoria se nutre de una profunda admiraci\u00f3n por los artistas, haciendo de cada art\u00edculo una celebraci\u00f3n de la creatividad y la cultura musical.\",\"sameAs\":[\"https:\/\/web.consaguirre.com.ar\/noticias\"]}]}<\/script>\n<!-- \/ Yoast SEO plugin. -->","yoast_head_json":{"title":"El creador brasile\u00f1o de bossa nova Sergio Mendes muere a los 83 a\u00f1os","robots":{"index":"index","follow":"follow","max-snippet":"max-snippet:-1","max-image-preview":"max-image-preview:large","max-video-preview":"max-video-preview:-1"},"canonical":"https:\/\/web.consaguirre.com.ar\/noticias\/el-creador-brasileno-de-bossa-nova-sergio-mendes-muere-a-los-83-anos\/","og_locale":"es_ES","og_type":"article","og_title":"El creador brasile\u00f1o de bossa nova Sergio Mendes muere a los 83 a\u00f1os","og_description":"Sergio MendesEl cantante brasile\u00f1o de bossa nova falleci\u00f3 en Los \u00c1ngeles el 5 de septiembre. La familia del m\u00fasico public\u00f3 un comunicado en el que","og_url":"https:\/\/web.consaguirre.com.ar\/noticias\/el-creador-brasileno-de-bossa-nova-sergio-mendes-muere-a-los-83-anos\/","og_site_name":"Conservatorio de M\u00fasica Juli\u00e1n Aguirre","article_published_time":"2024-09-09T19:44:04+00:00","article_modified_time":"2024-09-09T19:44:06+00:00","og_image":[{"width":1440,"height":864,"url":"https:\/\/web.consaguirre.com.ar\/noticias\/wp-content\/uploads\/2024\/09\/El-creador-brasileno-de-bossa-nova-Sergio-Mendes-muere-a.jpg","type":"image\/jpeg"}],"author":"Javier Figueroa","twitter_card":"summary_large_image","twitter_misc":{"Escrito por":"Javier Figueroa","Tiempo de lectura":"3 minutos"},"schema":{"@context":"https:\/\/schema.org","@graph":[{"@type":"Article","@id":"https:\/\/web.consaguirre.com.ar\/noticias\/el-creador-brasileno-de-bossa-nova-sergio-mendes-muere-a-los-83-anos\/#article","isPartOf":{"@id":"https:\/\/web.consaguirre.com.ar\/noticias\/el-creador-brasileno-de-bossa-nova-sergio-mendes-muere-a-los-83-anos\/"},"author":{"name":"Javier Figueroa","@id":"https:\/\/web.consaguirre.com.ar\/noticias\/#\/schema\/person\/6558b0cfedee7ddc5425602b237d5722"},"headline":"El creador brasile\u00f1o de bossa nova Sergio Mendes muere a los 83 a\u00f1os","datePublished":"2024-09-09T19:44:04+00:00","dateModified":"2024-09-09T19:44:06+00:00","mainEntityOfPage":{"@id":"https:\/\/web.consaguirre.com.ar\/noticias\/el-creador-brasileno-de-bossa-nova-sergio-mendes-muere-a-los-83-anos\/"},"wordCount":542,"publisher":{"@id":"https:\/\/web.consaguirre.com.ar\/noticias\/#organization"},"image":{"@id":"https:\/\/web.consaguirre.com.ar\/noticias\/el-creador-brasileno-de-bossa-nova-sergio-mendes-muere-a-los-83-anos\/#primaryimage"},"thumbnailUrl":"https:\/\/web.consaguirre.com.ar\/noticias\/wp-content\/uploads\/2024\/09\/El-creador-brasileno-de-bossa-nova-Sergio-Mendes-muere-a.jpg","keywords":["a\u00f1os","bossa","brasile\u00f1o","creador","los","Mendes","muere","nova","Sergio"],"articleSection":["El \u00faltimo"],"inLanguage":"es-AR"},{"@type":"WebPage","@id":"https:\/\/web.consaguirre.com.ar\/noticias\/el-creador-brasileno-de-bossa-nova-sergio-mendes-muere-a-los-83-anos\/","url":"https:\/\/web.consaguirre.com.ar\/noticias\/el-creador-brasileno-de-bossa-nova-sergio-mendes-muere-a-los-83-anos\/","name":"El creador brasile\u00f1o de bossa nova Sergio Mendes muere a los 83 a\u00f1os","isPartOf":{"@id":"https:\/\/web.consaguirre.com.ar\/noticias\/#website"},"primaryImageOfPage":{"@id":"https:\/\/web.consaguirre.com.ar\/noticias\/el-creador-brasileno-de-bossa-nova-sergio-mendes-muere-a-los-83-anos\/#primaryimage"},"image":{"@id":"https:\/\/web.consaguirre.com.ar\/noticias\/el-creador-brasileno-de-bossa-nova-sergio-mendes-muere-a-los-83-anos\/#primaryimage"},"thumbnailUrl":"https:\/\/web.consaguirre.com.ar\/noticias\/wp-content\/uploads\/2024\/09\/El-creador-brasileno-de-bossa-nova-Sergio-Mendes-muere-a.jpg","datePublished":"2024-09-09T19:44:04+00:00","dateModified":"2024-09-09T19:44:06+00:00","breadcrumb":{"@id":"https:\/\/web.consaguirre.com.ar\/noticias\/el-creador-brasileno-de-bossa-nova-sergio-mendes-muere-a-los-83-anos\/#breadcrumb"},"inLanguage":"es-AR","potentialAction":[{"@type":"ReadAction","target":["https:\/\/web.consaguirre.com.ar\/noticias\/el-creador-brasileno-de-bossa-nova-sergio-mendes-muere-a-los-83-anos\/"]}]},{"@type":"ImageObject","inLanguage":"es-AR","@id":"https:\/\/web.consaguirre.com.ar\/noticias\/el-creador-brasileno-de-bossa-nova-sergio-mendes-muere-a-los-83-anos\/#primaryimage","url":"https:\/\/web.consaguirre.com.ar\/noticias\/wp-content\/uploads\/2024\/09\/El-creador-brasileno-de-bossa-nova-Sergio-Mendes-muere-a.jpg","contentUrl":"https:\/\/web.consaguirre.com.ar\/noticias\/wp-content\/uploads\/2024\/09\/El-creador-brasileno-de-bossa-nova-Sergio-Mendes-muere-a.jpg","width":1440,"height":864,"caption":"El creador brasile\u00f1o de bossa nova Sergio Mendes muere a los 83 a\u00f1os"},{"@type":"BreadcrumbList","@id":"https:\/\/web.consaguirre.com.ar\/noticias\/el-creador-brasileno-de-bossa-nova-sergio-mendes-muere-a-los-83-anos\/#breadcrumb","itemListElement":[{"@type":"ListItem","position":1,"name":"Inicio","item":"https:\/\/web.consaguirre.com.ar\/noticias\/"},{"@type":"ListItem","position":2,"name":"El creador brasile\u00f1o de bossa nova Sergio Mendes muere a los 83 a\u00f1os"}]},{"@type":"WebSite","@id":"https:\/\/web.consaguirre.com.ar\/noticias\/#website","url":"https:\/\/web.consaguirre.com.ar\/noticias\/","name":"Conservatorio de M\u00fasica Juli\u00e1n Aguirre","description":"","publisher":{"@id":"https:\/\/web.consaguirre.com.ar\/noticias\/#organization"},"potentialAction":[{"@type":"SearchAction","target":{"@type":"EntryPoint","urlTemplate":"https:\/\/web.consaguirre.com.ar\/noticias\/?s={search_term_string}"},"query-input":"required name=search_term_string"}],"inLanguage":"es-AR"},{"@type":"Organization","@id":"https:\/\/web.consaguirre.com.ar\/noticias\/#organization","name":"Conservatorio de M\u00fasica Juli\u00e1n Aguirre","url":"https:\/\/web.consaguirre.com.ar\/noticias\/","logo":{"@type":"ImageObject","inLanguage":"es-AR","@id":"https:\/\/web.consaguirre.com.ar\/noticias\/#\/schema\/logo\/image\/","url":"https:\/\/web.consaguirre.com.ar\/noticias\/wp-content\/uploads\/2024\/08\/Banner-Aguirre-23.jpg","contentUrl":"https:\/\/web.consaguirre.com.ar\/noticias\/wp-content\/uploads\/2024\/08\/Banner-Aguirre-23.jpg","width":1192,"height":600,"caption":"Conservatorio de M\u00fasica Juli\u00e1n Aguirre"},"image":{"@id":"https:\/\/web.consaguirre.com.ar\/noticias\/#\/schema\/logo\/image\/"}},{"@type":"Person","@id":"https:\/\/web.consaguirre.com.ar\/noticias\/#\/schema\/person\/6558b0cfedee7ddc5425602b237d5722","name":"Javier Figueroa","image":{"@type":"ImageObject","inLanguage":"es-AR","@id":"https:\/\/web.consaguirre.com.ar\/noticias\/#\/schema\/person\/image\/","url":"https:\/\/web.consaguirre.com.ar\/noticias\/wp-content\/uploads\/2024\/08\/Consaguirre-scaled.jpg","contentUrl":"https:\/\/web.consaguirre.com.ar\/noticias\/wp-content\/uploads\/2024\/08\/Consaguirre-scaled.jpg","caption":"Javier Figueroa"},"description":"Me llamo Javier Figueroa y soy redactor para el sitio oficial del Conservatorio de M\u00fasica Juli\u00e1n Aguirre en Buenos Aires, consaguirre.com. Apasionado por la m\u00fasica y la escritura, me esfuerzo por destacar los talentos y eventos de nuestra prestigiosa instituci\u00f3n. Mi trayectoria se nutre de una profunda admiraci\u00f3n por los artistas, haciendo de cada art\u00edculo una celebraci\u00f3n de la creatividad y la cultura musical.","sameAs":["https:\/\/web.consaguirre.com.ar\/noticias"]}]}},"_links":{"self":[{"href":"https:\/\/web.consaguirre.com.ar\/noticias\/wp-json\/wp\/v2\/posts\/523"}],"collection":[{"href":"https:\/\/web.consaguirre.com.ar\/noticias\/wp-json\/wp\/v2\/posts"}],"about":[{"href":"https:\/\/web.consaguirre.com.ar\/noticias\/wp-json\/wp\/v2\/types\/post"}],"author":[{"embeddable":true,"href":"https:\/\/web.consaguirre.com.ar\/noticias\/wp-json\/wp\/v2\/users\/1"}],"replies":[{"embeddable":true,"href":"https:\/\/web.consaguirre.com.ar\/noticias\/wp-json\/wp\/v2\/comments?post=523"}],"version-history":[{"count":1,"href":"https:\/\/web.consaguirre.com.ar\/noticias\/wp-json\/wp\/v2\/posts\/523\/revisions"}],"predecessor-version":[{"id":525,"href":"https:\/\/web.consaguirre.com.ar\/noticias\/wp-json\/wp\/v2\/posts\/523\/revisions\/525"}],"wp:featuredmedia":[{"embeddable":true,"href":"https:\/\/web.consaguirre.com.ar\/noticias\/wp-json\/wp\/v2\/media\/524"}],"wp:attachment":[{"href":"https:\/\/web.consaguirre.com.ar\/noticias\/wp-json\/wp\/v2\/media?parent=523"}],"wp:term":[{"taxonomy":"category","embeddable":true,"href":"https:\/\/web.consaguirre.com.ar\/noticias\/wp-json\/wp\/v2\/categories?post=523"},{"taxonomy":"post_tag","embeddable":true,"href":"https:\/\/web.consaguirre.com.ar\/noticias\/wp-json\/wp\/v2\/tags?post=523"}],"curies":[{"name":"wp","href":"https:\/\/api.w.org\/{rel}","templated":true}]}}